{"id":37400,"date":"2025-04-02T14:26:14","date_gmt":"2025-04-02T12:26:14","guid":{"rendered":"https:\/\/www.markt-kom.com\/?p=232827"},"modified":"2025-04-03T08:55:46","modified_gmt":"2025-04-03T06:55:46","slug":"live-lab-eroeffnet-bueros-im-mittleren-osten","status":"publish","type":"post","link":"https:\/\/www.organisator.ch\/de\/marketing\/2025-04-02\/live-lab-eroeffnet-bueros-im-mittleren-osten\/","title":{"rendered":"Live Lab er\u00f6ffnet B\u00fcros im Mittleren Osten"},"content":{"rendered":"<figure id=\"attachment_232829\" class=\"wp-caption aligncenter\" style=\"width: 1200px;\" aria-describedby=\"caption-attachment-232829\"><a href=\"https:\/\/www.markt-kom.com\/wp-content\/uploads\/2025\/04\/Live_Lab_Pressemitteilung_Expansion_Dubai.jpg\"><img class=\"size-full wp-image-232829\" src=\"https:\/\/www.markt-kom.com\/wp-content\/uploads\/2025\/04\/Live_Lab_Pressemitteilung_Expansion_Dubai.jpg\" sizes=\"(max-width: 1200px) 100vw, 1200px\" srcset=\"https:\/\/www.markt-kom.com\/wp-content\/uploads\/2025\/04\/Live_Lab_Pressemitteilung_Expansion_Dubai.jpg 1200w, https:\/\/www.markt-kom.com\/wp-content\/uploads\/2025\/04\/Live_Lab_Pressemitteilung_Expansion_Dubai-600x450.jpg 600w, https:\/\/www.markt-kom.com\/wp-content\/uploads\/2025\/04\/Live_Lab_Pressemitteilung_Expansion_Dubai-1024x768.jpg 1024w, https:\/\/www.markt-kom.com\/wp-content\/uploads\/2025\/04\/Live_Lab_Pressemitteilung_Expansion_Dubai-768x576.jpg 768w, https:\/\/www.markt-kom.com\/wp-content\/uploads\/2025\/04\/Live_Lab_Pressemitteilung_Expansion_Dubai-16x12.jpg 16w, https:\/\/www.markt-kom.com\/wp-content\/uploads\/2025\/04\/Live_Lab_Pressemitteilung_Expansion_Dubai-233x175.jpg 233w, https:\/\/www.markt-kom.com\/wp-content\/uploads\/2025\/04\/Live_Lab_Pressemitteilung_Expansion_Dubai-467x350.jpg 467w, https:\/\/www.markt-kom.com\/wp-content\/uploads\/2025\/04\/Live_Lab_Pressemitteilung_Expansion_Dubai-1000x750.jpg 1000w\" alt=\"\" width=\"1200\" height=\"900\" \/><\/a>\r\n<figcaption id=\"caption-attachment-232829\" class=\"wp-caption-text\">Live Lab Z\u00fcrich, Dubai und Riad. (Bilder: zVg.)<\/figcaption>\r\n<\/figure>\r\n<p>In zehn Jahren hat sich Live Lab von einem kleinen Team zu einer etablierten Agentur mit fast 30 Mitarbeitenden entwickelt. Nun erfolgt mit der Expansion in den Mittleren Osten der n\u00e4chste strategische Schritt. \u00abDubai, Riad, Doha \u2013 das sind Orte, an denen sich derzeit unglaublich viel bewegt\u00bb, erkl\u00e4rt Mitgr\u00fcnder Maximilian Souchay. \u00abEs gibt derzeit kaum eine spannendere Region f\u00fcr Live-Kommunikation, und wir wollen mittendrin sein und diese Entwicklungen mitgestalten.\u00bb<\/p>\r\n<p>Der wirtschaftliche Aufschwung im Mittleren Osten ist sichtbar gepr\u00e4gt von Tourismus, Events und Investitionen in die entsprechende Infrastruktur. Die Region positioniert sich zunehmend als globaler Hotspot f\u00fcr Wirtschaft, Sport und Kultur. Internationale Grossveranstaltungen ziehen ein weltweites Publikum an und sorgen f\u00fcr eine steigende Nachfrage nach innovativer Live-Kommunikation.<\/p>\r\n<h3><strong>Richtiger Zeitpunkt<\/strong><\/h3>\r\n<p>Ein entscheidender Erfolgsfaktor f\u00fcr die seit Jahren angestrebte Expansion war das richtige Management vor Ort. Mit Ties Hendriks, ehemaliger Z\u00fcrcher, Eventexperte und seit Jahren in Dubai t\u00e4tig, hat Live Lab den idealen Standortleiter gefunden.<\/p>\r\n<p>\u00abDie Region ist einer der aufregendsten M\u00e4rkte f\u00fcr Events und Markenerlebnisse\u00bb, sagt auch Hendriks. \u00abDer Mittlere Osten ist eine globale Drehscheibe f\u00fcr Kreativit\u00e4t und Innovation \u2013 und ich freue mich darauf, Live Lab hier zu etablieren und gemeinsam mit lokalen und internationalen Partnern neue Massst\u00e4be zu setzen.\u00bb<\/p>\r\n<figure id=\"attachment_232830\" class=\"wp-caption aligncenter\" style=\"width: 767px;\" aria-describedby=\"caption-attachment-232830\"><a href=\"https:\/\/www.markt-kom.com\/wp-content\/uploads\/2025\/04\/Ties_Hendriks.jpg\"><img class=\"size-full wp-image-232830\" src=\"https:\/\/www.markt-kom.com\/wp-content\/uploads\/2025\/04\/Ties_Hendriks.jpg\" sizes=\"(max-width: 767px) 100vw, 767px\" srcset=\"https:\/\/www.markt-kom.com\/wp-content\/uploads\/2025\/04\/Ties_Hendriks.jpg 767w, https:\/\/www.markt-kom.com\/wp-content\/uploads\/2025\/04\/Ties_Hendriks-600x450.jpg 600w, https:\/\/www.markt-kom.com\/wp-content\/uploads\/2025\/04\/Ties_Hendriks-16x12.jpg 16w, https:\/\/www.markt-kom.com\/wp-content\/uploads\/2025\/04\/Ties_Hendriks-233x175.jpg 233w, https:\/\/www.markt-kom.com\/wp-content\/uploads\/2025\/04\/Ties_Hendriks-467x350.jpg 467w\" alt=\"\" width=\"767\" height=\"575\" \/><\/a>\r\n<figcaption id=\"caption-attachment-232830\" class=\"wp-caption-text\">Ties Hendriks ist Standortleiter im Mittleren Osten. (Bild: zVg.)<\/figcaption>\r\n<\/figure>\r\n<h3><strong>Internationale Ausrichtung mit klarem Ziel<\/strong><\/h3>\r\n<p>Mit der Expansion habe die Agentur nun die M\u00f6glichkeit, Kunden in der Region noch gezielter zu betreuen und die eigene Position am internationalen Markt weiter auszubauen. Ein Beispiel daf\u00fcr ist die Expo 2025 in Osaka, bei der Live Lab das ganze Jahr \u00fcber mit einem Team vor Ort ist, um diverse Projekte zu unterst\u00fctzen.<\/p>","protected":false},"excerpt":{"rendered":"<p>Live Lab expandiert in den Mittleren Osten und er\u00f6ffnet B\u00fcros in Riad und Dubai. Mit diesem strategischen Schritt reagiere die Z\u00fcrcher Agentur auf das enorme Wachstumspotenzial der Region, wie sie in einer Mitteilung schreibt.<\/p>\n","protected":false},"author":8,"featured_media":0,"comment_status":"closed","ping_status":"closed","sticky":false,"template":"","format":"standard","meta":{"_acf_changed":false,"_yoast_wpseo_focuskw":"Live Lab","_yoast_wpseo_metadesc":"Live Lab expandiert in den Mittleren Osten und er\u00f6ffnet B\u00fcros in Riad und Dubai. Die Region habe enormes Wachstumspotenzial, so die Agentur.","articlekey":"","footnotes":""},"categories":[29],"tags":[2850,4345,5076,492],"class_list":["post-37400","post","type-post","status-publish","format-standard","hentry","category-marketing","tag-agenturen","tag-business","tag-live-lab","tag-unternehmen"],"acf":[],"yoast_head":"<!-- This site is optimized with the Yoast SEO plugin v27.5 - https:\/\/yoast.com\/product\/yoast-seo-wordpress\/ -->\n<title>Live Lab er\u00f6ffnet B\u00fcros im Mittleren Osten - Organisator<\/title>\n<meta name=\"description\" content=\"Live Lab expandiert in den Mittleren Osten und er\u00f6ffnet B\u00fcros in Riad und Dubai. Die Region habe enormes Wachstumspotenzial, so die Agentur.\" \/>\n<meta name=\"robots\" content=\"index, follow, max-snippet:-1, max-image-preview:large, max-video-preview:-1\" \/>\n<link rel=\"canonical\" href=\"https:\/\/www.organisator.ch\/de\/marketing\/2025-04-02\/live-lab-eroeffnet-bueros-im-mittleren-osten\/\" \/>\n<meta property=\"og:locale\" content=\"de_DE\" \/>\n<meta property=\"og:type\" content=\"article\" \/>\n<meta property=\"og:title\" content=\"Live Lab er\u00f6ffnet B\u00fcros im Mittleren Osten - Organisator\" \/>\n<meta property=\"og:description\" content=\"Live Lab expandiert in den Mittleren Osten und er\u00f6ffnet B\u00fcros in Riad und Dubai. Die Region habe enormes Wachstumspotenzial, so die Agentur.\" \/>\n<meta property=\"og:url\" content=\"https:\/\/www.organisator.ch\/de\/marketing\/2025-04-02\/live-lab-eroeffnet-bueros-im-mittleren-osten\/\" \/>\n<meta property=\"og:site_name\" content=\"Organisator\" \/>\n<meta property=\"article:publisher\" content=\"https:\/\/www.facebook.com\/OrganisatorFachmagazin\" \/>\n<meta property=\"article:published_time\" content=\"2025-04-02T12:26:14+00:00\" \/>\n<meta property=\"article:modified_time\" content=\"2025-04-03T06:55:46+00:00\" \/>\n<meta name=\"author\" content=\"galledia\" \/>\n<meta name=\"twitter:card\" content=\"summary_large_image\" \/>\n<meta name=\"twitter:creator\" content=\"@admin\" \/>\n<script type=\"application\/ld+json\" class=\"yoast-schema-graph\">{\"@context\":\"https:\\\/\\\/schema.org\",\"@graph\":[{\"@type\":\"Article\",\"@id\":\"https:\\\/\\\/www.organisator.ch\\\/marketing\\\/2025-04-02\\\/live-lab-eroeffnet-bueros-im-mittleren-osten\\\/#article\",\"isPartOf\":{\"@id\":\"https:\\\/\\\/www.organisator.ch\\\/marketing\\\/2025-04-02\\\/live-lab-eroeffnet-bueros-im-mittleren-osten\\\/\"},\"author\":{\"name\":\"galledia\",\"@id\":\"https:\\\/\\\/www.organisator.ch\\\/#\\\/schema\\\/person\\\/4e51799071cd2dd1232ac003643ef5f0\"},\"headline\":\"Live Lab er\u00f6ffnet B\u00fcros im Mittleren Osten\",\"datePublished\":\"2025-04-02T12:26:14+00:00\",\"dateModified\":\"2025-04-03T06:55:46+00:00\",\"mainEntityOfPage\":{\"@id\":\"https:\\\/\\\/www.organisator.ch\\\/marketing\\\/2025-04-02\\\/live-lab-eroeffnet-bueros-im-mittleren-osten\\\/\"},\"wordCount\":299,\"publisher\":{\"@id\":\"https:\\\/\\\/www.organisator.ch\\\/#organization\"},\"image\":{\"@id\":\"https:\\\/\\\/www.organisator.ch\\\/marketing\\\/2025-04-02\\\/live-lab-eroeffnet-bueros-im-mittleren-osten\\\/#primaryimage\"},\"thumbnailUrl\":\"https:\\\/\\\/www.markt-kom.com\\\/wp-content\\\/uploads\\\/2025\\\/04\\\/Live_Lab_Pressemitteilung_Expansion_Dubai.jpg\",\"keywords\":[\"Agenturen\",\"Business\",\"Live Lab\",\"Unternehmen\"],\"articleSection\":[\"MARKETING\"],\"inLanguage\":\"de\"},{\"@type\":\"WebPage\",\"@id\":\"https:\\\/\\\/www.organisator.ch\\\/marketing\\\/2025-04-02\\\/live-lab-eroeffnet-bueros-im-mittleren-osten\\\/\",\"url\":\"https:\\\/\\\/www.organisator.ch\\\/marketing\\\/2025-04-02\\\/live-lab-eroeffnet-bueros-im-mittleren-osten\\\/\",\"name\":\"Live Lab er\u00f6ffnet B\u00fcros im Mittleren Osten - Organisator\",\"isPartOf\":{\"@id\":\"https:\\\/\\\/www.organisator.ch\\\/#website\"},\"primaryImageOfPage\":{\"@id\":\"https:\\\/\\\/www.organisator.ch\\\/marketing\\\/2025-04-02\\\/live-lab-eroeffnet-bueros-im-mittleren-osten\\\/#primaryimage\"},\"image\":{\"@id\":\"https:\\\/\\\/www.organisator.ch\\\/marketing\\\/2025-04-02\\\/live-lab-eroeffnet-bueros-im-mittleren-osten\\\/#primaryimage\"},\"thumbnailUrl\":\"https:\\\/\\\/www.markt-kom.com\\\/wp-content\\\/uploads\\\/2025\\\/04\\\/Live_Lab_Pressemitteilung_Expansion_Dubai.jpg\",\"datePublished\":\"2025-04-02T12:26:14+00:00\",\"dateModified\":\"2025-04-03T06:55:46+00:00\",\"description\":\"Live Lab expandiert in den Mittleren Osten und er\u00f6ffnet B\u00fcros in Riad und Dubai. Die Region habe enormes Wachstumspotenzial, so die Agentur.\",\"breadcrumb\":{\"@id\":\"https:\\\/\\\/www.organisator.ch\\\/marketing\\\/2025-04-02\\\/live-lab-eroeffnet-bueros-im-mittleren-osten\\\/#breadcrumb\"},\"inLanguage\":\"de\",\"potentialAction\":[{\"@type\":\"ReadAction\",\"target\":[\"https:\\\/\\\/www.organisator.ch\\\/marketing\\\/2025-04-02\\\/live-lab-eroeffnet-bueros-im-mittleren-osten\\\/\"]}]},{\"@type\":\"ImageObject\",\"inLanguage\":\"de\",\"@id\":\"https:\\\/\\\/www.organisator.ch\\\/marketing\\\/2025-04-02\\\/live-lab-eroeffnet-bueros-im-mittleren-osten\\\/#primaryimage\",\"url\":\"https:\\\/\\\/www.markt-kom.com\\\/wp-content\\\/uploads\\\/2025\\\/04\\\/Live_Lab_Pressemitteilung_Expansion_Dubai.jpg\",\"contentUrl\":\"https:\\\/\\\/www.markt-kom.com\\\/wp-content\\\/uploads\\\/2025\\\/04\\\/Live_Lab_Pressemitteilung_Expansion_Dubai.jpg\"},{\"@type\":\"BreadcrumbList\",\"@id\":\"https:\\\/\\\/www.organisator.ch\\\/marketing\\\/2025-04-02\\\/live-lab-eroeffnet-bueros-im-mittleren-osten\\\/#breadcrumb\",\"itemListElement\":[{\"@type\":\"ListItem\",\"position\":1,\"name\":\"Home\",\"item\":\"https:\\\/\\\/www.organisator.ch\\\/\"},{\"@type\":\"ListItem\",\"position\":2,\"name\":\"Live Lab er\u00f6ffnet B\u00fcros im Mittleren Osten\"}]},{\"@type\":\"WebSite\",\"@id\":\"https:\\\/\\\/www.organisator.ch\\\/#website\",\"url\":\"https:\\\/\\\/www.organisator.ch\\\/\",\"name\":\"Organisator\",\"description\":\"Kompetent. Praxisnah. Der ORGANISATOR bereitet in 10 Ausgaben pro Jahr die wesentlichen Themen f\u00fcr F\u00fchrungskr\u00e4fte von KMU auf.\",\"publisher\":{\"@id\":\"https:\\\/\\\/www.organisator.ch\\\/#organization\"},\"potentialAction\":[{\"@type\":\"SearchAction\",\"target\":{\"@type\":\"EntryPoint\",\"urlTemplate\":\"https:\\\/\\\/www.organisator.ch\\\/?s={search_term_string}\"},\"query-input\":{\"@type\":\"PropertyValueSpecification\",\"valueRequired\":true,\"valueName\":\"search_term_string\"}}],\"inLanguage\":\"de\"},{\"@type\":\"Organization\",\"@id\":\"https:\\\/\\\/www.organisator.ch\\\/#organization\",\"name\":\"Organisator\",\"url\":\"https:\\\/\\\/www.organisator.ch\\\/\",\"logo\":{\"@type\":\"ImageObject\",\"inLanguage\":\"de\",\"@id\":\"https:\\\/\\\/www.organisator.ch\\\/#\\\/schema\\\/logo\\\/image\\\/\",\"url\":\"https:\\\/\\\/www.organisator.ch\\\/wp-content\\\/uploads\\\/2022\\\/01\\\/Logo_Organisator_Website.png\",\"contentUrl\":\"https:\\\/\\\/www.organisator.ch\\\/wp-content\\\/uploads\\\/2022\\\/01\\\/Logo_Organisator_Website.png\",\"width\":800,\"height\":77,\"caption\":\"Organisator\"},\"image\":{\"@id\":\"https:\\\/\\\/www.organisator.ch\\\/#\\\/schema\\\/logo\\\/image\\\/\"},\"sameAs\":[\"https:\\\/\\\/www.facebook.com\\\/OrganisatorFachmagazin\",\"https:\\\/\\\/www.linkedin.com\\\/showcase\\\/organisator-das-magazin-fr-kmu\",\"https:\\\/\\\/www.xing.com\\\/news\\\/pages\\\/organisator-ch-695\",\"https:\\\/\\\/www.youtube.com\\\/channel\\\/UCGP2Sq0iWaZwT3BdIAQFYpw\"]},{\"@type\":\"Person\",\"@id\":\"https:\\\/\\\/www.organisator.ch\\\/#\\\/schema\\\/person\\\/4e51799071cd2dd1232ac003643ef5f0\",\"name\":\"galledia\",\"image\":{\"@type\":\"ImageObject\",\"inLanguage\":\"de\",\"@id\":\"https:\\\/\\\/secure.gravatar.com\\\/avatar\\\/78a7f90c01fc2bfc875782a0d4922b37cde2cf184ce347b91316d23cd7f69a36?s=96&d=mm&r=g\",\"url\":\"https:\\\/\\\/secure.gravatar.com\\\/avatar\\\/78a7f90c01fc2bfc875782a0d4922b37cde2cf184ce347b91316d23cd7f69a36?s=96&d=mm&r=g\",\"contentUrl\":\"https:\\\/\\\/secure.gravatar.com\\\/avatar\\\/78a7f90c01fc2bfc875782a0d4922b37cde2cf184ce347b91316d23cd7f69a36?s=96&d=mm&r=g\",\"caption\":\"galledia\"},\"sameAs\":[\"https:\\\/\\\/x.com\\\/admin\"],\"url\":\"https:\\\/\\\/www.organisator.ch\\\/de\\\/author\\\/galledia\\\/\"}]}<\/script>\n<!-- \/ Yoast SEO plugin. -->","yoast_head_json":{"title":"Live Lab er\u00f6ffnet B\u00fcros im Mittleren Osten - Organisator","description":"Live Lab expandiert in den Mittleren Osten und er\u00f6ffnet B\u00fcros in Riad und Dubai. Die Region habe enormes Wachstumspotenzial, so die Agentur.","robots":{"index":"index","follow":"follow","max-snippet":"max-snippet:-1","max-image-preview":"max-image-preview:large","max-video-preview":"max-video-preview:-1"},"canonical":"https:\/\/www.organisator.ch\/de\/marketing\/2025-04-02\/live-lab-eroeffnet-bueros-im-mittleren-osten\/","og_locale":"de_DE","og_type":"article","og_title":"Live Lab er\u00f6ffnet B\u00fcros im Mittleren Osten - Organisator","og_description":"Live Lab expandiert in den Mittleren Osten und er\u00f6ffnet B\u00fcros in Riad und Dubai. Die Region habe enormes Wachstumspotenzial, so die Agentur.","og_url":"https:\/\/www.organisator.ch\/de\/marketing\/2025-04-02\/live-lab-eroeffnet-bueros-im-mittleren-osten\/","og_site_name":"Organisator","article_publisher":"https:\/\/www.facebook.com\/OrganisatorFachmagazin","article_published_time":"2025-04-02T12:26:14+00:00","article_modified_time":"2025-04-03T06:55:46+00:00","author":"galledia","twitter_card":"summary_large_image","twitter_creator":"@admin","schema":{"@context":"https:\/\/schema.org","@graph":[{"@type":"Article","@id":"https:\/\/www.organisator.ch\/marketing\/2025-04-02\/live-lab-eroeffnet-bueros-im-mittleren-osten\/#article","isPartOf":{"@id":"https:\/\/www.organisator.ch\/marketing\/2025-04-02\/live-lab-eroeffnet-bueros-im-mittleren-osten\/"},"author":{"name":"galledia","@id":"https:\/\/www.organisator.ch\/#\/schema\/person\/4e51799071cd2dd1232ac003643ef5f0"},"headline":"Live Lab er\u00f6ffnet B\u00fcros im Mittleren Osten","datePublished":"2025-04-02T12:26:14+00:00","dateModified":"2025-04-03T06:55:46+00:00","mainEntityOfPage":{"@id":"https:\/\/www.organisator.ch\/marketing\/2025-04-02\/live-lab-eroeffnet-bueros-im-mittleren-osten\/"},"wordCount":299,"publisher":{"@id":"https:\/\/www.organisator.ch\/#organization"},"image":{"@id":"https:\/\/www.organisator.ch\/marketing\/2025-04-02\/live-lab-eroeffnet-bueros-im-mittleren-osten\/#primaryimage"},"thumbnailUrl":"https:\/\/www.markt-kom.com\/wp-content\/uploads\/2025\/04\/Live_Lab_Pressemitteilung_Expansion_Dubai.jpg","keywords":["Agenturen","Business","Live Lab","Unternehmen"],"articleSection":["MARKETING"],"inLanguage":"de"},{"@type":"WebPage","@id":"https:\/\/www.organisator.ch\/marketing\/2025-04-02\/live-lab-eroeffnet-bueros-im-mittleren-osten\/","url":"https:\/\/www.organisator.ch\/marketing\/2025-04-02\/live-lab-eroeffnet-bueros-im-mittleren-osten\/","name":"Live Lab er\u00f6ffnet B\u00fcros im Mittleren Osten - Organisator","isPartOf":{"@id":"https:\/\/www.organisator.ch\/#website"},"primaryImageOfPage":{"@id":"https:\/\/www.organisator.ch\/marketing\/2025-04-02\/live-lab-eroeffnet-bueros-im-mittleren-osten\/#primaryimage"},"image":{"@id":"https:\/\/www.organisator.ch\/marketing\/2025-04-02\/live-lab-eroeffnet-bueros-im-mittleren-osten\/#primaryimage"},"thumbnailUrl":"https:\/\/www.markt-kom.com\/wp-content\/uploads\/2025\/04\/Live_Lab_Pressemitteilung_Expansion_Dubai.jpg","datePublished":"2025-04-02T12:26:14+00:00","dateModified":"2025-04-03T06:55:46+00:00","description":"Live Lab expandiert in den Mittleren Osten und er\u00f6ffnet B\u00fcros in Riad und Dubai. Die Region habe enormes Wachstumspotenzial, so die Agentur.","breadcrumb":{"@id":"https:\/\/www.organisator.ch\/marketing\/2025-04-02\/live-lab-eroeffnet-bueros-im-mittleren-osten\/#breadcrumb"},"inLanguage":"de","potentialAction":[{"@type":"ReadAction","target":["https:\/\/www.organisator.ch\/marketing\/2025-04-02\/live-lab-eroeffnet-bueros-im-mittleren-osten\/"]}]},{"@type":"ImageObject","inLanguage":"de","@id":"https:\/\/www.organisator.ch\/marketing\/2025-04-02\/live-lab-eroeffnet-bueros-im-mittleren-osten\/#primaryimage","url":"https:\/\/www.markt-kom.com\/wp-content\/uploads\/2025\/04\/Live_Lab_Pressemitteilung_Expansion_Dubai.jpg","contentUrl":"https:\/\/www.markt-kom.com\/wp-content\/uploads\/2025\/04\/Live_Lab_Pressemitteilung_Expansion_Dubai.jpg"},{"@type":"BreadcrumbList","@id":"https:\/\/www.organisator.ch\/marketing\/2025-04-02\/live-lab-eroeffnet-bueros-im-mittleren-osten\/#breadcrumb","itemListElement":[{"@type":"ListItem","position":1,"name":"Home","item":"https:\/\/www.organisator.ch\/"},{"@type":"ListItem","position":2,"name":"Live Lab er\u00f6ffnet B\u00fcros im Mittleren Osten"}]},{"@type":"WebSite","@id":"https:\/\/www.organisator.ch\/#website","url":"https:\/\/www.organisator.ch\/","name":"Organisator","description":"Kompetent. Praxisnah. Der ORGANISATOR bereitet in 10 Ausgaben pro Jahr die wesentlichen Themen f\u00fcr F\u00fchrungskr\u00e4fte von KMU auf.","publisher":{"@id":"https:\/\/www.organisator.ch\/#organization"},"potentialAction":[{"@type":"SearchAction","target":{"@type":"EntryPoint","urlTemplate":"https:\/\/www.organisator.ch\/?s={search_term_string}"},"query-input":{"@type":"PropertyValueSpecification","valueRequired":true,"valueName":"search_term_string"}}],"inLanguage":"de"},{"@type":"Organization","@id":"https:\/\/www.organisator.ch\/#organization","name":"Organisator","url":"https:\/\/www.organisator.ch\/","logo":{"@type":"ImageObject","inLanguage":"de","@id":"https:\/\/www.organisator.ch\/#\/schema\/logo\/image\/","url":"https:\/\/www.organisator.ch\/wp-content\/uploads\/2022\/01\/Logo_Organisator_Website.png","contentUrl":"https:\/\/www.organisator.ch\/wp-content\/uploads\/2022\/01\/Logo_Organisator_Website.png","width":800,"height":77,"caption":"Organisator"},"image":{"@id":"https:\/\/www.organisator.ch\/#\/schema\/logo\/image\/"},"sameAs":["https:\/\/www.facebook.com\/OrganisatorFachmagazin","https:\/\/www.linkedin.com\/showcase\/organisator-das-magazin-fr-kmu","https:\/\/www.xing.com\/news\/pages\/organisator-ch-695","https:\/\/www.youtube.com\/channel\/UCGP2Sq0iWaZwT3BdIAQFYpw"]},{"@type":"Person","@id":"https:\/\/www.organisator.ch\/#\/schema\/person\/4e51799071cd2dd1232ac003643ef5f0","name":"galledia","image":{"@type":"ImageObject","inLanguage":"de","@id":"https:\/\/secure.gravatar.com\/avatar\/78a7f90c01fc2bfc875782a0d4922b37cde2cf184ce347b91316d23cd7f69a36?s=96&d=mm&r=g","url":"https:\/\/secure.gravatar.com\/avatar\/78a7f90c01fc2bfc875782a0d4922b37cde2cf184ce347b91316d23cd7f69a36?s=96&d=mm&r=g","contentUrl":"https:\/\/secure.gravatar.com\/avatar\/78a7f90c01fc2bfc875782a0d4922b37cde2cf184ce347b91316d23cd7f69a36?s=96&d=mm&r=g","caption":"galledia"},"sameAs":["https:\/\/x.com\/admin"],"url":"https:\/\/www.organisator.ch\/de\/author\/galledia\/"}]}},"_links":{"self":[{"href":"https:\/\/www.organisator.ch\/de\/wp-json\/wp\/v2\/posts\/37400","targetHints":{"allow":["GET"]}}],"collection":[{"href":"https:\/\/www.organisator.ch\/de\/wp-json\/wp\/v2\/posts"}],"about":[{"href":"https:\/\/www.organisator.ch\/de\/wp-json\/wp\/v2\/types\/post"}],"author":[{"embeddable":true,"href":"https:\/\/www.organisator.ch\/de\/wp-json\/wp\/v2\/users\/8"}],"replies":[{"embeddable":true,"href":"https:\/\/www.organisator.ch\/de\/wp-json\/wp\/v2\/comments?post=37400"}],"version-history":[{"count":3,"href":"https:\/\/www.organisator.ch\/de\/wp-json\/wp\/v2\/posts\/37400\/revisions"}],"predecessor-version":[{"id":37410,"href":"https:\/\/www.organisator.ch\/de\/wp-json\/wp\/v2\/posts\/37400\/revisions\/37410"}],"wp:attachment":[{"href":"https:\/\/www.organisator.ch\/de\/wp-json\/wp\/v2\/media?parent=37400"}],"wp:term":[{"taxonomy":"category","embeddable":true,"href":"https:\/\/www.organisator.ch\/de\/wp-json\/wp\/v2\/categories?post=37400"},{"taxonomy":"post_tag","embeddable":true,"href":"https:\/\/www.organisator.ch\/de\/wp-json\/wp\/v2\/tags?post=37400"}],"curies":[{"name":"wp","href":"https:\/\/api.w.org\/{rel}","templated":true}]}}