{"id":37405,"date":"2025-04-03T08:53:30","date_gmt":"2025-04-03T06:53:30","guid":{"rendered":"https:\/\/www.organisator.ch\/?p=37405"},"modified":"2025-05-02T07:17:31","modified_gmt":"2025-05-02T05:17:31","slug":"die-wichtigsten-jobs-fuer-die-gesellschaft","status":"publish","type":"post","link":"https:\/\/www.organisator.ch\/de\/human-resources\/2025-04-03\/die-wichtigsten-jobs-fuer-die-gesellschaft\/","title":{"rendered":"Die wichtigsten Jobs f\u00fcr die Gesellschaft"},"content":{"rendered":"<figure id=\"attachment_37406\" aria-describedby=\"caption-attachment-37406\" style=\"width: 680px\" class=\"wp-caption alignnone\"><img loading=\"lazy\" decoding=\"async\" class=\"size-full wp-image-37406\" src=\"https:\/\/www.organisator.ch\/wp-content\/uploads\/2025\/04\/Die-wichtigsten-Jobs-fuer-die-Gesellschaft-1_Organisator.jpg\" alt=\"\" width=\"680\" height=\"454\" srcset=\"https:\/\/www.organisator.ch\/wp-content\/uploads\/2025\/04\/Die-wichtigsten-Jobs-fuer-die-Gesellschaft-1_Organisator.jpg 680w, https:\/\/www.organisator.ch\/wp-content\/uploads\/2025\/04\/Die-wichtigsten-Jobs-fuer-die-Gesellschaft-1_Organisator-18x12.jpg 18w, https:\/\/www.organisator.ch\/wp-content\/uploads\/2025\/04\/Die-wichtigsten-Jobs-fuer-die-Gesellschaft-1_Organisator-375x250.jpg 375w, https:\/\/www.organisator.ch\/wp-content\/uploads\/2025\/04\/Die-wichtigsten-Jobs-fuer-die-Gesellschaft-1_Organisator-524x350.jpg 524w\" sizes=\"auto, (max-width: 680px) 100vw, 680px\" \/><figcaption id=\"caption-attachment-37406\" class=\"wp-caption-text\">Wurde von Teilnehmenden des HR Festivals Europe zum gesellschaftlich wichtigsten Job gew\u00e4hlt: Der Beruf der Hebamme. (Bild: Depositphotos.com)<\/figcaption><\/figure>\n<p>Die Jobplattform Publicjobs.ch hat sich auf\u00a0 sogenannte sinnstiftende Jobs in der Schweiz spezialisiert. Sie bietet Stellen in der \u00f6ffentlichen Verwaltung, im Bildungswesen, im Gesundheits- und Sozialwesen, bei Elektrizit\u00e4tswerken und Verkehrsbetrieben sowie Stiftungen, Verb\u00e4nden, Vereinen, Kirchen und staatsnahen Betrieben an. Das Unternehmen konnte nach eigenen Angaben in den vergangenen Jahren einen enormen Zuwachs (\u00fcber 500% in den letzten 4 Jahren) an Besucher\/-innen generieren.\u00a0<\/p>\n<h3>Sinnhaftigkeit vor Sal\u00e4r und Prestige<\/h3>\n<p>Im gesellschaftlichen Diskurs rund um das Berufsleben werden h\u00e4ufig Sinnhaftigkeit und das Leisten eines Beitrags f\u00fcr die Gesellschaft als relevante Entscheidungskriterien f\u00fcr die Auswahl der Arbeitsst\u00e4tte\/des Jobs genannt. Insbesondere j\u00fcngere Arbeitnehmende und Berufseinsteiger\/-innen bevorzugen ein derartiges Wirkungsfeld und sind daf\u00fcr bereit, auf Sal\u00e4r und\/oder Prestige zu verzichten. Interessant ist die Frage, ob auch die Popularit\u00e4t des Berufsbildes und die gesellschaftliche Relevanz eine Rolle spielen. Hier gibt es grosse Unterschiede und oft sind es die weniger sichtbaren Jobs, die einen wichtigen Beitrag f\u00fcr die Gesellschaft leisten. Mit der Umfrage an der Messe \u00abHR Festival Europe\u00bb wollte Publicjobs herausfinden, ob die Bedeutung mit der Popularit\u00e4t und der Sichtbarkeit der Berufsbilder zusammenh\u00e4ngt oder ob die verschiedenen Profile gleich bewertet werden. Die Umfrage soll zeigen, welche Berufe und T\u00e4tigkeitsbereiche aus Sicht der HR-Profis und Jobsuchenden am relevantesten sind. Die \u00fcber 400 Teilnehmenden k\u00fcrten dann aus sieben Berufsbildern einen klaren Favoriten: Hebamme wurde mit grossem Vorsprung zur Siegerin gek\u00fcrt (31%), gefolgt von Netzelektriker\/-in (19%) und Schulpsycholog\/-in (16%). Weitere Berufsbilder waren Sozialarbeiter\/-in, Gef\u00e4ngnisw\u00e4rter\/-in, Mitarbeiter\/-in Strassenunterhalt sowie Fundraiser\/-in. Bewusst wurden Berufsbilder\/Antwortm\u00f6glichkeiten ausgew\u00e4hlt, die an sich nicht sehr pr\u00e4sent sind im \u00f6ffentlichen Diskurs.<\/p>\n<figure id=\"attachment_37407\" aria-describedby=\"caption-attachment-37407\" style=\"width: 680px\" class=\"wp-caption alignnone\"><img loading=\"lazy\" decoding=\"async\" class=\"size-full wp-image-37407\" src=\"https:\/\/www.organisator.ch\/wp-content\/uploads\/2025\/04\/Die-wichtigsten-Jobs-fuer-die-Gesellschaft-2_Organisator.jpg\" alt=\"\" width=\"680\" height=\"382\" srcset=\"https:\/\/www.organisator.ch\/wp-content\/uploads\/2025\/04\/Die-wichtigsten-Jobs-fuer-die-Gesellschaft-2_Organisator.jpg 680w, https:\/\/www.organisator.ch\/wp-content\/uploads\/2025\/04\/Die-wichtigsten-Jobs-fuer-die-Gesellschaft-2_Organisator-18x10.jpg 18w, https:\/\/www.organisator.ch\/wp-content\/uploads\/2025\/04\/Die-wichtigsten-Jobs-fuer-die-Gesellschaft-2_Organisator-375x211.jpg 375w, https:\/\/www.organisator.ch\/wp-content\/uploads\/2025\/04\/Die-wichtigsten-Jobs-fuer-die-Gesellschaft-2_Organisator-623x350.jpg 623w\" sizes=\"auto, (max-width: 680px) 100vw, 680px\" \/><figcaption id=\"caption-attachment-37407\" class=\"wp-caption-text\">Quelle: Publicjobs.ch<\/figcaption><\/figure>\n<h3>Das Ergebnis: Ein klares Signal aus der HR- und Jobwelt<\/h3>\n<p>Die Abstimmungsergebnisse zeigen: Hebamme wurde vom Schweizer Fachpublikum (aus dem Bereich Personalwesen \/ HR) als der gesellschaftlich relevanteste Job mit 31% der Stimmen klar gew\u00e4hlt. Bei der Frage zum relevantesten T\u00e4tigkeitsbereich erhielt das T\u00e4tigkeitsfeld Bildung besonders viele Stimmen (40%). Dieser Bereich stand in der j\u00fcngsten Vergangenheit immer wieder im Fokus durch die vielen Diskussionen rund um Lehrer\/-innenmangel und fehlende Nachwuchskr\u00e4fte. F\u00fcr die Jobplattform Publicjobs, welche sich wie erw\u00e4hnt auf sinnstiftende Jobs fokussiert, kommt das Ergebnis nicht als \u00dcberraschung. \u00abDas sinnstiftende Element ist ein wichtiges Kriterium bei der Jobsuche. Das T\u00e4tigkeitsfeld und der Beitrag, den eine Organisation f\u00fcr das Zusammenleben in der Gesellschaft leistet, sind heute wichtige Alleinstellungsmerkmale, um Mitarbeitende in einem umk\u00e4mpften Markt zu gewinnen. Dass dabei die Hebamme das am besten versinnbildlicht, macht f\u00fcr uns absolut Sinn\u00bb kommentiert Olivier Diserens, Co-CEO von Publicjobs die Resultate der Umfrage.<\/p>\n<figure id=\"attachment_37408\" aria-describedby=\"caption-attachment-37408\" style=\"width: 680px\" class=\"wp-caption alignnone\"><img loading=\"lazy\" decoding=\"async\" class=\"size-full wp-image-37408\" src=\"https:\/\/www.organisator.ch\/wp-content\/uploads\/2025\/04\/Die-wichtigsten-Jobs-fuer-die-Gesellschaft-3_Organisator.png\" alt=\"\" width=\"680\" height=\"382\" srcset=\"https:\/\/www.organisator.ch\/wp-content\/uploads\/2025\/04\/Die-wichtigsten-Jobs-fuer-die-Gesellschaft-3_Organisator.png 680w, https:\/\/www.organisator.ch\/wp-content\/uploads\/2025\/04\/Die-wichtigsten-Jobs-fuer-die-Gesellschaft-3_Organisator-18x10.png 18w, https:\/\/www.organisator.ch\/wp-content\/uploads\/2025\/04\/Die-wichtigsten-Jobs-fuer-die-Gesellschaft-3_Organisator-375x211.png 375w, https:\/\/www.organisator.ch\/wp-content\/uploads\/2025\/04\/Die-wichtigsten-Jobs-fuer-die-Gesellschaft-3_Organisator-623x350.png 623w\" sizes=\"auto, (max-width: 680px) 100vw, 680px\" \/><figcaption id=\"caption-attachment-37408\" class=\"wp-caption-text\">Quelle: Publicjobs.ch<\/figcaption><\/figure>\n<p><em>Quelle und weitere Informationen: <a href=\"https:\/\/www.publicjobs.ch\/\">Publicjobs.ch<\/a><\/em><\/p>\n","protected":false},"excerpt":{"rendered":"<p>Im Rahmen der Messe \u00abHR Festival Europe\u00bb in Z\u00fcrich wurden die Fachbesucher\/-innen von Publicjobs gefragt, welcher Job aus ihrer Sicht der wichtigste f\u00fcr die Gesellschaft sei. Den Teilnehmenden standen sieben verschiedene Berufsbilder von gesellschaftlicher Tragweite zur Auswahl.<\/p>\n","protected":false},"author":4,"featured_media":37406,"comment_status":"closed","ping_status":"closed","sticky":false,"template":"","format":"standard","meta":{"_acf_changed":false,"_yoast_wpseo_focuskw":"Die wichtigsten Jobs","_yoast_wpseo_metadesc":"Am \u00abHR Festival Europe\u00bb in Z\u00fcrich wurden die Fachbesucher\/-innen gefragt, welche die wichtigsten Jobs f\u00fcr die Gesellschaft seien.","articlekey":"","footnotes":""},"categories":[579],"tags":[193,1280,254,5253,459],"class_list":["post-37405","post","type-post","status-publish","format-standard","has-post-thumbnail","hentry","category-human-resources","tag-fachkongressfachmesse","tag-gesellschaft","tag-hrm","tag-sinnstiftende-jobs","tag-studie"],"acf":[],"yoast_head":"<!-- This site is optimized with the Yoast SEO plugin v27.5 - https:\/\/yoast.com\/product\/yoast-seo-wordpress\/ -->\n<title>Die wichtigsten Jobs f\u00fcr die Gesellschaft - Organisator<\/title>\n<meta name=\"description\" content=\"Am \u00abHR Festival Europe\u00bb in Z\u00fcrich wurden die Fachbesucher\/-innen gefragt, welche die wichtigsten Jobs f\u00fcr die Gesellschaft seien.\" \/>\n<meta name=\"robots\" content=\"index, follow, max-snippet:-1, max-image-preview:large, max-video-preview:-1\" \/>\n<link rel=\"canonical\" href=\"https:\/\/www.organisator.ch\/de\/human-resources\/2025-04-03\/die-wichtigsten-jobs-fuer-die-gesellschaft\/\" \/>\n<meta property=\"og:locale\" content=\"de_DE\" \/>\n<meta property=\"og:type\" content=\"article\" \/>\n<meta property=\"og:title\" content=\"Die wichtigsten Jobs f\u00fcr die Gesellschaft\" \/>\n<meta property=\"og:description\" content=\"Am \u00abHR Festival Europe\u00bb in Z\u00fcrich wurden die Fachbesucher\/-innen gefragt, welche die wichtigsten Jobs f\u00fcr die Gesellschaft seien.\" \/>\n<meta property=\"og:url\" content=\"https:\/\/www.organisator.ch\/de\/human-resources\/2025-04-03\/die-wichtigsten-jobs-fuer-die-gesellschaft\/\" \/>\n<meta property=\"og:site_name\" content=\"Organisator\" \/>\n<meta property=\"article:publisher\" content=\"https:\/\/www.facebook.com\/OrganisatorFachmagazin\" \/>\n<meta property=\"article:published_time\" content=\"2025-04-03T06:53:30+00:00\" \/>\n<meta property=\"article:modified_time\" content=\"2025-05-02T05:17:31+00:00\" \/>\n<meta property=\"og:image\" content=\"https:\/\/www.organisator.ch\/wp-content\/uploads\/2025\/04\/Die-wichtigsten-Jobs-fuer-die-Gesellschaft-1_Organisator.jpg\" \/>\n\t<meta property=\"og:image:width\" content=\"680\" \/>\n\t<meta property=\"og:image:height\" content=\"454\" \/>\n\t<meta property=\"og:image:type\" content=\"image\/jpeg\" \/>\n<meta name=\"author\" content=\"thomas.berner\" \/>\n<meta name=\"twitter:card\" content=\"summary_large_image\" \/>\n<meta name=\"twitter:title\" content=\"Die wichtigsten Jobs f\u00fcr die #Gesellschaft\" \/>\n<meta name=\"twitter:description\" content=\"Am \u00abHR Festival Europe\u00bb in Z\u00fcrich wurden die Fachbesucher\/-innen gefragt, welche die wichtigsten #Jobs f\u00fcr die #Gesellschaft seien.\" \/>\n<meta name=\"twitter:image\" content=\"https:\/\/www.organisator.ch\/wp-content\/uploads\/2025\/04\/Die-wichtigsten-Jobs-fuer-die-Gesellschaft-1_Organisator.jpg\" \/>\n<script type=\"application\/ld+json\" class=\"yoast-schema-graph\">{\"@context\":\"https:\\\/\\\/schema.org\",\"@graph\":[{\"@type\":\"Article\",\"@id\":\"https:\\\/\\\/www.organisator.ch\\\/human-resources\\\/2025-04-03\\\/die-wichtigsten-jobs-fuer-die-gesellschaft\\\/#article\",\"isPartOf\":{\"@id\":\"https:\\\/\\\/www.organisator.ch\\\/human-resources\\\/2025-04-03\\\/die-wichtigsten-jobs-fuer-die-gesellschaft\\\/\"},\"author\":{\"name\":\"thomas.berner\",\"@id\":\"https:\\\/\\\/www.organisator.ch\\\/#\\\/schema\\\/person\\\/6f650f90b2842cd4c0cc334b4e36f67e\"},\"headline\":\"Die wichtigsten Jobs f\u00fcr die Gesellschaft\",\"datePublished\":\"2025-04-03T06:53:30+00:00\",\"dateModified\":\"2025-05-02T05:17:31+00:00\",\"mainEntityOfPage\":{\"@id\":\"https:\\\/\\\/www.organisator.ch\\\/human-resources\\\/2025-04-03\\\/die-wichtigsten-jobs-fuer-die-gesellschaft\\\/\"},\"wordCount\":497,\"publisher\":{\"@id\":\"https:\\\/\\\/www.organisator.ch\\\/#organization\"},\"image\":{\"@id\":\"https:\\\/\\\/www.organisator.ch\\\/human-resources\\\/2025-04-03\\\/die-wichtigsten-jobs-fuer-die-gesellschaft\\\/#primaryimage\"},\"thumbnailUrl\":\"https:\\\/\\\/www.organisator.ch\\\/wp-content\\\/uploads\\\/2025\\\/04\\\/Die-wichtigsten-Jobs-fuer-die-Gesellschaft-1_Organisator.jpg\",\"keywords\":[\"Fachkongress\\\/Fachmesse\",\"Gesellschaft\",\"HRM\",\"sinnstiftende Jobs\",\"Studie\"],\"articleSection\":[\"HUMAN RESOURCES\"],\"inLanguage\":\"de\"},{\"@type\":\"WebPage\",\"@id\":\"https:\\\/\\\/www.organisator.ch\\\/human-resources\\\/2025-04-03\\\/die-wichtigsten-jobs-fuer-die-gesellschaft\\\/\",\"url\":\"https:\\\/\\\/www.organisator.ch\\\/human-resources\\\/2025-04-03\\\/die-wichtigsten-jobs-fuer-die-gesellschaft\\\/\",\"name\":\"Die wichtigsten Jobs f\u00fcr die Gesellschaft - Organisator\",\"isPartOf\":{\"@id\":\"https:\\\/\\\/www.organisator.ch\\\/#website\"},\"primaryImageOfPage\":{\"@id\":\"https:\\\/\\\/www.organisator.ch\\\/human-resources\\\/2025-04-03\\\/die-wichtigsten-jobs-fuer-die-gesellschaft\\\/#primaryimage\"},\"image\":{\"@id\":\"https:\\\/\\\/www.organisator.ch\\\/human-resources\\\/2025-04-03\\\/die-wichtigsten-jobs-fuer-die-gesellschaft\\\/#primaryimage\"},\"thumbnailUrl\":\"https:\\\/\\\/www.organisator.ch\\\/wp-content\\\/uploads\\\/2025\\\/04\\\/Die-wichtigsten-Jobs-fuer-die-Gesellschaft-1_Organisator.jpg\",\"datePublished\":\"2025-04-03T06:53:30+00:00\",\"dateModified\":\"2025-05-02T05:17:31+00:00\",\"description\":\"Am \u00abHR Festival Europe\u00bb in Z\u00fcrich wurden die Fachbesucher\\\/-innen gefragt, welche die wichtigsten Jobs f\u00fcr die Gesellschaft seien.\",\"breadcrumb\":{\"@id\":\"https:\\\/\\\/www.organisator.ch\\\/human-resources\\\/2025-04-03\\\/die-wichtigsten-jobs-fuer-die-gesellschaft\\\/#breadcrumb\"},\"inLanguage\":\"de\",\"potentialAction\":[{\"@type\":\"ReadAction\",\"target\":[\"https:\\\/\\\/www.organisator.ch\\\/human-resources\\\/2025-04-03\\\/die-wichtigsten-jobs-fuer-die-gesellschaft\\\/\"]}]},{\"@type\":\"ImageObject\",\"inLanguage\":\"de\",\"@id\":\"https:\\\/\\\/www.organisator.ch\\\/human-resources\\\/2025-04-03\\\/die-wichtigsten-jobs-fuer-die-gesellschaft\\\/#primaryimage\",\"url\":\"https:\\\/\\\/www.organisator.ch\\\/wp-content\\\/uploads\\\/2025\\\/04\\\/Die-wichtigsten-Jobs-fuer-die-Gesellschaft-1_Organisator.jpg\",\"contentUrl\":\"https:\\\/\\\/www.organisator.ch\\\/wp-content\\\/uploads\\\/2025\\\/04\\\/Die-wichtigsten-Jobs-fuer-die-Gesellschaft-1_Organisator.jpg\",\"width\":680,\"height\":454,\"caption\":\"Wurde von Teilnehmenden des HR Festivals Europe zur gesellschaftlich wichtigsten Job gew\u00e4hlt: Die Hebamme. (Bild: Depositphotos.com)\"},{\"@type\":\"BreadcrumbList\",\"@id\":\"https:\\\/\\\/www.organisator.ch\\\/human-resources\\\/2025-04-03\\\/die-wichtigsten-jobs-fuer-die-gesellschaft\\\/#breadcrumb\",\"itemListElement\":[{\"@type\":\"ListItem\",\"position\":1,\"name\":\"Home\",\"item\":\"https:\\\/\\\/www.organisator.ch\\\/\"},{\"@type\":\"ListItem\",\"position\":2,\"name\":\"Die wichtigsten Jobs f\u00fcr die Gesellschaft\"}]},{\"@type\":\"WebSite\",\"@id\":\"https:\\\/\\\/www.organisator.ch\\\/#website\",\"url\":\"https:\\\/\\\/www.organisator.ch\\\/\",\"name\":\"Organisator\",\"description\":\"Kompetent. Praxisnah. Der ORGANISATOR bereitet in 10 Ausgaben pro Jahr die wesentlichen Themen f\u00fcr F\u00fchrungskr\u00e4fte von KMU auf.\",\"publisher\":{\"@id\":\"https:\\\/\\\/www.organisator.ch\\\/#organization\"},\"potentialAction\":[{\"@type\":\"SearchAction\",\"target\":{\"@type\":\"EntryPoint\",\"urlTemplate\":\"https:\\\/\\\/www.organisator.ch\\\/?s={search_term_string}\"},\"query-input\":{\"@type\":\"PropertyValueSpecification\",\"valueRequired\":true,\"valueName\":\"search_term_string\"}}],\"inLanguage\":\"de\"},{\"@type\":\"Organization\",\"@id\":\"https:\\\/\\\/www.organisator.ch\\\/#organization\",\"name\":\"Organisator\",\"url\":\"https:\\\/\\\/www.organisator.ch\\\/\",\"logo\":{\"@type\":\"ImageObject\",\"inLanguage\":\"de\",\"@id\":\"https:\\\/\\\/www.organisator.ch\\\/#\\\/schema\\\/logo\\\/image\\\/\",\"url\":\"https:\\\/\\\/www.organisator.ch\\\/wp-content\\\/uploads\\\/2022\\\/01\\\/Logo_Organisator_Website.png\",\"contentUrl\":\"https:\\\/\\\/www.organisator.ch\\\/wp-content\\\/uploads\\\/2022\\\/01\\\/Logo_Organisator_Website.png\",\"width\":800,\"height\":77,\"caption\":\"Organisator\"},\"image\":{\"@id\":\"https:\\\/\\\/www.organisator.ch\\\/#\\\/schema\\\/logo\\\/image\\\/\"},\"sameAs\":[\"https:\\\/\\\/www.facebook.com\\\/OrganisatorFachmagazin\",\"https:\\\/\\\/www.linkedin.com\\\/showcase\\\/organisator-das-magazin-fr-kmu\",\"https:\\\/\\\/www.xing.com\\\/news\\\/pages\\\/organisator-ch-695\",\"https:\\\/\\\/www.youtube.com\\\/channel\\\/UCGP2Sq0iWaZwT3BdIAQFYpw\"]},{\"@type\":\"Person\",\"@id\":\"https:\\\/\\\/www.organisator.ch\\\/#\\\/schema\\\/person\\\/6f650f90b2842cd4c0cc334b4e36f67e\",\"name\":\"thomas.berner\",\"image\":{\"@type\":\"ImageObject\",\"inLanguage\":\"de\",\"@id\":\"https:\\\/\\\/secure.gravatar.com\\\/avatar\\\/ac5001d2a36cb6c6cd3e50789007ffca834b477b74a2144564522e944eabff61?s=96&d=mm&r=g\",\"url\":\"https:\\\/\\\/secure.gravatar.com\\\/avatar\\\/ac5001d2a36cb6c6cd3e50789007ffca834b477b74a2144564522e944eabff61?s=96&d=mm&r=g\",\"contentUrl\":\"https:\\\/\\\/secure.gravatar.com\\\/avatar\\\/ac5001d2a36cb6c6cd3e50789007ffca834b477b74a2144564522e944eabff61?s=96&d=mm&r=g\",\"caption\":\"thomas.berner\"},\"url\":\"https:\\\/\\\/www.organisator.ch\\\/de\\\/author\\\/thomas-berner\\\/\"}]}<\/script>\n<!-- \/ Yoast SEO plugin. -->","yoast_head_json":{"title":"Die wichtigsten Jobs f\u00fcr die Gesellschaft - Organisator","description":"Am \u00abHR Festival Europe\u00bb in Z\u00fcrich wurden die Fachbesucher\/-innen gefragt, welche die wichtigsten Jobs f\u00fcr die Gesellschaft seien.","robots":{"index":"index","follow":"follow","max-snippet":"max-snippet:-1","max-image-preview":"max-image-preview:large","max-video-preview":"max-video-preview:-1"},"canonical":"https:\/\/www.organisator.ch\/de\/human-resources\/2025-04-03\/die-wichtigsten-jobs-fuer-die-gesellschaft\/","og_locale":"de_DE","og_type":"article","og_title":"Die wichtigsten Jobs f\u00fcr die Gesellschaft","og_description":"Am \u00abHR Festival Europe\u00bb in Z\u00fcrich wurden die Fachbesucher\/-innen gefragt, welche die wichtigsten Jobs f\u00fcr die Gesellschaft seien.","og_url":"https:\/\/www.organisator.ch\/de\/human-resources\/2025-04-03\/die-wichtigsten-jobs-fuer-die-gesellschaft\/","og_site_name":"Organisator","article_publisher":"https:\/\/www.facebook.com\/OrganisatorFachmagazin","article_published_time":"2025-04-03T06:53:30+00:00","article_modified_time":"2025-05-02T05:17:31+00:00","og_image":[{"width":680,"height":454,"url":"https:\/\/www.organisator.ch\/wp-content\/uploads\/2025\/04\/Die-wichtigsten-Jobs-fuer-die-Gesellschaft-1_Organisator.jpg","type":"image\/jpeg"}],"author":"thomas.berner","twitter_card":"summary_large_image","twitter_title":"Die wichtigsten Jobs f\u00fcr die #Gesellschaft","twitter_description":"Am \u00abHR Festival Europe\u00bb in Z\u00fcrich wurden die Fachbesucher\/-innen gefragt, welche die wichtigsten #Jobs f\u00fcr die #Gesellschaft seien.","twitter_image":"https:\/\/www.organisator.ch\/wp-content\/uploads\/2025\/04\/Die-wichtigsten-Jobs-fuer-die-Gesellschaft-1_Organisator.jpg","schema":{"@context":"https:\/\/schema.org","@graph":[{"@type":"Article","@id":"https:\/\/www.organisator.ch\/human-resources\/2025-04-03\/die-wichtigsten-jobs-fuer-die-gesellschaft\/#article","isPartOf":{"@id":"https:\/\/www.organisator.ch\/human-resources\/2025-04-03\/die-wichtigsten-jobs-fuer-die-gesellschaft\/"},"author":{"name":"thomas.berner","@id":"https:\/\/www.organisator.ch\/#\/schema\/person\/6f650f90b2842cd4c0cc334b4e36f67e"},"headline":"Die wichtigsten Jobs f\u00fcr die Gesellschaft","datePublished":"2025-04-03T06:53:30+00:00","dateModified":"2025-05-02T05:17:31+00:00","mainEntityOfPage":{"@id":"https:\/\/www.organisator.ch\/human-resources\/2025-04-03\/die-wichtigsten-jobs-fuer-die-gesellschaft\/"},"wordCount":497,"publisher":{"@id":"https:\/\/www.organisator.ch\/#organization"},"image":{"@id":"https:\/\/www.organisator.ch\/human-resources\/2025-04-03\/die-wichtigsten-jobs-fuer-die-gesellschaft\/#primaryimage"},"thumbnailUrl":"https:\/\/www.organisator.ch\/wp-content\/uploads\/2025\/04\/Die-wichtigsten-Jobs-fuer-die-Gesellschaft-1_Organisator.jpg","keywords":["Fachkongress\/Fachmesse","Gesellschaft","HRM","sinnstiftende Jobs","Studie"],"articleSection":["HUMAN RESOURCES"],"inLanguage":"de"},{"@type":"WebPage","@id":"https:\/\/www.organisator.ch\/human-resources\/2025-04-03\/die-wichtigsten-jobs-fuer-die-gesellschaft\/","url":"https:\/\/www.organisator.ch\/human-resources\/2025-04-03\/die-wichtigsten-jobs-fuer-die-gesellschaft\/","name":"Die wichtigsten Jobs f\u00fcr die Gesellschaft - Organisator","isPartOf":{"@id":"https:\/\/www.organisator.ch\/#website"},"primaryImageOfPage":{"@id":"https:\/\/www.organisator.ch\/human-resources\/2025-04-03\/die-wichtigsten-jobs-fuer-die-gesellschaft\/#primaryimage"},"image":{"@id":"https:\/\/www.organisator.ch\/human-resources\/2025-04-03\/die-wichtigsten-jobs-fuer-die-gesellschaft\/#primaryimage"},"thumbnailUrl":"https:\/\/www.organisator.ch\/wp-content\/uploads\/2025\/04\/Die-wichtigsten-Jobs-fuer-die-Gesellschaft-1_Organisator.jpg","datePublished":"2025-04-03T06:53:30+00:00","dateModified":"2025-05-02T05:17:31+00:00","description":"Am \u00abHR Festival Europe\u00bb in Z\u00fcrich wurden die Fachbesucher\/-innen gefragt, welche die wichtigsten Jobs f\u00fcr die Gesellschaft seien.","breadcrumb":{"@id":"https:\/\/www.organisator.ch\/human-resources\/2025-04-03\/die-wichtigsten-jobs-fuer-die-gesellschaft\/#breadcrumb"},"inLanguage":"de","potentialAction":[{"@type":"ReadAction","target":["https:\/\/www.organisator.ch\/human-resources\/2025-04-03\/die-wichtigsten-jobs-fuer-die-gesellschaft\/"]}]},{"@type":"ImageObject","inLanguage":"de","@id":"https:\/\/www.organisator.ch\/human-resources\/2025-04-03\/die-wichtigsten-jobs-fuer-die-gesellschaft\/#primaryimage","url":"https:\/\/www.organisator.ch\/wp-content\/uploads\/2025\/04\/Die-wichtigsten-Jobs-fuer-die-Gesellschaft-1_Organisator.jpg","contentUrl":"https:\/\/www.organisator.ch\/wp-content\/uploads\/2025\/04\/Die-wichtigsten-Jobs-fuer-die-Gesellschaft-1_Organisator.jpg","width":680,"height":454,"caption":"Wurde von Teilnehmenden des HR Festivals Europe zur gesellschaftlich wichtigsten Job gew\u00e4hlt: Die Hebamme. (Bild: Depositphotos.com)"},{"@type":"BreadcrumbList","@id":"https:\/\/www.organisator.ch\/human-resources\/2025-04-03\/die-wichtigsten-jobs-fuer-die-gesellschaft\/#breadcrumb","itemListElement":[{"@type":"ListItem","position":1,"name":"Home","item":"https:\/\/www.organisator.ch\/"},{"@type":"ListItem","position":2,"name":"Die wichtigsten Jobs f\u00fcr die Gesellschaft"}]},{"@type":"WebSite","@id":"https:\/\/www.organisator.ch\/#website","url":"https:\/\/www.organisator.ch\/","name":"Organisator","description":"Kompetent. Praxisnah. Der ORGANISATOR bereitet in 10 Ausgaben pro Jahr die wesentlichen Themen f\u00fcr F\u00fchrungskr\u00e4fte von KMU auf.","publisher":{"@id":"https:\/\/www.organisator.ch\/#organization"},"potentialAction":[{"@type":"SearchAction","target":{"@type":"EntryPoint","urlTemplate":"https:\/\/www.organisator.ch\/?s={search_term_string}"},"query-input":{"@type":"PropertyValueSpecification","valueRequired":true,"valueName":"search_term_string"}}],"inLanguage":"de"},{"@type":"Organization","@id":"https:\/\/www.organisator.ch\/#organization","name":"Organisator","url":"https:\/\/www.organisator.ch\/","logo":{"@type":"ImageObject","inLanguage":"de","@id":"https:\/\/www.organisator.ch\/#\/schema\/logo\/image\/","url":"https:\/\/www.organisator.ch\/wp-content\/uploads\/2022\/01\/Logo_Organisator_Website.png","contentUrl":"https:\/\/www.organisator.ch\/wp-content\/uploads\/2022\/01\/Logo_Organisator_Website.png","width":800,"height":77,"caption":"Organisator"},"image":{"@id":"https:\/\/www.organisator.ch\/#\/schema\/logo\/image\/"},"sameAs":["https:\/\/www.facebook.com\/OrganisatorFachmagazin","https:\/\/www.linkedin.com\/showcase\/organisator-das-magazin-fr-kmu","https:\/\/www.xing.com\/news\/pages\/organisator-ch-695","https:\/\/www.youtube.com\/channel\/UCGP2Sq0iWaZwT3BdIAQFYpw"]},{"@type":"Person","@id":"https:\/\/www.organisator.ch\/#\/schema\/person\/6f650f90b2842cd4c0cc334b4e36f67e","name":"thomas.berner","image":{"@type":"ImageObject","inLanguage":"de","@id":"https:\/\/secure.gravatar.com\/avatar\/ac5001d2a36cb6c6cd3e50789007ffca834b477b74a2144564522e944eabff61?s=96&d=mm&r=g","url":"https:\/\/secure.gravatar.com\/avatar\/ac5001d2a36cb6c6cd3e50789007ffca834b477b74a2144564522e944eabff61?s=96&d=mm&r=g","contentUrl":"https:\/\/secure.gravatar.com\/avatar\/ac5001d2a36cb6c6cd3e50789007ffca834b477b74a2144564522e944eabff61?s=96&d=mm&r=g","caption":"thomas.berner"},"url":"https:\/\/www.organisator.ch\/de\/author\/thomas-berner\/"}]}},"_links":{"self":[{"href":"https:\/\/www.organisator.ch\/de\/wp-json\/wp\/v2\/posts\/37405","targetHints":{"allow":["GET"]}}],"collection":[{"href":"https:\/\/www.organisator.ch\/de\/wp-json\/wp\/v2\/posts"}],"about":[{"href":"https:\/\/www.organisator.ch\/de\/wp-json\/wp\/v2\/types\/post"}],"author":[{"embeddable":true,"href":"https:\/\/www.organisator.ch\/de\/wp-json\/wp\/v2\/users\/4"}],"replies":[{"embeddable":true,"href":"https:\/\/www.organisator.ch\/de\/wp-json\/wp\/v2\/comments?post=37405"}],"version-history":[{"count":5,"href":"https:\/\/www.organisator.ch\/de\/wp-json\/wp\/v2\/posts\/37405\/revisions"}],"predecessor-version":[{"id":37459,"href":"https:\/\/www.organisator.ch\/de\/wp-json\/wp\/v2\/posts\/37405\/revisions\/37459"}],"wp:featuredmedia":[{"embeddable":true,"href":"https:\/\/www.organisator.ch\/de\/wp-json\/wp\/v2\/media\/37406"}],"wp:attachment":[{"href":"https:\/\/www.organisator.ch\/de\/wp-json\/wp\/v2\/media?parent=37405"}],"wp:term":[{"taxonomy":"category","embeddable":true,"href":"https:\/\/www.organisator.ch\/de\/wp-json\/wp\/v2\/categories?post=37405"},{"taxonomy":"post_tag","embeddable":true,"href":"https:\/\/www.organisator.ch\/de\/wp-json\/wp\/v2\/tags?post=37405"}],"curies":[{"name":"wp","href":"https:\/\/api.w.org\/{rel}","templated":true}]}}