{"id":37439,"date":"2025-04-03T23:32:09","date_gmt":"2025-04-03T21:32:09","guid":{"rendered":"https:\/\/www.markt-kom.com\/?p=232928"},"modified":"2025-04-04T07:18:30","modified_gmt":"2025-04-04T05:18:30","slug":"bucher-ist-master-of-swiss-web-crossmedia-award-fuer-arosa-tourismus","status":"publish","type":"post","link":"https:\/\/www.organisator.ch\/de\/marketing\/2025-04-03\/bucher-ist-master-of-swiss-web-crossmedia-award-fuer-arosa-tourismus\/","title":{"rendered":"Bucher ist \u00abMaster of Swiss Web\u00bb, Crossmedia-Award f\u00fcr Arosa Tourismus"},"content":{"rendered":"<figure id=\"attachment_232933\" class=\"wp-caption aligncenter\" style=\"width: 1024px;\" aria-describedby=\"caption-attachment-232933\"><a href=\"https:\/\/www.markt-kom.com\/wp-content\/uploads\/2025\/04\/20250403_Best_of_Swiss_Web_Award_Zurich_2552.jpg\"><img class=\"size-full wp-image-232933\" src=\"https:\/\/www.markt-kom.com\/wp-content\/uploads\/2025\/04\/20250403_Best_of_Swiss_Web_Award_Zurich_2552.jpg\" sizes=\"(max-width: 1024px) 100vw, 1024px\" srcset=\"https:\/\/www.markt-kom.com\/wp-content\/uploads\/2025\/04\/20250403_Best_of_Swiss_Web_Award_Zurich_2552.jpg 1024w, https:\/\/www.markt-kom.com\/wp-content\/uploads\/2025\/04\/20250403_Best_of_Swiss_Web_Award_Zurich_2552-600x399.jpg 600w, https:\/\/www.markt-kom.com\/wp-content\/uploads\/2025\/04\/20250403_Best_of_Swiss_Web_Award_Zurich_2552-768x511.jpg 768w, https:\/\/www.markt-kom.com\/wp-content\/uploads\/2025\/04\/20250403_Best_of_Swiss_Web_Award_Zurich_2552-18x12.jpg 18w, https:\/\/www.markt-kom.com\/wp-content\/uploads\/2025\/04\/20250403_Best_of_Swiss_Web_Award_Zurich_2552-263x175.jpg 263w, https:\/\/www.markt-kom.com\/wp-content\/uploads\/2025\/04\/20250403_Best_of_Swiss_Web_Award_Zurich_2552-526x350.jpg 526w, https:\/\/www.markt-kom.com\/wp-content\/uploads\/2025\/04\/20250403_Best_of_Swiss_Web_Award_Zurich_2552-1000x665.jpg 1000w\" alt=\"\" width=\"1024\" height=\"681\" \/><\/a>\r\n<figcaption id=\"caption-attachment-232933\" class=\"wp-caption-text\">(Bild: Eduard Meltzer Photography)<\/figcaption>\r\n<\/figure>\r\n<p>Insgesamt 79 Auszeichnungen haben die Gewinner:innen von Best of Swiss Web an der Gala-Night vom Donnerstagabend in D\u00fcbendorf in die H\u00f6he gestemmt: 11 goldene, 25 silberne und 43 bronzene.<\/p>\r\n<p>Als bestes Webprojekt des Jahres gewann \u00abBucher Connect Serviceplattform\u00bb den Titel Master of Swiss Web 2025. Auftraggeber des Projekts ist Bucher Municipal, entwickelt wurde es durch Eyekon und Intelliact.<\/p>\r\n<p>Das Projekt holte sich auch drei Mal Gold, und zwar in den Kategorien \u00abMarketing\u00bb, \u00abProductivity\u00bb und \u00abTechnology\u00bb.<\/p>\r\n<h3>\u00abBest of .swiss\u00bb-Award f\u00fcr Zermatt Tourismus<\/h3>\r\n<p>Den Spezialpreis von \u00abBest of .swiss\u00bb f\u00fcr die beste Webprojekt mit .swiss-Endung gewann Zermatt.swiss von Zermatt Tourismus. Die Website \u00abl\u00e4dt in der Kombination unserer sechs Swissness-Kriterien Qualit\u00e4t, Innovation, Design, Bodenst\u00e4ndigkeit, Vertrauensw\u00fcrdigkeit und Mehrsprachigkeit schon online zu einem erholsamen Besuch ein\u00bb, lobte Jurypr\u00e4sident Fabian Unteregger. Kern der Site sei die kinderleichte Unterkunftssuche, die in guter Tripadvisor-Manier Unterk\u00fcnfte aller Art transparent bewertet darstelle. \u00abIn keinem Moment st\u00fcrzt man virtuell in eine Gletscherspalte oder verstaucht sich beim Zermatt-Surfen ein Fingergelenk.\u00bb<\/p>\r\n<figure id=\"attachment_232932\" class=\"wp-caption aligncenter\" style=\"width: 1024px;\" aria-describedby=\"caption-attachment-232932\"><a href=\"https:\/\/www.markt-kom.com\/wp-content\/uploads\/2025\/04\/20250403_Best_of_Swiss_Web_Award_Zurich_2086.jpg\"><img class=\"size-full wp-image-232932\" src=\"https:\/\/www.markt-kom.com\/wp-content\/uploads\/2025\/04\/20250403_Best_of_Swiss_Web_Award_Zurich_2086.jpg\" sizes=\"(max-width: 1024px) 100vw, 1024px\" srcset=\"https:\/\/www.markt-kom.com\/wp-content\/uploads\/2025\/04\/20250403_Best_of_Swiss_Web_Award_Zurich_2086.jpg 1024w, https:\/\/www.markt-kom.com\/wp-content\/uploads\/2025\/04\/20250403_Best_of_Swiss_Web_Award_Zurich_2086-600x399.jpg 600w, https:\/\/www.markt-kom.com\/wp-content\/uploads\/2025\/04\/20250403_Best_of_Swiss_Web_Award_Zurich_2086-768x511.jpg 768w, https:\/\/www.markt-kom.com\/wp-content\/uploads\/2025\/04\/20250403_Best_of_Swiss_Web_Award_Zurich_2086-18x12.jpg 18w, https:\/\/www.markt-kom.com\/wp-content\/uploads\/2025\/04\/20250403_Best_of_Swiss_Web_Award_Zurich_2086-263x175.jpg 263w, https:\/\/www.markt-kom.com\/wp-content\/uploads\/2025\/04\/20250403_Best_of_Swiss_Web_Award_Zurich_2086-526x350.jpg 526w, https:\/\/www.markt-kom.com\/wp-content\/uploads\/2025\/04\/20250403_Best_of_Swiss_Web_Award_Zurich_2086-1000x665.jpg 1000w\" alt=\"\" width=\"1024\" height=\"681\" \/><\/a>\r\n<figcaption id=\"caption-attachment-232932\" class=\"wp-caption-text\">(Bild: Eduard Meltzer Photography)<\/figcaption>\r\n<\/figure>\r\n<h3>Goldbach Crossmedia Award f\u00fcr Arosa Tourismus<\/h3>\r\n<p>Zum achten Mal wurde im Rahmen der Award Night von Best of Swiss Web auch der Goldbach Crossmedia Award vergeben. Mit einer Multichannel-Strategie, gepaart mit KI, Kreativit\u00e4t und Community-Engagement, konnten sich Yoveo | Team Farner und Arosa Tourismus an dieser Award-Night die goldige Troph\u00e4e sichern.<\/p>\r\n<p>In der <a href=\"https:\/\/www.markt-kom.com\/de\/kreativity\/kampagnen\/yoveo-team-farner-und-arosa-machen-mit-ki-traeume-wahr\/\" rel=\"noopener\">Kampagne<\/a> wurde die Schweizer Bev\u00f6lkerung aufgerufen, ihren pers\u00f6nlichen Traum von perfekten Ferien in den Bergen zu formulieren. Mithilfe von KI wurden \u00fcber 43\u2019000 dieser eingereichten Tr\u00e4ume visualisiert. In einem weiteren Schritt wurden verschiedenste Werbesujets kanaloptimiert aufbereitet und crossmedial \u2013 auf Social Media, als TV-Spots sowie auf Gondeln, \u00d6V-Bussen, limitierten Briefmarken und Badet\u00fcchern \u2013 pr\u00e4sentiert.<\/p>\r\n<p>Ganz nach dem Markenversprechen \u00abArosa macht Tr\u00e4ume wahr\u00bb wurden zahlreiche Einreichungen schlussendlich nicht nur visualisiert, sondern auch realisiert. Die bekannte Tourismusdestination verschenkte unter allen Teilnehmenden Wellness-Wochenenden oder Apr\u00e9s-Ski-Erlebnisse. Schlussendlich f\u00fchrte dieser Co-Creation-Ansatz nicht nur zu einer breiten Palette an Werbem\u00f6glichkeiten, sondern verlieh der Kampagne Authentizit\u00e4t und schaffte auch ein kollektives Erlebnis.<\/p>\r\n<figure id=\"attachment_232930\" class=\"wp-caption aligncenter\" style=\"width: 1200px;\" aria-describedby=\"caption-attachment-232930\"><a href=\"https:\/\/www.markt-kom.com\/wp-content\/uploads\/2025\/04\/goldbach-crossmedia-award-beat.jpg\"><img class=\"size-full wp-image-232930\" src=\"https:\/\/www.markt-kom.com\/wp-content\/uploads\/2025\/04\/goldbach-crossmedia-award-beat.jpg\" sizes=\"(max-width: 1200px) 100vw, 1200px\" srcset=\"https:\/\/www.markt-kom.com\/wp-content\/uploads\/2025\/04\/goldbach-crossmedia-award-beat.jpg 1200w, https:\/\/www.markt-kom.com\/wp-content\/uploads\/2025\/04\/goldbach-crossmedia-award-beat-600x338.jpg 600w, https:\/\/www.markt-kom.com\/wp-content\/uploads\/2025\/04\/goldbach-crossmedia-award-beat-1024x576.jpg 1024w, https:\/\/www.markt-kom.com\/wp-content\/uploads\/2025\/04\/goldbach-crossmedia-award-beat-768x432.jpg 768w, https:\/\/www.markt-kom.com\/wp-content\/uploads\/2025\/04\/goldbach-crossmedia-award-beat-18x10.jpg 18w, https:\/\/www.markt-kom.com\/wp-content\/uploads\/2025\/04\/goldbach-crossmedia-award-beat-311x175.jpg 311w, https:\/\/www.markt-kom.com\/wp-content\/uploads\/2025\/04\/goldbach-crossmedia-award-beat-622x350.jpg 622w, https:\/\/www.markt-kom.com\/wp-content\/uploads\/2025\/04\/goldbach-crossmedia-award-beat-1000x563.jpg 1000w\" alt=\"\" width=\"1200\" height=\"675\" \/><\/a>\r\n<figcaption id=\"caption-attachment-232930\" class=\"wp-caption-text\">(Bild: Beat H\u00fcrlimann)<\/figcaption>\r\n<\/figure>\r\n<p>Silber ging an die Kampagne \u00abWerbung naja, Zins gut.\u00bb von der Bank Cler, realisiert durch Neu Creative Agency. Und Bronze holte sich \u00abDie Migros als Playmobil\u00bb vom Auftraggeber Migros Supermarkt, umgesetzt durch die Wirz Group.<\/p>\r\n<p>Den von Goldbach gestifteten Publikumspreis gewann die Kampagne \u00abLXmas For You\u00bb von der Airline Swiss, realisiert durch MSM Digital und Tamino Productions. Im Vorfeld der Award Night konnten Kund:innen, Agenturen und alle anderen Interessierten f\u00fcr ihre Lieblingskampagne abstimmen.<\/p>\r\n<figure id=\"attachment_232931\" class=\"wp-caption aligncenter\" style=\"width: 1024px;\" aria-describedby=\"caption-attachment-232931\"><a href=\"https:\/\/www.markt-kom.com\/wp-content\/uploads\/2025\/04\/20250403_Best_of_Swiss_Web_Award_Zurich_1709.jpg\"><img class=\"size-full wp-image-232931\" src=\"https:\/\/www.markt-kom.com\/wp-content\/uploads\/2025\/04\/20250403_Best_of_Swiss_Web_Award_Zurich_1709.jpg\" sizes=\"(max-width: 1024px) 100vw, 1024px\" srcset=\"https:\/\/www.markt-kom.com\/wp-content\/uploads\/2025\/04\/20250403_Best_of_Swiss_Web_Award_Zurich_1709.jpg 1024w, https:\/\/www.markt-kom.com\/wp-content\/uploads\/2025\/04\/20250403_Best_of_Swiss_Web_Award_Zurich_1709-600x400.jpg 600w, https:\/\/www.markt-kom.com\/wp-content\/uploads\/2025\/04\/20250403_Best_of_Swiss_Web_Award_Zurich_1709-768x512.jpg 768w, https:\/\/www.markt-kom.com\/wp-content\/uploads\/2025\/04\/20250403_Best_of_Swiss_Web_Award_Zurich_1709-18x12.jpg 18w, https:\/\/www.markt-kom.com\/wp-content\/uploads\/2025\/04\/20250403_Best_of_Swiss_Web_Award_Zurich_1709-263x175.jpg 263w, https:\/\/www.markt-kom.com\/wp-content\/uploads\/2025\/04\/20250403_Best_of_Swiss_Web_Award_Zurich_1709-526x350.jpg 526w, https:\/\/www.markt-kom.com\/wp-content\/uploads\/2025\/04\/20250403_Best_of_Swiss_Web_Award_Zurich_1709-1000x666.jpg 1000w\" alt=\"\" width=\"1024\" height=\"682\" \/><\/a>\r\n<figcaption id=\"caption-attachment-232931\" class=\"wp-caption-text\">(Bild: Eduard Meltzer Photography)<\/figcaption>\r\n<\/figure>\r\n<h3>Die BoSW Gold-Gewinnerarbeiten im \u00dcberblick<\/h3>\r\n<ul>\r\n\t<li>Brand Experience: Nemo broke the trophy<\/li>\r\n\t<li>Business: Chopard \u2013 The Future of Ethical Luxury Commerce<\/li>\r\n\t<li>Creativity: WOZ \u2013 The News In The News<\/li>\r\n\t<li>Digital Commerce: Marktplatz Zermatt \u2013 Matterhorn<\/li>\r\n\t<li>Innovation: Accessibility von Live-Events demokratisieren<\/li>\r\n\t<li>Marketing: Bucher Connect Serviceplattform<\/li>\r\n\t<li>Performance Campaigns: Die Lehrstellen-Kampagne f\u00fcr die Gen Z<\/li>\r\n\t<li>Productivity: Bucher Connect Serviceplattform<\/li>\r\n\t<li>Public Value: Accessibility von Live-Events demokratisieren<\/li>\r\n\t<li>Technology: Bucher Connect Serviceplattform<\/li>\r\n\t<li>User Experience: Bilder der Schweiz Online<\/li>\r\n<\/ul>\r\n<p><em>(<a href=\"https:\/\/www.netzwoche.ch\/news\/2025-04-03\/bucher-connect-serviceplattform-ist-master-of-swiss-web\" rel=\"noopener\">Jo\u00ebl Orizet\/tme\/<\/a>swi)<\/em><\/p>\r\n<p>&nbsp;<\/p>","protected":false},"excerpt":{"rendered":"<p>\u00abBucher Connect Serviceplattform\u00bb holt sich den Master-Titel von Best of Swiss Web 2025. Auftraggeber ist Bucher Municipal, entwickelt wurde das Projekt von Eyekon und Intelliact. Der Goldbach Crossmedia Award geht an Arosa Tourismus, der Publikumspreis an die Airline Swiss.<\/p>\n","protected":false},"author":8,"featured_media":0,"comment_status":"closed","ping_status":"closed","sticky":false,"template":"","format":"standard","meta":{"_acf_changed":false,"_yoast_wpseo_focuskw":"Master of Swiss Web","_yoast_wpseo_metadesc":"Der neue Master of Swiss Web ist \u00abBucher Connect Serviceplattform\u00bb. Auftraggeber ist Bucher Municipal, umgesetzt von Eyekon und Intelliact.","articlekey":"","footnotes":""},"categories":[29],"tags":[66,4215,4703],"class_list":["post-37439","post","type-post","status-publish","format-standard","hentry","category-marketing","tag-awards","tag-best-of-swiss-web","tag-goldbach-crossmedia-award"],"acf":[],"yoast_head":"<!-- This site is optimized with the Yoast SEO plugin v27.5 - https:\/\/yoast.com\/product\/yoast-seo-wordpress\/ -->\n<title>Bucher ist \u00abMaster of Swiss Web\u00bb, Crossmedia-Award f\u00fcr Arosa Tourismus - Organisator<\/title>\n<meta name=\"description\" content=\"Der neue Master of Swiss Web ist \u00abBucher Connect Serviceplattform\u00bb. Auftraggeber ist Bucher Municipal, umgesetzt von Eyekon und Intelliact.\" \/>\n<meta name=\"robots\" content=\"index, follow, max-snippet:-1, max-image-preview:large, max-video-preview:-1\" \/>\n<link rel=\"canonical\" href=\"https:\/\/www.organisator.ch\/de\/marketing\/2025-04-03\/bucher-ist-master-of-swiss-web-crossmedia-award-fuer-arosa-tourismus\/\" \/>\n<meta property=\"og:locale\" content=\"de_DE\" \/>\n<meta property=\"og:type\" content=\"article\" \/>\n<meta property=\"og:title\" content=\"Bucher ist \u00abMaster of Swiss Web\u00bb, Crossmedia-Award f\u00fcr Arosa Tourismus - Organisator\" \/>\n<meta property=\"og:description\" content=\"Der neue Master of Swiss Web ist \u00abBucher Connect Serviceplattform\u00bb. Auftraggeber ist Bucher Municipal, umgesetzt von Eyekon und Intelliact.\" \/>\n<meta property=\"og:url\" content=\"https:\/\/www.organisator.ch\/de\/marketing\/2025-04-03\/bucher-ist-master-of-swiss-web-crossmedia-award-fuer-arosa-tourismus\/\" \/>\n<meta property=\"og:site_name\" content=\"Organisator\" \/>\n<meta property=\"article:publisher\" content=\"https:\/\/www.facebook.com\/OrganisatorFachmagazin\" \/>\n<meta property=\"article:published_time\" content=\"2025-04-03T21:32:09+00:00\" \/>\n<meta property=\"article:modified_time\" content=\"2025-04-04T05:18:30+00:00\" \/>\n<meta name=\"author\" content=\"galledia\" \/>\n<meta name=\"twitter:card\" content=\"summary_large_image\" \/>\n<meta name=\"twitter:creator\" content=\"@admin\" \/>\n<script type=\"application\/ld+json\" class=\"yoast-schema-graph\">{\"@context\":\"https:\\\/\\\/schema.org\",\"@graph\":[{\"@type\":\"Article\",\"@id\":\"https:\\\/\\\/www.organisator.ch\\\/marketing\\\/2025-04-03\\\/bucher-ist-master-of-swiss-web-crossmedia-award-fuer-arosa-tourismus\\\/#article\",\"isPartOf\":{\"@id\":\"https:\\\/\\\/www.organisator.ch\\\/marketing\\\/2025-04-03\\\/bucher-ist-master-of-swiss-web-crossmedia-award-fuer-arosa-tourismus\\\/\"},\"author\":{\"name\":\"galledia\",\"@id\":\"https:\\\/\\\/www.organisator.ch\\\/#\\\/schema\\\/person\\\/4e51799071cd2dd1232ac003643ef5f0\"},\"headline\":\"Bucher ist \u00abMaster of Swiss Web\u00bb, Crossmedia-Award f\u00fcr Arosa Tourismus\",\"datePublished\":\"2025-04-03T21:32:09+00:00\",\"dateModified\":\"2025-04-04T05:18:30+00:00\",\"mainEntityOfPage\":{\"@id\":\"https:\\\/\\\/www.organisator.ch\\\/marketing\\\/2025-04-03\\\/bucher-ist-master-of-swiss-web-crossmedia-award-fuer-arosa-tourismus\\\/\"},\"wordCount\":511,\"publisher\":{\"@id\":\"https:\\\/\\\/www.organisator.ch\\\/#organization\"},\"image\":{\"@id\":\"https:\\\/\\\/www.organisator.ch\\\/marketing\\\/2025-04-03\\\/bucher-ist-master-of-swiss-web-crossmedia-award-fuer-arosa-tourismus\\\/#primaryimage\"},\"thumbnailUrl\":\"https:\\\/\\\/www.markt-kom.com\\\/wp-content\\\/uploads\\\/2025\\\/04\\\/20250403_Best_of_Swiss_Web_Award_Zurich_2552.jpg\",\"keywords\":[\"Awards\",\"Best of Swiss Web\",\"Goldbach Crossmedia Award\"],\"articleSection\":[\"MARKETING\"],\"inLanguage\":\"de\"},{\"@type\":\"WebPage\",\"@id\":\"https:\\\/\\\/www.organisator.ch\\\/marketing\\\/2025-04-03\\\/bucher-ist-master-of-swiss-web-crossmedia-award-fuer-arosa-tourismus\\\/\",\"url\":\"https:\\\/\\\/www.organisator.ch\\\/marketing\\\/2025-04-03\\\/bucher-ist-master-of-swiss-web-crossmedia-award-fuer-arosa-tourismus\\\/\",\"name\":\"Bucher ist \u00abMaster of Swiss Web\u00bb, Crossmedia-Award f\u00fcr Arosa Tourismus - Organisator\",\"isPartOf\":{\"@id\":\"https:\\\/\\\/www.organisator.ch\\\/#website\"},\"primaryImageOfPage\":{\"@id\":\"https:\\\/\\\/www.organisator.ch\\\/marketing\\\/2025-04-03\\\/bucher-ist-master-of-swiss-web-crossmedia-award-fuer-arosa-tourismus\\\/#primaryimage\"},\"image\":{\"@id\":\"https:\\\/\\\/www.organisator.ch\\\/marketing\\\/2025-04-03\\\/bucher-ist-master-of-swiss-web-crossmedia-award-fuer-arosa-tourismus\\\/#primaryimage\"},\"thumbnailUrl\":\"https:\\\/\\\/www.markt-kom.com\\\/wp-content\\\/uploads\\\/2025\\\/04\\\/20250403_Best_of_Swiss_Web_Award_Zurich_2552.jpg\",\"datePublished\":\"2025-04-03T21:32:09+00:00\",\"dateModified\":\"2025-04-04T05:18:30+00:00\",\"description\":\"Der neue Master of Swiss Web ist \u00abBucher Connect Serviceplattform\u00bb. Auftraggeber ist Bucher Municipal, umgesetzt von Eyekon und Intelliact.\",\"breadcrumb\":{\"@id\":\"https:\\\/\\\/www.organisator.ch\\\/marketing\\\/2025-04-03\\\/bucher-ist-master-of-swiss-web-crossmedia-award-fuer-arosa-tourismus\\\/#breadcrumb\"},\"inLanguage\":\"de\",\"potentialAction\":[{\"@type\":\"ReadAction\",\"target\":[\"https:\\\/\\\/www.organisator.ch\\\/marketing\\\/2025-04-03\\\/bucher-ist-master-of-swiss-web-crossmedia-award-fuer-arosa-tourismus\\\/\"]}]},{\"@type\":\"ImageObject\",\"inLanguage\":\"de\",\"@id\":\"https:\\\/\\\/www.organisator.ch\\\/marketing\\\/2025-04-03\\\/bucher-ist-master-of-swiss-web-crossmedia-award-fuer-arosa-tourismus\\\/#primaryimage\",\"url\":\"https:\\\/\\\/www.markt-kom.com\\\/wp-content\\\/uploads\\\/2025\\\/04\\\/20250403_Best_of_Swiss_Web_Award_Zurich_2552.jpg\",\"contentUrl\":\"https:\\\/\\\/www.markt-kom.com\\\/wp-content\\\/uploads\\\/2025\\\/04\\\/20250403_Best_of_Swiss_Web_Award_Zurich_2552.jpg\"},{\"@type\":\"BreadcrumbList\",\"@id\":\"https:\\\/\\\/www.organisator.ch\\\/marketing\\\/2025-04-03\\\/bucher-ist-master-of-swiss-web-crossmedia-award-fuer-arosa-tourismus\\\/#breadcrumb\",\"itemListElement\":[{\"@type\":\"ListItem\",\"position\":1,\"name\":\"Home\",\"item\":\"https:\\\/\\\/www.organisator.ch\\\/\"},{\"@type\":\"ListItem\",\"position\":2,\"name\":\"Bucher ist \u00abMaster of Swiss Web\u00bb, Crossmedia-Award f\u00fcr Arosa Tourismus\"}]},{\"@type\":\"WebSite\",\"@id\":\"https:\\\/\\\/www.organisator.ch\\\/#website\",\"url\":\"https:\\\/\\\/www.organisator.ch\\\/\",\"name\":\"Organisator\",\"description\":\"Kompetent. Praxisnah. Der ORGANISATOR bereitet in 10 Ausgaben pro Jahr die wesentlichen Themen f\u00fcr F\u00fchrungskr\u00e4fte von KMU auf.\",\"publisher\":{\"@id\":\"https:\\\/\\\/www.organisator.ch\\\/#organization\"},\"potentialAction\":[{\"@type\":\"SearchAction\",\"target\":{\"@type\":\"EntryPoint\",\"urlTemplate\":\"https:\\\/\\\/www.organisator.ch\\\/?s={search_term_string}\"},\"query-input\":{\"@type\":\"PropertyValueSpecification\",\"valueRequired\":true,\"valueName\":\"search_term_string\"}}],\"inLanguage\":\"de\"},{\"@type\":\"Organization\",\"@id\":\"https:\\\/\\\/www.organisator.ch\\\/#organization\",\"name\":\"Organisator\",\"url\":\"https:\\\/\\\/www.organisator.ch\\\/\",\"logo\":{\"@type\":\"ImageObject\",\"inLanguage\":\"de\",\"@id\":\"https:\\\/\\\/www.organisator.ch\\\/#\\\/schema\\\/logo\\\/image\\\/\",\"url\":\"https:\\\/\\\/www.organisator.ch\\\/wp-content\\\/uploads\\\/2022\\\/01\\\/Logo_Organisator_Website.png\",\"contentUrl\":\"https:\\\/\\\/www.organisator.ch\\\/wp-content\\\/uploads\\\/2022\\\/01\\\/Logo_Organisator_Website.png\",\"width\":800,\"height\":77,\"caption\":\"Organisator\"},\"image\":{\"@id\":\"https:\\\/\\\/www.organisator.ch\\\/#\\\/schema\\\/logo\\\/image\\\/\"},\"sameAs\":[\"https:\\\/\\\/www.facebook.com\\\/OrganisatorFachmagazin\",\"https:\\\/\\\/www.linkedin.com\\\/showcase\\\/organisator-das-magazin-fr-kmu\",\"https:\\\/\\\/www.xing.com\\\/news\\\/pages\\\/organisator-ch-695\",\"https:\\\/\\\/www.youtube.com\\\/channel\\\/UCGP2Sq0iWaZwT3BdIAQFYpw\"]},{\"@type\":\"Person\",\"@id\":\"https:\\\/\\\/www.organisator.ch\\\/#\\\/schema\\\/person\\\/4e51799071cd2dd1232ac003643ef5f0\",\"name\":\"galledia\",\"image\":{\"@type\":\"ImageObject\",\"inLanguage\":\"de\",\"@id\":\"https:\\\/\\\/secure.gravatar.com\\\/avatar\\\/78a7f90c01fc2bfc875782a0d4922b37cde2cf184ce347b91316d23cd7f69a36?s=96&d=mm&r=g\",\"url\":\"https:\\\/\\\/secure.gravatar.com\\\/avatar\\\/78a7f90c01fc2bfc875782a0d4922b37cde2cf184ce347b91316d23cd7f69a36?s=96&d=mm&r=g\",\"contentUrl\":\"https:\\\/\\\/secure.gravatar.com\\\/avatar\\\/78a7f90c01fc2bfc875782a0d4922b37cde2cf184ce347b91316d23cd7f69a36?s=96&d=mm&r=g\",\"caption\":\"galledia\"},\"sameAs\":[\"https:\\\/\\\/x.com\\\/admin\"],\"url\":\"https:\\\/\\\/www.organisator.ch\\\/de\\\/author\\\/galledia\\\/\"}]}<\/script>\n<!-- \/ Yoast SEO plugin. -->","yoast_head_json":{"title":"Bucher ist \u00abMaster of Swiss Web\u00bb, Crossmedia-Award f\u00fcr Arosa Tourismus - Organisator","description":"Der neue Master of Swiss Web ist \u00abBucher Connect Serviceplattform\u00bb. Auftraggeber ist Bucher Municipal, umgesetzt von Eyekon und Intelliact.","robots":{"index":"index","follow":"follow","max-snippet":"max-snippet:-1","max-image-preview":"max-image-preview:large","max-video-preview":"max-video-preview:-1"},"canonical":"https:\/\/www.organisator.ch\/de\/marketing\/2025-04-03\/bucher-ist-master-of-swiss-web-crossmedia-award-fuer-arosa-tourismus\/","og_locale":"de_DE","og_type":"article","og_title":"Bucher ist \u00abMaster of Swiss Web\u00bb, Crossmedia-Award f\u00fcr Arosa Tourismus - Organisator","og_description":"Der neue Master of Swiss Web ist \u00abBucher Connect Serviceplattform\u00bb. Auftraggeber ist Bucher Municipal, umgesetzt von Eyekon und Intelliact.","og_url":"https:\/\/www.organisator.ch\/de\/marketing\/2025-04-03\/bucher-ist-master-of-swiss-web-crossmedia-award-fuer-arosa-tourismus\/","og_site_name":"Organisator","article_publisher":"https:\/\/www.facebook.com\/OrganisatorFachmagazin","article_published_time":"2025-04-03T21:32:09+00:00","article_modified_time":"2025-04-04T05:18:30+00:00","author":"galledia","twitter_card":"summary_large_image","twitter_creator":"@admin","schema":{"@context":"https:\/\/schema.org","@graph":[{"@type":"Article","@id":"https:\/\/www.organisator.ch\/marketing\/2025-04-03\/bucher-ist-master-of-swiss-web-crossmedia-award-fuer-arosa-tourismus\/#article","isPartOf":{"@id":"https:\/\/www.organisator.ch\/marketing\/2025-04-03\/bucher-ist-master-of-swiss-web-crossmedia-award-fuer-arosa-tourismus\/"},"author":{"name":"galledia","@id":"https:\/\/www.organisator.ch\/#\/schema\/person\/4e51799071cd2dd1232ac003643ef5f0"},"headline":"Bucher ist \u00abMaster of Swiss Web\u00bb, Crossmedia-Award f\u00fcr Arosa Tourismus","datePublished":"2025-04-03T21:32:09+00:00","dateModified":"2025-04-04T05:18:30+00:00","mainEntityOfPage":{"@id":"https:\/\/www.organisator.ch\/marketing\/2025-04-03\/bucher-ist-master-of-swiss-web-crossmedia-award-fuer-arosa-tourismus\/"},"wordCount":511,"publisher":{"@id":"https:\/\/www.organisator.ch\/#organization"},"image":{"@id":"https:\/\/www.organisator.ch\/marketing\/2025-04-03\/bucher-ist-master-of-swiss-web-crossmedia-award-fuer-arosa-tourismus\/#primaryimage"},"thumbnailUrl":"https:\/\/www.markt-kom.com\/wp-content\/uploads\/2025\/04\/20250403_Best_of_Swiss_Web_Award_Zurich_2552.jpg","keywords":["Awards","Best of Swiss Web","Goldbach Crossmedia Award"],"articleSection":["MARKETING"],"inLanguage":"de"},{"@type":"WebPage","@id":"https:\/\/www.organisator.ch\/marketing\/2025-04-03\/bucher-ist-master-of-swiss-web-crossmedia-award-fuer-arosa-tourismus\/","url":"https:\/\/www.organisator.ch\/marketing\/2025-04-03\/bucher-ist-master-of-swiss-web-crossmedia-award-fuer-arosa-tourismus\/","name":"Bucher ist \u00abMaster of Swiss Web\u00bb, Crossmedia-Award f\u00fcr Arosa Tourismus - Organisator","isPartOf":{"@id":"https:\/\/www.organisator.ch\/#website"},"primaryImageOfPage":{"@id":"https:\/\/www.organisator.ch\/marketing\/2025-04-03\/bucher-ist-master-of-swiss-web-crossmedia-award-fuer-arosa-tourismus\/#primaryimage"},"image":{"@id":"https:\/\/www.organisator.ch\/marketing\/2025-04-03\/bucher-ist-master-of-swiss-web-crossmedia-award-fuer-arosa-tourismus\/#primaryimage"},"thumbnailUrl":"https:\/\/www.markt-kom.com\/wp-content\/uploads\/2025\/04\/20250403_Best_of_Swiss_Web_Award_Zurich_2552.jpg","datePublished":"2025-04-03T21:32:09+00:00","dateModified":"2025-04-04T05:18:30+00:00","description":"Der neue Master of Swiss Web ist \u00abBucher Connect Serviceplattform\u00bb. Auftraggeber ist Bucher Municipal, umgesetzt von Eyekon und Intelliact.","breadcrumb":{"@id":"https:\/\/www.organisator.ch\/marketing\/2025-04-03\/bucher-ist-master-of-swiss-web-crossmedia-award-fuer-arosa-tourismus\/#breadcrumb"},"inLanguage":"de","potentialAction":[{"@type":"ReadAction","target":["https:\/\/www.organisator.ch\/marketing\/2025-04-03\/bucher-ist-master-of-swiss-web-crossmedia-award-fuer-arosa-tourismus\/"]}]},{"@type":"ImageObject","inLanguage":"de","@id":"https:\/\/www.organisator.ch\/marketing\/2025-04-03\/bucher-ist-master-of-swiss-web-crossmedia-award-fuer-arosa-tourismus\/#primaryimage","url":"https:\/\/www.markt-kom.com\/wp-content\/uploads\/2025\/04\/20250403_Best_of_Swiss_Web_Award_Zurich_2552.jpg","contentUrl":"https:\/\/www.markt-kom.com\/wp-content\/uploads\/2025\/04\/20250403_Best_of_Swiss_Web_Award_Zurich_2552.jpg"},{"@type":"BreadcrumbList","@id":"https:\/\/www.organisator.ch\/marketing\/2025-04-03\/bucher-ist-master-of-swiss-web-crossmedia-award-fuer-arosa-tourismus\/#breadcrumb","itemListElement":[{"@type":"ListItem","position":1,"name":"Home","item":"https:\/\/www.organisator.ch\/"},{"@type":"ListItem","position":2,"name":"Bucher ist \u00abMaster of Swiss Web\u00bb, Crossmedia-Award f\u00fcr Arosa Tourismus"}]},{"@type":"WebSite","@id":"https:\/\/www.organisator.ch\/#website","url":"https:\/\/www.organisator.ch\/","name":"Organisator","description":"Kompetent. Praxisnah. Der ORGANISATOR bereitet in 10 Ausgaben pro Jahr die wesentlichen Themen f\u00fcr F\u00fchrungskr\u00e4fte von KMU auf.","publisher":{"@id":"https:\/\/www.organisator.ch\/#organization"},"potentialAction":[{"@type":"SearchAction","target":{"@type":"EntryPoint","urlTemplate":"https:\/\/www.organisator.ch\/?s={search_term_string}"},"query-input":{"@type":"PropertyValueSpecification","valueRequired":true,"valueName":"search_term_string"}}],"inLanguage":"de"},{"@type":"Organization","@id":"https:\/\/www.organisator.ch\/#organization","name":"Organisator","url":"https:\/\/www.organisator.ch\/","logo":{"@type":"ImageObject","inLanguage":"de","@id":"https:\/\/www.organisator.ch\/#\/schema\/logo\/image\/","url":"https:\/\/www.organisator.ch\/wp-content\/uploads\/2022\/01\/Logo_Organisator_Website.png","contentUrl":"https:\/\/www.organisator.ch\/wp-content\/uploads\/2022\/01\/Logo_Organisator_Website.png","width":800,"height":77,"caption":"Organisator"},"image":{"@id":"https:\/\/www.organisator.ch\/#\/schema\/logo\/image\/"},"sameAs":["https:\/\/www.facebook.com\/OrganisatorFachmagazin","https:\/\/www.linkedin.com\/showcase\/organisator-das-magazin-fr-kmu","https:\/\/www.xing.com\/news\/pages\/organisator-ch-695","https:\/\/www.youtube.com\/channel\/UCGP2Sq0iWaZwT3BdIAQFYpw"]},{"@type":"Person","@id":"https:\/\/www.organisator.ch\/#\/schema\/person\/4e51799071cd2dd1232ac003643ef5f0","name":"galledia","image":{"@type":"ImageObject","inLanguage":"de","@id":"https:\/\/secure.gravatar.com\/avatar\/78a7f90c01fc2bfc875782a0d4922b37cde2cf184ce347b91316d23cd7f69a36?s=96&d=mm&r=g","url":"https:\/\/secure.gravatar.com\/avatar\/78a7f90c01fc2bfc875782a0d4922b37cde2cf184ce347b91316d23cd7f69a36?s=96&d=mm&r=g","contentUrl":"https:\/\/secure.gravatar.com\/avatar\/78a7f90c01fc2bfc875782a0d4922b37cde2cf184ce347b91316d23cd7f69a36?s=96&d=mm&r=g","caption":"galledia"},"sameAs":["https:\/\/x.com\/admin"],"url":"https:\/\/www.organisator.ch\/de\/author\/galledia\/"}]}},"_links":{"self":[{"href":"https:\/\/www.organisator.ch\/de\/wp-json\/wp\/v2\/posts\/37439","targetHints":{"allow":["GET"]}}],"collection":[{"href":"https:\/\/www.organisator.ch\/de\/wp-json\/wp\/v2\/posts"}],"about":[{"href":"https:\/\/www.organisator.ch\/de\/wp-json\/wp\/v2\/types\/post"}],"author":[{"embeddable":true,"href":"https:\/\/www.organisator.ch\/de\/wp-json\/wp\/v2\/users\/8"}],"replies":[{"embeddable":true,"href":"https:\/\/www.organisator.ch\/de\/wp-json\/wp\/v2\/comments?post=37439"}],"version-history":[{"count":6,"href":"https:\/\/www.organisator.ch\/de\/wp-json\/wp\/v2\/posts\/37439\/revisions"}],"predecessor-version":[{"id":37444,"href":"https:\/\/www.organisator.ch\/de\/wp-json\/wp\/v2\/posts\/37439\/revisions\/37444"}],"wp:attachment":[{"href":"https:\/\/www.organisator.ch\/de\/wp-json\/wp\/v2\/media?parent=37439"}],"wp:term":[{"taxonomy":"category","embeddable":true,"href":"https:\/\/www.organisator.ch\/de\/wp-json\/wp\/v2\/categories?post=37439"},{"taxonomy":"post_tag","embeddable":true,"href":"https:\/\/www.organisator.ch\/de\/wp-json\/wp\/v2\/tags?post=37439"}],"curies":[{"name":"wp","href":"https:\/\/api.w.org\/{rel}","templated":true}]}}