{"id":37476,"date":"2025-04-07T11:04:14","date_gmt":"2025-04-07T09:04:14","guid":{"rendered":"https:\/\/www.organisator.ch\/?p=37476"},"modified":"2025-04-07T11:04:14","modified_gmt":"2025-04-07T09:04:14","slug":"hochkaraetige-gaeste-diskutieren-die-zukunft-der-modellregion-suedostschweiz","status":"publish","type":"post","link":"https:\/\/www.organisator.ch\/de\/management\/2025-04-07\/hochkaraetige-gaeste-diskutieren-die-zukunft-der-modellregion-suedostschweiz\/","title":{"rendered":"Hochkar\u00e4tige G\u00e4ste diskutieren die Zukunft der Modellregion S\u00fcdostschweiz"},"content":{"rendered":"<figure id=\"attachment_37477\" aria-describedby=\"caption-attachment-37477\" style=\"width: 680px\" class=\"wp-caption alignnone\"><img loading=\"lazy\" decoding=\"async\" class=\"size-full wp-image-37477\" src=\"https:\/\/www.organisator.ch\/wp-content\/uploads\/2025\/04\/Hochkaraetige-Gaeste-diskutieren-die-Zukunft-der-Modellregion-Suedostschweiz_Organisator.jpg\" alt=\"\" width=\"680\" height=\"383\" srcset=\"https:\/\/www.organisator.ch\/wp-content\/uploads\/2025\/04\/Hochkaraetige-Gaeste-diskutieren-die-Zukunft-der-Modellregion-Suedostschweiz_Organisator.jpg 680w, https:\/\/www.organisator.ch\/wp-content\/uploads\/2025\/04\/Hochkaraetige-Gaeste-diskutieren-die-Zukunft-der-Modellregion-Suedostschweiz_Organisator-18x10.jpg 18w, https:\/\/www.organisator.ch\/wp-content\/uploads\/2025\/04\/Hochkaraetige-Gaeste-diskutieren-die-Zukunft-der-Modellregion-Suedostschweiz_Organisator-375x211.jpg 375w, https:\/\/www.organisator.ch\/wp-content\/uploads\/2025\/04\/Hochkaraetige-Gaeste-diskutieren-die-Zukunft-der-Modellregion-Suedostschweiz_Organisator-621x350.jpg 621w\" sizes=\"auto, (max-width: 680px) 100vw, 680px\" \/><figcaption id=\"caption-attachment-37477\" class=\"wp-caption-text\">Die Speakerinnen und Speaker am diesj\u00e4hrigen Wirtschaftsforum S\u00fcdostschweiz. (Bild: zVg \/ Verein Wirtschaftsforum S\u00fcdostschweiz)<\/figcaption><\/figure>\n<p>Das Wirtschaftsforum S\u00fcdostschweiz ist seit \u00fcber einem Vierteljahrhundert der zentrale Treffpunkt f\u00fcr Entscheidungspersonen aus der S\u00fcdostschweiz. Jedes Jahr treffen sich mehrere Hundert G\u00e4ste, um \u00fcber aktuelle Chancen und Herausforderungen f\u00fcr die Region zu diskutieren. Hochkar\u00e4tige Referentinnen und Referenten sowie einzigartige Netzwerkm\u00f6glichkeiten verwandeln den Anlass zum wichtigsten Treffpunkt von Wirtschaft, Politik und Wissenschaft in der S\u00fcdostschweiz.<\/p>\n<p>Das 27. Wirtschaftsforum S\u00fcdostschweiz wird am 26. August 2025 in der Stadthalle Chur unter dem Motto \u00abZukunft gestalten \u2013 Modellregion S\u00fcdostschweiz\u00bb \u00fcber die B\u00fchne. Namhafte Vertreterinnen und Vertreter aus Politik, Wirtschaft und Wissenschaft sprechen dar\u00fcber, wie zukunftsweisende Innovationen und moderne Technologien die Zukunft der S\u00fcdostschweiz gestalten k\u00f6nnen.<\/p>\n<h3>EMS-Chefin im Gespr\u00e4ch<\/h3>\n<p>Nach der Begr\u00fcssung durch Moderatorin Mona Vetsch gibt der B\u00fcndner \u00d6konom Rudolf Minsch einen aktuellen Ausblick auf die Konjunkturlage. Der Chef\u00f6konom von economiesuisse geht dabei insbesondere auf die Auswirkungen der globalen Entwicklungen auf die S\u00fcdostschweiz ein. Anschliessend spricht die bekannte B\u00fcndner Unternehmerin und Politikerin Magdalena Martullo-Blocher \u00fcber wirtschaftliche und politische Chancen und Herausforderungen f\u00fcr die Region. Sie ist Mehrheitsaktion\u00e4rin sowie Delegierte des Verwaltungsrates der EMS-Gruppe. Das Unternehmen mit Hauptsitz in Domat\/Ems ist der gr\u00f6sste private Arbeitgeber im Kanton Graub\u00fcnden. Ausserdem ist sie Nationalr\u00e4tin f\u00fcr den Kanton Graub\u00fcnden und Vizepr\u00e4sidentin der SVP Schweiz.<\/p>\n<p>Eine hochprozentige Innovation aus der S\u00fcdostschweiz hat der B\u00fcndner Jan \u00abSm\u00fcde\u00bb Edelbauer gemeinsam mit seinem Kollegen Marco Egli entwickelt. Sie stellen B\u00fcndner Minze selbst her und arbeiten mit Gastronomie und Detailhandel zusammen, um den Lik\u00f6r schweizweit zu etablieren. Jan Edelbauer gibt einen Einblick, wie der Sprung von der Garage in die Gastronomie gelungen ist.<\/p>\n<h3>KI-Hub und Tourismusdestination<\/h3>\n<p>Nach der Erfrischungspause zeigt der Neurowissenschaftler und KI-Experte Pascal Kaufmann, welches Potenzial die K\u00fcnstliche Intelligenz f\u00fcr die Wirtschaftsregion hat. Kaufmann hat mehrere Technologiefirmen wie Alpine AI und Lab42 gegr\u00fcndet und will nun Davos zum Forschungszentrum f\u00fcr eine \u00abpolitisch neutrale\u00bb K\u00fcnstliche Intelligenz machen.<br \/>\nAuf dem Panel diskutieren Hotelier Andreas Z\u00fcllig und Eventorganisatorin Luana Bergmanin \u00fcber die aktuellen Chancen und Herausforderungen im Tourismus. Der Gastgeber des Hotels Schweizerhof und die OK-Pr\u00e4sidentin der Biathlon-WM 2025 sprechen gemeinsam dar\u00fcber, wie Tourismusdestinationen wie Lenzerheide nachhaltig weiterentwickelt werden k\u00f6nnen.<\/p>\n<p>Zum Abschluss der Veranstaltung betreten die Erfolgsautoren Mikael Krogerus &amp; Roman Tsch\u00e4ppeler die B\u00fchne. In ihrem ebenso unterhaltsamen wie informativen Vortrag erkl\u00e4ren sie mit wenigen Strichen an der Wandtafel, warum uns Entscheidungen so schwerfallen, und was wir machen k\u00f6nnen, um sie doch zu treffen.<\/p>\n<h3>Kulinarische \u00dcberraschungen<\/h3>\n<p>Das Wirtschaftsforum S\u00fcdostschweiz bietet erneut attraktive M\u00f6glichkeiten, damit sich die G\u00e4ste vernetzen und austauschen k\u00f6nnen. In der Erfrischungspause werden die Teilnehmerinnen und Teilnehmer kulinarisch ebenso verw\u00f6hnt wie beim abschliessenden Networking-Ap\u00e9ro.<\/p>\n<p>Das Wirtschaftsforum S\u00fcdostschweiz wird von zahlreichen Partnern und Organisationen getragen. Hauptpartner sind GKB, \u00d6KK und Domenig. Wissenspartner sind die Fachhochschule Graub\u00fcnden, die ibW H\u00f6here Fachschule S\u00fcdostschweiz und die Universit\u00e4t Liechtenstein. Die Veranstalter erwarten mehrere Hundert G\u00e4ste am diesj\u00e4hrigen Wirtschaftsforum S\u00fcdostschweiz.<\/p>\n<p><em>Quelle und weitere Informationen: <a href=\"http:\/\/www.wifo-suedostschweiz.ch\">www.wifo-suedostschweiz.ch<\/a><\/em><\/p>\n","protected":false},"excerpt":{"rendered":"<p>Das Wirtschaftsforum S\u00fcdostschweiz ist ein Pflichttermin f\u00fcr Entscheidungstr\u00e4ger aus Wirtschaft, Politik und Wissenschaft. Am 26. August 2025 diskutieren unter anderem Unternehmerin Magdalena Martullo-Blocher, \u00d6konom Rudolf Minsch, KI-Experte Pascal Kaufmann und die Erfolgsautoren Mikael Krogerus und Roman Tsch\u00e4ppeler \u00fcber die Zukunft der S\u00fcdostschweiz.<\/p>\n","protected":false},"author":4,"featured_media":37477,"comment_status":"closed","ping_status":"closed","sticky":false,"template":"","format":"standard","meta":{"_acf_changed":false,"_yoast_wpseo_focuskw":"S\u00fcdostschweiz","_yoast_wpseo_metadesc":"Das Wirtschaftsforum S\u00fcdostschweiz am 26. August 2025 ist ein Pflichttermin f\u00fcr Entscheidungstr\u00e4ger aus Wirtschaft, Politik und Wissenschaft.","articlekey":"","footnotes":""},"categories":[28],"tags":[193,335,2434,531],"class_list":["post-37476","post","type-post","status-publish","format-standard","has-post-thumbnail","hentry","category-management","tag-fachkongressfachmesse","tag-management-und-unternehmensfuehrung","tag-veranstaltung","tag-wirtschaftspolitik"],"acf":[],"yoast_head":"<!-- This site is optimized with the Yoast SEO plugin v27.4 - https:\/\/yoast.com\/product\/yoast-seo-wordpress\/ -->\n<title>Hochkar\u00e4tige G\u00e4ste diskutieren die Zukunft der Modellregion S\u00fcdostschweiz - Organisator<\/title>\n<meta name=\"description\" content=\"Das Wirtschaftsforum S\u00fcdostschweiz am 26. August 2025 ist ein Pflichttermin f\u00fcr Entscheidungstr\u00e4ger aus Wirtschaft, Politik und Wissenschaft.\" \/>\n<meta name=\"robots\" content=\"index, follow, max-snippet:-1, max-image-preview:large, max-video-preview:-1\" \/>\n<link rel=\"canonical\" href=\"https:\/\/www.organisator.ch\/de\/management\/2025-04-07\/hochkaraetige-gaeste-diskutieren-die-zukunft-der-modellregion-suedostschweiz\/\" \/>\n<meta property=\"og:locale\" content=\"de_DE\" \/>\n<meta property=\"og:type\" content=\"article\" \/>\n<meta property=\"og:title\" content=\"Hochkar\u00e4tige G\u00e4ste diskutieren die Zukunft der Modellregion S\u00fcdostschweiz - Organisator\" \/>\n<meta property=\"og:description\" content=\"Das Wirtschaftsforum S\u00fcdostschweiz am 26. August 2025 ist ein Pflichttermin f\u00fcr Entscheidungstr\u00e4ger aus Wirtschaft, Politik und Wissenschaft.\" \/>\n<meta property=\"og:url\" content=\"https:\/\/www.organisator.ch\/de\/management\/2025-04-07\/hochkaraetige-gaeste-diskutieren-die-zukunft-der-modellregion-suedostschweiz\/\" \/>\n<meta property=\"og:site_name\" content=\"Organisator\" \/>\n<meta property=\"article:publisher\" content=\"https:\/\/www.facebook.com\/OrganisatorFachmagazin\" \/>\n<meta property=\"article:published_time\" content=\"2025-04-07T09:04:14+00:00\" \/>\n<meta property=\"og:image\" content=\"https:\/\/www.organisator.ch\/wp-content\/uploads\/2025\/04\/Hochkaraetige-Gaeste-diskutieren-die-Zukunft-der-Modellregion-Suedostschweiz_Organisator.jpg\" \/>\n\t<meta property=\"og:image:width\" content=\"680\" \/>\n\t<meta property=\"og:image:height\" content=\"383\" \/>\n\t<meta property=\"og:image:type\" content=\"image\/jpeg\" \/>\n<meta name=\"author\" content=\"thomas.berner\" \/>\n<meta name=\"twitter:card\" content=\"summary_large_image\" \/>\n<script type=\"application\/ld+json\" class=\"yoast-schema-graph\">{\"@context\":\"https:\\\/\\\/schema.org\",\"@graph\":[{\"@type\":\"Article\",\"@id\":\"https:\\\/\\\/www.organisator.ch\\\/management\\\/2025-04-07\\\/hochkaraetige-gaeste-diskutieren-die-zukunft-der-modellregion-suedostschweiz\\\/#article\",\"isPartOf\":{\"@id\":\"https:\\\/\\\/www.organisator.ch\\\/management\\\/2025-04-07\\\/hochkaraetige-gaeste-diskutieren-die-zukunft-der-modellregion-suedostschweiz\\\/\"},\"author\":{\"name\":\"thomas.berner\",\"@id\":\"https:\\\/\\\/www.organisator.ch\\\/#\\\/schema\\\/person\\\/6f650f90b2842cd4c0cc334b4e36f67e\"},\"headline\":\"Hochkar\u00e4tige G\u00e4ste diskutieren die Zukunft der Modellregion S\u00fcdostschweiz\",\"datePublished\":\"2025-04-07T09:04:14+00:00\",\"mainEntityOfPage\":{\"@id\":\"https:\\\/\\\/www.organisator.ch\\\/management\\\/2025-04-07\\\/hochkaraetige-gaeste-diskutieren-die-zukunft-der-modellregion-suedostschweiz\\\/\"},\"wordCount\":550,\"publisher\":{\"@id\":\"https:\\\/\\\/www.organisator.ch\\\/#organization\"},\"image\":{\"@id\":\"https:\\\/\\\/www.organisator.ch\\\/management\\\/2025-04-07\\\/hochkaraetige-gaeste-diskutieren-die-zukunft-der-modellregion-suedostschweiz\\\/#primaryimage\"},\"thumbnailUrl\":\"https:\\\/\\\/www.organisator.ch\\\/wp-content\\\/uploads\\\/2025\\\/04\\\/Hochkaraetige-Gaeste-diskutieren-die-Zukunft-der-Modellregion-Suedostschweiz_Organisator.jpg\",\"keywords\":[\"Fachkongress\\\/Fachmesse\",\"Management und Unternehmensf\u00fchrung\",\"Veranstaltung\",\"Wirtschaftspolitik\"],\"articleSection\":[\"MANAGEMENT\"],\"inLanguage\":\"de\"},{\"@type\":\"WebPage\",\"@id\":\"https:\\\/\\\/www.organisator.ch\\\/management\\\/2025-04-07\\\/hochkaraetige-gaeste-diskutieren-die-zukunft-der-modellregion-suedostschweiz\\\/\",\"url\":\"https:\\\/\\\/www.organisator.ch\\\/management\\\/2025-04-07\\\/hochkaraetige-gaeste-diskutieren-die-zukunft-der-modellregion-suedostschweiz\\\/\",\"name\":\"Hochkar\u00e4tige G\u00e4ste diskutieren die Zukunft der Modellregion S\u00fcdostschweiz - Organisator\",\"isPartOf\":{\"@id\":\"https:\\\/\\\/www.organisator.ch\\\/#website\"},\"primaryImageOfPage\":{\"@id\":\"https:\\\/\\\/www.organisator.ch\\\/management\\\/2025-04-07\\\/hochkaraetige-gaeste-diskutieren-die-zukunft-der-modellregion-suedostschweiz\\\/#primaryimage\"},\"image\":{\"@id\":\"https:\\\/\\\/www.organisator.ch\\\/management\\\/2025-04-07\\\/hochkaraetige-gaeste-diskutieren-die-zukunft-der-modellregion-suedostschweiz\\\/#primaryimage\"},\"thumbnailUrl\":\"https:\\\/\\\/www.organisator.ch\\\/wp-content\\\/uploads\\\/2025\\\/04\\\/Hochkaraetige-Gaeste-diskutieren-die-Zukunft-der-Modellregion-Suedostschweiz_Organisator.jpg\",\"datePublished\":\"2025-04-07T09:04:14+00:00\",\"description\":\"Das Wirtschaftsforum S\u00fcdostschweiz am 26. August 2025 ist ein Pflichttermin f\u00fcr Entscheidungstr\u00e4ger aus Wirtschaft, Politik und Wissenschaft.\",\"breadcrumb\":{\"@id\":\"https:\\\/\\\/www.organisator.ch\\\/management\\\/2025-04-07\\\/hochkaraetige-gaeste-diskutieren-die-zukunft-der-modellregion-suedostschweiz\\\/#breadcrumb\"},\"inLanguage\":\"de\",\"potentialAction\":[{\"@type\":\"ReadAction\",\"target\":[\"https:\\\/\\\/www.organisator.ch\\\/management\\\/2025-04-07\\\/hochkaraetige-gaeste-diskutieren-die-zukunft-der-modellregion-suedostschweiz\\\/\"]}]},{\"@type\":\"ImageObject\",\"inLanguage\":\"de\",\"@id\":\"https:\\\/\\\/www.organisator.ch\\\/management\\\/2025-04-07\\\/hochkaraetige-gaeste-diskutieren-die-zukunft-der-modellregion-suedostschweiz\\\/#primaryimage\",\"url\":\"https:\\\/\\\/www.organisator.ch\\\/wp-content\\\/uploads\\\/2025\\\/04\\\/Hochkaraetige-Gaeste-diskutieren-die-Zukunft-der-Modellregion-Suedostschweiz_Organisator.jpg\",\"contentUrl\":\"https:\\\/\\\/www.organisator.ch\\\/wp-content\\\/uploads\\\/2025\\\/04\\\/Hochkaraetige-Gaeste-diskutieren-die-Zukunft-der-Modellregion-Suedostschweiz_Organisator.jpg\",\"width\":680,\"height\":383,\"caption\":\"Die Speakerinnen und Speaker am diesj\u00e4hrigen Wirtschaftsforum S\u00fcdostschweiz. (Bild: zVg \\\/ Verein Wirtschaftsforum S\u00fcdostschweiz)\"},{\"@type\":\"BreadcrumbList\",\"@id\":\"https:\\\/\\\/www.organisator.ch\\\/management\\\/2025-04-07\\\/hochkaraetige-gaeste-diskutieren-die-zukunft-der-modellregion-suedostschweiz\\\/#breadcrumb\",\"itemListElement\":[{\"@type\":\"ListItem\",\"position\":1,\"name\":\"Home\",\"item\":\"https:\\\/\\\/www.organisator.ch\\\/\"},{\"@type\":\"ListItem\",\"position\":2,\"name\":\"Hochkar\u00e4tige G\u00e4ste diskutieren die Zukunft der Modellregion S\u00fcdostschweiz\"}]},{\"@type\":\"WebSite\",\"@id\":\"https:\\\/\\\/www.organisator.ch\\\/#website\",\"url\":\"https:\\\/\\\/www.organisator.ch\\\/\",\"name\":\"Organisator\",\"description\":\"Kompetent. Praxisnah. Der ORGANISATOR bereitet in 10 Ausgaben pro Jahr die wesentlichen Themen f\u00fcr F\u00fchrungskr\u00e4fte von KMU auf.\",\"publisher\":{\"@id\":\"https:\\\/\\\/www.organisator.ch\\\/#organization\"},\"potentialAction\":[{\"@type\":\"SearchAction\",\"target\":{\"@type\":\"EntryPoint\",\"urlTemplate\":\"https:\\\/\\\/www.organisator.ch\\\/?s={search_term_string}\"},\"query-input\":{\"@type\":\"PropertyValueSpecification\",\"valueRequired\":true,\"valueName\":\"search_term_string\"}}],\"inLanguage\":\"de\"},{\"@type\":\"Organization\",\"@id\":\"https:\\\/\\\/www.organisator.ch\\\/#organization\",\"name\":\"Organisator\",\"url\":\"https:\\\/\\\/www.organisator.ch\\\/\",\"logo\":{\"@type\":\"ImageObject\",\"inLanguage\":\"de\",\"@id\":\"https:\\\/\\\/www.organisator.ch\\\/#\\\/schema\\\/logo\\\/image\\\/\",\"url\":\"https:\\\/\\\/www.organisator.ch\\\/wp-content\\\/uploads\\\/2022\\\/01\\\/Logo_Organisator_Website.png\",\"contentUrl\":\"https:\\\/\\\/www.organisator.ch\\\/wp-content\\\/uploads\\\/2022\\\/01\\\/Logo_Organisator_Website.png\",\"width\":800,\"height\":77,\"caption\":\"Organisator\"},\"image\":{\"@id\":\"https:\\\/\\\/www.organisator.ch\\\/#\\\/schema\\\/logo\\\/image\\\/\"},\"sameAs\":[\"https:\\\/\\\/www.facebook.com\\\/OrganisatorFachmagazin\",\"https:\\\/\\\/www.linkedin.com\\\/showcase\\\/organisator-das-magazin-fr-kmu\",\"https:\\\/\\\/www.xing.com\\\/news\\\/pages\\\/organisator-ch-695\",\"https:\\\/\\\/www.youtube.com\\\/channel\\\/UCGP2Sq0iWaZwT3BdIAQFYpw\"]},{\"@type\":\"Person\",\"@id\":\"https:\\\/\\\/www.organisator.ch\\\/#\\\/schema\\\/person\\\/6f650f90b2842cd4c0cc334b4e36f67e\",\"name\":\"thomas.berner\",\"image\":{\"@type\":\"ImageObject\",\"inLanguage\":\"de\",\"@id\":\"https:\\\/\\\/secure.gravatar.com\\\/avatar\\\/ac5001d2a36cb6c6cd3e50789007ffca834b477b74a2144564522e944eabff61?s=96&d=mm&r=g\",\"url\":\"https:\\\/\\\/secure.gravatar.com\\\/avatar\\\/ac5001d2a36cb6c6cd3e50789007ffca834b477b74a2144564522e944eabff61?s=96&d=mm&r=g\",\"contentUrl\":\"https:\\\/\\\/secure.gravatar.com\\\/avatar\\\/ac5001d2a36cb6c6cd3e50789007ffca834b477b74a2144564522e944eabff61?s=96&d=mm&r=g\",\"caption\":\"thomas.berner\"},\"url\":\"https:\\\/\\\/www.organisator.ch\\\/de\\\/author\\\/thomas-berner\\\/\"}]}<\/script>\n<!-- \/ Yoast SEO plugin. -->","yoast_head_json":{"title":"Hochkar\u00e4tige G\u00e4ste diskutieren die Zukunft der Modellregion S\u00fcdostschweiz - Organisator","description":"Das Wirtschaftsforum S\u00fcdostschweiz am 26. August 2025 ist ein Pflichttermin f\u00fcr Entscheidungstr\u00e4ger aus Wirtschaft, Politik und Wissenschaft.","robots":{"index":"index","follow":"follow","max-snippet":"max-snippet:-1","max-image-preview":"max-image-preview:large","max-video-preview":"max-video-preview:-1"},"canonical":"https:\/\/www.organisator.ch\/de\/management\/2025-04-07\/hochkaraetige-gaeste-diskutieren-die-zukunft-der-modellregion-suedostschweiz\/","og_locale":"de_DE","og_type":"article","og_title":"Hochkar\u00e4tige G\u00e4ste diskutieren die Zukunft der Modellregion S\u00fcdostschweiz - Organisator","og_description":"Das Wirtschaftsforum S\u00fcdostschweiz am 26. August 2025 ist ein Pflichttermin f\u00fcr Entscheidungstr\u00e4ger aus Wirtschaft, Politik und Wissenschaft.","og_url":"https:\/\/www.organisator.ch\/de\/management\/2025-04-07\/hochkaraetige-gaeste-diskutieren-die-zukunft-der-modellregion-suedostschweiz\/","og_site_name":"Organisator","article_publisher":"https:\/\/www.facebook.com\/OrganisatorFachmagazin","article_published_time":"2025-04-07T09:04:14+00:00","og_image":[{"width":680,"height":383,"url":"https:\/\/www.organisator.ch\/wp-content\/uploads\/2025\/04\/Hochkaraetige-Gaeste-diskutieren-die-Zukunft-der-Modellregion-Suedostschweiz_Organisator.jpg","type":"image\/jpeg"}],"author":"thomas.berner","twitter_card":"summary_large_image","schema":{"@context":"https:\/\/schema.org","@graph":[{"@type":"Article","@id":"https:\/\/www.organisator.ch\/management\/2025-04-07\/hochkaraetige-gaeste-diskutieren-die-zukunft-der-modellregion-suedostschweiz\/#article","isPartOf":{"@id":"https:\/\/www.organisator.ch\/management\/2025-04-07\/hochkaraetige-gaeste-diskutieren-die-zukunft-der-modellregion-suedostschweiz\/"},"author":{"name":"thomas.berner","@id":"https:\/\/www.organisator.ch\/#\/schema\/person\/6f650f90b2842cd4c0cc334b4e36f67e"},"headline":"Hochkar\u00e4tige G\u00e4ste diskutieren die Zukunft der Modellregion S\u00fcdostschweiz","datePublished":"2025-04-07T09:04:14+00:00","mainEntityOfPage":{"@id":"https:\/\/www.organisator.ch\/management\/2025-04-07\/hochkaraetige-gaeste-diskutieren-die-zukunft-der-modellregion-suedostschweiz\/"},"wordCount":550,"publisher":{"@id":"https:\/\/www.organisator.ch\/#organization"},"image":{"@id":"https:\/\/www.organisator.ch\/management\/2025-04-07\/hochkaraetige-gaeste-diskutieren-die-zukunft-der-modellregion-suedostschweiz\/#primaryimage"},"thumbnailUrl":"https:\/\/www.organisator.ch\/wp-content\/uploads\/2025\/04\/Hochkaraetige-Gaeste-diskutieren-die-Zukunft-der-Modellregion-Suedostschweiz_Organisator.jpg","keywords":["Fachkongress\/Fachmesse","Management und Unternehmensf\u00fchrung","Veranstaltung","Wirtschaftspolitik"],"articleSection":["MANAGEMENT"],"inLanguage":"de"},{"@type":"WebPage","@id":"https:\/\/www.organisator.ch\/management\/2025-04-07\/hochkaraetige-gaeste-diskutieren-die-zukunft-der-modellregion-suedostschweiz\/","url":"https:\/\/www.organisator.ch\/management\/2025-04-07\/hochkaraetige-gaeste-diskutieren-die-zukunft-der-modellregion-suedostschweiz\/","name":"Hochkar\u00e4tige G\u00e4ste diskutieren die Zukunft der Modellregion S\u00fcdostschweiz - Organisator","isPartOf":{"@id":"https:\/\/www.organisator.ch\/#website"},"primaryImageOfPage":{"@id":"https:\/\/www.organisator.ch\/management\/2025-04-07\/hochkaraetige-gaeste-diskutieren-die-zukunft-der-modellregion-suedostschweiz\/#primaryimage"},"image":{"@id":"https:\/\/www.organisator.ch\/management\/2025-04-07\/hochkaraetige-gaeste-diskutieren-die-zukunft-der-modellregion-suedostschweiz\/#primaryimage"},"thumbnailUrl":"https:\/\/www.organisator.ch\/wp-content\/uploads\/2025\/04\/Hochkaraetige-Gaeste-diskutieren-die-Zukunft-der-Modellregion-Suedostschweiz_Organisator.jpg","datePublished":"2025-04-07T09:04:14+00:00","description":"Das Wirtschaftsforum S\u00fcdostschweiz am 26. August 2025 ist ein Pflichttermin f\u00fcr Entscheidungstr\u00e4ger aus Wirtschaft, Politik und Wissenschaft.","breadcrumb":{"@id":"https:\/\/www.organisator.ch\/management\/2025-04-07\/hochkaraetige-gaeste-diskutieren-die-zukunft-der-modellregion-suedostschweiz\/#breadcrumb"},"inLanguage":"de","potentialAction":[{"@type":"ReadAction","target":["https:\/\/www.organisator.ch\/management\/2025-04-07\/hochkaraetige-gaeste-diskutieren-die-zukunft-der-modellregion-suedostschweiz\/"]}]},{"@type":"ImageObject","inLanguage":"de","@id":"https:\/\/www.organisator.ch\/management\/2025-04-07\/hochkaraetige-gaeste-diskutieren-die-zukunft-der-modellregion-suedostschweiz\/#primaryimage","url":"https:\/\/www.organisator.ch\/wp-content\/uploads\/2025\/04\/Hochkaraetige-Gaeste-diskutieren-die-Zukunft-der-Modellregion-Suedostschweiz_Organisator.jpg","contentUrl":"https:\/\/www.organisator.ch\/wp-content\/uploads\/2025\/04\/Hochkaraetige-Gaeste-diskutieren-die-Zukunft-der-Modellregion-Suedostschweiz_Organisator.jpg","width":680,"height":383,"caption":"Die Speakerinnen und Speaker am diesj\u00e4hrigen Wirtschaftsforum S\u00fcdostschweiz. (Bild: zVg \/ Verein Wirtschaftsforum S\u00fcdostschweiz)"},{"@type":"BreadcrumbList","@id":"https:\/\/www.organisator.ch\/management\/2025-04-07\/hochkaraetige-gaeste-diskutieren-die-zukunft-der-modellregion-suedostschweiz\/#breadcrumb","itemListElement":[{"@type":"ListItem","position":1,"name":"Home","item":"https:\/\/www.organisator.ch\/"},{"@type":"ListItem","position":2,"name":"Hochkar\u00e4tige G\u00e4ste diskutieren die Zukunft der Modellregion S\u00fcdostschweiz"}]},{"@type":"WebSite","@id":"https:\/\/www.organisator.ch\/#website","url":"https:\/\/www.organisator.ch\/","name":"Organisator","description":"Kompetent. Praxisnah. Der ORGANISATOR bereitet in 10 Ausgaben pro Jahr die wesentlichen Themen f\u00fcr F\u00fchrungskr\u00e4fte von KMU auf.","publisher":{"@id":"https:\/\/www.organisator.ch\/#organization"},"potentialAction":[{"@type":"SearchAction","target":{"@type":"EntryPoint","urlTemplate":"https:\/\/www.organisator.ch\/?s={search_term_string}"},"query-input":{"@type":"PropertyValueSpecification","valueRequired":true,"valueName":"search_term_string"}}],"inLanguage":"de"},{"@type":"Organization","@id":"https:\/\/www.organisator.ch\/#organization","name":"Organisator","url":"https:\/\/www.organisator.ch\/","logo":{"@type":"ImageObject","inLanguage":"de","@id":"https:\/\/www.organisator.ch\/#\/schema\/logo\/image\/","url":"https:\/\/www.organisator.ch\/wp-content\/uploads\/2022\/01\/Logo_Organisator_Website.png","contentUrl":"https:\/\/www.organisator.ch\/wp-content\/uploads\/2022\/01\/Logo_Organisator_Website.png","width":800,"height":77,"caption":"Organisator"},"image":{"@id":"https:\/\/www.organisator.ch\/#\/schema\/logo\/image\/"},"sameAs":["https:\/\/www.facebook.com\/OrganisatorFachmagazin","https:\/\/www.linkedin.com\/showcase\/organisator-das-magazin-fr-kmu","https:\/\/www.xing.com\/news\/pages\/organisator-ch-695","https:\/\/www.youtube.com\/channel\/UCGP2Sq0iWaZwT3BdIAQFYpw"]},{"@type":"Person","@id":"https:\/\/www.organisator.ch\/#\/schema\/person\/6f650f90b2842cd4c0cc334b4e36f67e","name":"thomas.berner","image":{"@type":"ImageObject","inLanguage":"de","@id":"https:\/\/secure.gravatar.com\/avatar\/ac5001d2a36cb6c6cd3e50789007ffca834b477b74a2144564522e944eabff61?s=96&d=mm&r=g","url":"https:\/\/secure.gravatar.com\/avatar\/ac5001d2a36cb6c6cd3e50789007ffca834b477b74a2144564522e944eabff61?s=96&d=mm&r=g","contentUrl":"https:\/\/secure.gravatar.com\/avatar\/ac5001d2a36cb6c6cd3e50789007ffca834b477b74a2144564522e944eabff61?s=96&d=mm&r=g","caption":"thomas.berner"},"url":"https:\/\/www.organisator.ch\/de\/author\/thomas-berner\/"}]}},"_links":{"self":[{"href":"https:\/\/www.organisator.ch\/de\/wp-json\/wp\/v2\/posts\/37476","targetHints":{"allow":["GET"]}}],"collection":[{"href":"https:\/\/www.organisator.ch\/de\/wp-json\/wp\/v2\/posts"}],"about":[{"href":"https:\/\/www.organisator.ch\/de\/wp-json\/wp\/v2\/types\/post"}],"author":[{"embeddable":true,"href":"https:\/\/www.organisator.ch\/de\/wp-json\/wp\/v2\/users\/4"}],"replies":[{"embeddable":true,"href":"https:\/\/www.organisator.ch\/de\/wp-json\/wp\/v2\/comments?post=37476"}],"version-history":[{"count":4,"href":"https:\/\/www.organisator.ch\/de\/wp-json\/wp\/v2\/posts\/37476\/revisions"}],"predecessor-version":[{"id":37535,"href":"https:\/\/www.organisator.ch\/de\/wp-json\/wp\/v2\/posts\/37476\/revisions\/37535"}],"wp:featuredmedia":[{"embeddable":true,"href":"https:\/\/www.organisator.ch\/de\/wp-json\/wp\/v2\/media\/37477"}],"wp:attachment":[{"href":"https:\/\/www.organisator.ch\/de\/wp-json\/wp\/v2\/media?parent=37476"}],"wp:term":[{"taxonomy":"category","embeddable":true,"href":"https:\/\/www.organisator.ch\/de\/wp-json\/wp\/v2\/categories?post=37476"},{"taxonomy":"post_tag","embeddable":true,"href":"https:\/\/www.organisator.ch\/de\/wp-json\/wp\/v2\/tags?post=37476"}],"curies":[{"name":"wp","href":"https:\/\/api.w.org\/{rel}","templated":true}]}}