{"id":37491,"date":"2025-04-08T04:39:04","date_gmt":"2025-04-08T02:39:04","guid":{"rendered":"https:\/\/www.organisator.ch\/?p=37491"},"modified":"2025-04-07T14:52:39","modified_gmt":"2025-04-07T12:52:39","slug":"internationales-kickstart-innovation-programm-startet-zum-10-mal","status":"publish","type":"post","link":"https:\/\/www.organisator.ch\/de\/management\/2025-04-08\/internationales-kickstart-innovation-programm-startet-zum-10-mal\/","title":{"rendered":"Internationales Kickstart Innovation Programm startet zum 10. Mal"},"content":{"rendered":"<figure id=\"attachment_37492\" aria-describedby=\"caption-attachment-37492\" style=\"width: 680px\" class=\"wp-caption alignnone\"><img loading=\"lazy\" decoding=\"async\" class=\"size-full wp-image-37492\" src=\"https:\/\/www.organisator.ch\/wp-content\/uploads\/2025\/04\/Internationales-Kickstart-Innovation-Programm-startet-zum-10-Mal_Organisator.jpg\" alt=\"\" width=\"680\" height=\"454\" srcset=\"https:\/\/www.organisator.ch\/wp-content\/uploads\/2025\/04\/Internationales-Kickstart-Innovation-Programm-startet-zum-10-Mal_Organisator.jpg 680w, https:\/\/www.organisator.ch\/wp-content\/uploads\/2025\/04\/Internationales-Kickstart-Innovation-Programm-startet-zum-10-Mal_Organisator-18x12.jpg 18w, https:\/\/www.organisator.ch\/wp-content\/uploads\/2025\/04\/Internationales-Kickstart-Innovation-Programm-startet-zum-10-Mal_Organisator-375x250.jpg 375w, https:\/\/www.organisator.ch\/wp-content\/uploads\/2025\/04\/Internationales-Kickstart-Innovation-Programm-startet-zum-10-Mal_Organisator-524x350.jpg 524w\" sizes=\"auto, (max-width: 680px) 100vw, 680px\" \/><figcaption id=\"caption-attachment-37492\" class=\"wp-caption-text\">Das Kickstart Innovation Programm hat zum 10. Mal die Bewerbungsphase er\u00f6ffnet. (Bild: Pixabay.com)<\/figcaption><\/figure>\n<p>Schweizer Unternehmen kommen bei der Einf\u00fchrung von KI im Vergleich zu anderen L\u00e4ndern nur langsam voran, vermeldet die internationale Zero-Equity Open-Innovations-Plattform Kickstart. \u00abKI-Dienste wie ChatGPT machen zwar Fortschritte, aber es mangelt oft an unternehmensspezifischen L\u00f6sungen, die auf selbst trainierten Modellen und propriet\u00e4ren Daten basieren\u00bb, erkl\u00e4rt Mitbegr\u00fcnderin und CEO Katka Letzing. Laut einer <a href=\"https:\/\/ethz.ch\/en\/news-and-events\/eth-news\/news\/2024\/06\/ai-reality-lags-the-hype-in-swiss-tech-industries.html\">ETH-Umfrage<\/a> unter 200 Schweizer Technologieunternehmen nutzt oder pilotiert nur jedes zehnte Unternehmen KI. Die Studie ergab, dass der fehlende Zugang zu KI-Fachwissen derzeit das gr\u00f6sste Hindernis f\u00fcr die Schweizer Technologiebranche darstellt. Unternehmen und Start-ups k\u00f6nnen gleichermassen vom neuen Kickstart-Programm profitieren, dessen Bewerbungsphase eben gestartet ist. W\u00e4hrend des diesj\u00e4hrigen neunw\u00f6chigen Programms in Z\u00fcrich treffen ausgew\u00e4hlte Start-ups aus f\u00fcnf Branchen auf f\u00fchrende Unternehmen, Organisationen und Institutionen und arbeiten gemeinsam an neuen Ideen und Technologien sowie kreativen Gesch\u00e4ftsans\u00e4tzen, die ihre Innovationskraft st\u00e4rken und neue Wachstumschancen er\u00f6ffnen sollen. Im vergangenen Jahr hatten bereits 95 Prozent der Start-ups KI in ihre L\u00f6sungen integriert. Zu den Partnerunternehmen des Programms geh\u00f6ren AXA, Coop, Swisscom, la Mobili\u00e8re, MSD, PostFinance, Romande Energie, Sanitas, Die Stadt Z\u00fcrich, Innovaud und weitere.<\/p>\n<h3>Erfolgreich umgesetzte unternehmerische Ideen<\/h3>\n<p>Kickstart hat seit 2015 mehr als 490\u00a0Start-ups und Intrapreneurship-Teams unterst\u00fctzt und \u00fcber 340\u00a0Deals und Proof-of-Concepts sowie weitere kommerzielle Abschl\u00fcsse erm\u00f6glicht. Ehemalige Teilnehmer wie <a href=\"https:\/\/ch.eatplanted.com\/?srsltid=AfmBOorE8kPkl6TkzCGrDPZNjOT_jXOSlRNSrdNtmQKJyjmLCmT0ydzy\">Planted<\/a>, <a href=\"https:\/\/www.neustark.com\/de\">Neustark<\/a> und <a href=\"https:\/\/www.kern-tec.com\/en\/\">KernTec<\/a> haben ihre Ideen in erfolgreiche Unternehmen umgesetzt, die heute f\u00fchrende Positionen in ihren M\u00e4rkten einnehmen. Planted ist dabei, den Markt f\u00fcr pflanzliche Fleischalternativen zu revolutionieren, Neustark leistet mit seiner CO<sub>2<\/sub>-bindenden Betonl\u00f6sung einen aktiven Beitrag zum Klimaschutz und KernTec verwandelt Obstkerne als Abfallprodukte in nachhaltige Rohstoffe. Insgesamt haben alle Kickstart Alumni bisher \u00fcber 2,8\u00a0Milliarden Schweizer Franken Kapital generiert und ihre Produkte erfolgreich skaliert.<\/p>\n<h3><strong>Partner des Kickstart-Programms testen derzeit aktiv KI-L\u00f6sungen<\/strong><\/h3>\n<p>Laut einer aktuellen Auswertung des letztj\u00e4hrigen Kickstart-Programms standen KI-Anwendungen bei 95 % der 41 teilnehmenden Start-ups im Mittelpunkt der L\u00f6sungen und wurden von den teilnehmenden Unternehmen zunehmend f\u00fcr Gesch\u00e4fte nachgefragt. Ein Beispiel sind die Start-ups <a href=\"https:\/\/join-hypt.com\/en\/home\/\">\u00abhypt\u00bb<\/a> und <a href=\"https:\/\/www.multimodal.dev\/\">\u00abMultimodal\u00bb<\/a>, die mit ihren datenbasierten L\u00f6sungen mehrere Vereinbarungen mit f\u00fchrenden Schweizer Unternehmen abschliessen konnten, darunter la Mobili\u00e8re, Swisscom, PostFinance und Sanitas.<\/p>\n<p>Das Kickstart Programm umfasst f\u00fcnf Themenbereiche: Health &amp; Wellbeing, Finance &amp; Insurance (einschliesslich Cybersecurity), Food &amp; Retail, New Work &amp; Learning und Smart Cities. Neben dem Open-Innovation-Programm f\u00fchrt Kickstart auch das Projekt Mission\u00a02030 durch, das sich mit spezifischen Initiativen zur Unterst\u00fctzung langfristiger Nachhaltigkeitsziele befasst wie z. B. KI-Implementierungen f\u00fcr Impact, Kreislaufwirtschaft, Inklusion und weitere Themen.<\/p>\n<p>Die Bewerbungsphase hat am 3. April 2025 begonnen und l\u00e4dt ambitionierte Start-ups und Unternehmen, die sich der Innovation verschrieben haben, ein, sich zu bewerben und dem Kickstart-Innovations\u00f6kosystem beizutreten.<\/p>\n<p><em>Hier geht es zum <a href=\"https:\/\/startups.kickstart-innovation.com\/apply\">Bewerbungslink<\/a> und weiteren Informationen zur <a href=\"https:\/\/www.kickstart-innovation.com\/join\">Kickstart Partnerschaft<\/a><\/em><\/p>\n","protected":false},"excerpt":{"rendered":"<p>Das Kickstart Innovation Programm \u00f6ffnet zum zehnten Mal die Bewerbungsphase. Im vergangenen Jahr bildeten KI-Anwendungen in 95 Prozent der F\u00e4lle den Anwendungsfokus, 60 Prozent integrierten zudem Nachhaltigkeit und Kreislaufwirtschaft als zentrale Elemente in die vorgestellten L\u00f6sungen.<\/p>\n","protected":false},"author":4,"featured_media":37492,"comment_status":"closed","ping_status":"closed","sticky":false,"template":"","format":"standard","meta":{"_acf_changed":false,"_yoast_wpseo_focuskw":"Kickstart Innovation Programm","_yoast_wpseo_metadesc":"Das Kickstart Innovation Programm \u00f6ffnet zum zehnten Mal die Bewerbungsphase. Seit dem 3. April 2025 kann man sich bewerben.","articlekey":"","footnotes":""},"categories":[28],"tags":[274,335,451],"class_list":["post-37491","post","type-post","status-publish","format-standard","has-post-thumbnail","hentry","category-management","tag-innovation","tag-management-und-unternehmensfuehrung","tag-startups"],"acf":[],"yoast_head":"<!-- This site is optimized with the Yoast SEO plugin v27.5 - https:\/\/yoast.com\/product\/yoast-seo-wordpress\/ -->\n<title>Internationales Kickstart Innovation Programm startet zum 10. Mal - Organisator<\/title>\n<meta name=\"description\" content=\"Das Kickstart Innovation Programm \u00f6ffnet zum zehnten Mal die Bewerbungsphase. Seit dem 3. April 2025 kann man sich bewerben.\" \/>\n<meta name=\"robots\" content=\"index, follow, max-snippet:-1, max-image-preview:large, max-video-preview:-1\" \/>\n<link rel=\"canonical\" href=\"https:\/\/www.organisator.ch\/de\/management\/2025-04-08\/internationales-kickstart-innovation-programm-startet-zum-10-mal\/\" \/>\n<meta property=\"og:locale\" content=\"de_DE\" \/>\n<meta property=\"og:type\" content=\"article\" \/>\n<meta property=\"og:title\" content=\"Internationales Kickstart Innovation Programm startet zum 10. Mal\" \/>\n<meta property=\"og:description\" content=\"Das Kickstart Innovation Programm \u00f6ffnet zum zehnten Mal die Bewerbungsphase. Seit dem 3. April 2025 kann man sich bewerben.\" \/>\n<meta property=\"og:url\" content=\"https:\/\/www.organisator.ch\/de\/management\/2025-04-08\/internationales-kickstart-innovation-programm-startet-zum-10-mal\/\" \/>\n<meta property=\"og:site_name\" content=\"Organisator\" \/>\n<meta property=\"article:publisher\" content=\"https:\/\/www.facebook.com\/OrganisatorFachmagazin\" \/>\n<meta property=\"article:published_time\" content=\"2025-04-08T02:39:04+00:00\" \/>\n<meta property=\"og:image\" content=\"https:\/\/www.organisator.ch\/wp-content\/uploads\/2025\/04\/Internationales-Kickstart-Innovation-Programm-startet-zum-10-Mal_Organisator.jpg\" \/>\n\t<meta property=\"og:image:width\" content=\"680\" \/>\n\t<meta property=\"og:image:height\" content=\"454\" \/>\n\t<meta property=\"og:image:type\" content=\"image\/jpeg\" \/>\n<meta name=\"author\" content=\"thomas.berner\" \/>\n<meta name=\"twitter:card\" content=\"summary_large_image\" \/>\n<meta name=\"twitter:title\" content=\"Internationales #Kickstart #Innovation Programm startet zum 10. Mal\" \/>\n<meta name=\"twitter:description\" content=\"Das #Kickstart #Innovation Programm \u00f6ffnet zum zehnten Mal die Bewerbungsphase. Seit dem 3. April 2025 kann man sich bewerben.\" \/>\n<meta name=\"twitter:image\" content=\"https:\/\/www.organisator.ch\/wp-content\/uploads\/2025\/04\/Internationales-Kickstart-Innovation-Programm-startet-zum-10-Mal_Organisator.jpg\" \/>\n<script type=\"application\/ld+json\" class=\"yoast-schema-graph\">{\"@context\":\"https:\\\/\\\/schema.org\",\"@graph\":[{\"@type\":\"Article\",\"@id\":\"https:\\\/\\\/www.organisator.ch\\\/management\\\/2025-04-08\\\/internationales-kickstart-innovation-programm-startet-zum-10-mal\\\/#article\",\"isPartOf\":{\"@id\":\"https:\\\/\\\/www.organisator.ch\\\/management\\\/2025-04-08\\\/internationales-kickstart-innovation-programm-startet-zum-10-mal\\\/\"},\"author\":{\"name\":\"thomas.berner\",\"@id\":\"https:\\\/\\\/www.organisator.ch\\\/#\\\/schema\\\/person\\\/6f650f90b2842cd4c0cc334b4e36f67e\"},\"headline\":\"Internationales Kickstart Innovation Programm startet zum 10. Mal\",\"datePublished\":\"2025-04-08T02:39:04+00:00\",\"mainEntityOfPage\":{\"@id\":\"https:\\\/\\\/www.organisator.ch\\\/management\\\/2025-04-08\\\/internationales-kickstart-innovation-programm-startet-zum-10-mal\\\/\"},\"wordCount\":490,\"publisher\":{\"@id\":\"https:\\\/\\\/www.organisator.ch\\\/#organization\"},\"image\":{\"@id\":\"https:\\\/\\\/www.organisator.ch\\\/management\\\/2025-04-08\\\/internationales-kickstart-innovation-programm-startet-zum-10-mal\\\/#primaryimage\"},\"thumbnailUrl\":\"https:\\\/\\\/www.organisator.ch\\\/wp-content\\\/uploads\\\/2025\\\/04\\\/Internationales-Kickstart-Innovation-Programm-startet-zum-10-Mal_Organisator.jpg\",\"keywords\":[\"Innovation\",\"Management und Unternehmensf\u00fchrung\",\"Startups\"],\"articleSection\":[\"MANAGEMENT\"],\"inLanguage\":\"de\"},{\"@type\":\"WebPage\",\"@id\":\"https:\\\/\\\/www.organisator.ch\\\/management\\\/2025-04-08\\\/internationales-kickstart-innovation-programm-startet-zum-10-mal\\\/\",\"url\":\"https:\\\/\\\/www.organisator.ch\\\/management\\\/2025-04-08\\\/internationales-kickstart-innovation-programm-startet-zum-10-mal\\\/\",\"name\":\"Internationales Kickstart Innovation Programm startet zum 10. Mal - Organisator\",\"isPartOf\":{\"@id\":\"https:\\\/\\\/www.organisator.ch\\\/#website\"},\"primaryImageOfPage\":{\"@id\":\"https:\\\/\\\/www.organisator.ch\\\/management\\\/2025-04-08\\\/internationales-kickstart-innovation-programm-startet-zum-10-mal\\\/#primaryimage\"},\"image\":{\"@id\":\"https:\\\/\\\/www.organisator.ch\\\/management\\\/2025-04-08\\\/internationales-kickstart-innovation-programm-startet-zum-10-mal\\\/#primaryimage\"},\"thumbnailUrl\":\"https:\\\/\\\/www.organisator.ch\\\/wp-content\\\/uploads\\\/2025\\\/04\\\/Internationales-Kickstart-Innovation-Programm-startet-zum-10-Mal_Organisator.jpg\",\"datePublished\":\"2025-04-08T02:39:04+00:00\",\"description\":\"Das Kickstart Innovation Programm \u00f6ffnet zum zehnten Mal die Bewerbungsphase. Seit dem 3. April 2025 kann man sich bewerben.\",\"breadcrumb\":{\"@id\":\"https:\\\/\\\/www.organisator.ch\\\/management\\\/2025-04-08\\\/internationales-kickstart-innovation-programm-startet-zum-10-mal\\\/#breadcrumb\"},\"inLanguage\":\"de\",\"potentialAction\":[{\"@type\":\"ReadAction\",\"target\":[\"https:\\\/\\\/www.organisator.ch\\\/management\\\/2025-04-08\\\/internationales-kickstart-innovation-programm-startet-zum-10-mal\\\/\"]}]},{\"@type\":\"ImageObject\",\"inLanguage\":\"de\",\"@id\":\"https:\\\/\\\/www.organisator.ch\\\/management\\\/2025-04-08\\\/internationales-kickstart-innovation-programm-startet-zum-10-mal\\\/#primaryimage\",\"url\":\"https:\\\/\\\/www.organisator.ch\\\/wp-content\\\/uploads\\\/2025\\\/04\\\/Internationales-Kickstart-Innovation-Programm-startet-zum-10-Mal_Organisator.jpg\",\"contentUrl\":\"https:\\\/\\\/www.organisator.ch\\\/wp-content\\\/uploads\\\/2025\\\/04\\\/Internationales-Kickstart-Innovation-Programm-startet-zum-10-Mal_Organisator.jpg\",\"width\":680,\"height\":454,\"caption\":\"Das Kickstart Innovation Programm hat zum 10. Mal die Bewerbungsphase er\u00f6ffnet. (Bild: Pixabay.com)\"},{\"@type\":\"BreadcrumbList\",\"@id\":\"https:\\\/\\\/www.organisator.ch\\\/management\\\/2025-04-08\\\/internationales-kickstart-innovation-programm-startet-zum-10-mal\\\/#breadcrumb\",\"itemListElement\":[{\"@type\":\"ListItem\",\"position\":1,\"name\":\"Home\",\"item\":\"https:\\\/\\\/www.organisator.ch\\\/\"},{\"@type\":\"ListItem\",\"position\":2,\"name\":\"Internationales Kickstart Innovation Programm startet zum 10. Mal\"}]},{\"@type\":\"WebSite\",\"@id\":\"https:\\\/\\\/www.organisator.ch\\\/#website\",\"url\":\"https:\\\/\\\/www.organisator.ch\\\/\",\"name\":\"Organisator\",\"description\":\"Kompetent. Praxisnah. Der ORGANISATOR bereitet in 10 Ausgaben pro Jahr die wesentlichen Themen f\u00fcr F\u00fchrungskr\u00e4fte von KMU auf.\",\"publisher\":{\"@id\":\"https:\\\/\\\/www.organisator.ch\\\/#organization\"},\"potentialAction\":[{\"@type\":\"SearchAction\",\"target\":{\"@type\":\"EntryPoint\",\"urlTemplate\":\"https:\\\/\\\/www.organisator.ch\\\/?s={search_term_string}\"},\"query-input\":{\"@type\":\"PropertyValueSpecification\",\"valueRequired\":true,\"valueName\":\"search_term_string\"}}],\"inLanguage\":\"de\"},{\"@type\":\"Organization\",\"@id\":\"https:\\\/\\\/www.organisator.ch\\\/#organization\",\"name\":\"Organisator\",\"url\":\"https:\\\/\\\/www.organisator.ch\\\/\",\"logo\":{\"@type\":\"ImageObject\",\"inLanguage\":\"de\",\"@id\":\"https:\\\/\\\/www.organisator.ch\\\/#\\\/schema\\\/logo\\\/image\\\/\",\"url\":\"https:\\\/\\\/www.organisator.ch\\\/wp-content\\\/uploads\\\/2022\\\/01\\\/Logo_Organisator_Website.png\",\"contentUrl\":\"https:\\\/\\\/www.organisator.ch\\\/wp-content\\\/uploads\\\/2022\\\/01\\\/Logo_Organisator_Website.png\",\"width\":800,\"height\":77,\"caption\":\"Organisator\"},\"image\":{\"@id\":\"https:\\\/\\\/www.organisator.ch\\\/#\\\/schema\\\/logo\\\/image\\\/\"},\"sameAs\":[\"https:\\\/\\\/www.facebook.com\\\/OrganisatorFachmagazin\",\"https:\\\/\\\/www.linkedin.com\\\/showcase\\\/organisator-das-magazin-fr-kmu\",\"https:\\\/\\\/www.xing.com\\\/news\\\/pages\\\/organisator-ch-695\",\"https:\\\/\\\/www.youtube.com\\\/channel\\\/UCGP2Sq0iWaZwT3BdIAQFYpw\"]},{\"@type\":\"Person\",\"@id\":\"https:\\\/\\\/www.organisator.ch\\\/#\\\/schema\\\/person\\\/6f650f90b2842cd4c0cc334b4e36f67e\",\"name\":\"thomas.berner\",\"image\":{\"@type\":\"ImageObject\",\"inLanguage\":\"de\",\"@id\":\"https:\\\/\\\/secure.gravatar.com\\\/avatar\\\/ac5001d2a36cb6c6cd3e50789007ffca834b477b74a2144564522e944eabff61?s=96&d=mm&r=g\",\"url\":\"https:\\\/\\\/secure.gravatar.com\\\/avatar\\\/ac5001d2a36cb6c6cd3e50789007ffca834b477b74a2144564522e944eabff61?s=96&d=mm&r=g\",\"contentUrl\":\"https:\\\/\\\/secure.gravatar.com\\\/avatar\\\/ac5001d2a36cb6c6cd3e50789007ffca834b477b74a2144564522e944eabff61?s=96&d=mm&r=g\",\"caption\":\"thomas.berner\"},\"url\":\"https:\\\/\\\/www.organisator.ch\\\/de\\\/author\\\/thomas-berner\\\/\"}]}<\/script>\n<!-- \/ Yoast SEO plugin. -->","yoast_head_json":{"title":"Internationales Kickstart Innovation Programm startet zum 10. Mal - Organisator","description":"Das Kickstart Innovation Programm \u00f6ffnet zum zehnten Mal die Bewerbungsphase. Seit dem 3. April 2025 kann man sich bewerben.","robots":{"index":"index","follow":"follow","max-snippet":"max-snippet:-1","max-image-preview":"max-image-preview:large","max-video-preview":"max-video-preview:-1"},"canonical":"https:\/\/www.organisator.ch\/de\/management\/2025-04-08\/internationales-kickstart-innovation-programm-startet-zum-10-mal\/","og_locale":"de_DE","og_type":"article","og_title":"Internationales Kickstart Innovation Programm startet zum 10. Mal","og_description":"Das Kickstart Innovation Programm \u00f6ffnet zum zehnten Mal die Bewerbungsphase. Seit dem 3. April 2025 kann man sich bewerben.","og_url":"https:\/\/www.organisator.ch\/de\/management\/2025-04-08\/internationales-kickstart-innovation-programm-startet-zum-10-mal\/","og_site_name":"Organisator","article_publisher":"https:\/\/www.facebook.com\/OrganisatorFachmagazin","article_published_time":"2025-04-08T02:39:04+00:00","og_image":[{"width":680,"height":454,"url":"https:\/\/www.organisator.ch\/wp-content\/uploads\/2025\/04\/Internationales-Kickstart-Innovation-Programm-startet-zum-10-Mal_Organisator.jpg","type":"image\/jpeg"}],"author":"thomas.berner","twitter_card":"summary_large_image","twitter_title":"Internationales #Kickstart #Innovation Programm startet zum 10. Mal","twitter_description":"Das #Kickstart #Innovation Programm \u00f6ffnet zum zehnten Mal die Bewerbungsphase. Seit dem 3. April 2025 kann man sich bewerben.","twitter_image":"https:\/\/www.organisator.ch\/wp-content\/uploads\/2025\/04\/Internationales-Kickstart-Innovation-Programm-startet-zum-10-Mal_Organisator.jpg","schema":{"@context":"https:\/\/schema.org","@graph":[{"@type":"Article","@id":"https:\/\/www.organisator.ch\/management\/2025-04-08\/internationales-kickstart-innovation-programm-startet-zum-10-mal\/#article","isPartOf":{"@id":"https:\/\/www.organisator.ch\/management\/2025-04-08\/internationales-kickstart-innovation-programm-startet-zum-10-mal\/"},"author":{"name":"thomas.berner","@id":"https:\/\/www.organisator.ch\/#\/schema\/person\/6f650f90b2842cd4c0cc334b4e36f67e"},"headline":"Internationales Kickstart Innovation Programm startet zum 10. Mal","datePublished":"2025-04-08T02:39:04+00:00","mainEntityOfPage":{"@id":"https:\/\/www.organisator.ch\/management\/2025-04-08\/internationales-kickstart-innovation-programm-startet-zum-10-mal\/"},"wordCount":490,"publisher":{"@id":"https:\/\/www.organisator.ch\/#organization"},"image":{"@id":"https:\/\/www.organisator.ch\/management\/2025-04-08\/internationales-kickstart-innovation-programm-startet-zum-10-mal\/#primaryimage"},"thumbnailUrl":"https:\/\/www.organisator.ch\/wp-content\/uploads\/2025\/04\/Internationales-Kickstart-Innovation-Programm-startet-zum-10-Mal_Organisator.jpg","keywords":["Innovation","Management und Unternehmensf\u00fchrung","Startups"],"articleSection":["MANAGEMENT"],"inLanguage":"de"},{"@type":"WebPage","@id":"https:\/\/www.organisator.ch\/management\/2025-04-08\/internationales-kickstart-innovation-programm-startet-zum-10-mal\/","url":"https:\/\/www.organisator.ch\/management\/2025-04-08\/internationales-kickstart-innovation-programm-startet-zum-10-mal\/","name":"Internationales Kickstart Innovation Programm startet zum 10. Mal - Organisator","isPartOf":{"@id":"https:\/\/www.organisator.ch\/#website"},"primaryImageOfPage":{"@id":"https:\/\/www.organisator.ch\/management\/2025-04-08\/internationales-kickstart-innovation-programm-startet-zum-10-mal\/#primaryimage"},"image":{"@id":"https:\/\/www.organisator.ch\/management\/2025-04-08\/internationales-kickstart-innovation-programm-startet-zum-10-mal\/#primaryimage"},"thumbnailUrl":"https:\/\/www.organisator.ch\/wp-content\/uploads\/2025\/04\/Internationales-Kickstart-Innovation-Programm-startet-zum-10-Mal_Organisator.jpg","datePublished":"2025-04-08T02:39:04+00:00","description":"Das Kickstart Innovation Programm \u00f6ffnet zum zehnten Mal die Bewerbungsphase. Seit dem 3. April 2025 kann man sich bewerben.","breadcrumb":{"@id":"https:\/\/www.organisator.ch\/management\/2025-04-08\/internationales-kickstart-innovation-programm-startet-zum-10-mal\/#breadcrumb"},"inLanguage":"de","potentialAction":[{"@type":"ReadAction","target":["https:\/\/www.organisator.ch\/management\/2025-04-08\/internationales-kickstart-innovation-programm-startet-zum-10-mal\/"]}]},{"@type":"ImageObject","inLanguage":"de","@id":"https:\/\/www.organisator.ch\/management\/2025-04-08\/internationales-kickstart-innovation-programm-startet-zum-10-mal\/#primaryimage","url":"https:\/\/www.organisator.ch\/wp-content\/uploads\/2025\/04\/Internationales-Kickstart-Innovation-Programm-startet-zum-10-Mal_Organisator.jpg","contentUrl":"https:\/\/www.organisator.ch\/wp-content\/uploads\/2025\/04\/Internationales-Kickstart-Innovation-Programm-startet-zum-10-Mal_Organisator.jpg","width":680,"height":454,"caption":"Das Kickstart Innovation Programm hat zum 10. Mal die Bewerbungsphase er\u00f6ffnet. (Bild: Pixabay.com)"},{"@type":"BreadcrumbList","@id":"https:\/\/www.organisator.ch\/management\/2025-04-08\/internationales-kickstart-innovation-programm-startet-zum-10-mal\/#breadcrumb","itemListElement":[{"@type":"ListItem","position":1,"name":"Home","item":"https:\/\/www.organisator.ch\/"},{"@type":"ListItem","position":2,"name":"Internationales Kickstart Innovation Programm startet zum 10. Mal"}]},{"@type":"WebSite","@id":"https:\/\/www.organisator.ch\/#website","url":"https:\/\/www.organisator.ch\/","name":"Organisator","description":"Kompetent. Praxisnah. Der ORGANISATOR bereitet in 10 Ausgaben pro Jahr die wesentlichen Themen f\u00fcr F\u00fchrungskr\u00e4fte von KMU auf.","publisher":{"@id":"https:\/\/www.organisator.ch\/#organization"},"potentialAction":[{"@type":"SearchAction","target":{"@type":"EntryPoint","urlTemplate":"https:\/\/www.organisator.ch\/?s={search_term_string}"},"query-input":{"@type":"PropertyValueSpecification","valueRequired":true,"valueName":"search_term_string"}}],"inLanguage":"de"},{"@type":"Organization","@id":"https:\/\/www.organisator.ch\/#organization","name":"Organisator","url":"https:\/\/www.organisator.ch\/","logo":{"@type":"ImageObject","inLanguage":"de","@id":"https:\/\/www.organisator.ch\/#\/schema\/logo\/image\/","url":"https:\/\/www.organisator.ch\/wp-content\/uploads\/2022\/01\/Logo_Organisator_Website.png","contentUrl":"https:\/\/www.organisator.ch\/wp-content\/uploads\/2022\/01\/Logo_Organisator_Website.png","width":800,"height":77,"caption":"Organisator"},"image":{"@id":"https:\/\/www.organisator.ch\/#\/schema\/logo\/image\/"},"sameAs":["https:\/\/www.facebook.com\/OrganisatorFachmagazin","https:\/\/www.linkedin.com\/showcase\/organisator-das-magazin-fr-kmu","https:\/\/www.xing.com\/news\/pages\/organisator-ch-695","https:\/\/www.youtube.com\/channel\/UCGP2Sq0iWaZwT3BdIAQFYpw"]},{"@type":"Person","@id":"https:\/\/www.organisator.ch\/#\/schema\/person\/6f650f90b2842cd4c0cc334b4e36f67e","name":"thomas.berner","image":{"@type":"ImageObject","inLanguage":"de","@id":"https:\/\/secure.gravatar.com\/avatar\/ac5001d2a36cb6c6cd3e50789007ffca834b477b74a2144564522e944eabff61?s=96&d=mm&r=g","url":"https:\/\/secure.gravatar.com\/avatar\/ac5001d2a36cb6c6cd3e50789007ffca834b477b74a2144564522e944eabff61?s=96&d=mm&r=g","contentUrl":"https:\/\/secure.gravatar.com\/avatar\/ac5001d2a36cb6c6cd3e50789007ffca834b477b74a2144564522e944eabff61?s=96&d=mm&r=g","caption":"thomas.berner"},"url":"https:\/\/www.organisator.ch\/de\/author\/thomas-berner\/"}]}},"_links":{"self":[{"href":"https:\/\/www.organisator.ch\/de\/wp-json\/wp\/v2\/posts\/37491","targetHints":{"allow":["GET"]}}],"collection":[{"href":"https:\/\/www.organisator.ch\/de\/wp-json\/wp\/v2\/posts"}],"about":[{"href":"https:\/\/www.organisator.ch\/de\/wp-json\/wp\/v2\/types\/post"}],"author":[{"embeddable":true,"href":"https:\/\/www.organisator.ch\/de\/wp-json\/wp\/v2\/users\/4"}],"replies":[{"embeddable":true,"href":"https:\/\/www.organisator.ch\/de\/wp-json\/wp\/v2\/comments?post=37491"}],"version-history":[{"count":4,"href":"https:\/\/www.organisator.ch\/de\/wp-json\/wp\/v2\/posts\/37491\/revisions"}],"predecessor-version":[{"id":37560,"href":"https:\/\/www.organisator.ch\/de\/wp-json\/wp\/v2\/posts\/37491\/revisions\/37560"}],"wp:featuredmedia":[{"embeddable":true,"href":"https:\/\/www.organisator.ch\/de\/wp-json\/wp\/v2\/media\/37492"}],"wp:attachment":[{"href":"https:\/\/www.organisator.ch\/de\/wp-json\/wp\/v2\/media?parent=37491"}],"wp:term":[{"taxonomy":"category","embeddable":true,"href":"https:\/\/www.organisator.ch\/de\/wp-json\/wp\/v2\/categories?post=37491"},{"taxonomy":"post_tag","embeddable":true,"href":"https:\/\/www.organisator.ch\/de\/wp-json\/wp\/v2\/tags?post=37491"}],"curies":[{"name":"wp","href":"https:\/\/api.w.org\/{rel}","templated":true}]}}