{"id":37494,"date":"2025-04-09T15:24:21","date_gmt":"2025-04-09T13:24:21","guid":{"rendered":"https:\/\/www.organisator.ch\/?p=37494"},"modified":"2025-04-07T15:53:47","modified_gmt":"2025-04-07T13:53:47","slug":"agenturen-auf-dem-absteigenden-ast","status":"publish","type":"post","link":"https:\/\/www.organisator.ch\/de\/marketing\/2025-04-09\/agenturen-auf-dem-absteigenden-ast\/","title":{"rendered":"Agenturen auf dem absteigenden Ast?"},"content":{"rendered":"<figure id=\"attachment_37495\" aria-describedby=\"caption-attachment-37495\" style=\"width: 680px\" class=\"wp-caption alignnone\"><img loading=\"lazy\" decoding=\"async\" class=\"size-full wp-image-37495\" src=\"https:\/\/www.organisator.ch\/wp-content\/uploads\/2025\/04\/Agenturen-auf-dem-absteigenden-Ast-Grafik1_Organisator.jpg\" alt=\"\" width=\"680\" height=\"292\" srcset=\"https:\/\/www.organisator.ch\/wp-content\/uploads\/2025\/04\/Agenturen-auf-dem-absteigenden-Ast-Grafik1_Organisator.jpg 680w, https:\/\/www.organisator.ch\/wp-content\/uploads\/2025\/04\/Agenturen-auf-dem-absteigenden-Ast-Grafik1_Organisator-18x8.jpg 18w, https:\/\/www.organisator.ch\/wp-content\/uploads\/2025\/04\/Agenturen-auf-dem-absteigenden-Ast-Grafik1_Organisator-375x161.jpg 375w\" sizes=\"auto, (max-width: 680px) 100vw, 680px\" \/><figcaption id=\"caption-attachment-37495\" class=\"wp-caption-text\">W\u00fcrden Sie eine interne Marketingl\u00f6sung bevorzugen, wenn diese kosteneffizient und und einfach umzusetzen w\u00e4re? (Grafik: appinio \/ Sensational Marketing)<\/figcaption><\/figure>\n<p>Ohne professionelles Marketing \u00fcberleben heute nur noch die wenigsten Unternehmen. Auf umk\u00e4mpften M\u00e4rkten reicht es nicht, ein gutes Produkt oder eine \u00fcberzeugende Dienstleistung zu stellen, wenn niemand von deren Existenz weiss. F\u00fcr viele Unternehmen f\u00fchrt daher der Weg unweigerlich zur Online-Marketing-Agentur. Eine neue Studie zeigt, dass die Zusammenarbeit mit diesen externen Playern f\u00fcr viele nicht die erhofften Ergebnisse lieferte. \u201eGanze 70 Prozent der befragten Unternehmen haben in den letzten zwei Jahren mit einer Agentur zusammengearbeitet, doch nur knapp 39 Prozent sind mit den Resultaten sehr zufrieden\u201c, erkl\u00e4rt Bastian Sens, Gesch\u00e4ftsf\u00fchrer der Sensational Marketing GmbH und Auftraggeber der genannten Studie. Hauptkritikpunkte: Hohe Kosten, langsame Umsetzung und mangelndes Branchenwissen. Besonders f\u00fcr mittelst\u00e4ndische Unternehmen seien externe Dienstleistungen oft zu teuer und ineffizient. \u201eViele Unternehmen zahlen hohe Summen f\u00fcr externe Agenturen, erhalten aber nicht die erwartete Performance\u201c, so Sens.<\/p>\n<h3>Kosten als entscheidender Faktor<\/h3>\n<p>Als zentrales Ergebnis der Studie wird ins Feld gef\u00fchrt, dass Unternehmen monatlich zwischen 2.000 und 4.000 Euro f\u00fcr Agenturleistungen ohne Werbebudget ausgeben. Dieselbe Summe k\u00f6nnte auch f\u00fcr eine interne Fachkraft genutzt werden, die sich ausschliesslich mit den spezifischen Anforderungen des Unternehmens besch\u00e4ftigt. \u201eEine eigene Marketingkraft kennt die DNA des Unternehmens und kann viel zielgerichteter agieren als eine externe Agentur, die sich erst einarbeiten muss\u201c, erkl\u00e4rt Sens. \u201eVor allem bei komplexen, erkl\u00e4rungsbed\u00fcrftigen Branchen sparen sich Unternehmen so viel Zeit und Aufwand.\u201c Nur noch 21 Prozent der Unternehmen bewerten \u2013 wahrscheinlich auch aus diesem Grund \u2013 das Kosten-Nutzen-Verh\u00e4ltnis der Agenturleistungen als sehr gut. Etwas mehr als die H\u00e4lfte \u00e4ussert sich aber als zufrieden damit (siehe untenstehende Grafik). Fast 95 Prozent aller Befragten geben an, dass sie eine interne L\u00f6sung bevorzugen w\u00fcrden, sollte sich dies als machbare Alternative herausstellen.<\/p>\n<figure id=\"attachment_37496\" aria-describedby=\"caption-attachment-37496\" style=\"width: 680px\" class=\"wp-caption alignnone\"><img loading=\"lazy\" decoding=\"async\" class=\"size-full wp-image-37496\" src=\"https:\/\/www.organisator.ch\/wp-content\/uploads\/2025\/04\/Agenturen-auf-dem-absteigenden-Ast-Grafik2_Organisator.jpg\" alt=\"\" width=\"680\" height=\"302\" srcset=\"https:\/\/www.organisator.ch\/wp-content\/uploads\/2025\/04\/Agenturen-auf-dem-absteigenden-Ast-Grafik2_Organisator.jpg 680w, https:\/\/www.organisator.ch\/wp-content\/uploads\/2025\/04\/Agenturen-auf-dem-absteigenden-Ast-Grafik2_Organisator-18x8.jpg 18w, https:\/\/www.organisator.ch\/wp-content\/uploads\/2025\/04\/Agenturen-auf-dem-absteigenden-Ast-Grafik2_Organisator-375x167.jpg 375w\" sizes=\"auto, (max-width: 680px) 100vw, 680px\" \/><figcaption id=\"caption-attachment-37496\" class=\"wp-caption-text\">Wie bewerten Sie das Kosten-Nutzen-Verh\u00e4ltnis der Zusammenarbeit? (Grafik: appinio \/ Sensational Marketing)<\/figcaption><\/figure>\n<h3>Inhouse-Marketing als Zukunftsstrategie<\/h3>\n<p>Doch wie lassen sich die Ergebnisse der Studie in eine funktionierende Praxis umsetzen? \u201eWir erleben einen Paradigmenwechsel. Unternehmen erkennen, dass sie mit dem richtigen Know-how und den passenden Tools ihr Marketing selbst erfolgreich steuern k\u00f6nnen\u201c, erkl\u00e4rt der Gesch\u00e4ftsf\u00fchrer der Sensational Marketing GmbH. Besonders in Branchen mit komplexen Produkten und Dienstleistungen sei es essenziell, das Marketing selbst in der Hand zu haben. \u201eDie Ergebnisse liefern eine klare Handlungsempfehlung\u201c, fasst Sens zusammen. Wer bereit ist, in interne Strukturen zu investieren, kann sich von kostspieligen Agenturabh\u00e4ngigkeiten l\u00f6sen und die Kontrolle \u00fcber die eigene Markenkommunikation st\u00e4rken.\u201c Doch auch hier kann Input von aussen helfen: Durch die Zusammenarbeit mit Bildungs-Organisation, die gezielte Schulungen und Weiterbildungen zu erfolgreichem Marketing anbietet, l\u00e4sst sich das n\u00f6tige Wissen vermitteln und Hilfe zur Selbsthilfe liefern, anstatt das klassische Abh\u00e4ngigkeitsverh\u00e4ltnis zur Agentur herzustellen.<\/p>\n<figure id=\"attachment_37497\" aria-describedby=\"caption-attachment-37497\" style=\"width: 680px\" class=\"wp-caption alignnone\"><img loading=\"lazy\" decoding=\"async\" class=\"size-full wp-image-37497\" src=\"https:\/\/www.organisator.ch\/wp-content\/uploads\/2025\/04\/Agenturen-auf-dem-absteigenden-Ast-Bild_Organisator.jpg\" alt=\"\" width=\"680\" height=\"483\" srcset=\"https:\/\/www.organisator.ch\/wp-content\/uploads\/2025\/04\/Agenturen-auf-dem-absteigenden-Ast-Bild_Organisator.jpg 680w, https:\/\/www.organisator.ch\/wp-content\/uploads\/2025\/04\/Agenturen-auf-dem-absteigenden-Ast-Bild_Organisator-18x12.jpg 18w, https:\/\/www.organisator.ch\/wp-content\/uploads\/2025\/04\/Agenturen-auf-dem-absteigenden-Ast-Bild_Organisator-375x266.jpg 375w, https:\/\/www.organisator.ch\/wp-content\/uploads\/2025\/04\/Agenturen-auf-dem-absteigenden-Ast-Bild_Organisator-493x350.jpg 493w\" sizes=\"auto, (max-width: 680px) 100vw, 680px\" \/><figcaption id=\"caption-attachment-37497\" class=\"wp-caption-text\">Bastian Sens von Sensational Marketing GmbH (Bild: zVg)<\/figcaption><\/figure>\n<p><em>Quelle: <a href=\"https:\/\/sensational.marketing\/\">https:\/\/sensational.marketing\/<\/a><\/em><\/p>\n","protected":false},"excerpt":{"rendered":"<p>95 Prozent der Unternehmen wollen eine interne Marketing-L\u00f6sung. Dies zeigt eine Studie aus Deutschland, welche die Arbeit von Marketing-Agenturen kritisch sieht, vor allem bez\u00fcglich Kosten-Nutzen-Faktor. <\/p>\n","protected":false},"author":4,"featured_media":37497,"comment_status":"closed","ping_status":"closed","sticky":false,"template":"","format":"standard","meta":{"_acf_changed":false,"_yoast_wpseo_focuskw":"Agenturen","_yoast_wpseo_metadesc":"95 Prozent der Unternehmen wollen eine interne Marketing-L\u00f6sung anstelle von Agenturen. Dies zeigt eine Studie aus Deutschland.","articlekey":"","footnotes":""},"categories":[29],"tags":[2850,459],"class_list":["post-37494","post","type-post","status-publish","format-standard","has-post-thumbnail","hentry","category-marketing","tag-agenturen","tag-studie"],"acf":[],"yoast_head":"<!-- This site is optimized with the Yoast SEO plugin v27.5 - https:\/\/yoast.com\/product\/yoast-seo-wordpress\/ -->\n<title>Agenturen auf dem absteigenden Ast? - Organisator<\/title>\n<meta name=\"description\" content=\"95 Prozent der Unternehmen wollen eine interne Marketing-L\u00f6sung anstelle von Agenturen. Dies zeigt eine Studie aus Deutschland.\" \/>\n<meta name=\"robots\" content=\"index, follow, max-snippet:-1, max-image-preview:large, max-video-preview:-1\" \/>\n<link rel=\"canonical\" href=\"https:\/\/www.organisator.ch\/de\/marketing\/2025-04-09\/agenturen-auf-dem-absteigenden-ast\/\" \/>\n<meta property=\"og:locale\" content=\"de_DE\" \/>\n<meta property=\"og:type\" content=\"article\" \/>\n<meta property=\"og:title\" content=\"Agenturen auf dem absteigenden Ast?\" \/>\n<meta property=\"og:description\" content=\"95 Prozent der Unternehmen wollen eine interne Marketing-L\u00f6sung anstelle von Agenturen. Dies zeigt eine Studie aus Deutschland.\" \/>\n<meta property=\"og:url\" content=\"https:\/\/www.organisator.ch\/de\/marketing\/2025-04-09\/agenturen-auf-dem-absteigenden-ast\/\" \/>\n<meta property=\"og:site_name\" content=\"Organisator\" \/>\n<meta property=\"article:publisher\" content=\"https:\/\/www.facebook.com\/OrganisatorFachmagazin\" \/>\n<meta property=\"article:published_time\" content=\"2025-04-09T13:24:21+00:00\" \/>\n<meta property=\"og:image\" content=\"https:\/\/www.organisator.ch\/wp-content\/uploads\/2025\/04\/Agenturen-auf-dem-absteigenden-Ast-Bild_Organisator.jpg\" \/>\n\t<meta property=\"og:image:width\" content=\"680\" \/>\n\t<meta property=\"og:image:height\" content=\"483\" \/>\n\t<meta property=\"og:image:type\" content=\"image\/jpeg\" \/>\n<meta name=\"author\" content=\"thomas.berner\" \/>\n<meta name=\"twitter:card\" content=\"summary_large_image\" \/>\n<meta name=\"twitter:title\" content=\"#Agenturen auf dem absteigenden Ast?\" \/>\n<meta name=\"twitter:description\" content=\"95 Prozent der Unternehmen wollen eine interne #Marketing-L\u00f6sung anstelle von #Agenturen. Dies zeigt eine Studie aus Deutschland.\" \/>\n<meta name=\"twitter:image\" content=\"https:\/\/www.organisator.ch\/wp-content\/uploads\/2025\/04\/Agenturen-auf-dem-absteigenden-Ast-Bild_Organisator.jpg\" \/>\n<script type=\"application\/ld+json\" class=\"yoast-schema-graph\">{\"@context\":\"https:\\\/\\\/schema.org\",\"@graph\":[{\"@type\":\"Article\",\"@id\":\"https:\\\/\\\/www.organisator.ch\\\/marketing\\\/2025-04-09\\\/agenturen-auf-dem-absteigenden-ast\\\/#article\",\"isPartOf\":{\"@id\":\"https:\\\/\\\/www.organisator.ch\\\/marketing\\\/2025-04-09\\\/agenturen-auf-dem-absteigenden-ast\\\/\"},\"author\":{\"name\":\"thomas.berner\",\"@id\":\"https:\\\/\\\/www.organisator.ch\\\/#\\\/schema\\\/person\\\/6f650f90b2842cd4c0cc334b4e36f67e\"},\"headline\":\"Agenturen auf dem absteigenden Ast?\",\"datePublished\":\"2025-04-09T13:24:21+00:00\",\"mainEntityOfPage\":{\"@id\":\"https:\\\/\\\/www.organisator.ch\\\/marketing\\\/2025-04-09\\\/agenturen-auf-dem-absteigenden-ast\\\/\"},\"wordCount\":507,\"publisher\":{\"@id\":\"https:\\\/\\\/www.organisator.ch\\\/#organization\"},\"image\":{\"@id\":\"https:\\\/\\\/www.organisator.ch\\\/marketing\\\/2025-04-09\\\/agenturen-auf-dem-absteigenden-ast\\\/#primaryimage\"},\"thumbnailUrl\":\"https:\\\/\\\/www.organisator.ch\\\/wp-content\\\/uploads\\\/2025\\\/04\\\/Agenturen-auf-dem-absteigenden-Ast-Bild_Organisator.jpg\",\"keywords\":[\"Agenturen\",\"Studie\"],\"articleSection\":[\"MARKETING\"],\"inLanguage\":\"de\"},{\"@type\":\"WebPage\",\"@id\":\"https:\\\/\\\/www.organisator.ch\\\/marketing\\\/2025-04-09\\\/agenturen-auf-dem-absteigenden-ast\\\/\",\"url\":\"https:\\\/\\\/www.organisator.ch\\\/marketing\\\/2025-04-09\\\/agenturen-auf-dem-absteigenden-ast\\\/\",\"name\":\"Agenturen auf dem absteigenden Ast? - Organisator\",\"isPartOf\":{\"@id\":\"https:\\\/\\\/www.organisator.ch\\\/#website\"},\"primaryImageOfPage\":{\"@id\":\"https:\\\/\\\/www.organisator.ch\\\/marketing\\\/2025-04-09\\\/agenturen-auf-dem-absteigenden-ast\\\/#primaryimage\"},\"image\":{\"@id\":\"https:\\\/\\\/www.organisator.ch\\\/marketing\\\/2025-04-09\\\/agenturen-auf-dem-absteigenden-ast\\\/#primaryimage\"},\"thumbnailUrl\":\"https:\\\/\\\/www.organisator.ch\\\/wp-content\\\/uploads\\\/2025\\\/04\\\/Agenturen-auf-dem-absteigenden-Ast-Bild_Organisator.jpg\",\"datePublished\":\"2025-04-09T13:24:21+00:00\",\"description\":\"95 Prozent der Unternehmen wollen eine interne Marketing-L\u00f6sung anstelle von Agenturen. Dies zeigt eine Studie aus Deutschland.\",\"breadcrumb\":{\"@id\":\"https:\\\/\\\/www.organisator.ch\\\/marketing\\\/2025-04-09\\\/agenturen-auf-dem-absteigenden-ast\\\/#breadcrumb\"},\"inLanguage\":\"de\",\"potentialAction\":[{\"@type\":\"ReadAction\",\"target\":[\"https:\\\/\\\/www.organisator.ch\\\/marketing\\\/2025-04-09\\\/agenturen-auf-dem-absteigenden-ast\\\/\"]}]},{\"@type\":\"ImageObject\",\"inLanguage\":\"de\",\"@id\":\"https:\\\/\\\/www.organisator.ch\\\/marketing\\\/2025-04-09\\\/agenturen-auf-dem-absteigenden-ast\\\/#primaryimage\",\"url\":\"https:\\\/\\\/www.organisator.ch\\\/wp-content\\\/uploads\\\/2025\\\/04\\\/Agenturen-auf-dem-absteigenden-Ast-Bild_Organisator.jpg\",\"contentUrl\":\"https:\\\/\\\/www.organisator.ch\\\/wp-content\\\/uploads\\\/2025\\\/04\\\/Agenturen-auf-dem-absteigenden-Ast-Bild_Organisator.jpg\",\"width\":680,\"height\":483,\"caption\":\"Bastian Sens von Sensational Marketing GmbH (Bild: zVg)\"},{\"@type\":\"BreadcrumbList\",\"@id\":\"https:\\\/\\\/www.organisator.ch\\\/marketing\\\/2025-04-09\\\/agenturen-auf-dem-absteigenden-ast\\\/#breadcrumb\",\"itemListElement\":[{\"@type\":\"ListItem\",\"position\":1,\"name\":\"Home\",\"item\":\"https:\\\/\\\/www.organisator.ch\\\/\"},{\"@type\":\"ListItem\",\"position\":2,\"name\":\"Agenturen auf dem absteigenden Ast?\"}]},{\"@type\":\"WebSite\",\"@id\":\"https:\\\/\\\/www.organisator.ch\\\/#website\",\"url\":\"https:\\\/\\\/www.organisator.ch\\\/\",\"name\":\"Organisator\",\"description\":\"Kompetent. Praxisnah. Der ORGANISATOR bereitet in 10 Ausgaben pro Jahr die wesentlichen Themen f\u00fcr F\u00fchrungskr\u00e4fte von KMU auf.\",\"publisher\":{\"@id\":\"https:\\\/\\\/www.organisator.ch\\\/#organization\"},\"potentialAction\":[{\"@type\":\"SearchAction\",\"target\":{\"@type\":\"EntryPoint\",\"urlTemplate\":\"https:\\\/\\\/www.organisator.ch\\\/?s={search_term_string}\"},\"query-input\":{\"@type\":\"PropertyValueSpecification\",\"valueRequired\":true,\"valueName\":\"search_term_string\"}}],\"inLanguage\":\"de\"},{\"@type\":\"Organization\",\"@id\":\"https:\\\/\\\/www.organisator.ch\\\/#organization\",\"name\":\"Organisator\",\"url\":\"https:\\\/\\\/www.organisator.ch\\\/\",\"logo\":{\"@type\":\"ImageObject\",\"inLanguage\":\"de\",\"@id\":\"https:\\\/\\\/www.organisator.ch\\\/#\\\/schema\\\/logo\\\/image\\\/\",\"url\":\"https:\\\/\\\/www.organisator.ch\\\/wp-content\\\/uploads\\\/2022\\\/01\\\/Logo_Organisator_Website.png\",\"contentUrl\":\"https:\\\/\\\/www.organisator.ch\\\/wp-content\\\/uploads\\\/2022\\\/01\\\/Logo_Organisator_Website.png\",\"width\":800,\"height\":77,\"caption\":\"Organisator\"},\"image\":{\"@id\":\"https:\\\/\\\/www.organisator.ch\\\/#\\\/schema\\\/logo\\\/image\\\/\"},\"sameAs\":[\"https:\\\/\\\/www.facebook.com\\\/OrganisatorFachmagazin\",\"https:\\\/\\\/www.linkedin.com\\\/showcase\\\/organisator-das-magazin-fr-kmu\",\"https:\\\/\\\/www.xing.com\\\/news\\\/pages\\\/organisator-ch-695\",\"https:\\\/\\\/www.youtube.com\\\/channel\\\/UCGP2Sq0iWaZwT3BdIAQFYpw\"]},{\"@type\":\"Person\",\"@id\":\"https:\\\/\\\/www.organisator.ch\\\/#\\\/schema\\\/person\\\/6f650f90b2842cd4c0cc334b4e36f67e\",\"name\":\"thomas.berner\",\"image\":{\"@type\":\"ImageObject\",\"inLanguage\":\"de\",\"@id\":\"https:\\\/\\\/secure.gravatar.com\\\/avatar\\\/ac5001d2a36cb6c6cd3e50789007ffca834b477b74a2144564522e944eabff61?s=96&d=mm&r=g\",\"url\":\"https:\\\/\\\/secure.gravatar.com\\\/avatar\\\/ac5001d2a36cb6c6cd3e50789007ffca834b477b74a2144564522e944eabff61?s=96&d=mm&r=g\",\"contentUrl\":\"https:\\\/\\\/secure.gravatar.com\\\/avatar\\\/ac5001d2a36cb6c6cd3e50789007ffca834b477b74a2144564522e944eabff61?s=96&d=mm&r=g\",\"caption\":\"thomas.berner\"},\"url\":\"https:\\\/\\\/www.organisator.ch\\\/de\\\/author\\\/thomas-berner\\\/\"}]}<\/script>\n<!-- \/ Yoast SEO plugin. -->","yoast_head_json":{"title":"Agenturen auf dem absteigenden Ast? - Organisator","description":"95 Prozent der Unternehmen wollen eine interne Marketing-L\u00f6sung anstelle von Agenturen. Dies zeigt eine Studie aus Deutschland.","robots":{"index":"index","follow":"follow","max-snippet":"max-snippet:-1","max-image-preview":"max-image-preview:large","max-video-preview":"max-video-preview:-1"},"canonical":"https:\/\/www.organisator.ch\/de\/marketing\/2025-04-09\/agenturen-auf-dem-absteigenden-ast\/","og_locale":"de_DE","og_type":"article","og_title":"Agenturen auf dem absteigenden Ast?","og_description":"95 Prozent der Unternehmen wollen eine interne Marketing-L\u00f6sung anstelle von Agenturen. Dies zeigt eine Studie aus Deutschland.","og_url":"https:\/\/www.organisator.ch\/de\/marketing\/2025-04-09\/agenturen-auf-dem-absteigenden-ast\/","og_site_name":"Organisator","article_publisher":"https:\/\/www.facebook.com\/OrganisatorFachmagazin","article_published_time":"2025-04-09T13:24:21+00:00","og_image":[{"width":680,"height":483,"url":"https:\/\/www.organisator.ch\/wp-content\/uploads\/2025\/04\/Agenturen-auf-dem-absteigenden-Ast-Bild_Organisator.jpg","type":"image\/jpeg"}],"author":"thomas.berner","twitter_card":"summary_large_image","twitter_title":"#Agenturen auf dem absteigenden Ast?","twitter_description":"95 Prozent der Unternehmen wollen eine interne #Marketing-L\u00f6sung anstelle von #Agenturen. Dies zeigt eine Studie aus Deutschland.","twitter_image":"https:\/\/www.organisator.ch\/wp-content\/uploads\/2025\/04\/Agenturen-auf-dem-absteigenden-Ast-Bild_Organisator.jpg","schema":{"@context":"https:\/\/schema.org","@graph":[{"@type":"Article","@id":"https:\/\/www.organisator.ch\/marketing\/2025-04-09\/agenturen-auf-dem-absteigenden-ast\/#article","isPartOf":{"@id":"https:\/\/www.organisator.ch\/marketing\/2025-04-09\/agenturen-auf-dem-absteigenden-ast\/"},"author":{"name":"thomas.berner","@id":"https:\/\/www.organisator.ch\/#\/schema\/person\/6f650f90b2842cd4c0cc334b4e36f67e"},"headline":"Agenturen auf dem absteigenden Ast?","datePublished":"2025-04-09T13:24:21+00:00","mainEntityOfPage":{"@id":"https:\/\/www.organisator.ch\/marketing\/2025-04-09\/agenturen-auf-dem-absteigenden-ast\/"},"wordCount":507,"publisher":{"@id":"https:\/\/www.organisator.ch\/#organization"},"image":{"@id":"https:\/\/www.organisator.ch\/marketing\/2025-04-09\/agenturen-auf-dem-absteigenden-ast\/#primaryimage"},"thumbnailUrl":"https:\/\/www.organisator.ch\/wp-content\/uploads\/2025\/04\/Agenturen-auf-dem-absteigenden-Ast-Bild_Organisator.jpg","keywords":["Agenturen","Studie"],"articleSection":["MARKETING"],"inLanguage":"de"},{"@type":"WebPage","@id":"https:\/\/www.organisator.ch\/marketing\/2025-04-09\/agenturen-auf-dem-absteigenden-ast\/","url":"https:\/\/www.organisator.ch\/marketing\/2025-04-09\/agenturen-auf-dem-absteigenden-ast\/","name":"Agenturen auf dem absteigenden Ast? - Organisator","isPartOf":{"@id":"https:\/\/www.organisator.ch\/#website"},"primaryImageOfPage":{"@id":"https:\/\/www.organisator.ch\/marketing\/2025-04-09\/agenturen-auf-dem-absteigenden-ast\/#primaryimage"},"image":{"@id":"https:\/\/www.organisator.ch\/marketing\/2025-04-09\/agenturen-auf-dem-absteigenden-ast\/#primaryimage"},"thumbnailUrl":"https:\/\/www.organisator.ch\/wp-content\/uploads\/2025\/04\/Agenturen-auf-dem-absteigenden-Ast-Bild_Organisator.jpg","datePublished":"2025-04-09T13:24:21+00:00","description":"95 Prozent der Unternehmen wollen eine interne Marketing-L\u00f6sung anstelle von Agenturen. Dies zeigt eine Studie aus Deutschland.","breadcrumb":{"@id":"https:\/\/www.organisator.ch\/marketing\/2025-04-09\/agenturen-auf-dem-absteigenden-ast\/#breadcrumb"},"inLanguage":"de","potentialAction":[{"@type":"ReadAction","target":["https:\/\/www.organisator.ch\/marketing\/2025-04-09\/agenturen-auf-dem-absteigenden-ast\/"]}]},{"@type":"ImageObject","inLanguage":"de","@id":"https:\/\/www.organisator.ch\/marketing\/2025-04-09\/agenturen-auf-dem-absteigenden-ast\/#primaryimage","url":"https:\/\/www.organisator.ch\/wp-content\/uploads\/2025\/04\/Agenturen-auf-dem-absteigenden-Ast-Bild_Organisator.jpg","contentUrl":"https:\/\/www.organisator.ch\/wp-content\/uploads\/2025\/04\/Agenturen-auf-dem-absteigenden-Ast-Bild_Organisator.jpg","width":680,"height":483,"caption":"Bastian Sens von Sensational Marketing GmbH (Bild: zVg)"},{"@type":"BreadcrumbList","@id":"https:\/\/www.organisator.ch\/marketing\/2025-04-09\/agenturen-auf-dem-absteigenden-ast\/#breadcrumb","itemListElement":[{"@type":"ListItem","position":1,"name":"Home","item":"https:\/\/www.organisator.ch\/"},{"@type":"ListItem","position":2,"name":"Agenturen auf dem absteigenden Ast?"}]},{"@type":"WebSite","@id":"https:\/\/www.organisator.ch\/#website","url":"https:\/\/www.organisator.ch\/","name":"Organisator","description":"Kompetent. Praxisnah. Der ORGANISATOR bereitet in 10 Ausgaben pro Jahr die wesentlichen Themen f\u00fcr F\u00fchrungskr\u00e4fte von KMU auf.","publisher":{"@id":"https:\/\/www.organisator.ch\/#organization"},"potentialAction":[{"@type":"SearchAction","target":{"@type":"EntryPoint","urlTemplate":"https:\/\/www.organisator.ch\/?s={search_term_string}"},"query-input":{"@type":"PropertyValueSpecification","valueRequired":true,"valueName":"search_term_string"}}],"inLanguage":"de"},{"@type":"Organization","@id":"https:\/\/www.organisator.ch\/#organization","name":"Organisator","url":"https:\/\/www.organisator.ch\/","logo":{"@type":"ImageObject","inLanguage":"de","@id":"https:\/\/www.organisator.ch\/#\/schema\/logo\/image\/","url":"https:\/\/www.organisator.ch\/wp-content\/uploads\/2022\/01\/Logo_Organisator_Website.png","contentUrl":"https:\/\/www.organisator.ch\/wp-content\/uploads\/2022\/01\/Logo_Organisator_Website.png","width":800,"height":77,"caption":"Organisator"},"image":{"@id":"https:\/\/www.organisator.ch\/#\/schema\/logo\/image\/"},"sameAs":["https:\/\/www.facebook.com\/OrganisatorFachmagazin","https:\/\/www.linkedin.com\/showcase\/organisator-das-magazin-fr-kmu","https:\/\/www.xing.com\/news\/pages\/organisator-ch-695","https:\/\/www.youtube.com\/channel\/UCGP2Sq0iWaZwT3BdIAQFYpw"]},{"@type":"Person","@id":"https:\/\/www.organisator.ch\/#\/schema\/person\/6f650f90b2842cd4c0cc334b4e36f67e","name":"thomas.berner","image":{"@type":"ImageObject","inLanguage":"de","@id":"https:\/\/secure.gravatar.com\/avatar\/ac5001d2a36cb6c6cd3e50789007ffca834b477b74a2144564522e944eabff61?s=96&d=mm&r=g","url":"https:\/\/secure.gravatar.com\/avatar\/ac5001d2a36cb6c6cd3e50789007ffca834b477b74a2144564522e944eabff61?s=96&d=mm&r=g","contentUrl":"https:\/\/secure.gravatar.com\/avatar\/ac5001d2a36cb6c6cd3e50789007ffca834b477b74a2144564522e944eabff61?s=96&d=mm&r=g","caption":"thomas.berner"},"url":"https:\/\/www.organisator.ch\/de\/author\/thomas-berner\/"}]}},"_links":{"self":[{"href":"https:\/\/www.organisator.ch\/de\/wp-json\/wp\/v2\/posts\/37494","targetHints":{"allow":["GET"]}}],"collection":[{"href":"https:\/\/www.organisator.ch\/de\/wp-json\/wp\/v2\/posts"}],"about":[{"href":"https:\/\/www.organisator.ch\/de\/wp-json\/wp\/v2\/types\/post"}],"author":[{"embeddable":true,"href":"https:\/\/www.organisator.ch\/de\/wp-json\/wp\/v2\/users\/4"}],"replies":[{"embeddable":true,"href":"https:\/\/www.organisator.ch\/de\/wp-json\/wp\/v2\/comments?post=37494"}],"version-history":[{"count":3,"href":"https:\/\/www.organisator.ch\/de\/wp-json\/wp\/v2\/posts\/37494\/revisions"}],"predecessor-version":[{"id":37600,"href":"https:\/\/www.organisator.ch\/de\/wp-json\/wp\/v2\/posts\/37494\/revisions\/37600"}],"wp:featuredmedia":[{"embeddable":true,"href":"https:\/\/www.organisator.ch\/de\/wp-json\/wp\/v2\/media\/37497"}],"wp:attachment":[{"href":"https:\/\/www.organisator.ch\/de\/wp-json\/wp\/v2\/media?parent=37494"}],"wp:term":[{"taxonomy":"category","embeddable":true,"href":"https:\/\/www.organisator.ch\/de\/wp-json\/wp\/v2\/categories?post=37494"},{"taxonomy":"post_tag","embeddable":true,"href":"https:\/\/www.organisator.ch\/de\/wp-json\/wp\/v2\/tags?post=37494"}],"curies":[{"name":"wp","href":"https:\/\/api.w.org\/{rel}","templated":true}]}}