{"id":375,"date":"2016-11-17T15:34:54","date_gmt":"2016-11-17T14:34:54","guid":{"rendered":"http:\/\/dev.organisator.ch\/?p=375"},"modified":"2016-11-17T15:34:54","modified_gmt":"2016-11-17T14:34:54","slug":"fuehrungswechsel-bei-der-haworth-schweiz-ag","status":"publish","type":"post","link":"https:\/\/www.organisator.ch\/de\/management\/2016-11-17\/fuehrungswechsel-bei-der-haworth-schweiz-ag\/","title":{"rendered":"F\u00fchrungswechsel bei der Haworth Schweiz AG"},"content":{"rendered":"<figure id=\"attachment_376\" aria-describedby=\"caption-attachment-376\" style=\"width: 471px\" class=\"wp-caption alignnone\"><img loading=\"lazy\" decoding=\"async\" class=\"size-full wp-image-376\" src=\"https:\/\/www.organisator.ch\/wp-content\/uploads\/2016\/12\/Fuehrungswechsel-bei-der-Haworth-Schweiz-AG-organisator.jpg\" alt=\"\" width=\"471\" height=\"266\" srcset=\"https:\/\/www.organisator.ch\/wp-content\/uploads\/2016\/12\/Fuehrungswechsel-bei-der-Haworth-Schweiz-AG-organisator.jpg 471w, https:\/\/www.organisator.ch\/wp-content\/uploads\/2016\/12\/Fuehrungswechsel-bei-der-Haworth-Schweiz-AG-organisator-16x9.jpg 16w, https:\/\/www.organisator.ch\/wp-content\/uploads\/2016\/12\/Fuehrungswechsel-bei-der-Haworth-Schweiz-AG-organisator-310x175.jpg 310w, https:\/\/www.organisator.ch\/wp-content\/uploads\/2016\/12\/Fuehrungswechsel-bei-der-Haworth-Schweiz-AG-organisator-300x169.jpg 300w\" sizes=\"auto, (max-width: 471px) 100vw, 471px\" \/><figcaption id=\"caption-attachment-376\" class=\"wp-caption-text\">Domenic Meier (links) \u00fcbernimmt von Mark Helfenstein die Funktion des General Managers von Haworth Schweiz AG. (Fotos: zVg)<\/figcaption><\/figure>\n<p>Nach elf Jahren als General Manager\u00a0des B\u00fcrom\u00f6bel-Herstellers\u00a0Haworth Schweiz AG hat sich Mark Helfenstein, General Manager Schweiz und Vice President Ideation Europe entschieden, beruflich etwas k\u00fcrzer zu treten. Er wird sein Pensum bei Haworth auf 50% reduzieren und sich zuk\u00fcnftig haupts\u00e4chlich auf seine Rolle als Vice President Ideation Europe und Mitglied des europ\u00e4ischen Strategie Teams konzentrieren.<\/p>\n<p>Domenic Meier, ist seit dem 1. M\u00e4rz 2008 f\u00fcr Haworth t\u00e4tig. Als Sales &amp; Marketing Director war er f\u00fcr den Verkauf, den Customer Service, das Marketing und verschiedene vertriebsunterst\u00fctzende Abteilungen verantwortlich. Herr Meier kennt Haworth und den Schweizer B\u00fcrom\u00f6belmarkt somit bestens und\u00a0sei deshalb\u00a0ausgezeichnet ger\u00fcstet, um den Erfolg der Haworth Schweiz AG auch weiterhin sicher zu stellen, teilt das Unternehmen mit.<\/p>\n<p>Haworth ist ein Familienunternehmen mit Sitz in Holland, Michigan\/USA, und\u00a0besch\u00e4ftigt weltweit mehr als 6500 Mitarbeiter. Das Unternehmen erzielt einen Umsatz von aktuell 1,82 Mrd. US-Dollar. In der Schweiz besch\u00e4ftigt das Unternehmen rund 100 Mitarbeiter.<\/p>\n<p><em>Quelle: <a href=\"http:\/\/www.haworth.ch\" data-cke-saved-href=\"http:\/\/www.haworth.ch\">www.haworth.ch<\/a><\/em><\/p>\n","protected":false},"excerpt":{"rendered":"<p>Nach elf Jahren als General Manager\u00a0des B\u00fcrom\u00f6bel-Herstellers\u00a0Haworth Schweiz AG hat sich Mark Helfenstein, General Manager Schweiz und Vice President Ideation Europe entschieden, beruflich etwas k\u00fcrzer zu treten. Er wird sein Pensum bei Haworth auf 50% reduzieren und sich zuk\u00fcnftig haupts\u00e4chlich auf seine Rolle als Vice President Ideation Europe und Mitglied des europ\u00e4ischen Strategie Teams konzentrieren. [&hellip;]<\/p>\n","protected":false},"author":1,"featured_media":376,"comment_status":"open","ping_status":"open","sticky":false,"template":"","format":"standard","meta":{"_acf_changed":false,"_yoast_wpseo_focuskw":"Haworth Schweiz AG","_yoast_wpseo_metadesc":"Domenic Meier \u00fcbernimmt per 1. Januar 2017 die Funktion des General Managers der Haworth Schweiz AG von Mark Helfenstein.","articlekey":"","footnotes":""},"categories":[28],"tags":[335,382],"class_list":["post-375","post","type-post","status-publish","format-standard","has-post-thumbnail","hentry","category-management","tag-management-und-unternehmensfuehrung","tag-personalien"],"acf":[],"yoast_head":"<!-- This site is optimized with the Yoast SEO plugin v27.4 - https:\/\/yoast.com\/product\/yoast-seo-wordpress\/ -->\n<title>F\u00fchrungswechsel bei der Haworth Schweiz AG - Organisator<\/title>\n<meta name=\"description\" content=\"Domenic Meier \u00fcbernimmt per 1. Januar 2017 die Funktion des General Managers der Haworth Schweiz AG von Mark Helfenstein.\" \/>\n<meta name=\"robots\" content=\"index, follow, max-snippet:-1, max-image-preview:large, max-video-preview:-1\" \/>\n<link rel=\"canonical\" href=\"https:\/\/www.organisator.ch\/de\/management\/2016-11-17\/fuehrungswechsel-bei-der-haworth-schweiz-ag\/\" \/>\n<meta property=\"og:locale\" content=\"de_DE\" \/>\n<meta property=\"og:type\" content=\"article\" \/>\n<meta property=\"og:title\" content=\"F\u00fchrungswechsel bei der Haworth Schweiz AG\" \/>\n<meta property=\"og:description\" content=\"Domenic Meier \u00fcbernimmt per 1. Januar 2017 die Funktion des General Managers der Haworth Schweiz AG von Mark Helfenstein. In dieser Funktion nimmt Domenic Meier auch Einsitz im Europ\u00e4ischen Management. Herr Mark Helfenstein wird als Vice President Europe weiterhin f\u00fcr die Ideation Group zust\u00e4ndig sein.\" \/>\n<meta property=\"og:url\" content=\"https:\/\/www.organisator.ch\/de\/management\/2016-11-17\/fuehrungswechsel-bei-der-haworth-schweiz-ag\/\" \/>\n<meta property=\"og:site_name\" content=\"Organisator\" \/>\n<meta property=\"article:publisher\" content=\"https:\/\/www.facebook.com\/OrganisatorFachmagazin\" \/>\n<meta property=\"article:published_time\" content=\"2016-11-17T14:34:54+00:00\" \/>\n<meta name=\"author\" content=\"admin\" \/>\n<meta name=\"twitter:card\" content=\"summary_large_image\" \/>\n<meta name=\"twitter:image\" content=\"https:\/\/www.organisator.ch\/wp-content\/uploads\/2016\/12\/Fuehrungswechsel-bei-der-Haworth-Schweiz-AG-organisator.jpg\" \/>\n<script type=\"application\/ld+json\" class=\"yoast-schema-graph\">{\"@context\":\"https:\\\/\\\/schema.org\",\"@graph\":[{\"@type\":\"Article\",\"@id\":\"https:\\\/\\\/www.organisator.ch\\\/management\\\/2016-11-17\\\/fuehrungswechsel-bei-der-haworth-schweiz-ag\\\/#article\",\"isPartOf\":{\"@id\":\"https:\\\/\\\/www.organisator.ch\\\/management\\\/2016-11-17\\\/fuehrungswechsel-bei-der-haworth-schweiz-ag\\\/\"},\"author\":{\"name\":\"admin\",\"@id\":\"https:\\\/\\\/www.organisator.ch\\\/#\\\/schema\\\/person\\\/aa2bace6c5c5aad60102004a50c4eb1c\"},\"headline\":\"F\u00fchrungswechsel bei der Haworth Schweiz AG\",\"datePublished\":\"2016-11-17T14:34:54+00:00\",\"mainEntityOfPage\":{\"@id\":\"https:\\\/\\\/www.organisator.ch\\\/management\\\/2016-11-17\\\/fuehrungswechsel-bei-der-haworth-schweiz-ag\\\/\"},\"wordCount\":201,\"commentCount\":0,\"publisher\":{\"@id\":\"https:\\\/\\\/www.organisator.ch\\\/#organization\"},\"image\":{\"@id\":\"https:\\\/\\\/www.organisator.ch\\\/management\\\/2016-11-17\\\/fuehrungswechsel-bei-der-haworth-schweiz-ag\\\/#primaryimage\"},\"thumbnailUrl\":\"https:\\\/\\\/www.organisator.ch\\\/wp-content\\\/uploads\\\/2016\\\/12\\\/Fuehrungswechsel-bei-der-Haworth-Schweiz-AG-organisator.jpg\",\"keywords\":[\"Management und Unternehmensf\u00fchrung\",\"Personalien\"],\"articleSection\":[\"MANAGEMENT\"],\"inLanguage\":\"de\"},{\"@type\":\"WebPage\",\"@id\":\"https:\\\/\\\/www.organisator.ch\\\/management\\\/2016-11-17\\\/fuehrungswechsel-bei-der-haworth-schweiz-ag\\\/\",\"url\":\"https:\\\/\\\/www.organisator.ch\\\/management\\\/2016-11-17\\\/fuehrungswechsel-bei-der-haworth-schweiz-ag\\\/\",\"name\":\"F\u00fchrungswechsel bei der Haworth Schweiz AG - Organisator\",\"isPartOf\":{\"@id\":\"https:\\\/\\\/www.organisator.ch\\\/#website\"},\"primaryImageOfPage\":{\"@id\":\"https:\\\/\\\/www.organisator.ch\\\/management\\\/2016-11-17\\\/fuehrungswechsel-bei-der-haworth-schweiz-ag\\\/#primaryimage\"},\"image\":{\"@id\":\"https:\\\/\\\/www.organisator.ch\\\/management\\\/2016-11-17\\\/fuehrungswechsel-bei-der-haworth-schweiz-ag\\\/#primaryimage\"},\"thumbnailUrl\":\"https:\\\/\\\/www.organisator.ch\\\/wp-content\\\/uploads\\\/2016\\\/12\\\/Fuehrungswechsel-bei-der-Haworth-Schweiz-AG-organisator.jpg\",\"datePublished\":\"2016-11-17T14:34:54+00:00\",\"description\":\"Domenic Meier \u00fcbernimmt per 1. Januar 2017 die Funktion des General Managers der Haworth Schweiz AG von Mark Helfenstein.\",\"breadcrumb\":{\"@id\":\"https:\\\/\\\/www.organisator.ch\\\/management\\\/2016-11-17\\\/fuehrungswechsel-bei-der-haworth-schweiz-ag\\\/#breadcrumb\"},\"inLanguage\":\"de\",\"potentialAction\":[{\"@type\":\"ReadAction\",\"target\":[\"https:\\\/\\\/www.organisator.ch\\\/management\\\/2016-11-17\\\/fuehrungswechsel-bei-der-haworth-schweiz-ag\\\/\"]}]},{\"@type\":\"ImageObject\",\"inLanguage\":\"de\",\"@id\":\"https:\\\/\\\/www.organisator.ch\\\/management\\\/2016-11-17\\\/fuehrungswechsel-bei-der-haworth-schweiz-ag\\\/#primaryimage\",\"url\":\"https:\\\/\\\/www.organisator.ch\\\/wp-content\\\/uploads\\\/2016\\\/12\\\/Fuehrungswechsel-bei-der-Haworth-Schweiz-AG-organisator.jpg\",\"contentUrl\":\"https:\\\/\\\/www.organisator.ch\\\/wp-content\\\/uploads\\\/2016\\\/12\\\/Fuehrungswechsel-bei-der-Haworth-Schweiz-AG-organisator.jpg\",\"width\":471,\"height\":266,\"caption\":\"Domenic Meier (links) \u00fcbernimmt von Mark Helfenstein die Funktion des General Managers von Haworth Schweiz AG. (Fotos: zVg)\"},{\"@type\":\"BreadcrumbList\",\"@id\":\"https:\\\/\\\/www.organisator.ch\\\/management\\\/2016-11-17\\\/fuehrungswechsel-bei-der-haworth-schweiz-ag\\\/#breadcrumb\",\"itemListElement\":[{\"@type\":\"ListItem\",\"position\":1,\"name\":\"Home\",\"item\":\"https:\\\/\\\/www.organisator.ch\\\/\"},{\"@type\":\"ListItem\",\"position\":2,\"name\":\"F\u00fchrungswechsel bei der Haworth Schweiz AG\"}]},{\"@type\":\"WebSite\",\"@id\":\"https:\\\/\\\/www.organisator.ch\\\/#website\",\"url\":\"https:\\\/\\\/www.organisator.ch\\\/\",\"name\":\"Organisator\",\"description\":\"Kompetent. Praxisnah. Der ORGANISATOR bereitet in 10 Ausgaben pro Jahr die wesentlichen Themen f\u00fcr F\u00fchrungskr\u00e4fte von KMU auf.\",\"publisher\":{\"@id\":\"https:\\\/\\\/www.organisator.ch\\\/#organization\"},\"potentialAction\":[{\"@type\":\"SearchAction\",\"target\":{\"@type\":\"EntryPoint\",\"urlTemplate\":\"https:\\\/\\\/www.organisator.ch\\\/?s={search_term_string}\"},\"query-input\":{\"@type\":\"PropertyValueSpecification\",\"valueRequired\":true,\"valueName\":\"search_term_string\"}}],\"inLanguage\":\"de\"},{\"@type\":\"Organization\",\"@id\":\"https:\\\/\\\/www.organisator.ch\\\/#organization\",\"name\":\"Organisator\",\"url\":\"https:\\\/\\\/www.organisator.ch\\\/\",\"logo\":{\"@type\":\"ImageObject\",\"inLanguage\":\"de\",\"@id\":\"https:\\\/\\\/www.organisator.ch\\\/#\\\/schema\\\/logo\\\/image\\\/\",\"url\":\"https:\\\/\\\/www.organisator.ch\\\/wp-content\\\/uploads\\\/2022\\\/01\\\/Logo_Organisator_Website.png\",\"contentUrl\":\"https:\\\/\\\/www.organisator.ch\\\/wp-content\\\/uploads\\\/2022\\\/01\\\/Logo_Organisator_Website.png\",\"width\":800,\"height\":77,\"caption\":\"Organisator\"},\"image\":{\"@id\":\"https:\\\/\\\/www.organisator.ch\\\/#\\\/schema\\\/logo\\\/image\\\/\"},\"sameAs\":[\"https:\\\/\\\/www.facebook.com\\\/OrganisatorFachmagazin\",\"https:\\\/\\\/www.linkedin.com\\\/showcase\\\/organisator-das-magazin-fr-kmu\",\"https:\\\/\\\/www.xing.com\\\/news\\\/pages\\\/organisator-ch-695\",\"https:\\\/\\\/www.youtube.com\\\/channel\\\/UCGP2Sq0iWaZwT3BdIAQFYpw\"]},{\"@type\":\"Person\",\"@id\":\"https:\\\/\\\/www.organisator.ch\\\/#\\\/schema\\\/person\\\/aa2bace6c5c5aad60102004a50c4eb1c\",\"name\":\"admin\",\"image\":{\"@type\":\"ImageObject\",\"inLanguage\":\"de\",\"@id\":\"https:\\\/\\\/secure.gravatar.com\\\/avatar\\\/ae2f4d718e6c49043e314ce431e7e645d646302a24a5ef5a8bc8e3f5a032e319?s=96&d=mm&r=g\",\"url\":\"https:\\\/\\\/secure.gravatar.com\\\/avatar\\\/ae2f4d718e6c49043e314ce431e7e645d646302a24a5ef5a8bc8e3f5a032e319?s=96&d=mm&r=g\",\"contentUrl\":\"https:\\\/\\\/secure.gravatar.com\\\/avatar\\\/ae2f4d718e6c49043e314ce431e7e645d646302a24a5ef5a8bc8e3f5a032e319?s=96&d=mm&r=g\",\"caption\":\"admin\"},\"sameAs\":[\"https:\\\/\\\/www.organisator.ch\"],\"url\":\"https:\\\/\\\/www.organisator.ch\\\/de\\\/author\\\/admin\\\/\"}]}<\/script>\n<!-- \/ Yoast SEO plugin. -->","yoast_head_json":{"title":"F\u00fchrungswechsel bei der Haworth Schweiz AG - Organisator","description":"Domenic Meier \u00fcbernimmt per 1. Januar 2017 die Funktion des General Managers der Haworth Schweiz AG von Mark Helfenstein.","robots":{"index":"index","follow":"follow","max-snippet":"max-snippet:-1","max-image-preview":"max-image-preview:large","max-video-preview":"max-video-preview:-1"},"canonical":"https:\/\/www.organisator.ch\/de\/management\/2016-11-17\/fuehrungswechsel-bei-der-haworth-schweiz-ag\/","og_locale":"de_DE","og_type":"article","og_title":"F\u00fchrungswechsel bei der Haworth Schweiz AG","og_description":"Domenic Meier \u00fcbernimmt per 1. Januar 2017 die Funktion des General Managers der Haworth Schweiz AG von Mark Helfenstein. In dieser Funktion nimmt Domenic Meier auch Einsitz im Europ\u00e4ischen Management. Herr Mark Helfenstein wird als Vice President Europe weiterhin f\u00fcr die Ideation Group zust\u00e4ndig sein.","og_url":"https:\/\/www.organisator.ch\/de\/management\/2016-11-17\/fuehrungswechsel-bei-der-haworth-schweiz-ag\/","og_site_name":"Organisator","article_publisher":"https:\/\/www.facebook.com\/OrganisatorFachmagazin","article_published_time":"2016-11-17T14:34:54+00:00","author":"admin","twitter_card":"summary_large_image","twitter_image":"https:\/\/www.organisator.ch\/wp-content\/uploads\/2016\/12\/Fuehrungswechsel-bei-der-Haworth-Schweiz-AG-organisator.jpg","schema":{"@context":"https:\/\/schema.org","@graph":[{"@type":"Article","@id":"https:\/\/www.organisator.ch\/management\/2016-11-17\/fuehrungswechsel-bei-der-haworth-schweiz-ag\/#article","isPartOf":{"@id":"https:\/\/www.organisator.ch\/management\/2016-11-17\/fuehrungswechsel-bei-der-haworth-schweiz-ag\/"},"author":{"name":"admin","@id":"https:\/\/www.organisator.ch\/#\/schema\/person\/aa2bace6c5c5aad60102004a50c4eb1c"},"headline":"F\u00fchrungswechsel bei der Haworth Schweiz AG","datePublished":"2016-11-17T14:34:54+00:00","mainEntityOfPage":{"@id":"https:\/\/www.organisator.ch\/management\/2016-11-17\/fuehrungswechsel-bei-der-haworth-schweiz-ag\/"},"wordCount":201,"commentCount":0,"publisher":{"@id":"https:\/\/www.organisator.ch\/#organization"},"image":{"@id":"https:\/\/www.organisator.ch\/management\/2016-11-17\/fuehrungswechsel-bei-der-haworth-schweiz-ag\/#primaryimage"},"thumbnailUrl":"https:\/\/www.organisator.ch\/wp-content\/uploads\/2016\/12\/Fuehrungswechsel-bei-der-Haworth-Schweiz-AG-organisator.jpg","keywords":["Management und Unternehmensf\u00fchrung","Personalien"],"articleSection":["MANAGEMENT"],"inLanguage":"de"},{"@type":"WebPage","@id":"https:\/\/www.organisator.ch\/management\/2016-11-17\/fuehrungswechsel-bei-der-haworth-schweiz-ag\/","url":"https:\/\/www.organisator.ch\/management\/2016-11-17\/fuehrungswechsel-bei-der-haworth-schweiz-ag\/","name":"F\u00fchrungswechsel bei der Haworth Schweiz AG - Organisator","isPartOf":{"@id":"https:\/\/www.organisator.ch\/#website"},"primaryImageOfPage":{"@id":"https:\/\/www.organisator.ch\/management\/2016-11-17\/fuehrungswechsel-bei-der-haworth-schweiz-ag\/#primaryimage"},"image":{"@id":"https:\/\/www.organisator.ch\/management\/2016-11-17\/fuehrungswechsel-bei-der-haworth-schweiz-ag\/#primaryimage"},"thumbnailUrl":"https:\/\/www.organisator.ch\/wp-content\/uploads\/2016\/12\/Fuehrungswechsel-bei-der-Haworth-Schweiz-AG-organisator.jpg","datePublished":"2016-11-17T14:34:54+00:00","description":"Domenic Meier \u00fcbernimmt per 1. Januar 2017 die Funktion des General Managers der Haworth Schweiz AG von Mark Helfenstein.","breadcrumb":{"@id":"https:\/\/www.organisator.ch\/management\/2016-11-17\/fuehrungswechsel-bei-der-haworth-schweiz-ag\/#breadcrumb"},"inLanguage":"de","potentialAction":[{"@type":"ReadAction","target":["https:\/\/www.organisator.ch\/management\/2016-11-17\/fuehrungswechsel-bei-der-haworth-schweiz-ag\/"]}]},{"@type":"ImageObject","inLanguage":"de","@id":"https:\/\/www.organisator.ch\/management\/2016-11-17\/fuehrungswechsel-bei-der-haworth-schweiz-ag\/#primaryimage","url":"https:\/\/www.organisator.ch\/wp-content\/uploads\/2016\/12\/Fuehrungswechsel-bei-der-Haworth-Schweiz-AG-organisator.jpg","contentUrl":"https:\/\/www.organisator.ch\/wp-content\/uploads\/2016\/12\/Fuehrungswechsel-bei-der-Haworth-Schweiz-AG-organisator.jpg","width":471,"height":266,"caption":"Domenic Meier (links) \u00fcbernimmt von Mark Helfenstein die Funktion des General Managers von Haworth Schweiz AG. (Fotos: zVg)"},{"@type":"BreadcrumbList","@id":"https:\/\/www.organisator.ch\/management\/2016-11-17\/fuehrungswechsel-bei-der-haworth-schweiz-ag\/#breadcrumb","itemListElement":[{"@type":"ListItem","position":1,"name":"Home","item":"https:\/\/www.organisator.ch\/"},{"@type":"ListItem","position":2,"name":"F\u00fchrungswechsel bei der Haworth Schweiz AG"}]},{"@type":"WebSite","@id":"https:\/\/www.organisator.ch\/#website","url":"https:\/\/www.organisator.ch\/","name":"Organisator","description":"Kompetent. Praxisnah. Der ORGANISATOR bereitet in 10 Ausgaben pro Jahr die wesentlichen Themen f\u00fcr F\u00fchrungskr\u00e4fte von KMU auf.","publisher":{"@id":"https:\/\/www.organisator.ch\/#organization"},"potentialAction":[{"@type":"SearchAction","target":{"@type":"EntryPoint","urlTemplate":"https:\/\/www.organisator.ch\/?s={search_term_string}"},"query-input":{"@type":"PropertyValueSpecification","valueRequired":true,"valueName":"search_term_string"}}],"inLanguage":"de"},{"@type":"Organization","@id":"https:\/\/www.organisator.ch\/#organization","name":"Organisator","url":"https:\/\/www.organisator.ch\/","logo":{"@type":"ImageObject","inLanguage":"de","@id":"https:\/\/www.organisator.ch\/#\/schema\/logo\/image\/","url":"https:\/\/www.organisator.ch\/wp-content\/uploads\/2022\/01\/Logo_Organisator_Website.png","contentUrl":"https:\/\/www.organisator.ch\/wp-content\/uploads\/2022\/01\/Logo_Organisator_Website.png","width":800,"height":77,"caption":"Organisator"},"image":{"@id":"https:\/\/www.organisator.ch\/#\/schema\/logo\/image\/"},"sameAs":["https:\/\/www.facebook.com\/OrganisatorFachmagazin","https:\/\/www.linkedin.com\/showcase\/organisator-das-magazin-fr-kmu","https:\/\/www.xing.com\/news\/pages\/organisator-ch-695","https:\/\/www.youtube.com\/channel\/UCGP2Sq0iWaZwT3BdIAQFYpw"]},{"@type":"Person","@id":"https:\/\/www.organisator.ch\/#\/schema\/person\/aa2bace6c5c5aad60102004a50c4eb1c","name":"admin","image":{"@type":"ImageObject","inLanguage":"de","@id":"https:\/\/secure.gravatar.com\/avatar\/ae2f4d718e6c49043e314ce431e7e645d646302a24a5ef5a8bc8e3f5a032e319?s=96&d=mm&r=g","url":"https:\/\/secure.gravatar.com\/avatar\/ae2f4d718e6c49043e314ce431e7e645d646302a24a5ef5a8bc8e3f5a032e319?s=96&d=mm&r=g","contentUrl":"https:\/\/secure.gravatar.com\/avatar\/ae2f4d718e6c49043e314ce431e7e645d646302a24a5ef5a8bc8e3f5a032e319?s=96&d=mm&r=g","caption":"admin"},"sameAs":["https:\/\/www.organisator.ch"],"url":"https:\/\/www.organisator.ch\/de\/author\/admin\/"}]}},"_links":{"self":[{"href":"https:\/\/www.organisator.ch\/de\/wp-json\/wp\/v2\/posts\/375","targetHints":{"allow":["GET"]}}],"collection":[{"href":"https:\/\/www.organisator.ch\/de\/wp-json\/wp\/v2\/posts"}],"about":[{"href":"https:\/\/www.organisator.ch\/de\/wp-json\/wp\/v2\/types\/post"}],"author":[{"embeddable":true,"href":"https:\/\/www.organisator.ch\/de\/wp-json\/wp\/v2\/users\/1"}],"replies":[{"embeddable":true,"href":"https:\/\/www.organisator.ch\/de\/wp-json\/wp\/v2\/comments?post=375"}],"version-history":[{"count":0,"href":"https:\/\/www.organisator.ch\/de\/wp-json\/wp\/v2\/posts\/375\/revisions"}],"wp:featuredmedia":[{"embeddable":true,"href":"https:\/\/www.organisator.ch\/de\/wp-json\/wp\/v2\/media\/376"}],"wp:attachment":[{"href":"https:\/\/www.organisator.ch\/de\/wp-json\/wp\/v2\/media?parent=375"}],"wp:term":[{"taxonomy":"category","embeddable":true,"href":"https:\/\/www.organisator.ch\/de\/wp-json\/wp\/v2\/categories?post=375"},{"taxonomy":"post_tag","embeddable":true,"href":"https:\/\/www.organisator.ch\/de\/wp-json\/wp\/v2\/tags?post=375"}],"curies":[{"name":"wp","href":"https:\/\/api.w.org\/{rel}","templated":true}]}}