{"id":37609,"date":"2025-04-11T09:36:40","date_gmt":"2025-04-11T07:36:40","guid":{"rendered":"https:\/\/www.organisator.ch\/?p=37609"},"modified":"2025-04-10T14:37:01","modified_gmt":"2025-04-10T12:37:01","slug":"digitale-souveraenitaet-aus-der-schweiz-eroeffnung-des-ai-innovation-center","status":"publish","type":"post","link":"https:\/\/www.organisator.ch\/de\/management\/2025-04-11\/digitale-souveraenitaet-aus-der-schweiz-eroeffnung-des-ai-innovation-center\/","title":{"rendered":"Digitale Souver\u00e4nit\u00e4t aus der Schweiz: Er\u00f6ffnung des AI Innovation Center"},"content":{"rendered":"<figure id=\"attachment_37610\" aria-describedby=\"caption-attachment-37610\" style=\"width: 680px\" class=\"wp-caption alignnone\"><img loading=\"lazy\" decoding=\"async\" class=\"size-full wp-image-37610\" src=\"https:\/\/www.organisator.ch\/wp-content\/uploads\/2025\/04\/AI-Inovation-Center_Bild1_ps.jpg\" alt=\"\" width=\"680\" height=\"453\" srcset=\"https:\/\/www.organisator.ch\/wp-content\/uploads\/2025\/04\/AI-Inovation-Center_Bild1_ps.jpg 680w, https:\/\/www.organisator.ch\/wp-content\/uploads\/2025\/04\/AI-Inovation-Center_Bild1_ps-18x12.jpg 18w, https:\/\/www.organisator.ch\/wp-content\/uploads\/2025\/04\/AI-Inovation-Center_Bild1_ps-375x250.jpg 375w, https:\/\/www.organisator.ch\/wp-content\/uploads\/2025\/04\/AI-Inovation-Center_Bild1_ps-525x350.jpg 525w\" sizes=\"auto, (max-width: 680px) 100vw, 680px\" \/><figcaption id=\"caption-attachment-37610\" class=\"wp-caption-text\">An der Er\u00f6ffnung des AI Innovation Center nahmen \u00fcber 200 Vertreter:innen aus Wirtschaft, Politik, Forschung und Medien teil. (Bild: www.phoenix-technologies.ch)<\/figcaption><\/figure>\n<p>Inmitten des f\u00fchrenden europ\u00e4ischen Life-Science-Clusters entsteht ein neues \u00d6kosystem f\u00fcr digitale Innovation \u2013 mit einer klaren Haltung: Digitale Selbstbestimmung ist keine Option mehr, sondern Voraussetzung f\u00fcr nachhaltige Wettbewerbsf\u00e4higkeit.<\/p>\n<p>Das AI Innovation Center bietet Unternehmen unter anderem die M\u00f6glichkeit einer hochmodernen Infrastruktur f\u00fcr den sicheren und souver\u00e4nen Betrieb von KI-Anwendungen \u2013 direkt aus der Schweiz, frei von geopolitischen Abh\u00e4ngigkeiten und auf h\u00f6chstem technologischem Niveau.<\/p>\n<p>Gleichzeitig ist das Center weit mehr als Technologie: Es vereint f\u00fchrende Talente, verantwortungsvolle Ethik, unternehmerischen Pioniergeist und einen klaren Anspruch an Vertrauen und Zusammenarbeit. Unternehmen erhalten hier nicht nur Rechenleistung, sondern einen Ort, an dem Innovation gezielt entstehen und wachsen kann \u2013 sicher, transparent und zukunftsf\u00e4hig.<\/p>\n<p>\u00abWas hier entsteht, geh\u00f6rt nicht einem Anbieter, nicht einem Staat \u2013 es geh\u00f6rt den Unternehmen selbst\u00bb, so Patrick Geiser, der das AI Innovation Center als Vordenker und architektonischen Impulsgeber entscheidend mitgestaltet hat. \u00abDas AI Innovation Center ist wie eine Quelle: Ideen und Innovationen fliessen dorthin, wo sie gebraucht werden \u2013 zu den Kund:innen, in neue M\u00e4rkte, in konkrete Wirkung.\u00bb<\/p>\n<p>In seiner Keynote zeichnete Abdel Labbi, IBM Department Head, Data &amp; AI Platforms, ein eindr\u00fcckliches Bild der Chancen, die aus einer eigenst\u00e4ndigen europ\u00e4ischen Innovations- und Technologiekultur entstehen \u2013 insbesondere im Zusammenspiel von Hochsicherheitsinfratruktur, vertrauensw\u00fcrdiger KI und unternehmerischem Mut.<\/p>\n<p>Einen erfrischend praktischen und inspirierenden Blick in die Zukunft boten die diversen Breakout Sessions: Von eigen entwickelten KI-Agenten, \u00fcber Open Source L\u00f6sungen oder wie die eigene Organisation bereit f\u00fcr KI gemacht wird, pr\u00e4sentierten Partner wie IBM Research, ITNB, Red Hat und die ICT Scouts spannende Einblicke f\u00fcr jedermann.<\/p>\n<p><em>Quelle: <a href=\"http:\/\/www.phoenix-technologies.ch\">www.phoenix-technologies.ch<\/a><\/em><\/p>\n","protected":false},"excerpt":{"rendered":"<p>Mit der Er\u00f6ffnung des AI Innovation Center am 9. April im Switzerland Innovation Park Basel Area setzt Phoenix Technologies gemeinsam mit IBM Research, Red Hat und weiteren Partnern ein starkes Zeichen f\u00fcr eine souver\u00e4ne, sichere und verantwortungsvolle KI-Zukunft in Europa. An der Er\u00f6ffnung nahmen \u00fcber 200 Vertreter:innen aus Wirtschaft, Politik, Forschung und Medien teil.<\/p>\n","protected":false},"author":58,"featured_media":37610,"comment_status":"closed","ping_status":"closed","sticky":false,"template":"","format":"standard","meta":{"_acf_changed":false,"_yoast_wpseo_focuskw":"AI Innovation Center","_yoast_wpseo_metadesc":"Mit der Er\u00f6ffnung des AI Innovation Center setzt Phoenix Technologies ein starkes Zeichen f\u00fcr eine souver\u00e4ne und sichere KI-Zukunft.","articlekey":"","footnotes":""},"categories":[28],"tags":[156,274,298,334,492],"class_list":["post-37609","post","type-post","status-publish","format-standard","has-post-thumbnail","hentry","category-management","tag-digitalisierung","tag-innovation","tag-ki","tag-management","tag-unternehmen"],"acf":[],"yoast_head":"<!-- This site is optimized with the Yoast SEO plugin v27.4 - https:\/\/yoast.com\/product\/yoast-seo-wordpress\/ -->\n<title>Digitale Souver\u00e4nit\u00e4t aus der Schweiz: Er\u00f6ffnung des AI Innovation Center - Organisator<\/title>\n<meta name=\"description\" content=\"Mit der Er\u00f6ffnung des AI Innovation Center setzt Phoenix Technologies ein starkes Zeichen f\u00fcr eine souver\u00e4ne und sichere KI-Zukunft.\" \/>\n<meta name=\"robots\" content=\"index, follow, max-snippet:-1, max-image-preview:large, max-video-preview:-1\" \/>\n<link rel=\"canonical\" href=\"https:\/\/www.organisator.ch\/de\/management\/2025-04-11\/digitale-souveraenitaet-aus-der-schweiz-eroeffnung-des-ai-innovation-center\/\" \/>\n<meta property=\"og:locale\" content=\"de_DE\" \/>\n<meta property=\"og:type\" content=\"article\" \/>\n<meta property=\"og:title\" content=\"Digitale Souver\u00e4nit\u00e4t aus der Schweiz: Er\u00f6ffnung des AI Innovation Center\" \/>\n<meta property=\"og:description\" content=\"Mit der Er\u00f6ffnung des AI Innovation Center setzt Phoenix Technologies ein starkes Zeichen f\u00fcr eine souver\u00e4ne und sichere KI-Zukunft.\" \/>\n<meta property=\"og:url\" content=\"https:\/\/www.organisator.ch\/de\/management\/2025-04-11\/digitale-souveraenitaet-aus-der-schweiz-eroeffnung-des-ai-innovation-center\/\" \/>\n<meta property=\"og:site_name\" content=\"Organisator\" \/>\n<meta property=\"article:publisher\" content=\"https:\/\/www.facebook.com\/OrganisatorFachmagazin\" \/>\n<meta property=\"article:published_time\" content=\"2025-04-11T07:36:40+00:00\" \/>\n<meta property=\"og:image\" content=\"https:\/\/www.organisator.ch\/wp-content\/uploads\/2025\/04\/AI-Inovation-Center_Bild1_ps.jpg\" \/>\n\t<meta property=\"og:image:width\" content=\"680\" \/>\n\t<meta property=\"og:image:height\" content=\"453\" \/>\n\t<meta property=\"og:image:type\" content=\"image\/jpeg\" \/>\n<meta name=\"author\" content=\"Adelisa Kalajdzini\" \/>\n<meta name=\"twitter:card\" content=\"summary_large_image\" \/>\n<meta name=\"twitter:title\" content=\"Digitale Souver\u00e4nit\u00e4t aus der Schweiz: Er\u00f6ffnung des AI Innovation Center\" \/>\n<meta name=\"twitter:description\" content=\"Mit der #Er\u00f6ffnung des #AI #Innovation #Center setzt Phoenix Technologies ein starkes Zeichen f\u00fcr eine #souver\u00e4ne und #sichere #KI-Zukunft.\" \/>\n<meta name=\"twitter:image\" content=\"https:\/\/www.organisator.ch\/wp-content\/uploads\/2025\/04\/AI-Inovation-Center_Bild1_ps.jpg\" \/>\n<script type=\"application\/ld+json\" class=\"yoast-schema-graph\">{\"@context\":\"https:\\\/\\\/schema.org\",\"@graph\":[{\"@type\":\"Article\",\"@id\":\"https:\\\/\\\/www.organisator.ch\\\/management\\\/2025-04-11\\\/digitale-souveraenitaet-aus-der-schweiz-eroeffnung-des-ai-innovation-center\\\/#article\",\"isPartOf\":{\"@id\":\"https:\\\/\\\/www.organisator.ch\\\/management\\\/2025-04-11\\\/digitale-souveraenitaet-aus-der-schweiz-eroeffnung-des-ai-innovation-center\\\/\"},\"author\":{\"name\":\"Adelisa Kalajdzini\",\"@id\":\"https:\\\/\\\/www.organisator.ch\\\/#\\\/schema\\\/person\\\/2e1314a2172123f874db408d8911d3f3\"},\"headline\":\"Digitale Souver\u00e4nit\u00e4t aus der Schweiz: Er\u00f6ffnung des AI Innovation Center\",\"datePublished\":\"2025-04-11T07:36:40+00:00\",\"mainEntityOfPage\":{\"@id\":\"https:\\\/\\\/www.organisator.ch\\\/management\\\/2025-04-11\\\/digitale-souveraenitaet-aus-der-schweiz-eroeffnung-des-ai-innovation-center\\\/\"},\"wordCount\":319,\"publisher\":{\"@id\":\"https:\\\/\\\/www.organisator.ch\\\/#organization\"},\"image\":{\"@id\":\"https:\\\/\\\/www.organisator.ch\\\/management\\\/2025-04-11\\\/digitale-souveraenitaet-aus-der-schweiz-eroeffnung-des-ai-innovation-center\\\/#primaryimage\"},\"thumbnailUrl\":\"https:\\\/\\\/www.organisator.ch\\\/wp-content\\\/uploads\\\/2025\\\/04\\\/AI-Inovation-Center_Bild1_ps.jpg\",\"keywords\":[\"Digitalisierung\",\"Innovation\",\"KI\",\"Management\",\"Unternehmen\"],\"articleSection\":[\"MANAGEMENT\"],\"inLanguage\":\"de\"},{\"@type\":\"WebPage\",\"@id\":\"https:\\\/\\\/www.organisator.ch\\\/management\\\/2025-04-11\\\/digitale-souveraenitaet-aus-der-schweiz-eroeffnung-des-ai-innovation-center\\\/\",\"url\":\"https:\\\/\\\/www.organisator.ch\\\/management\\\/2025-04-11\\\/digitale-souveraenitaet-aus-der-schweiz-eroeffnung-des-ai-innovation-center\\\/\",\"name\":\"Digitale Souver\u00e4nit\u00e4t aus der Schweiz: Er\u00f6ffnung des AI Innovation Center - Organisator\",\"isPartOf\":{\"@id\":\"https:\\\/\\\/www.organisator.ch\\\/#website\"},\"primaryImageOfPage\":{\"@id\":\"https:\\\/\\\/www.organisator.ch\\\/management\\\/2025-04-11\\\/digitale-souveraenitaet-aus-der-schweiz-eroeffnung-des-ai-innovation-center\\\/#primaryimage\"},\"image\":{\"@id\":\"https:\\\/\\\/www.organisator.ch\\\/management\\\/2025-04-11\\\/digitale-souveraenitaet-aus-der-schweiz-eroeffnung-des-ai-innovation-center\\\/#primaryimage\"},\"thumbnailUrl\":\"https:\\\/\\\/www.organisator.ch\\\/wp-content\\\/uploads\\\/2025\\\/04\\\/AI-Inovation-Center_Bild1_ps.jpg\",\"datePublished\":\"2025-04-11T07:36:40+00:00\",\"description\":\"Mit der Er\u00f6ffnung des AI Innovation Center setzt Phoenix Technologies ein starkes Zeichen f\u00fcr eine souver\u00e4ne und sichere KI-Zukunft.\",\"breadcrumb\":{\"@id\":\"https:\\\/\\\/www.organisator.ch\\\/management\\\/2025-04-11\\\/digitale-souveraenitaet-aus-der-schweiz-eroeffnung-des-ai-innovation-center\\\/#breadcrumb\"},\"inLanguage\":\"de\",\"potentialAction\":[{\"@type\":\"ReadAction\",\"target\":[\"https:\\\/\\\/www.organisator.ch\\\/management\\\/2025-04-11\\\/digitale-souveraenitaet-aus-der-schweiz-eroeffnung-des-ai-innovation-center\\\/\"]}]},{\"@type\":\"ImageObject\",\"inLanguage\":\"de\",\"@id\":\"https:\\\/\\\/www.organisator.ch\\\/management\\\/2025-04-11\\\/digitale-souveraenitaet-aus-der-schweiz-eroeffnung-des-ai-innovation-center\\\/#primaryimage\",\"url\":\"https:\\\/\\\/www.organisator.ch\\\/wp-content\\\/uploads\\\/2025\\\/04\\\/AI-Inovation-Center_Bild1_ps.jpg\",\"contentUrl\":\"https:\\\/\\\/www.organisator.ch\\\/wp-content\\\/uploads\\\/2025\\\/04\\\/AI-Inovation-Center_Bild1_ps.jpg\",\"width\":680,\"height\":453,\"caption\":\"An der Er\u00f6ffnung des AI Innovation Center nahmen \u00fcber 200 Vertreter:innen aus Wirtschaft, Politik, Forschung und Medien teil. (Bild: www.phoenix-technologies.ch)\"},{\"@type\":\"BreadcrumbList\",\"@id\":\"https:\\\/\\\/www.organisator.ch\\\/management\\\/2025-04-11\\\/digitale-souveraenitaet-aus-der-schweiz-eroeffnung-des-ai-innovation-center\\\/#breadcrumb\",\"itemListElement\":[{\"@type\":\"ListItem\",\"position\":1,\"name\":\"Home\",\"item\":\"https:\\\/\\\/www.organisator.ch\\\/\"},{\"@type\":\"ListItem\",\"position\":2,\"name\":\"Digitale Souver\u00e4nit\u00e4t aus der Schweiz: Er\u00f6ffnung des AI Innovation Center\"}]},{\"@type\":\"WebSite\",\"@id\":\"https:\\\/\\\/www.organisator.ch\\\/#website\",\"url\":\"https:\\\/\\\/www.organisator.ch\\\/\",\"name\":\"Organisator\",\"description\":\"Kompetent. Praxisnah. Der ORGANISATOR bereitet in 10 Ausgaben pro Jahr die wesentlichen Themen f\u00fcr F\u00fchrungskr\u00e4fte von KMU auf.\",\"publisher\":{\"@id\":\"https:\\\/\\\/www.organisator.ch\\\/#organization\"},\"potentialAction\":[{\"@type\":\"SearchAction\",\"target\":{\"@type\":\"EntryPoint\",\"urlTemplate\":\"https:\\\/\\\/www.organisator.ch\\\/?s={search_term_string}\"},\"query-input\":{\"@type\":\"PropertyValueSpecification\",\"valueRequired\":true,\"valueName\":\"search_term_string\"}}],\"inLanguage\":\"de\"},{\"@type\":\"Organization\",\"@id\":\"https:\\\/\\\/www.organisator.ch\\\/#organization\",\"name\":\"Organisator\",\"url\":\"https:\\\/\\\/www.organisator.ch\\\/\",\"logo\":{\"@type\":\"ImageObject\",\"inLanguage\":\"de\",\"@id\":\"https:\\\/\\\/www.organisator.ch\\\/#\\\/schema\\\/logo\\\/image\\\/\",\"url\":\"https:\\\/\\\/www.organisator.ch\\\/wp-content\\\/uploads\\\/2022\\\/01\\\/Logo_Organisator_Website.png\",\"contentUrl\":\"https:\\\/\\\/www.organisator.ch\\\/wp-content\\\/uploads\\\/2022\\\/01\\\/Logo_Organisator_Website.png\",\"width\":800,\"height\":77,\"caption\":\"Organisator\"},\"image\":{\"@id\":\"https:\\\/\\\/www.organisator.ch\\\/#\\\/schema\\\/logo\\\/image\\\/\"},\"sameAs\":[\"https:\\\/\\\/www.facebook.com\\\/OrganisatorFachmagazin\",\"https:\\\/\\\/www.linkedin.com\\\/showcase\\\/organisator-das-magazin-fr-kmu\",\"https:\\\/\\\/www.xing.com\\\/news\\\/pages\\\/organisator-ch-695\",\"https:\\\/\\\/www.youtube.com\\\/channel\\\/UCGP2Sq0iWaZwT3BdIAQFYpw\"]},{\"@type\":\"Person\",\"@id\":\"https:\\\/\\\/www.organisator.ch\\\/#\\\/schema\\\/person\\\/2e1314a2172123f874db408d8911d3f3\",\"name\":\"Adelisa Kalajdzini\",\"image\":{\"@type\":\"ImageObject\",\"inLanguage\":\"de\",\"@id\":\"https:\\\/\\\/secure.gravatar.com\\\/avatar\\\/09a397c22ac58cad6f160ee8306348599df9df58a8ede73696226897b9fa4b24?s=96&d=mm&r=g\",\"url\":\"https:\\\/\\\/secure.gravatar.com\\\/avatar\\\/09a397c22ac58cad6f160ee8306348599df9df58a8ede73696226897b9fa4b24?s=96&d=mm&r=g\",\"contentUrl\":\"https:\\\/\\\/secure.gravatar.com\\\/avatar\\\/09a397c22ac58cad6f160ee8306348599df9df58a8ede73696226897b9fa4b24?s=96&d=mm&r=g\",\"caption\":\"Adelisa Kalajdzini\"},\"url\":\"https:\\\/\\\/www.organisator.ch\\\/de\\\/author\\\/adelisa-kalajdzini\\\/\"}]}<\/script>\n<!-- \/ Yoast SEO plugin. -->","yoast_head_json":{"title":"Digitale Souver\u00e4nit\u00e4t aus der Schweiz: Er\u00f6ffnung des AI Innovation Center - Organisator","description":"Mit der Er\u00f6ffnung des AI Innovation Center setzt Phoenix Technologies ein starkes Zeichen f\u00fcr eine souver\u00e4ne und sichere KI-Zukunft.","robots":{"index":"index","follow":"follow","max-snippet":"max-snippet:-1","max-image-preview":"max-image-preview:large","max-video-preview":"max-video-preview:-1"},"canonical":"https:\/\/www.organisator.ch\/de\/management\/2025-04-11\/digitale-souveraenitaet-aus-der-schweiz-eroeffnung-des-ai-innovation-center\/","og_locale":"de_DE","og_type":"article","og_title":"Digitale Souver\u00e4nit\u00e4t aus der Schweiz: Er\u00f6ffnung des AI Innovation Center","og_description":"Mit der Er\u00f6ffnung des AI Innovation Center setzt Phoenix Technologies ein starkes Zeichen f\u00fcr eine souver\u00e4ne und sichere KI-Zukunft.","og_url":"https:\/\/www.organisator.ch\/de\/management\/2025-04-11\/digitale-souveraenitaet-aus-der-schweiz-eroeffnung-des-ai-innovation-center\/","og_site_name":"Organisator","article_publisher":"https:\/\/www.facebook.com\/OrganisatorFachmagazin","article_published_time":"2025-04-11T07:36:40+00:00","og_image":[{"width":680,"height":453,"url":"https:\/\/www.organisator.ch\/wp-content\/uploads\/2025\/04\/AI-Inovation-Center_Bild1_ps.jpg","type":"image\/jpeg"}],"author":"Adelisa Kalajdzini","twitter_card":"summary_large_image","twitter_title":"Digitale Souver\u00e4nit\u00e4t aus der Schweiz: Er\u00f6ffnung des AI Innovation Center","twitter_description":"Mit der #Er\u00f6ffnung des #AI #Innovation #Center setzt Phoenix Technologies ein starkes Zeichen f\u00fcr eine #souver\u00e4ne und #sichere #KI-Zukunft.","twitter_image":"https:\/\/www.organisator.ch\/wp-content\/uploads\/2025\/04\/AI-Inovation-Center_Bild1_ps.jpg","schema":{"@context":"https:\/\/schema.org","@graph":[{"@type":"Article","@id":"https:\/\/www.organisator.ch\/management\/2025-04-11\/digitale-souveraenitaet-aus-der-schweiz-eroeffnung-des-ai-innovation-center\/#article","isPartOf":{"@id":"https:\/\/www.organisator.ch\/management\/2025-04-11\/digitale-souveraenitaet-aus-der-schweiz-eroeffnung-des-ai-innovation-center\/"},"author":{"name":"Adelisa Kalajdzini","@id":"https:\/\/www.organisator.ch\/#\/schema\/person\/2e1314a2172123f874db408d8911d3f3"},"headline":"Digitale Souver\u00e4nit\u00e4t aus der Schweiz: Er\u00f6ffnung des AI Innovation Center","datePublished":"2025-04-11T07:36:40+00:00","mainEntityOfPage":{"@id":"https:\/\/www.organisator.ch\/management\/2025-04-11\/digitale-souveraenitaet-aus-der-schweiz-eroeffnung-des-ai-innovation-center\/"},"wordCount":319,"publisher":{"@id":"https:\/\/www.organisator.ch\/#organization"},"image":{"@id":"https:\/\/www.organisator.ch\/management\/2025-04-11\/digitale-souveraenitaet-aus-der-schweiz-eroeffnung-des-ai-innovation-center\/#primaryimage"},"thumbnailUrl":"https:\/\/www.organisator.ch\/wp-content\/uploads\/2025\/04\/AI-Inovation-Center_Bild1_ps.jpg","keywords":["Digitalisierung","Innovation","KI","Management","Unternehmen"],"articleSection":["MANAGEMENT"],"inLanguage":"de"},{"@type":"WebPage","@id":"https:\/\/www.organisator.ch\/management\/2025-04-11\/digitale-souveraenitaet-aus-der-schweiz-eroeffnung-des-ai-innovation-center\/","url":"https:\/\/www.organisator.ch\/management\/2025-04-11\/digitale-souveraenitaet-aus-der-schweiz-eroeffnung-des-ai-innovation-center\/","name":"Digitale Souver\u00e4nit\u00e4t aus der Schweiz: Er\u00f6ffnung des AI Innovation Center - Organisator","isPartOf":{"@id":"https:\/\/www.organisator.ch\/#website"},"primaryImageOfPage":{"@id":"https:\/\/www.organisator.ch\/management\/2025-04-11\/digitale-souveraenitaet-aus-der-schweiz-eroeffnung-des-ai-innovation-center\/#primaryimage"},"image":{"@id":"https:\/\/www.organisator.ch\/management\/2025-04-11\/digitale-souveraenitaet-aus-der-schweiz-eroeffnung-des-ai-innovation-center\/#primaryimage"},"thumbnailUrl":"https:\/\/www.organisator.ch\/wp-content\/uploads\/2025\/04\/AI-Inovation-Center_Bild1_ps.jpg","datePublished":"2025-04-11T07:36:40+00:00","description":"Mit der Er\u00f6ffnung des AI Innovation Center setzt Phoenix Technologies ein starkes Zeichen f\u00fcr eine souver\u00e4ne und sichere KI-Zukunft.","breadcrumb":{"@id":"https:\/\/www.organisator.ch\/management\/2025-04-11\/digitale-souveraenitaet-aus-der-schweiz-eroeffnung-des-ai-innovation-center\/#breadcrumb"},"inLanguage":"de","potentialAction":[{"@type":"ReadAction","target":["https:\/\/www.organisator.ch\/management\/2025-04-11\/digitale-souveraenitaet-aus-der-schweiz-eroeffnung-des-ai-innovation-center\/"]}]},{"@type":"ImageObject","inLanguage":"de","@id":"https:\/\/www.organisator.ch\/management\/2025-04-11\/digitale-souveraenitaet-aus-der-schweiz-eroeffnung-des-ai-innovation-center\/#primaryimage","url":"https:\/\/www.organisator.ch\/wp-content\/uploads\/2025\/04\/AI-Inovation-Center_Bild1_ps.jpg","contentUrl":"https:\/\/www.organisator.ch\/wp-content\/uploads\/2025\/04\/AI-Inovation-Center_Bild1_ps.jpg","width":680,"height":453,"caption":"An der Er\u00f6ffnung des AI Innovation Center nahmen \u00fcber 200 Vertreter:innen aus Wirtschaft, Politik, Forschung und Medien teil. (Bild: www.phoenix-technologies.ch)"},{"@type":"BreadcrumbList","@id":"https:\/\/www.organisator.ch\/management\/2025-04-11\/digitale-souveraenitaet-aus-der-schweiz-eroeffnung-des-ai-innovation-center\/#breadcrumb","itemListElement":[{"@type":"ListItem","position":1,"name":"Home","item":"https:\/\/www.organisator.ch\/"},{"@type":"ListItem","position":2,"name":"Digitale Souver\u00e4nit\u00e4t aus der Schweiz: Er\u00f6ffnung des AI Innovation Center"}]},{"@type":"WebSite","@id":"https:\/\/www.organisator.ch\/#website","url":"https:\/\/www.organisator.ch\/","name":"Organisator","description":"Kompetent. Praxisnah. Der ORGANISATOR bereitet in 10 Ausgaben pro Jahr die wesentlichen Themen f\u00fcr F\u00fchrungskr\u00e4fte von KMU auf.","publisher":{"@id":"https:\/\/www.organisator.ch\/#organization"},"potentialAction":[{"@type":"SearchAction","target":{"@type":"EntryPoint","urlTemplate":"https:\/\/www.organisator.ch\/?s={search_term_string}"},"query-input":{"@type":"PropertyValueSpecification","valueRequired":true,"valueName":"search_term_string"}}],"inLanguage":"de"},{"@type":"Organization","@id":"https:\/\/www.organisator.ch\/#organization","name":"Organisator","url":"https:\/\/www.organisator.ch\/","logo":{"@type":"ImageObject","inLanguage":"de","@id":"https:\/\/www.organisator.ch\/#\/schema\/logo\/image\/","url":"https:\/\/www.organisator.ch\/wp-content\/uploads\/2022\/01\/Logo_Organisator_Website.png","contentUrl":"https:\/\/www.organisator.ch\/wp-content\/uploads\/2022\/01\/Logo_Organisator_Website.png","width":800,"height":77,"caption":"Organisator"},"image":{"@id":"https:\/\/www.organisator.ch\/#\/schema\/logo\/image\/"},"sameAs":["https:\/\/www.facebook.com\/OrganisatorFachmagazin","https:\/\/www.linkedin.com\/showcase\/organisator-das-magazin-fr-kmu","https:\/\/www.xing.com\/news\/pages\/organisator-ch-695","https:\/\/www.youtube.com\/channel\/UCGP2Sq0iWaZwT3BdIAQFYpw"]},{"@type":"Person","@id":"https:\/\/www.organisator.ch\/#\/schema\/person\/2e1314a2172123f874db408d8911d3f3","name":"Adelisa Kalajdzini","image":{"@type":"ImageObject","inLanguage":"de","@id":"https:\/\/secure.gravatar.com\/avatar\/09a397c22ac58cad6f160ee8306348599df9df58a8ede73696226897b9fa4b24?s=96&d=mm&r=g","url":"https:\/\/secure.gravatar.com\/avatar\/09a397c22ac58cad6f160ee8306348599df9df58a8ede73696226897b9fa4b24?s=96&d=mm&r=g","contentUrl":"https:\/\/secure.gravatar.com\/avatar\/09a397c22ac58cad6f160ee8306348599df9df58a8ede73696226897b9fa4b24?s=96&d=mm&r=g","caption":"Adelisa Kalajdzini"},"url":"https:\/\/www.organisator.ch\/de\/author\/adelisa-kalajdzini\/"}]}},"_links":{"self":[{"href":"https:\/\/www.organisator.ch\/de\/wp-json\/wp\/v2\/posts\/37609","targetHints":{"allow":["GET"]}}],"collection":[{"href":"https:\/\/www.organisator.ch\/de\/wp-json\/wp\/v2\/posts"}],"about":[{"href":"https:\/\/www.organisator.ch\/de\/wp-json\/wp\/v2\/types\/post"}],"author":[{"embeddable":true,"href":"https:\/\/www.organisator.ch\/de\/wp-json\/wp\/v2\/users\/58"}],"replies":[{"embeddable":true,"href":"https:\/\/www.organisator.ch\/de\/wp-json\/wp\/v2\/comments?post=37609"}],"version-history":[{"count":4,"href":"https:\/\/www.organisator.ch\/de\/wp-json\/wp\/v2\/posts\/37609\/revisions"}],"predecessor-version":[{"id":37671,"href":"https:\/\/www.organisator.ch\/de\/wp-json\/wp\/v2\/posts\/37609\/revisions\/37671"}],"wp:featuredmedia":[{"embeddable":true,"href":"https:\/\/www.organisator.ch\/de\/wp-json\/wp\/v2\/media\/37610"}],"wp:attachment":[{"href":"https:\/\/www.organisator.ch\/de\/wp-json\/wp\/v2\/media?parent=37609"}],"wp:term":[{"taxonomy":"category","embeddable":true,"href":"https:\/\/www.organisator.ch\/de\/wp-json\/wp\/v2\/categories?post=37609"},{"taxonomy":"post_tag","embeddable":true,"href":"https:\/\/www.organisator.ch\/de\/wp-json\/wp\/v2\/tags?post=37609"}],"curies":[{"name":"wp","href":"https:\/\/api.w.org\/{rel}","templated":true}]}}