{"id":37677,"date":"2025-04-14T17:16:24","date_gmt":"2025-04-14T15:16:24","guid":{"rendered":"https:\/\/www.markt-kom.com\/?p=233392"},"modified":"2025-04-15T08:39:12","modified_gmt":"2025-04-15T06:39:12","slug":"zehn-jahre-schweizer-filmpreis-unter-der-regie-von-mjm-cc","status":"publish","type":"post","link":"https:\/\/www.organisator.ch\/de\/marketing\/2025-04-14\/zehn-jahre-schweizer-filmpreis-unter-der-regie-von-mjm-cc\/","title":{"rendered":"Zehn Jahre Schweizer Filmpreis unter der Regie von Mjm.cc"},"content":{"rendered":"<figure id=\"attachment_233394\" class=\"wp-caption aligncenter\" style=\"width: 1200px;\" aria-describedby=\"caption-attachment-233394\"><a href=\"https:\/\/www.markt-kom.com\/wp-content\/uploads\/2025\/04\/mjm.cc-filmpreis.jpg\"><img class=\"size-full wp-image-233394\" src=\"https:\/\/www.markt-kom.com\/wp-content\/uploads\/2025\/04\/mjm.cc-filmpreis.jpg\" sizes=\"(max-width: 1200px) 100vw, 1200px\" srcset=\"https:\/\/www.markt-kom.com\/wp-content\/uploads\/2025\/04\/mjm.cc-filmpreis.jpg 1200w, https:\/\/www.markt-kom.com\/wp-content\/uploads\/2025\/04\/mjm.cc-filmpreis-600x273.jpg 600w, https:\/\/www.markt-kom.com\/wp-content\/uploads\/2025\/04\/mjm.cc-filmpreis-1024x466.jpg 1024w, https:\/\/www.markt-kom.com\/wp-content\/uploads\/2025\/04\/mjm.cc-filmpreis-768x349.jpg 768w, https:\/\/www.markt-kom.com\/wp-content\/uploads\/2025\/04\/mjm.cc-filmpreis-18x8.jpg 18w, https:\/\/www.markt-kom.com\/wp-content\/uploads\/2025\/04\/mjm.cc-filmpreis-375x171.jpg 375w, https:\/\/www.markt-kom.com\/wp-content\/uploads\/2025\/04\/mjm.cc-filmpreis-760x346.jpg 760w, https:\/\/www.markt-kom.com\/wp-content\/uploads\/2025\/04\/mjm.cc-filmpreis-1000x455.jpg 1000w\" alt=\"\" width=\"1200\" height=\"546\" \/><\/a>\r\n<figcaption id=\"caption-attachment-233394\" class=\"wp-caption-text\">Das Team von Mjm.cc posiert nach dem Anlass mit dem Moderationsduo Licia Chery (im gestreiften, schwarz-weissen Kleid) und Patrick \u00abKarpi\u00bb Karpiczenko (im blauen Anzug). (Bild: Eduard Meltzer)<\/figcaption>\r\n<\/figure>\r\n<p>Mit der Ausgabe 2025 des Schweizer Filmpreises feiert die Agentur Mjm.cc ein besonderes Jubil\u00e4um: Seit einem Jahrzehnt verantwortet das Team die Konzeption, Redaktion, das Branding und die Gesamtproduktion der Preisverleihung f\u00fcr das heimische Filmschaffen. Die diesj\u00e4hrige Gala fand im B\u00e2timent des Forces Motrices in Genf statt und bildete zugleich den zehnten Schweizer Filmpreis unter Leitung von Mjm.cc.<\/p>\r\n<p>Die Show, moderiert vom Duo Licia Chery und Patrick \u00abKarpi\u00bb Karpiczenko, zeichnete sich durch einen durchdachten Ablauf und eindr\u00fcckliche Inszenierungen aus. Der wohl spektakul\u00e4rste Moment war der Auftritt von Stuntman Oliver Keller, der brennend auf die B\u00fchne trat. F\u00fcr emotionale Tiefe sorgte die Ehrung von Regisseur Barbet Schroeder und Schauspielerin Bulle Ogier, die f\u00fcr ihr gemeinsames Lebenswerk mit dem Ehrenpreis ausgezeichnet wurden.<\/p>\r\n<p>Im Hintergrund sorgt ein erfahrenes Team daf\u00fcr, dass das Event reibungslos abl\u00e4uft. Projektleiterin Florence Noelpp erkl\u00e4rt: \u00abUnser Ziel ist erreicht, wenn das Publikum einen unvergesslichen Abend erlebt \u2013 und dabei vergisst, wie viel Planung, Feinarbeit und Herzblut dahintersteckt.\u00bb<\/p>\r\n<p>Das visuelle Konzept der Preisverleihung wurde von Creative Director Christoph Marti gemeinsam mit YK Animations entwickelt. Typografische Animationen trafen auf analog erzeugte, bewegte Farbfl\u00e4chen und formten eine Bildsprache, die das Kino als bewegte Kunst inszeniert. Die musikalische Untermalung stammt von den Geschwistern Baldenweg und wurde elektronisch neu interpretiert von Depeche-Mode-Komponist Kurt Uenala.<\/p>\r\n<p>Die Agentur mit Sitz in M\u00fcnchenstein plant bereits die n\u00e4chste Ausgabe. CEO Martin J. Matt formuliert den Anspruch so: \u00abWir sehen unsere Aufgabe darin, Veranstaltungen wie den Schweizer Filmpreis stets im Wandel der Zeit zu denke \u2013 relevant, inspirierend und mit einer Prise Mut.\u00bb<\/p>\r\n<hr \/>\r\n<p><strong>Auftraggeber:<\/strong> Bundesamt f\u00fcr Kultur, SRG SSR, Association Quartz Gen\u00e8ve Z\u00fcrich. <strong>Verantwortliche Agentur:<\/strong> Mjm.cc, Produzent: Martin J. Matt, Projektleitung: Florence Noelpp, Inhalt: Dominique Rudin, Regie: Dani Lanz, Creative Director: Christoph Marti, Audio Design: Diego mit Nora und Lionel Baldenweg, Kurt Uenala, Visual Team: Andreas Quan und Eduard Meltzer, Medienarbeit: Emma Isolini, Diana Bolzonello Garnier, Social Media: Charlotte Voillequin, Mathias Noschis, Design: Anna-Lea Krieg, Lichtdesign: Roni Huber, Team: Jeanette Steiner, Loris Vernarelli, Fabian Zaehner.<\/p>\r\n<p><a href=\"https:\/\/www.markt-kom.com\/de\/medien\/schweizer-filmpreis-2025-quartz-trophaeen-fuer-reinas-und-wir-erben\/\" rel=\"noopener\"><em>Interessiert zu erfahren, wer die diesj\u00e4hrigen Schweizer Filmpreise mit nach Hause nehmen durften? Mehr dazu im Artikel auf Markt-kom.com.<\/em><\/a><\/p>","protected":false},"excerpt":{"rendered":"<p>Seit einem Jahrzehnt pr\u00e4gt die Agentur Mjm.cc den Schweizer Filmpreis inhaltlich, visuell und organisatorisch. Die Jubil\u00e4umsausgabe fand Ende M\u00e4rz in Genf statt \u2013 mit starken Bildern, emotionalen Momenten und einer sorgf\u00e4ltig inszenierten Dramaturgie.<\/p>\n","protected":false},"author":8,"featured_media":0,"comment_status":"closed","ping_status":"closed","sticky":false,"template":"","format":"standard","meta":{"_acf_changed":false,"_yoast_wpseo_focuskw":"Filmpreis","_yoast_wpseo_metadesc":"Seit einem Jahrzehnt pr\u00e4gt die Agentur Mjm.cc den Schweizer Filmpreis inhaltlich, visuell und organisatorisch.","articlekey":"","footnotes":""},"categories":[29],"tags":[4343,4739,5285],"class_list":["post-37677","post","type-post","status-publish","format-standard","hentry","category-marketing","tag-markom","tag-mjm-cc","tag-schweizer-filmpreis"],"acf":[],"yoast_head":"<!-- This site is optimized with the Yoast SEO plugin v27.5 - https:\/\/yoast.com\/product\/yoast-seo-wordpress\/ -->\n<title>Zehn Jahre Schweizer Filmpreis unter der Regie von Mjm.cc - Organisator<\/title>\n<meta name=\"description\" content=\"Seit einem Jahrzehnt pr\u00e4gt die Agentur Mjm.cc den Schweizer Filmpreis inhaltlich, visuell und organisatorisch.\" \/>\n<meta name=\"robots\" content=\"index, follow, max-snippet:-1, max-image-preview:large, max-video-preview:-1\" \/>\n<link rel=\"canonical\" href=\"https:\/\/www.organisator.ch\/de\/marketing\/2025-04-14\/zehn-jahre-schweizer-filmpreis-unter-der-regie-von-mjm-cc\/\" \/>\n<meta property=\"og:locale\" content=\"de_DE\" \/>\n<meta property=\"og:type\" content=\"article\" \/>\n<meta property=\"og:title\" content=\"Zehn Jahre Schweizer Filmpreis unter der Regie von Mjm.cc - Organisator\" \/>\n<meta property=\"og:description\" content=\"Seit einem Jahrzehnt pr\u00e4gt die Agentur Mjm.cc den Schweizer Filmpreis inhaltlich, visuell und organisatorisch.\" \/>\n<meta property=\"og:url\" content=\"https:\/\/www.organisator.ch\/de\/marketing\/2025-04-14\/zehn-jahre-schweizer-filmpreis-unter-der-regie-von-mjm-cc\/\" \/>\n<meta property=\"og:site_name\" content=\"Organisator\" \/>\n<meta property=\"article:publisher\" content=\"https:\/\/www.facebook.com\/OrganisatorFachmagazin\" \/>\n<meta property=\"article:published_time\" content=\"2025-04-14T15:16:24+00:00\" \/>\n<meta property=\"article:modified_time\" content=\"2025-04-15T06:39:12+00:00\" \/>\n<meta name=\"author\" content=\"galledia\" \/>\n<meta name=\"twitter:card\" content=\"summary_large_image\" \/>\n<meta name=\"twitter:creator\" content=\"@admin\" \/>\n<script type=\"application\/ld+json\" class=\"yoast-schema-graph\">{\"@context\":\"https:\\\/\\\/schema.org\",\"@graph\":[{\"@type\":\"Article\",\"@id\":\"https:\\\/\\\/www.organisator.ch\\\/marketing\\\/2025-04-14\\\/zehn-jahre-schweizer-filmpreis-unter-der-regie-von-mjm-cc\\\/#article\",\"isPartOf\":{\"@id\":\"https:\\\/\\\/www.organisator.ch\\\/marketing\\\/2025-04-14\\\/zehn-jahre-schweizer-filmpreis-unter-der-regie-von-mjm-cc\\\/\"},\"author\":{\"name\":\"galledia\",\"@id\":\"https:\\\/\\\/www.organisator.ch\\\/#\\\/schema\\\/person\\\/4e51799071cd2dd1232ac003643ef5f0\"},\"headline\":\"Zehn Jahre Schweizer Filmpreis unter der Regie von Mjm.cc\",\"datePublished\":\"2025-04-14T15:16:24+00:00\",\"dateModified\":\"2025-04-15T06:39:12+00:00\",\"mainEntityOfPage\":{\"@id\":\"https:\\\/\\\/www.organisator.ch\\\/marketing\\\/2025-04-14\\\/zehn-jahre-schweizer-filmpreis-unter-der-regie-von-mjm-cc\\\/\"},\"wordCount\":402,\"publisher\":{\"@id\":\"https:\\\/\\\/www.organisator.ch\\\/#organization\"},\"image\":{\"@id\":\"https:\\\/\\\/www.organisator.ch\\\/marketing\\\/2025-04-14\\\/zehn-jahre-schweizer-filmpreis-unter-der-regie-von-mjm-cc\\\/#primaryimage\"},\"thumbnailUrl\":\"https:\\\/\\\/www.markt-kom.com\\\/wp-content\\\/uploads\\\/2025\\\/04\\\/mjm.cc-filmpreis.jpg\",\"keywords\":[\"MarKom\",\"Mjm.cc\",\"Schweizer Filmpreis\"],\"articleSection\":[\"MARKETING\"],\"inLanguage\":\"de\"},{\"@type\":\"WebPage\",\"@id\":\"https:\\\/\\\/www.organisator.ch\\\/marketing\\\/2025-04-14\\\/zehn-jahre-schweizer-filmpreis-unter-der-regie-von-mjm-cc\\\/\",\"url\":\"https:\\\/\\\/www.organisator.ch\\\/marketing\\\/2025-04-14\\\/zehn-jahre-schweizer-filmpreis-unter-der-regie-von-mjm-cc\\\/\",\"name\":\"Zehn Jahre Schweizer Filmpreis unter der Regie von Mjm.cc - Organisator\",\"isPartOf\":{\"@id\":\"https:\\\/\\\/www.organisator.ch\\\/#website\"},\"primaryImageOfPage\":{\"@id\":\"https:\\\/\\\/www.organisator.ch\\\/marketing\\\/2025-04-14\\\/zehn-jahre-schweizer-filmpreis-unter-der-regie-von-mjm-cc\\\/#primaryimage\"},\"image\":{\"@id\":\"https:\\\/\\\/www.organisator.ch\\\/marketing\\\/2025-04-14\\\/zehn-jahre-schweizer-filmpreis-unter-der-regie-von-mjm-cc\\\/#primaryimage\"},\"thumbnailUrl\":\"https:\\\/\\\/www.markt-kom.com\\\/wp-content\\\/uploads\\\/2025\\\/04\\\/mjm.cc-filmpreis.jpg\",\"datePublished\":\"2025-04-14T15:16:24+00:00\",\"dateModified\":\"2025-04-15T06:39:12+00:00\",\"description\":\"Seit einem Jahrzehnt pr\u00e4gt die Agentur Mjm.cc den Schweizer Filmpreis inhaltlich, visuell und organisatorisch.\",\"breadcrumb\":{\"@id\":\"https:\\\/\\\/www.organisator.ch\\\/marketing\\\/2025-04-14\\\/zehn-jahre-schweizer-filmpreis-unter-der-regie-von-mjm-cc\\\/#breadcrumb\"},\"inLanguage\":\"de\",\"potentialAction\":[{\"@type\":\"ReadAction\",\"target\":[\"https:\\\/\\\/www.organisator.ch\\\/marketing\\\/2025-04-14\\\/zehn-jahre-schweizer-filmpreis-unter-der-regie-von-mjm-cc\\\/\"]}]},{\"@type\":\"ImageObject\",\"inLanguage\":\"de\",\"@id\":\"https:\\\/\\\/www.organisator.ch\\\/marketing\\\/2025-04-14\\\/zehn-jahre-schweizer-filmpreis-unter-der-regie-von-mjm-cc\\\/#primaryimage\",\"url\":\"https:\\\/\\\/www.markt-kom.com\\\/wp-content\\\/uploads\\\/2025\\\/04\\\/mjm.cc-filmpreis.jpg\",\"contentUrl\":\"https:\\\/\\\/www.markt-kom.com\\\/wp-content\\\/uploads\\\/2025\\\/04\\\/mjm.cc-filmpreis.jpg\"},{\"@type\":\"BreadcrumbList\",\"@id\":\"https:\\\/\\\/www.organisator.ch\\\/marketing\\\/2025-04-14\\\/zehn-jahre-schweizer-filmpreis-unter-der-regie-von-mjm-cc\\\/#breadcrumb\",\"itemListElement\":[{\"@type\":\"ListItem\",\"position\":1,\"name\":\"Home\",\"item\":\"https:\\\/\\\/www.organisator.ch\\\/\"},{\"@type\":\"ListItem\",\"position\":2,\"name\":\"Zehn Jahre Schweizer Filmpreis unter der Regie von Mjm.cc\"}]},{\"@type\":\"WebSite\",\"@id\":\"https:\\\/\\\/www.organisator.ch\\\/#website\",\"url\":\"https:\\\/\\\/www.organisator.ch\\\/\",\"name\":\"Organisator\",\"description\":\"Kompetent. Praxisnah. Der ORGANISATOR bereitet in 10 Ausgaben pro Jahr die wesentlichen Themen f\u00fcr F\u00fchrungskr\u00e4fte von KMU auf.\",\"publisher\":{\"@id\":\"https:\\\/\\\/www.organisator.ch\\\/#organization\"},\"potentialAction\":[{\"@type\":\"SearchAction\",\"target\":{\"@type\":\"EntryPoint\",\"urlTemplate\":\"https:\\\/\\\/www.organisator.ch\\\/?s={search_term_string}\"},\"query-input\":{\"@type\":\"PropertyValueSpecification\",\"valueRequired\":true,\"valueName\":\"search_term_string\"}}],\"inLanguage\":\"de\"},{\"@type\":\"Organization\",\"@id\":\"https:\\\/\\\/www.organisator.ch\\\/#organization\",\"name\":\"Organisator\",\"url\":\"https:\\\/\\\/www.organisator.ch\\\/\",\"logo\":{\"@type\":\"ImageObject\",\"inLanguage\":\"de\",\"@id\":\"https:\\\/\\\/www.organisator.ch\\\/#\\\/schema\\\/logo\\\/image\\\/\",\"url\":\"https:\\\/\\\/www.organisator.ch\\\/wp-content\\\/uploads\\\/2022\\\/01\\\/Logo_Organisator_Website.png\",\"contentUrl\":\"https:\\\/\\\/www.organisator.ch\\\/wp-content\\\/uploads\\\/2022\\\/01\\\/Logo_Organisator_Website.png\",\"width\":800,\"height\":77,\"caption\":\"Organisator\"},\"image\":{\"@id\":\"https:\\\/\\\/www.organisator.ch\\\/#\\\/schema\\\/logo\\\/image\\\/\"},\"sameAs\":[\"https:\\\/\\\/www.facebook.com\\\/OrganisatorFachmagazin\",\"https:\\\/\\\/www.linkedin.com\\\/showcase\\\/organisator-das-magazin-fr-kmu\",\"https:\\\/\\\/www.xing.com\\\/news\\\/pages\\\/organisator-ch-695\",\"https:\\\/\\\/www.youtube.com\\\/channel\\\/UCGP2Sq0iWaZwT3BdIAQFYpw\"]},{\"@type\":\"Person\",\"@id\":\"https:\\\/\\\/www.organisator.ch\\\/#\\\/schema\\\/person\\\/4e51799071cd2dd1232ac003643ef5f0\",\"name\":\"galledia\",\"image\":{\"@type\":\"ImageObject\",\"inLanguage\":\"de\",\"@id\":\"https:\\\/\\\/secure.gravatar.com\\\/avatar\\\/78a7f90c01fc2bfc875782a0d4922b37cde2cf184ce347b91316d23cd7f69a36?s=96&d=mm&r=g\",\"url\":\"https:\\\/\\\/secure.gravatar.com\\\/avatar\\\/78a7f90c01fc2bfc875782a0d4922b37cde2cf184ce347b91316d23cd7f69a36?s=96&d=mm&r=g\",\"contentUrl\":\"https:\\\/\\\/secure.gravatar.com\\\/avatar\\\/78a7f90c01fc2bfc875782a0d4922b37cde2cf184ce347b91316d23cd7f69a36?s=96&d=mm&r=g\",\"caption\":\"galledia\"},\"sameAs\":[\"https:\\\/\\\/x.com\\\/admin\"],\"url\":\"https:\\\/\\\/www.organisator.ch\\\/de\\\/author\\\/galledia\\\/\"}]}<\/script>\n<!-- \/ Yoast SEO plugin. -->","yoast_head_json":{"title":"Zehn Jahre Schweizer Filmpreis unter der Regie von Mjm.cc - Organisator","description":"Seit einem Jahrzehnt pr\u00e4gt die Agentur Mjm.cc den Schweizer Filmpreis inhaltlich, visuell und organisatorisch.","robots":{"index":"index","follow":"follow","max-snippet":"max-snippet:-1","max-image-preview":"max-image-preview:large","max-video-preview":"max-video-preview:-1"},"canonical":"https:\/\/www.organisator.ch\/de\/marketing\/2025-04-14\/zehn-jahre-schweizer-filmpreis-unter-der-regie-von-mjm-cc\/","og_locale":"de_DE","og_type":"article","og_title":"Zehn Jahre Schweizer Filmpreis unter der Regie von Mjm.cc - Organisator","og_description":"Seit einem Jahrzehnt pr\u00e4gt die Agentur Mjm.cc den Schweizer Filmpreis inhaltlich, visuell und organisatorisch.","og_url":"https:\/\/www.organisator.ch\/de\/marketing\/2025-04-14\/zehn-jahre-schweizer-filmpreis-unter-der-regie-von-mjm-cc\/","og_site_name":"Organisator","article_publisher":"https:\/\/www.facebook.com\/OrganisatorFachmagazin","article_published_time":"2025-04-14T15:16:24+00:00","article_modified_time":"2025-04-15T06:39:12+00:00","author":"galledia","twitter_card":"summary_large_image","twitter_creator":"@admin","schema":{"@context":"https:\/\/schema.org","@graph":[{"@type":"Article","@id":"https:\/\/www.organisator.ch\/marketing\/2025-04-14\/zehn-jahre-schweizer-filmpreis-unter-der-regie-von-mjm-cc\/#article","isPartOf":{"@id":"https:\/\/www.organisator.ch\/marketing\/2025-04-14\/zehn-jahre-schweizer-filmpreis-unter-der-regie-von-mjm-cc\/"},"author":{"name":"galledia","@id":"https:\/\/www.organisator.ch\/#\/schema\/person\/4e51799071cd2dd1232ac003643ef5f0"},"headline":"Zehn Jahre Schweizer Filmpreis unter der Regie von Mjm.cc","datePublished":"2025-04-14T15:16:24+00:00","dateModified":"2025-04-15T06:39:12+00:00","mainEntityOfPage":{"@id":"https:\/\/www.organisator.ch\/marketing\/2025-04-14\/zehn-jahre-schweizer-filmpreis-unter-der-regie-von-mjm-cc\/"},"wordCount":402,"publisher":{"@id":"https:\/\/www.organisator.ch\/#organization"},"image":{"@id":"https:\/\/www.organisator.ch\/marketing\/2025-04-14\/zehn-jahre-schweizer-filmpreis-unter-der-regie-von-mjm-cc\/#primaryimage"},"thumbnailUrl":"https:\/\/www.markt-kom.com\/wp-content\/uploads\/2025\/04\/mjm.cc-filmpreis.jpg","keywords":["MarKom","Mjm.cc","Schweizer Filmpreis"],"articleSection":["MARKETING"],"inLanguage":"de"},{"@type":"WebPage","@id":"https:\/\/www.organisator.ch\/marketing\/2025-04-14\/zehn-jahre-schweizer-filmpreis-unter-der-regie-von-mjm-cc\/","url":"https:\/\/www.organisator.ch\/marketing\/2025-04-14\/zehn-jahre-schweizer-filmpreis-unter-der-regie-von-mjm-cc\/","name":"Zehn Jahre Schweizer Filmpreis unter der Regie von Mjm.cc - Organisator","isPartOf":{"@id":"https:\/\/www.organisator.ch\/#website"},"primaryImageOfPage":{"@id":"https:\/\/www.organisator.ch\/marketing\/2025-04-14\/zehn-jahre-schweizer-filmpreis-unter-der-regie-von-mjm-cc\/#primaryimage"},"image":{"@id":"https:\/\/www.organisator.ch\/marketing\/2025-04-14\/zehn-jahre-schweizer-filmpreis-unter-der-regie-von-mjm-cc\/#primaryimage"},"thumbnailUrl":"https:\/\/www.markt-kom.com\/wp-content\/uploads\/2025\/04\/mjm.cc-filmpreis.jpg","datePublished":"2025-04-14T15:16:24+00:00","dateModified":"2025-04-15T06:39:12+00:00","description":"Seit einem Jahrzehnt pr\u00e4gt die Agentur Mjm.cc den Schweizer Filmpreis inhaltlich, visuell und organisatorisch.","breadcrumb":{"@id":"https:\/\/www.organisator.ch\/marketing\/2025-04-14\/zehn-jahre-schweizer-filmpreis-unter-der-regie-von-mjm-cc\/#breadcrumb"},"inLanguage":"de","potentialAction":[{"@type":"ReadAction","target":["https:\/\/www.organisator.ch\/marketing\/2025-04-14\/zehn-jahre-schweizer-filmpreis-unter-der-regie-von-mjm-cc\/"]}]},{"@type":"ImageObject","inLanguage":"de","@id":"https:\/\/www.organisator.ch\/marketing\/2025-04-14\/zehn-jahre-schweizer-filmpreis-unter-der-regie-von-mjm-cc\/#primaryimage","url":"https:\/\/www.markt-kom.com\/wp-content\/uploads\/2025\/04\/mjm.cc-filmpreis.jpg","contentUrl":"https:\/\/www.markt-kom.com\/wp-content\/uploads\/2025\/04\/mjm.cc-filmpreis.jpg"},{"@type":"BreadcrumbList","@id":"https:\/\/www.organisator.ch\/marketing\/2025-04-14\/zehn-jahre-schweizer-filmpreis-unter-der-regie-von-mjm-cc\/#breadcrumb","itemListElement":[{"@type":"ListItem","position":1,"name":"Home","item":"https:\/\/www.organisator.ch\/"},{"@type":"ListItem","position":2,"name":"Zehn Jahre Schweizer Filmpreis unter der Regie von Mjm.cc"}]},{"@type":"WebSite","@id":"https:\/\/www.organisator.ch\/#website","url":"https:\/\/www.organisator.ch\/","name":"Organisator","description":"Kompetent. Praxisnah. Der ORGANISATOR bereitet in 10 Ausgaben pro Jahr die wesentlichen Themen f\u00fcr F\u00fchrungskr\u00e4fte von KMU auf.","publisher":{"@id":"https:\/\/www.organisator.ch\/#organization"},"potentialAction":[{"@type":"SearchAction","target":{"@type":"EntryPoint","urlTemplate":"https:\/\/www.organisator.ch\/?s={search_term_string}"},"query-input":{"@type":"PropertyValueSpecification","valueRequired":true,"valueName":"search_term_string"}}],"inLanguage":"de"},{"@type":"Organization","@id":"https:\/\/www.organisator.ch\/#organization","name":"Organisator","url":"https:\/\/www.organisator.ch\/","logo":{"@type":"ImageObject","inLanguage":"de","@id":"https:\/\/www.organisator.ch\/#\/schema\/logo\/image\/","url":"https:\/\/www.organisator.ch\/wp-content\/uploads\/2022\/01\/Logo_Organisator_Website.png","contentUrl":"https:\/\/www.organisator.ch\/wp-content\/uploads\/2022\/01\/Logo_Organisator_Website.png","width":800,"height":77,"caption":"Organisator"},"image":{"@id":"https:\/\/www.organisator.ch\/#\/schema\/logo\/image\/"},"sameAs":["https:\/\/www.facebook.com\/OrganisatorFachmagazin","https:\/\/www.linkedin.com\/showcase\/organisator-das-magazin-fr-kmu","https:\/\/www.xing.com\/news\/pages\/organisator-ch-695","https:\/\/www.youtube.com\/channel\/UCGP2Sq0iWaZwT3BdIAQFYpw"]},{"@type":"Person","@id":"https:\/\/www.organisator.ch\/#\/schema\/person\/4e51799071cd2dd1232ac003643ef5f0","name":"galledia","image":{"@type":"ImageObject","inLanguage":"de","@id":"https:\/\/secure.gravatar.com\/avatar\/78a7f90c01fc2bfc875782a0d4922b37cde2cf184ce347b91316d23cd7f69a36?s=96&d=mm&r=g","url":"https:\/\/secure.gravatar.com\/avatar\/78a7f90c01fc2bfc875782a0d4922b37cde2cf184ce347b91316d23cd7f69a36?s=96&d=mm&r=g","contentUrl":"https:\/\/secure.gravatar.com\/avatar\/78a7f90c01fc2bfc875782a0d4922b37cde2cf184ce347b91316d23cd7f69a36?s=96&d=mm&r=g","caption":"galledia"},"sameAs":["https:\/\/x.com\/admin"],"url":"https:\/\/www.organisator.ch\/de\/author\/galledia\/"}]}},"_links":{"self":[{"href":"https:\/\/www.organisator.ch\/de\/wp-json\/wp\/v2\/posts\/37677","targetHints":{"allow":["GET"]}}],"collection":[{"href":"https:\/\/www.organisator.ch\/de\/wp-json\/wp\/v2\/posts"}],"about":[{"href":"https:\/\/www.organisator.ch\/de\/wp-json\/wp\/v2\/types\/post"}],"author":[{"embeddable":true,"href":"https:\/\/www.organisator.ch\/de\/wp-json\/wp\/v2\/users\/8"}],"replies":[{"embeddable":true,"href":"https:\/\/www.organisator.ch\/de\/wp-json\/wp\/v2\/comments?post=37677"}],"version-history":[{"count":5,"href":"https:\/\/www.organisator.ch\/de\/wp-json\/wp\/v2\/posts\/37677\/revisions"}],"predecessor-version":[{"id":37682,"href":"https:\/\/www.organisator.ch\/de\/wp-json\/wp\/v2\/posts\/37677\/revisions\/37682"}],"wp:attachment":[{"href":"https:\/\/www.organisator.ch\/de\/wp-json\/wp\/v2\/media?parent=37677"}],"wp:term":[{"taxonomy":"category","embeddable":true,"href":"https:\/\/www.organisator.ch\/de\/wp-json\/wp\/v2\/categories?post=37677"},{"taxonomy":"post_tag","embeddable":true,"href":"https:\/\/www.organisator.ch\/de\/wp-json\/wp\/v2\/tags?post=37677"}],"curies":[{"name":"wp","href":"https:\/\/api.w.org\/{rel}","templated":true}]}}