{"id":37683,"date":"2025-04-15T09:14:40","date_gmt":"2025-04-15T07:14:40","guid":{"rendered":"https:\/\/www.organisator.ch\/?p=37683"},"modified":"2025-04-15T09:14:40","modified_gmt":"2025-04-15T07:14:40","slug":"trotz-zollhammer-kmu-mem-stehen-zu-standort-schweiz","status":"publish","type":"post","link":"https:\/\/www.organisator.ch\/de\/management\/2025-04-15\/trotz-zollhammer-kmu-mem-stehen-zu-standort-schweiz\/","title":{"rendered":"Trotz Zollhammer: KMU-MEM stehen zu Standort Schweiz"},"content":{"rendered":"<figure id=\"attachment_37684\" aria-describedby=\"caption-attachment-37684\" style=\"width: 680px\" class=\"wp-caption alignnone\"><img loading=\"lazy\" decoding=\"async\" class=\"size-full wp-image-37684\" src=\"https:\/\/www.organisator.ch\/wp-content\/uploads\/2025\/04\/Trotz-Zollhammer-KMU-MEM-stehen-zu-Standort-Schweiz_Organisator.jpg\" alt=\"\" width=\"680\" height=\"453\" srcset=\"https:\/\/www.organisator.ch\/wp-content\/uploads\/2025\/04\/Trotz-Zollhammer-KMU-MEM-stehen-zu-Standort-Schweiz_Organisator.jpg 680w, https:\/\/www.organisator.ch\/wp-content\/uploads\/2025\/04\/Trotz-Zollhammer-KMU-MEM-stehen-zu-Standort-Schweiz_Organisator-18x12.jpg 18w, https:\/\/www.organisator.ch\/wp-content\/uploads\/2025\/04\/Trotz-Zollhammer-KMU-MEM-stehen-zu-Standort-Schweiz_Organisator-375x250.jpg 375w, https:\/\/www.organisator.ch\/wp-content\/uploads\/2025\/04\/Trotz-Zollhammer-KMU-MEM-stehen-zu-Standort-Schweiz_Organisator-525x350.jpg 525w\" sizes=\"auto, (max-width: 680px) 100vw, 680px\" \/><figcaption id=\"caption-attachment-37684\" class=\"wp-caption-text\">KMU-MEM setzen weiter auf den Standort Schweiz. Eine Produktionsverlagerung in die USA w\u00e4re zu aufw\u00e4ndig. (Bild: Ari Dinar \/ Unsplash.com)<\/figcaption><\/figure>\n<p>Swissmechanic hat, nachdem die US-Regierung eine 90-t\u00e4gige Aufhebung der Z\u00f6lle bis auf einen allgemeinen Wert von 10 Prozent (ausser bei China, Kanada und Mexiko) kommuniziert hatte, eine Umfrage bei den Mitgliedsunternehmen gestartet. Die Ergebnisse sind eindeutig: 95 Prozent der befragten KMU-MEM planen trotz drohendem Zollhammer keine Verlagerung der Produktion in die USA. Nur 5 Prozent nehmen eine solche in Betracht, was auf die Mitgliederbasis von 1&#8217;350 KMU aufgerechnet ca. 65 Firmen entspricht.<\/p>\n<h3>Indirekt vom US-Zollhammer betroffen<\/h3>\n<p>50 Prozent der Mitgliedsunternehmen von Swissmechanic exportieren direkt in die USA, jedoch in einem Umfang von 1 bis 25 Prozent des Gesamtvolumens, je nach Betrieb. F\u00fcr die H\u00e4lfte der befragten KMU-MEM sind in diesem Sinne die USA kein direkter Markt, und f\u00fcr die andere H\u00e4lfte ist die Bedeutung von marginal bis relevant und \u00fcbersteigt einen Viertel des eigenen Umsatzes nicht.<\/p>\n<p>Die KMU der MEM-Branche sind insbesondere als Zulieferer indirekt von den US-Z\u00f6llen betroffen. F\u00fcr sie w\u00fcrde eine Verlagerung der Produktion in die USA komplex sein, da sie prim\u00e4r direkt keine Exporte in den USA betreiben.<\/p>\n<h3>Swissmechanic-Pr\u00e4sident sieht Produktionsverlagerung kritisch<\/h3>\n<p>Nicola Roberto Tettamanti, Pr\u00e4sident von Swissmechanic und CEO der Tecnopinz SA, betont: \u00abAls KMU-Verband sehen wir eine Verlagerung der Produktion in die USA als einen Verlust von Know-how und Qualit\u00e4t f\u00fcr den Werkplatz Schweiz. Kompetente Fachkr\u00e4fte sind das R\u00fcckgrat unserer KMU-MEM, und wir sind stolz auf die Qualit\u00e4t unserer Produkte sowie auf die Bedeutung von \u00abSwiss Made\u00bb.\u00bb<\/p>\n<p>Die von Schweizer Grosskonzernen angemeldeten Milliarden-Investitionen in den USA sieht Swissmechanic als wichtiges Verhandlungsinstrument. Nicola Tettamanti: \u00abEs ist verst\u00e4ndlich und richtig, dass die Schweizer Wirtschaft ihre St\u00e4rke als wichtiger Investor in den USA weiterhin best\u00e4tigt, insbesondere in dieser komplexen Verhandlungsphase. Wir hoffen aber, dass die Schweizer Wertsch\u00f6pfung darunter nicht leiden wird und Fertigungskapazit\u00e4ten bestehen bleiben\u00bb.<\/p>\n<p><em>Quelle: <a href=\"https:\/\/www.swissmechanic.ch\/\">Swissmechanic<\/a><\/em><\/p>\n","protected":false},"excerpt":{"rendered":"<p>95 Prozent der Mitgliedsunternehmen von Swissmechanic planen keine Verlagerung der Produktion in die USA. KMU-MEM sind stolz auf Know-how, Qualit\u00e4t, Swissness und das duale Bildungssystem und setzen sich f\u00fcr den Werkplatz Schweiz ein.<\/p>\n","protected":false},"author":4,"featured_media":37684,"comment_status":"closed","ping_status":"closed","sticky":false,"template":"","format":"standard","meta":{"_acf_changed":false,"_yoast_wpseo_focuskw":"Zollhammer","_yoast_wpseo_metadesc":"95 Prozent der Mitgliedsunternehmen von Swissmechanic planen trotz drohendem Zollhammer keine Verlagerung der Produktion in die USA.","articlekey":"","footnotes":""},"categories":[28],"tags":[335,3414,503,531,5232],"class_list":["post-37683","post","type-post","status-publish","format-standard","has-post-thumbnail","hentry","category-management","tag-management-und-unternehmensfuehrung","tag-swissmechanic","tag-verbaende","tag-wirtschaftspolitik","tag-zoelle"],"acf":[],"yoast_head":"<!-- This site is optimized with the Yoast SEO plugin v27.4 - https:\/\/yoast.com\/product\/yoast-seo-wordpress\/ -->\n<title>Trotz Zollhammer: KMU-MEM stehen zu Standort Schweiz - Organisator<\/title>\n<meta name=\"description\" content=\"95 Prozent der Mitgliedsunternehmen von Swissmechanic planen trotz drohendem Zollhammer keine Verlagerung der Produktion in die USA.\" \/>\n<meta name=\"robots\" content=\"index, follow, max-snippet:-1, max-image-preview:large, max-video-preview:-1\" \/>\n<link rel=\"canonical\" href=\"https:\/\/www.organisator.ch\/de\/management\/2025-04-15\/trotz-zollhammer-kmu-mem-stehen-zu-standort-schweiz\/\" \/>\n<meta property=\"og:locale\" content=\"de_DE\" \/>\n<meta property=\"og:type\" content=\"article\" \/>\n<meta property=\"og:title\" content=\"Trotz Zollhammer: KMU-MEM stehen zu Standort Schweiz\" \/>\n<meta property=\"og:description\" content=\"95 Prozent der Mitgliedsunternehmen von Swissmechanic planen trotz drohendem Zollhammer keine Verlagerung der Produktion in die USA.\" \/>\n<meta property=\"og:url\" content=\"https:\/\/www.organisator.ch\/de\/management\/2025-04-15\/trotz-zollhammer-kmu-mem-stehen-zu-standort-schweiz\/\" \/>\n<meta property=\"og:site_name\" content=\"Organisator\" \/>\n<meta property=\"article:publisher\" content=\"https:\/\/www.facebook.com\/OrganisatorFachmagazin\" \/>\n<meta property=\"article:published_time\" content=\"2025-04-15T07:14:40+00:00\" \/>\n<meta property=\"og:image\" content=\"https:\/\/www.organisator.ch\/wp-content\/uploads\/2025\/04\/Trotz-Zollhammer-KMU-MEM-stehen-zu-Standort-Schweiz_Organisator.jpg\" \/>\n\t<meta property=\"og:image:width\" content=\"680\" \/>\n\t<meta property=\"og:image:height\" content=\"453\" \/>\n\t<meta property=\"og:image:type\" content=\"image\/jpeg\" \/>\n<meta name=\"author\" content=\"thomas.berner\" \/>\n<meta name=\"twitter:card\" content=\"summary_large_image\" \/>\n<meta name=\"twitter:title\" content=\"Trotz #Zollhammer: #KMU-MEM stehen zu Standort Schweiz\" \/>\n<meta name=\"twitter:description\" content=\"95 Prozent der Mitgliedsunternehmen von #Swissmechanic planen trotz drohendem #Zollhammer keine Verlagerung der Produktion in die USA.\" \/>\n<meta name=\"twitter:image\" content=\"https:\/\/www.organisator.ch\/wp-content\/uploads\/2025\/04\/Trotz-Zollhammer-KMU-MEM-stehen-zu-Standort-Schweiz_Organisator.jpg\" \/>\n<script type=\"application\/ld+json\" class=\"yoast-schema-graph\">{\"@context\":\"https:\\\/\\\/schema.org\",\"@graph\":[{\"@type\":\"Article\",\"@id\":\"https:\\\/\\\/www.organisator.ch\\\/management\\\/2025-04-15\\\/trotz-zollhammer-kmu-mem-stehen-zu-standort-schweiz\\\/#article\",\"isPartOf\":{\"@id\":\"https:\\\/\\\/www.organisator.ch\\\/management\\\/2025-04-15\\\/trotz-zollhammer-kmu-mem-stehen-zu-standort-schweiz\\\/\"},\"author\":{\"name\":\"thomas.berner\",\"@id\":\"https:\\\/\\\/www.organisator.ch\\\/#\\\/schema\\\/person\\\/6f650f90b2842cd4c0cc334b4e36f67e\"},\"headline\":\"Trotz Zollhammer: KMU-MEM stehen zu Standort Schweiz\",\"datePublished\":\"2025-04-15T07:14:40+00:00\",\"mainEntityOfPage\":{\"@id\":\"https:\\\/\\\/www.organisator.ch\\\/management\\\/2025-04-15\\\/trotz-zollhammer-kmu-mem-stehen-zu-standort-schweiz\\\/\"},\"wordCount\":339,\"publisher\":{\"@id\":\"https:\\\/\\\/www.organisator.ch\\\/#organization\"},\"image\":{\"@id\":\"https:\\\/\\\/www.organisator.ch\\\/management\\\/2025-04-15\\\/trotz-zollhammer-kmu-mem-stehen-zu-standort-schweiz\\\/#primaryimage\"},\"thumbnailUrl\":\"https:\\\/\\\/www.organisator.ch\\\/wp-content\\\/uploads\\\/2025\\\/04\\\/Trotz-Zollhammer-KMU-MEM-stehen-zu-Standort-Schweiz_Organisator.jpg\",\"keywords\":[\"Management und Unternehmensf\u00fchrung\",\"Swissmechanic\",\"Verb\u00e4nde\",\"Wirtschaftspolitik\",\"Z\u00f6lle\"],\"articleSection\":[\"MANAGEMENT\"],\"inLanguage\":\"de\"},{\"@type\":\"WebPage\",\"@id\":\"https:\\\/\\\/www.organisator.ch\\\/management\\\/2025-04-15\\\/trotz-zollhammer-kmu-mem-stehen-zu-standort-schweiz\\\/\",\"url\":\"https:\\\/\\\/www.organisator.ch\\\/management\\\/2025-04-15\\\/trotz-zollhammer-kmu-mem-stehen-zu-standort-schweiz\\\/\",\"name\":\"Trotz Zollhammer: KMU-MEM stehen zu Standort Schweiz - Organisator\",\"isPartOf\":{\"@id\":\"https:\\\/\\\/www.organisator.ch\\\/#website\"},\"primaryImageOfPage\":{\"@id\":\"https:\\\/\\\/www.organisator.ch\\\/management\\\/2025-04-15\\\/trotz-zollhammer-kmu-mem-stehen-zu-standort-schweiz\\\/#primaryimage\"},\"image\":{\"@id\":\"https:\\\/\\\/www.organisator.ch\\\/management\\\/2025-04-15\\\/trotz-zollhammer-kmu-mem-stehen-zu-standort-schweiz\\\/#primaryimage\"},\"thumbnailUrl\":\"https:\\\/\\\/www.organisator.ch\\\/wp-content\\\/uploads\\\/2025\\\/04\\\/Trotz-Zollhammer-KMU-MEM-stehen-zu-Standort-Schweiz_Organisator.jpg\",\"datePublished\":\"2025-04-15T07:14:40+00:00\",\"description\":\"95 Prozent der Mitgliedsunternehmen von Swissmechanic planen trotz drohendem Zollhammer keine Verlagerung der Produktion in die USA.\",\"breadcrumb\":{\"@id\":\"https:\\\/\\\/www.organisator.ch\\\/management\\\/2025-04-15\\\/trotz-zollhammer-kmu-mem-stehen-zu-standort-schweiz\\\/#breadcrumb\"},\"inLanguage\":\"de\",\"potentialAction\":[{\"@type\":\"ReadAction\",\"target\":[\"https:\\\/\\\/www.organisator.ch\\\/management\\\/2025-04-15\\\/trotz-zollhammer-kmu-mem-stehen-zu-standort-schweiz\\\/\"]}]},{\"@type\":\"ImageObject\",\"inLanguage\":\"de\",\"@id\":\"https:\\\/\\\/www.organisator.ch\\\/management\\\/2025-04-15\\\/trotz-zollhammer-kmu-mem-stehen-zu-standort-schweiz\\\/#primaryimage\",\"url\":\"https:\\\/\\\/www.organisator.ch\\\/wp-content\\\/uploads\\\/2025\\\/04\\\/Trotz-Zollhammer-KMU-MEM-stehen-zu-Standort-Schweiz_Organisator.jpg\",\"contentUrl\":\"https:\\\/\\\/www.organisator.ch\\\/wp-content\\\/uploads\\\/2025\\\/04\\\/Trotz-Zollhammer-KMU-MEM-stehen-zu-Standort-Schweiz_Organisator.jpg\",\"width\":680,\"height\":453,\"caption\":\"KMU-MEM setzen weiter auf den Standort Schweiz. Eine Produktionsverlagerung in die USA w\u00e4re zu aufw\u00e4ndig. (Bild: Ari Dinar \\\/ Unsplash.com)\"},{\"@type\":\"BreadcrumbList\",\"@id\":\"https:\\\/\\\/www.organisator.ch\\\/management\\\/2025-04-15\\\/trotz-zollhammer-kmu-mem-stehen-zu-standort-schweiz\\\/#breadcrumb\",\"itemListElement\":[{\"@type\":\"ListItem\",\"position\":1,\"name\":\"Home\",\"item\":\"https:\\\/\\\/www.organisator.ch\\\/\"},{\"@type\":\"ListItem\",\"position\":2,\"name\":\"Trotz Zollhammer: KMU-MEM stehen zu Standort Schweiz\"}]},{\"@type\":\"WebSite\",\"@id\":\"https:\\\/\\\/www.organisator.ch\\\/#website\",\"url\":\"https:\\\/\\\/www.organisator.ch\\\/\",\"name\":\"Organisator\",\"description\":\"Kompetent. Praxisnah. Der ORGANISATOR bereitet in 10 Ausgaben pro Jahr die wesentlichen Themen f\u00fcr F\u00fchrungskr\u00e4fte von KMU auf.\",\"publisher\":{\"@id\":\"https:\\\/\\\/www.organisator.ch\\\/#organization\"},\"potentialAction\":[{\"@type\":\"SearchAction\",\"target\":{\"@type\":\"EntryPoint\",\"urlTemplate\":\"https:\\\/\\\/www.organisator.ch\\\/?s={search_term_string}\"},\"query-input\":{\"@type\":\"PropertyValueSpecification\",\"valueRequired\":true,\"valueName\":\"search_term_string\"}}],\"inLanguage\":\"de\"},{\"@type\":\"Organization\",\"@id\":\"https:\\\/\\\/www.organisator.ch\\\/#organization\",\"name\":\"Organisator\",\"url\":\"https:\\\/\\\/www.organisator.ch\\\/\",\"logo\":{\"@type\":\"ImageObject\",\"inLanguage\":\"de\",\"@id\":\"https:\\\/\\\/www.organisator.ch\\\/#\\\/schema\\\/logo\\\/image\\\/\",\"url\":\"https:\\\/\\\/www.organisator.ch\\\/wp-content\\\/uploads\\\/2022\\\/01\\\/Logo_Organisator_Website.png\",\"contentUrl\":\"https:\\\/\\\/www.organisator.ch\\\/wp-content\\\/uploads\\\/2022\\\/01\\\/Logo_Organisator_Website.png\",\"width\":800,\"height\":77,\"caption\":\"Organisator\"},\"image\":{\"@id\":\"https:\\\/\\\/www.organisator.ch\\\/#\\\/schema\\\/logo\\\/image\\\/\"},\"sameAs\":[\"https:\\\/\\\/www.facebook.com\\\/OrganisatorFachmagazin\",\"https:\\\/\\\/www.linkedin.com\\\/showcase\\\/organisator-das-magazin-fr-kmu\",\"https:\\\/\\\/www.xing.com\\\/news\\\/pages\\\/organisator-ch-695\",\"https:\\\/\\\/www.youtube.com\\\/channel\\\/UCGP2Sq0iWaZwT3BdIAQFYpw\"]},{\"@type\":\"Person\",\"@id\":\"https:\\\/\\\/www.organisator.ch\\\/#\\\/schema\\\/person\\\/6f650f90b2842cd4c0cc334b4e36f67e\",\"name\":\"thomas.berner\",\"image\":{\"@type\":\"ImageObject\",\"inLanguage\":\"de\",\"@id\":\"https:\\\/\\\/secure.gravatar.com\\\/avatar\\\/ac5001d2a36cb6c6cd3e50789007ffca834b477b74a2144564522e944eabff61?s=96&d=mm&r=g\",\"url\":\"https:\\\/\\\/secure.gravatar.com\\\/avatar\\\/ac5001d2a36cb6c6cd3e50789007ffca834b477b74a2144564522e944eabff61?s=96&d=mm&r=g\",\"contentUrl\":\"https:\\\/\\\/secure.gravatar.com\\\/avatar\\\/ac5001d2a36cb6c6cd3e50789007ffca834b477b74a2144564522e944eabff61?s=96&d=mm&r=g\",\"caption\":\"thomas.berner\"},\"url\":\"https:\\\/\\\/www.organisator.ch\\\/de\\\/author\\\/thomas-berner\\\/\"}]}<\/script>\n<!-- \/ Yoast SEO plugin. -->","yoast_head_json":{"title":"Trotz Zollhammer: KMU-MEM stehen zu Standort Schweiz - Organisator","description":"95 Prozent der Mitgliedsunternehmen von Swissmechanic planen trotz drohendem Zollhammer keine Verlagerung der Produktion in die USA.","robots":{"index":"index","follow":"follow","max-snippet":"max-snippet:-1","max-image-preview":"max-image-preview:large","max-video-preview":"max-video-preview:-1"},"canonical":"https:\/\/www.organisator.ch\/de\/management\/2025-04-15\/trotz-zollhammer-kmu-mem-stehen-zu-standort-schweiz\/","og_locale":"de_DE","og_type":"article","og_title":"Trotz Zollhammer: KMU-MEM stehen zu Standort Schweiz","og_description":"95 Prozent der Mitgliedsunternehmen von Swissmechanic planen trotz drohendem Zollhammer keine Verlagerung der Produktion in die USA.","og_url":"https:\/\/www.organisator.ch\/de\/management\/2025-04-15\/trotz-zollhammer-kmu-mem-stehen-zu-standort-schweiz\/","og_site_name":"Organisator","article_publisher":"https:\/\/www.facebook.com\/OrganisatorFachmagazin","article_published_time":"2025-04-15T07:14:40+00:00","og_image":[{"width":680,"height":453,"url":"https:\/\/www.organisator.ch\/wp-content\/uploads\/2025\/04\/Trotz-Zollhammer-KMU-MEM-stehen-zu-Standort-Schweiz_Organisator.jpg","type":"image\/jpeg"}],"author":"thomas.berner","twitter_card":"summary_large_image","twitter_title":"Trotz #Zollhammer: #KMU-MEM stehen zu Standort Schweiz","twitter_description":"95 Prozent der Mitgliedsunternehmen von #Swissmechanic planen trotz drohendem #Zollhammer keine Verlagerung der Produktion in die USA.","twitter_image":"https:\/\/www.organisator.ch\/wp-content\/uploads\/2025\/04\/Trotz-Zollhammer-KMU-MEM-stehen-zu-Standort-Schweiz_Organisator.jpg","schema":{"@context":"https:\/\/schema.org","@graph":[{"@type":"Article","@id":"https:\/\/www.organisator.ch\/management\/2025-04-15\/trotz-zollhammer-kmu-mem-stehen-zu-standort-schweiz\/#article","isPartOf":{"@id":"https:\/\/www.organisator.ch\/management\/2025-04-15\/trotz-zollhammer-kmu-mem-stehen-zu-standort-schweiz\/"},"author":{"name":"thomas.berner","@id":"https:\/\/www.organisator.ch\/#\/schema\/person\/6f650f90b2842cd4c0cc334b4e36f67e"},"headline":"Trotz Zollhammer: KMU-MEM stehen zu Standort Schweiz","datePublished":"2025-04-15T07:14:40+00:00","mainEntityOfPage":{"@id":"https:\/\/www.organisator.ch\/management\/2025-04-15\/trotz-zollhammer-kmu-mem-stehen-zu-standort-schweiz\/"},"wordCount":339,"publisher":{"@id":"https:\/\/www.organisator.ch\/#organization"},"image":{"@id":"https:\/\/www.organisator.ch\/management\/2025-04-15\/trotz-zollhammer-kmu-mem-stehen-zu-standort-schweiz\/#primaryimage"},"thumbnailUrl":"https:\/\/www.organisator.ch\/wp-content\/uploads\/2025\/04\/Trotz-Zollhammer-KMU-MEM-stehen-zu-Standort-Schweiz_Organisator.jpg","keywords":["Management und Unternehmensf\u00fchrung","Swissmechanic","Verb\u00e4nde","Wirtschaftspolitik","Z\u00f6lle"],"articleSection":["MANAGEMENT"],"inLanguage":"de"},{"@type":"WebPage","@id":"https:\/\/www.organisator.ch\/management\/2025-04-15\/trotz-zollhammer-kmu-mem-stehen-zu-standort-schweiz\/","url":"https:\/\/www.organisator.ch\/management\/2025-04-15\/trotz-zollhammer-kmu-mem-stehen-zu-standort-schweiz\/","name":"Trotz Zollhammer: KMU-MEM stehen zu Standort Schweiz - Organisator","isPartOf":{"@id":"https:\/\/www.organisator.ch\/#website"},"primaryImageOfPage":{"@id":"https:\/\/www.organisator.ch\/management\/2025-04-15\/trotz-zollhammer-kmu-mem-stehen-zu-standort-schweiz\/#primaryimage"},"image":{"@id":"https:\/\/www.organisator.ch\/management\/2025-04-15\/trotz-zollhammer-kmu-mem-stehen-zu-standort-schweiz\/#primaryimage"},"thumbnailUrl":"https:\/\/www.organisator.ch\/wp-content\/uploads\/2025\/04\/Trotz-Zollhammer-KMU-MEM-stehen-zu-Standort-Schweiz_Organisator.jpg","datePublished":"2025-04-15T07:14:40+00:00","description":"95 Prozent der Mitgliedsunternehmen von Swissmechanic planen trotz drohendem Zollhammer keine Verlagerung der Produktion in die USA.","breadcrumb":{"@id":"https:\/\/www.organisator.ch\/management\/2025-04-15\/trotz-zollhammer-kmu-mem-stehen-zu-standort-schweiz\/#breadcrumb"},"inLanguage":"de","potentialAction":[{"@type":"ReadAction","target":["https:\/\/www.organisator.ch\/management\/2025-04-15\/trotz-zollhammer-kmu-mem-stehen-zu-standort-schweiz\/"]}]},{"@type":"ImageObject","inLanguage":"de","@id":"https:\/\/www.organisator.ch\/management\/2025-04-15\/trotz-zollhammer-kmu-mem-stehen-zu-standort-schweiz\/#primaryimage","url":"https:\/\/www.organisator.ch\/wp-content\/uploads\/2025\/04\/Trotz-Zollhammer-KMU-MEM-stehen-zu-Standort-Schweiz_Organisator.jpg","contentUrl":"https:\/\/www.organisator.ch\/wp-content\/uploads\/2025\/04\/Trotz-Zollhammer-KMU-MEM-stehen-zu-Standort-Schweiz_Organisator.jpg","width":680,"height":453,"caption":"KMU-MEM setzen weiter auf den Standort Schweiz. Eine Produktionsverlagerung in die USA w\u00e4re zu aufw\u00e4ndig. (Bild: Ari Dinar \/ Unsplash.com)"},{"@type":"BreadcrumbList","@id":"https:\/\/www.organisator.ch\/management\/2025-04-15\/trotz-zollhammer-kmu-mem-stehen-zu-standort-schweiz\/#breadcrumb","itemListElement":[{"@type":"ListItem","position":1,"name":"Home","item":"https:\/\/www.organisator.ch\/"},{"@type":"ListItem","position":2,"name":"Trotz Zollhammer: KMU-MEM stehen zu Standort Schweiz"}]},{"@type":"WebSite","@id":"https:\/\/www.organisator.ch\/#website","url":"https:\/\/www.organisator.ch\/","name":"Organisator","description":"Kompetent. Praxisnah. Der ORGANISATOR bereitet in 10 Ausgaben pro Jahr die wesentlichen Themen f\u00fcr F\u00fchrungskr\u00e4fte von KMU auf.","publisher":{"@id":"https:\/\/www.organisator.ch\/#organization"},"potentialAction":[{"@type":"SearchAction","target":{"@type":"EntryPoint","urlTemplate":"https:\/\/www.organisator.ch\/?s={search_term_string}"},"query-input":{"@type":"PropertyValueSpecification","valueRequired":true,"valueName":"search_term_string"}}],"inLanguage":"de"},{"@type":"Organization","@id":"https:\/\/www.organisator.ch\/#organization","name":"Organisator","url":"https:\/\/www.organisator.ch\/","logo":{"@type":"ImageObject","inLanguage":"de","@id":"https:\/\/www.organisator.ch\/#\/schema\/logo\/image\/","url":"https:\/\/www.organisator.ch\/wp-content\/uploads\/2022\/01\/Logo_Organisator_Website.png","contentUrl":"https:\/\/www.organisator.ch\/wp-content\/uploads\/2022\/01\/Logo_Organisator_Website.png","width":800,"height":77,"caption":"Organisator"},"image":{"@id":"https:\/\/www.organisator.ch\/#\/schema\/logo\/image\/"},"sameAs":["https:\/\/www.facebook.com\/OrganisatorFachmagazin","https:\/\/www.linkedin.com\/showcase\/organisator-das-magazin-fr-kmu","https:\/\/www.xing.com\/news\/pages\/organisator-ch-695","https:\/\/www.youtube.com\/channel\/UCGP2Sq0iWaZwT3BdIAQFYpw"]},{"@type":"Person","@id":"https:\/\/www.organisator.ch\/#\/schema\/person\/6f650f90b2842cd4c0cc334b4e36f67e","name":"thomas.berner","image":{"@type":"ImageObject","inLanguage":"de","@id":"https:\/\/secure.gravatar.com\/avatar\/ac5001d2a36cb6c6cd3e50789007ffca834b477b74a2144564522e944eabff61?s=96&d=mm&r=g","url":"https:\/\/secure.gravatar.com\/avatar\/ac5001d2a36cb6c6cd3e50789007ffca834b477b74a2144564522e944eabff61?s=96&d=mm&r=g","contentUrl":"https:\/\/secure.gravatar.com\/avatar\/ac5001d2a36cb6c6cd3e50789007ffca834b477b74a2144564522e944eabff61?s=96&d=mm&r=g","caption":"thomas.berner"},"url":"https:\/\/www.organisator.ch\/de\/author\/thomas-berner\/"}]}},"_links":{"self":[{"href":"https:\/\/www.organisator.ch\/de\/wp-json\/wp\/v2\/posts\/37683","targetHints":{"allow":["GET"]}}],"collection":[{"href":"https:\/\/www.organisator.ch\/de\/wp-json\/wp\/v2\/posts"}],"about":[{"href":"https:\/\/www.organisator.ch\/de\/wp-json\/wp\/v2\/types\/post"}],"author":[{"embeddable":true,"href":"https:\/\/www.organisator.ch\/de\/wp-json\/wp\/v2\/users\/4"}],"replies":[{"embeddable":true,"href":"https:\/\/www.organisator.ch\/de\/wp-json\/wp\/v2\/comments?post=37683"}],"version-history":[{"count":4,"href":"https:\/\/www.organisator.ch\/de\/wp-json\/wp\/v2\/posts\/37683\/revisions"}],"predecessor-version":[{"id":37732,"href":"https:\/\/www.organisator.ch\/de\/wp-json\/wp\/v2\/posts\/37683\/revisions\/37732"}],"wp:featuredmedia":[{"embeddable":true,"href":"https:\/\/www.organisator.ch\/de\/wp-json\/wp\/v2\/media\/37684"}],"wp:attachment":[{"href":"https:\/\/www.organisator.ch\/de\/wp-json\/wp\/v2\/media?parent=37683"}],"wp:term":[{"taxonomy":"category","embeddable":true,"href":"https:\/\/www.organisator.ch\/de\/wp-json\/wp\/v2\/categories?post=37683"},{"taxonomy":"post_tag","embeddable":true,"href":"https:\/\/www.organisator.ch\/de\/wp-json\/wp\/v2\/tags?post=37683"}],"curies":[{"name":"wp","href":"https:\/\/api.w.org\/{rel}","templated":true}]}}