{"id":37700,"date":"2025-04-15T12:55:59","date_gmt":"2025-04-15T10:55:59","guid":{"rendered":"https:\/\/www.markt-kom.com\/?p=233448"},"modified":"2025-04-22T12:01:08","modified_gmt":"2025-04-22T10:01:08","slug":"zhaw-wird-neues-partnermitglied-bei-perikom-2","status":"publish","type":"post","link":"https:\/\/www.organisator.ch\/de\/marketing\/2025-04-15\/zhaw-wird-neues-partnermitglied-bei-perikom-2\/","title":{"rendered":"ZHAW wird neues Partnermitglied bei Perikom"},"content":{"rendered":"<figure id=\"attachment_233449\" class=\"wp-caption aligncenter\" style=\"width: 1200px;\" aria-describedby=\"caption-attachment-233449\"><a href=\"https:\/\/www.markt-kom.com\/wp-content\/uploads\/2025\/04\/zhaw-perikom-partnerschaft.jpg\"><img class=\"size-full wp-image-233449\" src=\"https:\/\/www.markt-kom.com\/wp-content\/uploads\/2025\/04\/zhaw-perikom-partnerschaft.jpg\" sizes=\"(max-width: 1200px) 100vw, 1200px\" srcset=\"https:\/\/www.markt-kom.com\/wp-content\/uploads\/2025\/04\/zhaw-perikom-partnerschaft.jpg 1200w, https:\/\/www.markt-kom.com\/wp-content\/uploads\/2025\/04\/zhaw-perikom-partnerschaft-600x450.jpg 600w, https:\/\/www.markt-kom.com\/wp-content\/uploads\/2025\/04\/zhaw-perikom-partnerschaft-1024x768.jpg 1024w, https:\/\/www.markt-kom.com\/wp-content\/uploads\/2025\/04\/zhaw-perikom-partnerschaft-768x576.jpg 768w, https:\/\/www.markt-kom.com\/wp-content\/uploads\/2025\/04\/zhaw-perikom-partnerschaft-16x12.jpg 16w, https:\/\/www.markt-kom.com\/wp-content\/uploads\/2025\/04\/zhaw-perikom-partnerschaft-233x175.jpg 233w, https:\/\/www.markt-kom.com\/wp-content\/uploads\/2025\/04\/zhaw-perikom-partnerschaft-467x350.jpg 467w, https:\/\/www.markt-kom.com\/wp-content\/uploads\/2025\/04\/zhaw-perikom-partnerschaft-1000x750.jpg 1000w\" alt=\"\" width=\"1200\" height=\"900\" \/><\/a>\r\n<figcaption id=\"caption-attachment-233449\" class=\"wp-caption-text\">Annette Pfizenmayer (links) und Katharina Kr\u00e4mer, Co-Studienleiterinnen des CAS Corporate Communications an der ZHAW. (Bild: zVg.)<\/figcaption>\r\n<\/figure>\r\n<p>\u00abErfolgreiche Kommunikation ist keine Einzelaufgabe, sondern eine Gemeinschaftsaufgabe, die nur im Zusammenspiel funktioniert\u00bb, begr\u00fcnden die Co-Studienleiterinnen des CAS Corporate Communications, Annette Pfizenmayer und Katharina Kr\u00e4mer, das Engagement bei Perikom. \u00abDie enge Zusammenarbeit zwischen Kommunikation und HR ist dabei essenziell, um eine starke Unternehmenskultur zu gestalten. Durch unsere Partnerschaft mit Perikom m\u00f6chten wir den Austausch zwischen Wissenschaft und Praxis f\u00f6rdern und diesen interdisziplin\u00e4ren Dialog weiter vorantreiben.\u00bb<\/p>\r\n<p>Perikom f\u00fchrt unter anderem regelm\u00e4ssige Veranstaltungen f\u00fcr Kommunikations- und Personalexpert:innen durch, wie die j\u00e4hrlich stattfindende Schweizerische Tagung HR\/Interne Kommunikation. Auch entwickelt der Fachverein Weiterbildungsangebote und tr\u00e4gt zur Forschung im Bereich interne Kommunikation bei. Die n\u00e4chste Schweizerische Tagung HR\/Interne Kommunikation findet am 15. Mai 2025 zum Thema Nachhaltigkeit statt.<\/p>","protected":false},"excerpt":{"rendered":"<p>Das IAM Institut f\u00fcr Angewandte Medienwissenschaft der ZHAW ist neues Partnermitglied von Perikom und erg\u00e4nzt den Verein mit wissenschaftlicher Expertise. Damit z\u00e4hlt der Fachverein nun sechzehn Partnermitglieder.<\/p>\n","protected":false},"author":8,"featured_media":0,"comment_status":"closed","ping_status":"closed","sticky":false,"template":"","format":"standard","meta":{"_acf_changed":false,"_yoast_wpseo_focuskw":"Perikom","_yoast_wpseo_metadesc":"Das IAM Institut f\u00fcr Angewandte Medienwissenschaft der ZHAW ist neues Partnermitglied von Perikom.","articlekey":"","footnotes":""},"categories":[29,30],"tags":[4343,378,2600],"class_list":["post-37700","post","type-post","status-publish","format-standard","hentry","category-marketing","category-weiterbildung","tag-markom","tag-perikom","tag-zhaw"],"acf":[],"yoast_head":"<!-- This site is optimized with the Yoast SEO plugin v27.5 - https:\/\/yoast.com\/product\/yoast-seo-wordpress\/ -->\n<title>ZHAW wird neues Partnermitglied bei Perikom - Organisator<\/title>\n<meta name=\"description\" content=\"Das IAM Institut f\u00fcr Angewandte Medienwissenschaft der ZHAW ist neues Partnermitglied von Perikom.\" \/>\n<meta name=\"robots\" content=\"index, follow, max-snippet:-1, max-image-preview:large, max-video-preview:-1\" \/>\n<link rel=\"canonical\" href=\"https:\/\/www.organisator.ch\/de\/marketing\/2025-04-15\/zhaw-wird-neues-partnermitglied-bei-perikom-2\/\" \/>\n<meta property=\"og:locale\" content=\"de_DE\" \/>\n<meta property=\"og:type\" content=\"article\" \/>\n<meta property=\"og:title\" content=\"ZHAW wird neues Partnermitglied bei Perikom - Organisator\" \/>\n<meta property=\"og:description\" content=\"Das IAM Institut f\u00fcr Angewandte Medienwissenschaft der ZHAW ist neues Partnermitglied von Perikom.\" \/>\n<meta property=\"og:url\" content=\"https:\/\/www.organisator.ch\/de\/marketing\/2025-04-15\/zhaw-wird-neues-partnermitglied-bei-perikom-2\/\" \/>\n<meta property=\"og:site_name\" content=\"Organisator\" \/>\n<meta property=\"article:publisher\" content=\"https:\/\/www.facebook.com\/OrganisatorFachmagazin\" \/>\n<meta property=\"article:published_time\" content=\"2025-04-15T10:55:59+00:00\" \/>\n<meta property=\"article:modified_time\" content=\"2025-04-22T10:01:08+00:00\" \/>\n<meta name=\"author\" content=\"galledia\" \/>\n<meta name=\"twitter:card\" content=\"summary_large_image\" \/>\n<meta name=\"twitter:creator\" content=\"@admin\" \/>\n<script type=\"application\/ld+json\" class=\"yoast-schema-graph\">{\"@context\":\"https:\\\/\\\/schema.org\",\"@graph\":[{\"@type\":\"Article\",\"@id\":\"https:\\\/\\\/www.organisator.ch\\\/marketing\\\/2025-04-15\\\/zhaw-wird-neues-partnermitglied-bei-perikom-2\\\/#article\",\"isPartOf\":{\"@id\":\"https:\\\/\\\/www.organisator.ch\\\/marketing\\\/2025-04-15\\\/zhaw-wird-neues-partnermitglied-bei-perikom-2\\\/\"},\"author\":{\"name\":\"galledia\",\"@id\":\"https:\\\/\\\/www.organisator.ch\\\/#\\\/schema\\\/person\\\/4e51799071cd2dd1232ac003643ef5f0\"},\"headline\":\"ZHAW wird neues Partnermitglied bei Perikom\",\"datePublished\":\"2025-04-15T10:55:59+00:00\",\"dateModified\":\"2025-04-22T10:01:08+00:00\",\"mainEntityOfPage\":{\"@id\":\"https:\\\/\\\/www.organisator.ch\\\/marketing\\\/2025-04-15\\\/zhaw-wird-neues-partnermitglied-bei-perikom-2\\\/\"},\"wordCount\":148,\"publisher\":{\"@id\":\"https:\\\/\\\/www.organisator.ch\\\/#organization\"},\"image\":{\"@id\":\"https:\\\/\\\/www.organisator.ch\\\/marketing\\\/2025-04-15\\\/zhaw-wird-neues-partnermitglied-bei-perikom-2\\\/#primaryimage\"},\"thumbnailUrl\":\"https:\\\/\\\/www.markt-kom.com\\\/wp-content\\\/uploads\\\/2025\\\/04\\\/zhaw-perikom-partnerschaft.jpg\",\"keywords\":[\"MarKom\",\"Perikom\",\"ZHAW\"],\"articleSection\":[\"MARKETING\",\"WEITERBILDUNG\"],\"inLanguage\":\"de\"},{\"@type\":\"WebPage\",\"@id\":\"https:\\\/\\\/www.organisator.ch\\\/marketing\\\/2025-04-15\\\/zhaw-wird-neues-partnermitglied-bei-perikom-2\\\/\",\"url\":\"https:\\\/\\\/www.organisator.ch\\\/marketing\\\/2025-04-15\\\/zhaw-wird-neues-partnermitglied-bei-perikom-2\\\/\",\"name\":\"ZHAW wird neues Partnermitglied bei Perikom - Organisator\",\"isPartOf\":{\"@id\":\"https:\\\/\\\/www.organisator.ch\\\/#website\"},\"primaryImageOfPage\":{\"@id\":\"https:\\\/\\\/www.organisator.ch\\\/marketing\\\/2025-04-15\\\/zhaw-wird-neues-partnermitglied-bei-perikom-2\\\/#primaryimage\"},\"image\":{\"@id\":\"https:\\\/\\\/www.organisator.ch\\\/marketing\\\/2025-04-15\\\/zhaw-wird-neues-partnermitglied-bei-perikom-2\\\/#primaryimage\"},\"thumbnailUrl\":\"https:\\\/\\\/www.markt-kom.com\\\/wp-content\\\/uploads\\\/2025\\\/04\\\/zhaw-perikom-partnerschaft.jpg\",\"datePublished\":\"2025-04-15T10:55:59+00:00\",\"dateModified\":\"2025-04-22T10:01:08+00:00\",\"description\":\"Das IAM Institut f\u00fcr Angewandte Medienwissenschaft der ZHAW ist neues Partnermitglied von Perikom.\",\"breadcrumb\":{\"@id\":\"https:\\\/\\\/www.organisator.ch\\\/marketing\\\/2025-04-15\\\/zhaw-wird-neues-partnermitglied-bei-perikom-2\\\/#breadcrumb\"},\"inLanguage\":\"de\",\"potentialAction\":[{\"@type\":\"ReadAction\",\"target\":[\"https:\\\/\\\/www.organisator.ch\\\/marketing\\\/2025-04-15\\\/zhaw-wird-neues-partnermitglied-bei-perikom-2\\\/\"]}]},{\"@type\":\"ImageObject\",\"inLanguage\":\"de\",\"@id\":\"https:\\\/\\\/www.organisator.ch\\\/marketing\\\/2025-04-15\\\/zhaw-wird-neues-partnermitglied-bei-perikom-2\\\/#primaryimage\",\"url\":\"https:\\\/\\\/www.markt-kom.com\\\/wp-content\\\/uploads\\\/2025\\\/04\\\/zhaw-perikom-partnerschaft.jpg\",\"contentUrl\":\"https:\\\/\\\/www.markt-kom.com\\\/wp-content\\\/uploads\\\/2025\\\/04\\\/zhaw-perikom-partnerschaft.jpg\"},{\"@type\":\"BreadcrumbList\",\"@id\":\"https:\\\/\\\/www.organisator.ch\\\/marketing\\\/2025-04-15\\\/zhaw-wird-neues-partnermitglied-bei-perikom-2\\\/#breadcrumb\",\"itemListElement\":[{\"@type\":\"ListItem\",\"position\":1,\"name\":\"Home\",\"item\":\"https:\\\/\\\/www.organisator.ch\\\/\"},{\"@type\":\"ListItem\",\"position\":2,\"name\":\"ZHAW wird neues Partnermitglied bei Perikom\"}]},{\"@type\":\"WebSite\",\"@id\":\"https:\\\/\\\/www.organisator.ch\\\/#website\",\"url\":\"https:\\\/\\\/www.organisator.ch\\\/\",\"name\":\"Organisator\",\"description\":\"Kompetent. Praxisnah. Der ORGANISATOR bereitet in 10 Ausgaben pro Jahr die wesentlichen Themen f\u00fcr F\u00fchrungskr\u00e4fte von KMU auf.\",\"publisher\":{\"@id\":\"https:\\\/\\\/www.organisator.ch\\\/#organization\"},\"potentialAction\":[{\"@type\":\"SearchAction\",\"target\":{\"@type\":\"EntryPoint\",\"urlTemplate\":\"https:\\\/\\\/www.organisator.ch\\\/?s={search_term_string}\"},\"query-input\":{\"@type\":\"PropertyValueSpecification\",\"valueRequired\":true,\"valueName\":\"search_term_string\"}}],\"inLanguage\":\"de\"},{\"@type\":\"Organization\",\"@id\":\"https:\\\/\\\/www.organisator.ch\\\/#organization\",\"name\":\"Organisator\",\"url\":\"https:\\\/\\\/www.organisator.ch\\\/\",\"logo\":{\"@type\":\"ImageObject\",\"inLanguage\":\"de\",\"@id\":\"https:\\\/\\\/www.organisator.ch\\\/#\\\/schema\\\/logo\\\/image\\\/\",\"url\":\"https:\\\/\\\/www.organisator.ch\\\/wp-content\\\/uploads\\\/2022\\\/01\\\/Logo_Organisator_Website.png\",\"contentUrl\":\"https:\\\/\\\/www.organisator.ch\\\/wp-content\\\/uploads\\\/2022\\\/01\\\/Logo_Organisator_Website.png\",\"width\":800,\"height\":77,\"caption\":\"Organisator\"},\"image\":{\"@id\":\"https:\\\/\\\/www.organisator.ch\\\/#\\\/schema\\\/logo\\\/image\\\/\"},\"sameAs\":[\"https:\\\/\\\/www.facebook.com\\\/OrganisatorFachmagazin\",\"https:\\\/\\\/www.linkedin.com\\\/showcase\\\/organisator-das-magazin-fr-kmu\",\"https:\\\/\\\/www.xing.com\\\/news\\\/pages\\\/organisator-ch-695\",\"https:\\\/\\\/www.youtube.com\\\/channel\\\/UCGP2Sq0iWaZwT3BdIAQFYpw\"]},{\"@type\":\"Person\",\"@id\":\"https:\\\/\\\/www.organisator.ch\\\/#\\\/schema\\\/person\\\/4e51799071cd2dd1232ac003643ef5f0\",\"name\":\"galledia\",\"image\":{\"@type\":\"ImageObject\",\"inLanguage\":\"de\",\"@id\":\"https:\\\/\\\/secure.gravatar.com\\\/avatar\\\/78a7f90c01fc2bfc875782a0d4922b37cde2cf184ce347b91316d23cd7f69a36?s=96&d=mm&r=g\",\"url\":\"https:\\\/\\\/secure.gravatar.com\\\/avatar\\\/78a7f90c01fc2bfc875782a0d4922b37cde2cf184ce347b91316d23cd7f69a36?s=96&d=mm&r=g\",\"contentUrl\":\"https:\\\/\\\/secure.gravatar.com\\\/avatar\\\/78a7f90c01fc2bfc875782a0d4922b37cde2cf184ce347b91316d23cd7f69a36?s=96&d=mm&r=g\",\"caption\":\"galledia\"},\"sameAs\":[\"https:\\\/\\\/x.com\\\/admin\"],\"url\":\"https:\\\/\\\/www.organisator.ch\\\/de\\\/author\\\/galledia\\\/\"}]}<\/script>\n<!-- \/ Yoast SEO plugin. -->","yoast_head_json":{"title":"ZHAW wird neues Partnermitglied bei Perikom - Organisator","description":"Das IAM Institut f\u00fcr Angewandte Medienwissenschaft der ZHAW ist neues Partnermitglied von Perikom.","robots":{"index":"index","follow":"follow","max-snippet":"max-snippet:-1","max-image-preview":"max-image-preview:large","max-video-preview":"max-video-preview:-1"},"canonical":"https:\/\/www.organisator.ch\/de\/marketing\/2025-04-15\/zhaw-wird-neues-partnermitglied-bei-perikom-2\/","og_locale":"de_DE","og_type":"article","og_title":"ZHAW wird neues Partnermitglied bei Perikom - Organisator","og_description":"Das IAM Institut f\u00fcr Angewandte Medienwissenschaft der ZHAW ist neues Partnermitglied von Perikom.","og_url":"https:\/\/www.organisator.ch\/de\/marketing\/2025-04-15\/zhaw-wird-neues-partnermitglied-bei-perikom-2\/","og_site_name":"Organisator","article_publisher":"https:\/\/www.facebook.com\/OrganisatorFachmagazin","article_published_time":"2025-04-15T10:55:59+00:00","article_modified_time":"2025-04-22T10:01:08+00:00","author":"galledia","twitter_card":"summary_large_image","twitter_creator":"@admin","schema":{"@context":"https:\/\/schema.org","@graph":[{"@type":"Article","@id":"https:\/\/www.organisator.ch\/marketing\/2025-04-15\/zhaw-wird-neues-partnermitglied-bei-perikom-2\/#article","isPartOf":{"@id":"https:\/\/www.organisator.ch\/marketing\/2025-04-15\/zhaw-wird-neues-partnermitglied-bei-perikom-2\/"},"author":{"name":"galledia","@id":"https:\/\/www.organisator.ch\/#\/schema\/person\/4e51799071cd2dd1232ac003643ef5f0"},"headline":"ZHAW wird neues Partnermitglied bei Perikom","datePublished":"2025-04-15T10:55:59+00:00","dateModified":"2025-04-22T10:01:08+00:00","mainEntityOfPage":{"@id":"https:\/\/www.organisator.ch\/marketing\/2025-04-15\/zhaw-wird-neues-partnermitglied-bei-perikom-2\/"},"wordCount":148,"publisher":{"@id":"https:\/\/www.organisator.ch\/#organization"},"image":{"@id":"https:\/\/www.organisator.ch\/marketing\/2025-04-15\/zhaw-wird-neues-partnermitglied-bei-perikom-2\/#primaryimage"},"thumbnailUrl":"https:\/\/www.markt-kom.com\/wp-content\/uploads\/2025\/04\/zhaw-perikom-partnerschaft.jpg","keywords":["MarKom","Perikom","ZHAW"],"articleSection":["MARKETING","WEITERBILDUNG"],"inLanguage":"de"},{"@type":"WebPage","@id":"https:\/\/www.organisator.ch\/marketing\/2025-04-15\/zhaw-wird-neues-partnermitglied-bei-perikom-2\/","url":"https:\/\/www.organisator.ch\/marketing\/2025-04-15\/zhaw-wird-neues-partnermitglied-bei-perikom-2\/","name":"ZHAW wird neues Partnermitglied bei Perikom - Organisator","isPartOf":{"@id":"https:\/\/www.organisator.ch\/#website"},"primaryImageOfPage":{"@id":"https:\/\/www.organisator.ch\/marketing\/2025-04-15\/zhaw-wird-neues-partnermitglied-bei-perikom-2\/#primaryimage"},"image":{"@id":"https:\/\/www.organisator.ch\/marketing\/2025-04-15\/zhaw-wird-neues-partnermitglied-bei-perikom-2\/#primaryimage"},"thumbnailUrl":"https:\/\/www.markt-kom.com\/wp-content\/uploads\/2025\/04\/zhaw-perikom-partnerschaft.jpg","datePublished":"2025-04-15T10:55:59+00:00","dateModified":"2025-04-22T10:01:08+00:00","description":"Das IAM Institut f\u00fcr Angewandte Medienwissenschaft der ZHAW ist neues Partnermitglied von Perikom.","breadcrumb":{"@id":"https:\/\/www.organisator.ch\/marketing\/2025-04-15\/zhaw-wird-neues-partnermitglied-bei-perikom-2\/#breadcrumb"},"inLanguage":"de","potentialAction":[{"@type":"ReadAction","target":["https:\/\/www.organisator.ch\/marketing\/2025-04-15\/zhaw-wird-neues-partnermitglied-bei-perikom-2\/"]}]},{"@type":"ImageObject","inLanguage":"de","@id":"https:\/\/www.organisator.ch\/marketing\/2025-04-15\/zhaw-wird-neues-partnermitglied-bei-perikom-2\/#primaryimage","url":"https:\/\/www.markt-kom.com\/wp-content\/uploads\/2025\/04\/zhaw-perikom-partnerschaft.jpg","contentUrl":"https:\/\/www.markt-kom.com\/wp-content\/uploads\/2025\/04\/zhaw-perikom-partnerschaft.jpg"},{"@type":"BreadcrumbList","@id":"https:\/\/www.organisator.ch\/marketing\/2025-04-15\/zhaw-wird-neues-partnermitglied-bei-perikom-2\/#breadcrumb","itemListElement":[{"@type":"ListItem","position":1,"name":"Home","item":"https:\/\/www.organisator.ch\/"},{"@type":"ListItem","position":2,"name":"ZHAW wird neues Partnermitglied bei Perikom"}]},{"@type":"WebSite","@id":"https:\/\/www.organisator.ch\/#website","url":"https:\/\/www.organisator.ch\/","name":"Organisator","description":"Kompetent. Praxisnah. Der ORGANISATOR bereitet in 10 Ausgaben pro Jahr die wesentlichen Themen f\u00fcr F\u00fchrungskr\u00e4fte von KMU auf.","publisher":{"@id":"https:\/\/www.organisator.ch\/#organization"},"potentialAction":[{"@type":"SearchAction","target":{"@type":"EntryPoint","urlTemplate":"https:\/\/www.organisator.ch\/?s={search_term_string}"},"query-input":{"@type":"PropertyValueSpecification","valueRequired":true,"valueName":"search_term_string"}}],"inLanguage":"de"},{"@type":"Organization","@id":"https:\/\/www.organisator.ch\/#organization","name":"Organisator","url":"https:\/\/www.organisator.ch\/","logo":{"@type":"ImageObject","inLanguage":"de","@id":"https:\/\/www.organisator.ch\/#\/schema\/logo\/image\/","url":"https:\/\/www.organisator.ch\/wp-content\/uploads\/2022\/01\/Logo_Organisator_Website.png","contentUrl":"https:\/\/www.organisator.ch\/wp-content\/uploads\/2022\/01\/Logo_Organisator_Website.png","width":800,"height":77,"caption":"Organisator"},"image":{"@id":"https:\/\/www.organisator.ch\/#\/schema\/logo\/image\/"},"sameAs":["https:\/\/www.facebook.com\/OrganisatorFachmagazin","https:\/\/www.linkedin.com\/showcase\/organisator-das-magazin-fr-kmu","https:\/\/www.xing.com\/news\/pages\/organisator-ch-695","https:\/\/www.youtube.com\/channel\/UCGP2Sq0iWaZwT3BdIAQFYpw"]},{"@type":"Person","@id":"https:\/\/www.organisator.ch\/#\/schema\/person\/4e51799071cd2dd1232ac003643ef5f0","name":"galledia","image":{"@type":"ImageObject","inLanguage":"de","@id":"https:\/\/secure.gravatar.com\/avatar\/78a7f90c01fc2bfc875782a0d4922b37cde2cf184ce347b91316d23cd7f69a36?s=96&d=mm&r=g","url":"https:\/\/secure.gravatar.com\/avatar\/78a7f90c01fc2bfc875782a0d4922b37cde2cf184ce347b91316d23cd7f69a36?s=96&d=mm&r=g","contentUrl":"https:\/\/secure.gravatar.com\/avatar\/78a7f90c01fc2bfc875782a0d4922b37cde2cf184ce347b91316d23cd7f69a36?s=96&d=mm&r=g","caption":"galledia"},"sameAs":["https:\/\/x.com\/admin"],"url":"https:\/\/www.organisator.ch\/de\/author\/galledia\/"}]}},"_links":{"self":[{"href":"https:\/\/www.organisator.ch\/de\/wp-json\/wp\/v2\/posts\/37700","targetHints":{"allow":["GET"]}}],"collection":[{"href":"https:\/\/www.organisator.ch\/de\/wp-json\/wp\/v2\/posts"}],"about":[{"href":"https:\/\/www.organisator.ch\/de\/wp-json\/wp\/v2\/types\/post"}],"author":[{"embeddable":true,"href":"https:\/\/www.organisator.ch\/de\/wp-json\/wp\/v2\/users\/8"}],"replies":[{"embeddable":true,"href":"https:\/\/www.organisator.ch\/de\/wp-json\/wp\/v2\/comments?post=37700"}],"version-history":[{"count":3,"href":"https:\/\/www.organisator.ch\/de\/wp-json\/wp\/v2\/posts\/37700\/revisions"}],"predecessor-version":[{"id":37865,"href":"https:\/\/www.organisator.ch\/de\/wp-json\/wp\/v2\/posts\/37700\/revisions\/37865"}],"wp:attachment":[{"href":"https:\/\/www.organisator.ch\/de\/wp-json\/wp\/v2\/media?parent=37700"}],"wp:term":[{"taxonomy":"category","embeddable":true,"href":"https:\/\/www.organisator.ch\/de\/wp-json\/wp\/v2\/categories?post=37700"},{"taxonomy":"post_tag","embeddable":true,"href":"https:\/\/www.organisator.ch\/de\/wp-json\/wp\/v2\/tags?post=37700"}],"curies":[{"name":"wp","href":"https:\/\/api.w.org\/{rel}","templated":true}]}}