{"id":37703,"date":"2025-04-15T16:45:20","date_gmt":"2025-04-15T14:45:20","guid":{"rendered":"https:\/\/www.markt-kom.com\/?p=233482"},"modified":"2025-04-16T08:50:47","modified_gmt":"2025-04-16T06:50:47","slug":"dentsu-unterzeichnet-als-erste-globale-agenturgruppe-den-eu-ki-pakt","status":"publish","type":"post","link":"https:\/\/www.organisator.ch\/de\/marketing\/2025-04-15\/dentsu-unterzeichnet-als-erste-globale-agenturgruppe-den-eu-ki-pakt\/","title":{"rendered":"Dentsu unterzeichnet als erste globale Agenturgruppe den EU-KI-Pakt"},"content":{"rendered":"<p><a href=\"https:\/\/www.markt-kom.com\/wp-content\/uploads\/2025\/04\/Dentsu-Logo.jpg\"><img class=\"aligncenter size-full wp-image-233483\" src=\"https:\/\/www.markt-kom.com\/wp-content\/uploads\/2025\/04\/Dentsu-Logo.jpg\" sizes=\"(max-width: 1000px) 100vw, 1000px\" srcset=\"https:\/\/www.markt-kom.com\/wp-content\/uploads\/2025\/04\/Dentsu-Logo.jpg 1000w, https:\/\/www.markt-kom.com\/wp-content\/uploads\/2025\/04\/Dentsu-Logo-600x450.jpg 600w, https:\/\/www.markt-kom.com\/wp-content\/uploads\/2025\/04\/Dentsu-Logo-768x576.jpg 768w, https:\/\/www.markt-kom.com\/wp-content\/uploads\/2025\/04\/Dentsu-Logo-16x12.jpg 16w, https:\/\/www.markt-kom.com\/wp-content\/uploads\/2025\/04\/Dentsu-Logo-233x175.jpg 233w, https:\/\/www.markt-kom.com\/wp-content\/uploads\/2025\/04\/Dentsu-Logo-467x350.jpg 467w\" alt=\"\" width=\"1000\" height=\"750\" \/><\/a><\/p>\r\n<p>Die globale Agenturgruppe Dentsu hat als erste globale Marketing- und Werbeholding den EU-KI-Pakt unterzeichnet \u2013 eine freiwillige Initiative der Europ\u00e4ischen Kommission zur F\u00f6rderung eines verantwortungsvollen und transparenten Umgangs mit k\u00fcnstlicher Intelligenz. Mit diesem Schritt positioniert sich das Unternehmen nicht nur regulatorisch vorausschauend, sondern reagiert auch auf zunehmende Bedenken seitens werbetreibender Unternehmen, wie eine aktuelle Umfrage des Weltverbands der Werbetreibenden zeigt: 80 Prozent der befragten Markenunternehmen \u00e4usserten Vorbehalte gegen\u00fcber dem Einsatz generativer KI durch Agenturen.<\/p>\r\n<p>Der EU-KI-Pakt richtet sich an Unternehmen, die sich freiwillig an den Grundprinzipien des kommenden EU-Gesetzes zur k\u00fcnstlichen Intelligenz (AI-Act) ausrichten wollen. Die Schwerpunkte liegen auf Governance-Strukturen, der Risikobewertung von KI-Systemen und dem Kompetenzaufbau innerhalb der Organisationen.<\/p>\r\n<p>Dentsu verpflichtet sich im Rahmen des Pakts unter anderem zur Einf\u00fchrung unternehmensweiter Schulungen, zur Implementierung eines High-Risk-Mappings sowie zum Ausbau bestehender KI-Governance-Modelle.<\/p>\r\n<p>Die Umsetzung erfolgt auf Basis bestehender Kooperationen mit Technologiepartnern wie Microsoft, Adobe, AWS, Google und Salesforce. Im Rahmen von Prototyping-Initiativen und Hackathons hat Dentsu bereits \u00fcber 80 KI-basierte Produktl\u00f6sungen entwickelt. Ziel ist es, Gesch\u00e4ftsl\u00f6sungen zu schaffen, die sowohl markenwirksam als auch datenschutzkonform und ethisch vertretbar sind.<\/p>\r\n<p>Zudem treibt Dentsu das eigene KI-\u00d6kosystem mit der Unterst\u00fctzung von Start-ups wie Inworld, Fidder und VidMob voran. Mit Projekten wie GenStudio dentsu+ \u2013 einer Content-Workflow-L\u00f6sung mit Adobe \u2013 zeigt die Gruppe, wie sich Kreativprozesse durch KI effizient skalieren lassen.<\/p>\r\n<p>Andr\u00e9 Andrade, CEO von Dentsu EMEA, betont: \u00abDie Unterzeichnung des KI-Pakts der EU ist f\u00fcr uns eine Selbstverst\u00e4ndlichkeit. Bei Dentsu sehen wir KI als ein Werkzeug, um Kreativit\u00e4t und Effizienz zu steigern und bessere Ergebnisse f\u00fcr unsere Kunden zu erzielen. Mit unserem Engagement f\u00fcr die verantwortungsbewusste Nutzung von KI sind wir nicht nur den regulatorischen Anforderungen einen Schritt voraus, sondern erf\u00fcllen auch unser Versprechen, Innovationen zu liefern, die tats\u00e4chlich Wirkung entfalten.\u00bb<\/p>","protected":false},"excerpt":{"rendered":"<p>Als eigenen Angaben zufolge erste globale Agenturgruppe verpflichtet sich Dentsu mit dem Beitritt zum freiwilligen EU-KI-Pakt zu einem verantwortungsvollen Umgang mit k\u00fcnstlicher Intelligenz. Die Gruppe reagiert damit proaktiv auf regulatorische Entwicklungen und zunehmende Bedenken von Kund:innen gegen\u00fcber generativer KI.<\/p>\n","protected":false},"author":8,"featured_media":0,"comment_status":"closed","ping_status":"closed","sticky":false,"template":"","format":"standard","meta":{"_acf_changed":false,"_yoast_wpseo_focuskw":"EU-KI-Pakt","_yoast_wpseo_metadesc":"Als erste globale Agenturgruppe verpflichtet sich Dentsu mit dem Beitritt zum freiwilligen EU-KI-Pakt zu einem verantwortungsvollen Umgang mit KI.","articlekey":"","footnotes":""},"categories":[29],"tags":[4154,4345,3537,4351,319],"class_list":["post-37703","post","type-post","status-publish","format-standard","hentry","category-marketing","tag-ai-act","tag-business","tag-dentsu","tag-dexat","tag-kuenstliche-intelligenz"],"acf":[],"yoast_head":"<!-- This site is optimized with the Yoast SEO plugin v27.4 - https:\/\/yoast.com\/product\/yoast-seo-wordpress\/ -->\n<title>Dentsu unterzeichnet als erste globale Agenturgruppe den EU-KI-Pakt - Organisator<\/title>\n<meta name=\"description\" content=\"Als erste globale Agenturgruppe verpflichtet sich Dentsu mit dem Beitritt zum freiwilligen EU-KI-Pakt zu einem verantwortungsvollen Umgang mit KI.\" \/>\n<meta name=\"robots\" content=\"index, follow, max-snippet:-1, max-image-preview:large, max-video-preview:-1\" \/>\n<link rel=\"canonical\" href=\"https:\/\/www.organisator.ch\/de\/marketing\/2025-04-15\/dentsu-unterzeichnet-als-erste-globale-agenturgruppe-den-eu-ki-pakt\/\" \/>\n<meta property=\"og:locale\" content=\"de_DE\" \/>\n<meta property=\"og:type\" content=\"article\" \/>\n<meta property=\"og:title\" content=\"Dentsu unterzeichnet als erste globale Agenturgruppe den EU-KI-Pakt - Organisator\" \/>\n<meta property=\"og:description\" content=\"Als erste globale Agenturgruppe verpflichtet sich Dentsu mit dem Beitritt zum freiwilligen EU-KI-Pakt zu einem verantwortungsvollen Umgang mit KI.\" \/>\n<meta property=\"og:url\" content=\"https:\/\/www.organisator.ch\/de\/marketing\/2025-04-15\/dentsu-unterzeichnet-als-erste-globale-agenturgruppe-den-eu-ki-pakt\/\" \/>\n<meta property=\"og:site_name\" content=\"Organisator\" \/>\n<meta property=\"article:publisher\" content=\"https:\/\/www.facebook.com\/OrganisatorFachmagazin\" \/>\n<meta property=\"article:published_time\" content=\"2025-04-15T14:45:20+00:00\" \/>\n<meta property=\"article:modified_time\" content=\"2025-04-16T06:50:47+00:00\" \/>\n<meta name=\"author\" content=\"galledia\" \/>\n<meta name=\"twitter:card\" content=\"summary_large_image\" \/>\n<meta name=\"twitter:creator\" content=\"@admin\" \/>\n<script type=\"application\/ld+json\" class=\"yoast-schema-graph\">{\"@context\":\"https:\\\/\\\/schema.org\",\"@graph\":[{\"@type\":\"Article\",\"@id\":\"https:\\\/\\\/www.organisator.ch\\\/marketing\\\/2025-04-15\\\/dentsu-unterzeichnet-als-erste-globale-agenturgruppe-den-eu-ki-pakt\\\/#article\",\"isPartOf\":{\"@id\":\"https:\\\/\\\/www.organisator.ch\\\/marketing\\\/2025-04-15\\\/dentsu-unterzeichnet-als-erste-globale-agenturgruppe-den-eu-ki-pakt\\\/\"},\"author\":{\"name\":\"galledia\",\"@id\":\"https:\\\/\\\/www.organisator.ch\\\/#\\\/schema\\\/person\\\/4e51799071cd2dd1232ac003643ef5f0\"},\"headline\":\"Dentsu unterzeichnet als erste globale Agenturgruppe den EU-KI-Pakt\",\"datePublished\":\"2025-04-15T14:45:20+00:00\",\"dateModified\":\"2025-04-16T06:50:47+00:00\",\"mainEntityOfPage\":{\"@id\":\"https:\\\/\\\/www.organisator.ch\\\/marketing\\\/2025-04-15\\\/dentsu-unterzeichnet-als-erste-globale-agenturgruppe-den-eu-ki-pakt\\\/\"},\"wordCount\":310,\"publisher\":{\"@id\":\"https:\\\/\\\/www.organisator.ch\\\/#organization\"},\"image\":{\"@id\":\"https:\\\/\\\/www.organisator.ch\\\/marketing\\\/2025-04-15\\\/dentsu-unterzeichnet-als-erste-globale-agenturgruppe-den-eu-ki-pakt\\\/#primaryimage\"},\"thumbnailUrl\":\"https:\\\/\\\/www.markt-kom.com\\\/wp-content\\\/uploads\\\/2025\\\/04\\\/Dentsu-Logo.jpg\",\"keywords\":[\"AI Act\",\"Business\",\"Dentsu\",\"DExAT\",\"K\u00fcnstliche Intelligenz\"],\"articleSection\":[\"MARKETING\"],\"inLanguage\":\"de\"},{\"@type\":\"WebPage\",\"@id\":\"https:\\\/\\\/www.organisator.ch\\\/marketing\\\/2025-04-15\\\/dentsu-unterzeichnet-als-erste-globale-agenturgruppe-den-eu-ki-pakt\\\/\",\"url\":\"https:\\\/\\\/www.organisator.ch\\\/marketing\\\/2025-04-15\\\/dentsu-unterzeichnet-als-erste-globale-agenturgruppe-den-eu-ki-pakt\\\/\",\"name\":\"Dentsu unterzeichnet als erste globale Agenturgruppe den EU-KI-Pakt - Organisator\",\"isPartOf\":{\"@id\":\"https:\\\/\\\/www.organisator.ch\\\/#website\"},\"primaryImageOfPage\":{\"@id\":\"https:\\\/\\\/www.organisator.ch\\\/marketing\\\/2025-04-15\\\/dentsu-unterzeichnet-als-erste-globale-agenturgruppe-den-eu-ki-pakt\\\/#primaryimage\"},\"image\":{\"@id\":\"https:\\\/\\\/www.organisator.ch\\\/marketing\\\/2025-04-15\\\/dentsu-unterzeichnet-als-erste-globale-agenturgruppe-den-eu-ki-pakt\\\/#primaryimage\"},\"thumbnailUrl\":\"https:\\\/\\\/www.markt-kom.com\\\/wp-content\\\/uploads\\\/2025\\\/04\\\/Dentsu-Logo.jpg\",\"datePublished\":\"2025-04-15T14:45:20+00:00\",\"dateModified\":\"2025-04-16T06:50:47+00:00\",\"description\":\"Als erste globale Agenturgruppe verpflichtet sich Dentsu mit dem Beitritt zum freiwilligen EU-KI-Pakt zu einem verantwortungsvollen Umgang mit KI.\",\"breadcrumb\":{\"@id\":\"https:\\\/\\\/www.organisator.ch\\\/marketing\\\/2025-04-15\\\/dentsu-unterzeichnet-als-erste-globale-agenturgruppe-den-eu-ki-pakt\\\/#breadcrumb\"},\"inLanguage\":\"de\",\"potentialAction\":[{\"@type\":\"ReadAction\",\"target\":[\"https:\\\/\\\/www.organisator.ch\\\/marketing\\\/2025-04-15\\\/dentsu-unterzeichnet-als-erste-globale-agenturgruppe-den-eu-ki-pakt\\\/\"]}]},{\"@type\":\"ImageObject\",\"inLanguage\":\"de\",\"@id\":\"https:\\\/\\\/www.organisator.ch\\\/marketing\\\/2025-04-15\\\/dentsu-unterzeichnet-als-erste-globale-agenturgruppe-den-eu-ki-pakt\\\/#primaryimage\",\"url\":\"https:\\\/\\\/www.markt-kom.com\\\/wp-content\\\/uploads\\\/2025\\\/04\\\/Dentsu-Logo.jpg\",\"contentUrl\":\"https:\\\/\\\/www.markt-kom.com\\\/wp-content\\\/uploads\\\/2025\\\/04\\\/Dentsu-Logo.jpg\"},{\"@type\":\"BreadcrumbList\",\"@id\":\"https:\\\/\\\/www.organisator.ch\\\/marketing\\\/2025-04-15\\\/dentsu-unterzeichnet-als-erste-globale-agenturgruppe-den-eu-ki-pakt\\\/#breadcrumb\",\"itemListElement\":[{\"@type\":\"ListItem\",\"position\":1,\"name\":\"Home\",\"item\":\"https:\\\/\\\/www.organisator.ch\\\/\"},{\"@type\":\"ListItem\",\"position\":2,\"name\":\"Dentsu unterzeichnet als erste globale Agenturgruppe den EU-KI-Pakt\"}]},{\"@type\":\"WebSite\",\"@id\":\"https:\\\/\\\/www.organisator.ch\\\/#website\",\"url\":\"https:\\\/\\\/www.organisator.ch\\\/\",\"name\":\"Organisator\",\"description\":\"Kompetent. Praxisnah. Der ORGANISATOR bereitet in 10 Ausgaben pro Jahr die wesentlichen Themen f\u00fcr F\u00fchrungskr\u00e4fte von KMU auf.\",\"publisher\":{\"@id\":\"https:\\\/\\\/www.organisator.ch\\\/#organization\"},\"potentialAction\":[{\"@type\":\"SearchAction\",\"target\":{\"@type\":\"EntryPoint\",\"urlTemplate\":\"https:\\\/\\\/www.organisator.ch\\\/?s={search_term_string}\"},\"query-input\":{\"@type\":\"PropertyValueSpecification\",\"valueRequired\":true,\"valueName\":\"search_term_string\"}}],\"inLanguage\":\"de\"},{\"@type\":\"Organization\",\"@id\":\"https:\\\/\\\/www.organisator.ch\\\/#organization\",\"name\":\"Organisator\",\"url\":\"https:\\\/\\\/www.organisator.ch\\\/\",\"logo\":{\"@type\":\"ImageObject\",\"inLanguage\":\"de\",\"@id\":\"https:\\\/\\\/www.organisator.ch\\\/#\\\/schema\\\/logo\\\/image\\\/\",\"url\":\"https:\\\/\\\/www.organisator.ch\\\/wp-content\\\/uploads\\\/2022\\\/01\\\/Logo_Organisator_Website.png\",\"contentUrl\":\"https:\\\/\\\/www.organisator.ch\\\/wp-content\\\/uploads\\\/2022\\\/01\\\/Logo_Organisator_Website.png\",\"width\":800,\"height\":77,\"caption\":\"Organisator\"},\"image\":{\"@id\":\"https:\\\/\\\/www.organisator.ch\\\/#\\\/schema\\\/logo\\\/image\\\/\"},\"sameAs\":[\"https:\\\/\\\/www.facebook.com\\\/OrganisatorFachmagazin\",\"https:\\\/\\\/www.linkedin.com\\\/showcase\\\/organisator-das-magazin-fr-kmu\",\"https:\\\/\\\/www.xing.com\\\/news\\\/pages\\\/organisator-ch-695\",\"https:\\\/\\\/www.youtube.com\\\/channel\\\/UCGP2Sq0iWaZwT3BdIAQFYpw\"]},{\"@type\":\"Person\",\"@id\":\"https:\\\/\\\/www.organisator.ch\\\/#\\\/schema\\\/person\\\/4e51799071cd2dd1232ac003643ef5f0\",\"name\":\"galledia\",\"image\":{\"@type\":\"ImageObject\",\"inLanguage\":\"de\",\"@id\":\"https:\\\/\\\/secure.gravatar.com\\\/avatar\\\/78a7f90c01fc2bfc875782a0d4922b37cde2cf184ce347b91316d23cd7f69a36?s=96&d=mm&r=g\",\"url\":\"https:\\\/\\\/secure.gravatar.com\\\/avatar\\\/78a7f90c01fc2bfc875782a0d4922b37cde2cf184ce347b91316d23cd7f69a36?s=96&d=mm&r=g\",\"contentUrl\":\"https:\\\/\\\/secure.gravatar.com\\\/avatar\\\/78a7f90c01fc2bfc875782a0d4922b37cde2cf184ce347b91316d23cd7f69a36?s=96&d=mm&r=g\",\"caption\":\"galledia\"},\"sameAs\":[\"https:\\\/\\\/x.com\\\/admin\"],\"url\":\"https:\\\/\\\/www.organisator.ch\\\/de\\\/author\\\/galledia\\\/\"}]}<\/script>\n<!-- \/ Yoast SEO plugin. -->","yoast_head_json":{"title":"Dentsu unterzeichnet als erste globale Agenturgruppe den EU-KI-Pakt - Organisator","description":"Als erste globale Agenturgruppe verpflichtet sich Dentsu mit dem Beitritt zum freiwilligen EU-KI-Pakt zu einem verantwortungsvollen Umgang mit KI.","robots":{"index":"index","follow":"follow","max-snippet":"max-snippet:-1","max-image-preview":"max-image-preview:large","max-video-preview":"max-video-preview:-1"},"canonical":"https:\/\/www.organisator.ch\/de\/marketing\/2025-04-15\/dentsu-unterzeichnet-als-erste-globale-agenturgruppe-den-eu-ki-pakt\/","og_locale":"de_DE","og_type":"article","og_title":"Dentsu unterzeichnet als erste globale Agenturgruppe den EU-KI-Pakt - Organisator","og_description":"Als erste globale Agenturgruppe verpflichtet sich Dentsu mit dem Beitritt zum freiwilligen EU-KI-Pakt zu einem verantwortungsvollen Umgang mit KI.","og_url":"https:\/\/www.organisator.ch\/de\/marketing\/2025-04-15\/dentsu-unterzeichnet-als-erste-globale-agenturgruppe-den-eu-ki-pakt\/","og_site_name":"Organisator","article_publisher":"https:\/\/www.facebook.com\/OrganisatorFachmagazin","article_published_time":"2025-04-15T14:45:20+00:00","article_modified_time":"2025-04-16T06:50:47+00:00","author":"galledia","twitter_card":"summary_large_image","twitter_creator":"@admin","schema":{"@context":"https:\/\/schema.org","@graph":[{"@type":"Article","@id":"https:\/\/www.organisator.ch\/marketing\/2025-04-15\/dentsu-unterzeichnet-als-erste-globale-agenturgruppe-den-eu-ki-pakt\/#article","isPartOf":{"@id":"https:\/\/www.organisator.ch\/marketing\/2025-04-15\/dentsu-unterzeichnet-als-erste-globale-agenturgruppe-den-eu-ki-pakt\/"},"author":{"name":"galledia","@id":"https:\/\/www.organisator.ch\/#\/schema\/person\/4e51799071cd2dd1232ac003643ef5f0"},"headline":"Dentsu unterzeichnet als erste globale Agenturgruppe den EU-KI-Pakt","datePublished":"2025-04-15T14:45:20+00:00","dateModified":"2025-04-16T06:50:47+00:00","mainEntityOfPage":{"@id":"https:\/\/www.organisator.ch\/marketing\/2025-04-15\/dentsu-unterzeichnet-als-erste-globale-agenturgruppe-den-eu-ki-pakt\/"},"wordCount":310,"publisher":{"@id":"https:\/\/www.organisator.ch\/#organization"},"image":{"@id":"https:\/\/www.organisator.ch\/marketing\/2025-04-15\/dentsu-unterzeichnet-als-erste-globale-agenturgruppe-den-eu-ki-pakt\/#primaryimage"},"thumbnailUrl":"https:\/\/www.markt-kom.com\/wp-content\/uploads\/2025\/04\/Dentsu-Logo.jpg","keywords":["AI Act","Business","Dentsu","DExAT","K\u00fcnstliche Intelligenz"],"articleSection":["MARKETING"],"inLanguage":"de"},{"@type":"WebPage","@id":"https:\/\/www.organisator.ch\/marketing\/2025-04-15\/dentsu-unterzeichnet-als-erste-globale-agenturgruppe-den-eu-ki-pakt\/","url":"https:\/\/www.organisator.ch\/marketing\/2025-04-15\/dentsu-unterzeichnet-als-erste-globale-agenturgruppe-den-eu-ki-pakt\/","name":"Dentsu unterzeichnet als erste globale Agenturgruppe den EU-KI-Pakt - Organisator","isPartOf":{"@id":"https:\/\/www.organisator.ch\/#website"},"primaryImageOfPage":{"@id":"https:\/\/www.organisator.ch\/marketing\/2025-04-15\/dentsu-unterzeichnet-als-erste-globale-agenturgruppe-den-eu-ki-pakt\/#primaryimage"},"image":{"@id":"https:\/\/www.organisator.ch\/marketing\/2025-04-15\/dentsu-unterzeichnet-als-erste-globale-agenturgruppe-den-eu-ki-pakt\/#primaryimage"},"thumbnailUrl":"https:\/\/www.markt-kom.com\/wp-content\/uploads\/2025\/04\/Dentsu-Logo.jpg","datePublished":"2025-04-15T14:45:20+00:00","dateModified":"2025-04-16T06:50:47+00:00","description":"Als erste globale Agenturgruppe verpflichtet sich Dentsu mit dem Beitritt zum freiwilligen EU-KI-Pakt zu einem verantwortungsvollen Umgang mit KI.","breadcrumb":{"@id":"https:\/\/www.organisator.ch\/marketing\/2025-04-15\/dentsu-unterzeichnet-als-erste-globale-agenturgruppe-den-eu-ki-pakt\/#breadcrumb"},"inLanguage":"de","potentialAction":[{"@type":"ReadAction","target":["https:\/\/www.organisator.ch\/marketing\/2025-04-15\/dentsu-unterzeichnet-als-erste-globale-agenturgruppe-den-eu-ki-pakt\/"]}]},{"@type":"ImageObject","inLanguage":"de","@id":"https:\/\/www.organisator.ch\/marketing\/2025-04-15\/dentsu-unterzeichnet-als-erste-globale-agenturgruppe-den-eu-ki-pakt\/#primaryimage","url":"https:\/\/www.markt-kom.com\/wp-content\/uploads\/2025\/04\/Dentsu-Logo.jpg","contentUrl":"https:\/\/www.markt-kom.com\/wp-content\/uploads\/2025\/04\/Dentsu-Logo.jpg"},{"@type":"BreadcrumbList","@id":"https:\/\/www.organisator.ch\/marketing\/2025-04-15\/dentsu-unterzeichnet-als-erste-globale-agenturgruppe-den-eu-ki-pakt\/#breadcrumb","itemListElement":[{"@type":"ListItem","position":1,"name":"Home","item":"https:\/\/www.organisator.ch\/"},{"@type":"ListItem","position":2,"name":"Dentsu unterzeichnet als erste globale Agenturgruppe den EU-KI-Pakt"}]},{"@type":"WebSite","@id":"https:\/\/www.organisator.ch\/#website","url":"https:\/\/www.organisator.ch\/","name":"Organisator","description":"Kompetent. Praxisnah. Der ORGANISATOR bereitet in 10 Ausgaben pro Jahr die wesentlichen Themen f\u00fcr F\u00fchrungskr\u00e4fte von KMU auf.","publisher":{"@id":"https:\/\/www.organisator.ch\/#organization"},"potentialAction":[{"@type":"SearchAction","target":{"@type":"EntryPoint","urlTemplate":"https:\/\/www.organisator.ch\/?s={search_term_string}"},"query-input":{"@type":"PropertyValueSpecification","valueRequired":true,"valueName":"search_term_string"}}],"inLanguage":"de"},{"@type":"Organization","@id":"https:\/\/www.organisator.ch\/#organization","name":"Organisator","url":"https:\/\/www.organisator.ch\/","logo":{"@type":"ImageObject","inLanguage":"de","@id":"https:\/\/www.organisator.ch\/#\/schema\/logo\/image\/","url":"https:\/\/www.organisator.ch\/wp-content\/uploads\/2022\/01\/Logo_Organisator_Website.png","contentUrl":"https:\/\/www.organisator.ch\/wp-content\/uploads\/2022\/01\/Logo_Organisator_Website.png","width":800,"height":77,"caption":"Organisator"},"image":{"@id":"https:\/\/www.organisator.ch\/#\/schema\/logo\/image\/"},"sameAs":["https:\/\/www.facebook.com\/OrganisatorFachmagazin","https:\/\/www.linkedin.com\/showcase\/organisator-das-magazin-fr-kmu","https:\/\/www.xing.com\/news\/pages\/organisator-ch-695","https:\/\/www.youtube.com\/channel\/UCGP2Sq0iWaZwT3BdIAQFYpw"]},{"@type":"Person","@id":"https:\/\/www.organisator.ch\/#\/schema\/person\/4e51799071cd2dd1232ac003643ef5f0","name":"galledia","image":{"@type":"ImageObject","inLanguage":"de","@id":"https:\/\/secure.gravatar.com\/avatar\/78a7f90c01fc2bfc875782a0d4922b37cde2cf184ce347b91316d23cd7f69a36?s=96&d=mm&r=g","url":"https:\/\/secure.gravatar.com\/avatar\/78a7f90c01fc2bfc875782a0d4922b37cde2cf184ce347b91316d23cd7f69a36?s=96&d=mm&r=g","contentUrl":"https:\/\/secure.gravatar.com\/avatar\/78a7f90c01fc2bfc875782a0d4922b37cde2cf184ce347b91316d23cd7f69a36?s=96&d=mm&r=g","caption":"galledia"},"sameAs":["https:\/\/x.com\/admin"],"url":"https:\/\/www.organisator.ch\/de\/author\/galledia\/"}]}},"_links":{"self":[{"href":"https:\/\/www.organisator.ch\/de\/wp-json\/wp\/v2\/posts\/37703","targetHints":{"allow":["GET"]}}],"collection":[{"href":"https:\/\/www.organisator.ch\/de\/wp-json\/wp\/v2\/posts"}],"about":[{"href":"https:\/\/www.organisator.ch\/de\/wp-json\/wp\/v2\/types\/post"}],"author":[{"embeddable":true,"href":"https:\/\/www.organisator.ch\/de\/wp-json\/wp\/v2\/users\/8"}],"replies":[{"embeddable":true,"href":"https:\/\/www.organisator.ch\/de\/wp-json\/wp\/v2\/comments?post=37703"}],"version-history":[{"count":5,"href":"https:\/\/www.organisator.ch\/de\/wp-json\/wp\/v2\/posts\/37703\/revisions"}],"predecessor-version":[{"id":37722,"href":"https:\/\/www.organisator.ch\/de\/wp-json\/wp\/v2\/posts\/37703\/revisions\/37722"}],"wp:attachment":[{"href":"https:\/\/www.organisator.ch\/de\/wp-json\/wp\/v2\/media?parent=37703"}],"wp:term":[{"taxonomy":"category","embeddable":true,"href":"https:\/\/www.organisator.ch\/de\/wp-json\/wp\/v2\/categories?post=37703"},{"taxonomy":"post_tag","embeddable":true,"href":"https:\/\/www.organisator.ch\/de\/wp-json\/wp\/v2\/tags?post=37703"}],"curies":[{"name":"wp","href":"https:\/\/api.w.org\/{rel}","templated":true}]}}