{"id":37705,"date":"2025-04-15T15:29:17","date_gmt":"2025-04-15T13:29:17","guid":{"rendered":"https:\/\/www.markt-kom.com\/?p=233467"},"modified":"2025-04-16T08:48:51","modified_gmt":"2025-04-16T06:48:51","slug":"sandro-tschuor-wird-senior-director-brand-marcoms-bei-sunrise","status":"publish","type":"post","link":"https:\/\/www.organisator.ch\/de\/marketing\/2025-04-15\/sandro-tschuor-wird-senior-director-brand-marcoms-bei-sunrise\/","title":{"rendered":"Sandro Tschuor wird Senior Director Brand &amp; MarComs bei Sunrise"},"content":{"rendered":"<figure id=\"attachment_233468\" class=\"wp-caption aligncenter\" style=\"width: 1200px;\" aria-describedby=\"caption-attachment-233468\"><a href=\"https:\/\/www.markt-kom.com\/wp-content\/uploads\/2025\/04\/Sandro-Tschuor-Sunrise.jpg\"><img class=\"size-full wp-image-233468\" src=\"https:\/\/www.markt-kom.com\/wp-content\/uploads\/2025\/04\/Sandro-Tschuor-Sunrise.jpg\" sizes=\"(max-width: 1200px) 100vw, 1200px\" srcset=\"https:\/\/www.markt-kom.com\/wp-content\/uploads\/2025\/04\/Sandro-Tschuor-Sunrise.jpg 1200w, https:\/\/www.markt-kom.com\/wp-content\/uploads\/2025\/04\/Sandro-Tschuor-Sunrise-600x450.jpg 600w, https:\/\/www.markt-kom.com\/wp-content\/uploads\/2025\/04\/Sandro-Tschuor-Sunrise-1024x767.jpg 1024w, https:\/\/www.markt-kom.com\/wp-content\/uploads\/2025\/04\/Sandro-Tschuor-Sunrise-768x575.jpg 768w, https:\/\/www.markt-kom.com\/wp-content\/uploads\/2025\/04\/Sandro-Tschuor-Sunrise-16x12.jpg 16w, https:\/\/www.markt-kom.com\/wp-content\/uploads\/2025\/04\/Sandro-Tschuor-Sunrise-234x175.jpg 234w, https:\/\/www.markt-kom.com\/wp-content\/uploads\/2025\/04\/Sandro-Tschuor-Sunrise-467x350.jpg 467w, https:\/\/www.markt-kom.com\/wp-content\/uploads\/2025\/04\/Sandro-Tschuor-Sunrise-1000x749.jpg 1000w\" alt=\"\" width=\"1200\" height=\"899\" \/><\/a>\r\n<figcaption id=\"caption-attachment-233468\" class=\"wp-caption-text\">(Bild: zVg.)<\/figcaption>\r\n<\/figure>\r\n<p>Mit Sandro Tschuor \u00fcbernimmt bei Sunrise eine profilierte F\u00fchrungspers\u00f6nlichkeit mit breiter Erfahrung in Branding, Kampagnen und Sponsoring. Er folgt auf Andreas C. Caluori und wird in seiner neuen Position insbesondere die Wirkungssteigerung der Werbestratgie vorantreiben, das Treueprogramm \u00abSunrise Moments\u00bb st\u00e4rken und Partnerschaften intensivieren, heisst es in einer Medieninformation.<\/p>\r\n<p>Der 45-J\u00e4hrige bringt langj\u00e4hrige Erfahrung auf Agenturseite mit, zuletzt als Chief Client Officer bei Ingo und Client Lead f\u00fcr die Migros Fachm\u00e4rkte im WPP-Netzwerk. Parallel zur Agenturt\u00e4tigkeit war Tschuor auch als Eishockeyexperte bei MySports t\u00e4tig und blickt auf eine Karriere als Profi-Eishockeyspieler zur\u00fcck.<\/p>\r\n<p>Neben seiner beruflichen Laufbahn engagiert sich Tschuor unter anderem auch als Pr\u00e4sident der EMBA Alumni-Organisation der Universit\u00e4t Z\u00fcrich.<\/p>","protected":false},"excerpt":{"rendered":"<p>Sunrise hat Sandro Tschuor per Anfang April 2025 als neuen Senior Director f\u00fcr Brand &amp; Marketing Communications verpflichtet. Zuvor war er als Chief Client Officer bei Ingo t\u00e4tig.<\/p>\n","protected":false},"author":8,"featured_media":0,"comment_status":"closed","ping_status":"closed","sticky":false,"template":"","format":"standard","meta":{"_acf_changed":false,"_yoast_wpseo_focuskw":"Sandro Tschuor","_yoast_wpseo_metadesc":"Sunrise hat Sandro Tschuor per Anfang April 2025 als neuen Senior Director f\u00fcr Brand & Marketing Communications verpflichtet.","articlekey":"","footnotes":""},"categories":[29],"tags":[4345,4506,2853,2872],"class_list":["post-37705","post","type-post","status-publish","format-standard","hentry","category-marketing","tag-business","tag-ingo","tag-jobchange","tag-sunrise"],"acf":[],"yoast_head":"<!-- This site is optimized with the Yoast SEO plugin v27.5 - https:\/\/yoast.com\/product\/yoast-seo-wordpress\/ -->\n<title>Sandro Tschuor wird Senior Director Brand &amp; MarComs bei Sunrise - Organisator<\/title>\n<meta name=\"description\" content=\"Sunrise hat Sandro Tschuor per Anfang April 2025 als neuen Senior Director f\u00fcr Brand &amp; Marketing Communications verpflichtet.\" \/>\n<meta name=\"robots\" content=\"index, follow, max-snippet:-1, max-image-preview:large, max-video-preview:-1\" \/>\n<link rel=\"canonical\" href=\"https:\/\/www.organisator.ch\/de\/marketing\/2025-04-15\/sandro-tschuor-wird-senior-director-brand-marcoms-bei-sunrise\/\" \/>\n<meta property=\"og:locale\" content=\"de_DE\" \/>\n<meta property=\"og:type\" content=\"article\" \/>\n<meta property=\"og:title\" content=\"Sandro Tschuor wird Senior Director Brand &amp; MarComs bei Sunrise - Organisator\" \/>\n<meta property=\"og:description\" content=\"Sunrise hat Sandro Tschuor per Anfang April 2025 als neuen Senior Director f\u00fcr Brand &amp; Marketing Communications verpflichtet.\" \/>\n<meta property=\"og:url\" content=\"https:\/\/www.organisator.ch\/de\/marketing\/2025-04-15\/sandro-tschuor-wird-senior-director-brand-marcoms-bei-sunrise\/\" \/>\n<meta property=\"og:site_name\" content=\"Organisator\" \/>\n<meta property=\"article:publisher\" content=\"https:\/\/www.facebook.com\/OrganisatorFachmagazin\" \/>\n<meta property=\"article:published_time\" content=\"2025-04-15T13:29:17+00:00\" \/>\n<meta property=\"article:modified_time\" content=\"2025-04-16T06:48:51+00:00\" \/>\n<meta name=\"author\" content=\"galledia\" \/>\n<meta name=\"twitter:card\" content=\"summary_large_image\" \/>\n<meta name=\"twitter:creator\" content=\"@admin\" \/>\n<script type=\"application\/ld+json\" class=\"yoast-schema-graph\">{\"@context\":\"https:\\\/\\\/schema.org\",\"@graph\":[{\"@type\":\"Article\",\"@id\":\"https:\\\/\\\/www.organisator.ch\\\/marketing\\\/2025-04-15\\\/sandro-tschuor-wird-senior-director-brand-marcoms-bei-sunrise\\\/#article\",\"isPartOf\":{\"@id\":\"https:\\\/\\\/www.organisator.ch\\\/marketing\\\/2025-04-15\\\/sandro-tschuor-wird-senior-director-brand-marcoms-bei-sunrise\\\/\"},\"author\":{\"name\":\"galledia\",\"@id\":\"https:\\\/\\\/www.organisator.ch\\\/#\\\/schema\\\/person\\\/4e51799071cd2dd1232ac003643ef5f0\"},\"headline\":\"Sandro Tschuor wird Senior Director Brand &amp; MarComs bei Sunrise\",\"datePublished\":\"2025-04-15T13:29:17+00:00\",\"dateModified\":\"2025-04-16T06:48:51+00:00\",\"mainEntityOfPage\":{\"@id\":\"https:\\\/\\\/www.organisator.ch\\\/marketing\\\/2025-04-15\\\/sandro-tschuor-wird-senior-director-brand-marcoms-bei-sunrise\\\/\"},\"wordCount\":134,\"publisher\":{\"@id\":\"https:\\\/\\\/www.organisator.ch\\\/#organization\"},\"image\":{\"@id\":\"https:\\\/\\\/www.organisator.ch\\\/marketing\\\/2025-04-15\\\/sandro-tschuor-wird-senior-director-brand-marcoms-bei-sunrise\\\/#primaryimage\"},\"thumbnailUrl\":\"https:\\\/\\\/www.markt-kom.com\\\/wp-content\\\/uploads\\\/2025\\\/04\\\/Sandro-Tschuor-Sunrise.jpg\",\"keywords\":[\"Business\",\"Ingo\",\"Jobchange\",\"Sunrise\"],\"articleSection\":[\"MARKETING\"],\"inLanguage\":\"de\"},{\"@type\":\"WebPage\",\"@id\":\"https:\\\/\\\/www.organisator.ch\\\/marketing\\\/2025-04-15\\\/sandro-tschuor-wird-senior-director-brand-marcoms-bei-sunrise\\\/\",\"url\":\"https:\\\/\\\/www.organisator.ch\\\/marketing\\\/2025-04-15\\\/sandro-tschuor-wird-senior-director-brand-marcoms-bei-sunrise\\\/\",\"name\":\"Sandro Tschuor wird Senior Director Brand &amp; MarComs bei Sunrise - Organisator\",\"isPartOf\":{\"@id\":\"https:\\\/\\\/www.organisator.ch\\\/#website\"},\"primaryImageOfPage\":{\"@id\":\"https:\\\/\\\/www.organisator.ch\\\/marketing\\\/2025-04-15\\\/sandro-tschuor-wird-senior-director-brand-marcoms-bei-sunrise\\\/#primaryimage\"},\"image\":{\"@id\":\"https:\\\/\\\/www.organisator.ch\\\/marketing\\\/2025-04-15\\\/sandro-tschuor-wird-senior-director-brand-marcoms-bei-sunrise\\\/#primaryimage\"},\"thumbnailUrl\":\"https:\\\/\\\/www.markt-kom.com\\\/wp-content\\\/uploads\\\/2025\\\/04\\\/Sandro-Tschuor-Sunrise.jpg\",\"datePublished\":\"2025-04-15T13:29:17+00:00\",\"dateModified\":\"2025-04-16T06:48:51+00:00\",\"description\":\"Sunrise hat Sandro Tschuor per Anfang April 2025 als neuen Senior Director f\u00fcr Brand & Marketing Communications verpflichtet.\",\"breadcrumb\":{\"@id\":\"https:\\\/\\\/www.organisator.ch\\\/marketing\\\/2025-04-15\\\/sandro-tschuor-wird-senior-director-brand-marcoms-bei-sunrise\\\/#breadcrumb\"},\"inLanguage\":\"de\",\"potentialAction\":[{\"@type\":\"ReadAction\",\"target\":[\"https:\\\/\\\/www.organisator.ch\\\/marketing\\\/2025-04-15\\\/sandro-tschuor-wird-senior-director-brand-marcoms-bei-sunrise\\\/\"]}]},{\"@type\":\"ImageObject\",\"inLanguage\":\"de\",\"@id\":\"https:\\\/\\\/www.organisator.ch\\\/marketing\\\/2025-04-15\\\/sandro-tschuor-wird-senior-director-brand-marcoms-bei-sunrise\\\/#primaryimage\",\"url\":\"https:\\\/\\\/www.markt-kom.com\\\/wp-content\\\/uploads\\\/2025\\\/04\\\/Sandro-Tschuor-Sunrise.jpg\",\"contentUrl\":\"https:\\\/\\\/www.markt-kom.com\\\/wp-content\\\/uploads\\\/2025\\\/04\\\/Sandro-Tschuor-Sunrise.jpg\"},{\"@type\":\"BreadcrumbList\",\"@id\":\"https:\\\/\\\/www.organisator.ch\\\/marketing\\\/2025-04-15\\\/sandro-tschuor-wird-senior-director-brand-marcoms-bei-sunrise\\\/#breadcrumb\",\"itemListElement\":[{\"@type\":\"ListItem\",\"position\":1,\"name\":\"Home\",\"item\":\"https:\\\/\\\/www.organisator.ch\\\/\"},{\"@type\":\"ListItem\",\"position\":2,\"name\":\"Sandro Tschuor wird Senior Director Brand &amp; MarComs bei Sunrise\"}]},{\"@type\":\"WebSite\",\"@id\":\"https:\\\/\\\/www.organisator.ch\\\/#website\",\"url\":\"https:\\\/\\\/www.organisator.ch\\\/\",\"name\":\"Organisator\",\"description\":\"Kompetent. Praxisnah. Der ORGANISATOR bereitet in 10 Ausgaben pro Jahr die wesentlichen Themen f\u00fcr F\u00fchrungskr\u00e4fte von KMU auf.\",\"publisher\":{\"@id\":\"https:\\\/\\\/www.organisator.ch\\\/#organization\"},\"potentialAction\":[{\"@type\":\"SearchAction\",\"target\":{\"@type\":\"EntryPoint\",\"urlTemplate\":\"https:\\\/\\\/www.organisator.ch\\\/?s={search_term_string}\"},\"query-input\":{\"@type\":\"PropertyValueSpecification\",\"valueRequired\":true,\"valueName\":\"search_term_string\"}}],\"inLanguage\":\"de\"},{\"@type\":\"Organization\",\"@id\":\"https:\\\/\\\/www.organisator.ch\\\/#organization\",\"name\":\"Organisator\",\"url\":\"https:\\\/\\\/www.organisator.ch\\\/\",\"logo\":{\"@type\":\"ImageObject\",\"inLanguage\":\"de\",\"@id\":\"https:\\\/\\\/www.organisator.ch\\\/#\\\/schema\\\/logo\\\/image\\\/\",\"url\":\"https:\\\/\\\/www.organisator.ch\\\/wp-content\\\/uploads\\\/2022\\\/01\\\/Logo_Organisator_Website.png\",\"contentUrl\":\"https:\\\/\\\/www.organisator.ch\\\/wp-content\\\/uploads\\\/2022\\\/01\\\/Logo_Organisator_Website.png\",\"width\":800,\"height\":77,\"caption\":\"Organisator\"},\"image\":{\"@id\":\"https:\\\/\\\/www.organisator.ch\\\/#\\\/schema\\\/logo\\\/image\\\/\"},\"sameAs\":[\"https:\\\/\\\/www.facebook.com\\\/OrganisatorFachmagazin\",\"https:\\\/\\\/www.linkedin.com\\\/showcase\\\/organisator-das-magazin-fr-kmu\",\"https:\\\/\\\/www.xing.com\\\/news\\\/pages\\\/organisator-ch-695\",\"https:\\\/\\\/www.youtube.com\\\/channel\\\/UCGP2Sq0iWaZwT3BdIAQFYpw\"]},{\"@type\":\"Person\",\"@id\":\"https:\\\/\\\/www.organisator.ch\\\/#\\\/schema\\\/person\\\/4e51799071cd2dd1232ac003643ef5f0\",\"name\":\"galledia\",\"image\":{\"@type\":\"ImageObject\",\"inLanguage\":\"de\",\"@id\":\"https:\\\/\\\/secure.gravatar.com\\\/avatar\\\/78a7f90c01fc2bfc875782a0d4922b37cde2cf184ce347b91316d23cd7f69a36?s=96&d=mm&r=g\",\"url\":\"https:\\\/\\\/secure.gravatar.com\\\/avatar\\\/78a7f90c01fc2bfc875782a0d4922b37cde2cf184ce347b91316d23cd7f69a36?s=96&d=mm&r=g\",\"contentUrl\":\"https:\\\/\\\/secure.gravatar.com\\\/avatar\\\/78a7f90c01fc2bfc875782a0d4922b37cde2cf184ce347b91316d23cd7f69a36?s=96&d=mm&r=g\",\"caption\":\"galledia\"},\"sameAs\":[\"https:\\\/\\\/x.com\\\/admin\"],\"url\":\"https:\\\/\\\/www.organisator.ch\\\/de\\\/author\\\/galledia\\\/\"}]}<\/script>\n<!-- \/ Yoast SEO plugin. -->","yoast_head_json":{"title":"Sandro Tschuor wird Senior Director Brand &amp; MarComs bei Sunrise - Organisator","description":"Sunrise hat Sandro Tschuor per Anfang April 2025 als neuen Senior Director f\u00fcr Brand & Marketing Communications verpflichtet.","robots":{"index":"index","follow":"follow","max-snippet":"max-snippet:-1","max-image-preview":"max-image-preview:large","max-video-preview":"max-video-preview:-1"},"canonical":"https:\/\/www.organisator.ch\/de\/marketing\/2025-04-15\/sandro-tschuor-wird-senior-director-brand-marcoms-bei-sunrise\/","og_locale":"de_DE","og_type":"article","og_title":"Sandro Tschuor wird Senior Director Brand &amp; MarComs bei Sunrise - Organisator","og_description":"Sunrise hat Sandro Tschuor per Anfang April 2025 als neuen Senior Director f\u00fcr Brand & Marketing Communications verpflichtet.","og_url":"https:\/\/www.organisator.ch\/de\/marketing\/2025-04-15\/sandro-tschuor-wird-senior-director-brand-marcoms-bei-sunrise\/","og_site_name":"Organisator","article_publisher":"https:\/\/www.facebook.com\/OrganisatorFachmagazin","article_published_time":"2025-04-15T13:29:17+00:00","article_modified_time":"2025-04-16T06:48:51+00:00","author":"galledia","twitter_card":"summary_large_image","twitter_creator":"@admin","schema":{"@context":"https:\/\/schema.org","@graph":[{"@type":"Article","@id":"https:\/\/www.organisator.ch\/marketing\/2025-04-15\/sandro-tschuor-wird-senior-director-brand-marcoms-bei-sunrise\/#article","isPartOf":{"@id":"https:\/\/www.organisator.ch\/marketing\/2025-04-15\/sandro-tschuor-wird-senior-director-brand-marcoms-bei-sunrise\/"},"author":{"name":"galledia","@id":"https:\/\/www.organisator.ch\/#\/schema\/person\/4e51799071cd2dd1232ac003643ef5f0"},"headline":"Sandro Tschuor wird Senior Director Brand &amp; MarComs bei Sunrise","datePublished":"2025-04-15T13:29:17+00:00","dateModified":"2025-04-16T06:48:51+00:00","mainEntityOfPage":{"@id":"https:\/\/www.organisator.ch\/marketing\/2025-04-15\/sandro-tschuor-wird-senior-director-brand-marcoms-bei-sunrise\/"},"wordCount":134,"publisher":{"@id":"https:\/\/www.organisator.ch\/#organization"},"image":{"@id":"https:\/\/www.organisator.ch\/marketing\/2025-04-15\/sandro-tschuor-wird-senior-director-brand-marcoms-bei-sunrise\/#primaryimage"},"thumbnailUrl":"https:\/\/www.markt-kom.com\/wp-content\/uploads\/2025\/04\/Sandro-Tschuor-Sunrise.jpg","keywords":["Business","Ingo","Jobchange","Sunrise"],"articleSection":["MARKETING"],"inLanguage":"de"},{"@type":"WebPage","@id":"https:\/\/www.organisator.ch\/marketing\/2025-04-15\/sandro-tschuor-wird-senior-director-brand-marcoms-bei-sunrise\/","url":"https:\/\/www.organisator.ch\/marketing\/2025-04-15\/sandro-tschuor-wird-senior-director-brand-marcoms-bei-sunrise\/","name":"Sandro Tschuor wird Senior Director Brand &amp; MarComs bei Sunrise - Organisator","isPartOf":{"@id":"https:\/\/www.organisator.ch\/#website"},"primaryImageOfPage":{"@id":"https:\/\/www.organisator.ch\/marketing\/2025-04-15\/sandro-tschuor-wird-senior-director-brand-marcoms-bei-sunrise\/#primaryimage"},"image":{"@id":"https:\/\/www.organisator.ch\/marketing\/2025-04-15\/sandro-tschuor-wird-senior-director-brand-marcoms-bei-sunrise\/#primaryimage"},"thumbnailUrl":"https:\/\/www.markt-kom.com\/wp-content\/uploads\/2025\/04\/Sandro-Tschuor-Sunrise.jpg","datePublished":"2025-04-15T13:29:17+00:00","dateModified":"2025-04-16T06:48:51+00:00","description":"Sunrise hat Sandro Tschuor per Anfang April 2025 als neuen Senior Director f\u00fcr Brand & Marketing Communications verpflichtet.","breadcrumb":{"@id":"https:\/\/www.organisator.ch\/marketing\/2025-04-15\/sandro-tschuor-wird-senior-director-brand-marcoms-bei-sunrise\/#breadcrumb"},"inLanguage":"de","potentialAction":[{"@type":"ReadAction","target":["https:\/\/www.organisator.ch\/marketing\/2025-04-15\/sandro-tschuor-wird-senior-director-brand-marcoms-bei-sunrise\/"]}]},{"@type":"ImageObject","inLanguage":"de","@id":"https:\/\/www.organisator.ch\/marketing\/2025-04-15\/sandro-tschuor-wird-senior-director-brand-marcoms-bei-sunrise\/#primaryimage","url":"https:\/\/www.markt-kom.com\/wp-content\/uploads\/2025\/04\/Sandro-Tschuor-Sunrise.jpg","contentUrl":"https:\/\/www.markt-kom.com\/wp-content\/uploads\/2025\/04\/Sandro-Tschuor-Sunrise.jpg"},{"@type":"BreadcrumbList","@id":"https:\/\/www.organisator.ch\/marketing\/2025-04-15\/sandro-tschuor-wird-senior-director-brand-marcoms-bei-sunrise\/#breadcrumb","itemListElement":[{"@type":"ListItem","position":1,"name":"Home","item":"https:\/\/www.organisator.ch\/"},{"@type":"ListItem","position":2,"name":"Sandro Tschuor wird Senior Director Brand &amp; MarComs bei Sunrise"}]},{"@type":"WebSite","@id":"https:\/\/www.organisator.ch\/#website","url":"https:\/\/www.organisator.ch\/","name":"Organisator","description":"Kompetent. Praxisnah. Der ORGANISATOR bereitet in 10 Ausgaben pro Jahr die wesentlichen Themen f\u00fcr F\u00fchrungskr\u00e4fte von KMU auf.","publisher":{"@id":"https:\/\/www.organisator.ch\/#organization"},"potentialAction":[{"@type":"SearchAction","target":{"@type":"EntryPoint","urlTemplate":"https:\/\/www.organisator.ch\/?s={search_term_string}"},"query-input":{"@type":"PropertyValueSpecification","valueRequired":true,"valueName":"search_term_string"}}],"inLanguage":"de"},{"@type":"Organization","@id":"https:\/\/www.organisator.ch\/#organization","name":"Organisator","url":"https:\/\/www.organisator.ch\/","logo":{"@type":"ImageObject","inLanguage":"de","@id":"https:\/\/www.organisator.ch\/#\/schema\/logo\/image\/","url":"https:\/\/www.organisator.ch\/wp-content\/uploads\/2022\/01\/Logo_Organisator_Website.png","contentUrl":"https:\/\/www.organisator.ch\/wp-content\/uploads\/2022\/01\/Logo_Organisator_Website.png","width":800,"height":77,"caption":"Organisator"},"image":{"@id":"https:\/\/www.organisator.ch\/#\/schema\/logo\/image\/"},"sameAs":["https:\/\/www.facebook.com\/OrganisatorFachmagazin","https:\/\/www.linkedin.com\/showcase\/organisator-das-magazin-fr-kmu","https:\/\/www.xing.com\/news\/pages\/organisator-ch-695","https:\/\/www.youtube.com\/channel\/UCGP2Sq0iWaZwT3BdIAQFYpw"]},{"@type":"Person","@id":"https:\/\/www.organisator.ch\/#\/schema\/person\/4e51799071cd2dd1232ac003643ef5f0","name":"galledia","image":{"@type":"ImageObject","inLanguage":"de","@id":"https:\/\/secure.gravatar.com\/avatar\/78a7f90c01fc2bfc875782a0d4922b37cde2cf184ce347b91316d23cd7f69a36?s=96&d=mm&r=g","url":"https:\/\/secure.gravatar.com\/avatar\/78a7f90c01fc2bfc875782a0d4922b37cde2cf184ce347b91316d23cd7f69a36?s=96&d=mm&r=g","contentUrl":"https:\/\/secure.gravatar.com\/avatar\/78a7f90c01fc2bfc875782a0d4922b37cde2cf184ce347b91316d23cd7f69a36?s=96&d=mm&r=g","caption":"galledia"},"sameAs":["https:\/\/x.com\/admin"],"url":"https:\/\/www.organisator.ch\/de\/author\/galledia\/"}]}},"_links":{"self":[{"href":"https:\/\/www.organisator.ch\/de\/wp-json\/wp\/v2\/posts\/37705","targetHints":{"allow":["GET"]}}],"collection":[{"href":"https:\/\/www.organisator.ch\/de\/wp-json\/wp\/v2\/posts"}],"about":[{"href":"https:\/\/www.organisator.ch\/de\/wp-json\/wp\/v2\/types\/post"}],"author":[{"embeddable":true,"href":"https:\/\/www.organisator.ch\/de\/wp-json\/wp\/v2\/users\/8"}],"replies":[{"embeddable":true,"href":"https:\/\/www.organisator.ch\/de\/wp-json\/wp\/v2\/comments?post=37705"}],"version-history":[{"count":4,"href":"https:\/\/www.organisator.ch\/de\/wp-json\/wp\/v2\/posts\/37705\/revisions"}],"predecessor-version":[{"id":37720,"href":"https:\/\/www.organisator.ch\/de\/wp-json\/wp\/v2\/posts\/37705\/revisions\/37720"}],"wp:attachment":[{"href":"https:\/\/www.organisator.ch\/de\/wp-json\/wp\/v2\/media?parent=37705"}],"wp:term":[{"taxonomy":"category","embeddable":true,"href":"https:\/\/www.organisator.ch\/de\/wp-json\/wp\/v2\/categories?post=37705"},{"taxonomy":"post_tag","embeddable":true,"href":"https:\/\/www.organisator.ch\/de\/wp-json\/wp\/v2\/tags?post=37705"}],"curies":[{"name":"wp","href":"https:\/\/api.w.org\/{rel}","templated":true}]}}