{"id":37741,"date":"2025-04-16T20:50:17","date_gmt":"2025-04-16T18:50:17","guid":{"rendered":"https:\/\/www.m-q.ch\/de\/?p=21303"},"modified":"2025-04-17T07:52:14","modified_gmt":"2025-04-17T05:52:14","slug":"control-2025-themenfokussiert-international-und-zukunftsgerichtet","status":"publish","type":"post","link":"https:\/\/www.organisator.ch\/de\/operational-excellence\/2025-04-16\/control-2025-themenfokussiert-international-und-zukunftsgerichtet\/","title":{"rendered":"Control 2025: Themenfokussiert, international und zukunftsgerichtet"},"content":{"rendered":"<figure id=\"attachment_21275\" class=\"wp-caption alignnone\" style=\"width: 680px;\" aria-describedby=\"caption-attachment-21275\"><img class=\"size-full wp-image-21275\" src=\"https:\/\/www.m-q.ch\/wp-content\/uploads\/2025\/04\/Fachmesse-Control-2025-Praxis-und-zukunftsorientiert_MQ.jpg\" sizes=\"(max-width: 680px) 100vw, 680px\" srcset=\"https:\/\/www.m-q.ch\/wp-content\/uploads\/2025\/04\/Fachmesse-Control-2025-Praxis-und-zukunftsorientiert_MQ.jpg 680w, https:\/\/www.m-q.ch\/wp-content\/uploads\/2025\/04\/Fachmesse-Control-2025-Praxis-und-zukunftsorientiert_MQ-18x10.jpg 18w, https:\/\/www.m-q.ch\/wp-content\/uploads\/2025\/04\/Fachmesse-Control-2025-Praxis-und-zukunftsorientiert_MQ-375x211.jpg 375w, https:\/\/www.m-q.ch\/wp-content\/uploads\/2025\/04\/Fachmesse-Control-2025-Praxis-und-zukunftsorientiert_MQ-621x350.jpg 621w\" alt=\"\" width=\"680\" height=\"383\" \/>\r\n<figcaption id=\"caption-attachment-21275\" class=\"wp-caption-text\">Vom 6. bis 9. Mai l\u00e4dt die Control 2025 Qualit\u00e4tssicherungs-Profis zum Messebesuch ein. (Bild: Control Messe \/ Schall Messen)<\/figcaption>\r\n<\/figure>\r\n<p>Die Vorbereitungen auf die Control 2025 gehen in die letzte Phase. Vom 6. bis 9. Mai 2025 treffen sich in Stuttgart Anbieter und Anwender von L\u00f6sungen f\u00fcr die Qualit\u00e4t eines Produktes, eines Prozessablaufs oder einer Dienstleistung. Das Messeunternehmen P. E. Schall plant die internationale Fachmesse f\u00fcr Qualit\u00e4tssicherung, die verschiedene Messtechnik-Arten abbildet und branchen\u00fcbergreifend relevant pr\u00e4sentiert, in den vier Hallen 3, 5, 7 und 9 des Stuttgarter Messegel\u00e4ndes. Das Themenspektrum umfasst die Bereiche Vision, Bildverarbeitung, Sensorik sowie Mess- und Pr\u00fcftechnik samt modernster Software und Auswertetechnologie.<\/p>\r\n<h3>Control Quality Talk 2025 diskutiert \u00fcber KI in der QS<\/h3>\r\n<p>Die k\u00fcnstliche Intelligenz wird an der diesj\u00e4hrigen Messe eine wichtige Rolle spielen. So sind KI-Systeme zu einem wichtigen Technologie-Trend in der Qualit\u00e4tssicherung geworden. Aussteller, Fachbesucher und G\u00e4ste werden denn auch in diesem Jahr die Erstausgabe eines neuen Veranstaltungsformats im Rahmen des Messeprogramms erleben \u2013 den Control Quality Talk 2025. Unter der \u00dcberschrift \u00abKI in der QS \u2013 Wird die Zukunft fehlerfrei? KI als Turbo f\u00fcr Wirtschaftlichkeit und Effizienz\u00bb wird eine Diskussionsrunde mit namhaften Experten \u00fcber KI in der Qualit\u00e4tssicherung sprechen. Es soll diskutiert werden, welche KI-Systeme schon existieren, welche bereits in der Industrie zum Einsatz kommen und welche konkreten Effekte sie hinsichtlich Wirtschaftlichkeit und Effizienz zeigen. Ausserdem soll erl\u00e4utert werden, inwieweit zuk\u00fcnftige KI-Systeme den Weg f\u00fcr fehlerfreie Produkte und Prozesse im Rahmen einer Vollautomatisierung ebnen und die QS vereinfachen. Zu den Diskussionsteilnehmern geh\u00f6ren Dr.-Ing. Ira Effenberger, Gruppenleiterin beim Fraunhofer-Institut f\u00fcr Produktionstechnik und Automatisierung IPA, Dr.-Ing. Ralf Christoph, Gesch\u00e4ftsf\u00fchrer und Inhaber von Werth Messtechnik, Florian Schwarz, CEO CAQ AG Factory Systems, sowie Dr. Christian Wojek, Head of AI, Zeiss IQS. Moderiert wird die Gespr\u00e4chsrunde von Dr.-Ing. Peter Ebert, Chefredakteur des Fachmediums \u00abinVISION\u00bb. Aussteller, Fachbesucher und G\u00e4ste werden aus diesem Gespr\u00e4ch viele Hintergrundinfos und weitere Inspiration mitnehmen, so die Erwartung der Veranstalter.<\/p>\r\n<h3>QS beg\u00fcnstigt die Herstellung sicherer Produkte<\/h3>\r\n<p>Qualit\u00e4tssicherungs-Massnahmen sind f\u00fcr Unternehmen essenziell und zukunftsbestimmend. Gerade in Zeiten wirtschaftlich schwieriger Rahmenbedingungen ist der Stellenwert moderner QS-L\u00f6sungen hoch. Deshalb geh\u00f6rt die Control f\u00fcr viele Unternehmen zu den Messehighlights im Jahr. In allen Branchen ist es aktuell wichtiger denn je, die Vorteile der Digitalisierung, Vernetzung und intelligenten Auswertung von Informationen zu nutzen und innerhalb der t\u00e4glichen QS-Prozesse umzusetzen. Denn neben den M\u00f6glichkeiten der Effizienzsteigerung in der Produktion beg\u00fcnstigt eine intelligente QS auch signifikant die Herstellung sicherer Produkte. Somit geht es um die Reduzierung potenzieller Fehlerkosten und Mehrarbeit sowie eine hohe Kundenzufriedenheit, ebenso um die Aufdeckung verborgener Fehler in der Wertsch\u00f6pfungskette, die Vermeidung rechtlicher Folgen und oftmals auch direkt die Verhinderung von Gefahr f\u00fcr Leib und Leben. Ob Nachhaltigkeit, Klimaschutz, Energiewende, E-Mobilit\u00e4t oder Automatisierung: Kaum einer der aktuellen Megatrends l\u00e4sst sich ohne die Digitalisierung von Prozessen und Produktionsverfahren rund um die QS bew\u00e4ltigen. Somit tragen moderne QS-Massnahmen unmittelbar dazu bei, viele Herausforderungen von globaler Wichtigkeit zu meistern.<\/p>\r\n<h3>TOP-Rahmenprogramm mit Sonderschau und Fachforum<\/h3>\r\n<p>In den Arbeitsabl\u00e4ufen der industriellen Produktion reichen die QS-Massnahmen inzwischen bis hin zur Vollautomatisierung auch der Pr\u00fcfprozesse; sie werden schneller und effizienter, sie erfolgen inline und integriert in unterschiedlichste Abl\u00e4ufe. Vor allem bei der Beschleunigung von Messprozessen, der Messdatenauswertung sowie bei der weiteren Automatisierung leisten zunehmend KI-Systeme Unterst\u00fctzung. Sie haben die QS-Branche schon tief durchdrungen und werden an vielen Stellen der Messe thematisiert. Fachbesucher haben traditionell auf der Control die M\u00f6glichkeit, \u00fcber ein hochkar\u00e4tiges Rahmenprogramm Up-to-date-Informationen zu erhalten und neue Kontakte zu kn\u00fcpfen. Dazu geh\u00f6rt das Fachforum mit themenspezifischen und praxisrelevanten Referaten ebenso wie die Sonderschau \u00abBer\u00fchrungslose Messtechnik\u00bb des Fraunhofer-Gesch\u00e4ftsbereichs Vision, das in diesem Jahr bereits zum 19. Mal durchgef\u00fchrt. Die Sonderschau zeigt an zentraler Stelle Technologien, Applikationen und Systemkomponenten aus dem Bereich der ber\u00fchrungslosen Mess- und Pr\u00fcftechnik und hat sich als Marktplatz der Innovationen sowohl bei den Ausstellern als auch bei den Messebesuchern etabliert. Die Sonderschau bietet Interessenten und potenziellen Anwendern zum einen eine erste Orientierungshilfe bei der Auswahl einer geeigneten Technologie zur Bew\u00e4ltigung eigener Pr\u00fcfaufgaben. Denn die Performance und Flexibilit\u00e4t moderner Systeme w\u00e4chst st\u00e4ndig. Immer gr\u00f6ssere Skalenbereiche werden abgedeckt und neue Anwendungsfelder erschlossen. Durch die rasante technische Entwicklung ist es f\u00fcr Anwender nicht einfach, sich am Markt zu orientieren und eine geeignete Auswahl im Hinblick auf den eigenen Bedarf zu treffen. Neben dieser ersten Orientierungshilfe bieten die Aussteller am Sonderschau-Stand auch komplette ber\u00fchrungslose Mess- und Pr\u00fcfsysteme an, an denen Besucher mit konkreten Aufgabenstellungen L\u00f6sungsm\u00f6glichkeiten vorfinden.<\/p>\r\n<h3>Unverzichtbare pers\u00f6nliche Kontakte<\/h3>\r\n<p>Die Veranstalter zeigen sich optimistisch, trotz eher tr\u00fcben wirtschaftlichen Aussichten: \u00abWir freuen uns auf die Control 2025, sie wird wieder ein erstklassiges Branchentreffen\u00bb, so Bettina Schall, Gesch\u00e4ftsf\u00fchrerin des Messeveranstalters P. E. Schall. \u00abBei diesem traditionellen Event der Expertencommunity werden viele neue Fachinformationen ausgetauscht und wichtige neue Gesch\u00e4ftskontakte gekn\u00fcpft. Deshalb ist das pers\u00f6nliche Gespr\u00e4ch auf der Messe so wichtig.\u00bb Aussteller, darunter auch 25 Firmen aus der Schweiz, treffen auf der Control vorinformierte Fachbesucher, die fundiertes Fachwissen \u00fcber Messtechnik mitbringen. Die konkrete Veranschaulichung und direkte Erl\u00e4uterung am Objekt, das qualitativ hohe Besucherniveau, der Br\u00fcckenschlag aus der Forschung in die Industrie und nicht zuletzt der pers\u00f6nliche Kontakt machen die Messe f\u00fcr viele Branchenbeteiligte unverzichtbar. n<\/p>\r\n<p><a href=\"http:\/\/www.control-messe.de\/\"><em>www.control-messe.de<\/em><\/a><\/p>\r\n<blockquote>\r\n<p>&nbsp;<\/p>\r\n<h3>Anwendungsbeispiel Inline-Messtechnik<\/h3>\r\n<p>Der kanadische Hersteller Polyrix zeigt auf der Control 2025 (Halle 9 Stand 9205) seine PolyScan V-Serie f\u00fcr die vollautomatische In-Prozess-Kontrolle. Das \u00abV\u00bb stehe dabei f\u00fcr \u00abVielseitigkeit\u00bb, erkl\u00e4rt das Unternehmen. Durch die Anpassung der Scaneinheit an ein bestimmtes Teil oder eine komplexe Anwendung k\u00f6nnen Hersteller hochpr\u00e4zise Messtechnik nahtlos in ihre Produktionsprozesse integrieren. Vorgestellt werden die bewegungslosen PolyScan Surround 3D-Scanner. Dabei handelt es sich um Multisensor-Messsysteme, die eine umfassende dreidimensionale Erfassung eines breiten Spektrums von Komponenten erm\u00f6glichen. Mit dem Schwerpunkt auf Geschwindigkeit, Einfachheit und Zuverl\u00e4ssigkeit eignet sich das PolyScan-System f\u00fcr die dimensionelle Inspektion, die prozessbegleitende Qualit\u00e4tssicherung sowie die Pr\u00fcfung von Bauteilen, Werkzeugen und Modellen.<\/p>\r\n<figure id=\"attachment_21380\" class=\"wp-caption alignnone\" style=\"width: 680px;\" aria-describedby=\"caption-attachment-21380\"><img class=\"size-full wp-image-21380\" src=\"https:\/\/www.m-q.ch\/wp-content\/uploads\/2025\/04\/Control-2025-Themenfokussiert-international-und-zukunftsgerichtet_MQ.jpg\" sizes=\"(max-width: 680px) 100vw, 680px\" srcset=\"https:\/\/www.m-q.ch\/wp-content\/uploads\/2025\/04\/Control-2025-Themenfokussiert-international-und-zukunftsgerichtet_MQ.jpg 680w, https:\/\/www.m-q.ch\/wp-content\/uploads\/2025\/04\/Control-2025-Themenfokussiert-international-und-zukunftsgerichtet_MQ-18x9.jpg 18w, https:\/\/www.m-q.ch\/wp-content\/uploads\/2025\/04\/Control-2025-Themenfokussiert-international-und-zukunftsgerichtet_MQ-375x193.jpg 375w\" alt=\"\" width=\"680\" height=\"350\" \/>\r\n<figcaption id=\"caption-attachment-21380\" class=\"wp-caption-text\">Beispiel eines auf der Control 2025 gezeigten Produkts: Der PolyScan 3D-Scanner von Polyrix. (\u00a9 Polyrix)<\/figcaption>\r\n<\/figure>\r\n<\/blockquote>\n<p class=\"syndicated-attribution\">Dieser Beitrag erschien urspr\u00fcnglich auf m-q.ch - <a href=\"https:\/\/www.m-q.ch\/de\/control-2025-themenfokussiert-international-und-zukunftsgerichtet\/\" target=\"_blank\">https:\/\/www.m-q.ch\/de\/control-2025-themenfokussiert-international-und-zukunftsgerichtet\/<\/a><\/p>","protected":false},"excerpt":{"rendered":"<p>Verantwortliche f\u00fcr Qualit\u00e4tssicherung erwarten mit Spannung die 37. Control, internationale Fachmesse f\u00fcr Qualit\u00e4tssicherung (QS). Sie findet vom 6. bis 9. Mai 2025 in Stuttgart statt. Traditionell fokussiert das wichtige Branchenevent Qualit\u00e4t, Relevanz und ein hohes fachliches Niveau.<\/p>\n","protected":false},"author":8,"featured_media":0,"comment_status":"closed","ping_status":"closed","sticky":false,"template":"","format":"standard","meta":{"_acf_changed":false,"_yoast_wpseo_focuskw":"Control 2025","_yoast_wpseo_metadesc":"Verantwortliche f\u00fcr Qualit\u00e4tssicherung erwarten mit Spannung die 37. Control, internationale Fachmesse f\u00fcr Qualit\u00e4tssicherung (QS).","articlekey":"","footnotes":""},"categories":[582],"tags":[5289,193,605],"class_list":["post-37741","post","type-post","status-publish","format-standard","hentry","category-operational-excellence","tag-control-2025","tag-fachkongressfachmesse","tag-qualitaetsmanagement"],"acf":[],"yoast_head":"<!-- This site is optimized with the Yoast SEO plugin v27.5 - https:\/\/yoast.com\/product\/yoast-seo-wordpress\/ -->\n<title>Control 2025: Themenfokussiert, international und zukunftsgerichtet - Organisator<\/title>\n<meta name=\"description\" content=\"Verantwortliche f\u00fcr Qualit\u00e4tssicherung erwarten mit Spannung die 37. Control, internationale Fachmesse f\u00fcr Qualit\u00e4tssicherung (QS).\" \/>\n<meta name=\"robots\" content=\"index, follow, max-snippet:-1, max-image-preview:large, max-video-preview:-1\" \/>\n<link rel=\"canonical\" href=\"https:\/\/www.organisator.ch\/de\/operational-excellence\/2025-04-16\/control-2025-themenfokussiert-international-und-zukunftsgerichtet\/\" \/>\n<meta property=\"og:locale\" content=\"de_DE\" \/>\n<meta property=\"og:type\" content=\"article\" \/>\n<meta property=\"og:title\" content=\"Control 2025: Themenfokussiert, international und zukunftsgerichtet - Organisator\" \/>\n<meta property=\"og:description\" content=\"Verantwortliche f\u00fcr Qualit\u00e4tssicherung erwarten mit Spannung die 37. Control, internationale Fachmesse f\u00fcr Qualit\u00e4tssicherung (QS).\" \/>\n<meta property=\"og:url\" content=\"https:\/\/www.organisator.ch\/de\/operational-excellence\/2025-04-16\/control-2025-themenfokussiert-international-und-zukunftsgerichtet\/\" \/>\n<meta property=\"og:site_name\" content=\"Organisator\" \/>\n<meta property=\"article:publisher\" content=\"https:\/\/www.facebook.com\/OrganisatorFachmagazin\" \/>\n<meta property=\"article:published_time\" content=\"2025-04-16T18:50:17+00:00\" \/>\n<meta property=\"article:modified_time\" content=\"2025-04-17T05:52:14+00:00\" \/>\n<meta name=\"author\" content=\"galledia\" \/>\n<meta name=\"twitter:card\" content=\"summary_large_image\" \/>\n<meta name=\"twitter:creator\" content=\"@admin\" \/>\n<script type=\"application\/ld+json\" class=\"yoast-schema-graph\">{\"@context\":\"https:\\\/\\\/schema.org\",\"@graph\":[{\"@type\":\"Article\",\"@id\":\"https:\\\/\\\/www.organisator.ch\\\/operational-excellence\\\/2025-04-16\\\/control-2025-themenfokussiert-international-und-zukunftsgerichtet\\\/#article\",\"isPartOf\":{\"@id\":\"https:\\\/\\\/www.organisator.ch\\\/operational-excellence\\\/2025-04-16\\\/control-2025-themenfokussiert-international-und-zukunftsgerichtet\\\/\"},\"author\":{\"name\":\"galledia\",\"@id\":\"https:\\\/\\\/www.organisator.ch\\\/#\\\/schema\\\/person\\\/4e51799071cd2dd1232ac003643ef5f0\"},\"headline\":\"Control 2025: Themenfokussiert, international und zukunftsgerichtet\",\"datePublished\":\"2025-04-16T18:50:17+00:00\",\"dateModified\":\"2025-04-17T05:52:14+00:00\",\"mainEntityOfPage\":{\"@id\":\"https:\\\/\\\/www.organisator.ch\\\/operational-excellence\\\/2025-04-16\\\/control-2025-themenfokussiert-international-und-zukunftsgerichtet\\\/\"},\"wordCount\":1026,\"publisher\":{\"@id\":\"https:\\\/\\\/www.organisator.ch\\\/#organization\"},\"image\":{\"@id\":\"https:\\\/\\\/www.organisator.ch\\\/operational-excellence\\\/2025-04-16\\\/control-2025-themenfokussiert-international-und-zukunftsgerichtet\\\/#primaryimage\"},\"thumbnailUrl\":\"https:\\\/\\\/www.m-q.ch\\\/wp-content\\\/uploads\\\/2025\\\/04\\\/Fachmesse-Control-2025-Praxis-und-zukunftsorientiert_MQ.jpg\",\"keywords\":[\"Control 2025\",\"Fachkongress\\\/Fachmesse\",\"Qualit\u00e4tsmanagement\"],\"articleSection\":[\"OPERATIONAL EXCELLENCE\"],\"inLanguage\":\"de\"},{\"@type\":\"WebPage\",\"@id\":\"https:\\\/\\\/www.organisator.ch\\\/operational-excellence\\\/2025-04-16\\\/control-2025-themenfokussiert-international-und-zukunftsgerichtet\\\/\",\"url\":\"https:\\\/\\\/www.organisator.ch\\\/operational-excellence\\\/2025-04-16\\\/control-2025-themenfokussiert-international-und-zukunftsgerichtet\\\/\",\"name\":\"Control 2025: Themenfokussiert, international und zukunftsgerichtet - Organisator\",\"isPartOf\":{\"@id\":\"https:\\\/\\\/www.organisator.ch\\\/#website\"},\"primaryImageOfPage\":{\"@id\":\"https:\\\/\\\/www.organisator.ch\\\/operational-excellence\\\/2025-04-16\\\/control-2025-themenfokussiert-international-und-zukunftsgerichtet\\\/#primaryimage\"},\"image\":{\"@id\":\"https:\\\/\\\/www.organisator.ch\\\/operational-excellence\\\/2025-04-16\\\/control-2025-themenfokussiert-international-und-zukunftsgerichtet\\\/#primaryimage\"},\"thumbnailUrl\":\"https:\\\/\\\/www.m-q.ch\\\/wp-content\\\/uploads\\\/2025\\\/04\\\/Fachmesse-Control-2025-Praxis-und-zukunftsorientiert_MQ.jpg\",\"datePublished\":\"2025-04-16T18:50:17+00:00\",\"dateModified\":\"2025-04-17T05:52:14+00:00\",\"description\":\"Verantwortliche f\u00fcr Qualit\u00e4tssicherung erwarten mit Spannung die 37. Control, internationale Fachmesse f\u00fcr Qualit\u00e4tssicherung (QS).\",\"breadcrumb\":{\"@id\":\"https:\\\/\\\/www.organisator.ch\\\/operational-excellence\\\/2025-04-16\\\/control-2025-themenfokussiert-international-und-zukunftsgerichtet\\\/#breadcrumb\"},\"inLanguage\":\"de\",\"potentialAction\":[{\"@type\":\"ReadAction\",\"target\":[\"https:\\\/\\\/www.organisator.ch\\\/operational-excellence\\\/2025-04-16\\\/control-2025-themenfokussiert-international-und-zukunftsgerichtet\\\/\"]}]},{\"@type\":\"ImageObject\",\"inLanguage\":\"de\",\"@id\":\"https:\\\/\\\/www.organisator.ch\\\/operational-excellence\\\/2025-04-16\\\/control-2025-themenfokussiert-international-und-zukunftsgerichtet\\\/#primaryimage\",\"url\":\"https:\\\/\\\/www.m-q.ch\\\/wp-content\\\/uploads\\\/2025\\\/04\\\/Fachmesse-Control-2025-Praxis-und-zukunftsorientiert_MQ.jpg\",\"contentUrl\":\"https:\\\/\\\/www.m-q.ch\\\/wp-content\\\/uploads\\\/2025\\\/04\\\/Fachmesse-Control-2025-Praxis-und-zukunftsorientiert_MQ.jpg\"},{\"@type\":\"BreadcrumbList\",\"@id\":\"https:\\\/\\\/www.organisator.ch\\\/operational-excellence\\\/2025-04-16\\\/control-2025-themenfokussiert-international-und-zukunftsgerichtet\\\/#breadcrumb\",\"itemListElement\":[{\"@type\":\"ListItem\",\"position\":1,\"name\":\"Home\",\"item\":\"https:\\\/\\\/www.organisator.ch\\\/\"},{\"@type\":\"ListItem\",\"position\":2,\"name\":\"Control 2025: Themenfokussiert, international und zukunftsgerichtet\"}]},{\"@type\":\"WebSite\",\"@id\":\"https:\\\/\\\/www.organisator.ch\\\/#website\",\"url\":\"https:\\\/\\\/www.organisator.ch\\\/\",\"name\":\"Organisator\",\"description\":\"Kompetent. Praxisnah. Der ORGANISATOR bereitet in 10 Ausgaben pro Jahr die wesentlichen Themen f\u00fcr F\u00fchrungskr\u00e4fte von KMU auf.\",\"publisher\":{\"@id\":\"https:\\\/\\\/www.organisator.ch\\\/#organization\"},\"potentialAction\":[{\"@type\":\"SearchAction\",\"target\":{\"@type\":\"EntryPoint\",\"urlTemplate\":\"https:\\\/\\\/www.organisator.ch\\\/?s={search_term_string}\"},\"query-input\":{\"@type\":\"PropertyValueSpecification\",\"valueRequired\":true,\"valueName\":\"search_term_string\"}}],\"inLanguage\":\"de\"},{\"@type\":\"Organization\",\"@id\":\"https:\\\/\\\/www.organisator.ch\\\/#organization\",\"name\":\"Organisator\",\"url\":\"https:\\\/\\\/www.organisator.ch\\\/\",\"logo\":{\"@type\":\"ImageObject\",\"inLanguage\":\"de\",\"@id\":\"https:\\\/\\\/www.organisator.ch\\\/#\\\/schema\\\/logo\\\/image\\\/\",\"url\":\"https:\\\/\\\/www.organisator.ch\\\/wp-content\\\/uploads\\\/2022\\\/01\\\/Logo_Organisator_Website.png\",\"contentUrl\":\"https:\\\/\\\/www.organisator.ch\\\/wp-content\\\/uploads\\\/2022\\\/01\\\/Logo_Organisator_Website.png\",\"width\":800,\"height\":77,\"caption\":\"Organisator\"},\"image\":{\"@id\":\"https:\\\/\\\/www.organisator.ch\\\/#\\\/schema\\\/logo\\\/image\\\/\"},\"sameAs\":[\"https:\\\/\\\/www.facebook.com\\\/OrganisatorFachmagazin\",\"https:\\\/\\\/www.linkedin.com\\\/showcase\\\/organisator-das-magazin-fr-kmu\",\"https:\\\/\\\/www.xing.com\\\/news\\\/pages\\\/organisator-ch-695\",\"https:\\\/\\\/www.youtube.com\\\/channel\\\/UCGP2Sq0iWaZwT3BdIAQFYpw\"]},{\"@type\":\"Person\",\"@id\":\"https:\\\/\\\/www.organisator.ch\\\/#\\\/schema\\\/person\\\/4e51799071cd2dd1232ac003643ef5f0\",\"name\":\"galledia\",\"image\":{\"@type\":\"ImageObject\",\"inLanguage\":\"de\",\"@id\":\"https:\\\/\\\/secure.gravatar.com\\\/avatar\\\/78a7f90c01fc2bfc875782a0d4922b37cde2cf184ce347b91316d23cd7f69a36?s=96&d=mm&r=g\",\"url\":\"https:\\\/\\\/secure.gravatar.com\\\/avatar\\\/78a7f90c01fc2bfc875782a0d4922b37cde2cf184ce347b91316d23cd7f69a36?s=96&d=mm&r=g\",\"contentUrl\":\"https:\\\/\\\/secure.gravatar.com\\\/avatar\\\/78a7f90c01fc2bfc875782a0d4922b37cde2cf184ce347b91316d23cd7f69a36?s=96&d=mm&r=g\",\"caption\":\"galledia\"},\"sameAs\":[\"https:\\\/\\\/x.com\\\/admin\"],\"url\":\"https:\\\/\\\/www.organisator.ch\\\/de\\\/author\\\/galledia\\\/\"}]}<\/script>\n<!-- \/ Yoast SEO plugin. -->","yoast_head_json":{"title":"Control 2025: Themenfokussiert, international und zukunftsgerichtet - Organisator","description":"Verantwortliche f\u00fcr Qualit\u00e4tssicherung erwarten mit Spannung die 37. Control, internationale Fachmesse f\u00fcr Qualit\u00e4tssicherung (QS).","robots":{"index":"index","follow":"follow","max-snippet":"max-snippet:-1","max-image-preview":"max-image-preview:large","max-video-preview":"max-video-preview:-1"},"canonical":"https:\/\/www.organisator.ch\/de\/operational-excellence\/2025-04-16\/control-2025-themenfokussiert-international-und-zukunftsgerichtet\/","og_locale":"de_DE","og_type":"article","og_title":"Control 2025: Themenfokussiert, international und zukunftsgerichtet - Organisator","og_description":"Verantwortliche f\u00fcr Qualit\u00e4tssicherung erwarten mit Spannung die 37. Control, internationale Fachmesse f\u00fcr Qualit\u00e4tssicherung (QS).","og_url":"https:\/\/www.organisator.ch\/de\/operational-excellence\/2025-04-16\/control-2025-themenfokussiert-international-und-zukunftsgerichtet\/","og_site_name":"Organisator","article_publisher":"https:\/\/www.facebook.com\/OrganisatorFachmagazin","article_published_time":"2025-04-16T18:50:17+00:00","article_modified_time":"2025-04-17T05:52:14+00:00","author":"galledia","twitter_card":"summary_large_image","twitter_creator":"@admin","schema":{"@context":"https:\/\/schema.org","@graph":[{"@type":"Article","@id":"https:\/\/www.organisator.ch\/operational-excellence\/2025-04-16\/control-2025-themenfokussiert-international-und-zukunftsgerichtet\/#article","isPartOf":{"@id":"https:\/\/www.organisator.ch\/operational-excellence\/2025-04-16\/control-2025-themenfokussiert-international-und-zukunftsgerichtet\/"},"author":{"name":"galledia","@id":"https:\/\/www.organisator.ch\/#\/schema\/person\/4e51799071cd2dd1232ac003643ef5f0"},"headline":"Control 2025: Themenfokussiert, international und zukunftsgerichtet","datePublished":"2025-04-16T18:50:17+00:00","dateModified":"2025-04-17T05:52:14+00:00","mainEntityOfPage":{"@id":"https:\/\/www.organisator.ch\/operational-excellence\/2025-04-16\/control-2025-themenfokussiert-international-und-zukunftsgerichtet\/"},"wordCount":1026,"publisher":{"@id":"https:\/\/www.organisator.ch\/#organization"},"image":{"@id":"https:\/\/www.organisator.ch\/operational-excellence\/2025-04-16\/control-2025-themenfokussiert-international-und-zukunftsgerichtet\/#primaryimage"},"thumbnailUrl":"https:\/\/www.m-q.ch\/wp-content\/uploads\/2025\/04\/Fachmesse-Control-2025-Praxis-und-zukunftsorientiert_MQ.jpg","keywords":["Control 2025","Fachkongress\/Fachmesse","Qualit\u00e4tsmanagement"],"articleSection":["OPERATIONAL EXCELLENCE"],"inLanguage":"de"},{"@type":"WebPage","@id":"https:\/\/www.organisator.ch\/operational-excellence\/2025-04-16\/control-2025-themenfokussiert-international-und-zukunftsgerichtet\/","url":"https:\/\/www.organisator.ch\/operational-excellence\/2025-04-16\/control-2025-themenfokussiert-international-und-zukunftsgerichtet\/","name":"Control 2025: Themenfokussiert, international und zukunftsgerichtet - Organisator","isPartOf":{"@id":"https:\/\/www.organisator.ch\/#website"},"primaryImageOfPage":{"@id":"https:\/\/www.organisator.ch\/operational-excellence\/2025-04-16\/control-2025-themenfokussiert-international-und-zukunftsgerichtet\/#primaryimage"},"image":{"@id":"https:\/\/www.organisator.ch\/operational-excellence\/2025-04-16\/control-2025-themenfokussiert-international-und-zukunftsgerichtet\/#primaryimage"},"thumbnailUrl":"https:\/\/www.m-q.ch\/wp-content\/uploads\/2025\/04\/Fachmesse-Control-2025-Praxis-und-zukunftsorientiert_MQ.jpg","datePublished":"2025-04-16T18:50:17+00:00","dateModified":"2025-04-17T05:52:14+00:00","description":"Verantwortliche f\u00fcr Qualit\u00e4tssicherung erwarten mit Spannung die 37. Control, internationale Fachmesse f\u00fcr Qualit\u00e4tssicherung (QS).","breadcrumb":{"@id":"https:\/\/www.organisator.ch\/operational-excellence\/2025-04-16\/control-2025-themenfokussiert-international-und-zukunftsgerichtet\/#breadcrumb"},"inLanguage":"de","potentialAction":[{"@type":"ReadAction","target":["https:\/\/www.organisator.ch\/operational-excellence\/2025-04-16\/control-2025-themenfokussiert-international-und-zukunftsgerichtet\/"]}]},{"@type":"ImageObject","inLanguage":"de","@id":"https:\/\/www.organisator.ch\/operational-excellence\/2025-04-16\/control-2025-themenfokussiert-international-und-zukunftsgerichtet\/#primaryimage","url":"https:\/\/www.m-q.ch\/wp-content\/uploads\/2025\/04\/Fachmesse-Control-2025-Praxis-und-zukunftsorientiert_MQ.jpg","contentUrl":"https:\/\/www.m-q.ch\/wp-content\/uploads\/2025\/04\/Fachmesse-Control-2025-Praxis-und-zukunftsorientiert_MQ.jpg"},{"@type":"BreadcrumbList","@id":"https:\/\/www.organisator.ch\/operational-excellence\/2025-04-16\/control-2025-themenfokussiert-international-und-zukunftsgerichtet\/#breadcrumb","itemListElement":[{"@type":"ListItem","position":1,"name":"Home","item":"https:\/\/www.organisator.ch\/"},{"@type":"ListItem","position":2,"name":"Control 2025: Themenfokussiert, international und zukunftsgerichtet"}]},{"@type":"WebSite","@id":"https:\/\/www.organisator.ch\/#website","url":"https:\/\/www.organisator.ch\/","name":"Organisator","description":"Kompetent. Praxisnah. Der ORGANISATOR bereitet in 10 Ausgaben pro Jahr die wesentlichen Themen f\u00fcr F\u00fchrungskr\u00e4fte von KMU auf.","publisher":{"@id":"https:\/\/www.organisator.ch\/#organization"},"potentialAction":[{"@type":"SearchAction","target":{"@type":"EntryPoint","urlTemplate":"https:\/\/www.organisator.ch\/?s={search_term_string}"},"query-input":{"@type":"PropertyValueSpecification","valueRequired":true,"valueName":"search_term_string"}}],"inLanguage":"de"},{"@type":"Organization","@id":"https:\/\/www.organisator.ch\/#organization","name":"Organisator","url":"https:\/\/www.organisator.ch\/","logo":{"@type":"ImageObject","inLanguage":"de","@id":"https:\/\/www.organisator.ch\/#\/schema\/logo\/image\/","url":"https:\/\/www.organisator.ch\/wp-content\/uploads\/2022\/01\/Logo_Organisator_Website.png","contentUrl":"https:\/\/www.organisator.ch\/wp-content\/uploads\/2022\/01\/Logo_Organisator_Website.png","width":800,"height":77,"caption":"Organisator"},"image":{"@id":"https:\/\/www.organisator.ch\/#\/schema\/logo\/image\/"},"sameAs":["https:\/\/www.facebook.com\/OrganisatorFachmagazin","https:\/\/www.linkedin.com\/showcase\/organisator-das-magazin-fr-kmu","https:\/\/www.xing.com\/news\/pages\/organisator-ch-695","https:\/\/www.youtube.com\/channel\/UCGP2Sq0iWaZwT3BdIAQFYpw"]},{"@type":"Person","@id":"https:\/\/www.organisator.ch\/#\/schema\/person\/4e51799071cd2dd1232ac003643ef5f0","name":"galledia","image":{"@type":"ImageObject","inLanguage":"de","@id":"https:\/\/secure.gravatar.com\/avatar\/78a7f90c01fc2bfc875782a0d4922b37cde2cf184ce347b91316d23cd7f69a36?s=96&d=mm&r=g","url":"https:\/\/secure.gravatar.com\/avatar\/78a7f90c01fc2bfc875782a0d4922b37cde2cf184ce347b91316d23cd7f69a36?s=96&d=mm&r=g","contentUrl":"https:\/\/secure.gravatar.com\/avatar\/78a7f90c01fc2bfc875782a0d4922b37cde2cf184ce347b91316d23cd7f69a36?s=96&d=mm&r=g","caption":"galledia"},"sameAs":["https:\/\/x.com\/admin"],"url":"https:\/\/www.organisator.ch\/de\/author\/galledia\/"}]}},"_links":{"self":[{"href":"https:\/\/www.organisator.ch\/de\/wp-json\/wp\/v2\/posts\/37741","targetHints":{"allow":["GET"]}}],"collection":[{"href":"https:\/\/www.organisator.ch\/de\/wp-json\/wp\/v2\/posts"}],"about":[{"href":"https:\/\/www.organisator.ch\/de\/wp-json\/wp\/v2\/types\/post"}],"author":[{"embeddable":true,"href":"https:\/\/www.organisator.ch\/de\/wp-json\/wp\/v2\/users\/8"}],"replies":[{"embeddable":true,"href":"https:\/\/www.organisator.ch\/de\/wp-json\/wp\/v2\/comments?post=37741"}],"version-history":[{"count":7,"href":"https:\/\/www.organisator.ch\/de\/wp-json\/wp\/v2\/posts\/37741\/revisions"}],"predecessor-version":[{"id":37747,"href":"https:\/\/www.organisator.ch\/de\/wp-json\/wp\/v2\/posts\/37741\/revisions\/37747"}],"wp:attachment":[{"href":"https:\/\/www.organisator.ch\/de\/wp-json\/wp\/v2\/media?parent=37741"}],"wp:term":[{"taxonomy":"category","embeddable":true,"href":"https:\/\/www.organisator.ch\/de\/wp-json\/wp\/v2\/categories?post=37741"},{"taxonomy":"post_tag","embeddable":true,"href":"https:\/\/www.organisator.ch\/de\/wp-json\/wp\/v2\/tags?post=37741"}],"curies":[{"name":"wp","href":"https:\/\/api.w.org\/{rel}","templated":true}]}}