{"id":37808,"date":"2025-04-21T17:25:46","date_gmt":"2025-04-21T15:25:46","guid":{"rendered":"https:\/\/www.markt-kom.com\/?p=233604"},"modified":"2025-04-22T08:21:46","modified_gmt":"2025-04-22T06:21:46","slug":"werbemarkt-maerz-2025-klassische-medien-weiter-unter-druck","status":"publish","type":"post","link":"https:\/\/www.organisator.ch\/de\/marketing\/2025-04-21\/werbemarkt-maerz-2025-klassische-medien-weiter-unter-druck\/","title":{"rendered":"Werbemarkt M\u00e4rz 2025: Klassische Medien weiter unter Druck"},"content":{"rendered":"<p><a href=\"https:\/\/www.markt-kom.com\/wp-content\/uploads\/2024\/04\/Media-Focus-scaled-1-scaled.jpg\"><img class=\"aligncenter size-full wp-image-213995\" src=\"https:\/\/www.markt-kom.com\/wp-content\/uploads\/2024\/04\/Media-Focus-scaled-1-scaled.jpg\" sizes=\"(max-width: 1300px) 100vw, 1300px\" srcset=\"https:\/\/www.markt-kom.com\/wp-content\/uploads\/2024\/04\/Media-Focus-scaled-1-scaled.jpg 1300w, https:\/\/www.markt-kom.com\/wp-content\/uploads\/2024\/04\/Media-Focus-scaled-1-600x400.jpg 600w, https:\/\/www.markt-kom.com\/wp-content\/uploads\/2024\/04\/Media-Focus-scaled-1-1024x682.jpg 1024w, https:\/\/www.markt-kom.com\/wp-content\/uploads\/2024\/04\/Media-Focus-scaled-1-768x512.jpg 768w, https:\/\/www.markt-kom.com\/wp-content\/uploads\/2024\/04\/Media-Focus-scaled-1-1536x1024.jpg 1536w, https:\/\/www.markt-kom.com\/wp-content\/uploads\/2024\/04\/Media-Focus-scaled-1-2048x1365.jpg 2048w, https:\/\/www.markt-kom.com\/wp-content\/uploads\/2024\/04\/Media-Focus-scaled-1-18x12.jpg 18w, https:\/\/www.markt-kom.com\/wp-content\/uploads\/2024\/04\/Media-Focus-scaled-1-263x175.jpg 263w, https:\/\/www.markt-kom.com\/wp-content\/uploads\/2024\/04\/Media-Focus-scaled-1-525x350.jpg 525w, https:\/\/www.markt-kom.com\/wp-content\/uploads\/2024\/04\/Media-Focus-scaled-1-1000x666.jpg 1000w\" alt=\"\" width=\"1300\" height=\"866\" \/><\/a><\/p>\r\n<p>Der Werbemarkt in der Schweiz bleibt im M\u00e4rz 2025 im R\u00fcckw\u00e4rtsgang. Der Bruttowerbedruck bei den klassischen Medien bel\u00e4uft sich auf 340,7 Millionen Franken, was einem R\u00fcckgang von 4,0 Prozent gegen\u00fcber dem Vorjahresmonat entspricht. Bereits im Februar wurde ein Minus von 3,2 Prozent registriert.<\/p>\r\n<p>Keine der klassischen Mediengruppen konnte den Vergleich zum Vorjahr positiv abschliessen. Die Rangfolge innerhalb des Media Mix bleibt jedoch stabil: TV liegt weiterhin vor Print, gefolgt von Out-of-Home, Radio und Kino.<\/p>\r\n<p>Kumuliert ergibt sich f\u00fcr das erste Quartal ein Bruttowerbedruck von 859,5 Millionen Franken, was einem R\u00fcckgang von 4,3 Prozent gegen\u00fcber dem Vorjahr entspricht.<\/p>\r\n<p>Auch der digitale Werbemarkt zeigt r\u00fcckl\u00e4ufige Tendenzen in den Bereichen Search und Display. Mit einem Anteil von 52,3 Prozent bleibt Search dennoch f\u00fchrend, vor Display mit 33,1 Prozent. Einzig YouTube verzeichnet ein Wachstum und kommt auf 14,6 Prozent Marktanteil.<\/p>\r\n<figure id=\"attachment_233605\" class=\"wp-caption aligncenter\" style=\"width: 1024px;\" aria-describedby=\"caption-attachment-233605\"><a href=\"https:\/\/www.markt-kom.com\/wp-content\/uploads\/2025\/04\/1-DE-Werbemarkt-Trend-Mrz.-2025-Gesamtmarkt-Grafik.png\"><img class=\"wp-image-233605 size-full\" src=\"https:\/\/www.markt-kom.com\/wp-content\/uploads\/2025\/04\/1-DE-Werbemarkt-Trend-Mrz.-2025-Gesamtmarkt-Grafik.png\" sizes=\"(max-width: 1024px) 100vw, 1024px\" srcset=\"https:\/\/www.markt-kom.com\/wp-content\/uploads\/2025\/04\/1-DE-Werbemarkt-Trend-Mrz.-2025-Gesamtmarkt-Grafik.png 1024w, https:\/\/www.markt-kom.com\/wp-content\/uploads\/2025\/04\/1-DE-Werbemarkt-Trend-Mrz.-2025-Gesamtmarkt-Grafik-600x343.png 600w, https:\/\/www.markt-kom.com\/wp-content\/uploads\/2025\/04\/1-DE-Werbemarkt-Trend-Mrz.-2025-Gesamtmarkt-Grafik-768x439.png 768w, https:\/\/www.markt-kom.com\/wp-content\/uploads\/2025\/04\/1-DE-Werbemarkt-Trend-Mrz.-2025-Gesamtmarkt-Grafik-18x10.png 18w, https:\/\/www.markt-kom.com\/wp-content\/uploads\/2025\/04\/1-DE-Werbemarkt-Trend-Mrz.-2025-Gesamtmarkt-Grafik-306x175.png 306w, https:\/\/www.markt-kom.com\/wp-content\/uploads\/2025\/04\/1-DE-Werbemarkt-Trend-Mrz.-2025-Gesamtmarkt-Grafik-613x350.png 613w, https:\/\/www.markt-kom.com\/wp-content\/uploads\/2025\/04\/1-DE-Werbemarkt-Trend-Mrz.-2025-Gesamtmarkt-Grafik-1000x571.png 1000w\" alt=\"\" width=\"1024\" height=\"585\" \/><\/a>\r\n<figcaption id=\"caption-attachment-233605\" class=\"wp-caption-text\">(Grafiken: Media Focus)<\/figcaption>\r\n<\/figure>\r\n<p><a href=\"https:\/\/www.markt-kom.com\/wp-content\/uploads\/2025\/04\/2-DE-Werbemarkt-Trend-Mrz.-2025-Monatsentwicklung-Media-Mix-klassisch.png\"><img class=\"aligncenter size-full wp-image-233606\" src=\"https:\/\/www.markt-kom.com\/wp-content\/uploads\/2025\/04\/2-DE-Werbemarkt-Trend-Mrz.-2025-Monatsentwicklung-Media-Mix-klassisch.png\" sizes=\"(max-width: 1024px) 100vw, 1024px\" srcset=\"https:\/\/www.markt-kom.com\/wp-content\/uploads\/2025\/04\/2-DE-Werbemarkt-Trend-Mrz.-2025-Monatsentwicklung-Media-Mix-klassisch.png 1024w, https:\/\/www.markt-kom.com\/wp-content\/uploads\/2025\/04\/2-DE-Werbemarkt-Trend-Mrz.-2025-Monatsentwicklung-Media-Mix-klassisch-600x343.png 600w, https:\/\/www.markt-kom.com\/wp-content\/uploads\/2025\/04\/2-DE-Werbemarkt-Trend-Mrz.-2025-Monatsentwicklung-Media-Mix-klassisch-768x439.png 768w, https:\/\/www.markt-kom.com\/wp-content\/uploads\/2025\/04\/2-DE-Werbemarkt-Trend-Mrz.-2025-Monatsentwicklung-Media-Mix-klassisch-18x10.png 18w, https:\/\/www.markt-kom.com\/wp-content\/uploads\/2025\/04\/2-DE-Werbemarkt-Trend-Mrz.-2025-Monatsentwicklung-Media-Mix-klassisch-306x175.png 306w, https:\/\/www.markt-kom.com\/wp-content\/uploads\/2025\/04\/2-DE-Werbemarkt-Trend-Mrz.-2025-Monatsentwicklung-Media-Mix-klassisch-613x350.png 613w, https:\/\/www.markt-kom.com\/wp-content\/uploads\/2025\/04\/2-DE-Werbemarkt-Trend-Mrz.-2025-Monatsentwicklung-Media-Mix-klassisch-1000x571.png 1000w\" alt=\"\" width=\"1024\" height=\"585\" \/><\/a><\/p>\r\n<p><strong>Detailhandel dominiert \u2013 aber mit moderatem Plus<\/strong><br \/>\r\nNur acht von 21 Branchen konnten im klassischen Werbemarkt zulegen. Der Detailhandel bleibt mit 36,2 Millionen Franken Bruttowerbedruck im M\u00e4rz an der Spitze, verzeichnet jedoch lediglich ein Plus von 5,8 Prozent. St\u00e4rkere Zuw\u00e4chse verzeichnen unter anderem die Branchen Medien (+18,2 %), Reinigen (+17,6 %) sowie Digital &amp; Haushalt (+17,0 %).<\/p>\r\n<p>Ebenfalls positiv entwickelten sich Freizeit, Gastronomie, Tourismus (+6,4 %), Pharma &amp; Gesundheit (+4,4 %), Verkehrsbetriebe (+13,7 %) sowie Pers\u00f6nlicher Bedarf (+2,1 %).<\/p>\r\n<p>13 Branchen weisen eine r\u00fcckl\u00e4ufige Entwicklung auf. Die Nahrungsmittelbranche belegt mit einem Minus von 6,9 Prozent dennoch Rang zwei. Zu den weiteren betroffenen Branchen z\u00e4hlen Bauen, Industrie, Einrichtung (-9,6 %), Fahrzeuge (-9,1 %), Initiativen &amp; Kampagnen (-3,7 %) sowie Finanzen (-1,1 %). Am unteren Ende der Skala stehen Energie (-58,8 %) und Tabakwaren (-29,1 %).<\/p>\r\n<p><a href=\"https:\/\/www.markt-kom.com\/wp-content\/uploads\/2025\/04\/3-DE-Werbemarkt-Trend-Mrz.-2025-Branchenranking-klassisch.png\"><img class=\"aligncenter size-full wp-image-233607\" src=\"https:\/\/www.markt-kom.com\/wp-content\/uploads\/2025\/04\/3-DE-Werbemarkt-Trend-Mrz.-2025-Branchenranking-klassisch.png\" sizes=\"(max-width: 1024px) 100vw, 1024px\" srcset=\"https:\/\/www.markt-kom.com\/wp-content\/uploads\/2025\/04\/3-DE-Werbemarkt-Trend-Mrz.-2025-Branchenranking-klassisch.png 1024w, https:\/\/www.markt-kom.com\/wp-content\/uploads\/2025\/04\/3-DE-Werbemarkt-Trend-Mrz.-2025-Branchenranking-klassisch-600x343.png 600w, https:\/\/www.markt-kom.com\/wp-content\/uploads\/2025\/04\/3-DE-Werbemarkt-Trend-Mrz.-2025-Branchenranking-klassisch-768x439.png 768w, https:\/\/www.markt-kom.com\/wp-content\/uploads\/2025\/04\/3-DE-Werbemarkt-Trend-Mrz.-2025-Branchenranking-klassisch-18x10.png 18w, https:\/\/www.markt-kom.com\/wp-content\/uploads\/2025\/04\/3-DE-Werbemarkt-Trend-Mrz.-2025-Branchenranking-klassisch-306x175.png 306w, https:\/\/www.markt-kom.com\/wp-content\/uploads\/2025\/04\/3-DE-Werbemarkt-Trend-Mrz.-2025-Branchenranking-klassisch-613x350.png 613w, https:\/\/www.markt-kom.com\/wp-content\/uploads\/2025\/04\/3-DE-Werbemarkt-Trend-Mrz.-2025-Branchenranking-klassisch-1000x571.png 1000w\" alt=\"\" width=\"1024\" height=\"585\" \/><\/a> <a href=\"https:\/\/www.markt-kom.com\/wp-content\/uploads\/2025\/04\/4-DE-Werbemarkt-Trend-Mrz.-2025-Top-Advertiser-Produkte-klassisch.png\"><img class=\"aligncenter size-full wp-image-233608\" src=\"https:\/\/www.markt-kom.com\/wp-content\/uploads\/2025\/04\/4-DE-Werbemarkt-Trend-Mrz.-2025-Top-Advertiser-Produkte-klassisch.png\" sizes=\"(max-width: 1024px) 100vw, 1024px\" srcset=\"https:\/\/www.markt-kom.com\/wp-content\/uploads\/2025\/04\/4-DE-Werbemarkt-Trend-Mrz.-2025-Top-Advertiser-Produkte-klassisch.png 1024w, https:\/\/www.markt-kom.com\/wp-content\/uploads\/2025\/04\/4-DE-Werbemarkt-Trend-Mrz.-2025-Top-Advertiser-Produkte-klassisch-600x240.png 600w, https:\/\/www.markt-kom.com\/wp-content\/uploads\/2025\/04\/4-DE-Werbemarkt-Trend-Mrz.-2025-Top-Advertiser-Produkte-klassisch-768x308.png 768w, https:\/\/www.markt-kom.com\/wp-content\/uploads\/2025\/04\/4-DE-Werbemarkt-Trend-Mrz.-2025-Top-Advertiser-Produkte-klassisch-18x7.png 18w, https:\/\/www.markt-kom.com\/wp-content\/uploads\/2025\/04\/4-DE-Werbemarkt-Trend-Mrz.-2025-Top-Advertiser-Produkte-klassisch-375x150.png 375w, https:\/\/www.markt-kom.com\/wp-content\/uploads\/2025\/04\/4-DE-Werbemarkt-Trend-Mrz.-2025-Top-Advertiser-Produkte-klassisch-760x304.png 760w, https:\/\/www.markt-kom.com\/wp-content\/uploads\/2025\/04\/4-DE-Werbemarkt-Trend-Mrz.-2025-Top-Advertiser-Produkte-klassisch-1000x400.png 1000w\" alt=\"\" width=\"1024\" height=\"410\" \/><\/a> <a href=\"https:\/\/www.markt-kom.com\/wp-content\/uploads\/2025\/04\/5-DE-Werbemarkt-Trend-Mrz.-2025-Media-Mix-klassisch.png\"><img class=\"aligncenter size-full wp-image-233609\" src=\"https:\/\/www.markt-kom.com\/wp-content\/uploads\/2025\/04\/5-DE-Werbemarkt-Trend-Mrz.-2025-Media-Mix-klassisch.png\" sizes=\"(max-width: 1024px) 100vw, 1024px\" srcset=\"https:\/\/www.markt-kom.com\/wp-content\/uploads\/2025\/04\/5-DE-Werbemarkt-Trend-Mrz.-2025-Media-Mix-klassisch.png 1024w, https:\/\/www.markt-kom.com\/wp-content\/uploads\/2025\/04\/5-DE-Werbemarkt-Trend-Mrz.-2025-Media-Mix-klassisch-600x343.png 600w, https:\/\/www.markt-kom.com\/wp-content\/uploads\/2025\/04\/5-DE-Werbemarkt-Trend-Mrz.-2025-Media-Mix-klassisch-768x439.png 768w, https:\/\/www.markt-kom.com\/wp-content\/uploads\/2025\/04\/5-DE-Werbemarkt-Trend-Mrz.-2025-Media-Mix-klassisch-18x10.png 18w, https:\/\/www.markt-kom.com\/wp-content\/uploads\/2025\/04\/5-DE-Werbemarkt-Trend-Mrz.-2025-Media-Mix-klassisch-306x175.png 306w, https:\/\/www.markt-kom.com\/wp-content\/uploads\/2025\/04\/5-DE-Werbemarkt-Trend-Mrz.-2025-Media-Mix-klassisch-613x350.png 613w, https:\/\/www.markt-kom.com\/wp-content\/uploads\/2025\/04\/5-DE-Werbemarkt-Trend-Mrz.-2025-Media-Mix-klassisch-1000x571.png 1000w\" alt=\"\" width=\"1024\" height=\"585\" \/><\/a> <a href=\"https:\/\/www.markt-kom.com\/wp-content\/uploads\/2025\/04\/6-DE-Werbemarkt-Trend-Mrz.-2025-Gesamtmarkt-Grafik-digital.png\"><img class=\"aligncenter size-full wp-image-233610\" src=\"https:\/\/www.markt-kom.com\/wp-content\/uploads\/2025\/04\/6-DE-Werbemarkt-Trend-Mrz.-2025-Gesamtmarkt-Grafik-digital.png\" sizes=\"(max-width: 1024px) 100vw, 1024px\" srcset=\"https:\/\/www.markt-kom.com\/wp-content\/uploads\/2025\/04\/6-DE-Werbemarkt-Trend-Mrz.-2025-Gesamtmarkt-Grafik-digital.png 1024w, https:\/\/www.markt-kom.com\/wp-content\/uploads\/2025\/04\/6-DE-Werbemarkt-Trend-Mrz.-2025-Gesamtmarkt-Grafik-digital-600x343.png 600w, https:\/\/www.markt-kom.com\/wp-content\/uploads\/2025\/04\/6-DE-Werbemarkt-Trend-Mrz.-2025-Gesamtmarkt-Grafik-digital-768x439.png 768w, https:\/\/www.markt-kom.com\/wp-content\/uploads\/2025\/04\/6-DE-Werbemarkt-Trend-Mrz.-2025-Gesamtmarkt-Grafik-digital-18x10.png 18w, https:\/\/www.markt-kom.com\/wp-content\/uploads\/2025\/04\/6-DE-Werbemarkt-Trend-Mrz.-2025-Gesamtmarkt-Grafik-digital-306x175.png 306w, https:\/\/www.markt-kom.com\/wp-content\/uploads\/2025\/04\/6-DE-Werbemarkt-Trend-Mrz.-2025-Gesamtmarkt-Grafik-digital-613x350.png 613w, https:\/\/www.markt-kom.com\/wp-content\/uploads\/2025\/04\/6-DE-Werbemarkt-Trend-Mrz.-2025-Gesamtmarkt-Grafik-digital-1000x571.png 1000w\" alt=\"\" width=\"1024\" height=\"585\" \/><\/a> <a href=\"https:\/\/www.markt-kom.com\/wp-content\/uploads\/2025\/04\/7-DE-Werbemarkt-Trend-Mrz.-2025-Monatsentwicklung-Media-Mix-digital.png\"><img class=\"aligncenter size-full wp-image-233611\" src=\"https:\/\/www.markt-kom.com\/wp-content\/uploads\/2025\/04\/7-DE-Werbemarkt-Trend-Mrz.-2025-Monatsentwicklung-Media-Mix-digital.png\" sizes=\"(max-width: 1024px) 100vw, 1024px\" srcset=\"https:\/\/www.markt-kom.com\/wp-content\/uploads\/2025\/04\/7-DE-Werbemarkt-Trend-Mrz.-2025-Monatsentwicklung-Media-Mix-digital.png 1024w, https:\/\/www.markt-kom.com\/wp-content\/uploads\/2025\/04\/7-DE-Werbemarkt-Trend-Mrz.-2025-Monatsentwicklung-Media-Mix-digital-600x343.png 600w, https:\/\/www.markt-kom.com\/wp-content\/uploads\/2025\/04\/7-DE-Werbemarkt-Trend-Mrz.-2025-Monatsentwicklung-Media-Mix-digital-768x439.png 768w, https:\/\/www.markt-kom.com\/wp-content\/uploads\/2025\/04\/7-DE-Werbemarkt-Trend-Mrz.-2025-Monatsentwicklung-Media-Mix-digital-18x10.png 18w, https:\/\/www.markt-kom.com\/wp-content\/uploads\/2025\/04\/7-DE-Werbemarkt-Trend-Mrz.-2025-Monatsentwicklung-Media-Mix-digital-306x175.png 306w, https:\/\/www.markt-kom.com\/wp-content\/uploads\/2025\/04\/7-DE-Werbemarkt-Trend-Mrz.-2025-Monatsentwicklung-Media-Mix-digital-613x350.png 613w, https:\/\/www.markt-kom.com\/wp-content\/uploads\/2025\/04\/7-DE-Werbemarkt-Trend-Mrz.-2025-Monatsentwicklung-Media-Mix-digital-1000x571.png 1000w\" alt=\"\" width=\"1024\" height=\"585\" \/><\/a><\/p>\r\n<p>Im digitalen Markt liegt die Branche Freizeit, Gastronomie, Tourismus sowohl im Monats- als auch im Jahresranking an der Spitze, w\u00e4hrend im klassischen Markt der Detailhandel f\u00fchrt.<\/p>\r\n<p>Die Platzierungen einzelner Branchen zeigen Parallelen zwischen beiden M\u00e4rkten: Getr\u00e4nke liegt jeweils auf Rang 14, Pharma &amp; Gesundheit sowie Kosmetik &amp; K\u00f6rperpflege bewegen sich im Mittelfeld. W\u00e4hrend Tabakwaren im klassischen Markt das Schlusslicht bilden, belegt die Branche Reinigen diese Position im digitalen Bereich.<\/p>\r\n<p><a href=\"https:\/\/www.markt-kom.com\/wp-content\/uploads\/2025\/04\/8-DE-Werbemarkt-Trend-Mrz.-2025-Branchenranking-SoA-digital.png\"><img class=\"aligncenter size-full wp-image-233612\" src=\"https:\/\/www.markt-kom.com\/wp-content\/uploads\/2025\/04\/8-DE-Werbemarkt-Trend-Mrz.-2025-Branchenranking-SoA-digital.png\" sizes=\"(max-width: 1024px) 100vw, 1024px\" srcset=\"https:\/\/www.markt-kom.com\/wp-content\/uploads\/2025\/04\/8-DE-Werbemarkt-Trend-Mrz.-2025-Branchenranking-SoA-digital.png 1024w, https:\/\/www.markt-kom.com\/wp-content\/uploads\/2025\/04\/8-DE-Werbemarkt-Trend-Mrz.-2025-Branchenranking-SoA-digital-600x343.png 600w, https:\/\/www.markt-kom.com\/wp-content\/uploads\/2025\/04\/8-DE-Werbemarkt-Trend-Mrz.-2025-Branchenranking-SoA-digital-768x439.png 768w, https:\/\/www.markt-kom.com\/wp-content\/uploads\/2025\/04\/8-DE-Werbemarkt-Trend-Mrz.-2025-Branchenranking-SoA-digital-18x10.png 18w, https:\/\/www.markt-kom.com\/wp-content\/uploads\/2025\/04\/8-DE-Werbemarkt-Trend-Mrz.-2025-Branchenranking-SoA-digital-306x175.png 306w, https:\/\/www.markt-kom.com\/wp-content\/uploads\/2025\/04\/8-DE-Werbemarkt-Trend-Mrz.-2025-Branchenranking-SoA-digital-613x350.png 613w, https:\/\/www.markt-kom.com\/wp-content\/uploads\/2025\/04\/8-DE-Werbemarkt-Trend-Mrz.-2025-Branchenranking-SoA-digital-1000x571.png 1000w\" alt=\"\" width=\"1024\" height=\"585\" \/><\/a> <a href=\"https:\/\/www.markt-kom.com\/wp-content\/uploads\/2025\/04\/9-DE-Werbemarkt-Trend-Mrz.-2025-Top-produkte-digital-1-scaled.png\"><img class=\"aligncenter size-full wp-image-233613\" src=\"https:\/\/www.markt-kom.com\/wp-content\/uploads\/2025\/04\/9-DE-Werbemarkt-Trend-Mrz.-2025-Top-produkte-digital-1-scaled.png\" sizes=\"(max-width: 1300px) 100vw, 1300px\" srcset=\"https:\/\/www.markt-kom.com\/wp-content\/uploads\/2025\/04\/9-DE-Werbemarkt-Trend-Mrz.-2025-Top-produkte-digital-1-scaled.png 1300w, https:\/\/www.markt-kom.com\/wp-content\/uploads\/2025\/04\/9-DE-Werbemarkt-Trend-Mrz.-2025-Top-produkte-digital-1-600x216.png 600w, https:\/\/www.markt-kom.com\/wp-content\/uploads\/2025\/04\/9-DE-Werbemarkt-Trend-Mrz.-2025-Top-produkte-digital-1-1024x368.png 1024w, https:\/\/www.markt-kom.com\/wp-content\/uploads\/2025\/04\/9-DE-Werbemarkt-Trend-Mrz.-2025-Top-produkte-digital-1-768x276.png 768w, https:\/\/www.markt-kom.com\/wp-content\/uploads\/2025\/04\/9-DE-Werbemarkt-Trend-Mrz.-2025-Top-produkte-digital-1-1536x552.png 1536w, https:\/\/www.markt-kom.com\/wp-content\/uploads\/2025\/04\/9-DE-Werbemarkt-Trend-Mrz.-2025-Top-produkte-digital-1-2048x736.png 2048w, https:\/\/www.markt-kom.com\/wp-content\/uploads\/2025\/04\/9-DE-Werbemarkt-Trend-Mrz.-2025-Top-produkte-digital-1-18x6.png 18w, https:\/\/www.markt-kom.com\/wp-content\/uploads\/2025\/04\/9-DE-Werbemarkt-Trend-Mrz.-2025-Top-produkte-digital-1-375x135.png 375w, https:\/\/www.markt-kom.com\/wp-content\/uploads\/2025\/04\/9-DE-Werbemarkt-Trend-Mrz.-2025-Top-produkte-digital-1-760x273.png 760w, https:\/\/www.markt-kom.com\/wp-content\/uploads\/2025\/04\/9-DE-Werbemarkt-Trend-Mrz.-2025-Top-produkte-digital-1-1000x359.png 1000w\" alt=\"\" width=\"1300\" height=\"467\" \/><\/a><\/p>\r\n<p>Im Display-Bereich steht der Mobilfunkanbieter Spusu.ch erneut an erster Stelle. Bei SEO bleibt Booking.com an der Spitze, w\u00e4hrend auf YouTube die Nikotinmarke Zyn die vorderste Platzierung erreicht. Das Flugangebot von Swiss Airlines sowie die Plattform Swiss.com erscheinen in beiden Bereichen jeweils auf Platz neun.<\/p>\r\n<p><a href=\"https:\/\/www.markt-kom.com\/wp-content\/uploads\/2025\/04\/10-DE-Werbemarkt-Trend-Mrz.-2025-Media-Mix-digital.png\"><img class=\"aligncenter size-full wp-image-233614\" src=\"https:\/\/www.markt-kom.com\/wp-content\/uploads\/2025\/04\/10-DE-Werbemarkt-Trend-Mrz.-2025-Media-Mix-digital.png\" sizes=\"(max-width: 1024px) 100vw, 1024px\" srcset=\"https:\/\/www.markt-kom.com\/wp-content\/uploads\/2025\/04\/10-DE-Werbemarkt-Trend-Mrz.-2025-Media-Mix-digital.png 1024w, https:\/\/www.markt-kom.com\/wp-content\/uploads\/2025\/04\/10-DE-Werbemarkt-Trend-Mrz.-2025-Media-Mix-digital-600x343.png 600w, https:\/\/www.markt-kom.com\/wp-content\/uploads\/2025\/04\/10-DE-Werbemarkt-Trend-Mrz.-2025-Media-Mix-digital-768x439.png 768w, https:\/\/www.markt-kom.com\/wp-content\/uploads\/2025\/04\/10-DE-Werbemarkt-Trend-Mrz.-2025-Media-Mix-digital-18x10.png 18w, https:\/\/www.markt-kom.com\/wp-content\/uploads\/2025\/04\/10-DE-Werbemarkt-Trend-Mrz.-2025-Media-Mix-digital-306x175.png 306w, https:\/\/www.markt-kom.com\/wp-content\/uploads\/2025\/04\/10-DE-Werbemarkt-Trend-Mrz.-2025-Media-Mix-digital-613x350.png 613w, https:\/\/www.markt-kom.com\/wp-content\/uploads\/2025\/04\/10-DE-Werbemarkt-Trend-Mrz.-2025-Media-Mix-digital-1000x571.png 1000w\" alt=\"\" width=\"1024\" height=\"585\" \/><\/a><\/p>","protected":false},"excerpt":{"rendered":"<p>Der Schweizer Werbemarkt verzeichnet im M\u00e4rz 2025 ein Minus von 4,0 Prozent gegen\u00fcber dem Vorjahresmonat. Gem\u00e4ss Media Focus konnte sich kein klassischer Medienkanal dem Abw\u00e4rtstrend entziehen \u2013 auch im digitalen Bereich zeigen sich R\u00fcckg\u00e4nge.<\/p>\n","protected":false},"author":8,"featured_media":0,"comment_status":"closed","ping_status":"closed","sticky":false,"template":"","format":"standard","meta":{"_acf_changed":false,"_yoast_wpseo_focuskw":"Werbemarkt","_yoast_wpseo_metadesc":"Der Schweizer Werbemarkt verzeichnet im M\u00e4rz 2025 ein Minus von 4,0 Prozent gegen\u00fcber dem Vorjahresmonat.","articlekey":"","footnotes":""},"categories":[29],"tags":[4343,3132,3401],"class_list":["post-37808","post","type-post","status-publish","format-standard","hentry","category-marketing","tag-markom","tag-media-focus","tag-werbemarkt"],"acf":[],"yoast_head":"<!-- This site is optimized with the Yoast SEO plugin v27.5 - https:\/\/yoast.com\/product\/yoast-seo-wordpress\/ -->\n<title>Werbemarkt M\u00e4rz 2025: Klassische Medien weiter unter Druck - Organisator<\/title>\n<meta name=\"description\" content=\"Der Schweizer Werbemarkt verzeichnet im M\u00e4rz 2025 ein Minus von 4,0 Prozent gegen\u00fcber dem Vorjahresmonat.\" \/>\n<meta name=\"robots\" content=\"index, follow, max-snippet:-1, max-image-preview:large, max-video-preview:-1\" \/>\n<link rel=\"canonical\" href=\"https:\/\/www.organisator.ch\/de\/marketing\/2025-04-21\/werbemarkt-maerz-2025-klassische-medien-weiter-unter-druck\/\" \/>\n<meta property=\"og:locale\" content=\"de_DE\" \/>\n<meta property=\"og:type\" content=\"article\" \/>\n<meta property=\"og:title\" content=\"Werbemarkt M\u00e4rz 2025: Klassische Medien weiter unter Druck - Organisator\" \/>\n<meta property=\"og:description\" content=\"Der Schweizer Werbemarkt verzeichnet im M\u00e4rz 2025 ein Minus von 4,0 Prozent gegen\u00fcber dem Vorjahresmonat.\" \/>\n<meta property=\"og:url\" content=\"https:\/\/www.organisator.ch\/de\/marketing\/2025-04-21\/werbemarkt-maerz-2025-klassische-medien-weiter-unter-druck\/\" \/>\n<meta property=\"og:site_name\" content=\"Organisator\" \/>\n<meta property=\"article:publisher\" content=\"https:\/\/www.facebook.com\/OrganisatorFachmagazin\" \/>\n<meta property=\"article:published_time\" content=\"2025-04-21T15:25:46+00:00\" \/>\n<meta property=\"article:modified_time\" content=\"2025-04-22T06:21:46+00:00\" \/>\n<meta name=\"author\" content=\"galledia\" \/>\n<meta name=\"twitter:card\" content=\"summary_large_image\" \/>\n<meta name=\"twitter:creator\" content=\"@admin\" \/>\n<script type=\"application\/ld+json\" class=\"yoast-schema-graph\">{\"@context\":\"https:\\\/\\\/schema.org\",\"@graph\":[{\"@type\":\"Article\",\"@id\":\"https:\\\/\\\/www.organisator.ch\\\/marketing\\\/2025-04-21\\\/werbemarkt-maerz-2025-klassische-medien-weiter-unter-druck\\\/#article\",\"isPartOf\":{\"@id\":\"https:\\\/\\\/www.organisator.ch\\\/marketing\\\/2025-04-21\\\/werbemarkt-maerz-2025-klassische-medien-weiter-unter-druck\\\/\"},\"author\":{\"name\":\"galledia\",\"@id\":\"https:\\\/\\\/www.organisator.ch\\\/#\\\/schema\\\/person\\\/4e51799071cd2dd1232ac003643ef5f0\"},\"headline\":\"Werbemarkt M\u00e4rz 2025: Klassische Medien weiter unter Druck\",\"datePublished\":\"2025-04-21T15:25:46+00:00\",\"dateModified\":\"2025-04-22T06:21:46+00:00\",\"mainEntityOfPage\":{\"@id\":\"https:\\\/\\\/www.organisator.ch\\\/marketing\\\/2025-04-21\\\/werbemarkt-maerz-2025-klassische-medien-weiter-unter-druck\\\/\"},\"wordCount\":387,\"publisher\":{\"@id\":\"https:\\\/\\\/www.organisator.ch\\\/#organization\"},\"image\":{\"@id\":\"https:\\\/\\\/www.organisator.ch\\\/marketing\\\/2025-04-21\\\/werbemarkt-maerz-2025-klassische-medien-weiter-unter-druck\\\/#primaryimage\"},\"thumbnailUrl\":\"https:\\\/\\\/www.markt-kom.com\\\/wp-content\\\/uploads\\\/2024\\\/04\\\/Media-Focus-scaled-1-scaled.jpg\",\"keywords\":[\"MarKom\",\"Media Focus\",\"Werbemarkt\"],\"articleSection\":[\"MARKETING\"],\"inLanguage\":\"de\"},{\"@type\":\"WebPage\",\"@id\":\"https:\\\/\\\/www.organisator.ch\\\/marketing\\\/2025-04-21\\\/werbemarkt-maerz-2025-klassische-medien-weiter-unter-druck\\\/\",\"url\":\"https:\\\/\\\/www.organisator.ch\\\/marketing\\\/2025-04-21\\\/werbemarkt-maerz-2025-klassische-medien-weiter-unter-druck\\\/\",\"name\":\"Werbemarkt M\u00e4rz 2025: Klassische Medien weiter unter Druck - Organisator\",\"isPartOf\":{\"@id\":\"https:\\\/\\\/www.organisator.ch\\\/#website\"},\"primaryImageOfPage\":{\"@id\":\"https:\\\/\\\/www.organisator.ch\\\/marketing\\\/2025-04-21\\\/werbemarkt-maerz-2025-klassische-medien-weiter-unter-druck\\\/#primaryimage\"},\"image\":{\"@id\":\"https:\\\/\\\/www.organisator.ch\\\/marketing\\\/2025-04-21\\\/werbemarkt-maerz-2025-klassische-medien-weiter-unter-druck\\\/#primaryimage\"},\"thumbnailUrl\":\"https:\\\/\\\/www.markt-kom.com\\\/wp-content\\\/uploads\\\/2024\\\/04\\\/Media-Focus-scaled-1-scaled.jpg\",\"datePublished\":\"2025-04-21T15:25:46+00:00\",\"dateModified\":\"2025-04-22T06:21:46+00:00\",\"description\":\"Der Schweizer Werbemarkt verzeichnet im M\u00e4rz 2025 ein Minus von 4,0 Prozent gegen\u00fcber dem Vorjahresmonat.\",\"breadcrumb\":{\"@id\":\"https:\\\/\\\/www.organisator.ch\\\/marketing\\\/2025-04-21\\\/werbemarkt-maerz-2025-klassische-medien-weiter-unter-druck\\\/#breadcrumb\"},\"inLanguage\":\"de\",\"potentialAction\":[{\"@type\":\"ReadAction\",\"target\":[\"https:\\\/\\\/www.organisator.ch\\\/marketing\\\/2025-04-21\\\/werbemarkt-maerz-2025-klassische-medien-weiter-unter-druck\\\/\"]}]},{\"@type\":\"ImageObject\",\"inLanguage\":\"de\",\"@id\":\"https:\\\/\\\/www.organisator.ch\\\/marketing\\\/2025-04-21\\\/werbemarkt-maerz-2025-klassische-medien-weiter-unter-druck\\\/#primaryimage\",\"url\":\"https:\\\/\\\/www.markt-kom.com\\\/wp-content\\\/uploads\\\/2024\\\/04\\\/Media-Focus-scaled-1-scaled.jpg\",\"contentUrl\":\"https:\\\/\\\/www.markt-kom.com\\\/wp-content\\\/uploads\\\/2024\\\/04\\\/Media-Focus-scaled-1-scaled.jpg\"},{\"@type\":\"BreadcrumbList\",\"@id\":\"https:\\\/\\\/www.organisator.ch\\\/marketing\\\/2025-04-21\\\/werbemarkt-maerz-2025-klassische-medien-weiter-unter-druck\\\/#breadcrumb\",\"itemListElement\":[{\"@type\":\"ListItem\",\"position\":1,\"name\":\"Home\",\"item\":\"https:\\\/\\\/www.organisator.ch\\\/\"},{\"@type\":\"ListItem\",\"position\":2,\"name\":\"Werbemarkt M\u00e4rz 2025: Klassische Medien weiter unter Druck\"}]},{\"@type\":\"WebSite\",\"@id\":\"https:\\\/\\\/www.organisator.ch\\\/#website\",\"url\":\"https:\\\/\\\/www.organisator.ch\\\/\",\"name\":\"Organisator\",\"description\":\"Kompetent. Praxisnah. Der ORGANISATOR bereitet in 10 Ausgaben pro Jahr die wesentlichen Themen f\u00fcr F\u00fchrungskr\u00e4fte von KMU auf.\",\"publisher\":{\"@id\":\"https:\\\/\\\/www.organisator.ch\\\/#organization\"},\"potentialAction\":[{\"@type\":\"SearchAction\",\"target\":{\"@type\":\"EntryPoint\",\"urlTemplate\":\"https:\\\/\\\/www.organisator.ch\\\/?s={search_term_string}\"},\"query-input\":{\"@type\":\"PropertyValueSpecification\",\"valueRequired\":true,\"valueName\":\"search_term_string\"}}],\"inLanguage\":\"de\"},{\"@type\":\"Organization\",\"@id\":\"https:\\\/\\\/www.organisator.ch\\\/#organization\",\"name\":\"Organisator\",\"url\":\"https:\\\/\\\/www.organisator.ch\\\/\",\"logo\":{\"@type\":\"ImageObject\",\"inLanguage\":\"de\",\"@id\":\"https:\\\/\\\/www.organisator.ch\\\/#\\\/schema\\\/logo\\\/image\\\/\",\"url\":\"https:\\\/\\\/www.organisator.ch\\\/wp-content\\\/uploads\\\/2022\\\/01\\\/Logo_Organisator_Website.png\",\"contentUrl\":\"https:\\\/\\\/www.organisator.ch\\\/wp-content\\\/uploads\\\/2022\\\/01\\\/Logo_Organisator_Website.png\",\"width\":800,\"height\":77,\"caption\":\"Organisator\"},\"image\":{\"@id\":\"https:\\\/\\\/www.organisator.ch\\\/#\\\/schema\\\/logo\\\/image\\\/\"},\"sameAs\":[\"https:\\\/\\\/www.facebook.com\\\/OrganisatorFachmagazin\",\"https:\\\/\\\/www.linkedin.com\\\/showcase\\\/organisator-das-magazin-fr-kmu\",\"https:\\\/\\\/www.xing.com\\\/news\\\/pages\\\/organisator-ch-695\",\"https:\\\/\\\/www.youtube.com\\\/channel\\\/UCGP2Sq0iWaZwT3BdIAQFYpw\"]},{\"@type\":\"Person\",\"@id\":\"https:\\\/\\\/www.organisator.ch\\\/#\\\/schema\\\/person\\\/4e51799071cd2dd1232ac003643ef5f0\",\"name\":\"galledia\",\"image\":{\"@type\":\"ImageObject\",\"inLanguage\":\"de\",\"@id\":\"https:\\\/\\\/secure.gravatar.com\\\/avatar\\\/78a7f90c01fc2bfc875782a0d4922b37cde2cf184ce347b91316d23cd7f69a36?s=96&d=mm&r=g\",\"url\":\"https:\\\/\\\/secure.gravatar.com\\\/avatar\\\/78a7f90c01fc2bfc875782a0d4922b37cde2cf184ce347b91316d23cd7f69a36?s=96&d=mm&r=g\",\"contentUrl\":\"https:\\\/\\\/secure.gravatar.com\\\/avatar\\\/78a7f90c01fc2bfc875782a0d4922b37cde2cf184ce347b91316d23cd7f69a36?s=96&d=mm&r=g\",\"caption\":\"galledia\"},\"sameAs\":[\"https:\\\/\\\/x.com\\\/admin\"],\"url\":\"https:\\\/\\\/www.organisator.ch\\\/de\\\/author\\\/galledia\\\/\"}]}<\/script>\n<!-- \/ Yoast SEO plugin. -->","yoast_head_json":{"title":"Werbemarkt M\u00e4rz 2025: Klassische Medien weiter unter Druck - Organisator","description":"Der Schweizer Werbemarkt verzeichnet im M\u00e4rz 2025 ein Minus von 4,0 Prozent gegen\u00fcber dem Vorjahresmonat.","robots":{"index":"index","follow":"follow","max-snippet":"max-snippet:-1","max-image-preview":"max-image-preview:large","max-video-preview":"max-video-preview:-1"},"canonical":"https:\/\/www.organisator.ch\/de\/marketing\/2025-04-21\/werbemarkt-maerz-2025-klassische-medien-weiter-unter-druck\/","og_locale":"de_DE","og_type":"article","og_title":"Werbemarkt M\u00e4rz 2025: Klassische Medien weiter unter Druck - Organisator","og_description":"Der Schweizer Werbemarkt verzeichnet im M\u00e4rz 2025 ein Minus von 4,0 Prozent gegen\u00fcber dem Vorjahresmonat.","og_url":"https:\/\/www.organisator.ch\/de\/marketing\/2025-04-21\/werbemarkt-maerz-2025-klassische-medien-weiter-unter-druck\/","og_site_name":"Organisator","article_publisher":"https:\/\/www.facebook.com\/OrganisatorFachmagazin","article_published_time":"2025-04-21T15:25:46+00:00","article_modified_time":"2025-04-22T06:21:46+00:00","author":"galledia","twitter_card":"summary_large_image","twitter_creator":"@admin","schema":{"@context":"https:\/\/schema.org","@graph":[{"@type":"Article","@id":"https:\/\/www.organisator.ch\/marketing\/2025-04-21\/werbemarkt-maerz-2025-klassische-medien-weiter-unter-druck\/#article","isPartOf":{"@id":"https:\/\/www.organisator.ch\/marketing\/2025-04-21\/werbemarkt-maerz-2025-klassische-medien-weiter-unter-druck\/"},"author":{"name":"galledia","@id":"https:\/\/www.organisator.ch\/#\/schema\/person\/4e51799071cd2dd1232ac003643ef5f0"},"headline":"Werbemarkt M\u00e4rz 2025: Klassische Medien weiter unter Druck","datePublished":"2025-04-21T15:25:46+00:00","dateModified":"2025-04-22T06:21:46+00:00","mainEntityOfPage":{"@id":"https:\/\/www.organisator.ch\/marketing\/2025-04-21\/werbemarkt-maerz-2025-klassische-medien-weiter-unter-druck\/"},"wordCount":387,"publisher":{"@id":"https:\/\/www.organisator.ch\/#organization"},"image":{"@id":"https:\/\/www.organisator.ch\/marketing\/2025-04-21\/werbemarkt-maerz-2025-klassische-medien-weiter-unter-druck\/#primaryimage"},"thumbnailUrl":"https:\/\/www.markt-kom.com\/wp-content\/uploads\/2024\/04\/Media-Focus-scaled-1-scaled.jpg","keywords":["MarKom","Media Focus","Werbemarkt"],"articleSection":["MARKETING"],"inLanguage":"de"},{"@type":"WebPage","@id":"https:\/\/www.organisator.ch\/marketing\/2025-04-21\/werbemarkt-maerz-2025-klassische-medien-weiter-unter-druck\/","url":"https:\/\/www.organisator.ch\/marketing\/2025-04-21\/werbemarkt-maerz-2025-klassische-medien-weiter-unter-druck\/","name":"Werbemarkt M\u00e4rz 2025: Klassische Medien weiter unter Druck - Organisator","isPartOf":{"@id":"https:\/\/www.organisator.ch\/#website"},"primaryImageOfPage":{"@id":"https:\/\/www.organisator.ch\/marketing\/2025-04-21\/werbemarkt-maerz-2025-klassische-medien-weiter-unter-druck\/#primaryimage"},"image":{"@id":"https:\/\/www.organisator.ch\/marketing\/2025-04-21\/werbemarkt-maerz-2025-klassische-medien-weiter-unter-druck\/#primaryimage"},"thumbnailUrl":"https:\/\/www.markt-kom.com\/wp-content\/uploads\/2024\/04\/Media-Focus-scaled-1-scaled.jpg","datePublished":"2025-04-21T15:25:46+00:00","dateModified":"2025-04-22T06:21:46+00:00","description":"Der Schweizer Werbemarkt verzeichnet im M\u00e4rz 2025 ein Minus von 4,0 Prozent gegen\u00fcber dem Vorjahresmonat.","breadcrumb":{"@id":"https:\/\/www.organisator.ch\/marketing\/2025-04-21\/werbemarkt-maerz-2025-klassische-medien-weiter-unter-druck\/#breadcrumb"},"inLanguage":"de","potentialAction":[{"@type":"ReadAction","target":["https:\/\/www.organisator.ch\/marketing\/2025-04-21\/werbemarkt-maerz-2025-klassische-medien-weiter-unter-druck\/"]}]},{"@type":"ImageObject","inLanguage":"de","@id":"https:\/\/www.organisator.ch\/marketing\/2025-04-21\/werbemarkt-maerz-2025-klassische-medien-weiter-unter-druck\/#primaryimage","url":"https:\/\/www.markt-kom.com\/wp-content\/uploads\/2024\/04\/Media-Focus-scaled-1-scaled.jpg","contentUrl":"https:\/\/www.markt-kom.com\/wp-content\/uploads\/2024\/04\/Media-Focus-scaled-1-scaled.jpg"},{"@type":"BreadcrumbList","@id":"https:\/\/www.organisator.ch\/marketing\/2025-04-21\/werbemarkt-maerz-2025-klassische-medien-weiter-unter-druck\/#breadcrumb","itemListElement":[{"@type":"ListItem","position":1,"name":"Home","item":"https:\/\/www.organisator.ch\/"},{"@type":"ListItem","position":2,"name":"Werbemarkt M\u00e4rz 2025: Klassische Medien weiter unter Druck"}]},{"@type":"WebSite","@id":"https:\/\/www.organisator.ch\/#website","url":"https:\/\/www.organisator.ch\/","name":"Organisator","description":"Kompetent. Praxisnah. Der ORGANISATOR bereitet in 10 Ausgaben pro Jahr die wesentlichen Themen f\u00fcr F\u00fchrungskr\u00e4fte von KMU auf.","publisher":{"@id":"https:\/\/www.organisator.ch\/#organization"},"potentialAction":[{"@type":"SearchAction","target":{"@type":"EntryPoint","urlTemplate":"https:\/\/www.organisator.ch\/?s={search_term_string}"},"query-input":{"@type":"PropertyValueSpecification","valueRequired":true,"valueName":"search_term_string"}}],"inLanguage":"de"},{"@type":"Organization","@id":"https:\/\/www.organisator.ch\/#organization","name":"Organisator","url":"https:\/\/www.organisator.ch\/","logo":{"@type":"ImageObject","inLanguage":"de","@id":"https:\/\/www.organisator.ch\/#\/schema\/logo\/image\/","url":"https:\/\/www.organisator.ch\/wp-content\/uploads\/2022\/01\/Logo_Organisator_Website.png","contentUrl":"https:\/\/www.organisator.ch\/wp-content\/uploads\/2022\/01\/Logo_Organisator_Website.png","width":800,"height":77,"caption":"Organisator"},"image":{"@id":"https:\/\/www.organisator.ch\/#\/schema\/logo\/image\/"},"sameAs":["https:\/\/www.facebook.com\/OrganisatorFachmagazin","https:\/\/www.linkedin.com\/showcase\/organisator-das-magazin-fr-kmu","https:\/\/www.xing.com\/news\/pages\/organisator-ch-695","https:\/\/www.youtube.com\/channel\/UCGP2Sq0iWaZwT3BdIAQFYpw"]},{"@type":"Person","@id":"https:\/\/www.organisator.ch\/#\/schema\/person\/4e51799071cd2dd1232ac003643ef5f0","name":"galledia","image":{"@type":"ImageObject","inLanguage":"de","@id":"https:\/\/secure.gravatar.com\/avatar\/78a7f90c01fc2bfc875782a0d4922b37cde2cf184ce347b91316d23cd7f69a36?s=96&d=mm&r=g","url":"https:\/\/secure.gravatar.com\/avatar\/78a7f90c01fc2bfc875782a0d4922b37cde2cf184ce347b91316d23cd7f69a36?s=96&d=mm&r=g","contentUrl":"https:\/\/secure.gravatar.com\/avatar\/78a7f90c01fc2bfc875782a0d4922b37cde2cf184ce347b91316d23cd7f69a36?s=96&d=mm&r=g","caption":"galledia"},"sameAs":["https:\/\/x.com\/admin"],"url":"https:\/\/www.organisator.ch\/de\/author\/galledia\/"}]}},"_links":{"self":[{"href":"https:\/\/www.organisator.ch\/de\/wp-json\/wp\/v2\/posts\/37808","targetHints":{"allow":["GET"]}}],"collection":[{"href":"https:\/\/www.organisator.ch\/de\/wp-json\/wp\/v2\/posts"}],"about":[{"href":"https:\/\/www.organisator.ch\/de\/wp-json\/wp\/v2\/types\/post"}],"author":[{"embeddable":true,"href":"https:\/\/www.organisator.ch\/de\/wp-json\/wp\/v2\/users\/8"}],"replies":[{"embeddable":true,"href":"https:\/\/www.organisator.ch\/de\/wp-json\/wp\/v2\/comments?post=37808"}],"version-history":[{"count":5,"href":"https:\/\/www.organisator.ch\/de\/wp-json\/wp\/v2\/posts\/37808\/revisions"}],"predecessor-version":[{"id":37821,"href":"https:\/\/www.organisator.ch\/de\/wp-json\/wp\/v2\/posts\/37808\/revisions\/37821"}],"wp:attachment":[{"href":"https:\/\/www.organisator.ch\/de\/wp-json\/wp\/v2\/media?parent=37808"}],"wp:term":[{"taxonomy":"category","embeddable":true,"href":"https:\/\/www.organisator.ch\/de\/wp-json\/wp\/v2\/categories?post=37808"},{"taxonomy":"post_tag","embeddable":true,"href":"https:\/\/www.organisator.ch\/de\/wp-json\/wp\/v2\/tags?post=37808"}],"curies":[{"name":"wp","href":"https:\/\/api.w.org\/{rel}","templated":true}]}}