{"id":3785,"date":"2018-06-13T08:34:40","date_gmt":"2018-06-13T06:34:40","guid":{"rendered":"https:\/\/www.organisator.ch\/?p=3785"},"modified":"2018-06-13T08:34:40","modified_gmt":"2018-06-13T06:34:40","slug":"seven-air-gebr-meyer-ag-gewinnt-den-prix-svc-zentralschweiz-2018","status":"publish","type":"post","link":"https:\/\/www.organisator.ch\/de\/management\/2018-06-13\/seven-air-gebr-meyer-ag-gewinnt-den-prix-svc-zentralschweiz-2018\/","title":{"rendered":"Seven-Air Gebr. Meyer AG gewinnt den Prix SVC Zentralschweiz 2018"},"content":{"rendered":"<figure id=\"attachment_3786\" aria-describedby=\"caption-attachment-3786\" style=\"width: 640px\" class=\"wp-caption alignnone\"><img loading=\"lazy\" decoding=\"async\" class=\"size-full wp-image-3786\" src=\"https:\/\/www.organisator.ch\/wp-content\/uploads\/2018\/06\/Seven-Air-Gebr-Meyer-AG-gewinnt-den-Prix-SVC-Zentralschweiz-2018_Organisator.jpg\" alt=\"\" width=\"640\" height=\"427\" srcset=\"https:\/\/www.organisator.ch\/wp-content\/uploads\/2018\/06\/Seven-Air-Gebr-Meyer-AG-gewinnt-den-Prix-SVC-Zentralschweiz-2018_Organisator.jpg 640w, https:\/\/www.organisator.ch\/wp-content\/uploads\/2018\/06\/Seven-Air-Gebr-Meyer-AG-gewinnt-den-Prix-SVC-Zentralschweiz-2018_Organisator-16x12.jpg 16w, https:\/\/www.organisator.ch\/wp-content\/uploads\/2018\/06\/Seven-Air-Gebr-Meyer-AG-gewinnt-den-Prix-SVC-Zentralschweiz-2018_Organisator-262x175.jpg 262w, https:\/\/www.organisator.ch\/wp-content\/uploads\/2018\/06\/Seven-Air-Gebr-Meyer-AG-gewinnt-den-Prix-SVC-Zentralschweiz-2018_Organisator-525x350.jpg 525w, https:\/\/www.organisator.ch\/wp-content\/uploads\/2018\/06\/Seven-Air-Gebr-Meyer-AG-gewinnt-den-Prix-SVC-Zentralschweiz-2018_Organisator-300x200.jpg 300w\" sizes=\"auto, (max-width: 640px) 100vw, 640px\" \/><figcaption id=\"caption-attachment-3786\" class=\"wp-caption-text\">Tobias und Christoph Meyer nehmen die Troph\u00e4e des Prix SVC Zentralschweiz 2018 aus den H\u00e4nden von SVC-Pr\u00e4sident Andreas Gerber (links) entgegen. (Bild: Swiss Venture Club)<\/figcaption><\/figure>\n<p>Der Swiss Venture Club (SVC)\u00a0hat am 12. Juni mit\u00a0dem Prix SVC Zentralschweiz 2018\u00a0bereits zum siebten Mal vorbildliche kleine und mittlere Unternehmen (KMU) der Region\u00a0ausgezeichnet. Der Anlass bot den \u00fcber 1\u2018300 geladenen G\u00e4sten aus Wirtschaft, Wissenschaft, Politik und Medien Einblicke in das beeindruckende und vielf\u00e4ltige Unternehmertum der Innerschweiz. Durch die Preisverleihung im KKL Luzern f\u00fchrte Moderator Nik Hartmann.\u00a0Tr\u00e4ger und Initiant des Prix SVC ist der Swiss Venture Club, ein unabh\u00e4ngiger, non-profit-orientierter Verein zur F\u00f6rderung und Unterst\u00fctzung von KMU in der Schweiz. Christoph Baggenstos, SVC Regionenleiter Zentralschweiz, betont: \u201eWir zeichnen Unternehmen aus, die zur KMU-Elite der Schweiz geh\u00f6ren. Unser Blick richtet sich auf vorbildliche Unternehmen, die Arbeitspl\u00e4tze kreieren und die Schweizer Wirtschaft mitgestalten. Mit dem Prix SVC bieten wir diesen Unternehmen eine Plattform, um ihren Erfolg gegen aussen zu zeigen. Nicht zuletzt soll die Aufmerksamkeit, die unsere Preistr\u00e4ger durch den Prix SVC erfahren, auch f\u00fcr andere Unternehmen Ansporn sein.\u201c<\/p>\n<h2>Erster Platz f\u00fcr die Seven-Air Gebr. Meyer AG aus Luzern<\/h2>\n<p>Die 1971 gegr\u00fcndete und in zweiter Generation von den Gebr\u00fcdern Christoph und Tobias Meyer gef\u00fchrte Seven-Air Gebr. Meyer AG ist spezialisiert auf die Herstellung und den Vertrieb von Klimager\u00e4ten und Klimager\u00e4tesystemen weltweit. Das Unternehmen setzt bei ihren Produkten und L\u00f6sungen auf hohe Qualit\u00e4t und optimierte Energie-Nutzung mit W\u00e4rme-R\u00fcckgewinnung und hohen Isolationswerten. Die Ger\u00e4te sind robust, wartungsfreundlich und einfach zu bedienen. Jurypr\u00e4sident Urban Camenzind, Volkswirtschaftsdirektor Kanton Uri, w\u00fcrdigte den Sieger in seiner Laudatio: \u201eDie Seven-Air \u00fcberzeugt durch hohe Qualit\u00e4t und Umweltbewusstsein, kombiniert mit Kompetenz, Kontinuit\u00e4t und Verl\u00e4sslichkeit. Die Jury ist von der hohen Festigungstiefe sowie den unz\u00e4hligen Innovationen im Produktionsprozess beeindruckt.\u201c Weiter lobte er auch die vorbildliche Unternehmenskultur: \u201eDie langj\u00e4hrige Betriebszugeh\u00f6rigkeit von vielen Mitarbeitenden kommt nicht von ungef\u00e4hr. Die Seven-Air Betriebsmusik und das eigene Fussballteam manifestieren diese vorbildlich gelebte Unternehmenskultur.\u201c Seven-Air, mit Hauptsitz in Luzern und Produktionsstandort in Hitzkirch, ist heute mit seinen rund 400 Mitarbeitenden Marktf\u00fchrer in der Schweiz. Zahlreiche Referenzobjekte \u2013 vom Gotthard-Basistunnel \u00fcber die Monte Rosa H\u00fctte bis hin zu B\u00fcrogeb\u00e4uden in den USA, Japan, Russland und Indonesien \u2013 belegen die f\u00fchrende Stellung von Seven-Air. Nach eigenen Angaben hat die Seven-Air Gebr. Meyer AG in der Schweiz einen Marktanteil von 60 Prozent.<\/p>\n<h2>Veriset AG und Rigitrac Traktorenbau AG auf den Pl\u00e4tzen zwei und drei<\/h2>\n<p>Der zweite Platz geht an den Marktf\u00fchrer im Schweizer K\u00fcchenbau, die Veriset AG. Das 1999 gegr\u00fcndete Unternehmen besch\u00e4ftigt heute 270 Mitarbeitende und verf\u00fcgt dank neuen Produktionsanlagen \u00fcber modernste Produktionstechnik, hohe Flexibilit\u00e4t in der Produktion und die Kostenf\u00fchrerschaft im Schweizer K\u00fcchenbau. Das von Inhaber Ueli Jost gef\u00fchrte Unternehmen schafft es mit dem \u201eDesign to Cost\u201c Modell, kostenoptimierte K\u00fcchen nach einem vorgegebenen Zielpreis zu entwickeln und vernetzt mit der \u201eDigitalen K\u00fcche\u201c s\u00e4mtliche K\u00fcchenger\u00e4te auf einer Plattform und er\u00f6ffnet so neue Kocherlebnisse mit grossem Mehrwert f\u00fcr ihre Kunden.\u00a0Bronze holt sich die Rigitrac Traktorenbau AG, dessen Firmenbegr\u00fcndung mit der Vision, einen eigenen Traktors zu bauen, begann. Seither setzt der von Ehepaar Marlis und Sepp Kn\u00fcsel gegr\u00fcndete Familienbetrieb mit laufenden Neuerungen, unter anderem dem Mitteldrehgelenk, neue Massst\u00e4be in der Hangmechanisierung und im Traktorenmarkt generell. Qualit\u00e4t und Perfektion stehen dabei in der Entwicklung und Produktion an erster Stelle. Nebst allen vier T\u00f6chtern Kn\u00fcsel besch\u00e4ftigt der Betrieb mittlerweile 40 Angestellte.<\/p>\n<h2><strong>Auszeichnungen f\u00fcr Bergk\u00e4serei Aschwanden, Bruno\u2019s Best AG und Stanserhorn-Bahn AG<\/strong><\/h2>\n<p>Ebenfalls ausgezeichnet wurden die Bergk\u00e4serei Aschwanden aus Seelisberg, mit ihrem aus Heumilch hergestelltem Bergk\u00e4se, Bruno\u2019s Best AG aus Sarnen, bekannt f\u00fcr ihre beliebten Bruno\u2019s Best Salatsaucen, sowie die Stanserhorn-Bahn AG aus Stans, die mit ihrer CabriO-Bahn eine Tourismusattraktion und Weltneuheit schuf.\u00a0Insgesamt zeigte\u00a0die\u00a0Vergabe des Prix SVC Zentralschweiz 2018\u00a0&#8211; wie\u00a0die Preisvergaben\u00a0in den anderen Regionen \u00fcbrigens auch\u00a0&#8211; einmal mehr die unbestrittene Innovationskraft von Schweizer Unternehmen, die zum Teil in der \u00d6ffentlichkeit kaum bekannt sind.<\/p>\n<p><a href=\"http:\/\/www.swiss-venture-club.ch\"><em>www.swiss-venture-club.ch<\/em><\/a><\/p>\n","protected":false},"excerpt":{"rendered":"<p>Der Swiss Venture Club (SVC)\u00a0hat am 12. Juni mit\u00a0dem Prix SVC Zentralschweiz 2018\u00a0bereits zum siebten Mal vorbildliche kleine und mittlere Unternehmen (KMU) der Region\u00a0ausgezeichnet. Der Anlass bot den \u00fcber 1\u2018300 geladenen G\u00e4sten aus Wirtschaft, Wissenschaft, Politik und Medien Einblicke in das beeindruckende und vielf\u00e4ltige Unternehmertum der Innerschweiz. Durch die Preisverleihung im KKL Luzern f\u00fchrte Moderator [&hellip;]<\/p>\n","protected":false},"author":4,"featured_media":3786,"comment_status":"closed","ping_status":"closed","sticky":false,"template":"","format":"standard","meta":{"_acf_changed":false,"_yoast_wpseo_focuskw":"Prix SVC Zentralschweiz 2018","_yoast_wpseo_metadesc":"Gewinnerin des Prix SVC Zentralschweiz 2018 ist die Seven-Air Gebr. Meyer AG aus Luzern und Hitzkirch. Das Familienunternehmen produziert und vertreibt innovative und energiesparende L\u00fcftungs- und Klimager\u00e4te f\u00fcr den Komfort- und Prozessbereich.","articlekey":"","footnotes":""},"categories":[28],"tags":[66,335,492,504],"class_list":["post-3785","post","type-post","status-publish","format-standard","has-post-thumbnail","hentry","category-management","tag-awards","tag-management-und-unternehmensfuehrung","tag-unternehmen","tag-vereine"],"acf":[],"yoast_head":"<!-- This site is optimized with the Yoast SEO plugin v27.4 - https:\/\/yoast.com\/product\/yoast-seo-wordpress\/ -->\n<title>Seven-Air Gebr. Meyer AG gewinnt den Prix SVC Zentralschweiz 2018 - Organisator<\/title>\n<meta name=\"description\" content=\"Gewinnerin des Prix SVC Zentralschweiz 2018 ist die Seven-Air Gebr. Meyer AG aus Luzern und Hitzkirch. Das Familienunternehmen produziert und vertreibt innovative und energiesparende L\u00fcftungs- und Klimager\u00e4te f\u00fcr den Komfort- und Prozessbereich.\" \/>\n<meta name=\"robots\" content=\"index, follow, max-snippet:-1, max-image-preview:large, max-video-preview:-1\" \/>\n<link rel=\"canonical\" href=\"https:\/\/www.organisator.ch\/de\/management\/2018-06-13\/seven-air-gebr-meyer-ag-gewinnt-den-prix-svc-zentralschweiz-2018\/\" \/>\n<meta property=\"og:locale\" content=\"de_DE\" \/>\n<meta property=\"og:type\" content=\"article\" \/>\n<meta property=\"og:title\" content=\"Seven-Air Gebr. Meyer AG gewinnt den Prix SVC Zentralschweiz 2018\" \/>\n<meta property=\"og:description\" content=\"Gewinnerin des Prix #SVC #Zentralschweiz 2018 ist die #Seven-Air Gebr. Meyer AG aus Luzern und Hitzkirch. Das Familienunternehmen produziert und vertreibt innovative und energiesparende L\u00fcftungs- und Klimager\u00e4te f\u00fcr den Komfort- und Prozessbereich.\" \/>\n<meta property=\"og:url\" content=\"https:\/\/www.organisator.ch\/de\/management\/2018-06-13\/seven-air-gebr-meyer-ag-gewinnt-den-prix-svc-zentralschweiz-2018\/\" \/>\n<meta property=\"og:site_name\" content=\"Organisator\" \/>\n<meta property=\"article:publisher\" content=\"https:\/\/www.facebook.com\/OrganisatorFachmagazin\" \/>\n<meta property=\"article:published_time\" content=\"2018-06-13T06:34:40+00:00\" \/>\n<meta property=\"og:image\" content=\"https:\/\/www.organisator.ch\/wp-content\/uploads\/2018\/06\/Seven-Air-Gebr-Meyer-AG-gewinnt-den-Prix-SVC-Zentralschweiz-2018_Organisator.jpg\" \/>\n\t<meta property=\"og:image:width\" content=\"640\" \/>\n\t<meta property=\"og:image:height\" content=\"427\" \/>\n\t<meta property=\"og:image:type\" content=\"image\/jpeg\" \/>\n<meta name=\"author\" content=\"thomas.berner\" \/>\n<meta name=\"twitter:card\" content=\"summary_large_image\" \/>\n<meta name=\"twitter:title\" content=\"#Seven-Air Gebr. Meyer AG gewinnt den Prix #SVC #Zentralschweiz 2018\" \/>\n<meta name=\"twitter:description\" content=\"Gewinnerin des Prix #SVC #Zentralschweiz 2018 ist die #Seven-Air Gebr. Meyer AG aus Luzern und Hitzkirch. Das Familienunternehmen produziert und vertreibt innovative und energiesparende L\u00fcftungs- und Klimager\u00e4te f\u00fcr den Komfort- und Prozessbereich.\" \/>\n<meta name=\"twitter:image\" content=\"https:\/\/www.organisator.ch\/wp-content\/uploads\/2018\/06\/Seven-Air-Gebr-Meyer-AG-gewinnt-den-Prix-SVC-Zentralschweiz-2018_Organisator.jpg\" \/>\n<script type=\"application\/ld+json\" class=\"yoast-schema-graph\">{\"@context\":\"https:\\\/\\\/schema.org\",\"@graph\":[{\"@type\":\"Article\",\"@id\":\"https:\\\/\\\/www.organisator.ch\\\/management\\\/2018-06-13\\\/seven-air-gebr-meyer-ag-gewinnt-den-prix-svc-zentralschweiz-2018\\\/#article\",\"isPartOf\":{\"@id\":\"https:\\\/\\\/www.organisator.ch\\\/management\\\/2018-06-13\\\/seven-air-gebr-meyer-ag-gewinnt-den-prix-svc-zentralschweiz-2018\\\/\"},\"author\":{\"name\":\"thomas.berner\",\"@id\":\"https:\\\/\\\/www.organisator.ch\\\/#\\\/schema\\\/person\\\/6f650f90b2842cd4c0cc334b4e36f67e\"},\"headline\":\"Seven-Air Gebr. Meyer AG gewinnt den Prix SVC Zentralschweiz 2018\",\"datePublished\":\"2018-06-13T06:34:40+00:00\",\"mainEntityOfPage\":{\"@id\":\"https:\\\/\\\/www.organisator.ch\\\/management\\\/2018-06-13\\\/seven-air-gebr-meyer-ag-gewinnt-den-prix-svc-zentralschweiz-2018\\\/\"},\"wordCount\":713,\"publisher\":{\"@id\":\"https:\\\/\\\/www.organisator.ch\\\/#organization\"},\"image\":{\"@id\":\"https:\\\/\\\/www.organisator.ch\\\/management\\\/2018-06-13\\\/seven-air-gebr-meyer-ag-gewinnt-den-prix-svc-zentralschweiz-2018\\\/#primaryimage\"},\"thumbnailUrl\":\"https:\\\/\\\/www.organisator.ch\\\/wp-content\\\/uploads\\\/2018\\\/06\\\/Seven-Air-Gebr-Meyer-AG-gewinnt-den-Prix-SVC-Zentralschweiz-2018_Organisator.jpg\",\"keywords\":[\"Awards\",\"Management und Unternehmensf\u00fchrung\",\"Unternehmen\",\"Vereine\"],\"articleSection\":[\"MANAGEMENT\"],\"inLanguage\":\"de\"},{\"@type\":\"WebPage\",\"@id\":\"https:\\\/\\\/www.organisator.ch\\\/management\\\/2018-06-13\\\/seven-air-gebr-meyer-ag-gewinnt-den-prix-svc-zentralschweiz-2018\\\/\",\"url\":\"https:\\\/\\\/www.organisator.ch\\\/management\\\/2018-06-13\\\/seven-air-gebr-meyer-ag-gewinnt-den-prix-svc-zentralschweiz-2018\\\/\",\"name\":\"Seven-Air Gebr. Meyer AG gewinnt den Prix SVC Zentralschweiz 2018 - Organisator\",\"isPartOf\":{\"@id\":\"https:\\\/\\\/www.organisator.ch\\\/#website\"},\"primaryImageOfPage\":{\"@id\":\"https:\\\/\\\/www.organisator.ch\\\/management\\\/2018-06-13\\\/seven-air-gebr-meyer-ag-gewinnt-den-prix-svc-zentralschweiz-2018\\\/#primaryimage\"},\"image\":{\"@id\":\"https:\\\/\\\/www.organisator.ch\\\/management\\\/2018-06-13\\\/seven-air-gebr-meyer-ag-gewinnt-den-prix-svc-zentralschweiz-2018\\\/#primaryimage\"},\"thumbnailUrl\":\"https:\\\/\\\/www.organisator.ch\\\/wp-content\\\/uploads\\\/2018\\\/06\\\/Seven-Air-Gebr-Meyer-AG-gewinnt-den-Prix-SVC-Zentralschweiz-2018_Organisator.jpg\",\"datePublished\":\"2018-06-13T06:34:40+00:00\",\"description\":\"Gewinnerin des Prix SVC Zentralschweiz 2018 ist die Seven-Air Gebr. Meyer AG aus Luzern und Hitzkirch. Das Familienunternehmen produziert und vertreibt innovative und energiesparende L\u00fcftungs- und Klimager\u00e4te f\u00fcr den Komfort- und Prozessbereich.\",\"breadcrumb\":{\"@id\":\"https:\\\/\\\/www.organisator.ch\\\/management\\\/2018-06-13\\\/seven-air-gebr-meyer-ag-gewinnt-den-prix-svc-zentralschweiz-2018\\\/#breadcrumb\"},\"inLanguage\":\"de\",\"potentialAction\":[{\"@type\":\"ReadAction\",\"target\":[\"https:\\\/\\\/www.organisator.ch\\\/management\\\/2018-06-13\\\/seven-air-gebr-meyer-ag-gewinnt-den-prix-svc-zentralschweiz-2018\\\/\"]}]},{\"@type\":\"ImageObject\",\"inLanguage\":\"de\",\"@id\":\"https:\\\/\\\/www.organisator.ch\\\/management\\\/2018-06-13\\\/seven-air-gebr-meyer-ag-gewinnt-den-prix-svc-zentralschweiz-2018\\\/#primaryimage\",\"url\":\"https:\\\/\\\/www.organisator.ch\\\/wp-content\\\/uploads\\\/2018\\\/06\\\/Seven-Air-Gebr-Meyer-AG-gewinnt-den-Prix-SVC-Zentralschweiz-2018_Organisator.jpg\",\"contentUrl\":\"https:\\\/\\\/www.organisator.ch\\\/wp-content\\\/uploads\\\/2018\\\/06\\\/Seven-Air-Gebr-Meyer-AG-gewinnt-den-Prix-SVC-Zentralschweiz-2018_Organisator.jpg\",\"width\":640,\"height\":427,\"caption\":\"Tobias und Christoph Meyer nehmen die Troph\u00e4e des Prix SVC Zentralschweiz 2018 aus den H\u00e4nden von SVC-Pr\u00e4sident Andreas Gerber (links) entgegen. (Bild: Swiss Venture Club)\"},{\"@type\":\"BreadcrumbList\",\"@id\":\"https:\\\/\\\/www.organisator.ch\\\/management\\\/2018-06-13\\\/seven-air-gebr-meyer-ag-gewinnt-den-prix-svc-zentralschweiz-2018\\\/#breadcrumb\",\"itemListElement\":[{\"@type\":\"ListItem\",\"position\":1,\"name\":\"Home\",\"item\":\"https:\\\/\\\/www.organisator.ch\\\/\"},{\"@type\":\"ListItem\",\"position\":2,\"name\":\"Seven-Air Gebr. Meyer AG gewinnt den Prix SVC Zentralschweiz 2018\"}]},{\"@type\":\"WebSite\",\"@id\":\"https:\\\/\\\/www.organisator.ch\\\/#website\",\"url\":\"https:\\\/\\\/www.organisator.ch\\\/\",\"name\":\"Organisator\",\"description\":\"Kompetent. Praxisnah. Der ORGANISATOR bereitet in 10 Ausgaben pro Jahr die wesentlichen Themen f\u00fcr F\u00fchrungskr\u00e4fte von KMU auf.\",\"publisher\":{\"@id\":\"https:\\\/\\\/www.organisator.ch\\\/#organization\"},\"potentialAction\":[{\"@type\":\"SearchAction\",\"target\":{\"@type\":\"EntryPoint\",\"urlTemplate\":\"https:\\\/\\\/www.organisator.ch\\\/?s={search_term_string}\"},\"query-input\":{\"@type\":\"PropertyValueSpecification\",\"valueRequired\":true,\"valueName\":\"search_term_string\"}}],\"inLanguage\":\"de\"},{\"@type\":\"Organization\",\"@id\":\"https:\\\/\\\/www.organisator.ch\\\/#organization\",\"name\":\"Organisator\",\"url\":\"https:\\\/\\\/www.organisator.ch\\\/\",\"logo\":{\"@type\":\"ImageObject\",\"inLanguage\":\"de\",\"@id\":\"https:\\\/\\\/www.organisator.ch\\\/#\\\/schema\\\/logo\\\/image\\\/\",\"url\":\"https:\\\/\\\/www.organisator.ch\\\/wp-content\\\/uploads\\\/2022\\\/01\\\/Logo_Organisator_Website.png\",\"contentUrl\":\"https:\\\/\\\/www.organisator.ch\\\/wp-content\\\/uploads\\\/2022\\\/01\\\/Logo_Organisator_Website.png\",\"width\":800,\"height\":77,\"caption\":\"Organisator\"},\"image\":{\"@id\":\"https:\\\/\\\/www.organisator.ch\\\/#\\\/schema\\\/logo\\\/image\\\/\"},\"sameAs\":[\"https:\\\/\\\/www.facebook.com\\\/OrganisatorFachmagazin\",\"https:\\\/\\\/www.linkedin.com\\\/showcase\\\/organisator-das-magazin-fr-kmu\",\"https:\\\/\\\/www.xing.com\\\/news\\\/pages\\\/organisator-ch-695\",\"https:\\\/\\\/www.youtube.com\\\/channel\\\/UCGP2Sq0iWaZwT3BdIAQFYpw\"]},{\"@type\":\"Person\",\"@id\":\"https:\\\/\\\/www.organisator.ch\\\/#\\\/schema\\\/person\\\/6f650f90b2842cd4c0cc334b4e36f67e\",\"name\":\"thomas.berner\",\"image\":{\"@type\":\"ImageObject\",\"inLanguage\":\"de\",\"@id\":\"https:\\\/\\\/secure.gravatar.com\\\/avatar\\\/ac5001d2a36cb6c6cd3e50789007ffca834b477b74a2144564522e944eabff61?s=96&d=mm&r=g\",\"url\":\"https:\\\/\\\/secure.gravatar.com\\\/avatar\\\/ac5001d2a36cb6c6cd3e50789007ffca834b477b74a2144564522e944eabff61?s=96&d=mm&r=g\",\"contentUrl\":\"https:\\\/\\\/secure.gravatar.com\\\/avatar\\\/ac5001d2a36cb6c6cd3e50789007ffca834b477b74a2144564522e944eabff61?s=96&d=mm&r=g\",\"caption\":\"thomas.berner\"},\"url\":\"https:\\\/\\\/www.organisator.ch\\\/de\\\/author\\\/thomas-berner\\\/\"}]}<\/script>\n<!-- \/ Yoast SEO plugin. -->","yoast_head_json":{"title":"Seven-Air Gebr. Meyer AG gewinnt den Prix SVC Zentralschweiz 2018 - Organisator","description":"Gewinnerin des Prix SVC Zentralschweiz 2018 ist die Seven-Air Gebr. Meyer AG aus Luzern und Hitzkirch. Das Familienunternehmen produziert und vertreibt innovative und energiesparende L\u00fcftungs- und Klimager\u00e4te f\u00fcr den Komfort- und Prozessbereich.","robots":{"index":"index","follow":"follow","max-snippet":"max-snippet:-1","max-image-preview":"max-image-preview:large","max-video-preview":"max-video-preview:-1"},"canonical":"https:\/\/www.organisator.ch\/de\/management\/2018-06-13\/seven-air-gebr-meyer-ag-gewinnt-den-prix-svc-zentralschweiz-2018\/","og_locale":"de_DE","og_type":"article","og_title":"Seven-Air Gebr. Meyer AG gewinnt den Prix SVC Zentralschweiz 2018","og_description":"Gewinnerin des Prix #SVC #Zentralschweiz 2018 ist die #Seven-Air Gebr. Meyer AG aus Luzern und Hitzkirch. Das Familienunternehmen produziert und vertreibt innovative und energiesparende L\u00fcftungs- und Klimager\u00e4te f\u00fcr den Komfort- und Prozessbereich.","og_url":"https:\/\/www.organisator.ch\/de\/management\/2018-06-13\/seven-air-gebr-meyer-ag-gewinnt-den-prix-svc-zentralschweiz-2018\/","og_site_name":"Organisator","article_publisher":"https:\/\/www.facebook.com\/OrganisatorFachmagazin","article_published_time":"2018-06-13T06:34:40+00:00","og_image":[{"width":640,"height":427,"url":"https:\/\/www.organisator.ch\/wp-content\/uploads\/2018\/06\/Seven-Air-Gebr-Meyer-AG-gewinnt-den-Prix-SVC-Zentralschweiz-2018_Organisator.jpg","type":"image\/jpeg"}],"author":"thomas.berner","twitter_card":"summary_large_image","twitter_title":"#Seven-Air Gebr. Meyer AG gewinnt den Prix #SVC #Zentralschweiz 2018","twitter_description":"Gewinnerin des Prix #SVC #Zentralschweiz 2018 ist die #Seven-Air Gebr. Meyer AG aus Luzern und Hitzkirch. Das Familienunternehmen produziert und vertreibt innovative und energiesparende L\u00fcftungs- und Klimager\u00e4te f\u00fcr den Komfort- und Prozessbereich.","twitter_image":"https:\/\/www.organisator.ch\/wp-content\/uploads\/2018\/06\/Seven-Air-Gebr-Meyer-AG-gewinnt-den-Prix-SVC-Zentralschweiz-2018_Organisator.jpg","schema":{"@context":"https:\/\/schema.org","@graph":[{"@type":"Article","@id":"https:\/\/www.organisator.ch\/management\/2018-06-13\/seven-air-gebr-meyer-ag-gewinnt-den-prix-svc-zentralschweiz-2018\/#article","isPartOf":{"@id":"https:\/\/www.organisator.ch\/management\/2018-06-13\/seven-air-gebr-meyer-ag-gewinnt-den-prix-svc-zentralschweiz-2018\/"},"author":{"name":"thomas.berner","@id":"https:\/\/www.organisator.ch\/#\/schema\/person\/6f650f90b2842cd4c0cc334b4e36f67e"},"headline":"Seven-Air Gebr. Meyer AG gewinnt den Prix SVC Zentralschweiz 2018","datePublished":"2018-06-13T06:34:40+00:00","mainEntityOfPage":{"@id":"https:\/\/www.organisator.ch\/management\/2018-06-13\/seven-air-gebr-meyer-ag-gewinnt-den-prix-svc-zentralschweiz-2018\/"},"wordCount":713,"publisher":{"@id":"https:\/\/www.organisator.ch\/#organization"},"image":{"@id":"https:\/\/www.organisator.ch\/management\/2018-06-13\/seven-air-gebr-meyer-ag-gewinnt-den-prix-svc-zentralschweiz-2018\/#primaryimage"},"thumbnailUrl":"https:\/\/www.organisator.ch\/wp-content\/uploads\/2018\/06\/Seven-Air-Gebr-Meyer-AG-gewinnt-den-Prix-SVC-Zentralschweiz-2018_Organisator.jpg","keywords":["Awards","Management und Unternehmensf\u00fchrung","Unternehmen","Vereine"],"articleSection":["MANAGEMENT"],"inLanguage":"de"},{"@type":"WebPage","@id":"https:\/\/www.organisator.ch\/management\/2018-06-13\/seven-air-gebr-meyer-ag-gewinnt-den-prix-svc-zentralschweiz-2018\/","url":"https:\/\/www.organisator.ch\/management\/2018-06-13\/seven-air-gebr-meyer-ag-gewinnt-den-prix-svc-zentralschweiz-2018\/","name":"Seven-Air Gebr. Meyer AG gewinnt den Prix SVC Zentralschweiz 2018 - Organisator","isPartOf":{"@id":"https:\/\/www.organisator.ch\/#website"},"primaryImageOfPage":{"@id":"https:\/\/www.organisator.ch\/management\/2018-06-13\/seven-air-gebr-meyer-ag-gewinnt-den-prix-svc-zentralschweiz-2018\/#primaryimage"},"image":{"@id":"https:\/\/www.organisator.ch\/management\/2018-06-13\/seven-air-gebr-meyer-ag-gewinnt-den-prix-svc-zentralschweiz-2018\/#primaryimage"},"thumbnailUrl":"https:\/\/www.organisator.ch\/wp-content\/uploads\/2018\/06\/Seven-Air-Gebr-Meyer-AG-gewinnt-den-Prix-SVC-Zentralschweiz-2018_Organisator.jpg","datePublished":"2018-06-13T06:34:40+00:00","description":"Gewinnerin des Prix SVC Zentralschweiz 2018 ist die Seven-Air Gebr. Meyer AG aus Luzern und Hitzkirch. Das Familienunternehmen produziert und vertreibt innovative und energiesparende L\u00fcftungs- und Klimager\u00e4te f\u00fcr den Komfort- und Prozessbereich.","breadcrumb":{"@id":"https:\/\/www.organisator.ch\/management\/2018-06-13\/seven-air-gebr-meyer-ag-gewinnt-den-prix-svc-zentralschweiz-2018\/#breadcrumb"},"inLanguage":"de","potentialAction":[{"@type":"ReadAction","target":["https:\/\/www.organisator.ch\/management\/2018-06-13\/seven-air-gebr-meyer-ag-gewinnt-den-prix-svc-zentralschweiz-2018\/"]}]},{"@type":"ImageObject","inLanguage":"de","@id":"https:\/\/www.organisator.ch\/management\/2018-06-13\/seven-air-gebr-meyer-ag-gewinnt-den-prix-svc-zentralschweiz-2018\/#primaryimage","url":"https:\/\/www.organisator.ch\/wp-content\/uploads\/2018\/06\/Seven-Air-Gebr-Meyer-AG-gewinnt-den-Prix-SVC-Zentralschweiz-2018_Organisator.jpg","contentUrl":"https:\/\/www.organisator.ch\/wp-content\/uploads\/2018\/06\/Seven-Air-Gebr-Meyer-AG-gewinnt-den-Prix-SVC-Zentralschweiz-2018_Organisator.jpg","width":640,"height":427,"caption":"Tobias und Christoph Meyer nehmen die Troph\u00e4e des Prix SVC Zentralschweiz 2018 aus den H\u00e4nden von SVC-Pr\u00e4sident Andreas Gerber (links) entgegen. (Bild: Swiss Venture Club)"},{"@type":"BreadcrumbList","@id":"https:\/\/www.organisator.ch\/management\/2018-06-13\/seven-air-gebr-meyer-ag-gewinnt-den-prix-svc-zentralschweiz-2018\/#breadcrumb","itemListElement":[{"@type":"ListItem","position":1,"name":"Home","item":"https:\/\/www.organisator.ch\/"},{"@type":"ListItem","position":2,"name":"Seven-Air Gebr. Meyer AG gewinnt den Prix SVC Zentralschweiz 2018"}]},{"@type":"WebSite","@id":"https:\/\/www.organisator.ch\/#website","url":"https:\/\/www.organisator.ch\/","name":"Organisator","description":"Kompetent. Praxisnah. Der ORGANISATOR bereitet in 10 Ausgaben pro Jahr die wesentlichen Themen f\u00fcr F\u00fchrungskr\u00e4fte von KMU auf.","publisher":{"@id":"https:\/\/www.organisator.ch\/#organization"},"potentialAction":[{"@type":"SearchAction","target":{"@type":"EntryPoint","urlTemplate":"https:\/\/www.organisator.ch\/?s={search_term_string}"},"query-input":{"@type":"PropertyValueSpecification","valueRequired":true,"valueName":"search_term_string"}}],"inLanguage":"de"},{"@type":"Organization","@id":"https:\/\/www.organisator.ch\/#organization","name":"Organisator","url":"https:\/\/www.organisator.ch\/","logo":{"@type":"ImageObject","inLanguage":"de","@id":"https:\/\/www.organisator.ch\/#\/schema\/logo\/image\/","url":"https:\/\/www.organisator.ch\/wp-content\/uploads\/2022\/01\/Logo_Organisator_Website.png","contentUrl":"https:\/\/www.organisator.ch\/wp-content\/uploads\/2022\/01\/Logo_Organisator_Website.png","width":800,"height":77,"caption":"Organisator"},"image":{"@id":"https:\/\/www.organisator.ch\/#\/schema\/logo\/image\/"},"sameAs":["https:\/\/www.facebook.com\/OrganisatorFachmagazin","https:\/\/www.linkedin.com\/showcase\/organisator-das-magazin-fr-kmu","https:\/\/www.xing.com\/news\/pages\/organisator-ch-695","https:\/\/www.youtube.com\/channel\/UCGP2Sq0iWaZwT3BdIAQFYpw"]},{"@type":"Person","@id":"https:\/\/www.organisator.ch\/#\/schema\/person\/6f650f90b2842cd4c0cc334b4e36f67e","name":"thomas.berner","image":{"@type":"ImageObject","inLanguage":"de","@id":"https:\/\/secure.gravatar.com\/avatar\/ac5001d2a36cb6c6cd3e50789007ffca834b477b74a2144564522e944eabff61?s=96&d=mm&r=g","url":"https:\/\/secure.gravatar.com\/avatar\/ac5001d2a36cb6c6cd3e50789007ffca834b477b74a2144564522e944eabff61?s=96&d=mm&r=g","contentUrl":"https:\/\/secure.gravatar.com\/avatar\/ac5001d2a36cb6c6cd3e50789007ffca834b477b74a2144564522e944eabff61?s=96&d=mm&r=g","caption":"thomas.berner"},"url":"https:\/\/www.organisator.ch\/de\/author\/thomas-berner\/"}]}},"_links":{"self":[{"href":"https:\/\/www.organisator.ch\/de\/wp-json\/wp\/v2\/posts\/3785","targetHints":{"allow":["GET"]}}],"collection":[{"href":"https:\/\/www.organisator.ch\/de\/wp-json\/wp\/v2\/posts"}],"about":[{"href":"https:\/\/www.organisator.ch\/de\/wp-json\/wp\/v2\/types\/post"}],"author":[{"embeddable":true,"href":"https:\/\/www.organisator.ch\/de\/wp-json\/wp\/v2\/users\/4"}],"replies":[{"embeddable":true,"href":"https:\/\/www.organisator.ch\/de\/wp-json\/wp\/v2\/comments?post=3785"}],"version-history":[{"count":0,"href":"https:\/\/www.organisator.ch\/de\/wp-json\/wp\/v2\/posts\/3785\/revisions"}],"wp:featuredmedia":[{"embeddable":true,"href":"https:\/\/www.organisator.ch\/de\/wp-json\/wp\/v2\/media\/3786"}],"wp:attachment":[{"href":"https:\/\/www.organisator.ch\/de\/wp-json\/wp\/v2\/media?parent=3785"}],"wp:term":[{"taxonomy":"category","embeddable":true,"href":"https:\/\/www.organisator.ch\/de\/wp-json\/wp\/v2\/categories?post=3785"},{"taxonomy":"post_tag","embeddable":true,"href":"https:\/\/www.organisator.ch\/de\/wp-json\/wp\/v2\/tags?post=3785"}],"curies":[{"name":"wp","href":"https:\/\/api.w.org\/{rel}","templated":true}]}}