{"id":37888,"date":"2025-04-23T08:28:53","date_gmt":"2025-04-23T06:28:53","guid":{"rendered":"https:\/\/www.m-q.ch\/?p=21393"},"modified":"2025-04-22T15:52:39","modified_gmt":"2025-04-22T13:52:39","slug":"igitale-produktpaesse-bloqsens-bezieht-neue-raeumlichkeiten-in-biel","status":"publish","type":"post","link":"https:\/\/www.organisator.ch\/de\/operational-excellence\/2025-04-23\/igitale-produktpaesse-bloqsens-bezieht-neue-raeumlichkeiten-in-biel\/","title":{"rendered":"Digitale Produktp\u00e4sse: BloqSens bezieht neue R\u00e4umlichkeiten in Biel"},"content":{"rendered":"<figure id=\"attachment_21395\" class=\"wp-caption alignnone\" style=\"width: 680px;\" aria-describedby=\"caption-attachment-21395\"><img class=\"size-full wp-image-21395\" src=\"https:\/\/www.m-q.ch\/wp-content\/uploads\/2025\/04\/Digitale-Produktpaesse-BloqSens-zieht-in-Biel-ein_MQ.jpg\" sizes=\"(max-width: 680px) 100vw, 680px\" srcset=\"https:\/\/www.m-q.ch\/wp-content\/uploads\/2025\/04\/Digitale-Produktpaesse-BloqSens-zieht-in-Biel-ein_MQ.jpg 680w, https:\/\/www.m-q.ch\/wp-content\/uploads\/2025\/04\/Digitale-Produktpaesse-BloqSens-zieht-in-Biel-ein_MQ-16x12.jpg 16w, https:\/\/www.m-q.ch\/wp-content\/uploads\/2025\/04\/Digitale-Produktpaesse-BloqSens-zieht-in-Biel-ein_MQ-375x276.jpg 375w, https:\/\/www.m-q.ch\/wp-content\/uploads\/2025\/04\/Digitale-Produktpaesse-BloqSens-zieht-in-Biel-ein_MQ-475x350.jpg 475w\" alt=\"\" width=\"680\" height=\"501\" \/>\r\n<figcaption id=\"caption-attachment-21395\" class=\"wp-caption-text\">Peter Krummenacher (BloqSens AG) und Anita J\u00f6rg (SIPBB) begr\u00fcssen sich am neuen Standort. (Bild: zVg \/ BloqSens AG)<\/figcaption>\r\n<\/figure>\r\n<p>BloqSens AG ist ein junges Unternehmen mit Sitz in Biel, Schweiz, das sich auf Digitale Produktp\u00e4sse (DPP, <a href=\"https:\/\/www.m-q.ch\/de\/der-digitale-produktpass-kommt\/\">siehe Hintergrund-Artikel aus MQ 3-4\/2025 \u2013 kostenpflichtig \u2013 hier<\/a>) auf Basis der Distributed-Ledger-Technologie (DLT) spezialisiert hat. Nun bezieht das Unternehmen neue R\u00e4umlichkeiten im Switzerland Innovation Park Biel\/Bienne (SIPBB). Der SIPBB ist eine private, gemeinn\u00fctzige Organisation mit Hauptsitz im Kanton Bern, die industrienahe, vorwiegend angewandte Forschung und Entwicklung betreibt und unterst\u00fctzt. \u00abWir freuen uns sehr, Peter Krummenacher und sein Team in unserem Park begr\u00fcssen zu d\u00fcrfen. Die BloqSens AG tr\u00e4gt mit ihrem Angebot einen wichtigen Teil dazu bei, die Potenziale der digitalen Transformation in Unternehmen voll auszusch\u00f6pfen.\u00bb, sagt Anita J\u00f6rg, COO &amp; CMO des Switzerland Innovation Park Biel\/Bienne.<\/p>\r\n<p>Die BloqSens AG entwickelt \u2013 als \u00abSwiss Made Digital Service\u00bb \u2013 eine Plattform f\u00fcr digitale Produktp\u00e4sse, darunter auch f\u00fcr den digitalen Batteriepass, der ab 2027 gem\u00e4ss EU-Verordnung sowohl f\u00fcr E-Auto-, E-Bike und E-Scooter als auch f\u00fcr industrielle Batterien verpflichtend wird. Mithilfe von Distributed-Ledger-Technologie (DLT) bietet BloqSens manipulationssichere und skalierbare L\u00f6sungen, die Transparenz und R\u00fcckverfolgbarkeit entlang der gesamten Wertsch\u00f6pfungskette erm\u00f6glichen und die Prinzipien der Zirkul\u00e4rwirtschaft unterst\u00fctzen. Neben der Entwicklung branchenspezifischer Anwendungen bietet das Unternehmen auch Beratungsdienstleistungen an, einschliesslich SAP-Beratung. Zudem ist es als Solution Partner von GS1 sowie als Mitglied von CES (Circular Economy Switzerland) und iBAT (Swiss Battery Association) hervorragend vernetzt.<\/p>\r\n<p>Peter Krummenacher, CEO der BloqSens AG, kommentiert: \u00abWir freuen uns sehr, Teil des SIPBB-Netzwerks zu werden. Die N\u00e4he zu f\u00fchrenden Technologiepartnern und die Nutzung der Infrastruktur des Parks werden uns dabei helfen, unsere L\u00f6sungen weiterzuentwickeln und den digitalen Wandel in der Industrie voranzutreiben.\u00bb Der Switzerland Innovation Park Biel\/Bienne ist ein f\u00fchrendes Kompetenzzentrum f\u00fcr angewandte Forschung und Entwicklung in den Bereichen Industrie 4.0 und nachhaltige Technologien. Mit seiner Swiss Smart Factory bietet der Park eine Plattform f\u00fcr Test- und Demonstrationsprojekte sowie ein starkes Netzwerk aus Industrie- und Forschungspartnern.<\/p>\r\n<p><em>Quelle und weitere Informationen: <a href=\"http:\/\/www.bloqsens.com\/\">www.bloqsens.com<\/a><\/em><\/p>\n<p class=\"syndicated-attribution\">Dieser Beitrag erschien urspr\u00fcnglich auf m-q.ch - <a href=\"https:\/\/www.m-q.ch\/de\/digitale-produktpaesse-bloqsens-zieht-in-biel-ein\/\" target=\"_blank\">https:\/\/www.m-q.ch\/de\/digitale-produktpaesse-bloqsens-zieht-in-biel-ein\/<\/a><\/p>","protected":false},"excerpt":{"rendered":"<p>Die BloqSens AG, ein innovatives Schweizer Unternehmen, das sich auf digitale Produktp\u00e4sse (DPP) spezialisiert, hat neue R\u00e4umlichkeiten im Switzerland Innovation Park Biel\/Bienne bezogen. Dieser Schritt markiere einen wichtigen Meilenstein in der Unternehmensentwicklung und unterstreiche das Engagement von BloqSens f\u00fcr Innovation und Zusammenarbeit in der Region, wie es dazu heisst.<\/p>\n","protected":false},"author":8,"featured_media":0,"comment_status":"closed","ping_status":"closed","sticky":false,"template":"","format":"standard","meta":{"_acf_changed":false,"_yoast_wpseo_focuskw":"BloqSens","_yoast_wpseo_metadesc":"Die BloqSens AG, die sich auf digitale Produktp\u00e4sse (DPP) spezialisiert, hat neue R\u00e4umlichkeiten in Biel\/Bienne bezogen.","articlekey":"","footnotes":""},"categories":[582],"tags":[103,5296,358,492],"class_list":["post-37888","post","type-post","status-publish","format-standard","hentry","category-operational-excellence","tag-business-excellence","tag-digitaler-produktpass","tag-nachhaltige-wirtschaft","tag-unternehmen"],"acf":[],"yoast_head":"<!-- This site is optimized with the Yoast SEO plugin v27.5 - https:\/\/yoast.com\/product\/yoast-seo-wordpress\/ -->\n<title>Digitale Produktp\u00e4sse: BloqSens bezieht neue R\u00e4umlichkeiten in Biel - Organisator<\/title>\n<meta name=\"description\" content=\"Die BloqSens AG, die sich auf digitale Produktp\u00e4sse (DPP) spezialisiert, hat neue R\u00e4umlichkeiten in Biel\/Bienne bezogen.\" \/>\n<meta name=\"robots\" content=\"index, follow, max-snippet:-1, max-image-preview:large, max-video-preview:-1\" \/>\n<link rel=\"canonical\" href=\"https:\/\/www.organisator.ch\/de\/operational-excellence\/2025-04-23\/igitale-produktpaesse-bloqsens-bezieht-neue-raeumlichkeiten-in-biel\/\" \/>\n<meta property=\"og:locale\" content=\"de_DE\" \/>\n<meta property=\"og:type\" content=\"article\" \/>\n<meta property=\"og:title\" content=\"Digitale Produktp\u00e4sse: BloqSens bezieht neue R\u00e4umlichkeiten in Biel - Organisator\" \/>\n<meta property=\"og:description\" content=\"Die BloqSens AG, die sich auf digitale Produktp\u00e4sse (DPP) spezialisiert, hat neue R\u00e4umlichkeiten in Biel\/Bienne bezogen.\" \/>\n<meta property=\"og:url\" content=\"https:\/\/www.organisator.ch\/de\/operational-excellence\/2025-04-23\/igitale-produktpaesse-bloqsens-bezieht-neue-raeumlichkeiten-in-biel\/\" \/>\n<meta property=\"og:site_name\" content=\"Organisator\" \/>\n<meta property=\"article:publisher\" content=\"https:\/\/www.facebook.com\/OrganisatorFachmagazin\" \/>\n<meta property=\"article:published_time\" content=\"2025-04-23T06:28:53+00:00\" \/>\n<meta name=\"author\" content=\"galledia\" \/>\n<meta name=\"twitter:card\" content=\"summary_large_image\" \/>\n<meta name=\"twitter:creator\" content=\"@admin\" \/>\n<script type=\"application\/ld+json\" class=\"yoast-schema-graph\">{\"@context\":\"https:\\\/\\\/schema.org\",\"@graph\":[{\"@type\":\"Article\",\"@id\":\"https:\\\/\\\/www.organisator.ch\\\/operational-excellence\\\/2025-04-23\\\/igitale-produktpaesse-bloqsens-bezieht-neue-raeumlichkeiten-in-biel\\\/#article\",\"isPartOf\":{\"@id\":\"https:\\\/\\\/www.organisator.ch\\\/operational-excellence\\\/2025-04-23\\\/igitale-produktpaesse-bloqsens-bezieht-neue-raeumlichkeiten-in-biel\\\/\"},\"author\":{\"name\":\"galledia\",\"@id\":\"https:\\\/\\\/www.organisator.ch\\\/#\\\/schema\\\/person\\\/4e51799071cd2dd1232ac003643ef5f0\"},\"headline\":\"Digitale Produktp\u00e4sse: BloqSens bezieht neue R\u00e4umlichkeiten in Biel\",\"datePublished\":\"2025-04-23T06:28:53+00:00\",\"mainEntityOfPage\":{\"@id\":\"https:\\\/\\\/www.organisator.ch\\\/operational-excellence\\\/2025-04-23\\\/igitale-produktpaesse-bloqsens-bezieht-neue-raeumlichkeiten-in-biel\\\/\"},\"wordCount\":362,\"publisher\":{\"@id\":\"https:\\\/\\\/www.organisator.ch\\\/#organization\"},\"image\":{\"@id\":\"https:\\\/\\\/www.organisator.ch\\\/operational-excellence\\\/2025-04-23\\\/igitale-produktpaesse-bloqsens-bezieht-neue-raeumlichkeiten-in-biel\\\/#primaryimage\"},\"thumbnailUrl\":\"https:\\\/\\\/www.m-q.ch\\\/wp-content\\\/uploads\\\/2025\\\/04\\\/Digitale-Produktpaesse-BloqSens-zieht-in-Biel-ein_MQ.jpg\",\"keywords\":[\"Business Excellence\",\"Digitaler Produktpass\",\"Nachhaltige Wirtschaft\",\"Unternehmen\"],\"articleSection\":[\"OPERATIONAL EXCELLENCE\"],\"inLanguage\":\"de\"},{\"@type\":\"WebPage\",\"@id\":\"https:\\\/\\\/www.organisator.ch\\\/operational-excellence\\\/2025-04-23\\\/igitale-produktpaesse-bloqsens-bezieht-neue-raeumlichkeiten-in-biel\\\/\",\"url\":\"https:\\\/\\\/www.organisator.ch\\\/operational-excellence\\\/2025-04-23\\\/igitale-produktpaesse-bloqsens-bezieht-neue-raeumlichkeiten-in-biel\\\/\",\"name\":\"Digitale Produktp\u00e4sse: BloqSens bezieht neue R\u00e4umlichkeiten in Biel - Organisator\",\"isPartOf\":{\"@id\":\"https:\\\/\\\/www.organisator.ch\\\/#website\"},\"primaryImageOfPage\":{\"@id\":\"https:\\\/\\\/www.organisator.ch\\\/operational-excellence\\\/2025-04-23\\\/igitale-produktpaesse-bloqsens-bezieht-neue-raeumlichkeiten-in-biel\\\/#primaryimage\"},\"image\":{\"@id\":\"https:\\\/\\\/www.organisator.ch\\\/operational-excellence\\\/2025-04-23\\\/igitale-produktpaesse-bloqsens-bezieht-neue-raeumlichkeiten-in-biel\\\/#primaryimage\"},\"thumbnailUrl\":\"https:\\\/\\\/www.m-q.ch\\\/wp-content\\\/uploads\\\/2025\\\/04\\\/Digitale-Produktpaesse-BloqSens-zieht-in-Biel-ein_MQ.jpg\",\"datePublished\":\"2025-04-23T06:28:53+00:00\",\"description\":\"Die BloqSens AG, die sich auf digitale Produktp\u00e4sse (DPP) spezialisiert, hat neue R\u00e4umlichkeiten in Biel\\\/Bienne bezogen.\",\"breadcrumb\":{\"@id\":\"https:\\\/\\\/www.organisator.ch\\\/operational-excellence\\\/2025-04-23\\\/igitale-produktpaesse-bloqsens-bezieht-neue-raeumlichkeiten-in-biel\\\/#breadcrumb\"},\"inLanguage\":\"de\",\"potentialAction\":[{\"@type\":\"ReadAction\",\"target\":[\"https:\\\/\\\/www.organisator.ch\\\/operational-excellence\\\/2025-04-23\\\/igitale-produktpaesse-bloqsens-bezieht-neue-raeumlichkeiten-in-biel\\\/\"]}]},{\"@type\":\"ImageObject\",\"inLanguage\":\"de\",\"@id\":\"https:\\\/\\\/www.organisator.ch\\\/operational-excellence\\\/2025-04-23\\\/igitale-produktpaesse-bloqsens-bezieht-neue-raeumlichkeiten-in-biel\\\/#primaryimage\",\"url\":\"https:\\\/\\\/www.m-q.ch\\\/wp-content\\\/uploads\\\/2025\\\/04\\\/Digitale-Produktpaesse-BloqSens-zieht-in-Biel-ein_MQ.jpg\",\"contentUrl\":\"https:\\\/\\\/www.m-q.ch\\\/wp-content\\\/uploads\\\/2025\\\/04\\\/Digitale-Produktpaesse-BloqSens-zieht-in-Biel-ein_MQ.jpg\"},{\"@type\":\"BreadcrumbList\",\"@id\":\"https:\\\/\\\/www.organisator.ch\\\/operational-excellence\\\/2025-04-23\\\/igitale-produktpaesse-bloqsens-bezieht-neue-raeumlichkeiten-in-biel\\\/#breadcrumb\",\"itemListElement\":[{\"@type\":\"ListItem\",\"position\":1,\"name\":\"Home\",\"item\":\"https:\\\/\\\/www.organisator.ch\\\/\"},{\"@type\":\"ListItem\",\"position\":2,\"name\":\"Digitale Produktp\u00e4sse: BloqSens bezieht neue R\u00e4umlichkeiten in Biel\"}]},{\"@type\":\"WebSite\",\"@id\":\"https:\\\/\\\/www.organisator.ch\\\/#website\",\"url\":\"https:\\\/\\\/www.organisator.ch\\\/\",\"name\":\"Organisator\",\"description\":\"Kompetent. Praxisnah. Der ORGANISATOR bereitet in 10 Ausgaben pro Jahr die wesentlichen Themen f\u00fcr F\u00fchrungskr\u00e4fte von KMU auf.\",\"publisher\":{\"@id\":\"https:\\\/\\\/www.organisator.ch\\\/#organization\"},\"potentialAction\":[{\"@type\":\"SearchAction\",\"target\":{\"@type\":\"EntryPoint\",\"urlTemplate\":\"https:\\\/\\\/www.organisator.ch\\\/?s={search_term_string}\"},\"query-input\":{\"@type\":\"PropertyValueSpecification\",\"valueRequired\":true,\"valueName\":\"search_term_string\"}}],\"inLanguage\":\"de\"},{\"@type\":\"Organization\",\"@id\":\"https:\\\/\\\/www.organisator.ch\\\/#organization\",\"name\":\"Organisator\",\"url\":\"https:\\\/\\\/www.organisator.ch\\\/\",\"logo\":{\"@type\":\"ImageObject\",\"inLanguage\":\"de\",\"@id\":\"https:\\\/\\\/www.organisator.ch\\\/#\\\/schema\\\/logo\\\/image\\\/\",\"url\":\"https:\\\/\\\/www.organisator.ch\\\/wp-content\\\/uploads\\\/2022\\\/01\\\/Logo_Organisator_Website.png\",\"contentUrl\":\"https:\\\/\\\/www.organisator.ch\\\/wp-content\\\/uploads\\\/2022\\\/01\\\/Logo_Organisator_Website.png\",\"width\":800,\"height\":77,\"caption\":\"Organisator\"},\"image\":{\"@id\":\"https:\\\/\\\/www.organisator.ch\\\/#\\\/schema\\\/logo\\\/image\\\/\"},\"sameAs\":[\"https:\\\/\\\/www.facebook.com\\\/OrganisatorFachmagazin\",\"https:\\\/\\\/www.linkedin.com\\\/showcase\\\/organisator-das-magazin-fr-kmu\",\"https:\\\/\\\/www.xing.com\\\/news\\\/pages\\\/organisator-ch-695\",\"https:\\\/\\\/www.youtube.com\\\/channel\\\/UCGP2Sq0iWaZwT3BdIAQFYpw\"]},{\"@type\":\"Person\",\"@id\":\"https:\\\/\\\/www.organisator.ch\\\/#\\\/schema\\\/person\\\/4e51799071cd2dd1232ac003643ef5f0\",\"name\":\"galledia\",\"image\":{\"@type\":\"ImageObject\",\"inLanguage\":\"de\",\"@id\":\"https:\\\/\\\/secure.gravatar.com\\\/avatar\\\/78a7f90c01fc2bfc875782a0d4922b37cde2cf184ce347b91316d23cd7f69a36?s=96&d=mm&r=g\",\"url\":\"https:\\\/\\\/secure.gravatar.com\\\/avatar\\\/78a7f90c01fc2bfc875782a0d4922b37cde2cf184ce347b91316d23cd7f69a36?s=96&d=mm&r=g\",\"contentUrl\":\"https:\\\/\\\/secure.gravatar.com\\\/avatar\\\/78a7f90c01fc2bfc875782a0d4922b37cde2cf184ce347b91316d23cd7f69a36?s=96&d=mm&r=g\",\"caption\":\"galledia\"},\"sameAs\":[\"https:\\\/\\\/x.com\\\/admin\"],\"url\":\"https:\\\/\\\/www.organisator.ch\\\/de\\\/author\\\/galledia\\\/\"}]}<\/script>\n<!-- \/ Yoast SEO plugin. -->","yoast_head_json":{"title":"Digitale Produktp\u00e4sse: BloqSens bezieht neue R\u00e4umlichkeiten in Biel - Organisator","description":"Die BloqSens AG, die sich auf digitale Produktp\u00e4sse (DPP) spezialisiert, hat neue R\u00e4umlichkeiten in Biel\/Bienne bezogen.","robots":{"index":"index","follow":"follow","max-snippet":"max-snippet:-1","max-image-preview":"max-image-preview:large","max-video-preview":"max-video-preview:-1"},"canonical":"https:\/\/www.organisator.ch\/de\/operational-excellence\/2025-04-23\/igitale-produktpaesse-bloqsens-bezieht-neue-raeumlichkeiten-in-biel\/","og_locale":"de_DE","og_type":"article","og_title":"Digitale Produktp\u00e4sse: BloqSens bezieht neue R\u00e4umlichkeiten in Biel - Organisator","og_description":"Die BloqSens AG, die sich auf digitale Produktp\u00e4sse (DPP) spezialisiert, hat neue R\u00e4umlichkeiten in Biel\/Bienne bezogen.","og_url":"https:\/\/www.organisator.ch\/de\/operational-excellence\/2025-04-23\/igitale-produktpaesse-bloqsens-bezieht-neue-raeumlichkeiten-in-biel\/","og_site_name":"Organisator","article_publisher":"https:\/\/www.facebook.com\/OrganisatorFachmagazin","article_published_time":"2025-04-23T06:28:53+00:00","author":"galledia","twitter_card":"summary_large_image","twitter_creator":"@admin","schema":{"@context":"https:\/\/schema.org","@graph":[{"@type":"Article","@id":"https:\/\/www.organisator.ch\/operational-excellence\/2025-04-23\/igitale-produktpaesse-bloqsens-bezieht-neue-raeumlichkeiten-in-biel\/#article","isPartOf":{"@id":"https:\/\/www.organisator.ch\/operational-excellence\/2025-04-23\/igitale-produktpaesse-bloqsens-bezieht-neue-raeumlichkeiten-in-biel\/"},"author":{"name":"galledia","@id":"https:\/\/www.organisator.ch\/#\/schema\/person\/4e51799071cd2dd1232ac003643ef5f0"},"headline":"Digitale Produktp\u00e4sse: BloqSens bezieht neue R\u00e4umlichkeiten in Biel","datePublished":"2025-04-23T06:28:53+00:00","mainEntityOfPage":{"@id":"https:\/\/www.organisator.ch\/operational-excellence\/2025-04-23\/igitale-produktpaesse-bloqsens-bezieht-neue-raeumlichkeiten-in-biel\/"},"wordCount":362,"publisher":{"@id":"https:\/\/www.organisator.ch\/#organization"},"image":{"@id":"https:\/\/www.organisator.ch\/operational-excellence\/2025-04-23\/igitale-produktpaesse-bloqsens-bezieht-neue-raeumlichkeiten-in-biel\/#primaryimage"},"thumbnailUrl":"https:\/\/www.m-q.ch\/wp-content\/uploads\/2025\/04\/Digitale-Produktpaesse-BloqSens-zieht-in-Biel-ein_MQ.jpg","keywords":["Business Excellence","Digitaler Produktpass","Nachhaltige Wirtschaft","Unternehmen"],"articleSection":["OPERATIONAL EXCELLENCE"],"inLanguage":"de"},{"@type":"WebPage","@id":"https:\/\/www.organisator.ch\/operational-excellence\/2025-04-23\/igitale-produktpaesse-bloqsens-bezieht-neue-raeumlichkeiten-in-biel\/","url":"https:\/\/www.organisator.ch\/operational-excellence\/2025-04-23\/igitale-produktpaesse-bloqsens-bezieht-neue-raeumlichkeiten-in-biel\/","name":"Digitale Produktp\u00e4sse: BloqSens bezieht neue R\u00e4umlichkeiten in Biel - Organisator","isPartOf":{"@id":"https:\/\/www.organisator.ch\/#website"},"primaryImageOfPage":{"@id":"https:\/\/www.organisator.ch\/operational-excellence\/2025-04-23\/igitale-produktpaesse-bloqsens-bezieht-neue-raeumlichkeiten-in-biel\/#primaryimage"},"image":{"@id":"https:\/\/www.organisator.ch\/operational-excellence\/2025-04-23\/igitale-produktpaesse-bloqsens-bezieht-neue-raeumlichkeiten-in-biel\/#primaryimage"},"thumbnailUrl":"https:\/\/www.m-q.ch\/wp-content\/uploads\/2025\/04\/Digitale-Produktpaesse-BloqSens-zieht-in-Biel-ein_MQ.jpg","datePublished":"2025-04-23T06:28:53+00:00","description":"Die BloqSens AG, die sich auf digitale Produktp\u00e4sse (DPP) spezialisiert, hat neue R\u00e4umlichkeiten in Biel\/Bienne bezogen.","breadcrumb":{"@id":"https:\/\/www.organisator.ch\/operational-excellence\/2025-04-23\/igitale-produktpaesse-bloqsens-bezieht-neue-raeumlichkeiten-in-biel\/#breadcrumb"},"inLanguage":"de","potentialAction":[{"@type":"ReadAction","target":["https:\/\/www.organisator.ch\/operational-excellence\/2025-04-23\/igitale-produktpaesse-bloqsens-bezieht-neue-raeumlichkeiten-in-biel\/"]}]},{"@type":"ImageObject","inLanguage":"de","@id":"https:\/\/www.organisator.ch\/operational-excellence\/2025-04-23\/igitale-produktpaesse-bloqsens-bezieht-neue-raeumlichkeiten-in-biel\/#primaryimage","url":"https:\/\/www.m-q.ch\/wp-content\/uploads\/2025\/04\/Digitale-Produktpaesse-BloqSens-zieht-in-Biel-ein_MQ.jpg","contentUrl":"https:\/\/www.m-q.ch\/wp-content\/uploads\/2025\/04\/Digitale-Produktpaesse-BloqSens-zieht-in-Biel-ein_MQ.jpg"},{"@type":"BreadcrumbList","@id":"https:\/\/www.organisator.ch\/operational-excellence\/2025-04-23\/igitale-produktpaesse-bloqsens-bezieht-neue-raeumlichkeiten-in-biel\/#breadcrumb","itemListElement":[{"@type":"ListItem","position":1,"name":"Home","item":"https:\/\/www.organisator.ch\/"},{"@type":"ListItem","position":2,"name":"Digitale Produktp\u00e4sse: BloqSens bezieht neue R\u00e4umlichkeiten in Biel"}]},{"@type":"WebSite","@id":"https:\/\/www.organisator.ch\/#website","url":"https:\/\/www.organisator.ch\/","name":"Organisator","description":"Kompetent. Praxisnah. Der ORGANISATOR bereitet in 10 Ausgaben pro Jahr die wesentlichen Themen f\u00fcr F\u00fchrungskr\u00e4fte von KMU auf.","publisher":{"@id":"https:\/\/www.organisator.ch\/#organization"},"potentialAction":[{"@type":"SearchAction","target":{"@type":"EntryPoint","urlTemplate":"https:\/\/www.organisator.ch\/?s={search_term_string}"},"query-input":{"@type":"PropertyValueSpecification","valueRequired":true,"valueName":"search_term_string"}}],"inLanguage":"de"},{"@type":"Organization","@id":"https:\/\/www.organisator.ch\/#organization","name":"Organisator","url":"https:\/\/www.organisator.ch\/","logo":{"@type":"ImageObject","inLanguage":"de","@id":"https:\/\/www.organisator.ch\/#\/schema\/logo\/image\/","url":"https:\/\/www.organisator.ch\/wp-content\/uploads\/2022\/01\/Logo_Organisator_Website.png","contentUrl":"https:\/\/www.organisator.ch\/wp-content\/uploads\/2022\/01\/Logo_Organisator_Website.png","width":800,"height":77,"caption":"Organisator"},"image":{"@id":"https:\/\/www.organisator.ch\/#\/schema\/logo\/image\/"},"sameAs":["https:\/\/www.facebook.com\/OrganisatorFachmagazin","https:\/\/www.linkedin.com\/showcase\/organisator-das-magazin-fr-kmu","https:\/\/www.xing.com\/news\/pages\/organisator-ch-695","https:\/\/www.youtube.com\/channel\/UCGP2Sq0iWaZwT3BdIAQFYpw"]},{"@type":"Person","@id":"https:\/\/www.organisator.ch\/#\/schema\/person\/4e51799071cd2dd1232ac003643ef5f0","name":"galledia","image":{"@type":"ImageObject","inLanguage":"de","@id":"https:\/\/secure.gravatar.com\/avatar\/78a7f90c01fc2bfc875782a0d4922b37cde2cf184ce347b91316d23cd7f69a36?s=96&d=mm&r=g","url":"https:\/\/secure.gravatar.com\/avatar\/78a7f90c01fc2bfc875782a0d4922b37cde2cf184ce347b91316d23cd7f69a36?s=96&d=mm&r=g","contentUrl":"https:\/\/secure.gravatar.com\/avatar\/78a7f90c01fc2bfc875782a0d4922b37cde2cf184ce347b91316d23cd7f69a36?s=96&d=mm&r=g","caption":"galledia"},"sameAs":["https:\/\/x.com\/admin"],"url":"https:\/\/www.organisator.ch\/de\/author\/galledia\/"}]}},"_links":{"self":[{"href":"https:\/\/www.organisator.ch\/de\/wp-json\/wp\/v2\/posts\/37888","targetHints":{"allow":["GET"]}}],"collection":[{"href":"https:\/\/www.organisator.ch\/de\/wp-json\/wp\/v2\/posts"}],"about":[{"href":"https:\/\/www.organisator.ch\/de\/wp-json\/wp\/v2\/types\/post"}],"author":[{"embeddable":true,"href":"https:\/\/www.organisator.ch\/de\/wp-json\/wp\/v2\/users\/8"}],"replies":[{"embeddable":true,"href":"https:\/\/www.organisator.ch\/de\/wp-json\/wp\/v2\/comments?post=37888"}],"version-history":[{"count":6,"href":"https:\/\/www.organisator.ch\/de\/wp-json\/wp\/v2\/posts\/37888\/revisions"}],"predecessor-version":[{"id":37927,"href":"https:\/\/www.organisator.ch\/de\/wp-json\/wp\/v2\/posts\/37888\/revisions\/37927"}],"wp:attachment":[{"href":"https:\/\/www.organisator.ch\/de\/wp-json\/wp\/v2\/media?parent=37888"}],"wp:term":[{"taxonomy":"category","embeddable":true,"href":"https:\/\/www.organisator.ch\/de\/wp-json\/wp\/v2\/categories?post=37888"},{"taxonomy":"post_tag","embeddable":true,"href":"https:\/\/www.organisator.ch\/de\/wp-json\/wp\/v2\/tags?post=37888"}],"curies":[{"name":"wp","href":"https:\/\/api.w.org\/{rel}","templated":true}]}}