{"id":3790,"date":"2018-06-14T14:43:24","date_gmt":"2018-06-14T12:43:24","guid":{"rendered":"https:\/\/www.organisator.ch\/?p=3790"},"modified":"2018-06-14T14:43:24","modified_gmt":"2018-06-14T12:43:24","slug":"neues-data-center-in-biel-eroeffnet-attraktive-it-arbeitsplaetze-geschaffen","status":"publish","type":"post","link":"https:\/\/www.organisator.ch\/de\/management\/it\/2018-06-14\/neues-data-center-in-biel-eroeffnet-attraktive-it-arbeitsplaetze-geschaffen\/","title":{"rendered":"Neues Data Center in Biel er\u00f6ffnet &#8211; attraktive IT-Arbeitspl\u00e4tze geschaffen"},"content":{"rendered":"<figure id=\"attachment_3791\" aria-describedby=\"caption-attachment-3791\" style=\"width: 623px\" class=\"wp-caption alignnone\"><img loading=\"lazy\" decoding=\"async\" class=\"size-full wp-image-3791\" src=\"https:\/\/www.organisator.ch\/wp-content\/uploads\/2018\/06\/Neues-Data-Center-in-Biel-eroeffnet-attraktive-IT-Arbeitsplaetze-geschaffen_Organisator.jpg\" alt=\"\" width=\"623\" height=\"480\" srcset=\"https:\/\/www.organisator.ch\/wp-content\/uploads\/2018\/06\/Neues-Data-Center-in-Biel-eroeffnet-attraktive-IT-Arbeitsplaetze-geschaffen_Organisator.jpg 623w, https:\/\/www.organisator.ch\/wp-content\/uploads\/2018\/06\/Neues-Data-Center-in-Biel-eroeffnet-attraktive-IT-Arbeitsplaetze-geschaffen_Organisator-16x12.jpg 16w, https:\/\/www.organisator.ch\/wp-content\/uploads\/2018\/06\/Neues-Data-Center-in-Biel-eroeffnet-attraktive-IT-Arbeitsplaetze-geschaffen_Organisator-227x175.jpg 227w, https:\/\/www.organisator.ch\/wp-content\/uploads\/2018\/06\/Neues-Data-Center-in-Biel-eroeffnet-attraktive-IT-Arbeitsplaetze-geschaffen_Organisator-454x350.jpg 454w, https:\/\/www.organisator.ch\/wp-content\/uploads\/2018\/06\/Neues-Data-Center-in-Biel-eroeffnet-attraktive-IT-Arbeitsplaetze-geschaffen_Organisator-300x231.jpg 300w\" sizes=\"auto, (max-width: 623px) 100vw, 623px\" \/><figcaption id=\"caption-attachment-3791\" class=\"wp-caption-text\">Das neue Data Center in Biel von aussen. (Bild: DataHub)<\/figcaption><\/figure>\n<p>W\u00e4hrend die Ballungsr\u00e4ume Z\u00fcrich, Bern und das Genferseegebiet gut versorgt sind mit Infrastruktur f\u00fcr die digitale Wirtschaft, kamen der Espace Mittelland und namentlich Biel bisher zu kurz. Seit\u00a0Mitte Juni\u00a0ist diese L\u00fccke geschlossen. \u00abMit dem hub:biel finden Unternehmen die optimale IT-Infrastruktur vor, um von hier aus die Schweiz und die ganze Welt digital zu erobern\u00bb, freute sich Erich Fehr, Stadtpr\u00e4sident von Biel. Adrian Roth, CEO der DataHub Gruppe, erg\u00e4nzte: \u00abDie Region Biel ist bekannt f\u00fcr Pr\u00e4zisionsarbeit. Wir halten es mit unserem neuen Data Center genauso und bieten unseren Kunden nicht nur h\u00f6chste Sicherheit f\u00fcr ihre Daten, sondern betreiben unsere Anlage auch \u00e4usserst umweltfreundlich.\u00bb Aufgrund seines fortschrittlichen technischen Designs wurde der hub:biel im April f\u00fcr den renommierten britischen DCS Award nominiert in der Kategorie f\u00fcr Neuprojekte.<\/p>\n<h2>Bei \u00abAmazon von Biel\u00bb arbeiten<\/h2>\n<p>Die netrics AG bietet als Managed Service Provider und Cloud-Spezialist ein breites Spektrum an Dienstleistungen f\u00fcr das digitale Zeitalter an und ist daher auf das Know-how von Spezialisten angewiesen. Diese Fachleute sind bisweilen rar. \u00abUm Talente der j\u00fcngsten Generation anzuziehen, reichen finanzielle Anreize alleine nicht mehr\u00bb, erkl\u00e4rte Pascal Schmid, CEO netrics AG: \u00abEs braucht auch die richtige Arbeitsatmosph\u00e4re sowie die M\u00f6glichkeit, sich mit den aktuellsten Technologien zu befassen.\u00bb netrics hat die Gelegenheit genutzt und bietet ihren 60 Mitarbeitenden im neuen Hauptquartier ein kontrastreiches und lockeres Ambiente. netrics bedient viele Kunden mit hohen regulatorischen Anforderungen. Hier bietet das neue Data Center strategische Vorteile: \u00abF\u00fcr Kunden mit hohen Anspr\u00fcchen an die Compliance oder spezifischen Sicherheitsanforderungen ist der hub:biel \u2013 kombiniert mit den Angeboten von netrics \u2013 die ideale L\u00f6sung\u00bb, f\u00fcgte Schmid an.<\/p>\n<h2>H\u00f6chste Energieeffizienz \u2013 PUE*-Wert unter 1,25 und Energiedichten bis 20kW pro Rack<\/h2>\n<p>Stromversorgung, Glasfaseranbindung sowie K\u00fchlsysteme und Klimatisierung sind beim hub:biel auf der ganzen Nutzfl\u00e4che von 3000 Quadratmetern redundant ausgelegt (2N-Infrastruktur). Sie erf\u00fcllen h\u00f6chste Sicherheitsstandards. F\u00fcr High Perfomance Computing sind im hub:biel Energiedichten von 15 \u2013 20 kW pro Rack m\u00f6glich. Zum Vergleich: in einem herk\u00f6mmlichen Rechenzentrum sind 2kW pro Rack \u00fcblich. Auf diese Weise kann sehr viel Fl\u00e4che eingespart werden, was in der Schweiz besonders wichtig ist.\u00a0Die sehr hohe Energieeffizienz resultiert aus einer Kombination von Pr\u00e4zisionsk\u00fchlung, neuartiger unterbrechungsfreier Stromversorgung (USV) sowie systematischem Energiemanagement. Erstmals in der Schweiz \u2013 und eines der ersten Male in Europa \u2013 wird im hub:biel eine USV-Anlage von Schneider Electric mit Lithium-Ionen-Batterien eingesetzt, die einen Wirkungsgrad von \u00fcber 98 Prozent erlaubt. Die Gesamtenergieeffizienz im hub:biel liegt bei einem PUE* von unter 1,25. Somit sparen die Kunden viel Geld bei der Stromrechnung.<span style=\"font-family: 'Verdana','sans-serif'; font-size: 10pt;\"><span style=\"color: #000000;\"><\/p>\n<p><\/span><\/span><em>* Als PUE (Power Usage Efficiency) wird das Verh\u00e4ltnis des gesamten elektrischen Energieverbrauchs eines Rechenzentrums (IT-Ger\u00e4te plus Infrastrukturkomponenten) zum elektrischen Energieverbrauch der IT-Ger\u00e4te allein bezeichnet.<\/em><\/p>\n<p>&nbsp;<\/p>\n<p><em>Weitere Informationen: <a href=\"http:\/\/www.data-hub.ch\">www.data-hub.ch<\/a><\/em><\/p>\n<p>&nbsp;<\/p>\n","protected":false},"excerpt":{"rendered":"<p>W\u00e4hrend die Ballungsr\u00e4ume Z\u00fcrich, Bern und das Genferseegebiet gut versorgt sind mit Infrastruktur f\u00fcr die digitale Wirtschaft, kamen der Espace Mittelland und namentlich Biel bisher zu kurz. Seit\u00a0Mitte Juni\u00a0ist diese L\u00fccke geschlossen. \u00abMit dem hub:biel finden Unternehmen die optimale IT-Infrastruktur vor, um von hier aus die Schweiz und die ganze Welt digital zu erobern\u00bb, freute [&hellip;]<\/p>\n","protected":false},"author":4,"featured_media":3791,"comment_status":"open","ping_status":"open","sticky":false,"template":"","format":"standard","meta":{"_acf_changed":false,"_yoast_wpseo_focuskw":"Data Center","_yoast_wpseo_metadesc":"Am 14. Juni wurde im Bieler Industriequartier B\u00f6zingenfeld der hub:biel er\u00f6ffnet. Der schwarze Kubus beherbergt einerseits das neue Hauptquartier des Cloud-Spezialisten netrics, der mit einer aussergew\u00f6hnlichen Arbeitsatmosph\u00e4re weitere IT-Talente anziehen will.","articlekey":"","footnotes":""},"categories":[27],"tags":[123,143,286,492],"class_list":["post-3790","post","type-post","status-publish","format-standard","has-post-thumbnail","hentry","category-it","tag-cloud-computing","tag-data-center","tag-it","tag-unternehmen"],"acf":[],"yoast_head":"<!-- This site is optimized with the Yoast SEO plugin v27.5 - https:\/\/yoast.com\/product\/yoast-seo-wordpress\/ -->\n<title>Neues Data Center in Biel er\u00f6ffnet - attraktive IT-Arbeitspl\u00e4tze geschaffen - Organisator<\/title>\n<meta name=\"description\" content=\"Am 14. Juni wurde im Bieler Industriequartier B\u00f6zingenfeld der hub:biel er\u00f6ffnet. Der schwarze Kubus beherbergt einerseits das neue Hauptquartier des Cloud-Spezialisten netrics, der mit einer aussergew\u00f6hnlichen Arbeitsatmosph\u00e4re weitere IT-Talente anziehen will.\" \/>\n<meta name=\"robots\" content=\"index, follow, max-snippet:-1, max-image-preview:large, max-video-preview:-1\" \/>\n<link rel=\"canonical\" href=\"https:\/\/www.organisator.ch\/de\/management\/it\/2018-06-14\/neues-data-center-in-biel-eroeffnet-attraktive-it-arbeitsplaetze-geschaffen\/\" \/>\n<meta property=\"og:locale\" content=\"de_DE\" \/>\n<meta property=\"og:type\" content=\"article\" \/>\n<meta property=\"og:title\" content=\"Neues Data Center in Biel er\u00f6ffnet - attraktive IT-Arbeitspl\u00e4tze geschaffen\" \/>\n<meta property=\"og:description\" content=\"Am 14. Juni wurde im Bieler Industriequartier B\u00f6zingenfeld der #hub:biel er\u00f6ffnet. Der schwarze Kubus beherbergt einerseits das neue Hauptquartier des Cloud-Spezialisten netrics, der mit einer aussergew\u00f6hnlichen Arbeitsatmosph\u00e4re weitere #IT-Talente anziehen will.\" \/>\n<meta property=\"og:url\" content=\"https:\/\/www.organisator.ch\/de\/management\/it\/2018-06-14\/neues-data-center-in-biel-eroeffnet-attraktive-it-arbeitsplaetze-geschaffen\/\" \/>\n<meta property=\"og:site_name\" content=\"Organisator\" \/>\n<meta property=\"article:publisher\" content=\"https:\/\/www.facebook.com\/OrganisatorFachmagazin\" \/>\n<meta property=\"article:published_time\" content=\"2018-06-14T12:43:24+00:00\" \/>\n<meta property=\"og:image\" content=\"https:\/\/www.organisator.ch\/wp-content\/uploads\/2018\/06\/Neues-Data-Center-in-Biel-eroeffnet-attraktive-IT-Arbeitsplaetze-geschaffen_Organisator.jpg\" \/>\n\t<meta property=\"og:image:width\" content=\"623\" \/>\n\t<meta property=\"og:image:height\" content=\"480\" \/>\n\t<meta property=\"og:image:type\" content=\"image\/jpeg\" \/>\n<meta name=\"author\" content=\"thomas.berner\" \/>\n<meta name=\"twitter:card\" content=\"summary_large_image\" \/>\n<meta name=\"twitter:title\" content=\"Neues Data Center in Biel er\u00f6ffnet - attraktive #IT-Arbeitspl\u00e4tze geschaffen\" \/>\n<meta name=\"twitter:description\" content=\"Am 14. Juni wurde im Bieler Industriequartier B\u00f6zingenfeld der #hub:biel er\u00f6ffnet. Der schwarze Kubus beherbergt einerseits das neue Hauptquartier des #Cloud-Spezialisten #netrics, der mit einer aussergew\u00f6hnlichen Arbeitsatmosph\u00e4re weitere #IT-Talente anziehen will.\" \/>\n<meta name=\"twitter:image\" content=\"https:\/\/www.organisator.ch\/wp-content\/uploads\/2018\/06\/Neues-Data-Center-in-Biel-er\u00f6ffnet-attraktive-IT-Arbeitspl\u00e4tze-geschaffen_Organisator.jpg\" \/>\n<script type=\"application\/ld+json\" class=\"yoast-schema-graph\">{\"@context\":\"https:\\\/\\\/schema.org\",\"@graph\":[{\"@type\":\"Article\",\"@id\":\"https:\\\/\\\/www.organisator.ch\\\/management\\\/it\\\/2018-06-14\\\/neues-data-center-in-biel-eroeffnet-attraktive-it-arbeitsplaetze-geschaffen\\\/#article\",\"isPartOf\":{\"@id\":\"https:\\\/\\\/www.organisator.ch\\\/management\\\/it\\\/2018-06-14\\\/neues-data-center-in-biel-eroeffnet-attraktive-it-arbeitsplaetze-geschaffen\\\/\"},\"author\":{\"name\":\"thomas.berner\",\"@id\":\"https:\\\/\\\/www.organisator.ch\\\/#\\\/schema\\\/person\\\/6f650f90b2842cd4c0cc334b4e36f67e\"},\"headline\":\"Neues Data Center in Biel er\u00f6ffnet &#8211; attraktive IT-Arbeitspl\u00e4tze geschaffen\",\"datePublished\":\"2018-06-14T12:43:24+00:00\",\"mainEntityOfPage\":{\"@id\":\"https:\\\/\\\/www.organisator.ch\\\/management\\\/it\\\/2018-06-14\\\/neues-data-center-in-biel-eroeffnet-attraktive-it-arbeitsplaetze-geschaffen\\\/\"},\"wordCount\":499,\"commentCount\":0,\"publisher\":{\"@id\":\"https:\\\/\\\/www.organisator.ch\\\/#organization\"},\"image\":{\"@id\":\"https:\\\/\\\/www.organisator.ch\\\/management\\\/it\\\/2018-06-14\\\/neues-data-center-in-biel-eroeffnet-attraktive-it-arbeitsplaetze-geschaffen\\\/#primaryimage\"},\"thumbnailUrl\":\"https:\\\/\\\/www.organisator.ch\\\/wp-content\\\/uploads\\\/2018\\\/06\\\/Neues-Data-Center-in-Biel-eroeffnet-attraktive-IT-Arbeitsplaetze-geschaffen_Organisator.jpg\",\"keywords\":[\"Cloud Computing\",\"Data Center\",\"IT\",\"Unternehmen\"],\"articleSection\":[\"IT\"],\"inLanguage\":\"de\"},{\"@type\":\"WebPage\",\"@id\":\"https:\\\/\\\/www.organisator.ch\\\/management\\\/it\\\/2018-06-14\\\/neues-data-center-in-biel-eroeffnet-attraktive-it-arbeitsplaetze-geschaffen\\\/\",\"url\":\"https:\\\/\\\/www.organisator.ch\\\/management\\\/it\\\/2018-06-14\\\/neues-data-center-in-biel-eroeffnet-attraktive-it-arbeitsplaetze-geschaffen\\\/\",\"name\":\"Neues Data Center in Biel er\u00f6ffnet - attraktive IT-Arbeitspl\u00e4tze geschaffen - Organisator\",\"isPartOf\":{\"@id\":\"https:\\\/\\\/www.organisator.ch\\\/#website\"},\"primaryImageOfPage\":{\"@id\":\"https:\\\/\\\/www.organisator.ch\\\/management\\\/it\\\/2018-06-14\\\/neues-data-center-in-biel-eroeffnet-attraktive-it-arbeitsplaetze-geschaffen\\\/#primaryimage\"},\"image\":{\"@id\":\"https:\\\/\\\/www.organisator.ch\\\/management\\\/it\\\/2018-06-14\\\/neues-data-center-in-biel-eroeffnet-attraktive-it-arbeitsplaetze-geschaffen\\\/#primaryimage\"},\"thumbnailUrl\":\"https:\\\/\\\/www.organisator.ch\\\/wp-content\\\/uploads\\\/2018\\\/06\\\/Neues-Data-Center-in-Biel-eroeffnet-attraktive-IT-Arbeitsplaetze-geschaffen_Organisator.jpg\",\"datePublished\":\"2018-06-14T12:43:24+00:00\",\"description\":\"Am 14. Juni wurde im Bieler Industriequartier B\u00f6zingenfeld der hub:biel er\u00f6ffnet. Der schwarze Kubus beherbergt einerseits das neue Hauptquartier des Cloud-Spezialisten netrics, der mit einer aussergew\u00f6hnlichen Arbeitsatmosph\u00e4re weitere IT-Talente anziehen will.\",\"breadcrumb\":{\"@id\":\"https:\\\/\\\/www.organisator.ch\\\/management\\\/it\\\/2018-06-14\\\/neues-data-center-in-biel-eroeffnet-attraktive-it-arbeitsplaetze-geschaffen\\\/#breadcrumb\"},\"inLanguage\":\"de\",\"potentialAction\":[{\"@type\":\"ReadAction\",\"target\":[\"https:\\\/\\\/www.organisator.ch\\\/management\\\/it\\\/2018-06-14\\\/neues-data-center-in-biel-eroeffnet-attraktive-it-arbeitsplaetze-geschaffen\\\/\"]}]},{\"@type\":\"ImageObject\",\"inLanguage\":\"de\",\"@id\":\"https:\\\/\\\/www.organisator.ch\\\/management\\\/it\\\/2018-06-14\\\/neues-data-center-in-biel-eroeffnet-attraktive-it-arbeitsplaetze-geschaffen\\\/#primaryimage\",\"url\":\"https:\\\/\\\/www.organisator.ch\\\/wp-content\\\/uploads\\\/2018\\\/06\\\/Neues-Data-Center-in-Biel-eroeffnet-attraktive-IT-Arbeitsplaetze-geschaffen_Organisator.jpg\",\"contentUrl\":\"https:\\\/\\\/www.organisator.ch\\\/wp-content\\\/uploads\\\/2018\\\/06\\\/Neues-Data-Center-in-Biel-eroeffnet-attraktive-IT-Arbeitsplaetze-geschaffen_Organisator.jpg\",\"width\":623,\"height\":480,\"caption\":\"Das neue Data Center in Biel von aussen. (Bild: DataHub)\"},{\"@type\":\"BreadcrumbList\",\"@id\":\"https:\\\/\\\/www.organisator.ch\\\/management\\\/it\\\/2018-06-14\\\/neues-data-center-in-biel-eroeffnet-attraktive-it-arbeitsplaetze-geschaffen\\\/#breadcrumb\",\"itemListElement\":[{\"@type\":\"ListItem\",\"position\":1,\"name\":\"Home\",\"item\":\"https:\\\/\\\/www.organisator.ch\\\/\"},{\"@type\":\"ListItem\",\"position\":2,\"name\":\"Neues Data Center in Biel er\u00f6ffnet &#8211; attraktive IT-Arbeitspl\u00e4tze geschaffen\"}]},{\"@type\":\"WebSite\",\"@id\":\"https:\\\/\\\/www.organisator.ch\\\/#website\",\"url\":\"https:\\\/\\\/www.organisator.ch\\\/\",\"name\":\"Organisator\",\"description\":\"Kompetent. Praxisnah. Der ORGANISATOR bereitet in 10 Ausgaben pro Jahr die wesentlichen Themen f\u00fcr F\u00fchrungskr\u00e4fte von KMU auf.\",\"publisher\":{\"@id\":\"https:\\\/\\\/www.organisator.ch\\\/#organization\"},\"potentialAction\":[{\"@type\":\"SearchAction\",\"target\":{\"@type\":\"EntryPoint\",\"urlTemplate\":\"https:\\\/\\\/www.organisator.ch\\\/?s={search_term_string}\"},\"query-input\":{\"@type\":\"PropertyValueSpecification\",\"valueRequired\":true,\"valueName\":\"search_term_string\"}}],\"inLanguage\":\"de\"},{\"@type\":\"Organization\",\"@id\":\"https:\\\/\\\/www.organisator.ch\\\/#organization\",\"name\":\"Organisator\",\"url\":\"https:\\\/\\\/www.organisator.ch\\\/\",\"logo\":{\"@type\":\"ImageObject\",\"inLanguage\":\"de\",\"@id\":\"https:\\\/\\\/www.organisator.ch\\\/#\\\/schema\\\/logo\\\/image\\\/\",\"url\":\"https:\\\/\\\/www.organisator.ch\\\/wp-content\\\/uploads\\\/2022\\\/01\\\/Logo_Organisator_Website.png\",\"contentUrl\":\"https:\\\/\\\/www.organisator.ch\\\/wp-content\\\/uploads\\\/2022\\\/01\\\/Logo_Organisator_Website.png\",\"width\":800,\"height\":77,\"caption\":\"Organisator\"},\"image\":{\"@id\":\"https:\\\/\\\/www.organisator.ch\\\/#\\\/schema\\\/logo\\\/image\\\/\"},\"sameAs\":[\"https:\\\/\\\/www.facebook.com\\\/OrganisatorFachmagazin\",\"https:\\\/\\\/www.linkedin.com\\\/showcase\\\/organisator-das-magazin-fr-kmu\",\"https:\\\/\\\/www.xing.com\\\/news\\\/pages\\\/organisator-ch-695\",\"https:\\\/\\\/www.youtube.com\\\/channel\\\/UCGP2Sq0iWaZwT3BdIAQFYpw\"]},{\"@type\":\"Person\",\"@id\":\"https:\\\/\\\/www.organisator.ch\\\/#\\\/schema\\\/person\\\/6f650f90b2842cd4c0cc334b4e36f67e\",\"name\":\"thomas.berner\",\"image\":{\"@type\":\"ImageObject\",\"inLanguage\":\"de\",\"@id\":\"https:\\\/\\\/secure.gravatar.com\\\/avatar\\\/ac5001d2a36cb6c6cd3e50789007ffca834b477b74a2144564522e944eabff61?s=96&d=mm&r=g\",\"url\":\"https:\\\/\\\/secure.gravatar.com\\\/avatar\\\/ac5001d2a36cb6c6cd3e50789007ffca834b477b74a2144564522e944eabff61?s=96&d=mm&r=g\",\"contentUrl\":\"https:\\\/\\\/secure.gravatar.com\\\/avatar\\\/ac5001d2a36cb6c6cd3e50789007ffca834b477b74a2144564522e944eabff61?s=96&d=mm&r=g\",\"caption\":\"thomas.berner\"},\"url\":\"https:\\\/\\\/www.organisator.ch\\\/de\\\/author\\\/thomas-berner\\\/\"}]}<\/script>\n<!-- \/ Yoast SEO plugin. -->","yoast_head_json":{"title":"Neues Data Center in Biel er\u00f6ffnet - attraktive IT-Arbeitspl\u00e4tze geschaffen - Organisator","description":"Am 14. Juni wurde im Bieler Industriequartier B\u00f6zingenfeld der hub:biel er\u00f6ffnet. Der schwarze Kubus beherbergt einerseits das neue Hauptquartier des Cloud-Spezialisten netrics, der mit einer aussergew\u00f6hnlichen Arbeitsatmosph\u00e4re weitere IT-Talente anziehen will.","robots":{"index":"index","follow":"follow","max-snippet":"max-snippet:-1","max-image-preview":"max-image-preview:large","max-video-preview":"max-video-preview:-1"},"canonical":"https:\/\/www.organisator.ch\/de\/management\/it\/2018-06-14\/neues-data-center-in-biel-eroeffnet-attraktive-it-arbeitsplaetze-geschaffen\/","og_locale":"de_DE","og_type":"article","og_title":"Neues Data Center in Biel er\u00f6ffnet - attraktive IT-Arbeitspl\u00e4tze geschaffen","og_description":"Am 14. Juni wurde im Bieler Industriequartier B\u00f6zingenfeld der #hub:biel er\u00f6ffnet. Der schwarze Kubus beherbergt einerseits das neue Hauptquartier des Cloud-Spezialisten netrics, der mit einer aussergew\u00f6hnlichen Arbeitsatmosph\u00e4re weitere #IT-Talente anziehen will.","og_url":"https:\/\/www.organisator.ch\/de\/management\/it\/2018-06-14\/neues-data-center-in-biel-eroeffnet-attraktive-it-arbeitsplaetze-geschaffen\/","og_site_name":"Organisator","article_publisher":"https:\/\/www.facebook.com\/OrganisatorFachmagazin","article_published_time":"2018-06-14T12:43:24+00:00","og_image":[{"width":623,"height":480,"url":"https:\/\/www.organisator.ch\/wp-content\/uploads\/2018\/06\/Neues-Data-Center-in-Biel-eroeffnet-attraktive-IT-Arbeitsplaetze-geschaffen_Organisator.jpg","type":"image\/jpeg"}],"author":"thomas.berner","twitter_card":"summary_large_image","twitter_title":"Neues Data Center in Biel er\u00f6ffnet - attraktive #IT-Arbeitspl\u00e4tze geschaffen","twitter_description":"Am 14. Juni wurde im Bieler Industriequartier B\u00f6zingenfeld der #hub:biel er\u00f6ffnet. Der schwarze Kubus beherbergt einerseits das neue Hauptquartier des #Cloud-Spezialisten #netrics, der mit einer aussergew\u00f6hnlichen Arbeitsatmosph\u00e4re weitere #IT-Talente anziehen will.","twitter_image":"https:\/\/www.organisator.ch\/wp-content\/uploads\/2018\/06\/Neues-Data-Center-in-Biel-er\u00f6ffnet-attraktive-IT-Arbeitspl\u00e4tze-geschaffen_Organisator.jpg","schema":{"@context":"https:\/\/schema.org","@graph":[{"@type":"Article","@id":"https:\/\/www.organisator.ch\/management\/it\/2018-06-14\/neues-data-center-in-biel-eroeffnet-attraktive-it-arbeitsplaetze-geschaffen\/#article","isPartOf":{"@id":"https:\/\/www.organisator.ch\/management\/it\/2018-06-14\/neues-data-center-in-biel-eroeffnet-attraktive-it-arbeitsplaetze-geschaffen\/"},"author":{"name":"thomas.berner","@id":"https:\/\/www.organisator.ch\/#\/schema\/person\/6f650f90b2842cd4c0cc334b4e36f67e"},"headline":"Neues Data Center in Biel er\u00f6ffnet &#8211; attraktive IT-Arbeitspl\u00e4tze geschaffen","datePublished":"2018-06-14T12:43:24+00:00","mainEntityOfPage":{"@id":"https:\/\/www.organisator.ch\/management\/it\/2018-06-14\/neues-data-center-in-biel-eroeffnet-attraktive-it-arbeitsplaetze-geschaffen\/"},"wordCount":499,"commentCount":0,"publisher":{"@id":"https:\/\/www.organisator.ch\/#organization"},"image":{"@id":"https:\/\/www.organisator.ch\/management\/it\/2018-06-14\/neues-data-center-in-biel-eroeffnet-attraktive-it-arbeitsplaetze-geschaffen\/#primaryimage"},"thumbnailUrl":"https:\/\/www.organisator.ch\/wp-content\/uploads\/2018\/06\/Neues-Data-Center-in-Biel-eroeffnet-attraktive-IT-Arbeitsplaetze-geschaffen_Organisator.jpg","keywords":["Cloud Computing","Data Center","IT","Unternehmen"],"articleSection":["IT"],"inLanguage":"de"},{"@type":"WebPage","@id":"https:\/\/www.organisator.ch\/management\/it\/2018-06-14\/neues-data-center-in-biel-eroeffnet-attraktive-it-arbeitsplaetze-geschaffen\/","url":"https:\/\/www.organisator.ch\/management\/it\/2018-06-14\/neues-data-center-in-biel-eroeffnet-attraktive-it-arbeitsplaetze-geschaffen\/","name":"Neues Data Center in Biel er\u00f6ffnet - attraktive IT-Arbeitspl\u00e4tze geschaffen - Organisator","isPartOf":{"@id":"https:\/\/www.organisator.ch\/#website"},"primaryImageOfPage":{"@id":"https:\/\/www.organisator.ch\/management\/it\/2018-06-14\/neues-data-center-in-biel-eroeffnet-attraktive-it-arbeitsplaetze-geschaffen\/#primaryimage"},"image":{"@id":"https:\/\/www.organisator.ch\/management\/it\/2018-06-14\/neues-data-center-in-biel-eroeffnet-attraktive-it-arbeitsplaetze-geschaffen\/#primaryimage"},"thumbnailUrl":"https:\/\/www.organisator.ch\/wp-content\/uploads\/2018\/06\/Neues-Data-Center-in-Biel-eroeffnet-attraktive-IT-Arbeitsplaetze-geschaffen_Organisator.jpg","datePublished":"2018-06-14T12:43:24+00:00","description":"Am 14. Juni wurde im Bieler Industriequartier B\u00f6zingenfeld der hub:biel er\u00f6ffnet. Der schwarze Kubus beherbergt einerseits das neue Hauptquartier des Cloud-Spezialisten netrics, der mit einer aussergew\u00f6hnlichen Arbeitsatmosph\u00e4re weitere IT-Talente anziehen will.","breadcrumb":{"@id":"https:\/\/www.organisator.ch\/management\/it\/2018-06-14\/neues-data-center-in-biel-eroeffnet-attraktive-it-arbeitsplaetze-geschaffen\/#breadcrumb"},"inLanguage":"de","potentialAction":[{"@type":"ReadAction","target":["https:\/\/www.organisator.ch\/management\/it\/2018-06-14\/neues-data-center-in-biel-eroeffnet-attraktive-it-arbeitsplaetze-geschaffen\/"]}]},{"@type":"ImageObject","inLanguage":"de","@id":"https:\/\/www.organisator.ch\/management\/it\/2018-06-14\/neues-data-center-in-biel-eroeffnet-attraktive-it-arbeitsplaetze-geschaffen\/#primaryimage","url":"https:\/\/www.organisator.ch\/wp-content\/uploads\/2018\/06\/Neues-Data-Center-in-Biel-eroeffnet-attraktive-IT-Arbeitsplaetze-geschaffen_Organisator.jpg","contentUrl":"https:\/\/www.organisator.ch\/wp-content\/uploads\/2018\/06\/Neues-Data-Center-in-Biel-eroeffnet-attraktive-IT-Arbeitsplaetze-geschaffen_Organisator.jpg","width":623,"height":480,"caption":"Das neue Data Center in Biel von aussen. (Bild: DataHub)"},{"@type":"BreadcrumbList","@id":"https:\/\/www.organisator.ch\/management\/it\/2018-06-14\/neues-data-center-in-biel-eroeffnet-attraktive-it-arbeitsplaetze-geschaffen\/#breadcrumb","itemListElement":[{"@type":"ListItem","position":1,"name":"Home","item":"https:\/\/www.organisator.ch\/"},{"@type":"ListItem","position":2,"name":"Neues Data Center in Biel er\u00f6ffnet &#8211; attraktive IT-Arbeitspl\u00e4tze geschaffen"}]},{"@type":"WebSite","@id":"https:\/\/www.organisator.ch\/#website","url":"https:\/\/www.organisator.ch\/","name":"Organisator","description":"Kompetent. Praxisnah. Der ORGANISATOR bereitet in 10 Ausgaben pro Jahr die wesentlichen Themen f\u00fcr F\u00fchrungskr\u00e4fte von KMU auf.","publisher":{"@id":"https:\/\/www.organisator.ch\/#organization"},"potentialAction":[{"@type":"SearchAction","target":{"@type":"EntryPoint","urlTemplate":"https:\/\/www.organisator.ch\/?s={search_term_string}"},"query-input":{"@type":"PropertyValueSpecification","valueRequired":true,"valueName":"search_term_string"}}],"inLanguage":"de"},{"@type":"Organization","@id":"https:\/\/www.organisator.ch\/#organization","name":"Organisator","url":"https:\/\/www.organisator.ch\/","logo":{"@type":"ImageObject","inLanguage":"de","@id":"https:\/\/www.organisator.ch\/#\/schema\/logo\/image\/","url":"https:\/\/www.organisator.ch\/wp-content\/uploads\/2022\/01\/Logo_Organisator_Website.png","contentUrl":"https:\/\/www.organisator.ch\/wp-content\/uploads\/2022\/01\/Logo_Organisator_Website.png","width":800,"height":77,"caption":"Organisator"},"image":{"@id":"https:\/\/www.organisator.ch\/#\/schema\/logo\/image\/"},"sameAs":["https:\/\/www.facebook.com\/OrganisatorFachmagazin","https:\/\/www.linkedin.com\/showcase\/organisator-das-magazin-fr-kmu","https:\/\/www.xing.com\/news\/pages\/organisator-ch-695","https:\/\/www.youtube.com\/channel\/UCGP2Sq0iWaZwT3BdIAQFYpw"]},{"@type":"Person","@id":"https:\/\/www.organisator.ch\/#\/schema\/person\/6f650f90b2842cd4c0cc334b4e36f67e","name":"thomas.berner","image":{"@type":"ImageObject","inLanguage":"de","@id":"https:\/\/secure.gravatar.com\/avatar\/ac5001d2a36cb6c6cd3e50789007ffca834b477b74a2144564522e944eabff61?s=96&d=mm&r=g","url":"https:\/\/secure.gravatar.com\/avatar\/ac5001d2a36cb6c6cd3e50789007ffca834b477b74a2144564522e944eabff61?s=96&d=mm&r=g","contentUrl":"https:\/\/secure.gravatar.com\/avatar\/ac5001d2a36cb6c6cd3e50789007ffca834b477b74a2144564522e944eabff61?s=96&d=mm&r=g","caption":"thomas.berner"},"url":"https:\/\/www.organisator.ch\/de\/author\/thomas-berner\/"}]}},"_links":{"self":[{"href":"https:\/\/www.organisator.ch\/de\/wp-json\/wp\/v2\/posts\/3790","targetHints":{"allow":["GET"]}}],"collection":[{"href":"https:\/\/www.organisator.ch\/de\/wp-json\/wp\/v2\/posts"}],"about":[{"href":"https:\/\/www.organisator.ch\/de\/wp-json\/wp\/v2\/types\/post"}],"author":[{"embeddable":true,"href":"https:\/\/www.organisator.ch\/de\/wp-json\/wp\/v2\/users\/4"}],"replies":[{"embeddable":true,"href":"https:\/\/www.organisator.ch\/de\/wp-json\/wp\/v2\/comments?post=3790"}],"version-history":[{"count":0,"href":"https:\/\/www.organisator.ch\/de\/wp-json\/wp\/v2\/posts\/3790\/revisions"}],"wp:featuredmedia":[{"embeddable":true,"href":"https:\/\/www.organisator.ch\/de\/wp-json\/wp\/v2\/media\/3791"}],"wp:attachment":[{"href":"https:\/\/www.organisator.ch\/de\/wp-json\/wp\/v2\/media?parent=3790"}],"wp:term":[{"taxonomy":"category","embeddable":true,"href":"https:\/\/www.organisator.ch\/de\/wp-json\/wp\/v2\/categories?post=3790"},{"taxonomy":"post_tag","embeddable":true,"href":"https:\/\/www.organisator.ch\/de\/wp-json\/wp\/v2\/tags?post=3790"}],"curies":[{"name":"wp","href":"https:\/\/api.w.org\/{rel}","templated":true}]}}