{"id":37900,"date":"2025-04-23T08:34:03","date_gmt":"2025-04-23T06:34:03","guid":{"rendered":"https:\/\/www.organisator.ch\/?p=37900"},"modified":"2025-04-25T11:55:59","modified_gmt":"2025-04-25T09:55:59","slug":"green-feiert-das-30-jaehrige-jubilaeum","status":"publish","type":"post","link":"https:\/\/www.organisator.ch\/de\/management\/2025-04-23\/green-feiert-das-30-jaehrige-jubilaeum\/","title":{"rendered":"Green feiert das 30-j\u00e4hrige Jubil\u00e4um"},"content":{"rendered":"<figure id=\"attachment_37901\" aria-describedby=\"caption-attachment-37901\" style=\"width: 680px\" class=\"wp-caption alignnone\"><img loading=\"lazy\" decoding=\"async\" class=\"size-full wp-image-37901\" src=\"https:\/\/www.organisator.ch\/wp-content\/uploads\/2025\/04\/Green-feiert-das-30-jaehrige-Jubilaeum_Organisator.jpg\" alt=\"\" width=\"680\" height=\"454\" srcset=\"https:\/\/www.organisator.ch\/wp-content\/uploads\/2025\/04\/Green-feiert-das-30-jaehrige-Jubilaeum_Organisator.jpg 680w, https:\/\/www.organisator.ch\/wp-content\/uploads\/2025\/04\/Green-feiert-das-30-jaehrige-Jubilaeum_Organisator-18x12.jpg 18w, https:\/\/www.organisator.ch\/wp-content\/uploads\/2025\/04\/Green-feiert-das-30-jaehrige-Jubilaeum_Organisator-375x250.jpg 375w, https:\/\/www.organisator.ch\/wp-content\/uploads\/2025\/04\/Green-feiert-das-30-jaehrige-Jubilaeum_Organisator-524x350.jpg 524w\" sizes=\"auto, (max-width: 680px) 100vw, 680px\" \/><figcaption id=\"caption-attachment-37901\" class=\"wp-caption-text\">Eines von sechs Datencentern von Green ist jenes in Z\u00fcrich City. (Bild: Green.ch)<\/figcaption><\/figure>\n<p>Green feiert in diesem Jahr ihr 30-j\u00e4hriges Bestehen und eine beeindruckende Entwicklung: Aus der Internetanbieterin der ersten Stunde ist eine landesweite Providerin f\u00fcr Breitbandinternet und Hosting-Dienstleistungen f\u00fcr Private und <a href=\"https:\/\/www.organisator.ch\/de\/allgemein\/2016-10-18\/green-bringt-kmu-ins-rechenzentrum\/\">Unternehmen<\/a> geworden. Mit seinen vier Standorten z\u00e4hlt das Unternehmen heute zu den f\u00fchrenden Rechenzentrumsanbietern in der Schweiz und spielt eine zentrale Rolle in der digitalen Infrastruktur des Landes.<\/p>\n<h3><strong>Drei Jahrzehnte Innovation und Wachstum<\/strong><\/h3>\n<p>Seit der Gr\u00fcndung hat Green neue Technologien fr\u00fch erkannt und konsequent in L\u00f6sungen f\u00fcr eine vernetzte, sichere digitale Zukunft \u00fcbersetzt. Das Internet- und Hosting-Gesch\u00e4ft wurde durch organisches Wachstum und gezielte \u00dcbernahmen laufend ausgebaut.<\/p>\n<p>Die Geschichte von green.ch beginnt 1995, als der Schweizer Bauernverband unter agri.ch erste Internetzug\u00e4nge (zum Lokaltarif) anzubieten begann. 1998 wird agri.ch eine eigenst\u00e4ndige Aktiengesellschaft und 2001 nach einem Besitzerwechsel in green.ch umfirmiert. 2008 wurde das Unternehmen von der in der Zentralschweiz ans\u00e4ssigen Solution 25 AG \u00fcbernommen, mit der Tochtergesellschaft TIC the Internet Company fusioniert und unter green.ch weitergef\u00fchrt. 2002 steigt green.ch in das zukunftsweisende Datacenter-Gesch\u00e4ft ein, das sie seit 2010 unter Green Datacenter AG f\u00fchrt. 2016 wird Green vollst\u00e4ndig Teil der luxemburgischen Telekom-Gruppe Altice, die bereits seit 2008 beteiligt war. Im Anschluss wird Green per Februar 2018 von InfraVia Capital Partners, einer Investmentgesellschaft spezialisiert auf den europ\u00e4ischen Infrastruktursektor, \u00fcbernommen. Seit 2021 treten green.ch AG und Green Datacenter AG unter neuem Auftritt unter der Marke Green zusammen auf.<\/p>\n<h3>Weitere strategische Meilensteine<\/h3>\n<p>Green verdreifachte zwischen 2019 und 2024 ihre Datacenter-Kapazit\u00e4ten. Mit der Er\u00f6ffnung des ersten Hochleistungs-Datacenter f\u00fcr Cloud-Provider (Hyperscaler) in der Schweiz im Jahr 2019 und der anschliessenden Planung eines neuen Campus in Dielsdorf, baute das Unternehmen seine f\u00fchrende Position aus. Der Metro-Campus Z\u00fcrich ist ein Grossprojekt, mit drei Hochleistungsrechenzentren und B\u00fcrogeb\u00e4uden. Das erste Datacenter wurde Anfang 2023 in Betrieb genommen, im Herbst 2023 wurde bereits der Baustart von zwei weiteren Datacenter auf dem Campus bekanntgegeben.<\/p>\n<p>Ein Meilenstein markierte die k\u00fcrzlich angek\u00fcndigte Partnerschaft mit Salt, durch die Green heute \u00fcber eine einzigartige Fiber-Netzabdeckung verf\u00fcgt. Das Unternehmen bietet Zugang zu den Netzen von Swisscom, Salt und \u00fcber 80 lokalen Anbietern. \u00abWir haben ein kunden- und marktorientiertes Angebot etabliert, bei dem Servicequalit\u00e4t und Kundenzufriedenheit im Fokus stehen\u00bb, sagt CEO Roger S\u00fcess. Unter dem Jubil\u00e4umsmotto \u00ab30 Jahre happy mit Green\u00bb bedankt sich das Unternehmen bei Neu- und Bestandskunden mit Aktionen und Gewinnspielen.<\/p>\n<h3><strong>Datacenter als Fundament der digitalen Zukunft<\/strong><\/h3>\n<p>Schon fr\u00fch wurde das Potenzial von Rechenzentren erkannt: Bereits 2002 wurden erste Datacenter-Fl\u00e4chen eingerichtet. Heute betreibt das Unternehmen sechs Hochleistungs-Rechenzentren und ist die einzige Anbieterin in der Schweiz mit dem international anerkannten M&amp;O Stamp of Approval des Uptime Institutes \u2013 dem f\u00fchrenden Standard f\u00fcr Betrieb und Management von unternehmenskritischen Rechenzentren. \u00abDatacenter sind das R\u00fcckgrat der Digitalisierung: f\u00fcr Unternehmen, Wirtschaft und Gesellschaft\u00bb, sagt Franz Gr\u00fcter, VR-Pr\u00e4sident von Green. Der Ausbau geht weiter: Aktuell entstehen zwei neue Datacenter in Dielsdorf sowie ein weiteres in Lupfig. \u00abWir schaffen die Infrastruktur, auf der die digitale Schweiz wachsen kann\u00bb, erkl\u00e4rt Roger S\u00fcess und erg\u00e4nzt: \u00abDie Digitalisierung ist gekommen, um zu bleiben \u2013 und sie verlangt eine Infrastruktur, die leistungsf\u00e4hig, nachhaltig und sicher ist.\u00bb<\/p>\n<p><em><a href=\"http:\/\/www.green.ch\">Quelle und weitere Informationen<\/a><\/p>\n<p><\/em><\/p>\n<p><em>(Der Artikel wurde am 25. April 2025 aktualisiert)<\/em><\/p>\n","protected":false},"excerpt":{"rendered":"<p>Green blickt auf drei Jahrzehnte Firmengeschichte zur\u00fcck \u2013 und richtet den Blick nach vorn: mit starken Partnerschaften, neuer Infrastruktur und wachsender internationaler Nachfrage.<\/p>\n","protected":false},"author":4,"featured_media":37901,"comment_status":"closed","ping_status":"closed","sticky":false,"template":"","format":"standard","meta":{"_acf_changed":false,"_yoast_wpseo_focuskw":"Green","_yoast_wpseo_metadesc":"Green blickt auf drei Jahrzehnte Firmengeschichte zur\u00fcck \u2013 und richtet den Blick nach vorn, u.a. mit wachsender internationaler Nachfrage.","articlekey":"","footnotes":""},"categories":[28],"tags":[156,206,2660,492],"class_list":["post-37900","post","type-post","status-publish","format-standard","has-post-thumbnail","hentry","category-management","tag-digitalisierung","tag-firmenjubilaeum","tag-rechenzentren","tag-unternehmen"],"acf":[],"yoast_head":"<!-- This site is optimized with the Yoast SEO plugin v27.5 - https:\/\/yoast.com\/product\/yoast-seo-wordpress\/ -->\n<title>Green feiert das 30-j\u00e4hrige Jubil\u00e4um - Organisator<\/title>\n<meta name=\"description\" content=\"Green blickt auf drei Jahrzehnte Firmengeschichte zur\u00fcck \u2013 und richtet den Blick nach vorn, u.a. mit wachsender internationaler Nachfrage.\" \/>\n<meta name=\"robots\" content=\"index, follow, max-snippet:-1, max-image-preview:large, max-video-preview:-1\" \/>\n<link rel=\"canonical\" href=\"https:\/\/www.organisator.ch\/de\/management\/2025-04-23\/green-feiert-das-30-jaehrige-jubilaeum\/\" \/>\n<meta property=\"og:locale\" content=\"de_DE\" \/>\n<meta property=\"og:type\" content=\"article\" \/>\n<meta property=\"og:title\" content=\"Green feiert das 30-j\u00e4hrige Jubil\u00e4um\" \/>\n<meta property=\"og:description\" content=\"Green blickt auf drei Jahrzehnte Firmengeschichte zur\u00fcck \u2013 und richtet den Blick nach vorn, u.a. mit wachsender internationaler Nachfrage.\" \/>\n<meta property=\"og:url\" content=\"https:\/\/www.organisator.ch\/de\/management\/2025-04-23\/green-feiert-das-30-jaehrige-jubilaeum\/\" \/>\n<meta property=\"og:site_name\" content=\"Organisator\" \/>\n<meta property=\"article:publisher\" content=\"https:\/\/www.facebook.com\/OrganisatorFachmagazin\" \/>\n<meta property=\"article:published_time\" content=\"2025-04-23T06:34:03+00:00\" \/>\n<meta property=\"article:modified_time\" content=\"2025-04-25T09:55:59+00:00\" \/>\n<meta property=\"og:image\" content=\"https:\/\/www.organisator.ch\/wp-content\/uploads\/2025\/04\/Green-feiert-das-30-jaehrige-Jubilaeum_Organisator.jpg\" \/>\n\t<meta property=\"og:image:width\" content=\"680\" \/>\n\t<meta property=\"og:image:height\" content=\"454\" \/>\n\t<meta property=\"og:image:type\" content=\"image\/jpeg\" \/>\n<meta name=\"author\" content=\"thomas.berner\" \/>\n<meta name=\"twitter:card\" content=\"summary_large_image\" \/>\n<meta name=\"twitter:title\" content=\"#Green feiert das #30-j\u00e4hrige Jubil\u00e4um\" \/>\n<meta name=\"twitter:description\" content=\"#Green blickt auf drei Jahrzehnte Firmengeschichte zur\u00fcck \u2013 und richtet den Blick nach vorn, u.a. mit wachsender internationaler Nachfrage.\" \/>\n<meta name=\"twitter:image\" content=\"https:\/\/www.organisator.ch\/wp-content\/uploads\/2025\/04\/Green-feiert-das-30-jaehrige-Jubilaeum_Organisator.jpg\" \/>\n<script type=\"application\/ld+json\" class=\"yoast-schema-graph\">{\"@context\":\"https:\\\/\\\/schema.org\",\"@graph\":[{\"@type\":\"Article\",\"@id\":\"https:\\\/\\\/www.organisator.ch\\\/management\\\/2025-04-23\\\/green-feiert-das-30-jaehrige-jubilaeum\\\/#article\",\"isPartOf\":{\"@id\":\"https:\\\/\\\/www.organisator.ch\\\/management\\\/2025-04-23\\\/green-feiert-das-30-jaehrige-jubilaeum\\\/\"},\"author\":{\"name\":\"thomas.berner\",\"@id\":\"https:\\\/\\\/www.organisator.ch\\\/#\\\/schema\\\/person\\\/6f650f90b2842cd4c0cc334b4e36f67e\"},\"headline\":\"Green feiert das 30-j\u00e4hrige Jubil\u00e4um\",\"datePublished\":\"2025-04-23T06:34:03+00:00\",\"dateModified\":\"2025-04-25T09:55:59+00:00\",\"mainEntityOfPage\":{\"@id\":\"https:\\\/\\\/www.organisator.ch\\\/management\\\/2025-04-23\\\/green-feiert-das-30-jaehrige-jubilaeum\\\/\"},\"wordCount\":566,\"publisher\":{\"@id\":\"https:\\\/\\\/www.organisator.ch\\\/#organization\"},\"image\":{\"@id\":\"https:\\\/\\\/www.organisator.ch\\\/management\\\/2025-04-23\\\/green-feiert-das-30-jaehrige-jubilaeum\\\/#primaryimage\"},\"thumbnailUrl\":\"https:\\\/\\\/www.organisator.ch\\\/wp-content\\\/uploads\\\/2025\\\/04\\\/Green-feiert-das-30-jaehrige-Jubilaeum_Organisator.jpg\",\"keywords\":[\"Digitalisierung\",\"Firmenjubil\u00e4um\",\"Rechenzentren\",\"Unternehmen\"],\"articleSection\":[\"MANAGEMENT\"],\"inLanguage\":\"de\"},{\"@type\":\"WebPage\",\"@id\":\"https:\\\/\\\/www.organisator.ch\\\/management\\\/2025-04-23\\\/green-feiert-das-30-jaehrige-jubilaeum\\\/\",\"url\":\"https:\\\/\\\/www.organisator.ch\\\/management\\\/2025-04-23\\\/green-feiert-das-30-jaehrige-jubilaeum\\\/\",\"name\":\"Green feiert das 30-j\u00e4hrige Jubil\u00e4um - Organisator\",\"isPartOf\":{\"@id\":\"https:\\\/\\\/www.organisator.ch\\\/#website\"},\"primaryImageOfPage\":{\"@id\":\"https:\\\/\\\/www.organisator.ch\\\/management\\\/2025-04-23\\\/green-feiert-das-30-jaehrige-jubilaeum\\\/#primaryimage\"},\"image\":{\"@id\":\"https:\\\/\\\/www.organisator.ch\\\/management\\\/2025-04-23\\\/green-feiert-das-30-jaehrige-jubilaeum\\\/#primaryimage\"},\"thumbnailUrl\":\"https:\\\/\\\/www.organisator.ch\\\/wp-content\\\/uploads\\\/2025\\\/04\\\/Green-feiert-das-30-jaehrige-Jubilaeum_Organisator.jpg\",\"datePublished\":\"2025-04-23T06:34:03+00:00\",\"dateModified\":\"2025-04-25T09:55:59+00:00\",\"description\":\"Green blickt auf drei Jahrzehnte Firmengeschichte zur\u00fcck \u2013 und richtet den Blick nach vorn, u.a. mit wachsender internationaler Nachfrage.\",\"breadcrumb\":{\"@id\":\"https:\\\/\\\/www.organisator.ch\\\/management\\\/2025-04-23\\\/green-feiert-das-30-jaehrige-jubilaeum\\\/#breadcrumb\"},\"inLanguage\":\"de\",\"potentialAction\":[{\"@type\":\"ReadAction\",\"target\":[\"https:\\\/\\\/www.organisator.ch\\\/management\\\/2025-04-23\\\/green-feiert-das-30-jaehrige-jubilaeum\\\/\"]}]},{\"@type\":\"ImageObject\",\"inLanguage\":\"de\",\"@id\":\"https:\\\/\\\/www.organisator.ch\\\/management\\\/2025-04-23\\\/green-feiert-das-30-jaehrige-jubilaeum\\\/#primaryimage\",\"url\":\"https:\\\/\\\/www.organisator.ch\\\/wp-content\\\/uploads\\\/2025\\\/04\\\/Green-feiert-das-30-jaehrige-Jubilaeum_Organisator.jpg\",\"contentUrl\":\"https:\\\/\\\/www.organisator.ch\\\/wp-content\\\/uploads\\\/2025\\\/04\\\/Green-feiert-das-30-jaehrige-Jubilaeum_Organisator.jpg\",\"width\":680,\"height\":454,\"caption\":\"Eines von sechs Datencentern von Green ist jenes in Z\u00fcrich City. (Bild: Green.ch)\"},{\"@type\":\"BreadcrumbList\",\"@id\":\"https:\\\/\\\/www.organisator.ch\\\/management\\\/2025-04-23\\\/green-feiert-das-30-jaehrige-jubilaeum\\\/#breadcrumb\",\"itemListElement\":[{\"@type\":\"ListItem\",\"position\":1,\"name\":\"Home\",\"item\":\"https:\\\/\\\/www.organisator.ch\\\/\"},{\"@type\":\"ListItem\",\"position\":2,\"name\":\"Green feiert das 30-j\u00e4hrige Jubil\u00e4um\"}]},{\"@type\":\"WebSite\",\"@id\":\"https:\\\/\\\/www.organisator.ch\\\/#website\",\"url\":\"https:\\\/\\\/www.organisator.ch\\\/\",\"name\":\"Organisator\",\"description\":\"Kompetent. Praxisnah. Der ORGANISATOR bereitet in 10 Ausgaben pro Jahr die wesentlichen Themen f\u00fcr F\u00fchrungskr\u00e4fte von KMU auf.\",\"publisher\":{\"@id\":\"https:\\\/\\\/www.organisator.ch\\\/#organization\"},\"potentialAction\":[{\"@type\":\"SearchAction\",\"target\":{\"@type\":\"EntryPoint\",\"urlTemplate\":\"https:\\\/\\\/www.organisator.ch\\\/?s={search_term_string}\"},\"query-input\":{\"@type\":\"PropertyValueSpecification\",\"valueRequired\":true,\"valueName\":\"search_term_string\"}}],\"inLanguage\":\"de\"},{\"@type\":\"Organization\",\"@id\":\"https:\\\/\\\/www.organisator.ch\\\/#organization\",\"name\":\"Organisator\",\"url\":\"https:\\\/\\\/www.organisator.ch\\\/\",\"logo\":{\"@type\":\"ImageObject\",\"inLanguage\":\"de\",\"@id\":\"https:\\\/\\\/www.organisator.ch\\\/#\\\/schema\\\/logo\\\/image\\\/\",\"url\":\"https:\\\/\\\/www.organisator.ch\\\/wp-content\\\/uploads\\\/2022\\\/01\\\/Logo_Organisator_Website.png\",\"contentUrl\":\"https:\\\/\\\/www.organisator.ch\\\/wp-content\\\/uploads\\\/2022\\\/01\\\/Logo_Organisator_Website.png\",\"width\":800,\"height\":77,\"caption\":\"Organisator\"},\"image\":{\"@id\":\"https:\\\/\\\/www.organisator.ch\\\/#\\\/schema\\\/logo\\\/image\\\/\"},\"sameAs\":[\"https:\\\/\\\/www.facebook.com\\\/OrganisatorFachmagazin\",\"https:\\\/\\\/www.linkedin.com\\\/showcase\\\/organisator-das-magazin-fr-kmu\",\"https:\\\/\\\/www.xing.com\\\/news\\\/pages\\\/organisator-ch-695\",\"https:\\\/\\\/www.youtube.com\\\/channel\\\/UCGP2Sq0iWaZwT3BdIAQFYpw\"]},{\"@type\":\"Person\",\"@id\":\"https:\\\/\\\/www.organisator.ch\\\/#\\\/schema\\\/person\\\/6f650f90b2842cd4c0cc334b4e36f67e\",\"name\":\"thomas.berner\",\"image\":{\"@type\":\"ImageObject\",\"inLanguage\":\"de\",\"@id\":\"https:\\\/\\\/secure.gravatar.com\\\/avatar\\\/ac5001d2a36cb6c6cd3e50789007ffca834b477b74a2144564522e944eabff61?s=96&d=mm&r=g\",\"url\":\"https:\\\/\\\/secure.gravatar.com\\\/avatar\\\/ac5001d2a36cb6c6cd3e50789007ffca834b477b74a2144564522e944eabff61?s=96&d=mm&r=g\",\"contentUrl\":\"https:\\\/\\\/secure.gravatar.com\\\/avatar\\\/ac5001d2a36cb6c6cd3e50789007ffca834b477b74a2144564522e944eabff61?s=96&d=mm&r=g\",\"caption\":\"thomas.berner\"},\"url\":\"https:\\\/\\\/www.organisator.ch\\\/de\\\/author\\\/thomas-berner\\\/\"}]}<\/script>\n<!-- \/ Yoast SEO plugin. -->","yoast_head_json":{"title":"Green feiert das 30-j\u00e4hrige Jubil\u00e4um - Organisator","description":"Green blickt auf drei Jahrzehnte Firmengeschichte zur\u00fcck \u2013 und richtet den Blick nach vorn, u.a. mit wachsender internationaler Nachfrage.","robots":{"index":"index","follow":"follow","max-snippet":"max-snippet:-1","max-image-preview":"max-image-preview:large","max-video-preview":"max-video-preview:-1"},"canonical":"https:\/\/www.organisator.ch\/de\/management\/2025-04-23\/green-feiert-das-30-jaehrige-jubilaeum\/","og_locale":"de_DE","og_type":"article","og_title":"Green feiert das 30-j\u00e4hrige Jubil\u00e4um","og_description":"Green blickt auf drei Jahrzehnte Firmengeschichte zur\u00fcck \u2013 und richtet den Blick nach vorn, u.a. mit wachsender internationaler Nachfrage.","og_url":"https:\/\/www.organisator.ch\/de\/management\/2025-04-23\/green-feiert-das-30-jaehrige-jubilaeum\/","og_site_name":"Organisator","article_publisher":"https:\/\/www.facebook.com\/OrganisatorFachmagazin","article_published_time":"2025-04-23T06:34:03+00:00","article_modified_time":"2025-04-25T09:55:59+00:00","og_image":[{"width":680,"height":454,"url":"https:\/\/www.organisator.ch\/wp-content\/uploads\/2025\/04\/Green-feiert-das-30-jaehrige-Jubilaeum_Organisator.jpg","type":"image\/jpeg"}],"author":"thomas.berner","twitter_card":"summary_large_image","twitter_title":"#Green feiert das #30-j\u00e4hrige Jubil\u00e4um","twitter_description":"#Green blickt auf drei Jahrzehnte Firmengeschichte zur\u00fcck \u2013 und richtet den Blick nach vorn, u.a. mit wachsender internationaler Nachfrage.","twitter_image":"https:\/\/www.organisator.ch\/wp-content\/uploads\/2025\/04\/Green-feiert-das-30-jaehrige-Jubilaeum_Organisator.jpg","schema":{"@context":"https:\/\/schema.org","@graph":[{"@type":"Article","@id":"https:\/\/www.organisator.ch\/management\/2025-04-23\/green-feiert-das-30-jaehrige-jubilaeum\/#article","isPartOf":{"@id":"https:\/\/www.organisator.ch\/management\/2025-04-23\/green-feiert-das-30-jaehrige-jubilaeum\/"},"author":{"name":"thomas.berner","@id":"https:\/\/www.organisator.ch\/#\/schema\/person\/6f650f90b2842cd4c0cc334b4e36f67e"},"headline":"Green feiert das 30-j\u00e4hrige Jubil\u00e4um","datePublished":"2025-04-23T06:34:03+00:00","dateModified":"2025-04-25T09:55:59+00:00","mainEntityOfPage":{"@id":"https:\/\/www.organisator.ch\/management\/2025-04-23\/green-feiert-das-30-jaehrige-jubilaeum\/"},"wordCount":566,"publisher":{"@id":"https:\/\/www.organisator.ch\/#organization"},"image":{"@id":"https:\/\/www.organisator.ch\/management\/2025-04-23\/green-feiert-das-30-jaehrige-jubilaeum\/#primaryimage"},"thumbnailUrl":"https:\/\/www.organisator.ch\/wp-content\/uploads\/2025\/04\/Green-feiert-das-30-jaehrige-Jubilaeum_Organisator.jpg","keywords":["Digitalisierung","Firmenjubil\u00e4um","Rechenzentren","Unternehmen"],"articleSection":["MANAGEMENT"],"inLanguage":"de"},{"@type":"WebPage","@id":"https:\/\/www.organisator.ch\/management\/2025-04-23\/green-feiert-das-30-jaehrige-jubilaeum\/","url":"https:\/\/www.organisator.ch\/management\/2025-04-23\/green-feiert-das-30-jaehrige-jubilaeum\/","name":"Green feiert das 30-j\u00e4hrige Jubil\u00e4um - Organisator","isPartOf":{"@id":"https:\/\/www.organisator.ch\/#website"},"primaryImageOfPage":{"@id":"https:\/\/www.organisator.ch\/management\/2025-04-23\/green-feiert-das-30-jaehrige-jubilaeum\/#primaryimage"},"image":{"@id":"https:\/\/www.organisator.ch\/management\/2025-04-23\/green-feiert-das-30-jaehrige-jubilaeum\/#primaryimage"},"thumbnailUrl":"https:\/\/www.organisator.ch\/wp-content\/uploads\/2025\/04\/Green-feiert-das-30-jaehrige-Jubilaeum_Organisator.jpg","datePublished":"2025-04-23T06:34:03+00:00","dateModified":"2025-04-25T09:55:59+00:00","description":"Green blickt auf drei Jahrzehnte Firmengeschichte zur\u00fcck \u2013 und richtet den Blick nach vorn, u.a. mit wachsender internationaler Nachfrage.","breadcrumb":{"@id":"https:\/\/www.organisator.ch\/management\/2025-04-23\/green-feiert-das-30-jaehrige-jubilaeum\/#breadcrumb"},"inLanguage":"de","potentialAction":[{"@type":"ReadAction","target":["https:\/\/www.organisator.ch\/management\/2025-04-23\/green-feiert-das-30-jaehrige-jubilaeum\/"]}]},{"@type":"ImageObject","inLanguage":"de","@id":"https:\/\/www.organisator.ch\/management\/2025-04-23\/green-feiert-das-30-jaehrige-jubilaeum\/#primaryimage","url":"https:\/\/www.organisator.ch\/wp-content\/uploads\/2025\/04\/Green-feiert-das-30-jaehrige-Jubilaeum_Organisator.jpg","contentUrl":"https:\/\/www.organisator.ch\/wp-content\/uploads\/2025\/04\/Green-feiert-das-30-jaehrige-Jubilaeum_Organisator.jpg","width":680,"height":454,"caption":"Eines von sechs Datencentern von Green ist jenes in Z\u00fcrich City. (Bild: Green.ch)"},{"@type":"BreadcrumbList","@id":"https:\/\/www.organisator.ch\/management\/2025-04-23\/green-feiert-das-30-jaehrige-jubilaeum\/#breadcrumb","itemListElement":[{"@type":"ListItem","position":1,"name":"Home","item":"https:\/\/www.organisator.ch\/"},{"@type":"ListItem","position":2,"name":"Green feiert das 30-j\u00e4hrige Jubil\u00e4um"}]},{"@type":"WebSite","@id":"https:\/\/www.organisator.ch\/#website","url":"https:\/\/www.organisator.ch\/","name":"Organisator","description":"Kompetent. Praxisnah. Der ORGANISATOR bereitet in 10 Ausgaben pro Jahr die wesentlichen Themen f\u00fcr F\u00fchrungskr\u00e4fte von KMU auf.","publisher":{"@id":"https:\/\/www.organisator.ch\/#organization"},"potentialAction":[{"@type":"SearchAction","target":{"@type":"EntryPoint","urlTemplate":"https:\/\/www.organisator.ch\/?s={search_term_string}"},"query-input":{"@type":"PropertyValueSpecification","valueRequired":true,"valueName":"search_term_string"}}],"inLanguage":"de"},{"@type":"Organization","@id":"https:\/\/www.organisator.ch\/#organization","name":"Organisator","url":"https:\/\/www.organisator.ch\/","logo":{"@type":"ImageObject","inLanguage":"de","@id":"https:\/\/www.organisator.ch\/#\/schema\/logo\/image\/","url":"https:\/\/www.organisator.ch\/wp-content\/uploads\/2022\/01\/Logo_Organisator_Website.png","contentUrl":"https:\/\/www.organisator.ch\/wp-content\/uploads\/2022\/01\/Logo_Organisator_Website.png","width":800,"height":77,"caption":"Organisator"},"image":{"@id":"https:\/\/www.organisator.ch\/#\/schema\/logo\/image\/"},"sameAs":["https:\/\/www.facebook.com\/OrganisatorFachmagazin","https:\/\/www.linkedin.com\/showcase\/organisator-das-magazin-fr-kmu","https:\/\/www.xing.com\/news\/pages\/organisator-ch-695","https:\/\/www.youtube.com\/channel\/UCGP2Sq0iWaZwT3BdIAQFYpw"]},{"@type":"Person","@id":"https:\/\/www.organisator.ch\/#\/schema\/person\/6f650f90b2842cd4c0cc334b4e36f67e","name":"thomas.berner","image":{"@type":"ImageObject","inLanguage":"de","@id":"https:\/\/secure.gravatar.com\/avatar\/ac5001d2a36cb6c6cd3e50789007ffca834b477b74a2144564522e944eabff61?s=96&d=mm&r=g","url":"https:\/\/secure.gravatar.com\/avatar\/ac5001d2a36cb6c6cd3e50789007ffca834b477b74a2144564522e944eabff61?s=96&d=mm&r=g","contentUrl":"https:\/\/secure.gravatar.com\/avatar\/ac5001d2a36cb6c6cd3e50789007ffca834b477b74a2144564522e944eabff61?s=96&d=mm&r=g","caption":"thomas.berner"},"url":"https:\/\/www.organisator.ch\/de\/author\/thomas-berner\/"}]}},"_links":{"self":[{"href":"https:\/\/www.organisator.ch\/de\/wp-json\/wp\/v2\/posts\/37900","targetHints":{"allow":["GET"]}}],"collection":[{"href":"https:\/\/www.organisator.ch\/de\/wp-json\/wp\/v2\/posts"}],"about":[{"href":"https:\/\/www.organisator.ch\/de\/wp-json\/wp\/v2\/types\/post"}],"author":[{"embeddable":true,"href":"https:\/\/www.organisator.ch\/de\/wp-json\/wp\/v2\/users\/4"}],"replies":[{"embeddable":true,"href":"https:\/\/www.organisator.ch\/de\/wp-json\/wp\/v2\/comments?post=37900"}],"version-history":[{"count":6,"href":"https:\/\/www.organisator.ch\/de\/wp-json\/wp\/v2\/posts\/37900\/revisions"}],"predecessor-version":[{"id":37982,"href":"https:\/\/www.organisator.ch\/de\/wp-json\/wp\/v2\/posts\/37900\/revisions\/37982"}],"wp:featuredmedia":[{"embeddable":true,"href":"https:\/\/www.organisator.ch\/de\/wp-json\/wp\/v2\/media\/37901"}],"wp:attachment":[{"href":"https:\/\/www.organisator.ch\/de\/wp-json\/wp\/v2\/media?parent=37900"}],"wp:term":[{"taxonomy":"category","embeddable":true,"href":"https:\/\/www.organisator.ch\/de\/wp-json\/wp\/v2\/categories?post=37900"},{"taxonomy":"post_tag","embeddable":true,"href":"https:\/\/www.organisator.ch\/de\/wp-json\/wp\/v2\/tags?post=37900"}],"curies":[{"name":"wp","href":"https:\/\/api.w.org\/{rel}","templated":true}]}}