{"id":37910,"date":"2025-04-23T15:04:03","date_gmt":"2025-04-23T13:04:03","guid":{"rendered":"https:\/\/www.m-q.ch\/?p=21401"},"modified":"2025-04-25T10:57:15","modified_gmt":"2025-04-25T08:57:15","slug":"anstieg-von-cyber-angriffen-auf-schweizer-unternehmen-im-ersten-quartal-2025","status":"publish","type":"post","link":"https:\/\/www.organisator.ch\/de\/operational-excellence\/2025-04-23\/anstieg-von-cyber-angriffen-auf-schweizer-unternehmen-im-ersten-quartal-2025\/","title":{"rendered":"Anstieg von Cyber-Angriffen auf Schweizer Unternehmen im ersten Quartal 2025"},"content":{"rendered":"<figure id=\"attachment_21404\" class=\"wp-caption alignnone\" style=\"width: 680px;\" aria-describedby=\"caption-attachment-21404\"><img class=\"size-full wp-image-21404\" src=\"https:\/\/www.m-q.ch\/wp-content\/uploads\/2025\/04\/Anstieg-von-Cyber-Angriffen-auf-Schweizer-Unternehmen-im-ersten-Quartal-2025_MQ.jpg\" sizes=\"(max-width: 680px) 100vw, 680px\" srcset=\"https:\/\/www.m-q.ch\/wp-content\/uploads\/2025\/04\/Anstieg-von-Cyber-Angriffen-auf-Schweizer-Unternehmen-im-ersten-Quartal-2025_MQ.jpg 680w, https:\/\/www.m-q.ch\/wp-content\/uploads\/2025\/04\/Anstieg-von-Cyber-Angriffen-auf-Schweizer-Unternehmen-im-ersten-Quartal-2025_MQ-18x12.jpg 18w, https:\/\/www.m-q.ch\/wp-content\/uploads\/2025\/04\/Anstieg-von-Cyber-Angriffen-auf-Schweizer-Unternehmen-im-ersten-Quartal-2025_MQ-375x224.jpg 375w, https:\/\/www.m-q.ch\/wp-content\/uploads\/2025\/04\/Anstieg-von-Cyber-Angriffen-auf-Schweizer-Unternehmen-im-ersten-Quartal-2025_MQ-586x350.jpg 586w\" alt=\"\" width=\"680\" height=\"406\" \/>\r\n<figcaption id=\"caption-attachment-21404\" class=\"wp-caption-text\">Die Zahl der Cyberangriffe auf Schweizer Unternehmen hat im ersten Quartal 2025 massiv zugenommen. (Symbolbild; Quelle: Unsplash.com)<\/figcaption>\r\n<\/figure>\r\n<p>Check Point Research (CPR), die Threat-Intelligence-Abteilung von <a href=\"https:\/\/protect.checkpoint.com\/v2\/___https:\/www.checkpoint.com\/___.YzJlOmNwYWxsOmM6bzo2YmExYmVhZTM1MDhmZTI2NmM5ZmE2YTVlNmQ3NTY0Zjo2OjZkNGI6OTNlMzUxNjQ3N2Y1YzAxZGI3MTU5MzE0ZDAzNjQxNjdlNDAzOWY3YWQ5OTFiNWY2NGQ3MjliZjdiY2M5NGU5OTpwOlQ\">Check Point\u00ae Software Technologies Ltd.<\/a>, ein f\u00fchrender Anbieter von Cyber-Sicherheitsl\u00f6sungen, hat ihre Statistik zu Cyber-Attacken f\u00fcr den Zeitraum Q1 2025 ver\u00f6ffentlicht.<\/p>\r\n<h3>Anstieg in der Schweiz am h\u00f6chsten<\/h3>\r\n<p>In Deutschland stiegen die allgemeinen Cyber-Attacken im Vergleich zum ersten Quartal 2024 (+55 Prozent) deutlich an. Noch st\u00e4rker war der Anstieg in \u00d6sterreich (+69 Prozent) und der Schweiz (+113 Prozent). Auch Ransomware-Angriffe nehmen weiter zu, mit einem weltweiten Anstieg von 126 Prozent im Vergleich zum Q1 2024 und insgesamt 2\u2019289 gemeldeten Vorf\u00e4llen. Die meisten Ransomware-Angriffe fanden jedoch erneut in Nordamerika statt, wo 62 Prozent aller gemeldeten F\u00e4lle auftraten, gefolgt von Europa mit 21 Prozent.<\/p>\r\n<table width=\"520\">\r\n<tbody>\r\n<tr>\r\n<td width=\"151\">\r\n<p><strong>Region<\/strong><\/p>\r\n<\/td>\r\n<td width=\"142\">\r\n<p><strong>Durchschn. Angriffe pro Woche pro Organisation<\/strong><\/p>\r\n<\/td>\r\n<td width=\"119\">\r\n<p><strong>Ver\u00e4nderung zum Vorjahresquartal<\/strong><\/p>\r\n<\/td>\r\n<td width=\"108\">\r\n<p><strong>Anteil der bekannten Ransomware-Attacken<\/strong><\/p>\r\n<\/td>\r\n<\/tr>\r\n<tr>\r\n<td width=\"151\">\r\n<p>Deutschland<\/p>\r\n<\/td>\r\n<td width=\"142\">\r\n<p>1\u2019230<\/p>\r\n<\/td>\r\n<td width=\"119\">\r\n<p>55 %<\/p>\r\n<\/td>\r\n<td width=\"108\">\r\n<p>Nicht vorhanden<\/p>\r\n<\/td>\r\n<\/tr>\r\n<tr>\r\n<td width=\"151\">\r\n<p>Schweiz<\/p>\r\n<\/td>\r\n<td width=\"142\">\r\n<p>1\u2019279<\/p>\r\n<\/td>\r\n<td width=\"119\">\r\n<p>113 %<\/p>\r\n<\/td>\r\n<td width=\"108\">\r\n<p>Nicht vorhanden<\/p>\r\n<\/td>\r\n<\/tr>\r\n<tr>\r\n<td width=\"151\">\r\n<p>\u00d6sterreich<\/p>\r\n<\/td>\r\n<td width=\"142\">\r\n<p>1\u2019635<\/p>\r\n<\/td>\r\n<td width=\"119\">\r\n<p>69 %<\/p>\r\n<\/td>\r\n<td width=\"108\">\r\n<p>Nicht vorhanden<\/p>\r\n<\/td>\r\n<\/tr>\r\n<tr>\r\n<td width=\"151\">\r\n<p>Europa<\/p>\r\n<\/td>\r\n<td width=\"142\">\r\n<p>1\u2019612<\/p>\r\n<\/td>\r\n<td width=\"119\">\r\n<p>57 %<\/p>\r\n<\/td>\r\n<td width=\"108\">\r\n<p>21 %<\/p>\r\n<\/td>\r\n<\/tr>\r\n<tr>\r\n<td width=\"151\">\r\n<p>Nordamerika<\/p>\r\n<\/td>\r\n<td width=\"142\">\r\n<p>1\u2019357<\/p>\r\n<\/td>\r\n<td width=\"119\">\r\n<p>40 %<\/p>\r\n<\/td>\r\n<td width=\"108\">\r\n<p>62 %<\/p>\r\n<\/td>\r\n<\/tr>\r\n<tr>\r\n<td width=\"151\">\r\n<p>Lateinamerika<\/p>\r\n<\/td>\r\n<td width=\"142\">\r\n<p>2\u2019640<\/p>\r\n<\/td>\r\n<td width=\"119\">\r\n<p>108 %<\/p>\r\n<\/td>\r\n<td width=\"108\">\r\n<p>6 %<\/p>\r\n<\/td>\r\n<\/tr>\r\n<tr>\r\n<td width=\"151\">\r\n<p>Afrika<\/p>\r\n<\/td>\r\n<td width=\"142\">\r\n<p>3\u2019286<\/p>\r\n<\/td>\r\n<td width=\"119\">\r\n<p>39 %<\/p>\r\n<\/td>\r\n<td width=\"108\">\r\n<p>1 %<\/p>\r\n<\/td>\r\n<\/tr>\r\n<tr>\r\n<td width=\"151\">\r\n<p>Asien-Ozeanien<\/p>\r\n<\/td>\r\n<td width=\"142\">\r\n<p>2\u2019934<\/p>\r\n<\/td>\r\n<td width=\"119\">\r\n<p>38 %<\/p>\r\n<\/td>\r\n<td width=\"108\">\r\n<p>10 %<\/p>\r\n<\/td>\r\n<\/tr>\r\n<tr>\r\n<td width=\"151\">\r\n<p><strong>Global<\/strong><\/p>\r\n<\/td>\r\n<td width=\"142\">\r\n<p>1\u2019925<\/p>\r\n<\/td>\r\n<td width=\"119\">\r\n<p>47 %<\/p>\r\n<\/td>\r\n<td width=\"108\">\r\n<p><u>100 %<\/u><\/p>\r\n<\/td>\r\n<\/tr>\r\n<\/tbody>\r\n<\/table>\r\n<p><em>Abbildung 1: Tabelle mit ausgew\u00e4hlten Zahlen (Kafka Kommunikation GmbH &amp; Co. KG).<\/em><\/p>\r\n<h3>Stark betroffener Bildungssektor<\/h3>\r\n<p>Bezogen auf die Branchen war der Bildungssektor im ersten Quartal 2025 mit durchschnittlich 4\u2019484 Angriffen pro Organisation und Woche am st\u00e4rksten betroffen \u2013 ein Anstieg von 73 Prozent gegen\u00fcber dem Vorjahr. Der Regierungssektor folgte dicht dahinter mit 2\u2019678 Angriffen pro Organisation und Woche, was einem Anstieg von 51 Prozent entspricht, w\u00e4hrend der Telekommunikationssektor mit einem Anstieg von 94 Prozent auf 2\u2019664 Angriffe pro Organisation und Woche den h\u00f6chsten prozentualen Anstieg verzeichnete.<\/p>\r\n<p><img class=\"alignnone size-full wp-image-21402\" src=\"https:\/\/www.m-q.ch\/wp-content\/uploads\/2025\/04\/Checkpoint-Abbildung2.png\" sizes=\"(max-width: 625px) 100vw, 625px\" srcset=\"https:\/\/www.m-q.ch\/wp-content\/uploads\/2025\/04\/Checkpoint-Abbildung2.png 625w, https:\/\/www.m-q.ch\/wp-content\/uploads\/2025\/04\/Checkpoint-Abbildung2-18x12.png 18w, https:\/\/www.m-q.ch\/wp-content\/uploads\/2025\/04\/Checkpoint-Abbildung2-375x221.png 375w, https:\/\/www.m-q.ch\/wp-content\/uploads\/2025\/04\/Checkpoint-Abbildung2-594x350.png 594w\" alt=\"\" width=\"625\" height=\"368\" \/><\/p>\r\n<p><em>Abbildung 2: Angriffe nach Sektoren (Check Point Software Technologies Ltd.).<\/em><\/p>\r\n<p>Im ersten Quartal 2025 lag die weltweit durchschnittliche Anzahl der Cyber-Angriffe pro Unternehmen und Woche bei 1\u2019925, was einem Anstieg von 47 Prozent gegen\u00fcber dem Vorjahresquartal entspricht.<\/p>\r\n<p><img class=\"alignnone size-full wp-image-21403\" src=\"https:\/\/www.m-q.ch\/wp-content\/uploads\/2025\/04\/Checkpoint-Abbildung3.png\" sizes=\"(max-width: 419px) 100vw, 419px\" srcset=\"https:\/\/www.m-q.ch\/wp-content\/uploads\/2025\/04\/Checkpoint-Abbildung3.png 419w, https:\/\/www.m-q.ch\/wp-content\/uploads\/2025\/04\/Checkpoint-Abbildung3-15x12.png 15w, https:\/\/www.m-q.ch\/wp-content\/uploads\/2025\/04\/Checkpoint-Abbildung3-375x297.png 375w\" alt=\"\" width=\"419\" height=\"332\" \/><\/p>\r\n<p><em>Abbildung 3: Weltweiter Durchschnitt w\u00f6chentlicher Cyber-Attacken (Check Point Software Technologies Ltd.).<\/em><\/p>\r\n<p>Die Daten des Berichts stammen aus der <a href=\"https:\/\/www.checkpoint.com\/ai\/\">ThreatCloud AI<\/a>, der Big Data Intelligence Engine von Check Point. Hier laufen Big Data Telemetrie und Indicators of Compromise (IoC) millionenfach und jeden Tag zusammen. Das Netzwerk wird gespeist von 150\u2019000 verbundenen Netzwerken und Millionen von Endger\u00e4ten. Check Points Sicherheitsforscher f\u00fcgen ausserdem Daten aus eigener Forschung hinzu, sowie aus externen Experten-Quellen. Die ThreatCloud AI aktualisiert auf dieser Basis zudem in Echtzeit die Bedrohungsdaten aller angeschlossenen Check-Point-Produkte. \u00dcber 50 KI-Engines erstellen w\u00f6chentliche Berichte aus den Attacken, die von Check-Point-Produkten abgefangen wurden und aus Unternehmensnetzwerken, die Check Point besch\u00fctzt, aufgeteilt nach Sektor und Staat.<\/p>\r\n<blockquote>\r\n<h3>Best Practice Empfehlungen gegen Cyber-Angriffe<\/h3>\r\n<p>Die zunehmende H\u00e4ufigkeit und Raffinesse von Cyber-Angriffen unterstreicht die Notwendigkeit umfassender Sicherheitsstrategien, die \u00fcber die traditionellen Verteidigungsmassnahmen hinausgehen m\u00fcssen. Die folgenden Empfehlungen basieren auf Best Practices von Check Point:<\/p>\r\n<ul>\r\n\t<li><strong>Erweiterte Erkennung von Bedrohungen:<\/strong> Nutzen Sie Technologien wie Sandboxing und Anti-Ransomware-Tools, um trickreiche Angriffe zu erkennen und zu blockieren.<\/li>\r\n\t<li><strong>Implementierung einer Zero-Trust-Architektur:<\/strong> Erzwingen Sie eine strenge Identit\u00e4ts\u00fcberpr\u00fcfung f\u00fcr jede Person und jedes Ger\u00e4t, das auf Netzwerk-Ressourcen zugreifen will.<\/li>\r\n\t<li><strong>Regelm\u00e4ssige Datensicherungen und Planung der Reaktion auf Zwischenf\u00e4lle:<\/strong> Sichern Sie regelm\u00e4ssig kritische Daten und erstellen Sie umfassende Pl\u00e4ne f\u00fcr die Reaktion auf Zwischenf\u00e4lle, um Angriffe zu bew\u00e4ltigen und ihre Auswirkungen umgehend zu minimieren.<\/li>\r\n\t<li><strong>Verst\u00e4rkung der Sicherheitsvorkehrungen:<\/strong> Aktualisieren Sie Ihre Systeme regelm\u00e4ssig, um Schwachstellen zu beseitigen. Es ist wichtig, mehrere Sicherheitsebenen zu haben, einschliesslich Firewalls und Endpunktschutz.<\/li>\r\n\t<li><strong>Schulung und Sensibilisierung der Mitarbeiter:<\/strong> Regelm\u00e4ssige Schulungen k\u00f6nnen die Mitarbeiter \u00fcber die Risiken und Phishing-Techniken informieren und so eine Kultur der Wachsamkeit f\u00f6rdern.<\/li>\r\n\t<li><strong>Netzwerksegmentierung:<\/strong> Isolieren Sie kritische Systeme, um die Ausbreitung von Angriffen einzud\u00e4mmen und sensible Daten zu sch\u00fctzen.<\/li>\r\n\t<li><strong>Schwachstellen-Management:<\/strong> F\u00fchren Sie regelm\u00e4ssig Schwachstellenbewertungen und Penetrationstests durch und setzen Sie Priorit\u00e4ten bei der Behebung potentieller Auswirkungen.<\/li>\r\n<\/ul>\r\n<\/blockquote>\r\n<p>&nbsp;<\/p>\n<p class=\"syndicated-attribution\">Dieser Beitrag erschien urspr\u00fcnglich auf m-q.ch - <a href=\"https:\/\/www.m-q.ch\/de\/anstieg-von-cyber-angriffen-auf-schweizer-unternehmen-im-ersten-quartal-2025\/\" target=\"_blank\">https:\/\/www.m-q.ch\/de\/anstieg-von-cyber-angriffen-auf-schweizer-unternehmen-im-ersten-quartal-2025\/<\/a><\/p>","protected":false},"excerpt":{"rendered":"<p>Der Global Cyber Attack Report von Check Point zeigt eine starke Zunahme der Cyber-Angriffe in der Schweiz \u2013 mit 113 Prozent ein st\u00e4rkeres Wachstum als weltweit (47 Prozent). Global sind besonders Ransomware-Angriffe mit einem Anstieg von 126 Prozent durch die Decke gegangen.<\/p>\n","protected":false},"author":8,"featured_media":0,"comment_status":"closed","ping_status":"closed","sticky":false,"template":"","format":"standard","meta":{"_acf_changed":false,"_yoast_wpseo_focuskw":"Anstieg von Cyber-Angriffen","_yoast_wpseo_metadesc":"Der Global Cyber Attack Report von Check Point zeigt einen starken Anstieg der Cyber-Angriffe in der Schweiz.","articlekey":"","footnotes":""},"categories":[582],"tags":[3119,608,418,452],"class_list":["post-37910","post","type-post","status-publish","format-standard","hentry","category-operational-excellence","tag-cyberangriffe","tag-cybersicherheit","tag-risikomanagement","tag-statistik"],"acf":[],"yoast_head":"<!-- This site is optimized with the Yoast SEO plugin v27.4 - https:\/\/yoast.com\/product\/yoast-seo-wordpress\/ -->\n<title>Anstieg von Cyber-Angriffen auf Schweizer Unternehmen im ersten Quartal 2025 - Organisator<\/title>\n<meta name=\"description\" content=\"Der Global Cyber Attack Report von Check Point zeigt einen starken Anstieg der Cyber-Angriffe in der Schweiz.\" \/>\n<meta name=\"robots\" content=\"index, follow, max-snippet:-1, max-image-preview:large, max-video-preview:-1\" \/>\n<link rel=\"canonical\" href=\"https:\/\/www.organisator.ch\/de\/operational-excellence\/2025-04-23\/anstieg-von-cyber-angriffen-auf-schweizer-unternehmen-im-ersten-quartal-2025\/\" \/>\n<meta property=\"og:locale\" content=\"de_DE\" \/>\n<meta property=\"og:type\" content=\"article\" \/>\n<meta property=\"og:title\" content=\"Anstieg von Cyber-Angriffen auf Schweizer Unternehmen im ersten Quartal 2025 - Organisator\" \/>\n<meta property=\"og:description\" content=\"Der Global Cyber Attack Report von Check Point zeigt einen starken Anstieg der Cyber-Angriffe in der Schweiz.\" \/>\n<meta property=\"og:url\" content=\"https:\/\/www.organisator.ch\/de\/operational-excellence\/2025-04-23\/anstieg-von-cyber-angriffen-auf-schweizer-unternehmen-im-ersten-quartal-2025\/\" \/>\n<meta property=\"og:site_name\" content=\"Organisator\" \/>\n<meta property=\"article:publisher\" content=\"https:\/\/www.facebook.com\/OrganisatorFachmagazin\" \/>\n<meta property=\"article:published_time\" content=\"2025-04-23T13:04:03+00:00\" \/>\n<meta property=\"article:modified_time\" content=\"2025-04-25T08:57:15+00:00\" \/>\n<meta name=\"author\" content=\"galledia\" \/>\n<meta name=\"twitter:card\" content=\"summary_large_image\" \/>\n<meta name=\"twitter:creator\" content=\"@admin\" \/>\n<script type=\"application\/ld+json\" class=\"yoast-schema-graph\">{\"@context\":\"https:\\\/\\\/schema.org\",\"@graph\":[{\"@type\":\"Article\",\"@id\":\"https:\\\/\\\/www.organisator.ch\\\/operational-excellence\\\/2025-04-23\\\/anstieg-von-cyber-angriffen-auf-schweizer-unternehmen-im-ersten-quartal-2025\\\/#article\",\"isPartOf\":{\"@id\":\"https:\\\/\\\/www.organisator.ch\\\/operational-excellence\\\/2025-04-23\\\/anstieg-von-cyber-angriffen-auf-schweizer-unternehmen-im-ersten-quartal-2025\\\/\"},\"author\":{\"name\":\"galledia\",\"@id\":\"https:\\\/\\\/www.organisator.ch\\\/#\\\/schema\\\/person\\\/4e51799071cd2dd1232ac003643ef5f0\"},\"headline\":\"Anstieg von Cyber-Angriffen auf Schweizer Unternehmen im ersten Quartal 2025\",\"datePublished\":\"2025-04-23T13:04:03+00:00\",\"dateModified\":\"2025-04-25T08:57:15+00:00\",\"mainEntityOfPage\":{\"@id\":\"https:\\\/\\\/www.organisator.ch\\\/operational-excellence\\\/2025-04-23\\\/anstieg-von-cyber-angriffen-auf-schweizer-unternehmen-im-ersten-quartal-2025\\\/\"},\"wordCount\":599,\"publisher\":{\"@id\":\"https:\\\/\\\/www.organisator.ch\\\/#organization\"},\"image\":{\"@id\":\"https:\\\/\\\/www.organisator.ch\\\/operational-excellence\\\/2025-04-23\\\/anstieg-von-cyber-angriffen-auf-schweizer-unternehmen-im-ersten-quartal-2025\\\/#primaryimage\"},\"thumbnailUrl\":\"https:\\\/\\\/www.m-q.ch\\\/wp-content\\\/uploads\\\/2025\\\/04\\\/Anstieg-von-Cyber-Angriffen-auf-Schweizer-Unternehmen-im-ersten-Quartal-2025_MQ.jpg\",\"keywords\":[\"Cyberangriffe\",\"Cybersicherheit\",\"Risikomanagement\",\"Statistik\"],\"articleSection\":[\"OPERATIONAL EXCELLENCE\"],\"inLanguage\":\"de\"},{\"@type\":\"WebPage\",\"@id\":\"https:\\\/\\\/www.organisator.ch\\\/operational-excellence\\\/2025-04-23\\\/anstieg-von-cyber-angriffen-auf-schweizer-unternehmen-im-ersten-quartal-2025\\\/\",\"url\":\"https:\\\/\\\/www.organisator.ch\\\/operational-excellence\\\/2025-04-23\\\/anstieg-von-cyber-angriffen-auf-schweizer-unternehmen-im-ersten-quartal-2025\\\/\",\"name\":\"Anstieg von Cyber-Angriffen auf Schweizer Unternehmen im ersten Quartal 2025 - Organisator\",\"isPartOf\":{\"@id\":\"https:\\\/\\\/www.organisator.ch\\\/#website\"},\"primaryImageOfPage\":{\"@id\":\"https:\\\/\\\/www.organisator.ch\\\/operational-excellence\\\/2025-04-23\\\/anstieg-von-cyber-angriffen-auf-schweizer-unternehmen-im-ersten-quartal-2025\\\/#primaryimage\"},\"image\":{\"@id\":\"https:\\\/\\\/www.organisator.ch\\\/operational-excellence\\\/2025-04-23\\\/anstieg-von-cyber-angriffen-auf-schweizer-unternehmen-im-ersten-quartal-2025\\\/#primaryimage\"},\"thumbnailUrl\":\"https:\\\/\\\/www.m-q.ch\\\/wp-content\\\/uploads\\\/2025\\\/04\\\/Anstieg-von-Cyber-Angriffen-auf-Schweizer-Unternehmen-im-ersten-Quartal-2025_MQ.jpg\",\"datePublished\":\"2025-04-23T13:04:03+00:00\",\"dateModified\":\"2025-04-25T08:57:15+00:00\",\"description\":\"Der Global Cyber Attack Report von Check Point zeigt einen starken Anstieg der Cyber-Angriffe in der Schweiz.\",\"breadcrumb\":{\"@id\":\"https:\\\/\\\/www.organisator.ch\\\/operational-excellence\\\/2025-04-23\\\/anstieg-von-cyber-angriffen-auf-schweizer-unternehmen-im-ersten-quartal-2025\\\/#breadcrumb\"},\"inLanguage\":\"de\",\"potentialAction\":[{\"@type\":\"ReadAction\",\"target\":[\"https:\\\/\\\/www.organisator.ch\\\/operational-excellence\\\/2025-04-23\\\/anstieg-von-cyber-angriffen-auf-schweizer-unternehmen-im-ersten-quartal-2025\\\/\"]}]},{\"@type\":\"ImageObject\",\"inLanguage\":\"de\",\"@id\":\"https:\\\/\\\/www.organisator.ch\\\/operational-excellence\\\/2025-04-23\\\/anstieg-von-cyber-angriffen-auf-schweizer-unternehmen-im-ersten-quartal-2025\\\/#primaryimage\",\"url\":\"https:\\\/\\\/www.m-q.ch\\\/wp-content\\\/uploads\\\/2025\\\/04\\\/Anstieg-von-Cyber-Angriffen-auf-Schweizer-Unternehmen-im-ersten-Quartal-2025_MQ.jpg\",\"contentUrl\":\"https:\\\/\\\/www.m-q.ch\\\/wp-content\\\/uploads\\\/2025\\\/04\\\/Anstieg-von-Cyber-Angriffen-auf-Schweizer-Unternehmen-im-ersten-Quartal-2025_MQ.jpg\"},{\"@type\":\"BreadcrumbList\",\"@id\":\"https:\\\/\\\/www.organisator.ch\\\/operational-excellence\\\/2025-04-23\\\/anstieg-von-cyber-angriffen-auf-schweizer-unternehmen-im-ersten-quartal-2025\\\/#breadcrumb\",\"itemListElement\":[{\"@type\":\"ListItem\",\"position\":1,\"name\":\"Home\",\"item\":\"https:\\\/\\\/www.organisator.ch\\\/\"},{\"@type\":\"ListItem\",\"position\":2,\"name\":\"Anstieg von Cyber-Angriffen auf Schweizer Unternehmen im ersten Quartal 2025\"}]},{\"@type\":\"WebSite\",\"@id\":\"https:\\\/\\\/www.organisator.ch\\\/#website\",\"url\":\"https:\\\/\\\/www.organisator.ch\\\/\",\"name\":\"Organisator\",\"description\":\"Kompetent. Praxisnah. Der ORGANISATOR bereitet in 10 Ausgaben pro Jahr die wesentlichen Themen f\u00fcr F\u00fchrungskr\u00e4fte von KMU auf.\",\"publisher\":{\"@id\":\"https:\\\/\\\/www.organisator.ch\\\/#organization\"},\"potentialAction\":[{\"@type\":\"SearchAction\",\"target\":{\"@type\":\"EntryPoint\",\"urlTemplate\":\"https:\\\/\\\/www.organisator.ch\\\/?s={search_term_string}\"},\"query-input\":{\"@type\":\"PropertyValueSpecification\",\"valueRequired\":true,\"valueName\":\"search_term_string\"}}],\"inLanguage\":\"de\"},{\"@type\":\"Organization\",\"@id\":\"https:\\\/\\\/www.organisator.ch\\\/#organization\",\"name\":\"Organisator\",\"url\":\"https:\\\/\\\/www.organisator.ch\\\/\",\"logo\":{\"@type\":\"ImageObject\",\"inLanguage\":\"de\",\"@id\":\"https:\\\/\\\/www.organisator.ch\\\/#\\\/schema\\\/logo\\\/image\\\/\",\"url\":\"https:\\\/\\\/www.organisator.ch\\\/wp-content\\\/uploads\\\/2022\\\/01\\\/Logo_Organisator_Website.png\",\"contentUrl\":\"https:\\\/\\\/www.organisator.ch\\\/wp-content\\\/uploads\\\/2022\\\/01\\\/Logo_Organisator_Website.png\",\"width\":800,\"height\":77,\"caption\":\"Organisator\"},\"image\":{\"@id\":\"https:\\\/\\\/www.organisator.ch\\\/#\\\/schema\\\/logo\\\/image\\\/\"},\"sameAs\":[\"https:\\\/\\\/www.facebook.com\\\/OrganisatorFachmagazin\",\"https:\\\/\\\/www.linkedin.com\\\/showcase\\\/organisator-das-magazin-fr-kmu\",\"https:\\\/\\\/www.xing.com\\\/news\\\/pages\\\/organisator-ch-695\",\"https:\\\/\\\/www.youtube.com\\\/channel\\\/UCGP2Sq0iWaZwT3BdIAQFYpw\"]},{\"@type\":\"Person\",\"@id\":\"https:\\\/\\\/www.organisator.ch\\\/#\\\/schema\\\/person\\\/4e51799071cd2dd1232ac003643ef5f0\",\"name\":\"galledia\",\"image\":{\"@type\":\"ImageObject\",\"inLanguage\":\"de\",\"@id\":\"https:\\\/\\\/secure.gravatar.com\\\/avatar\\\/78a7f90c01fc2bfc875782a0d4922b37cde2cf184ce347b91316d23cd7f69a36?s=96&d=mm&r=g\",\"url\":\"https:\\\/\\\/secure.gravatar.com\\\/avatar\\\/78a7f90c01fc2bfc875782a0d4922b37cde2cf184ce347b91316d23cd7f69a36?s=96&d=mm&r=g\",\"contentUrl\":\"https:\\\/\\\/secure.gravatar.com\\\/avatar\\\/78a7f90c01fc2bfc875782a0d4922b37cde2cf184ce347b91316d23cd7f69a36?s=96&d=mm&r=g\",\"caption\":\"galledia\"},\"sameAs\":[\"https:\\\/\\\/x.com\\\/admin\"],\"url\":\"https:\\\/\\\/www.organisator.ch\\\/de\\\/author\\\/galledia\\\/\"}]}<\/script>\n<!-- \/ Yoast SEO plugin. -->","yoast_head_json":{"title":"Anstieg von Cyber-Angriffen auf Schweizer Unternehmen im ersten Quartal 2025 - Organisator","description":"Der Global Cyber Attack Report von Check Point zeigt einen starken Anstieg der Cyber-Angriffe in der Schweiz.","robots":{"index":"index","follow":"follow","max-snippet":"max-snippet:-1","max-image-preview":"max-image-preview:large","max-video-preview":"max-video-preview:-1"},"canonical":"https:\/\/www.organisator.ch\/de\/operational-excellence\/2025-04-23\/anstieg-von-cyber-angriffen-auf-schweizer-unternehmen-im-ersten-quartal-2025\/","og_locale":"de_DE","og_type":"article","og_title":"Anstieg von Cyber-Angriffen auf Schweizer Unternehmen im ersten Quartal 2025 - Organisator","og_description":"Der Global Cyber Attack Report von Check Point zeigt einen starken Anstieg der Cyber-Angriffe in der Schweiz.","og_url":"https:\/\/www.organisator.ch\/de\/operational-excellence\/2025-04-23\/anstieg-von-cyber-angriffen-auf-schweizer-unternehmen-im-ersten-quartal-2025\/","og_site_name":"Organisator","article_publisher":"https:\/\/www.facebook.com\/OrganisatorFachmagazin","article_published_time":"2025-04-23T13:04:03+00:00","article_modified_time":"2025-04-25T08:57:15+00:00","author":"galledia","twitter_card":"summary_large_image","twitter_creator":"@admin","schema":{"@context":"https:\/\/schema.org","@graph":[{"@type":"Article","@id":"https:\/\/www.organisator.ch\/operational-excellence\/2025-04-23\/anstieg-von-cyber-angriffen-auf-schweizer-unternehmen-im-ersten-quartal-2025\/#article","isPartOf":{"@id":"https:\/\/www.organisator.ch\/operational-excellence\/2025-04-23\/anstieg-von-cyber-angriffen-auf-schweizer-unternehmen-im-ersten-quartal-2025\/"},"author":{"name":"galledia","@id":"https:\/\/www.organisator.ch\/#\/schema\/person\/4e51799071cd2dd1232ac003643ef5f0"},"headline":"Anstieg von Cyber-Angriffen auf Schweizer Unternehmen im ersten Quartal 2025","datePublished":"2025-04-23T13:04:03+00:00","dateModified":"2025-04-25T08:57:15+00:00","mainEntityOfPage":{"@id":"https:\/\/www.organisator.ch\/operational-excellence\/2025-04-23\/anstieg-von-cyber-angriffen-auf-schweizer-unternehmen-im-ersten-quartal-2025\/"},"wordCount":599,"publisher":{"@id":"https:\/\/www.organisator.ch\/#organization"},"image":{"@id":"https:\/\/www.organisator.ch\/operational-excellence\/2025-04-23\/anstieg-von-cyber-angriffen-auf-schweizer-unternehmen-im-ersten-quartal-2025\/#primaryimage"},"thumbnailUrl":"https:\/\/www.m-q.ch\/wp-content\/uploads\/2025\/04\/Anstieg-von-Cyber-Angriffen-auf-Schweizer-Unternehmen-im-ersten-Quartal-2025_MQ.jpg","keywords":["Cyberangriffe","Cybersicherheit","Risikomanagement","Statistik"],"articleSection":["OPERATIONAL EXCELLENCE"],"inLanguage":"de"},{"@type":"WebPage","@id":"https:\/\/www.organisator.ch\/operational-excellence\/2025-04-23\/anstieg-von-cyber-angriffen-auf-schweizer-unternehmen-im-ersten-quartal-2025\/","url":"https:\/\/www.organisator.ch\/operational-excellence\/2025-04-23\/anstieg-von-cyber-angriffen-auf-schweizer-unternehmen-im-ersten-quartal-2025\/","name":"Anstieg von Cyber-Angriffen auf Schweizer Unternehmen im ersten Quartal 2025 - Organisator","isPartOf":{"@id":"https:\/\/www.organisator.ch\/#website"},"primaryImageOfPage":{"@id":"https:\/\/www.organisator.ch\/operational-excellence\/2025-04-23\/anstieg-von-cyber-angriffen-auf-schweizer-unternehmen-im-ersten-quartal-2025\/#primaryimage"},"image":{"@id":"https:\/\/www.organisator.ch\/operational-excellence\/2025-04-23\/anstieg-von-cyber-angriffen-auf-schweizer-unternehmen-im-ersten-quartal-2025\/#primaryimage"},"thumbnailUrl":"https:\/\/www.m-q.ch\/wp-content\/uploads\/2025\/04\/Anstieg-von-Cyber-Angriffen-auf-Schweizer-Unternehmen-im-ersten-Quartal-2025_MQ.jpg","datePublished":"2025-04-23T13:04:03+00:00","dateModified":"2025-04-25T08:57:15+00:00","description":"Der Global Cyber Attack Report von Check Point zeigt einen starken Anstieg der Cyber-Angriffe in der Schweiz.","breadcrumb":{"@id":"https:\/\/www.organisator.ch\/operational-excellence\/2025-04-23\/anstieg-von-cyber-angriffen-auf-schweizer-unternehmen-im-ersten-quartal-2025\/#breadcrumb"},"inLanguage":"de","potentialAction":[{"@type":"ReadAction","target":["https:\/\/www.organisator.ch\/operational-excellence\/2025-04-23\/anstieg-von-cyber-angriffen-auf-schweizer-unternehmen-im-ersten-quartal-2025\/"]}]},{"@type":"ImageObject","inLanguage":"de","@id":"https:\/\/www.organisator.ch\/operational-excellence\/2025-04-23\/anstieg-von-cyber-angriffen-auf-schweizer-unternehmen-im-ersten-quartal-2025\/#primaryimage","url":"https:\/\/www.m-q.ch\/wp-content\/uploads\/2025\/04\/Anstieg-von-Cyber-Angriffen-auf-Schweizer-Unternehmen-im-ersten-Quartal-2025_MQ.jpg","contentUrl":"https:\/\/www.m-q.ch\/wp-content\/uploads\/2025\/04\/Anstieg-von-Cyber-Angriffen-auf-Schweizer-Unternehmen-im-ersten-Quartal-2025_MQ.jpg"},{"@type":"BreadcrumbList","@id":"https:\/\/www.organisator.ch\/operational-excellence\/2025-04-23\/anstieg-von-cyber-angriffen-auf-schweizer-unternehmen-im-ersten-quartal-2025\/#breadcrumb","itemListElement":[{"@type":"ListItem","position":1,"name":"Home","item":"https:\/\/www.organisator.ch\/"},{"@type":"ListItem","position":2,"name":"Anstieg von Cyber-Angriffen auf Schweizer Unternehmen im ersten Quartal 2025"}]},{"@type":"WebSite","@id":"https:\/\/www.organisator.ch\/#website","url":"https:\/\/www.organisator.ch\/","name":"Organisator","description":"Kompetent. Praxisnah. Der ORGANISATOR bereitet in 10 Ausgaben pro Jahr die wesentlichen Themen f\u00fcr F\u00fchrungskr\u00e4fte von KMU auf.","publisher":{"@id":"https:\/\/www.organisator.ch\/#organization"},"potentialAction":[{"@type":"SearchAction","target":{"@type":"EntryPoint","urlTemplate":"https:\/\/www.organisator.ch\/?s={search_term_string}"},"query-input":{"@type":"PropertyValueSpecification","valueRequired":true,"valueName":"search_term_string"}}],"inLanguage":"de"},{"@type":"Organization","@id":"https:\/\/www.organisator.ch\/#organization","name":"Organisator","url":"https:\/\/www.organisator.ch\/","logo":{"@type":"ImageObject","inLanguage":"de","@id":"https:\/\/www.organisator.ch\/#\/schema\/logo\/image\/","url":"https:\/\/www.organisator.ch\/wp-content\/uploads\/2022\/01\/Logo_Organisator_Website.png","contentUrl":"https:\/\/www.organisator.ch\/wp-content\/uploads\/2022\/01\/Logo_Organisator_Website.png","width":800,"height":77,"caption":"Organisator"},"image":{"@id":"https:\/\/www.organisator.ch\/#\/schema\/logo\/image\/"},"sameAs":["https:\/\/www.facebook.com\/OrganisatorFachmagazin","https:\/\/www.linkedin.com\/showcase\/organisator-das-magazin-fr-kmu","https:\/\/www.xing.com\/news\/pages\/organisator-ch-695","https:\/\/www.youtube.com\/channel\/UCGP2Sq0iWaZwT3BdIAQFYpw"]},{"@type":"Person","@id":"https:\/\/www.organisator.ch\/#\/schema\/person\/4e51799071cd2dd1232ac003643ef5f0","name":"galledia","image":{"@type":"ImageObject","inLanguage":"de","@id":"https:\/\/secure.gravatar.com\/avatar\/78a7f90c01fc2bfc875782a0d4922b37cde2cf184ce347b91316d23cd7f69a36?s=96&d=mm&r=g","url":"https:\/\/secure.gravatar.com\/avatar\/78a7f90c01fc2bfc875782a0d4922b37cde2cf184ce347b91316d23cd7f69a36?s=96&d=mm&r=g","contentUrl":"https:\/\/secure.gravatar.com\/avatar\/78a7f90c01fc2bfc875782a0d4922b37cde2cf184ce347b91316d23cd7f69a36?s=96&d=mm&r=g","caption":"galledia"},"sameAs":["https:\/\/x.com\/admin"],"url":"https:\/\/www.organisator.ch\/de\/author\/galledia\/"}]}},"_links":{"self":[{"href":"https:\/\/www.organisator.ch\/de\/wp-json\/wp\/v2\/posts\/37910","targetHints":{"allow":["GET"]}}],"collection":[{"href":"https:\/\/www.organisator.ch\/de\/wp-json\/wp\/v2\/posts"}],"about":[{"href":"https:\/\/www.organisator.ch\/de\/wp-json\/wp\/v2\/types\/post"}],"author":[{"embeddable":true,"href":"https:\/\/www.organisator.ch\/de\/wp-json\/wp\/v2\/users\/8"}],"replies":[{"embeddable":true,"href":"https:\/\/www.organisator.ch\/de\/wp-json\/wp\/v2\/comments?post=37910"}],"version-history":[{"count":6,"href":"https:\/\/www.organisator.ch\/de\/wp-json\/wp\/v2\/posts\/37910\/revisions"}],"predecessor-version":[{"id":37980,"href":"https:\/\/www.organisator.ch\/de\/wp-json\/wp\/v2\/posts\/37910\/revisions\/37980"}],"wp:attachment":[{"href":"https:\/\/www.organisator.ch\/de\/wp-json\/wp\/v2\/media?parent=37910"}],"wp:term":[{"taxonomy":"category","embeddable":true,"href":"https:\/\/www.organisator.ch\/de\/wp-json\/wp\/v2\/categories?post=37910"},{"taxonomy":"post_tag","embeddable":true,"href":"https:\/\/www.organisator.ch\/de\/wp-json\/wp\/v2\/tags?post=37910"}],"curies":[{"name":"wp","href":"https:\/\/api.w.org\/{rel}","templated":true}]}}