{"id":37918,"date":"2025-04-23T16:59:58","date_gmt":"2025-04-23T14:59:58","guid":{"rendered":"https:\/\/www.organisator.ch\/?p=37918"},"modified":"2025-04-23T16:59:58","modified_gmt":"2025-04-23T14:59:58","slug":"geschaeftsklima-schweiz-haelt-kurs-trotz-weltweiter-konjunkturrisiken","status":"publish","type":"post","link":"https:\/\/www.organisator.ch\/de\/management\/2025-04-23\/geschaeftsklima-schweiz-haelt-kurs-trotz-weltweiter-konjunkturrisiken\/","title":{"rendered":"Gesch\u00e4ftsklima: Schweiz h\u00e4lt Kurs trotz weltweiter Konjunkturrisiken"},"content":{"rendered":"<figure id=\"attachment_37919\" aria-describedby=\"caption-attachment-37919\" style=\"width: 680px\" class=\"wp-caption alignnone\"><img loading=\"lazy\" decoding=\"async\" class=\"size-full wp-image-37919\" src=\"https:\/\/www.organisator.ch\/wp-content\/uploads\/2025\/04\/Geschaeftsklima-Schweiz-haelt-Kurs-trotz-weltweiter-Konjunkturrisiken_Organisator.jpg\" alt=\"\" width=\"680\" height=\"453\" srcset=\"https:\/\/www.organisator.ch\/wp-content\/uploads\/2025\/04\/Geschaeftsklima-Schweiz-haelt-Kurs-trotz-weltweiter-Konjunkturrisiken_Organisator.jpg 680w, https:\/\/www.organisator.ch\/wp-content\/uploads\/2025\/04\/Geschaeftsklima-Schweiz-haelt-Kurs-trotz-weltweiter-Konjunkturrisiken_Organisator-18x12.jpg 18w, https:\/\/www.organisator.ch\/wp-content\/uploads\/2025\/04\/Geschaeftsklima-Schweiz-haelt-Kurs-trotz-weltweiter-Konjunkturrisiken_Organisator-375x250.jpg 375w, https:\/\/www.organisator.ch\/wp-content\/uploads\/2025\/04\/Geschaeftsklima-Schweiz-haelt-Kurs-trotz-weltweiter-Konjunkturrisiken_Organisator-525x350.jpg 525w\" sizes=\"auto, (max-width: 680px) 100vw, 680px\" \/><figcaption id=\"caption-attachment-37919\" class=\"wp-caption-text\">Das Gesch\u00e4ftsklima tr\u00fcbt sich ein, doch die Schweizer Unternehmen zeigen sich noch widerstandsf\u00e4hig. (Bild: Unsplash.com)<\/figcaption><\/figure>\n<p>Das wirtschaftliche Umfeld pr\u00e4sentiert sich derzeit recht instabil: \u201eAngesichts der makro\u00f6konomischen Unsicherheit, steigenden Kapitalkosten und einer schw\u00e4cheren Wachstumsprognose sind die Unternehmen weiterhin besorgt \u00fcber die globale Wirtschaftslage und zur\u00fcckhaltend bei Investitionen. Die Neugestaltung der Handelsbeziehungen und die Unsicherheit in Bezug auf Z\u00f6lle haben dazu beigetragen, dass \u00fcber 90 Prozent der befragten Volkswirtschaften einen R\u00fcckgang ihres finanziellen Vertrauensindexes verzeichneten\u201c, sagt Marianne Bregenzer, Country Lead bei Dun &amp; Bradstreet Schweiz. In diesem Umfeld zeigt sich die Schweiz jedoch vergleichsweise stabil. Der Gesch\u00e4ftsklima-Index bewegt sich nahe dem globalen Durchschnitt. Der Global Business Financial Confidence Index ist um 8 Prozent gesunken. Auch beim Thema ESG sinkt der Index leicht um 5 Prozent.<\/p>\n<h3><strong>Schweizer Unternehmen zeigen sich vergleichsweise widerstandsf\u00e4hig<\/strong><\/h3>\n<p>Im internationalen Vergleich f\u00e4llt der R\u00fcckgang beim Gesch\u00e4ftsklima in der Schweiz weniger deutlich aus. W\u00e4hrend viele fortgeschrittene Volkswirtschaften starke Einbr\u00fcche verzeichneten, liegt die Schweiz mit ihrem Indexwert nahe am globalen Durchschnitt. Beim Global Business Financial Confidence Index meldete die Schweiz einen R\u00fcckgang um 8 Prozent \u2013 ein moderater Wert angesichts eines weltweiten Durchschnitts von minus 9 Prozent und zum Teil deutlich st\u00e4rkeren Einbussen in anderen L\u00e4ndern.<\/p>\n<h3><strong>Lieferketten: Schweiz bleibt trotz globaler Herausforderungen auf vergleichbarem Niveau<\/strong><\/h3>\n<p>Der Global Supply Chain Continuity Index konnte sich im zweiten Quartal weltweit nur leicht erholen (+1 Prozent). In den USA sank der Optimismus in Bezug auf Lieferketten-Kontinuit\u00e4t deutlich um 8 Prozent. Auch andere europ\u00e4ische L\u00e4nder wie Norwegen (-17 Prozent) oder das Vereinigte K\u00f6nigreich (-24 Prozent) verzeichneten starke R\u00fcckg\u00e4nge. Die Schweiz liegt mit einem leichten Minus von 1 Prozent im internationalen Vergleich deutlich besser und zeigt damit, dass sich die Lage hierzulande zumindest auf Vorkrisenniveau stabilisiert hat.<\/p>\n<h3><strong>ESG: Schweizer Unternehmen halten an ihren Nachhaltigkeitszielen fest<\/strong><\/h3>\n<p>Weltweit ist das Engagement in den Bereichen Umwelt, Soziales und Governance r\u00fcckl\u00e4ufig \u2013 insbesondere bei grossen und mittleren Unternehmen. Der Global Business ESG Index sank im ersten Quartal 2025 um 3 Prozent. In der Schweiz lag der R\u00fcckgang bei 5 Prozent. Dennoch zeigt sich: Vor allem kleinere Unternehmen setzen ihr Engagement f\u00fcr Umweltinitiativen konsequent fort, wodurch sich das ESG-Niveau in der Schweiz im Vergleich zu vielen anderen L\u00e4ndern als weitgehend konstant erweist.<\/p>\n<p><em>Quelle: <a href=\"https:\/\/www.dnb.com\/de-ch\/\">Dun &amp; Bradstreet<\/a><\/em><\/p>\n","protected":false},"excerpt":{"rendered":"<p>Laut dem aktuellen Global Business Optimism Index von Dun &#038; Bradstreet ist die globale Gesch\u00e4ftserwartung im zweiten Quartal 2025 um ein Prozent im Vergleich zum Vorjahr gesunken. Ursachen sind vor allem anhaltende geopolitische Unsicherheiten, volatile Handelsstrategien sowie zunehmender Protektionismus.<\/p>\n","protected":false},"author":4,"featured_media":37919,"comment_status":"closed","ping_status":"closed","sticky":false,"template":"","format":"standard","meta":{"_acf_changed":false,"_yoast_wpseo_focuskw":"Gesch\u00e4ftsklima","_yoast_wpseo_metadesc":"Laut Dun & Bradstreet hat sich das globale Gesch\u00e4ftsklima im zweiten Quartal 2025 im Vergleich zum Vorjahr verschlechtert.","articlekey":"","footnotes":""},"categories":[28],"tags":[4627,5301,531],"class_list":["post-37918","post","type-post","status-publish","format-standard","has-post-thumbnail","hentry","category-management","tag-geschaeftsklima","tag-konjunkturrisiken","tag-wirtschaftspolitik"],"acf":[],"yoast_head":"<!-- This site is optimized with the Yoast SEO plugin v27.5 - https:\/\/yoast.com\/product\/yoast-seo-wordpress\/ -->\n<title>Gesch\u00e4ftsklima: Schweiz h\u00e4lt Kurs trotz weltweiter Konjunkturrisiken - Organisator<\/title>\n<meta name=\"description\" content=\"Laut Dun &amp; Bradstreet hat sich das globale Gesch\u00e4ftsklima im zweiten Quartal 2025 im Vergleich zum Vorjahr verschlechtert.\" \/>\n<meta name=\"robots\" content=\"index, follow, max-snippet:-1, max-image-preview:large, max-video-preview:-1\" \/>\n<link rel=\"canonical\" href=\"https:\/\/www.organisator.ch\/de\/management\/2025-04-23\/geschaeftsklima-schweiz-haelt-kurs-trotz-weltweiter-konjunkturrisiken\/\" \/>\n<meta property=\"og:locale\" content=\"de_DE\" \/>\n<meta property=\"og:type\" content=\"article\" \/>\n<meta property=\"og:title\" content=\"Gesch\u00e4ftsklima: Schweiz h\u00e4lt Kurs trotz weltweiter Konjunkturrisiken\" \/>\n<meta property=\"og:description\" content=\"Laut Dun &amp; Bradstreet hat sich das globale Gesch\u00e4ftsklima im zweiten Quartal 2025 im Vergleich zum Vorjahr verschlechtert.\" \/>\n<meta property=\"og:url\" content=\"https:\/\/www.organisator.ch\/de\/management\/2025-04-23\/geschaeftsklima-schweiz-haelt-kurs-trotz-weltweiter-konjunkturrisiken\/\" \/>\n<meta property=\"og:site_name\" content=\"Organisator\" \/>\n<meta property=\"article:publisher\" content=\"https:\/\/www.facebook.com\/OrganisatorFachmagazin\" \/>\n<meta property=\"article:published_time\" content=\"2025-04-23T14:59:58+00:00\" \/>\n<meta property=\"og:image\" content=\"https:\/\/www.organisator.ch\/wp-content\/uploads\/2025\/04\/Geschaeftsklima-Schweiz-haelt-Kurs-trotz-weltweiter-Konjunkturrisiken_Organisator.jpg\" \/>\n\t<meta property=\"og:image:width\" content=\"680\" \/>\n\t<meta property=\"og:image:height\" content=\"453\" \/>\n\t<meta property=\"og:image:type\" content=\"image\/jpeg\" \/>\n<meta name=\"author\" content=\"thomas.berner\" \/>\n<meta name=\"twitter:card\" content=\"summary_large_image\" \/>\n<meta name=\"twitter:title\" content=\"#Gesch\u00e4ftsklima: Schweiz h\u00e4lt Kurs trotz weltweiter #Konjunkturrisiken\" \/>\n<meta name=\"twitter:description\" content=\"Laut Dun &amp; Bradstreet #dnb hat sich das globale #Gesch\u00e4ftsklima im zweiten Quartal 2025 im Vergleich zum Vorjahr verschlechtert.\" \/>\n<meta name=\"twitter:image\" content=\"https:\/\/www.organisator.ch\/wp-content\/uploads\/2025\/04\/Geschaeftsklima-Schweiz-haelt-Kurs-trotz-weltweiter-Konjunkturrisiken_Organisator.jpg\" \/>\n<script type=\"application\/ld+json\" class=\"yoast-schema-graph\">{\"@context\":\"https:\\\/\\\/schema.org\",\"@graph\":[{\"@type\":\"Article\",\"@id\":\"https:\\\/\\\/www.organisator.ch\\\/management\\\/2025-04-23\\\/geschaeftsklima-schweiz-haelt-kurs-trotz-weltweiter-konjunkturrisiken\\\/#article\",\"isPartOf\":{\"@id\":\"https:\\\/\\\/www.organisator.ch\\\/management\\\/2025-04-23\\\/geschaeftsklima-schweiz-haelt-kurs-trotz-weltweiter-konjunkturrisiken\\\/\"},\"author\":{\"name\":\"thomas.berner\",\"@id\":\"https:\\\/\\\/www.organisator.ch\\\/#\\\/schema\\\/person\\\/6f650f90b2842cd4c0cc334b4e36f67e\"},\"headline\":\"Gesch\u00e4ftsklima: Schweiz h\u00e4lt Kurs trotz weltweiter Konjunkturrisiken\",\"datePublished\":\"2025-04-23T14:59:58+00:00\",\"mainEntityOfPage\":{\"@id\":\"https:\\\/\\\/www.organisator.ch\\\/management\\\/2025-04-23\\\/geschaeftsklima-schweiz-haelt-kurs-trotz-weltweiter-konjunkturrisiken\\\/\"},\"wordCount\":398,\"publisher\":{\"@id\":\"https:\\\/\\\/www.organisator.ch\\\/#organization\"},\"image\":{\"@id\":\"https:\\\/\\\/www.organisator.ch\\\/management\\\/2025-04-23\\\/geschaeftsklima-schweiz-haelt-kurs-trotz-weltweiter-konjunkturrisiken\\\/#primaryimage\"},\"thumbnailUrl\":\"https:\\\/\\\/www.organisator.ch\\\/wp-content\\\/uploads\\\/2025\\\/04\\\/Geschaeftsklima-Schweiz-haelt-Kurs-trotz-weltweiter-Konjunkturrisiken_Organisator.jpg\",\"keywords\":[\"Gesch\u00e4ftsklima\",\"Konjunkturrisiken\",\"Wirtschaftspolitik\"],\"articleSection\":[\"MANAGEMENT\"],\"inLanguage\":\"de\"},{\"@type\":\"WebPage\",\"@id\":\"https:\\\/\\\/www.organisator.ch\\\/management\\\/2025-04-23\\\/geschaeftsklima-schweiz-haelt-kurs-trotz-weltweiter-konjunkturrisiken\\\/\",\"url\":\"https:\\\/\\\/www.organisator.ch\\\/management\\\/2025-04-23\\\/geschaeftsklima-schweiz-haelt-kurs-trotz-weltweiter-konjunkturrisiken\\\/\",\"name\":\"Gesch\u00e4ftsklima: Schweiz h\u00e4lt Kurs trotz weltweiter Konjunkturrisiken - Organisator\",\"isPartOf\":{\"@id\":\"https:\\\/\\\/www.organisator.ch\\\/#website\"},\"primaryImageOfPage\":{\"@id\":\"https:\\\/\\\/www.organisator.ch\\\/management\\\/2025-04-23\\\/geschaeftsklima-schweiz-haelt-kurs-trotz-weltweiter-konjunkturrisiken\\\/#primaryimage\"},\"image\":{\"@id\":\"https:\\\/\\\/www.organisator.ch\\\/management\\\/2025-04-23\\\/geschaeftsklima-schweiz-haelt-kurs-trotz-weltweiter-konjunkturrisiken\\\/#primaryimage\"},\"thumbnailUrl\":\"https:\\\/\\\/www.organisator.ch\\\/wp-content\\\/uploads\\\/2025\\\/04\\\/Geschaeftsklima-Schweiz-haelt-Kurs-trotz-weltweiter-Konjunkturrisiken_Organisator.jpg\",\"datePublished\":\"2025-04-23T14:59:58+00:00\",\"description\":\"Laut Dun & Bradstreet hat sich das globale Gesch\u00e4ftsklima im zweiten Quartal 2025 im Vergleich zum Vorjahr verschlechtert.\",\"breadcrumb\":{\"@id\":\"https:\\\/\\\/www.organisator.ch\\\/management\\\/2025-04-23\\\/geschaeftsklima-schweiz-haelt-kurs-trotz-weltweiter-konjunkturrisiken\\\/#breadcrumb\"},\"inLanguage\":\"de\",\"potentialAction\":[{\"@type\":\"ReadAction\",\"target\":[\"https:\\\/\\\/www.organisator.ch\\\/management\\\/2025-04-23\\\/geschaeftsklima-schweiz-haelt-kurs-trotz-weltweiter-konjunkturrisiken\\\/\"]}]},{\"@type\":\"ImageObject\",\"inLanguage\":\"de\",\"@id\":\"https:\\\/\\\/www.organisator.ch\\\/management\\\/2025-04-23\\\/geschaeftsklima-schweiz-haelt-kurs-trotz-weltweiter-konjunkturrisiken\\\/#primaryimage\",\"url\":\"https:\\\/\\\/www.organisator.ch\\\/wp-content\\\/uploads\\\/2025\\\/04\\\/Geschaeftsklima-Schweiz-haelt-Kurs-trotz-weltweiter-Konjunkturrisiken_Organisator.jpg\",\"contentUrl\":\"https:\\\/\\\/www.organisator.ch\\\/wp-content\\\/uploads\\\/2025\\\/04\\\/Geschaeftsklima-Schweiz-haelt-Kurs-trotz-weltweiter-Konjunkturrisiken_Organisator.jpg\",\"width\":680,\"height\":453,\"caption\":\"Das Gesch\u00e4ftsklima tr\u00fcbt sich ein, doch die Schweizer Unternehmen zeigen sich noch widerstandsf\u00e4hig. (Bild: Unsplash.com)\"},{\"@type\":\"BreadcrumbList\",\"@id\":\"https:\\\/\\\/www.organisator.ch\\\/management\\\/2025-04-23\\\/geschaeftsklima-schweiz-haelt-kurs-trotz-weltweiter-konjunkturrisiken\\\/#breadcrumb\",\"itemListElement\":[{\"@type\":\"ListItem\",\"position\":1,\"name\":\"Home\",\"item\":\"https:\\\/\\\/www.organisator.ch\\\/\"},{\"@type\":\"ListItem\",\"position\":2,\"name\":\"Gesch\u00e4ftsklima: Schweiz h\u00e4lt Kurs trotz weltweiter Konjunkturrisiken\"}]},{\"@type\":\"WebSite\",\"@id\":\"https:\\\/\\\/www.organisator.ch\\\/#website\",\"url\":\"https:\\\/\\\/www.organisator.ch\\\/\",\"name\":\"Organisator\",\"description\":\"Kompetent. Praxisnah. Der ORGANISATOR bereitet in 10 Ausgaben pro Jahr die wesentlichen Themen f\u00fcr F\u00fchrungskr\u00e4fte von KMU auf.\",\"publisher\":{\"@id\":\"https:\\\/\\\/www.organisator.ch\\\/#organization\"},\"potentialAction\":[{\"@type\":\"SearchAction\",\"target\":{\"@type\":\"EntryPoint\",\"urlTemplate\":\"https:\\\/\\\/www.organisator.ch\\\/?s={search_term_string}\"},\"query-input\":{\"@type\":\"PropertyValueSpecification\",\"valueRequired\":true,\"valueName\":\"search_term_string\"}}],\"inLanguage\":\"de\"},{\"@type\":\"Organization\",\"@id\":\"https:\\\/\\\/www.organisator.ch\\\/#organization\",\"name\":\"Organisator\",\"url\":\"https:\\\/\\\/www.organisator.ch\\\/\",\"logo\":{\"@type\":\"ImageObject\",\"inLanguage\":\"de\",\"@id\":\"https:\\\/\\\/www.organisator.ch\\\/#\\\/schema\\\/logo\\\/image\\\/\",\"url\":\"https:\\\/\\\/www.organisator.ch\\\/wp-content\\\/uploads\\\/2022\\\/01\\\/Logo_Organisator_Website.png\",\"contentUrl\":\"https:\\\/\\\/www.organisator.ch\\\/wp-content\\\/uploads\\\/2022\\\/01\\\/Logo_Organisator_Website.png\",\"width\":800,\"height\":77,\"caption\":\"Organisator\"},\"image\":{\"@id\":\"https:\\\/\\\/www.organisator.ch\\\/#\\\/schema\\\/logo\\\/image\\\/\"},\"sameAs\":[\"https:\\\/\\\/www.facebook.com\\\/OrganisatorFachmagazin\",\"https:\\\/\\\/www.linkedin.com\\\/showcase\\\/organisator-das-magazin-fr-kmu\",\"https:\\\/\\\/www.xing.com\\\/news\\\/pages\\\/organisator-ch-695\",\"https:\\\/\\\/www.youtube.com\\\/channel\\\/UCGP2Sq0iWaZwT3BdIAQFYpw\"]},{\"@type\":\"Person\",\"@id\":\"https:\\\/\\\/www.organisator.ch\\\/#\\\/schema\\\/person\\\/6f650f90b2842cd4c0cc334b4e36f67e\",\"name\":\"thomas.berner\",\"image\":{\"@type\":\"ImageObject\",\"inLanguage\":\"de\",\"@id\":\"https:\\\/\\\/secure.gravatar.com\\\/avatar\\\/ac5001d2a36cb6c6cd3e50789007ffca834b477b74a2144564522e944eabff61?s=96&d=mm&r=g\",\"url\":\"https:\\\/\\\/secure.gravatar.com\\\/avatar\\\/ac5001d2a36cb6c6cd3e50789007ffca834b477b74a2144564522e944eabff61?s=96&d=mm&r=g\",\"contentUrl\":\"https:\\\/\\\/secure.gravatar.com\\\/avatar\\\/ac5001d2a36cb6c6cd3e50789007ffca834b477b74a2144564522e944eabff61?s=96&d=mm&r=g\",\"caption\":\"thomas.berner\"},\"url\":\"https:\\\/\\\/www.organisator.ch\\\/de\\\/author\\\/thomas-berner\\\/\"}]}<\/script>\n<!-- \/ Yoast SEO plugin. -->","yoast_head_json":{"title":"Gesch\u00e4ftsklima: Schweiz h\u00e4lt Kurs trotz weltweiter Konjunkturrisiken - Organisator","description":"Laut Dun & Bradstreet hat sich das globale Gesch\u00e4ftsklima im zweiten Quartal 2025 im Vergleich zum Vorjahr verschlechtert.","robots":{"index":"index","follow":"follow","max-snippet":"max-snippet:-1","max-image-preview":"max-image-preview:large","max-video-preview":"max-video-preview:-1"},"canonical":"https:\/\/www.organisator.ch\/de\/management\/2025-04-23\/geschaeftsklima-schweiz-haelt-kurs-trotz-weltweiter-konjunkturrisiken\/","og_locale":"de_DE","og_type":"article","og_title":"Gesch\u00e4ftsklima: Schweiz h\u00e4lt Kurs trotz weltweiter Konjunkturrisiken","og_description":"Laut Dun & Bradstreet hat sich das globale Gesch\u00e4ftsklima im zweiten Quartal 2025 im Vergleich zum Vorjahr verschlechtert.","og_url":"https:\/\/www.organisator.ch\/de\/management\/2025-04-23\/geschaeftsklima-schweiz-haelt-kurs-trotz-weltweiter-konjunkturrisiken\/","og_site_name":"Organisator","article_publisher":"https:\/\/www.facebook.com\/OrganisatorFachmagazin","article_published_time":"2025-04-23T14:59:58+00:00","og_image":[{"width":680,"height":453,"url":"https:\/\/www.organisator.ch\/wp-content\/uploads\/2025\/04\/Geschaeftsklima-Schweiz-haelt-Kurs-trotz-weltweiter-Konjunkturrisiken_Organisator.jpg","type":"image\/jpeg"}],"author":"thomas.berner","twitter_card":"summary_large_image","twitter_title":"#Gesch\u00e4ftsklima: Schweiz h\u00e4lt Kurs trotz weltweiter #Konjunkturrisiken","twitter_description":"Laut Dun & Bradstreet #dnb hat sich das globale #Gesch\u00e4ftsklima im zweiten Quartal 2025 im Vergleich zum Vorjahr verschlechtert.","twitter_image":"https:\/\/www.organisator.ch\/wp-content\/uploads\/2025\/04\/Geschaeftsklima-Schweiz-haelt-Kurs-trotz-weltweiter-Konjunkturrisiken_Organisator.jpg","schema":{"@context":"https:\/\/schema.org","@graph":[{"@type":"Article","@id":"https:\/\/www.organisator.ch\/management\/2025-04-23\/geschaeftsklima-schweiz-haelt-kurs-trotz-weltweiter-konjunkturrisiken\/#article","isPartOf":{"@id":"https:\/\/www.organisator.ch\/management\/2025-04-23\/geschaeftsklima-schweiz-haelt-kurs-trotz-weltweiter-konjunkturrisiken\/"},"author":{"name":"thomas.berner","@id":"https:\/\/www.organisator.ch\/#\/schema\/person\/6f650f90b2842cd4c0cc334b4e36f67e"},"headline":"Gesch\u00e4ftsklima: Schweiz h\u00e4lt Kurs trotz weltweiter Konjunkturrisiken","datePublished":"2025-04-23T14:59:58+00:00","mainEntityOfPage":{"@id":"https:\/\/www.organisator.ch\/management\/2025-04-23\/geschaeftsklima-schweiz-haelt-kurs-trotz-weltweiter-konjunkturrisiken\/"},"wordCount":398,"publisher":{"@id":"https:\/\/www.organisator.ch\/#organization"},"image":{"@id":"https:\/\/www.organisator.ch\/management\/2025-04-23\/geschaeftsklima-schweiz-haelt-kurs-trotz-weltweiter-konjunkturrisiken\/#primaryimage"},"thumbnailUrl":"https:\/\/www.organisator.ch\/wp-content\/uploads\/2025\/04\/Geschaeftsklima-Schweiz-haelt-Kurs-trotz-weltweiter-Konjunkturrisiken_Organisator.jpg","keywords":["Gesch\u00e4ftsklima","Konjunkturrisiken","Wirtschaftspolitik"],"articleSection":["MANAGEMENT"],"inLanguage":"de"},{"@type":"WebPage","@id":"https:\/\/www.organisator.ch\/management\/2025-04-23\/geschaeftsklima-schweiz-haelt-kurs-trotz-weltweiter-konjunkturrisiken\/","url":"https:\/\/www.organisator.ch\/management\/2025-04-23\/geschaeftsklima-schweiz-haelt-kurs-trotz-weltweiter-konjunkturrisiken\/","name":"Gesch\u00e4ftsklima: Schweiz h\u00e4lt Kurs trotz weltweiter Konjunkturrisiken - Organisator","isPartOf":{"@id":"https:\/\/www.organisator.ch\/#website"},"primaryImageOfPage":{"@id":"https:\/\/www.organisator.ch\/management\/2025-04-23\/geschaeftsklima-schweiz-haelt-kurs-trotz-weltweiter-konjunkturrisiken\/#primaryimage"},"image":{"@id":"https:\/\/www.organisator.ch\/management\/2025-04-23\/geschaeftsklima-schweiz-haelt-kurs-trotz-weltweiter-konjunkturrisiken\/#primaryimage"},"thumbnailUrl":"https:\/\/www.organisator.ch\/wp-content\/uploads\/2025\/04\/Geschaeftsklima-Schweiz-haelt-Kurs-trotz-weltweiter-Konjunkturrisiken_Organisator.jpg","datePublished":"2025-04-23T14:59:58+00:00","description":"Laut Dun & Bradstreet hat sich das globale Gesch\u00e4ftsklima im zweiten Quartal 2025 im Vergleich zum Vorjahr verschlechtert.","breadcrumb":{"@id":"https:\/\/www.organisator.ch\/management\/2025-04-23\/geschaeftsklima-schweiz-haelt-kurs-trotz-weltweiter-konjunkturrisiken\/#breadcrumb"},"inLanguage":"de","potentialAction":[{"@type":"ReadAction","target":["https:\/\/www.organisator.ch\/management\/2025-04-23\/geschaeftsklima-schweiz-haelt-kurs-trotz-weltweiter-konjunkturrisiken\/"]}]},{"@type":"ImageObject","inLanguage":"de","@id":"https:\/\/www.organisator.ch\/management\/2025-04-23\/geschaeftsklima-schweiz-haelt-kurs-trotz-weltweiter-konjunkturrisiken\/#primaryimage","url":"https:\/\/www.organisator.ch\/wp-content\/uploads\/2025\/04\/Geschaeftsklima-Schweiz-haelt-Kurs-trotz-weltweiter-Konjunkturrisiken_Organisator.jpg","contentUrl":"https:\/\/www.organisator.ch\/wp-content\/uploads\/2025\/04\/Geschaeftsklima-Schweiz-haelt-Kurs-trotz-weltweiter-Konjunkturrisiken_Organisator.jpg","width":680,"height":453,"caption":"Das Gesch\u00e4ftsklima tr\u00fcbt sich ein, doch die Schweizer Unternehmen zeigen sich noch widerstandsf\u00e4hig. (Bild: Unsplash.com)"},{"@type":"BreadcrumbList","@id":"https:\/\/www.organisator.ch\/management\/2025-04-23\/geschaeftsklima-schweiz-haelt-kurs-trotz-weltweiter-konjunkturrisiken\/#breadcrumb","itemListElement":[{"@type":"ListItem","position":1,"name":"Home","item":"https:\/\/www.organisator.ch\/"},{"@type":"ListItem","position":2,"name":"Gesch\u00e4ftsklima: Schweiz h\u00e4lt Kurs trotz weltweiter Konjunkturrisiken"}]},{"@type":"WebSite","@id":"https:\/\/www.organisator.ch\/#website","url":"https:\/\/www.organisator.ch\/","name":"Organisator","description":"Kompetent. Praxisnah. Der ORGANISATOR bereitet in 10 Ausgaben pro Jahr die wesentlichen Themen f\u00fcr F\u00fchrungskr\u00e4fte von KMU auf.","publisher":{"@id":"https:\/\/www.organisator.ch\/#organization"},"potentialAction":[{"@type":"SearchAction","target":{"@type":"EntryPoint","urlTemplate":"https:\/\/www.organisator.ch\/?s={search_term_string}"},"query-input":{"@type":"PropertyValueSpecification","valueRequired":true,"valueName":"search_term_string"}}],"inLanguage":"de"},{"@type":"Organization","@id":"https:\/\/www.organisator.ch\/#organization","name":"Organisator","url":"https:\/\/www.organisator.ch\/","logo":{"@type":"ImageObject","inLanguage":"de","@id":"https:\/\/www.organisator.ch\/#\/schema\/logo\/image\/","url":"https:\/\/www.organisator.ch\/wp-content\/uploads\/2022\/01\/Logo_Organisator_Website.png","contentUrl":"https:\/\/www.organisator.ch\/wp-content\/uploads\/2022\/01\/Logo_Organisator_Website.png","width":800,"height":77,"caption":"Organisator"},"image":{"@id":"https:\/\/www.organisator.ch\/#\/schema\/logo\/image\/"},"sameAs":["https:\/\/www.facebook.com\/OrganisatorFachmagazin","https:\/\/www.linkedin.com\/showcase\/organisator-das-magazin-fr-kmu","https:\/\/www.xing.com\/news\/pages\/organisator-ch-695","https:\/\/www.youtube.com\/channel\/UCGP2Sq0iWaZwT3BdIAQFYpw"]},{"@type":"Person","@id":"https:\/\/www.organisator.ch\/#\/schema\/person\/6f650f90b2842cd4c0cc334b4e36f67e","name":"thomas.berner","image":{"@type":"ImageObject","inLanguage":"de","@id":"https:\/\/secure.gravatar.com\/avatar\/ac5001d2a36cb6c6cd3e50789007ffca834b477b74a2144564522e944eabff61?s=96&d=mm&r=g","url":"https:\/\/secure.gravatar.com\/avatar\/ac5001d2a36cb6c6cd3e50789007ffca834b477b74a2144564522e944eabff61?s=96&d=mm&r=g","contentUrl":"https:\/\/secure.gravatar.com\/avatar\/ac5001d2a36cb6c6cd3e50789007ffca834b477b74a2144564522e944eabff61?s=96&d=mm&r=g","caption":"thomas.berner"},"url":"https:\/\/www.organisator.ch\/de\/author\/thomas-berner\/"}]}},"_links":{"self":[{"href":"https:\/\/www.organisator.ch\/de\/wp-json\/wp\/v2\/posts\/37918","targetHints":{"allow":["GET"]}}],"collection":[{"href":"https:\/\/www.organisator.ch\/de\/wp-json\/wp\/v2\/posts"}],"about":[{"href":"https:\/\/www.organisator.ch\/de\/wp-json\/wp\/v2\/types\/post"}],"author":[{"embeddable":true,"href":"https:\/\/www.organisator.ch\/de\/wp-json\/wp\/v2\/users\/4"}],"replies":[{"embeddable":true,"href":"https:\/\/www.organisator.ch\/de\/wp-json\/wp\/v2\/comments?post=37918"}],"version-history":[{"count":4,"href":"https:\/\/www.organisator.ch\/de\/wp-json\/wp\/v2\/posts\/37918\/revisions"}],"predecessor-version":[{"id":37970,"href":"https:\/\/www.organisator.ch\/de\/wp-json\/wp\/v2\/posts\/37918\/revisions\/37970"}],"wp:featuredmedia":[{"embeddable":true,"href":"https:\/\/www.organisator.ch\/de\/wp-json\/wp\/v2\/media\/37919"}],"wp:attachment":[{"href":"https:\/\/www.organisator.ch\/de\/wp-json\/wp\/v2\/media?parent=37918"}],"wp:term":[{"taxonomy":"category","embeddable":true,"href":"https:\/\/www.organisator.ch\/de\/wp-json\/wp\/v2\/categories?post=37918"},{"taxonomy":"post_tag","embeddable":true,"href":"https:\/\/www.organisator.ch\/de\/wp-json\/wp\/v2\/tags?post=37918"}],"curies":[{"name":"wp","href":"https:\/\/api.w.org\/{rel}","templated":true}]}}