{"id":38044,"date":"2025-04-29T08:32:04","date_gmt":"2025-04-29T06:32:04","guid":{"rendered":"https:\/\/www.organisator.ch\/?p=38044"},"modified":"2025-04-29T08:32:43","modified_gmt":"2025-04-29T06:32:43","slug":"projekte-der-klimastiftung-schweiz-zeigen-wirkung","status":"publish","type":"post","link":"https:\/\/www.organisator.ch\/de\/sustainability\/2025-04-29\/projekte-der-klimastiftung-schweiz-zeigen-wirkung\/","title":{"rendered":"Projekte der Klimastiftung Schweiz zeigen Wirkung"},"content":{"rendered":"<figure id=\"attachment_38045\" aria-describedby=\"caption-attachment-38045\" style=\"width: 680px\" class=\"wp-caption alignnone\"><img loading=\"lazy\" decoding=\"async\" class=\"wp-image-38045 size-full\" src=\"https:\/\/www.organisator.ch\/wp-content\/uploads\/2025\/04\/Projekte-der-Klimastiftung-Schweiz-zeigen-Wirkung-1_Organisator.jpg\" alt=\"\" width=\"680\" height=\"444\" srcset=\"https:\/\/www.organisator.ch\/wp-content\/uploads\/2025\/04\/Projekte-der-Klimastiftung-Schweiz-zeigen-Wirkung-1_Organisator.jpg 680w, https:\/\/www.organisator.ch\/wp-content\/uploads\/2025\/04\/Projekte-der-Klimastiftung-Schweiz-zeigen-Wirkung-1_Organisator-18x12.jpg 18w, https:\/\/www.organisator.ch\/wp-content\/uploads\/2025\/04\/Projekte-der-Klimastiftung-Schweiz-zeigen-Wirkung-1_Organisator-375x245.jpg 375w, https:\/\/www.organisator.ch\/wp-content\/uploads\/2025\/04\/Projekte-der-Klimastiftung-Schweiz-zeigen-Wirkung-1_Organisator-536x350.jpg 536w\" sizes=\"auto, (max-width: 680px) 100vw, 680px\" \/><figcaption id=\"caption-attachment-38045\" class=\"wp-caption-text\">Weit mehr als Solaranlagen: Die von der Klimastiftung Schweiz gef\u00f6rderten Projekte sind vielf\u00e4ltig. (Symbolbild; Unsplash.com)<\/figcaption><\/figure>\n<p>Das Klima sch\u00fctzen und KMU st\u00e4rken: Nach diesem Motto unterst\u00fctzt die Klimastiftung Schweiz Projekte kleiner und mittlerer Unternehmen (KMU), die einen Beitrag zum Klimaschutz leisten. Die Stiftung hat seit ihrer Gr\u00fcndung 2008 F\u00f6rderungen in der H\u00f6he von \u00fcber 40 Millionen Franken in der Schweiz und im F\u00fcrstentum Liechtenstein gesprochen. Davon flossen \u00fcber 20 Millionen Franken in rund 200 Innovationsprojekte. Die Klimastiftung Schweiz ist gemeinn\u00fctzig und unabh\u00e4ngig. Sie ist unter Bundesaufsicht und steht interessierten Firmen offen, die durch einen effizienten und gezielten Einsatz der R\u00fcckverteilung aus der CO2-Lenkungsabgabe den Klimaschutz verst\u00e4rken wollen.<\/p>\n<p>Die Wirkung solcher Projekte zeigt sich oft erst nach Jahren. Nur erfolgreiche Technologien k\u00f6nnen auch skaliert werden. W\u00e4hrend die erw\u00e4hnten 40% markt-etablierter Innovationsprojekte eine positive Wirkung auf Klima und Wirtschaft erzielen, ist anzumerken, dass fast ein Drittel der Projekte abgebrochen wurde. Die Gr\u00fcnde sind technischer, wirtschaftlicher oder organisatorischer Natur. Das sind die Key-Erkenntnisse aus einer Wirkungsmessung, welche die Klimastiftung Schweiz 2024 durchgef\u00fchrt hat.\u00a0<\/p>\n<figure id=\"attachment_38046\" aria-describedby=\"caption-attachment-38046\" style=\"width: 680px\" class=\"wp-caption alignnone\"><img loading=\"lazy\" decoding=\"async\" class=\"size-full wp-image-38046\" src=\"https:\/\/www.organisator.ch\/wp-content\/uploads\/2025\/04\/Projekte-der-Klimastiftung-Schweiz-zeigen-Wirkung-2_Organisator.jpg\" alt=\"\" width=\"680\" height=\"529\" srcset=\"https:\/\/www.organisator.ch\/wp-content\/uploads\/2025\/04\/Projekte-der-Klimastiftung-Schweiz-zeigen-Wirkung-2_Organisator.jpg 680w, https:\/\/www.organisator.ch\/wp-content\/uploads\/2025\/04\/Projekte-der-Klimastiftung-Schweiz-zeigen-Wirkung-2_Organisator-15x12.jpg 15w, https:\/\/www.organisator.ch\/wp-content\/uploads\/2025\/04\/Projekte-der-Klimastiftung-Schweiz-zeigen-Wirkung-2_Organisator-375x292.jpg 375w, https:\/\/www.organisator.ch\/wp-content\/uploads\/2025\/04\/Projekte-der-Klimastiftung-Schweiz-zeigen-Wirkung-2_Organisator-450x350.jpg 450w\" sizes=\"auto, (max-width: 680px) 100vw, 680px\" \/><figcaption id=\"caption-attachment-38046\" class=\"wp-caption-text\">40 Prozent der gef\u00f6rderten Projekte sind am Markt erfolgreich. (Grafik: Klimastiftung Schweiz)<\/figcaption><\/figure>\n<p>In den letzten 16 Jahren stammten \u00fcber die H\u00e4lfte der gef\u00f6rderten Projekte aus den Bereichen Energieproduktion, Geb\u00e4ude und Konstruktion sowie Lebensmittel und Landwirtschaft. 2024 lag der Schwerpunkt der Unterst\u00fctzung auf Klima-Innovationen im Bereich der Energieproduktion. Die Klima-Innovationen und L\u00f6sungen sind also da, um die Energiestrategie der Wirtschaftsstandorte Schweiz und Liechtenstein zu st\u00e4rken, so das Fazit der Klimastiftung.<\/p>\n<p><a href=\"http:\/\/www.klimastiftung.ch\"><em>Quelle und weitere Informationen<\/em><\/a><\/p>\n","protected":false},"excerpt":{"rendered":"<p>Was die Klimastiftung Schweiz tut, funktioniert. 2024 hat die Stiftung eine Wirkungsmessung \u00fcber die Zeit seit der Stiftungsgr\u00fcndung 2008 durchgef\u00fchrt. 40% der Innovationen sind erfolgreich auf dem Markt. Dies geht aus dem eben ver\u00f6ffentlichten Jahresbericht hervor. <\/p>\n","protected":false},"author":4,"featured_media":38045,"comment_status":"closed","ping_status":"closed","sticky":false,"template":"","format":"standard","meta":{"_acf_changed":false,"_yoast_wpseo_focuskw":"Klimastiftung Schweiz","_yoast_wpseo_metadesc":"Was die Klimastiftung Schweiz tut, funktioniert. 2024 hat die Stiftung eine Wirkungsmessung \u00fcber die Zeit seit 2008 durchgef\u00fchrt.","articlekey":"","footnotes":""},"categories":[580],"tags":[1526,358,5314],"class_list":["post-38044","post","type-post","status-publish","format-standard","has-post-thumbnail","hentry","category-sustainability","tag-klimastiftung-schweiz","tag-nachhaltige-wirtschaft","tag-projektfoerderung"],"acf":[],"yoast_head":"<!-- This site is optimized with the Yoast SEO plugin v27.5 - https:\/\/yoast.com\/product\/yoast-seo-wordpress\/ -->\n<title>Projekte der Klimastiftung Schweiz zeigen Wirkung - Organisator<\/title>\n<meta name=\"description\" content=\"Was die Klimastiftung Schweiz tut, funktioniert. 2024 hat die Stiftung eine Wirkungsmessung \u00fcber die Zeit seit 2008 durchgef\u00fchrt.\" \/>\n<meta name=\"robots\" content=\"index, follow, max-snippet:-1, max-image-preview:large, max-video-preview:-1\" \/>\n<link rel=\"canonical\" href=\"https:\/\/www.organisator.ch\/de\/sustainability\/2025-04-29\/projekte-der-klimastiftung-schweiz-zeigen-wirkung\/\" \/>\n<meta property=\"og:locale\" content=\"de_DE\" \/>\n<meta property=\"og:type\" content=\"article\" \/>\n<meta property=\"og:title\" content=\"Projekte der Klimastiftung Schweiz zeigen Wirkung\" \/>\n<meta property=\"og:description\" content=\"Was die Klimastiftung Schweiz tut, funktioniert. 2024 hat die Stiftung eine Wirkungsmessung \u00fcber die Zeit seit 2008 durchgef\u00fchrt.\" \/>\n<meta property=\"og:url\" content=\"https:\/\/www.organisator.ch\/de\/sustainability\/2025-04-29\/projekte-der-klimastiftung-schweiz-zeigen-wirkung\/\" \/>\n<meta property=\"og:site_name\" content=\"Organisator\" \/>\n<meta property=\"article:publisher\" content=\"https:\/\/www.facebook.com\/OrganisatorFachmagazin\" \/>\n<meta property=\"article:published_time\" content=\"2025-04-29T06:32:04+00:00\" \/>\n<meta property=\"article:modified_time\" content=\"2025-04-29T06:32:43+00:00\" \/>\n<meta property=\"og:image\" content=\"https:\/\/www.organisator.ch\/wp-content\/uploads\/2025\/04\/Projekte-der-Klimastiftung-Schweiz-zeigen-Wirkung-1_Organisator.jpg\" \/>\n\t<meta property=\"og:image:width\" content=\"680\" \/>\n\t<meta property=\"og:image:height\" content=\"444\" \/>\n\t<meta property=\"og:image:type\" content=\"image\/jpeg\" \/>\n<meta name=\"author\" content=\"thomas.berner\" \/>\n<meta name=\"twitter:card\" content=\"summary_large_image\" \/>\n<meta name=\"twitter:title\" content=\"Projekte der #Klimastiftung Schweiz zeigen Wirkung\" \/>\n<meta name=\"twitter:description\" content=\"Was die #Klimastiftung Schweiz tut, funktioniert. 2024 hat die Stiftung eine #Wirkungsmessung \u00fcber die Zeit seit 2008 durchgef\u00fchrt.\" \/>\n<meta name=\"twitter:image\" content=\"https:\/\/www.organisator.ch\/wp-content\/uploads\/2025\/04\/Projekte-der-Klimastiftung-Schweiz-zeigen-Wirkung-1_Organisator.jpg\" \/>\n<script type=\"application\/ld+json\" class=\"yoast-schema-graph\">{\"@context\":\"https:\\\/\\\/schema.org\",\"@graph\":[{\"@type\":\"Article\",\"@id\":\"https:\\\/\\\/www.organisator.ch\\\/sustainability\\\/2025-04-29\\\/projekte-der-klimastiftung-schweiz-zeigen-wirkung\\\/#article\",\"isPartOf\":{\"@id\":\"https:\\\/\\\/www.organisator.ch\\\/sustainability\\\/2025-04-29\\\/projekte-der-klimastiftung-schweiz-zeigen-wirkung\\\/\"},\"author\":{\"name\":\"thomas.berner\",\"@id\":\"https:\\\/\\\/www.organisator.ch\\\/#\\\/schema\\\/person\\\/6f650f90b2842cd4c0cc334b4e36f67e\"},\"headline\":\"Projekte der Klimastiftung Schweiz zeigen Wirkung\",\"datePublished\":\"2025-04-29T06:32:04+00:00\",\"dateModified\":\"2025-04-29T06:32:43+00:00\",\"mainEntityOfPage\":{\"@id\":\"https:\\\/\\\/www.organisator.ch\\\/sustainability\\\/2025-04-29\\\/projekte-der-klimastiftung-schweiz-zeigen-wirkung\\\/\"},\"wordCount\":280,\"publisher\":{\"@id\":\"https:\\\/\\\/www.organisator.ch\\\/#organization\"},\"image\":{\"@id\":\"https:\\\/\\\/www.organisator.ch\\\/sustainability\\\/2025-04-29\\\/projekte-der-klimastiftung-schweiz-zeigen-wirkung\\\/#primaryimage\"},\"thumbnailUrl\":\"https:\\\/\\\/www.organisator.ch\\\/wp-content\\\/uploads\\\/2025\\\/04\\\/Projekte-der-Klimastiftung-Schweiz-zeigen-Wirkung-1_Organisator.jpg\",\"keywords\":[\"Klimastiftung Schweiz\",\"Nachhaltige Wirtschaft\",\"Projektf\u00f6rderung\"],\"articleSection\":[\"SUSTAINABILITY\"],\"inLanguage\":\"de\"},{\"@type\":\"WebPage\",\"@id\":\"https:\\\/\\\/www.organisator.ch\\\/sustainability\\\/2025-04-29\\\/projekte-der-klimastiftung-schweiz-zeigen-wirkung\\\/\",\"url\":\"https:\\\/\\\/www.organisator.ch\\\/sustainability\\\/2025-04-29\\\/projekte-der-klimastiftung-schweiz-zeigen-wirkung\\\/\",\"name\":\"Projekte der Klimastiftung Schweiz zeigen Wirkung - Organisator\",\"isPartOf\":{\"@id\":\"https:\\\/\\\/www.organisator.ch\\\/#website\"},\"primaryImageOfPage\":{\"@id\":\"https:\\\/\\\/www.organisator.ch\\\/sustainability\\\/2025-04-29\\\/projekte-der-klimastiftung-schweiz-zeigen-wirkung\\\/#primaryimage\"},\"image\":{\"@id\":\"https:\\\/\\\/www.organisator.ch\\\/sustainability\\\/2025-04-29\\\/projekte-der-klimastiftung-schweiz-zeigen-wirkung\\\/#primaryimage\"},\"thumbnailUrl\":\"https:\\\/\\\/www.organisator.ch\\\/wp-content\\\/uploads\\\/2025\\\/04\\\/Projekte-der-Klimastiftung-Schweiz-zeigen-Wirkung-1_Organisator.jpg\",\"datePublished\":\"2025-04-29T06:32:04+00:00\",\"dateModified\":\"2025-04-29T06:32:43+00:00\",\"description\":\"Was die Klimastiftung Schweiz tut, funktioniert. 2024 hat die Stiftung eine Wirkungsmessung \u00fcber die Zeit seit 2008 durchgef\u00fchrt.\",\"breadcrumb\":{\"@id\":\"https:\\\/\\\/www.organisator.ch\\\/sustainability\\\/2025-04-29\\\/projekte-der-klimastiftung-schweiz-zeigen-wirkung\\\/#breadcrumb\"},\"inLanguage\":\"de\",\"potentialAction\":[{\"@type\":\"ReadAction\",\"target\":[\"https:\\\/\\\/www.organisator.ch\\\/sustainability\\\/2025-04-29\\\/projekte-der-klimastiftung-schweiz-zeigen-wirkung\\\/\"]}]},{\"@type\":\"ImageObject\",\"inLanguage\":\"de\",\"@id\":\"https:\\\/\\\/www.organisator.ch\\\/sustainability\\\/2025-04-29\\\/projekte-der-klimastiftung-schweiz-zeigen-wirkung\\\/#primaryimage\",\"url\":\"https:\\\/\\\/www.organisator.ch\\\/wp-content\\\/uploads\\\/2025\\\/04\\\/Projekte-der-Klimastiftung-Schweiz-zeigen-Wirkung-1_Organisator.jpg\",\"contentUrl\":\"https:\\\/\\\/www.organisator.ch\\\/wp-content\\\/uploads\\\/2025\\\/04\\\/Projekte-der-Klimastiftung-Schweiz-zeigen-Wirkung-1_Organisator.jpg\",\"width\":680,\"height\":444,\"caption\":\"L\u00e4ngst nicht nur Solaranlagen: Die von der Klimastiftung Schweiz gef\u00f6rderten Projekte sind vielf\u00e4ltig. (Symbolbild; Unsplash.com)\"},{\"@type\":\"BreadcrumbList\",\"@id\":\"https:\\\/\\\/www.organisator.ch\\\/sustainability\\\/2025-04-29\\\/projekte-der-klimastiftung-schweiz-zeigen-wirkung\\\/#breadcrumb\",\"itemListElement\":[{\"@type\":\"ListItem\",\"position\":1,\"name\":\"Home\",\"item\":\"https:\\\/\\\/www.organisator.ch\\\/\"},{\"@type\":\"ListItem\",\"position\":2,\"name\":\"Projekte der Klimastiftung Schweiz zeigen Wirkung\"}]},{\"@type\":\"WebSite\",\"@id\":\"https:\\\/\\\/www.organisator.ch\\\/#website\",\"url\":\"https:\\\/\\\/www.organisator.ch\\\/\",\"name\":\"Organisator\",\"description\":\"Kompetent. Praxisnah. Der ORGANISATOR bereitet in 10 Ausgaben pro Jahr die wesentlichen Themen f\u00fcr F\u00fchrungskr\u00e4fte von KMU auf.\",\"publisher\":{\"@id\":\"https:\\\/\\\/www.organisator.ch\\\/#organization\"},\"potentialAction\":[{\"@type\":\"SearchAction\",\"target\":{\"@type\":\"EntryPoint\",\"urlTemplate\":\"https:\\\/\\\/www.organisator.ch\\\/?s={search_term_string}\"},\"query-input\":{\"@type\":\"PropertyValueSpecification\",\"valueRequired\":true,\"valueName\":\"search_term_string\"}}],\"inLanguage\":\"de\"},{\"@type\":\"Organization\",\"@id\":\"https:\\\/\\\/www.organisator.ch\\\/#organization\",\"name\":\"Organisator\",\"url\":\"https:\\\/\\\/www.organisator.ch\\\/\",\"logo\":{\"@type\":\"ImageObject\",\"inLanguage\":\"de\",\"@id\":\"https:\\\/\\\/www.organisator.ch\\\/#\\\/schema\\\/logo\\\/image\\\/\",\"url\":\"https:\\\/\\\/www.organisator.ch\\\/wp-content\\\/uploads\\\/2022\\\/01\\\/Logo_Organisator_Website.png\",\"contentUrl\":\"https:\\\/\\\/www.organisator.ch\\\/wp-content\\\/uploads\\\/2022\\\/01\\\/Logo_Organisator_Website.png\",\"width\":800,\"height\":77,\"caption\":\"Organisator\"},\"image\":{\"@id\":\"https:\\\/\\\/www.organisator.ch\\\/#\\\/schema\\\/logo\\\/image\\\/\"},\"sameAs\":[\"https:\\\/\\\/www.facebook.com\\\/OrganisatorFachmagazin\",\"https:\\\/\\\/www.linkedin.com\\\/showcase\\\/organisator-das-magazin-fr-kmu\",\"https:\\\/\\\/www.xing.com\\\/news\\\/pages\\\/organisator-ch-695\",\"https:\\\/\\\/www.youtube.com\\\/channel\\\/UCGP2Sq0iWaZwT3BdIAQFYpw\"]},{\"@type\":\"Person\",\"@id\":\"https:\\\/\\\/www.organisator.ch\\\/#\\\/schema\\\/person\\\/6f650f90b2842cd4c0cc334b4e36f67e\",\"name\":\"thomas.berner\",\"image\":{\"@type\":\"ImageObject\",\"inLanguage\":\"de\",\"@id\":\"https:\\\/\\\/secure.gravatar.com\\\/avatar\\\/ac5001d2a36cb6c6cd3e50789007ffca834b477b74a2144564522e944eabff61?s=96&d=mm&r=g\",\"url\":\"https:\\\/\\\/secure.gravatar.com\\\/avatar\\\/ac5001d2a36cb6c6cd3e50789007ffca834b477b74a2144564522e944eabff61?s=96&d=mm&r=g\",\"contentUrl\":\"https:\\\/\\\/secure.gravatar.com\\\/avatar\\\/ac5001d2a36cb6c6cd3e50789007ffca834b477b74a2144564522e944eabff61?s=96&d=mm&r=g\",\"caption\":\"thomas.berner\"},\"url\":\"https:\\\/\\\/www.organisator.ch\\\/de\\\/author\\\/thomas-berner\\\/\"}]}<\/script>\n<!-- \/ Yoast SEO plugin. -->","yoast_head_json":{"title":"Projekte der Klimastiftung Schweiz zeigen Wirkung - Organisator","description":"Was die Klimastiftung Schweiz tut, funktioniert. 2024 hat die Stiftung eine Wirkungsmessung \u00fcber die Zeit seit 2008 durchgef\u00fchrt.","robots":{"index":"index","follow":"follow","max-snippet":"max-snippet:-1","max-image-preview":"max-image-preview:large","max-video-preview":"max-video-preview:-1"},"canonical":"https:\/\/www.organisator.ch\/de\/sustainability\/2025-04-29\/projekte-der-klimastiftung-schweiz-zeigen-wirkung\/","og_locale":"de_DE","og_type":"article","og_title":"Projekte der Klimastiftung Schweiz zeigen Wirkung","og_description":"Was die Klimastiftung Schweiz tut, funktioniert. 2024 hat die Stiftung eine Wirkungsmessung \u00fcber die Zeit seit 2008 durchgef\u00fchrt.","og_url":"https:\/\/www.organisator.ch\/de\/sustainability\/2025-04-29\/projekte-der-klimastiftung-schweiz-zeigen-wirkung\/","og_site_name":"Organisator","article_publisher":"https:\/\/www.facebook.com\/OrganisatorFachmagazin","article_published_time":"2025-04-29T06:32:04+00:00","article_modified_time":"2025-04-29T06:32:43+00:00","og_image":[{"width":680,"height":444,"url":"https:\/\/www.organisator.ch\/wp-content\/uploads\/2025\/04\/Projekte-der-Klimastiftung-Schweiz-zeigen-Wirkung-1_Organisator.jpg","type":"image\/jpeg"}],"author":"thomas.berner","twitter_card":"summary_large_image","twitter_title":"Projekte der #Klimastiftung Schweiz zeigen Wirkung","twitter_description":"Was die #Klimastiftung Schweiz tut, funktioniert. 2024 hat die Stiftung eine #Wirkungsmessung \u00fcber die Zeit seit 2008 durchgef\u00fchrt.","twitter_image":"https:\/\/www.organisator.ch\/wp-content\/uploads\/2025\/04\/Projekte-der-Klimastiftung-Schweiz-zeigen-Wirkung-1_Organisator.jpg","schema":{"@context":"https:\/\/schema.org","@graph":[{"@type":"Article","@id":"https:\/\/www.organisator.ch\/sustainability\/2025-04-29\/projekte-der-klimastiftung-schweiz-zeigen-wirkung\/#article","isPartOf":{"@id":"https:\/\/www.organisator.ch\/sustainability\/2025-04-29\/projekte-der-klimastiftung-schweiz-zeigen-wirkung\/"},"author":{"name":"thomas.berner","@id":"https:\/\/www.organisator.ch\/#\/schema\/person\/6f650f90b2842cd4c0cc334b4e36f67e"},"headline":"Projekte der Klimastiftung Schweiz zeigen Wirkung","datePublished":"2025-04-29T06:32:04+00:00","dateModified":"2025-04-29T06:32:43+00:00","mainEntityOfPage":{"@id":"https:\/\/www.organisator.ch\/sustainability\/2025-04-29\/projekte-der-klimastiftung-schweiz-zeigen-wirkung\/"},"wordCount":280,"publisher":{"@id":"https:\/\/www.organisator.ch\/#organization"},"image":{"@id":"https:\/\/www.organisator.ch\/sustainability\/2025-04-29\/projekte-der-klimastiftung-schweiz-zeigen-wirkung\/#primaryimage"},"thumbnailUrl":"https:\/\/www.organisator.ch\/wp-content\/uploads\/2025\/04\/Projekte-der-Klimastiftung-Schweiz-zeigen-Wirkung-1_Organisator.jpg","keywords":["Klimastiftung Schweiz","Nachhaltige Wirtschaft","Projektf\u00f6rderung"],"articleSection":["SUSTAINABILITY"],"inLanguage":"de"},{"@type":"WebPage","@id":"https:\/\/www.organisator.ch\/sustainability\/2025-04-29\/projekte-der-klimastiftung-schweiz-zeigen-wirkung\/","url":"https:\/\/www.organisator.ch\/sustainability\/2025-04-29\/projekte-der-klimastiftung-schweiz-zeigen-wirkung\/","name":"Projekte der Klimastiftung Schweiz zeigen Wirkung - Organisator","isPartOf":{"@id":"https:\/\/www.organisator.ch\/#website"},"primaryImageOfPage":{"@id":"https:\/\/www.organisator.ch\/sustainability\/2025-04-29\/projekte-der-klimastiftung-schweiz-zeigen-wirkung\/#primaryimage"},"image":{"@id":"https:\/\/www.organisator.ch\/sustainability\/2025-04-29\/projekte-der-klimastiftung-schweiz-zeigen-wirkung\/#primaryimage"},"thumbnailUrl":"https:\/\/www.organisator.ch\/wp-content\/uploads\/2025\/04\/Projekte-der-Klimastiftung-Schweiz-zeigen-Wirkung-1_Organisator.jpg","datePublished":"2025-04-29T06:32:04+00:00","dateModified":"2025-04-29T06:32:43+00:00","description":"Was die Klimastiftung Schweiz tut, funktioniert. 2024 hat die Stiftung eine Wirkungsmessung \u00fcber die Zeit seit 2008 durchgef\u00fchrt.","breadcrumb":{"@id":"https:\/\/www.organisator.ch\/sustainability\/2025-04-29\/projekte-der-klimastiftung-schweiz-zeigen-wirkung\/#breadcrumb"},"inLanguage":"de","potentialAction":[{"@type":"ReadAction","target":["https:\/\/www.organisator.ch\/sustainability\/2025-04-29\/projekte-der-klimastiftung-schweiz-zeigen-wirkung\/"]}]},{"@type":"ImageObject","inLanguage":"de","@id":"https:\/\/www.organisator.ch\/sustainability\/2025-04-29\/projekte-der-klimastiftung-schweiz-zeigen-wirkung\/#primaryimage","url":"https:\/\/www.organisator.ch\/wp-content\/uploads\/2025\/04\/Projekte-der-Klimastiftung-Schweiz-zeigen-Wirkung-1_Organisator.jpg","contentUrl":"https:\/\/www.organisator.ch\/wp-content\/uploads\/2025\/04\/Projekte-der-Klimastiftung-Schweiz-zeigen-Wirkung-1_Organisator.jpg","width":680,"height":444,"caption":"L\u00e4ngst nicht nur Solaranlagen: Die von der Klimastiftung Schweiz gef\u00f6rderten Projekte sind vielf\u00e4ltig. (Symbolbild; Unsplash.com)"},{"@type":"BreadcrumbList","@id":"https:\/\/www.organisator.ch\/sustainability\/2025-04-29\/projekte-der-klimastiftung-schweiz-zeigen-wirkung\/#breadcrumb","itemListElement":[{"@type":"ListItem","position":1,"name":"Home","item":"https:\/\/www.organisator.ch\/"},{"@type":"ListItem","position":2,"name":"Projekte der Klimastiftung Schweiz zeigen Wirkung"}]},{"@type":"WebSite","@id":"https:\/\/www.organisator.ch\/#website","url":"https:\/\/www.organisator.ch\/","name":"Organisator","description":"Kompetent. Praxisnah. Der ORGANISATOR bereitet in 10 Ausgaben pro Jahr die wesentlichen Themen f\u00fcr F\u00fchrungskr\u00e4fte von KMU auf.","publisher":{"@id":"https:\/\/www.organisator.ch\/#organization"},"potentialAction":[{"@type":"SearchAction","target":{"@type":"EntryPoint","urlTemplate":"https:\/\/www.organisator.ch\/?s={search_term_string}"},"query-input":{"@type":"PropertyValueSpecification","valueRequired":true,"valueName":"search_term_string"}}],"inLanguage":"de"},{"@type":"Organization","@id":"https:\/\/www.organisator.ch\/#organization","name":"Organisator","url":"https:\/\/www.organisator.ch\/","logo":{"@type":"ImageObject","inLanguage":"de","@id":"https:\/\/www.organisator.ch\/#\/schema\/logo\/image\/","url":"https:\/\/www.organisator.ch\/wp-content\/uploads\/2022\/01\/Logo_Organisator_Website.png","contentUrl":"https:\/\/www.organisator.ch\/wp-content\/uploads\/2022\/01\/Logo_Organisator_Website.png","width":800,"height":77,"caption":"Organisator"},"image":{"@id":"https:\/\/www.organisator.ch\/#\/schema\/logo\/image\/"},"sameAs":["https:\/\/www.facebook.com\/OrganisatorFachmagazin","https:\/\/www.linkedin.com\/showcase\/organisator-das-magazin-fr-kmu","https:\/\/www.xing.com\/news\/pages\/organisator-ch-695","https:\/\/www.youtube.com\/channel\/UCGP2Sq0iWaZwT3BdIAQFYpw"]},{"@type":"Person","@id":"https:\/\/www.organisator.ch\/#\/schema\/person\/6f650f90b2842cd4c0cc334b4e36f67e","name":"thomas.berner","image":{"@type":"ImageObject","inLanguage":"de","@id":"https:\/\/secure.gravatar.com\/avatar\/ac5001d2a36cb6c6cd3e50789007ffca834b477b74a2144564522e944eabff61?s=96&d=mm&r=g","url":"https:\/\/secure.gravatar.com\/avatar\/ac5001d2a36cb6c6cd3e50789007ffca834b477b74a2144564522e944eabff61?s=96&d=mm&r=g","contentUrl":"https:\/\/secure.gravatar.com\/avatar\/ac5001d2a36cb6c6cd3e50789007ffca834b477b74a2144564522e944eabff61?s=96&d=mm&r=g","caption":"thomas.berner"},"url":"https:\/\/www.organisator.ch\/de\/author\/thomas-berner\/"}]}},"_links":{"self":[{"href":"https:\/\/www.organisator.ch\/de\/wp-json\/wp\/v2\/posts\/38044","targetHints":{"allow":["GET"]}}],"collection":[{"href":"https:\/\/www.organisator.ch\/de\/wp-json\/wp\/v2\/posts"}],"about":[{"href":"https:\/\/www.organisator.ch\/de\/wp-json\/wp\/v2\/types\/post"}],"author":[{"embeddable":true,"href":"https:\/\/www.organisator.ch\/de\/wp-json\/wp\/v2\/users\/4"}],"replies":[{"embeddable":true,"href":"https:\/\/www.organisator.ch\/de\/wp-json\/wp\/v2\/comments?post=38044"}],"version-history":[{"count":4,"href":"https:\/\/www.organisator.ch\/de\/wp-json\/wp\/v2\/posts\/38044\/revisions"}],"predecessor-version":[{"id":38048,"href":"https:\/\/www.organisator.ch\/de\/wp-json\/wp\/v2\/posts\/38044\/revisions\/38048"}],"wp:featuredmedia":[{"embeddable":true,"href":"https:\/\/www.organisator.ch\/de\/wp-json\/wp\/v2\/media\/38045"}],"wp:attachment":[{"href":"https:\/\/www.organisator.ch\/de\/wp-json\/wp\/v2\/media?parent=38044"}],"wp:term":[{"taxonomy":"category","embeddable":true,"href":"https:\/\/www.organisator.ch\/de\/wp-json\/wp\/v2\/categories?post=38044"},{"taxonomy":"post_tag","embeddable":true,"href":"https:\/\/www.organisator.ch\/de\/wp-json\/wp\/v2\/tags?post=38044"}],"curies":[{"name":"wp","href":"https:\/\/api.w.org\/{rel}","templated":true}]}}