{"id":38100,"date":"2025-05-01T05:38:31","date_gmt":"2025-05-01T03:38:31","guid":{"rendered":"https:\/\/www.organisator.ch\/?p=38100"},"modified":"2025-04-30T12:04:15","modified_gmt":"2025-04-30T10:04:15","slug":"saisonstart-2025-fuer-bike-to-work","status":"publish","type":"post","link":"https:\/\/www.organisator.ch\/de\/human-resources\/2025-05-01\/saisonstart-2025-fuer-bike-to-work\/","title":{"rendered":"Saisonstart 2025 f\u00fcr bike to work"},"content":{"rendered":"<figure id=\"attachment_38101\" aria-describedby=\"caption-attachment-38101\" style=\"width: 680px\" class=\"wp-caption alignnone\"><img loading=\"lazy\" decoding=\"async\" class=\"size-full wp-image-38101\" src=\"https:\/\/www.organisator.ch\/wp-content\/uploads\/2025\/04\/Saisonstart-2025-fuer-bike-to-work_Organisator.jpg\" alt=\"\" width=\"680\" height=\"453\" srcset=\"https:\/\/www.organisator.ch\/wp-content\/uploads\/2025\/04\/Saisonstart-2025-fuer-bike-to-work_Organisator.jpg 680w, https:\/\/www.organisator.ch\/wp-content\/uploads\/2025\/04\/Saisonstart-2025-fuer-bike-to-work_Organisator-18x12.jpg 18w, https:\/\/www.organisator.ch\/wp-content\/uploads\/2025\/04\/Saisonstart-2025-fuer-bike-to-work_Organisator-375x250.jpg 375w, https:\/\/www.organisator.ch\/wp-content\/uploads\/2025\/04\/Saisonstart-2025-fuer-bike-to-work_Organisator-525x350.jpg 525w\" sizes=\"auto, (max-width: 680px) 100vw, 680px\" \/><figcaption id=\"caption-attachment-38101\" class=\"wp-caption-text\">Ab 1. Mai 2025 startet mit bike to work erneut die Die gr\u00f6sste Velo- und Gesundheitsaktion der Schweiz. (Visual: Pro Velo Schweiz)<\/figcaption><\/figure>\n<p>Was vor Jahren als einfache Mobilit\u00e4tsaktion begann, ist heute ein fest verankerter Bestandteil einer modernen Arbeitskultur. Firmen aus allen Branchen nutzen bike to work, um Bewegung in den Arbeitsalltag zu bringen und Mitarbeitende miteinander zu verbinden. Und das auf eine spielerische, unkomplizierte Art. So auch die Lungenliga Ost, wo die bike to work-Challenge fixer Bestandteil im Kalender ist \u2013 nicht als Pflicht, sondern aus \u00dcberzeugung: \u00abEs braucht nicht viel, um etwas zu ver\u00e4ndern\u00bb, sagt Ursina Raymann, Bereichsleiterin Gesundheitsf\u00f6rderung und Pr\u00e4vention. \u00abEin Velo, ein Team, ein Ziel \u2013 und pl\u00f6tzlich ist Bewegung wieder Teil des Alltags.\u00bb Besonders motivierend sei der Gemeinschaftsaspekt: \u00abWenn \u00fcber 100\u2019000 Menschen mitmachen, sp\u00fcrt man, dass man Teil von etwas Gr\u00f6sserem ist.\u00bb \u00a0<\/p>\n<h3><strong>1500 Preise im Wert von \u00fcber 140\u2019000 Franken \u00a0<\/strong><\/h3>\n<p>Ein Erfolgsgeheimnis der bike to work-Challenge liegt im Miteinander: Gefahren wird in 4er-Teams, es wird motiviert, gelacht und manchmal auch geklagt \u2013 \u00fcber Regen und Gegenwind. Wer durchh\u00e4lt, hat nicht nur bessere Laune, sondern auch die Chance, insgesamt einem von fast 1500 Preise im Gesamtwert von \u00fcber 140\u2019000 Franken zu gewinnen. Auch die bike to work-Teilnehmenden der Lungenliga Ost wetteifern um die meisten Kilometer. Nicht nur das: die kreativen Teamnamen sorgen intern f\u00fcr grosses Schmunzeln. \u00a0<\/p>\n<h3><strong>bike to work bringt Mitarbeitende zum Velofahren <\/strong><\/h3>\n<p>Die bike to work-Challenge bringt nicht nur gute Laune, sondern hat auch langfristige Wirkung: \u00abEine Lungenliga Ost-Mitarbeiterin hat dank bike to work nach vielen Jahren wieder mit dem Velofahren begonnen. Heute f\u00e4hrt sie fast t\u00e4glich \u2013 auch bei Regen\u00bb, sagt Ursina Raymann. Auch Raymanns Blick aufs Velo hat sich ver\u00e4ndert: \u00abIch plane bewusst Umwege ein \u2013 nicht, weil ich muss, sondern weil es mir guttut.\u00bb Ihr Tipp f\u00fcr Neulinge: \u00abNicht zu streng mit sich sein. Jeder gefahrene Kilometer z\u00e4hlt. Und: sich selbst feiern, wenn man dranbleibt.\u00bb<\/p>\n<p>Um Mitarbeitende zur Teilnahme an der bike to work-Challenge zu motivieren, ist die interne Kommunikation zentral: So gibt es bei der Lungenliga Ost regelm\u00e4ssige Infos via Mail und Flyer sowie eine pers\u00f6nliche Beratung durch eine Koordinatorin. Das, um jedes Jahr noch mehr Kolleg:innen auf zwei R\u00e4der zu bringen.\u00a0<\/p>\n<p>Wer auch in seinem Unternehmen Mitarbeitende zur Teilnahme an der bike to work-Challenge motivieren m\u00f6chte: Eine Anmeldung der Teams ist bis zum <strong>31. Mai 2025 m\u00f6glich.\u00a0<\/strong><\/p>\n<p><em><strong>Anmeldung: <\/strong><a href=\"https:\/\/pro-velo.us12.list-manage.com\/track\/click?u=5e1ce0f2058c644a1250e58ca&amp;id=3d3b850d4a&amp;e=0825f3e74f\">biketowork.ch\/de\/company<\/a>\u202f\u00a0<\/em><\/p>\n","protected":false},"excerpt":{"rendered":"<p>Ab 1. Mai 2025 ist es wieder so weit: Die Schweiz f\u00e4hrt Velo. Tausende Menschen schwingen sich f\u00fcr ein oder zwei Monate auf den Sattel und radeln im Rahmen der bike to work-Challenge zur Arbeit. Mehr als 100&#8217;000 Teilnehmende aus fast 4000 Betrieben setzen damit ein Zeichen f\u00fcr Gesundheit, Nachhaltigkeit und Teamspirit. <\/p>\n","protected":false},"author":4,"featured_media":0,"comment_status":"closed","ping_status":"closed","sticky":false,"template":"","format":"standard","meta":{"_acf_changed":false,"_yoast_wpseo_focuskw":"Saisonstart 2025","_yoast_wpseo_metadesc":"Am 1. Mai ist Saisonstart 2025 f\u00fcr die bike to work-Challenge. Wiederum fahren Tausende von Mitarbeitenden mit dem Velo zur Arbeit.","articlekey":"","footnotes":""},"categories":[579],"tags":[77,81,208],"class_list":["post-38100","post","type-post","status-publish","format-standard","hentry","category-human-resources","tag-betriebliches-gesundheitsmanagement","tag-bike-to-work","tag-fit-im-job"],"acf":[],"yoast_head":"<!-- This site is optimized with the Yoast SEO plugin v27.4 - https:\/\/yoast.com\/product\/yoast-seo-wordpress\/ -->\n<title>Saisonstart 2025 f\u00fcr bike to work - Organisator<\/title>\n<meta name=\"description\" content=\"Am 1. Mai ist Saisonstart 2025 f\u00fcr die bike to work-Challenge. Wiederum fahren Tausende von Mitarbeitenden mit dem Velo zur Arbeit.\" \/>\n<meta name=\"robots\" content=\"index, follow, max-snippet:-1, max-image-preview:large, max-video-preview:-1\" \/>\n<link rel=\"canonical\" href=\"https:\/\/www.organisator.ch\/de\/human-resources\/2025-05-01\/saisonstart-2025-fuer-bike-to-work\/\" \/>\n<meta property=\"og:locale\" content=\"de_DE\" \/>\n<meta property=\"og:type\" content=\"article\" \/>\n<meta property=\"og:title\" content=\"Saisonstart 2025 f\u00fcr bike to work\" \/>\n<meta property=\"og:description\" content=\"Am 1. Mai ist Saisonstart 2025 f\u00fcr die bike to work-Challenge. Wiederum fahren Tausende von Mitarbeitenden mit dem Velo zur Arbeit.\" \/>\n<meta property=\"og:url\" content=\"https:\/\/www.organisator.ch\/de\/human-resources\/2025-05-01\/saisonstart-2025-fuer-bike-to-work\/\" \/>\n<meta property=\"og:site_name\" content=\"Organisator\" \/>\n<meta property=\"article:publisher\" content=\"https:\/\/www.facebook.com\/OrganisatorFachmagazin\" \/>\n<meta property=\"article:published_time\" content=\"2025-05-01T03:38:31+00:00\" \/>\n<meta property=\"og:image\" content=\"https:\/\/www.organisator.ch\/wp-content\/uploads\/2025\/04\/Saisonstart-2025-fuer-bike-to-work_Organisator.jpg\" \/>\n\t<meta property=\"og:image:width\" content=\"680\" \/>\n\t<meta property=\"og:image:height\" content=\"453\" \/>\n\t<meta property=\"og:image:type\" content=\"image\/jpeg\" \/>\n<meta name=\"author\" content=\"thomas.berner\" \/>\n<meta name=\"twitter:card\" content=\"summary_large_image\" \/>\n<meta name=\"twitter:title\" content=\"#Saisonstart 2025 f\u00fcr bike to work\" \/>\n<meta name=\"twitter:description\" content=\"Am 1. Mai ist #Saisonstart 2025 f\u00fcr die bike to work-Challenge. Wiederum fahren Tausende von Mitarbeitenden mit dem #Velo zur Arbeit.\" \/>\n<meta name=\"twitter:image\" content=\"https:\/\/www.organisator.ch\/wp-content\/uploads\/2025\/04\/Saisonstart-2025-fuer-bike-to-work_Organisator.jpg\" \/>\n<script type=\"application\/ld+json\" class=\"yoast-schema-graph\">{\"@context\":\"https:\\\/\\\/schema.org\",\"@graph\":[{\"@type\":\"Article\",\"@id\":\"https:\\\/\\\/www.organisator.ch\\\/human-resources\\\/2025-05-01\\\/saisonstart-2025-fuer-bike-to-work\\\/#article\",\"isPartOf\":{\"@id\":\"https:\\\/\\\/www.organisator.ch\\\/human-resources\\\/2025-05-01\\\/saisonstart-2025-fuer-bike-to-work\\\/\"},\"author\":{\"name\":\"thomas.berner\",\"@id\":\"https:\\\/\\\/www.organisator.ch\\\/#\\\/schema\\\/person\\\/6f650f90b2842cd4c0cc334b4e36f67e\"},\"headline\":\"Saisonstart 2025 f\u00fcr bike to work\",\"datePublished\":\"2025-05-01T03:38:31+00:00\",\"mainEntityOfPage\":{\"@id\":\"https:\\\/\\\/www.organisator.ch\\\/human-resources\\\/2025-05-01\\\/saisonstart-2025-fuer-bike-to-work\\\/\"},\"wordCount\":411,\"publisher\":{\"@id\":\"https:\\\/\\\/www.organisator.ch\\\/#organization\"},\"image\":{\"@id\":\"https:\\\/\\\/www.organisator.ch\\\/human-resources\\\/2025-05-01\\\/saisonstart-2025-fuer-bike-to-work\\\/#primaryimage\"},\"thumbnailUrl\":\"https:\\\/\\\/www.organisator.ch\\\/wp-content\\\/uploads\\\/2025\\\/04\\\/Saisonstart-2025-fuer-bike-to-work_Organisator.jpg\",\"keywords\":[\"Betriebliches Gesundheitsmanagement\",\"Bike to Work\",\"Fit im Job\"],\"articleSection\":[\"HUMAN RESOURCES\"],\"inLanguage\":\"de\"},{\"@type\":\"WebPage\",\"@id\":\"https:\\\/\\\/www.organisator.ch\\\/human-resources\\\/2025-05-01\\\/saisonstart-2025-fuer-bike-to-work\\\/\",\"url\":\"https:\\\/\\\/www.organisator.ch\\\/human-resources\\\/2025-05-01\\\/saisonstart-2025-fuer-bike-to-work\\\/\",\"name\":\"Saisonstart 2025 f\u00fcr bike to work - Organisator\",\"isPartOf\":{\"@id\":\"https:\\\/\\\/www.organisator.ch\\\/#website\"},\"primaryImageOfPage\":{\"@id\":\"https:\\\/\\\/www.organisator.ch\\\/human-resources\\\/2025-05-01\\\/saisonstart-2025-fuer-bike-to-work\\\/#primaryimage\"},\"image\":{\"@id\":\"https:\\\/\\\/www.organisator.ch\\\/human-resources\\\/2025-05-01\\\/saisonstart-2025-fuer-bike-to-work\\\/#primaryimage\"},\"thumbnailUrl\":\"https:\\\/\\\/www.organisator.ch\\\/wp-content\\\/uploads\\\/2025\\\/04\\\/Saisonstart-2025-fuer-bike-to-work_Organisator.jpg\",\"datePublished\":\"2025-05-01T03:38:31+00:00\",\"description\":\"Am 1. Mai ist Saisonstart 2025 f\u00fcr die bike to work-Challenge. Wiederum fahren Tausende von Mitarbeitenden mit dem Velo zur Arbeit.\",\"breadcrumb\":{\"@id\":\"https:\\\/\\\/www.organisator.ch\\\/human-resources\\\/2025-05-01\\\/saisonstart-2025-fuer-bike-to-work\\\/#breadcrumb\"},\"inLanguage\":\"de\",\"potentialAction\":[{\"@type\":\"ReadAction\",\"target\":[\"https:\\\/\\\/www.organisator.ch\\\/human-resources\\\/2025-05-01\\\/saisonstart-2025-fuer-bike-to-work\\\/\"]}]},{\"@type\":\"ImageObject\",\"inLanguage\":\"de\",\"@id\":\"https:\\\/\\\/www.organisator.ch\\\/human-resources\\\/2025-05-01\\\/saisonstart-2025-fuer-bike-to-work\\\/#primaryimage\",\"url\":\"https:\\\/\\\/www.organisator.ch\\\/wp-content\\\/uploads\\\/2025\\\/04\\\/Saisonstart-2025-fuer-bike-to-work_Organisator.jpg\",\"contentUrl\":\"https:\\\/\\\/www.organisator.ch\\\/wp-content\\\/uploads\\\/2025\\\/04\\\/Saisonstart-2025-fuer-bike-to-work_Organisator.jpg\"},{\"@type\":\"BreadcrumbList\",\"@id\":\"https:\\\/\\\/www.organisator.ch\\\/human-resources\\\/2025-05-01\\\/saisonstart-2025-fuer-bike-to-work\\\/#breadcrumb\",\"itemListElement\":[{\"@type\":\"ListItem\",\"position\":1,\"name\":\"Home\",\"item\":\"https:\\\/\\\/www.organisator.ch\\\/\"},{\"@type\":\"ListItem\",\"position\":2,\"name\":\"Saisonstart 2025 f\u00fcr bike to work\"}]},{\"@type\":\"WebSite\",\"@id\":\"https:\\\/\\\/www.organisator.ch\\\/#website\",\"url\":\"https:\\\/\\\/www.organisator.ch\\\/\",\"name\":\"Organisator\",\"description\":\"Kompetent. Praxisnah. Der ORGANISATOR bereitet in 10 Ausgaben pro Jahr die wesentlichen Themen f\u00fcr F\u00fchrungskr\u00e4fte von KMU auf.\",\"publisher\":{\"@id\":\"https:\\\/\\\/www.organisator.ch\\\/#organization\"},\"potentialAction\":[{\"@type\":\"SearchAction\",\"target\":{\"@type\":\"EntryPoint\",\"urlTemplate\":\"https:\\\/\\\/www.organisator.ch\\\/?s={search_term_string}\"},\"query-input\":{\"@type\":\"PropertyValueSpecification\",\"valueRequired\":true,\"valueName\":\"search_term_string\"}}],\"inLanguage\":\"de\"},{\"@type\":\"Organization\",\"@id\":\"https:\\\/\\\/www.organisator.ch\\\/#organization\",\"name\":\"Organisator\",\"url\":\"https:\\\/\\\/www.organisator.ch\\\/\",\"logo\":{\"@type\":\"ImageObject\",\"inLanguage\":\"de\",\"@id\":\"https:\\\/\\\/www.organisator.ch\\\/#\\\/schema\\\/logo\\\/image\\\/\",\"url\":\"https:\\\/\\\/www.organisator.ch\\\/wp-content\\\/uploads\\\/2022\\\/01\\\/Logo_Organisator_Website.png\",\"contentUrl\":\"https:\\\/\\\/www.organisator.ch\\\/wp-content\\\/uploads\\\/2022\\\/01\\\/Logo_Organisator_Website.png\",\"width\":800,\"height\":77,\"caption\":\"Organisator\"},\"image\":{\"@id\":\"https:\\\/\\\/www.organisator.ch\\\/#\\\/schema\\\/logo\\\/image\\\/\"},\"sameAs\":[\"https:\\\/\\\/www.facebook.com\\\/OrganisatorFachmagazin\",\"https:\\\/\\\/www.linkedin.com\\\/showcase\\\/organisator-das-magazin-fr-kmu\",\"https:\\\/\\\/www.xing.com\\\/news\\\/pages\\\/organisator-ch-695\",\"https:\\\/\\\/www.youtube.com\\\/channel\\\/UCGP2Sq0iWaZwT3BdIAQFYpw\"]},{\"@type\":\"Person\",\"@id\":\"https:\\\/\\\/www.organisator.ch\\\/#\\\/schema\\\/person\\\/6f650f90b2842cd4c0cc334b4e36f67e\",\"name\":\"thomas.berner\",\"image\":{\"@type\":\"ImageObject\",\"inLanguage\":\"de\",\"@id\":\"https:\\\/\\\/secure.gravatar.com\\\/avatar\\\/ac5001d2a36cb6c6cd3e50789007ffca834b477b74a2144564522e944eabff61?s=96&d=mm&r=g\",\"url\":\"https:\\\/\\\/secure.gravatar.com\\\/avatar\\\/ac5001d2a36cb6c6cd3e50789007ffca834b477b74a2144564522e944eabff61?s=96&d=mm&r=g\",\"contentUrl\":\"https:\\\/\\\/secure.gravatar.com\\\/avatar\\\/ac5001d2a36cb6c6cd3e50789007ffca834b477b74a2144564522e944eabff61?s=96&d=mm&r=g\",\"caption\":\"thomas.berner\"},\"url\":\"https:\\\/\\\/www.organisator.ch\\\/de\\\/author\\\/thomas-berner\\\/\"}]}<\/script>\n<!-- \/ Yoast SEO plugin. -->","yoast_head_json":{"title":"Saisonstart 2025 f\u00fcr bike to work - Organisator","description":"Am 1. Mai ist Saisonstart 2025 f\u00fcr die bike to work-Challenge. Wiederum fahren Tausende von Mitarbeitenden mit dem Velo zur Arbeit.","robots":{"index":"index","follow":"follow","max-snippet":"max-snippet:-1","max-image-preview":"max-image-preview:large","max-video-preview":"max-video-preview:-1"},"canonical":"https:\/\/www.organisator.ch\/de\/human-resources\/2025-05-01\/saisonstart-2025-fuer-bike-to-work\/","og_locale":"de_DE","og_type":"article","og_title":"Saisonstart 2025 f\u00fcr bike to work","og_description":"Am 1. Mai ist Saisonstart 2025 f\u00fcr die bike to work-Challenge. Wiederum fahren Tausende von Mitarbeitenden mit dem Velo zur Arbeit.","og_url":"https:\/\/www.organisator.ch\/de\/human-resources\/2025-05-01\/saisonstart-2025-fuer-bike-to-work\/","og_site_name":"Organisator","article_publisher":"https:\/\/www.facebook.com\/OrganisatorFachmagazin","article_published_time":"2025-05-01T03:38:31+00:00","og_image":[{"width":680,"height":453,"url":"https:\/\/www.organisator.ch\/wp-content\/uploads\/2025\/04\/Saisonstart-2025-fuer-bike-to-work_Organisator.jpg","type":"image\/jpeg"}],"author":"thomas.berner","twitter_card":"summary_large_image","twitter_title":"#Saisonstart 2025 f\u00fcr bike to work","twitter_description":"Am 1. Mai ist #Saisonstart 2025 f\u00fcr die bike to work-Challenge. Wiederum fahren Tausende von Mitarbeitenden mit dem #Velo zur Arbeit.","twitter_image":"https:\/\/www.organisator.ch\/wp-content\/uploads\/2025\/04\/Saisonstart-2025-fuer-bike-to-work_Organisator.jpg","schema":{"@context":"https:\/\/schema.org","@graph":[{"@type":"Article","@id":"https:\/\/www.organisator.ch\/human-resources\/2025-05-01\/saisonstart-2025-fuer-bike-to-work\/#article","isPartOf":{"@id":"https:\/\/www.organisator.ch\/human-resources\/2025-05-01\/saisonstart-2025-fuer-bike-to-work\/"},"author":{"name":"thomas.berner","@id":"https:\/\/www.organisator.ch\/#\/schema\/person\/6f650f90b2842cd4c0cc334b4e36f67e"},"headline":"Saisonstart 2025 f\u00fcr bike to work","datePublished":"2025-05-01T03:38:31+00:00","mainEntityOfPage":{"@id":"https:\/\/www.organisator.ch\/human-resources\/2025-05-01\/saisonstart-2025-fuer-bike-to-work\/"},"wordCount":411,"publisher":{"@id":"https:\/\/www.organisator.ch\/#organization"},"image":{"@id":"https:\/\/www.organisator.ch\/human-resources\/2025-05-01\/saisonstart-2025-fuer-bike-to-work\/#primaryimage"},"thumbnailUrl":"https:\/\/www.organisator.ch\/wp-content\/uploads\/2025\/04\/Saisonstart-2025-fuer-bike-to-work_Organisator.jpg","keywords":["Betriebliches Gesundheitsmanagement","Bike to Work","Fit im Job"],"articleSection":["HUMAN RESOURCES"],"inLanguage":"de"},{"@type":"WebPage","@id":"https:\/\/www.organisator.ch\/human-resources\/2025-05-01\/saisonstart-2025-fuer-bike-to-work\/","url":"https:\/\/www.organisator.ch\/human-resources\/2025-05-01\/saisonstart-2025-fuer-bike-to-work\/","name":"Saisonstart 2025 f\u00fcr bike to work - Organisator","isPartOf":{"@id":"https:\/\/www.organisator.ch\/#website"},"primaryImageOfPage":{"@id":"https:\/\/www.organisator.ch\/human-resources\/2025-05-01\/saisonstart-2025-fuer-bike-to-work\/#primaryimage"},"image":{"@id":"https:\/\/www.organisator.ch\/human-resources\/2025-05-01\/saisonstart-2025-fuer-bike-to-work\/#primaryimage"},"thumbnailUrl":"https:\/\/www.organisator.ch\/wp-content\/uploads\/2025\/04\/Saisonstart-2025-fuer-bike-to-work_Organisator.jpg","datePublished":"2025-05-01T03:38:31+00:00","description":"Am 1. Mai ist Saisonstart 2025 f\u00fcr die bike to work-Challenge. Wiederum fahren Tausende von Mitarbeitenden mit dem Velo zur Arbeit.","breadcrumb":{"@id":"https:\/\/www.organisator.ch\/human-resources\/2025-05-01\/saisonstart-2025-fuer-bike-to-work\/#breadcrumb"},"inLanguage":"de","potentialAction":[{"@type":"ReadAction","target":["https:\/\/www.organisator.ch\/human-resources\/2025-05-01\/saisonstart-2025-fuer-bike-to-work\/"]}]},{"@type":"ImageObject","inLanguage":"de","@id":"https:\/\/www.organisator.ch\/human-resources\/2025-05-01\/saisonstart-2025-fuer-bike-to-work\/#primaryimage","url":"https:\/\/www.organisator.ch\/wp-content\/uploads\/2025\/04\/Saisonstart-2025-fuer-bike-to-work_Organisator.jpg","contentUrl":"https:\/\/www.organisator.ch\/wp-content\/uploads\/2025\/04\/Saisonstart-2025-fuer-bike-to-work_Organisator.jpg"},{"@type":"BreadcrumbList","@id":"https:\/\/www.organisator.ch\/human-resources\/2025-05-01\/saisonstart-2025-fuer-bike-to-work\/#breadcrumb","itemListElement":[{"@type":"ListItem","position":1,"name":"Home","item":"https:\/\/www.organisator.ch\/"},{"@type":"ListItem","position":2,"name":"Saisonstart 2025 f\u00fcr bike to work"}]},{"@type":"WebSite","@id":"https:\/\/www.organisator.ch\/#website","url":"https:\/\/www.organisator.ch\/","name":"Organisator","description":"Kompetent. Praxisnah. Der ORGANISATOR bereitet in 10 Ausgaben pro Jahr die wesentlichen Themen f\u00fcr F\u00fchrungskr\u00e4fte von KMU auf.","publisher":{"@id":"https:\/\/www.organisator.ch\/#organization"},"potentialAction":[{"@type":"SearchAction","target":{"@type":"EntryPoint","urlTemplate":"https:\/\/www.organisator.ch\/?s={search_term_string}"},"query-input":{"@type":"PropertyValueSpecification","valueRequired":true,"valueName":"search_term_string"}}],"inLanguage":"de"},{"@type":"Organization","@id":"https:\/\/www.organisator.ch\/#organization","name":"Organisator","url":"https:\/\/www.organisator.ch\/","logo":{"@type":"ImageObject","inLanguage":"de","@id":"https:\/\/www.organisator.ch\/#\/schema\/logo\/image\/","url":"https:\/\/www.organisator.ch\/wp-content\/uploads\/2022\/01\/Logo_Organisator_Website.png","contentUrl":"https:\/\/www.organisator.ch\/wp-content\/uploads\/2022\/01\/Logo_Organisator_Website.png","width":800,"height":77,"caption":"Organisator"},"image":{"@id":"https:\/\/www.organisator.ch\/#\/schema\/logo\/image\/"},"sameAs":["https:\/\/www.facebook.com\/OrganisatorFachmagazin","https:\/\/www.linkedin.com\/showcase\/organisator-das-magazin-fr-kmu","https:\/\/www.xing.com\/news\/pages\/organisator-ch-695","https:\/\/www.youtube.com\/channel\/UCGP2Sq0iWaZwT3BdIAQFYpw"]},{"@type":"Person","@id":"https:\/\/www.organisator.ch\/#\/schema\/person\/6f650f90b2842cd4c0cc334b4e36f67e","name":"thomas.berner","image":{"@type":"ImageObject","inLanguage":"de","@id":"https:\/\/secure.gravatar.com\/avatar\/ac5001d2a36cb6c6cd3e50789007ffca834b477b74a2144564522e944eabff61?s=96&d=mm&r=g","url":"https:\/\/secure.gravatar.com\/avatar\/ac5001d2a36cb6c6cd3e50789007ffca834b477b74a2144564522e944eabff61?s=96&d=mm&r=g","contentUrl":"https:\/\/secure.gravatar.com\/avatar\/ac5001d2a36cb6c6cd3e50789007ffca834b477b74a2144564522e944eabff61?s=96&d=mm&r=g","caption":"thomas.berner"},"url":"https:\/\/www.organisator.ch\/de\/author\/thomas-berner\/"}]}},"_links":{"self":[{"href":"https:\/\/www.organisator.ch\/de\/wp-json\/wp\/v2\/posts\/38100","targetHints":{"allow":["GET"]}}],"collection":[{"href":"https:\/\/www.organisator.ch\/de\/wp-json\/wp\/v2\/posts"}],"about":[{"href":"https:\/\/www.organisator.ch\/de\/wp-json\/wp\/v2\/types\/post"}],"author":[{"embeddable":true,"href":"https:\/\/www.organisator.ch\/de\/wp-json\/wp\/v2\/users\/4"}],"replies":[{"embeddable":true,"href":"https:\/\/www.organisator.ch\/de\/wp-json\/wp\/v2\/comments?post=38100"}],"version-history":[{"count":4,"href":"https:\/\/www.organisator.ch\/de\/wp-json\/wp\/v2\/posts\/38100\/revisions"}],"predecessor-version":[{"id":38124,"href":"https:\/\/www.organisator.ch\/de\/wp-json\/wp\/v2\/posts\/38100\/revisions\/38124"}],"wp:attachment":[{"href":"https:\/\/www.organisator.ch\/de\/wp-json\/wp\/v2\/media?parent=38100"}],"wp:term":[{"taxonomy":"category","embeddable":true,"href":"https:\/\/www.organisator.ch\/de\/wp-json\/wp\/v2\/categories?post=38100"},{"taxonomy":"post_tag","embeddable":true,"href":"https:\/\/www.organisator.ch\/de\/wp-json\/wp\/v2\/tags?post=38100"}],"curies":[{"name":"wp","href":"https:\/\/api.w.org\/{rel}","templated":true}]}}