{"id":38108,"date":"2025-05-01T06:27:38","date_gmt":"2025-05-01T04:27:38","guid":{"rendered":"https:\/\/www.organisator.ch\/?p=38108"},"modified":"2025-04-30T16:41:40","modified_gmt":"2025-04-30T14:41:40","slug":"ernuechternder-jahresstart-fuer-personaldienstleister","status":"publish","type":"post","link":"https:\/\/www.organisator.ch\/de\/human-resources\/2025-05-01\/ernuechternder-jahresstart-fuer-personaldienstleister\/","title":{"rendered":"Ern\u00fcchternder Jahresstart f\u00fcr Personaldienstleister"},"content":{"rendered":"<figure id=\"attachment_38109\" aria-describedby=\"caption-attachment-38109\" style=\"width: 680px\" class=\"wp-caption alignnone\"><img loading=\"lazy\" decoding=\"async\" class=\"size-full wp-image-38109\" src=\"https:\/\/www.organisator.ch\/wp-content\/uploads\/2025\/04\/Ernuechternder-Jahresstart-fuer-Personaldienstleister_Organisator.jpg\" alt=\"\" width=\"680\" height=\"452\" srcset=\"https:\/\/www.organisator.ch\/wp-content\/uploads\/2025\/04\/Ernuechternder-Jahresstart-fuer-Personaldienstleister_Organisator.jpg 680w, https:\/\/www.organisator.ch\/wp-content\/uploads\/2025\/04\/Ernuechternder-Jahresstart-fuer-Personaldienstleister_Organisator-18x12.jpg 18w, https:\/\/www.organisator.ch\/wp-content\/uploads\/2025\/04\/Ernuechternder-Jahresstart-fuer-Personaldienstleister_Organisator-375x249.jpg 375w, https:\/\/www.organisator.ch\/wp-content\/uploads\/2025\/04\/Ernuechternder-Jahresstart-fuer-Personaldienstleister_Organisator-527x350.jpg 527w\" sizes=\"auto, (max-width: 680px) 100vw, 680px\" \/><figcaption id=\"caption-attachment-38109\" class=\"wp-caption-text\">Personaldienstleister sehen sich mit einer schw\u00e4chelnden Konjunktur konfrontiert \u2013 der Bedarf an Tempor\u00e4rpersonal sinkt in fast allen Branchen. (Bild: Depositphotos.com)<\/figcaption><\/figure>\n<p>Die Personaldienstleister sind im ersten Quartal negativ in das Jahr 2025 gestartet. Auf dem Tempor\u00e4rmarkt beginnt das Gesch\u00e4ftsjahr zum dritten Mal in Folge mit roten Zahlen. Im Personalverleih fielen die geleisteten Einsatzstunden um 8,4 Prozent. Der Feststellenmarkt brach um 24,6 Prozent ein. Damit sp\u00fcren die Personaldienstleister, als traditionell konjunktursensitive Branche, die wirtschaftliche Unsicherheit besonders stark. Die US-Zollpolitik unter dem aktuellen Pr\u00e4sidenten Donald Trump befeuert diese Entwicklung in einer Phase, in der sich die Konjunktur ohnehin abk\u00fchlt und die geopolitischen Risiken gross bleiben.<\/p>\n<h3>Zur\u00fcckhaltung bei der Einstellung von Tempor\u00e4rpersonal<\/h3>\n<p>Die Schweizer Wirtschaft stockt also \u2013 und droht mit der weltweiten Konjunktur noch st\u00e4rker abzuk\u00fchlen: \u201eViele der Einsatzbetriebe sind verunsichert. Ihnen f\u00e4llt es schwer ihre Ums\u00e4tze und ihren Personalbedarf vorauszusehen\u201c, erkl\u00e4rt Daniel Staffelbach, General Manager Schweiz bei Coople. Entsprechend zur\u00fcckhaltend sind sie bei der Einstellung von Tempor\u00e4rpersonal. Die Zollpolitik von Donald Trump verst\u00e4rkt die bereits vor seinem Amtsantritt vorhandene Unsicherheit in der Wirtschaft. Gleichzeitig fragen sich viele Unternehmen, ob und wann sich die R\u00fcstungspakete im Ausland positiv auf die Schweizer Konjunktur auswirken. Das zwingt Unternehmen in den entsprechenden Szenarien zu denken. Staffelbach stellt fest: \u201eDie Stammbelegschaft ist vielerorts bereits auf ein Minimum reduziert. Kommt es zu unvorhergesehenen Ereignissen wie Personalausf\u00e4llen, Auftragsspitzen oder erh\u00f6htem Kundenaufkommen, sind Tempo und Flexibilit\u00e4t entscheidend \u2013 und genau dann wenden sich Unternehmen an uns als Personaldienstleister. Der Zeitraum zwischen der Meldung eines Personalbedarfs und dem ersten Arbeitstag verk\u00fcrzt sich dabei zunehmend.\u201c<\/p>\n<h3>Ausblick auf das Gesch\u00e4ftsjahr<\/h3>\n<p>Der Blick in die Zukunft bleibt verhalten. Die zur\u00fcckgenommenen Wachstumsprognosen, wie sie die Konjunkturforschungsstelle (KOF) oder der Internationale W\u00e4hrungsfonds k\u00fcrzlich meldeten, werden bei den Personaldienstleistern als Erstes sichtbar. Damit d\u00fcrfte sich der Trend der Abk\u00fchlung weiter fortsetzen. Er l\u00e4sst sich in allen Sektoren, dem Bau, der Industrie und am st\u00e4rksten in den Dienstleistungsberufen erkennen. Doch es gibt auch Lichtblicke. Beispielsweise konsumieren die privaten Haushalte weiterhin Dienstleistungen im Freizeitbereich. Dies \u00f6ffnet auch in einer anspruchsvollen Marktphase neue Opportunit\u00e4ten f\u00fcr die Personaldienstleister.<\/p>\n<p><em>Quelle und weitere Informationen: <a href=\"http:\/\/www.swissstaffing.ch\">Swissstaffing.ch<\/a><\/em><\/p>\n","protected":false},"excerpt":{"rendered":"<p>Die Konjunkturabk\u00fchlung belastet Personaldienstleister. Tempor\u00e4r- und Feststellenmarkt verharren auch im neuen Gesch\u00e4ftsjahr im Minus. Dies zeigt der neue Swiss Staffingindex.<\/p>\n","protected":false},"author":4,"featured_media":38109,"comment_status":"closed","ping_status":"closed","sticky":false,"template":"","format":"standard","meta":{"_acf_changed":false,"_yoast_wpseo_focuskw":"Personaldienstleister","_yoast_wpseo_metadesc":"Die Konjunkturabk\u00fchlung belastet Personaldienstleister. Tempor\u00e4r- und Feststellenmarkt verharren auch im neuen Gesch\u00e4ftsjahr im Minus.","articlekey":"","footnotes":""},"categories":[579],"tags":[254,310,3544],"class_list":["post-38108","post","type-post","status-publish","format-standard","has-post-thumbnail","hentry","category-human-resources","tag-hrm","tag-konjunktur","tag-personaldienstleistungen"],"acf":[],"yoast_head":"<!-- This site is optimized with the Yoast SEO plugin v27.5 - https:\/\/yoast.com\/product\/yoast-seo-wordpress\/ -->\n<title>Ern\u00fcchternder Jahresstart f\u00fcr Personaldienstleister - Organisator<\/title>\n<meta name=\"description\" content=\"Die Konjunkturabk\u00fchlung belastet Personaldienstleister. Tempor\u00e4r- und Feststellenmarkt verharren auch im neuen Gesch\u00e4ftsjahr im Minus.\" \/>\n<meta name=\"robots\" content=\"index, follow, max-snippet:-1, max-image-preview:large, max-video-preview:-1\" \/>\n<link rel=\"canonical\" href=\"https:\/\/www.organisator.ch\/de\/human-resources\/2025-05-01\/ernuechternder-jahresstart-fuer-personaldienstleister\/\" \/>\n<meta property=\"og:locale\" content=\"de_DE\" \/>\n<meta property=\"og:type\" content=\"article\" \/>\n<meta property=\"og:title\" content=\"Ern\u00fcchternder Jahresstart f\u00fcr Personaldienstleister\" \/>\n<meta property=\"og:description\" content=\"Die Konjunkturabk\u00fchlung belastet Personaldienstleister. Tempor\u00e4r- und Feststellenmarkt verharren auch im neuen Gesch\u00e4ftsjahr im Minus.\" \/>\n<meta property=\"og:url\" content=\"https:\/\/www.organisator.ch\/de\/human-resources\/2025-05-01\/ernuechternder-jahresstart-fuer-personaldienstleister\/\" \/>\n<meta property=\"og:site_name\" content=\"Organisator\" \/>\n<meta property=\"article:publisher\" content=\"https:\/\/www.facebook.com\/OrganisatorFachmagazin\" \/>\n<meta property=\"article:published_time\" content=\"2025-05-01T04:27:38+00:00\" \/>\n<meta property=\"og:image\" content=\"https:\/\/www.organisator.ch\/wp-content\/uploads\/2025\/04\/Ernuechternder-Jahresstart-fuer-Personaldienstleister_Organisator.jpg\" \/>\n\t<meta property=\"og:image:width\" content=\"680\" \/>\n\t<meta property=\"og:image:height\" content=\"452\" \/>\n\t<meta property=\"og:image:type\" content=\"image\/jpeg\" \/>\n<meta name=\"author\" content=\"thomas.berner\" \/>\n<meta name=\"twitter:card\" content=\"summary_large_image\" \/>\n<meta name=\"twitter:title\" content=\"Ern\u00fcchternder #Jahresstart f\u00fcr #Personaldienstleister\" \/>\n<meta name=\"twitter:description\" content=\"Die #Konjunkturabk\u00fchlung belastet #Personaldienstleister. Tempor\u00e4r- und #Feststellenmarkt verharren auch im neuen Gesch\u00e4ftsjahr im Minus.\" \/>\n<meta name=\"twitter:image\" content=\"https:\/\/www.organisator.ch\/wp-content\/uploads\/2025\/04\/Ernuechternder-Jahresstart-fuer-Personaldienstleister_Organisator.jpg\" \/>\n<script type=\"application\/ld+json\" class=\"yoast-schema-graph\">{\"@context\":\"https:\\\/\\\/schema.org\",\"@graph\":[{\"@type\":\"Article\",\"@id\":\"https:\\\/\\\/www.organisator.ch\\\/human-resources\\\/2025-05-01\\\/ernuechternder-jahresstart-fuer-personaldienstleister\\\/#article\",\"isPartOf\":{\"@id\":\"https:\\\/\\\/www.organisator.ch\\\/human-resources\\\/2025-05-01\\\/ernuechternder-jahresstart-fuer-personaldienstleister\\\/\"},\"author\":{\"name\":\"thomas.berner\",\"@id\":\"https:\\\/\\\/www.organisator.ch\\\/#\\\/schema\\\/person\\\/6f650f90b2842cd4c0cc334b4e36f67e\"},\"headline\":\"Ern\u00fcchternder Jahresstart f\u00fcr Personaldienstleister\",\"datePublished\":\"2025-05-01T04:27:38+00:00\",\"mainEntityOfPage\":{\"@id\":\"https:\\\/\\\/www.organisator.ch\\\/human-resources\\\/2025-05-01\\\/ernuechternder-jahresstart-fuer-personaldienstleister\\\/\"},\"wordCount\":383,\"publisher\":{\"@id\":\"https:\\\/\\\/www.organisator.ch\\\/#organization\"},\"image\":{\"@id\":\"https:\\\/\\\/www.organisator.ch\\\/human-resources\\\/2025-05-01\\\/ernuechternder-jahresstart-fuer-personaldienstleister\\\/#primaryimage\"},\"thumbnailUrl\":\"https:\\\/\\\/www.organisator.ch\\\/wp-content\\\/uploads\\\/2025\\\/04\\\/Ernuechternder-Jahresstart-fuer-Personaldienstleister_Organisator.jpg\",\"keywords\":[\"HRM\",\"Konjunktur\",\"Personaldienstleistungen\"],\"articleSection\":[\"HUMAN RESOURCES\"],\"inLanguage\":\"de\"},{\"@type\":\"WebPage\",\"@id\":\"https:\\\/\\\/www.organisator.ch\\\/human-resources\\\/2025-05-01\\\/ernuechternder-jahresstart-fuer-personaldienstleister\\\/\",\"url\":\"https:\\\/\\\/www.organisator.ch\\\/human-resources\\\/2025-05-01\\\/ernuechternder-jahresstart-fuer-personaldienstleister\\\/\",\"name\":\"Ern\u00fcchternder Jahresstart f\u00fcr Personaldienstleister - Organisator\",\"isPartOf\":{\"@id\":\"https:\\\/\\\/www.organisator.ch\\\/#website\"},\"primaryImageOfPage\":{\"@id\":\"https:\\\/\\\/www.organisator.ch\\\/human-resources\\\/2025-05-01\\\/ernuechternder-jahresstart-fuer-personaldienstleister\\\/#primaryimage\"},\"image\":{\"@id\":\"https:\\\/\\\/www.organisator.ch\\\/human-resources\\\/2025-05-01\\\/ernuechternder-jahresstart-fuer-personaldienstleister\\\/#primaryimage\"},\"thumbnailUrl\":\"https:\\\/\\\/www.organisator.ch\\\/wp-content\\\/uploads\\\/2025\\\/04\\\/Ernuechternder-Jahresstart-fuer-Personaldienstleister_Organisator.jpg\",\"datePublished\":\"2025-05-01T04:27:38+00:00\",\"description\":\"Die Konjunkturabk\u00fchlung belastet Personaldienstleister. Tempor\u00e4r- und Feststellenmarkt verharren auch im neuen Gesch\u00e4ftsjahr im Minus.\",\"breadcrumb\":{\"@id\":\"https:\\\/\\\/www.organisator.ch\\\/human-resources\\\/2025-05-01\\\/ernuechternder-jahresstart-fuer-personaldienstleister\\\/#breadcrumb\"},\"inLanguage\":\"de\",\"potentialAction\":[{\"@type\":\"ReadAction\",\"target\":[\"https:\\\/\\\/www.organisator.ch\\\/human-resources\\\/2025-05-01\\\/ernuechternder-jahresstart-fuer-personaldienstleister\\\/\"]}]},{\"@type\":\"ImageObject\",\"inLanguage\":\"de\",\"@id\":\"https:\\\/\\\/www.organisator.ch\\\/human-resources\\\/2025-05-01\\\/ernuechternder-jahresstart-fuer-personaldienstleister\\\/#primaryimage\",\"url\":\"https:\\\/\\\/www.organisator.ch\\\/wp-content\\\/uploads\\\/2025\\\/04\\\/Ernuechternder-Jahresstart-fuer-Personaldienstleister_Organisator.jpg\",\"contentUrl\":\"https:\\\/\\\/www.organisator.ch\\\/wp-content\\\/uploads\\\/2025\\\/04\\\/Ernuechternder-Jahresstart-fuer-Personaldienstleister_Organisator.jpg\",\"width\":680,\"height\":452,\"caption\":\"Personaldienstleister sehen sich mit einer schw\u00e4chelnden Konjunktur konfrontiert - der Bedarf an Tempor\u00e4rpersonal sinkt in fast allen Branchen. (Bild: Depositphotos.com)\"},{\"@type\":\"BreadcrumbList\",\"@id\":\"https:\\\/\\\/www.organisator.ch\\\/human-resources\\\/2025-05-01\\\/ernuechternder-jahresstart-fuer-personaldienstleister\\\/#breadcrumb\",\"itemListElement\":[{\"@type\":\"ListItem\",\"position\":1,\"name\":\"Home\",\"item\":\"https:\\\/\\\/www.organisator.ch\\\/\"},{\"@type\":\"ListItem\",\"position\":2,\"name\":\"Ern\u00fcchternder Jahresstart f\u00fcr Personaldienstleister\"}]},{\"@type\":\"WebSite\",\"@id\":\"https:\\\/\\\/www.organisator.ch\\\/#website\",\"url\":\"https:\\\/\\\/www.organisator.ch\\\/\",\"name\":\"Organisator\",\"description\":\"Kompetent. Praxisnah. Der ORGANISATOR bereitet in 10 Ausgaben pro Jahr die wesentlichen Themen f\u00fcr F\u00fchrungskr\u00e4fte von KMU auf.\",\"publisher\":{\"@id\":\"https:\\\/\\\/www.organisator.ch\\\/#organization\"},\"potentialAction\":[{\"@type\":\"SearchAction\",\"target\":{\"@type\":\"EntryPoint\",\"urlTemplate\":\"https:\\\/\\\/www.organisator.ch\\\/?s={search_term_string}\"},\"query-input\":{\"@type\":\"PropertyValueSpecification\",\"valueRequired\":true,\"valueName\":\"search_term_string\"}}],\"inLanguage\":\"de\"},{\"@type\":\"Organization\",\"@id\":\"https:\\\/\\\/www.organisator.ch\\\/#organization\",\"name\":\"Organisator\",\"url\":\"https:\\\/\\\/www.organisator.ch\\\/\",\"logo\":{\"@type\":\"ImageObject\",\"inLanguage\":\"de\",\"@id\":\"https:\\\/\\\/www.organisator.ch\\\/#\\\/schema\\\/logo\\\/image\\\/\",\"url\":\"https:\\\/\\\/www.organisator.ch\\\/wp-content\\\/uploads\\\/2022\\\/01\\\/Logo_Organisator_Website.png\",\"contentUrl\":\"https:\\\/\\\/www.organisator.ch\\\/wp-content\\\/uploads\\\/2022\\\/01\\\/Logo_Organisator_Website.png\",\"width\":800,\"height\":77,\"caption\":\"Organisator\"},\"image\":{\"@id\":\"https:\\\/\\\/www.organisator.ch\\\/#\\\/schema\\\/logo\\\/image\\\/\"},\"sameAs\":[\"https:\\\/\\\/www.facebook.com\\\/OrganisatorFachmagazin\",\"https:\\\/\\\/www.linkedin.com\\\/showcase\\\/organisator-das-magazin-fr-kmu\",\"https:\\\/\\\/www.xing.com\\\/news\\\/pages\\\/organisator-ch-695\",\"https:\\\/\\\/www.youtube.com\\\/channel\\\/UCGP2Sq0iWaZwT3BdIAQFYpw\"]},{\"@type\":\"Person\",\"@id\":\"https:\\\/\\\/www.organisator.ch\\\/#\\\/schema\\\/person\\\/6f650f90b2842cd4c0cc334b4e36f67e\",\"name\":\"thomas.berner\",\"image\":{\"@type\":\"ImageObject\",\"inLanguage\":\"de\",\"@id\":\"https:\\\/\\\/secure.gravatar.com\\\/avatar\\\/ac5001d2a36cb6c6cd3e50789007ffca834b477b74a2144564522e944eabff61?s=96&d=mm&r=g\",\"url\":\"https:\\\/\\\/secure.gravatar.com\\\/avatar\\\/ac5001d2a36cb6c6cd3e50789007ffca834b477b74a2144564522e944eabff61?s=96&d=mm&r=g\",\"contentUrl\":\"https:\\\/\\\/secure.gravatar.com\\\/avatar\\\/ac5001d2a36cb6c6cd3e50789007ffca834b477b74a2144564522e944eabff61?s=96&d=mm&r=g\",\"caption\":\"thomas.berner\"},\"url\":\"https:\\\/\\\/www.organisator.ch\\\/de\\\/author\\\/thomas-berner\\\/\"}]}<\/script>\n<!-- \/ Yoast SEO plugin. -->","yoast_head_json":{"title":"Ern\u00fcchternder Jahresstart f\u00fcr Personaldienstleister - Organisator","description":"Die Konjunkturabk\u00fchlung belastet Personaldienstleister. Tempor\u00e4r- und Feststellenmarkt verharren auch im neuen Gesch\u00e4ftsjahr im Minus.","robots":{"index":"index","follow":"follow","max-snippet":"max-snippet:-1","max-image-preview":"max-image-preview:large","max-video-preview":"max-video-preview:-1"},"canonical":"https:\/\/www.organisator.ch\/de\/human-resources\/2025-05-01\/ernuechternder-jahresstart-fuer-personaldienstleister\/","og_locale":"de_DE","og_type":"article","og_title":"Ern\u00fcchternder Jahresstart f\u00fcr Personaldienstleister","og_description":"Die Konjunkturabk\u00fchlung belastet Personaldienstleister. Tempor\u00e4r- und Feststellenmarkt verharren auch im neuen Gesch\u00e4ftsjahr im Minus.","og_url":"https:\/\/www.organisator.ch\/de\/human-resources\/2025-05-01\/ernuechternder-jahresstart-fuer-personaldienstleister\/","og_site_name":"Organisator","article_publisher":"https:\/\/www.facebook.com\/OrganisatorFachmagazin","article_published_time":"2025-05-01T04:27:38+00:00","og_image":[{"width":680,"height":452,"url":"https:\/\/www.organisator.ch\/wp-content\/uploads\/2025\/04\/Ernuechternder-Jahresstart-fuer-Personaldienstleister_Organisator.jpg","type":"image\/jpeg"}],"author":"thomas.berner","twitter_card":"summary_large_image","twitter_title":"Ern\u00fcchternder #Jahresstart f\u00fcr #Personaldienstleister","twitter_description":"Die #Konjunkturabk\u00fchlung belastet #Personaldienstleister. Tempor\u00e4r- und #Feststellenmarkt verharren auch im neuen Gesch\u00e4ftsjahr im Minus.","twitter_image":"https:\/\/www.organisator.ch\/wp-content\/uploads\/2025\/04\/Ernuechternder-Jahresstart-fuer-Personaldienstleister_Organisator.jpg","schema":{"@context":"https:\/\/schema.org","@graph":[{"@type":"Article","@id":"https:\/\/www.organisator.ch\/human-resources\/2025-05-01\/ernuechternder-jahresstart-fuer-personaldienstleister\/#article","isPartOf":{"@id":"https:\/\/www.organisator.ch\/human-resources\/2025-05-01\/ernuechternder-jahresstart-fuer-personaldienstleister\/"},"author":{"name":"thomas.berner","@id":"https:\/\/www.organisator.ch\/#\/schema\/person\/6f650f90b2842cd4c0cc334b4e36f67e"},"headline":"Ern\u00fcchternder Jahresstart f\u00fcr Personaldienstleister","datePublished":"2025-05-01T04:27:38+00:00","mainEntityOfPage":{"@id":"https:\/\/www.organisator.ch\/human-resources\/2025-05-01\/ernuechternder-jahresstart-fuer-personaldienstleister\/"},"wordCount":383,"publisher":{"@id":"https:\/\/www.organisator.ch\/#organization"},"image":{"@id":"https:\/\/www.organisator.ch\/human-resources\/2025-05-01\/ernuechternder-jahresstart-fuer-personaldienstleister\/#primaryimage"},"thumbnailUrl":"https:\/\/www.organisator.ch\/wp-content\/uploads\/2025\/04\/Ernuechternder-Jahresstart-fuer-Personaldienstleister_Organisator.jpg","keywords":["HRM","Konjunktur","Personaldienstleistungen"],"articleSection":["HUMAN RESOURCES"],"inLanguage":"de"},{"@type":"WebPage","@id":"https:\/\/www.organisator.ch\/human-resources\/2025-05-01\/ernuechternder-jahresstart-fuer-personaldienstleister\/","url":"https:\/\/www.organisator.ch\/human-resources\/2025-05-01\/ernuechternder-jahresstart-fuer-personaldienstleister\/","name":"Ern\u00fcchternder Jahresstart f\u00fcr Personaldienstleister - Organisator","isPartOf":{"@id":"https:\/\/www.organisator.ch\/#website"},"primaryImageOfPage":{"@id":"https:\/\/www.organisator.ch\/human-resources\/2025-05-01\/ernuechternder-jahresstart-fuer-personaldienstleister\/#primaryimage"},"image":{"@id":"https:\/\/www.organisator.ch\/human-resources\/2025-05-01\/ernuechternder-jahresstart-fuer-personaldienstleister\/#primaryimage"},"thumbnailUrl":"https:\/\/www.organisator.ch\/wp-content\/uploads\/2025\/04\/Ernuechternder-Jahresstart-fuer-Personaldienstleister_Organisator.jpg","datePublished":"2025-05-01T04:27:38+00:00","description":"Die Konjunkturabk\u00fchlung belastet Personaldienstleister. Tempor\u00e4r- und Feststellenmarkt verharren auch im neuen Gesch\u00e4ftsjahr im Minus.","breadcrumb":{"@id":"https:\/\/www.organisator.ch\/human-resources\/2025-05-01\/ernuechternder-jahresstart-fuer-personaldienstleister\/#breadcrumb"},"inLanguage":"de","potentialAction":[{"@type":"ReadAction","target":["https:\/\/www.organisator.ch\/human-resources\/2025-05-01\/ernuechternder-jahresstart-fuer-personaldienstleister\/"]}]},{"@type":"ImageObject","inLanguage":"de","@id":"https:\/\/www.organisator.ch\/human-resources\/2025-05-01\/ernuechternder-jahresstart-fuer-personaldienstleister\/#primaryimage","url":"https:\/\/www.organisator.ch\/wp-content\/uploads\/2025\/04\/Ernuechternder-Jahresstart-fuer-Personaldienstleister_Organisator.jpg","contentUrl":"https:\/\/www.organisator.ch\/wp-content\/uploads\/2025\/04\/Ernuechternder-Jahresstart-fuer-Personaldienstleister_Organisator.jpg","width":680,"height":452,"caption":"Personaldienstleister sehen sich mit einer schw\u00e4chelnden Konjunktur konfrontiert - der Bedarf an Tempor\u00e4rpersonal sinkt in fast allen Branchen. (Bild: Depositphotos.com)"},{"@type":"BreadcrumbList","@id":"https:\/\/www.organisator.ch\/human-resources\/2025-05-01\/ernuechternder-jahresstart-fuer-personaldienstleister\/#breadcrumb","itemListElement":[{"@type":"ListItem","position":1,"name":"Home","item":"https:\/\/www.organisator.ch\/"},{"@type":"ListItem","position":2,"name":"Ern\u00fcchternder Jahresstart f\u00fcr Personaldienstleister"}]},{"@type":"WebSite","@id":"https:\/\/www.organisator.ch\/#website","url":"https:\/\/www.organisator.ch\/","name":"Organisator","description":"Kompetent. Praxisnah. Der ORGANISATOR bereitet in 10 Ausgaben pro Jahr die wesentlichen Themen f\u00fcr F\u00fchrungskr\u00e4fte von KMU auf.","publisher":{"@id":"https:\/\/www.organisator.ch\/#organization"},"potentialAction":[{"@type":"SearchAction","target":{"@type":"EntryPoint","urlTemplate":"https:\/\/www.organisator.ch\/?s={search_term_string}"},"query-input":{"@type":"PropertyValueSpecification","valueRequired":true,"valueName":"search_term_string"}}],"inLanguage":"de"},{"@type":"Organization","@id":"https:\/\/www.organisator.ch\/#organization","name":"Organisator","url":"https:\/\/www.organisator.ch\/","logo":{"@type":"ImageObject","inLanguage":"de","@id":"https:\/\/www.organisator.ch\/#\/schema\/logo\/image\/","url":"https:\/\/www.organisator.ch\/wp-content\/uploads\/2022\/01\/Logo_Organisator_Website.png","contentUrl":"https:\/\/www.organisator.ch\/wp-content\/uploads\/2022\/01\/Logo_Organisator_Website.png","width":800,"height":77,"caption":"Organisator"},"image":{"@id":"https:\/\/www.organisator.ch\/#\/schema\/logo\/image\/"},"sameAs":["https:\/\/www.facebook.com\/OrganisatorFachmagazin","https:\/\/www.linkedin.com\/showcase\/organisator-das-magazin-fr-kmu","https:\/\/www.xing.com\/news\/pages\/organisator-ch-695","https:\/\/www.youtube.com\/channel\/UCGP2Sq0iWaZwT3BdIAQFYpw"]},{"@type":"Person","@id":"https:\/\/www.organisator.ch\/#\/schema\/person\/6f650f90b2842cd4c0cc334b4e36f67e","name":"thomas.berner","image":{"@type":"ImageObject","inLanguage":"de","@id":"https:\/\/secure.gravatar.com\/avatar\/ac5001d2a36cb6c6cd3e50789007ffca834b477b74a2144564522e944eabff61?s=96&d=mm&r=g","url":"https:\/\/secure.gravatar.com\/avatar\/ac5001d2a36cb6c6cd3e50789007ffca834b477b74a2144564522e944eabff61?s=96&d=mm&r=g","contentUrl":"https:\/\/secure.gravatar.com\/avatar\/ac5001d2a36cb6c6cd3e50789007ffca834b477b74a2144564522e944eabff61?s=96&d=mm&r=g","caption":"thomas.berner"},"url":"https:\/\/www.organisator.ch\/de\/author\/thomas-berner\/"}]}},"_links":{"self":[{"href":"https:\/\/www.organisator.ch\/de\/wp-json\/wp\/v2\/posts\/38108","targetHints":{"allow":["GET"]}}],"collection":[{"href":"https:\/\/www.organisator.ch\/de\/wp-json\/wp\/v2\/posts"}],"about":[{"href":"https:\/\/www.organisator.ch\/de\/wp-json\/wp\/v2\/types\/post"}],"author":[{"embeddable":true,"href":"https:\/\/www.organisator.ch\/de\/wp-json\/wp\/v2\/users\/4"}],"replies":[{"embeddable":true,"href":"https:\/\/www.organisator.ch\/de\/wp-json\/wp\/v2\/comments?post=38108"}],"version-history":[{"count":4,"href":"https:\/\/www.organisator.ch\/de\/wp-json\/wp\/v2\/posts\/38108\/revisions"}],"predecessor-version":[{"id":38135,"href":"https:\/\/www.organisator.ch\/de\/wp-json\/wp\/v2\/posts\/38108\/revisions\/38135"}],"wp:featuredmedia":[{"embeddable":true,"href":"https:\/\/www.organisator.ch\/de\/wp-json\/wp\/v2\/media\/38109"}],"wp:attachment":[{"href":"https:\/\/www.organisator.ch\/de\/wp-json\/wp\/v2\/media?parent=38108"}],"wp:term":[{"taxonomy":"category","embeddable":true,"href":"https:\/\/www.organisator.ch\/de\/wp-json\/wp\/v2\/categories?post=38108"},{"taxonomy":"post_tag","embeddable":true,"href":"https:\/\/www.organisator.ch\/de\/wp-json\/wp\/v2\/tags?post=38108"}],"curies":[{"name":"wp","href":"https:\/\/api.w.org\/{rel}","templated":true}]}}