{"id":3811,"date":"2021-02-23T08:28:51","date_gmt":"2021-02-23T07:28:51","guid":{"rendered":"https:\/\/www.umweltperspektiven.ch\/?p=3811"},"modified":"2022-02-09T11:09:54","modified_gmt":"2022-02-09T10:09:54","slug":"sich-fuer-den-swiss-ethics-award-bewerben","status":"publish","type":"post","link":"https:\/\/www.organisator.ch\/de\/sustainability\/2021-02-23\/sich-fuer-den-swiss-ethics-award-bewerben\/","title":{"rendered":"Bewerbungsfrist f\u00fcr den Swiss Ethics Award l\u00e4uft"},"content":{"rendered":"<figure id=\"attachment_3812\" aria-describedby=\"caption-attachment-3812\" style=\"width: 680px\" class=\"wp-caption aligncenter\"><img loading=\"lazy\" decoding=\"async\" class=\"wp-image-3812 size-medium\" src=\"\/\/www.umweltperspektiven.ch\/wp-content\/uploads\/2021\/02\/Winner-mit-RB-VA-1500x1000.jpg\" alt=\"Swiss Ethics Award\" width=\"680\" height=\"453\" \/><figcaption id=\"caption-attachment-3812\" class=\"wp-caption-text\">Die Gewinner des letztj\u00e4hrigen Awards.<\/figcaption><\/figure>\n<p>Der Swiss Ethics Award zeichnet Unternehmen f\u00fcr ihre ethischen Leistungen aus. Die Preisverleihung wird seit 2005 vom Swiss Excellence Forum verliehen. Zu den letzten Gewinnern 2020 geh\u00f6ren die Alternative Bank Schweiz, Chocolats Halba\/Coop und das auf die Naturkosmetik und anthroposophische Arzneimittel\u00a0spezialisierte Unternehmen Weleda.<\/p>\n<p><strong>Bewerbung bis 30. September 2021 einreichen<\/strong><\/p>\n<p>Interessierte Unternehmen und Organisationen k\u00f6nnen ihre Bewerbung bis am 30. September 2021 beim Swiss Excellence Forum einzureichen. Ausgezeichnet werden Leistungen, die in besonderer Weise Verantwortung \u00fcbernehmen und sich f\u00fcr eine nachhaltige Unternehmensf\u00fchrung engagieren.<\/p>\n<p>Der Award wird am 11. Mai 2022 im KKL Luzern im Rahmen der \u00abEthical Leadership\u00bb-Tagung verliehen.<\/p>\n<p><em>Hier geht es zu den Bewerbungsunterlagen: <a href=\"\/\/www.swiss-excellence-forum.ch\">www.swiss-excellence-forum.ch <\/a><\/em><\/p>\n<p>&nbsp;<\/p>\n","protected":false},"excerpt":{"rendered":"<p>Der Swiss Ethics Award zeichnet Unternehmen f\u00fcr ihre ethischen Leistungen aus. Die Preisverleihung wird seit 2005 vom Swiss Excellence Forum verliehen. Zu den letzten Gewinnern 2020 geh\u00f6ren die Alternative Bank Schweiz, Chocolats Halba\/Coop und das auf die Naturkosmetik und anthroposophische Arzneimittel\u00a0spezialisierte Unternehmen Weleda. Bewerbung bis 30. September 2021 einreichen Interessierte Unternehmen und Organisationen k\u00f6nnen ihre [&hellip;]<\/p>\n","protected":false},"author":6,"featured_media":9764,"comment_status":"closed","ping_status":"closed","sticky":false,"template":"","format":"standard","meta":{"_acf_changed":false,"_yoast_wpseo_focuskw":"Swiss Ethics Award","_yoast_wpseo_metadesc":"F\u00fcr den Swiss Ethics Award k\u00f6nnen Unternehmen und Organisationen ihre Bewerbung bis am 30. September 2021 beim Swiss Excellence Forum einreichen.","articlekey":"","footnotes":""},"categories":[580],"tags":[1129,2257,2258,502],"class_list":["post-3811","post","type-post","status-publish","format-standard","has-post-thumbnail","hentry","category-sustainability","tag-ethische-leistung","tag-swiss-ethics-award","tag-swiss-excellence-forum","tag-veranstaltungen"],"acf":[],"yoast_head":"<!-- This site is optimized with the Yoast SEO plugin v27.5 - https:\/\/yoast.com\/product\/yoast-seo-wordpress\/ -->\n<title>Bewerbungsfrist f\u00fcr den Swiss Ethics Award l\u00e4uft - Organisator<\/title>\n<meta name=\"description\" content=\"F\u00fcr den Swiss Ethics Award k\u00f6nnen Unternehmen und Organisationen ihre Bewerbung bis am 30. September 2021 beim Swiss Excellence Forum einreichen.\" \/>\n<meta name=\"robots\" content=\"index, follow, max-snippet:-1, max-image-preview:large, max-video-preview:-1\" \/>\n<link rel=\"canonical\" href=\"https:\/\/www.organisator.ch\/de\/sustainability\/2021-02-23\/sich-fuer-den-swiss-ethics-award-bewerben\/\" \/>\n<meta property=\"og:locale\" content=\"de_DE\" \/>\n<meta property=\"og:type\" content=\"article\" \/>\n<meta property=\"og:title\" content=\"Bewerbungsfrist f\u00fcr den Swiss Ethics Award l\u00e4uft - Organisator\" \/>\n<meta property=\"og:description\" content=\"F\u00fcr den Swiss Ethics Award k\u00f6nnen Unternehmen und Organisationen ihre Bewerbung bis am 30. September 2021 beim Swiss Excellence Forum einreichen.\" \/>\n<meta property=\"og:url\" content=\"https:\/\/www.organisator.ch\/de\/sustainability\/2021-02-23\/sich-fuer-den-swiss-ethics-award-bewerben\/\" \/>\n<meta property=\"og:site_name\" content=\"Organisator\" \/>\n<meta property=\"article:publisher\" content=\"https:\/\/www.facebook.com\/OrganisatorFachmagazin\" \/>\n<meta property=\"article:published_time\" content=\"2021-02-23T07:28:51+00:00\" \/>\n<meta property=\"article:modified_time\" content=\"2022-02-09T10:09:54+00:00\" \/>\n<meta property=\"og:image\" content=\"https:\/\/www.organisator.ch\/wp-content\/uploads\/2021\/02\/Winner-mit-RB-VA-1500x1000-1.jpg\" \/>\n\t<meta property=\"og:image:width\" content=\"1500\" \/>\n\t<meta property=\"og:image:height\" content=\"1000\" \/>\n\t<meta property=\"og:image:type\" content=\"image\/jpeg\" \/>\n<meta name=\"author\" content=\"roger.straessle\" \/>\n<meta name=\"twitter:card\" content=\"summary_large_image\" \/>\n<script type=\"application\/ld+json\" class=\"yoast-schema-graph\">{\"@context\":\"https:\\\/\\\/schema.org\",\"@graph\":[{\"@type\":\"Article\",\"@id\":\"https:\\\/\\\/www.organisator.ch\\\/sustainability\\\/2021-02-23\\\/sich-fuer-den-swiss-ethics-award-bewerben\\\/#article\",\"isPartOf\":{\"@id\":\"https:\\\/\\\/www.organisator.ch\\\/sustainability\\\/2021-02-23\\\/sich-fuer-den-swiss-ethics-award-bewerben\\\/\"},\"author\":{\"name\":\"roger.straessle\",\"@id\":\"https:\\\/\\\/www.organisator.ch\\\/#\\\/schema\\\/person\\\/a800b8c54e208b160517a7dcc323161d\"},\"headline\":\"Bewerbungsfrist f\u00fcr den Swiss Ethics Award l\u00e4uft\",\"datePublished\":\"2021-02-23T07:28:51+00:00\",\"dateModified\":\"2022-02-09T10:09:54+00:00\",\"mainEntityOfPage\":{\"@id\":\"https:\\\/\\\/www.organisator.ch\\\/sustainability\\\/2021-02-23\\\/sich-fuer-den-swiss-ethics-award-bewerben\\\/\"},\"wordCount\":130,\"publisher\":{\"@id\":\"https:\\\/\\\/www.organisator.ch\\\/#organization\"},\"image\":{\"@id\":\"https:\\\/\\\/www.organisator.ch\\\/sustainability\\\/2021-02-23\\\/sich-fuer-den-swiss-ethics-award-bewerben\\\/#primaryimage\"},\"thumbnailUrl\":\"https:\\\/\\\/www.organisator.ch\\\/wp-content\\\/uploads\\\/2021\\\/02\\\/Winner-mit-RB-VA-1500x1000-1.jpg\",\"keywords\":[\"ethische Leistung\",\"Swiss Ethics Award\",\"Swiss Excellence Forum\",\"Veranstaltungen\"],\"articleSection\":[\"SUSTAINABILITY\"],\"inLanguage\":\"de\"},{\"@type\":\"WebPage\",\"@id\":\"https:\\\/\\\/www.organisator.ch\\\/sustainability\\\/2021-02-23\\\/sich-fuer-den-swiss-ethics-award-bewerben\\\/\",\"url\":\"https:\\\/\\\/www.organisator.ch\\\/sustainability\\\/2021-02-23\\\/sich-fuer-den-swiss-ethics-award-bewerben\\\/\",\"name\":\"Bewerbungsfrist f\u00fcr den Swiss Ethics Award l\u00e4uft - Organisator\",\"isPartOf\":{\"@id\":\"https:\\\/\\\/www.organisator.ch\\\/#website\"},\"primaryImageOfPage\":{\"@id\":\"https:\\\/\\\/www.organisator.ch\\\/sustainability\\\/2021-02-23\\\/sich-fuer-den-swiss-ethics-award-bewerben\\\/#primaryimage\"},\"image\":{\"@id\":\"https:\\\/\\\/www.organisator.ch\\\/sustainability\\\/2021-02-23\\\/sich-fuer-den-swiss-ethics-award-bewerben\\\/#primaryimage\"},\"thumbnailUrl\":\"https:\\\/\\\/www.organisator.ch\\\/wp-content\\\/uploads\\\/2021\\\/02\\\/Winner-mit-RB-VA-1500x1000-1.jpg\",\"datePublished\":\"2021-02-23T07:28:51+00:00\",\"dateModified\":\"2022-02-09T10:09:54+00:00\",\"description\":\"F\u00fcr den Swiss Ethics Award k\u00f6nnen Unternehmen und Organisationen ihre Bewerbung bis am 30. September 2021 beim Swiss Excellence Forum einreichen.\",\"breadcrumb\":{\"@id\":\"https:\\\/\\\/www.organisator.ch\\\/sustainability\\\/2021-02-23\\\/sich-fuer-den-swiss-ethics-award-bewerben\\\/#breadcrumb\"},\"inLanguage\":\"de\",\"potentialAction\":[{\"@type\":\"ReadAction\",\"target\":[\"https:\\\/\\\/www.organisator.ch\\\/sustainability\\\/2021-02-23\\\/sich-fuer-den-swiss-ethics-award-bewerben\\\/\"]}]},{\"@type\":\"ImageObject\",\"inLanguage\":\"de\",\"@id\":\"https:\\\/\\\/www.organisator.ch\\\/sustainability\\\/2021-02-23\\\/sich-fuer-den-swiss-ethics-award-bewerben\\\/#primaryimage\",\"url\":\"https:\\\/\\\/www.organisator.ch\\\/wp-content\\\/uploads\\\/2021\\\/02\\\/Winner-mit-RB-VA-1500x1000-1.jpg\",\"contentUrl\":\"https:\\\/\\\/www.organisator.ch\\\/wp-content\\\/uploads\\\/2021\\\/02\\\/Winner-mit-RB-VA-1500x1000-1.jpg\",\"width\":1500,\"height\":1000,\"caption\":\"Die Gewinner des letztj\u00e4hrigen Awards.\"},{\"@type\":\"BreadcrumbList\",\"@id\":\"https:\\\/\\\/www.organisator.ch\\\/sustainability\\\/2021-02-23\\\/sich-fuer-den-swiss-ethics-award-bewerben\\\/#breadcrumb\",\"itemListElement\":[{\"@type\":\"ListItem\",\"position\":1,\"name\":\"Home\",\"item\":\"https:\\\/\\\/www.organisator.ch\\\/\"},{\"@type\":\"ListItem\",\"position\":2,\"name\":\"Bewerbungsfrist f\u00fcr den Swiss Ethics Award l\u00e4uft\"}]},{\"@type\":\"WebSite\",\"@id\":\"https:\\\/\\\/www.organisator.ch\\\/#website\",\"url\":\"https:\\\/\\\/www.organisator.ch\\\/\",\"name\":\"Organisator\",\"description\":\"Kompetent. Praxisnah. Der ORGANISATOR bereitet in 10 Ausgaben pro Jahr die wesentlichen Themen f\u00fcr F\u00fchrungskr\u00e4fte von KMU auf.\",\"publisher\":{\"@id\":\"https:\\\/\\\/www.organisator.ch\\\/#organization\"},\"potentialAction\":[{\"@type\":\"SearchAction\",\"target\":{\"@type\":\"EntryPoint\",\"urlTemplate\":\"https:\\\/\\\/www.organisator.ch\\\/?s={search_term_string}\"},\"query-input\":{\"@type\":\"PropertyValueSpecification\",\"valueRequired\":true,\"valueName\":\"search_term_string\"}}],\"inLanguage\":\"de\"},{\"@type\":\"Organization\",\"@id\":\"https:\\\/\\\/www.organisator.ch\\\/#organization\",\"name\":\"Organisator\",\"url\":\"https:\\\/\\\/www.organisator.ch\\\/\",\"logo\":{\"@type\":\"ImageObject\",\"inLanguage\":\"de\",\"@id\":\"https:\\\/\\\/www.organisator.ch\\\/#\\\/schema\\\/logo\\\/image\\\/\",\"url\":\"https:\\\/\\\/www.organisator.ch\\\/wp-content\\\/uploads\\\/2022\\\/01\\\/Logo_Organisator_Website.png\",\"contentUrl\":\"https:\\\/\\\/www.organisator.ch\\\/wp-content\\\/uploads\\\/2022\\\/01\\\/Logo_Organisator_Website.png\",\"width\":800,\"height\":77,\"caption\":\"Organisator\"},\"image\":{\"@id\":\"https:\\\/\\\/www.organisator.ch\\\/#\\\/schema\\\/logo\\\/image\\\/\"},\"sameAs\":[\"https:\\\/\\\/www.facebook.com\\\/OrganisatorFachmagazin\",\"https:\\\/\\\/www.linkedin.com\\\/showcase\\\/organisator-das-magazin-fr-kmu\",\"https:\\\/\\\/www.xing.com\\\/news\\\/pages\\\/organisator-ch-695\",\"https:\\\/\\\/www.youtube.com\\\/channel\\\/UCGP2Sq0iWaZwT3BdIAQFYpw\"]},{\"@type\":\"Person\",\"@id\":\"https:\\\/\\\/www.organisator.ch\\\/#\\\/schema\\\/person\\\/a800b8c54e208b160517a7dcc323161d\",\"name\":\"roger.straessle\",\"image\":{\"@type\":\"ImageObject\",\"inLanguage\":\"de\",\"@id\":\"https:\\\/\\\/secure.gravatar.com\\\/avatar\\\/?s=96&d=mm&r=g\",\"url\":\"https:\\\/\\\/secure.gravatar.com\\\/avatar\\\/?s=96&d=mm&r=g\",\"contentUrl\":\"https:\\\/\\\/secure.gravatar.com\\\/avatar\\\/?s=96&d=mm&r=g\",\"caption\":\"roger.straessle\"},\"url\":\"https:\\\/\\\/www.organisator.ch\\\/de\\\/author\\\/roger-straessle\\\/\"}]}<\/script>\n<!-- \/ Yoast SEO plugin. -->","yoast_head_json":{"title":"Bewerbungsfrist f\u00fcr den Swiss Ethics Award l\u00e4uft - Organisator","description":"F\u00fcr den Swiss Ethics Award k\u00f6nnen Unternehmen und Organisationen ihre Bewerbung bis am 30. September 2021 beim Swiss Excellence Forum einreichen.","robots":{"index":"index","follow":"follow","max-snippet":"max-snippet:-1","max-image-preview":"max-image-preview:large","max-video-preview":"max-video-preview:-1"},"canonical":"https:\/\/www.organisator.ch\/de\/sustainability\/2021-02-23\/sich-fuer-den-swiss-ethics-award-bewerben\/","og_locale":"de_DE","og_type":"article","og_title":"Bewerbungsfrist f\u00fcr den Swiss Ethics Award l\u00e4uft - Organisator","og_description":"F\u00fcr den Swiss Ethics Award k\u00f6nnen Unternehmen und Organisationen ihre Bewerbung bis am 30. September 2021 beim Swiss Excellence Forum einreichen.","og_url":"https:\/\/www.organisator.ch\/de\/sustainability\/2021-02-23\/sich-fuer-den-swiss-ethics-award-bewerben\/","og_site_name":"Organisator","article_publisher":"https:\/\/www.facebook.com\/OrganisatorFachmagazin","article_published_time":"2021-02-23T07:28:51+00:00","article_modified_time":"2022-02-09T10:09:54+00:00","og_image":[{"width":1500,"height":1000,"url":"https:\/\/www.organisator.ch\/wp-content\/uploads\/2021\/02\/Winner-mit-RB-VA-1500x1000-1.jpg","type":"image\/jpeg"}],"author":"roger.straessle","twitter_card":"summary_large_image","schema":{"@context":"https:\/\/schema.org","@graph":[{"@type":"Article","@id":"https:\/\/www.organisator.ch\/sustainability\/2021-02-23\/sich-fuer-den-swiss-ethics-award-bewerben\/#article","isPartOf":{"@id":"https:\/\/www.organisator.ch\/sustainability\/2021-02-23\/sich-fuer-den-swiss-ethics-award-bewerben\/"},"author":{"name":"roger.straessle","@id":"https:\/\/www.organisator.ch\/#\/schema\/person\/a800b8c54e208b160517a7dcc323161d"},"headline":"Bewerbungsfrist f\u00fcr den Swiss Ethics Award l\u00e4uft","datePublished":"2021-02-23T07:28:51+00:00","dateModified":"2022-02-09T10:09:54+00:00","mainEntityOfPage":{"@id":"https:\/\/www.organisator.ch\/sustainability\/2021-02-23\/sich-fuer-den-swiss-ethics-award-bewerben\/"},"wordCount":130,"publisher":{"@id":"https:\/\/www.organisator.ch\/#organization"},"image":{"@id":"https:\/\/www.organisator.ch\/sustainability\/2021-02-23\/sich-fuer-den-swiss-ethics-award-bewerben\/#primaryimage"},"thumbnailUrl":"https:\/\/www.organisator.ch\/wp-content\/uploads\/2021\/02\/Winner-mit-RB-VA-1500x1000-1.jpg","keywords":["ethische Leistung","Swiss Ethics Award","Swiss Excellence Forum","Veranstaltungen"],"articleSection":["SUSTAINABILITY"],"inLanguage":"de"},{"@type":"WebPage","@id":"https:\/\/www.organisator.ch\/sustainability\/2021-02-23\/sich-fuer-den-swiss-ethics-award-bewerben\/","url":"https:\/\/www.organisator.ch\/sustainability\/2021-02-23\/sich-fuer-den-swiss-ethics-award-bewerben\/","name":"Bewerbungsfrist f\u00fcr den Swiss Ethics Award l\u00e4uft - Organisator","isPartOf":{"@id":"https:\/\/www.organisator.ch\/#website"},"primaryImageOfPage":{"@id":"https:\/\/www.organisator.ch\/sustainability\/2021-02-23\/sich-fuer-den-swiss-ethics-award-bewerben\/#primaryimage"},"image":{"@id":"https:\/\/www.organisator.ch\/sustainability\/2021-02-23\/sich-fuer-den-swiss-ethics-award-bewerben\/#primaryimage"},"thumbnailUrl":"https:\/\/www.organisator.ch\/wp-content\/uploads\/2021\/02\/Winner-mit-RB-VA-1500x1000-1.jpg","datePublished":"2021-02-23T07:28:51+00:00","dateModified":"2022-02-09T10:09:54+00:00","description":"F\u00fcr den Swiss Ethics Award k\u00f6nnen Unternehmen und Organisationen ihre Bewerbung bis am 30. September 2021 beim Swiss Excellence Forum einreichen.","breadcrumb":{"@id":"https:\/\/www.organisator.ch\/sustainability\/2021-02-23\/sich-fuer-den-swiss-ethics-award-bewerben\/#breadcrumb"},"inLanguage":"de","potentialAction":[{"@type":"ReadAction","target":["https:\/\/www.organisator.ch\/sustainability\/2021-02-23\/sich-fuer-den-swiss-ethics-award-bewerben\/"]}]},{"@type":"ImageObject","inLanguage":"de","@id":"https:\/\/www.organisator.ch\/sustainability\/2021-02-23\/sich-fuer-den-swiss-ethics-award-bewerben\/#primaryimage","url":"https:\/\/www.organisator.ch\/wp-content\/uploads\/2021\/02\/Winner-mit-RB-VA-1500x1000-1.jpg","contentUrl":"https:\/\/www.organisator.ch\/wp-content\/uploads\/2021\/02\/Winner-mit-RB-VA-1500x1000-1.jpg","width":1500,"height":1000,"caption":"Die Gewinner des letztj\u00e4hrigen Awards."},{"@type":"BreadcrumbList","@id":"https:\/\/www.organisator.ch\/sustainability\/2021-02-23\/sich-fuer-den-swiss-ethics-award-bewerben\/#breadcrumb","itemListElement":[{"@type":"ListItem","position":1,"name":"Home","item":"https:\/\/www.organisator.ch\/"},{"@type":"ListItem","position":2,"name":"Bewerbungsfrist f\u00fcr den Swiss Ethics Award l\u00e4uft"}]},{"@type":"WebSite","@id":"https:\/\/www.organisator.ch\/#website","url":"https:\/\/www.organisator.ch\/","name":"Organisator","description":"Kompetent. Praxisnah. Der ORGANISATOR bereitet in 10 Ausgaben pro Jahr die wesentlichen Themen f\u00fcr F\u00fchrungskr\u00e4fte von KMU auf.","publisher":{"@id":"https:\/\/www.organisator.ch\/#organization"},"potentialAction":[{"@type":"SearchAction","target":{"@type":"EntryPoint","urlTemplate":"https:\/\/www.organisator.ch\/?s={search_term_string}"},"query-input":{"@type":"PropertyValueSpecification","valueRequired":true,"valueName":"search_term_string"}}],"inLanguage":"de"},{"@type":"Organization","@id":"https:\/\/www.organisator.ch\/#organization","name":"Organisator","url":"https:\/\/www.organisator.ch\/","logo":{"@type":"ImageObject","inLanguage":"de","@id":"https:\/\/www.organisator.ch\/#\/schema\/logo\/image\/","url":"https:\/\/www.organisator.ch\/wp-content\/uploads\/2022\/01\/Logo_Organisator_Website.png","contentUrl":"https:\/\/www.organisator.ch\/wp-content\/uploads\/2022\/01\/Logo_Organisator_Website.png","width":800,"height":77,"caption":"Organisator"},"image":{"@id":"https:\/\/www.organisator.ch\/#\/schema\/logo\/image\/"},"sameAs":["https:\/\/www.facebook.com\/OrganisatorFachmagazin","https:\/\/www.linkedin.com\/showcase\/organisator-das-magazin-fr-kmu","https:\/\/www.xing.com\/news\/pages\/organisator-ch-695","https:\/\/www.youtube.com\/channel\/UCGP2Sq0iWaZwT3BdIAQFYpw"]},{"@type":"Person","@id":"https:\/\/www.organisator.ch\/#\/schema\/person\/a800b8c54e208b160517a7dcc323161d","name":"roger.straessle","image":{"@type":"ImageObject","inLanguage":"de","@id":"https:\/\/secure.gravatar.com\/avatar\/?s=96&d=mm&r=g","url":"https:\/\/secure.gravatar.com\/avatar\/?s=96&d=mm&r=g","contentUrl":"https:\/\/secure.gravatar.com\/avatar\/?s=96&d=mm&r=g","caption":"roger.straessle"},"url":"https:\/\/www.organisator.ch\/de\/author\/roger-straessle\/"}]}},"_links":{"self":[{"href":"https:\/\/www.organisator.ch\/de\/wp-json\/wp\/v2\/posts\/3811","targetHints":{"allow":["GET"]}}],"collection":[{"href":"https:\/\/www.organisator.ch\/de\/wp-json\/wp\/v2\/posts"}],"about":[{"href":"https:\/\/www.organisator.ch\/de\/wp-json\/wp\/v2\/types\/post"}],"author":[{"embeddable":true,"href":"https:\/\/www.organisator.ch\/de\/wp-json\/wp\/v2\/users\/6"}],"replies":[{"embeddable":true,"href":"https:\/\/www.organisator.ch\/de\/wp-json\/wp\/v2\/comments?post=3811"}],"version-history":[{"count":1,"href":"https:\/\/www.organisator.ch\/de\/wp-json\/wp\/v2\/posts\/3811\/revisions"}],"predecessor-version":[{"id":10803,"href":"https:\/\/www.organisator.ch\/de\/wp-json\/wp\/v2\/posts\/3811\/revisions\/10803"}],"wp:featuredmedia":[{"embeddable":true,"href":"https:\/\/www.organisator.ch\/de\/wp-json\/wp\/v2\/media\/9764"}],"wp:attachment":[{"href":"https:\/\/www.organisator.ch\/de\/wp-json\/wp\/v2\/media?parent=3811"}],"wp:term":[{"taxonomy":"category","embeddable":true,"href":"https:\/\/www.organisator.ch\/de\/wp-json\/wp\/v2\/categories?post=3811"},{"taxonomy":"post_tag","embeddable":true,"href":"https:\/\/www.organisator.ch\/de\/wp-json\/wp\/v2\/tags?post=3811"}],"curies":[{"name":"wp","href":"https:\/\/api.w.org\/{rel}","templated":true}]}}