{"id":38111,"date":"2025-05-01T09:32:18","date_gmt":"2025-05-01T07:32:18","guid":{"rendered":"https:\/\/www.organisator.ch\/?p=38111"},"modified":"2025-05-01T09:32:18","modified_gmt":"2025-05-01T07:32:18","slug":"fernuni-schweiz-blickt-auf-erfolgreiche-entwicklung-zurueck","status":"publish","type":"post","link":"https:\/\/www.organisator.ch\/de\/weiterbildung\/2025-05-01\/fernuni-schweiz-blickt-auf-erfolgreiche-entwicklung-zurueck\/","title":{"rendered":"FernUni Schweiz blickt auf erfolgreiche Entwicklung zur\u00fcck"},"content":{"rendered":"<figure id=\"attachment_38116\" aria-describedby=\"caption-attachment-38116\" style=\"width: 680px\" class=\"wp-caption alignnone\"><img loading=\"lazy\" decoding=\"async\" class=\"wp-image-38116 size-full\" src=\"https:\/\/www.organisator.ch\/wp-content\/uploads\/2025\/05\/FernUni-Schweiz-blickt-auf-erfolgreiche-Entwicklung-zurueck_Organisator.jpg\" alt=\"\" width=\"680\" height=\"453\" srcset=\"https:\/\/www.organisator.ch\/wp-content\/uploads\/2025\/05\/FernUni-Schweiz-blickt-auf-erfolgreiche-Entwicklung-zurueck_Organisator.jpg 680w, https:\/\/www.organisator.ch\/wp-content\/uploads\/2025\/05\/FernUni-Schweiz-blickt-auf-erfolgreiche-Entwicklung-zurueck_Organisator-18x12.jpg 18w, https:\/\/www.organisator.ch\/wp-content\/uploads\/2025\/05\/FernUni-Schweiz-blickt-auf-erfolgreiche-Entwicklung-zurueck_Organisator-375x250.jpg 375w, https:\/\/www.organisator.ch\/wp-content\/uploads\/2025\/05\/FernUni-Schweiz-blickt-auf-erfolgreiche-Entwicklung-zurueck_Organisator-525x350.jpg 525w\" sizes=\"auto, (max-width: 680px) 100vw, 680px\" \/><figcaption id=\"caption-attachment-38116\" class=\"wp-caption-text\">Die FernUni Schweiz hat wichtige Meilensteine erreicht und den Stiftungsrat und den Wissenschaftlichen Beirat gest\u00e4rkt. (Bild: Fernuni Schweiz)<\/figcaption><\/figure>\n<p>Die FernUni Schweiz hat seine Jahresversammlung genutzt, um auf die erreichten Meilensteine zur\u00fcckzublicken. Sie setzt ihre strategische Entwicklung fort, um bis 2027 zur Universit\u00e4t Wallis zu werden.<\/p>\n<h3>Highlights 2024 der FernUni Schweiz<\/h3>\n<p>2024 war f\u00fcr die FernUni Schweiz ein Jahr der beachtlichen Entwicklung und des strategischen Wachstums. Das universit\u00e4re Institut z\u00e4hlt fast 2\u2019400 Studierende, eine Zahl, die noch nie zuvor erreicht wurde. Bei der Diplomfeier am 7. September wurde die Rekordzahl von 403 Diplomen verliehen. Im Bereich der Forschung unterst\u00fctzte der Schweizerische Nationalfonds (SNF) mehrere Projekte in einer H\u00f6he von insgesamt fast 1&#8217;500&#8217;000 Franken. Darunter zum Beispiel auch das Projekt von Sabine Pitteloud, Professorin f\u00fcr Geschichte, die sich mit dem Thema \u00abUnternehmen, Wirtschaftsverb\u00e4nde und Umweltmanagement in Westeuropa nach 1945\u00bb befasst. Das Engagement der FernUni Schweiz f\u00fcr einen innovativen, flexiblen und qualitativ hochwertigen Universit\u00e4tsbetrieb zeigt sich in einer Reihe von Projekten, die das Jahr gepr\u00e4gt haben. \u00abWir entwickeln uns weiter und intensivieren unsere Vernetzung mit Institutionen und Organisationen der nationalen und internationalen akademischen Landschaft. Damit sind wir bereit, uns neuen Herausforderungen zu stellen und unsere Vision einer modernen, exzellenten und vernetzten Universit\u00e4t weiter zu verwirklichen\u00bb, erkl\u00e4rt Professor Nicolas Rothen, Rektor ad interim.<\/p>\n<h3>Hochkar\u00e4tige Mitglieder verst\u00e4rken den Stiftungsrat<\/h3>\n<p>Im Rahmen der Versammlung erfolgte die offizielle Ernennung von drei Pers\u00f6nlichkeiten zum Stiftungsrat, dem obersten Organ der FernUni Schweiz. Prof. Anne-Christine Fornage, Privatrechtlerin und ehemalige Vizerektorin der Universit\u00e4t Lausanne, Prof. Kilian Stoffel, Rektor der Universit\u00e4t Neuch\u00e2tel, sowie Mathias Bellwald, Stadtpr\u00e4sident von Brig-Glis, werden ihre Expertise und ihre Kenntnisse der akademischen und politischen Welt in die Strategie und die Zukunftsvision der FernUni Schweiz einbringen. Stefan Bumann, Pr\u00e4sident des Stiftungsrates, blickt der Zusammenarbeit mit Vorfreude entgegen. \u00abWir freuen uns sehr, diese neuen Mitglieder in unserer Institution willkommen zu heissen und von ihrer Expertise in der Universit\u00e4tsf\u00fchrung sowie von ihren internationalen Netzwerken zu profitieren, um die Entwicklung der zuk\u00fcnftigen Universit\u00e4t Wallis zu st\u00e4rken.\u00bb Der Stiftungsrat dankte an dieser Stelle seinen ehemaligen Mitgliedern Rachel Salzmann und Patrick Amoos, die sich im Juni 2024 bzw. im M\u00e4rz 2025 aus dem Stiftungsrat zur\u00fcckgezogen haben. \u00abPatrick Amoos, der seit 2009 aktiv ist, ist eines unserer \u00e4ltesten Mitglieder. Ich begr\u00fcsse sein langj\u00e4hriges Engagement und die Expertise, die er in unser Institut eingebracht hat\u00bb, betonte Stefan Bumann.<\/p>\n<h3>Zwei renommierte Professorinnen treten dem wissenschaftlichen Beirat bei<\/h3>\n<p>Vom Stiftungsrat im April 2025 gew\u00e4hlt, sind zwei neue Mitglieder in den wissenschaftlichen Beirat eingetreten, der sich als beratendes Organ mit allen Fragen der akademischen Lehre und Forschung befasst. Das Institut profitiert ab sofort von der reichen Erfahrung und der akademischen Expertise der Historikerin Madeleine Herren-Oesch, emeritierte Professorin f\u00fcr Neuere Allgemeine Geschichte und ehemalige Direktorin des Europainstituts der Universit\u00e4t Basel, und der emeritierten Professorin Ruth Kellerhals, ehemalige Inhaberin des Lehrstuhls f\u00fcr Geometrie und Algebra an der Universit\u00e4t Freiburg.<\/p>\n<p><em>Quelle und weitere Informationen: <a href=\"http:\/\/www.fernuni.ch\">www.fernuni.ch<\/a><\/em><\/p>\n","protected":false},"excerpt":{"rendered":"<p>Die Versammlung der Gr\u00fcndungsmitglieder der FernUni Schweiz hat sich am 30. April 2025 auf dem Campus in Brig versammelt. Auf der Tagesordnung standen die Validierung des Jahresberichts 2024 sowie die Erweiterung des Stiftungsrates und des Akademischen Rates. <\/p>\n","protected":false},"author":4,"featured_media":38116,"comment_status":"closed","ping_status":"closed","sticky":false,"template":"","format":"standard","meta":{"_acf_changed":false,"_yoast_wpseo_focuskw":"FernUni Schweiz","_yoast_wpseo_metadesc":"Die Versammlung der Gr\u00fcndungsmitglieder der FernUni Schweiz hat sich am 30. April 2025 auf dem Campus in Brig versammelt.","articlekey":"","footnotes":""},"categories":[30],"tags":[62,192,218,5324],"class_list":["post-38111","post","type-post","status-publish","format-standard","has-post-thumbnail","hentry","category-weiterbildung","tag-aus-weiterbildung","tag-fachhochschulen","tag-forschung","tag-universitaeten"],"acf":[],"yoast_head":"<!-- This site is optimized with the Yoast SEO plugin v27.4 - https:\/\/yoast.com\/product\/yoast-seo-wordpress\/ -->\n<title>FernUni Schweiz blickt auf erfolgreiche Entwicklung zur\u00fcck - Organisator<\/title>\n<meta name=\"description\" content=\"Die Versammlung der Gr\u00fcndungsmitglieder der FernUni Schweiz hat sich am 30. April 2025 auf dem Campus in Brig versammelt.\" \/>\n<meta name=\"robots\" content=\"index, follow, max-snippet:-1, max-image-preview:large, max-video-preview:-1\" \/>\n<link rel=\"canonical\" href=\"https:\/\/www.organisator.ch\/de\/weiterbildung\/2025-05-01\/fernuni-schweiz-blickt-auf-erfolgreiche-entwicklung-zurueck\/\" \/>\n<meta property=\"og:locale\" content=\"de_DE\" \/>\n<meta property=\"og:type\" content=\"article\" \/>\n<meta property=\"og:title\" content=\"FernUni Schweiz blickt auf erfolgreiche Entwicklung zur\u00fcck\" \/>\n<meta property=\"og:description\" content=\"Die Versammlung der Gr\u00fcndungsmitglieder der FernUni Schweiz hat sich am 30. April 2025 auf dem Campus in Brig versammelt.\" \/>\n<meta property=\"og:url\" content=\"https:\/\/www.organisator.ch\/de\/weiterbildung\/2025-05-01\/fernuni-schweiz-blickt-auf-erfolgreiche-entwicklung-zurueck\/\" \/>\n<meta property=\"og:site_name\" content=\"Organisator\" \/>\n<meta property=\"article:publisher\" content=\"https:\/\/www.facebook.com\/OrganisatorFachmagazin\" \/>\n<meta property=\"article:published_time\" content=\"2025-05-01T07:32:18+00:00\" \/>\n<meta property=\"og:image\" content=\"https:\/\/www.organisator.ch\/wp-content\/uploads\/2025\/05\/FernUni-Schweiz-blickt-auf-erfolgreiche-Entwicklung-zurueck_Organisator.jpg\" \/>\n\t<meta property=\"og:image:width\" content=\"680\" \/>\n\t<meta property=\"og:image:height\" content=\"453\" \/>\n\t<meta property=\"og:image:type\" content=\"image\/jpeg\" \/>\n<meta name=\"author\" content=\"thomas.berner\" \/>\n<meta name=\"twitter:card\" content=\"summary_large_image\" \/>\n<meta name=\"twitter:title\" content=\"#FernUni Schweiz blickt auf erfolgreiche #Entwicklung zur\u00fcck\" \/>\n<meta name=\"twitter:description\" content=\"Die Versammlung der Gr\u00fcndungsmitglieder der #FernUni Schweiz hat sich am 30. April 2025 auf dem #Campus in Brig versammelt.\" \/>\n<meta name=\"twitter:image\" content=\"https:\/\/www.organisator.ch\/wp-content\/uploads\/2025\/05\/FernUni-Schweiz-blickt-auf-erfolgreiche-Entwicklung-zurueck_Organisator.jpg\" \/>\n<script type=\"application\/ld+json\" class=\"yoast-schema-graph\">{\"@context\":\"https:\\\/\\\/schema.org\",\"@graph\":[{\"@type\":\"Article\",\"@id\":\"https:\\\/\\\/www.organisator.ch\\\/weiterbildung\\\/2025-05-01\\\/fernuni-schweiz-blickt-auf-erfolgreiche-entwicklung-zurueck\\\/#article\",\"isPartOf\":{\"@id\":\"https:\\\/\\\/www.organisator.ch\\\/weiterbildung\\\/2025-05-01\\\/fernuni-schweiz-blickt-auf-erfolgreiche-entwicklung-zurueck\\\/\"},\"author\":{\"name\":\"thomas.berner\",\"@id\":\"https:\\\/\\\/www.organisator.ch\\\/#\\\/schema\\\/person\\\/6f650f90b2842cd4c0cc334b4e36f67e\"},\"headline\":\"FernUni Schweiz blickt auf erfolgreiche Entwicklung zur\u00fcck\",\"datePublished\":\"2025-05-01T07:32:18+00:00\",\"mainEntityOfPage\":{\"@id\":\"https:\\\/\\\/www.organisator.ch\\\/weiterbildung\\\/2025-05-01\\\/fernuni-schweiz-blickt-auf-erfolgreiche-entwicklung-zurueck\\\/\"},\"wordCount\":515,\"publisher\":{\"@id\":\"https:\\\/\\\/www.organisator.ch\\\/#organization\"},\"image\":{\"@id\":\"https:\\\/\\\/www.organisator.ch\\\/weiterbildung\\\/2025-05-01\\\/fernuni-schweiz-blickt-auf-erfolgreiche-entwicklung-zurueck\\\/#primaryimage\"},\"thumbnailUrl\":\"https:\\\/\\\/www.organisator.ch\\\/wp-content\\\/uploads\\\/2025\\\/05\\\/FernUni-Schweiz-blickt-auf-erfolgreiche-Entwicklung-zurueck_Organisator.jpg\",\"keywords\":[\"Aus-\\\/Weiterbildung\",\"Fachhochschulen\",\"Forschung\",\"Universit\u00e4ten\"],\"articleSection\":[\"WEITERBILDUNG\"],\"inLanguage\":\"de\"},{\"@type\":\"WebPage\",\"@id\":\"https:\\\/\\\/www.organisator.ch\\\/weiterbildung\\\/2025-05-01\\\/fernuni-schweiz-blickt-auf-erfolgreiche-entwicklung-zurueck\\\/\",\"url\":\"https:\\\/\\\/www.organisator.ch\\\/weiterbildung\\\/2025-05-01\\\/fernuni-schweiz-blickt-auf-erfolgreiche-entwicklung-zurueck\\\/\",\"name\":\"FernUni Schweiz blickt auf erfolgreiche Entwicklung zur\u00fcck - Organisator\",\"isPartOf\":{\"@id\":\"https:\\\/\\\/www.organisator.ch\\\/#website\"},\"primaryImageOfPage\":{\"@id\":\"https:\\\/\\\/www.organisator.ch\\\/weiterbildung\\\/2025-05-01\\\/fernuni-schweiz-blickt-auf-erfolgreiche-entwicklung-zurueck\\\/#primaryimage\"},\"image\":{\"@id\":\"https:\\\/\\\/www.organisator.ch\\\/weiterbildung\\\/2025-05-01\\\/fernuni-schweiz-blickt-auf-erfolgreiche-entwicklung-zurueck\\\/#primaryimage\"},\"thumbnailUrl\":\"https:\\\/\\\/www.organisator.ch\\\/wp-content\\\/uploads\\\/2025\\\/05\\\/FernUni-Schweiz-blickt-auf-erfolgreiche-Entwicklung-zurueck_Organisator.jpg\",\"datePublished\":\"2025-05-01T07:32:18+00:00\",\"description\":\"Die Versammlung der Gr\u00fcndungsmitglieder der FernUni Schweiz hat sich am 30. April 2025 auf dem Campus in Brig versammelt.\",\"breadcrumb\":{\"@id\":\"https:\\\/\\\/www.organisator.ch\\\/weiterbildung\\\/2025-05-01\\\/fernuni-schweiz-blickt-auf-erfolgreiche-entwicklung-zurueck\\\/#breadcrumb\"},\"inLanguage\":\"de\",\"potentialAction\":[{\"@type\":\"ReadAction\",\"target\":[\"https:\\\/\\\/www.organisator.ch\\\/weiterbildung\\\/2025-05-01\\\/fernuni-schweiz-blickt-auf-erfolgreiche-entwicklung-zurueck\\\/\"]}]},{\"@type\":\"ImageObject\",\"inLanguage\":\"de\",\"@id\":\"https:\\\/\\\/www.organisator.ch\\\/weiterbildung\\\/2025-05-01\\\/fernuni-schweiz-blickt-auf-erfolgreiche-entwicklung-zurueck\\\/#primaryimage\",\"url\":\"https:\\\/\\\/www.organisator.ch\\\/wp-content\\\/uploads\\\/2025\\\/05\\\/FernUni-Schweiz-blickt-auf-erfolgreiche-Entwicklung-zurueck_Organisator.jpg\",\"contentUrl\":\"https:\\\/\\\/www.organisator.ch\\\/wp-content\\\/uploads\\\/2025\\\/05\\\/FernUni-Schweiz-blickt-auf-erfolgreiche-Entwicklung-zurueck_Organisator.jpg\",\"width\":680,\"height\":453,\"caption\":\"Die Fernuni Schweiz hat wichtige Meilensteine erreicht, Stiftungsrat und Wissenschaftlicher Beirat gest\u00e4rkt: Die FernUni Schweiz ist stolz auf ihre Erfolge\"},{\"@type\":\"BreadcrumbList\",\"@id\":\"https:\\\/\\\/www.organisator.ch\\\/weiterbildung\\\/2025-05-01\\\/fernuni-schweiz-blickt-auf-erfolgreiche-entwicklung-zurueck\\\/#breadcrumb\",\"itemListElement\":[{\"@type\":\"ListItem\",\"position\":1,\"name\":\"Home\",\"item\":\"https:\\\/\\\/www.organisator.ch\\\/\"},{\"@type\":\"ListItem\",\"position\":2,\"name\":\"FernUni Schweiz blickt auf erfolgreiche Entwicklung zur\u00fcck\"}]},{\"@type\":\"WebSite\",\"@id\":\"https:\\\/\\\/www.organisator.ch\\\/#website\",\"url\":\"https:\\\/\\\/www.organisator.ch\\\/\",\"name\":\"Organisator\",\"description\":\"Kompetent. Praxisnah. Der ORGANISATOR bereitet in 10 Ausgaben pro Jahr die wesentlichen Themen f\u00fcr F\u00fchrungskr\u00e4fte von KMU auf.\",\"publisher\":{\"@id\":\"https:\\\/\\\/www.organisator.ch\\\/#organization\"},\"potentialAction\":[{\"@type\":\"SearchAction\",\"target\":{\"@type\":\"EntryPoint\",\"urlTemplate\":\"https:\\\/\\\/www.organisator.ch\\\/?s={search_term_string}\"},\"query-input\":{\"@type\":\"PropertyValueSpecification\",\"valueRequired\":true,\"valueName\":\"search_term_string\"}}],\"inLanguage\":\"de\"},{\"@type\":\"Organization\",\"@id\":\"https:\\\/\\\/www.organisator.ch\\\/#organization\",\"name\":\"Organisator\",\"url\":\"https:\\\/\\\/www.organisator.ch\\\/\",\"logo\":{\"@type\":\"ImageObject\",\"inLanguage\":\"de\",\"@id\":\"https:\\\/\\\/www.organisator.ch\\\/#\\\/schema\\\/logo\\\/image\\\/\",\"url\":\"https:\\\/\\\/www.organisator.ch\\\/wp-content\\\/uploads\\\/2022\\\/01\\\/Logo_Organisator_Website.png\",\"contentUrl\":\"https:\\\/\\\/www.organisator.ch\\\/wp-content\\\/uploads\\\/2022\\\/01\\\/Logo_Organisator_Website.png\",\"width\":800,\"height\":77,\"caption\":\"Organisator\"},\"image\":{\"@id\":\"https:\\\/\\\/www.organisator.ch\\\/#\\\/schema\\\/logo\\\/image\\\/\"},\"sameAs\":[\"https:\\\/\\\/www.facebook.com\\\/OrganisatorFachmagazin\",\"https:\\\/\\\/www.linkedin.com\\\/showcase\\\/organisator-das-magazin-fr-kmu\",\"https:\\\/\\\/www.xing.com\\\/news\\\/pages\\\/organisator-ch-695\",\"https:\\\/\\\/www.youtube.com\\\/channel\\\/UCGP2Sq0iWaZwT3BdIAQFYpw\"]},{\"@type\":\"Person\",\"@id\":\"https:\\\/\\\/www.organisator.ch\\\/#\\\/schema\\\/person\\\/6f650f90b2842cd4c0cc334b4e36f67e\",\"name\":\"thomas.berner\",\"image\":{\"@type\":\"ImageObject\",\"inLanguage\":\"de\",\"@id\":\"https:\\\/\\\/secure.gravatar.com\\\/avatar\\\/ac5001d2a36cb6c6cd3e50789007ffca834b477b74a2144564522e944eabff61?s=96&d=mm&r=g\",\"url\":\"https:\\\/\\\/secure.gravatar.com\\\/avatar\\\/ac5001d2a36cb6c6cd3e50789007ffca834b477b74a2144564522e944eabff61?s=96&d=mm&r=g\",\"contentUrl\":\"https:\\\/\\\/secure.gravatar.com\\\/avatar\\\/ac5001d2a36cb6c6cd3e50789007ffca834b477b74a2144564522e944eabff61?s=96&d=mm&r=g\",\"caption\":\"thomas.berner\"},\"url\":\"https:\\\/\\\/www.organisator.ch\\\/de\\\/author\\\/thomas-berner\\\/\"}]}<\/script>\n<!-- \/ Yoast SEO plugin. -->","yoast_head_json":{"title":"FernUni Schweiz blickt auf erfolgreiche Entwicklung zur\u00fcck - Organisator","description":"Die Versammlung der Gr\u00fcndungsmitglieder der FernUni Schweiz hat sich am 30. April 2025 auf dem Campus in Brig versammelt.","robots":{"index":"index","follow":"follow","max-snippet":"max-snippet:-1","max-image-preview":"max-image-preview:large","max-video-preview":"max-video-preview:-1"},"canonical":"https:\/\/www.organisator.ch\/de\/weiterbildung\/2025-05-01\/fernuni-schweiz-blickt-auf-erfolgreiche-entwicklung-zurueck\/","og_locale":"de_DE","og_type":"article","og_title":"FernUni Schweiz blickt auf erfolgreiche Entwicklung zur\u00fcck","og_description":"Die Versammlung der Gr\u00fcndungsmitglieder der FernUni Schweiz hat sich am 30. April 2025 auf dem Campus in Brig versammelt.","og_url":"https:\/\/www.organisator.ch\/de\/weiterbildung\/2025-05-01\/fernuni-schweiz-blickt-auf-erfolgreiche-entwicklung-zurueck\/","og_site_name":"Organisator","article_publisher":"https:\/\/www.facebook.com\/OrganisatorFachmagazin","article_published_time":"2025-05-01T07:32:18+00:00","og_image":[{"width":680,"height":453,"url":"https:\/\/www.organisator.ch\/wp-content\/uploads\/2025\/05\/FernUni-Schweiz-blickt-auf-erfolgreiche-Entwicklung-zurueck_Organisator.jpg","type":"image\/jpeg"}],"author":"thomas.berner","twitter_card":"summary_large_image","twitter_title":"#FernUni Schweiz blickt auf erfolgreiche #Entwicklung zur\u00fcck","twitter_description":"Die Versammlung der Gr\u00fcndungsmitglieder der #FernUni Schweiz hat sich am 30. April 2025 auf dem #Campus in Brig versammelt.","twitter_image":"https:\/\/www.organisator.ch\/wp-content\/uploads\/2025\/05\/FernUni-Schweiz-blickt-auf-erfolgreiche-Entwicklung-zurueck_Organisator.jpg","schema":{"@context":"https:\/\/schema.org","@graph":[{"@type":"Article","@id":"https:\/\/www.organisator.ch\/weiterbildung\/2025-05-01\/fernuni-schweiz-blickt-auf-erfolgreiche-entwicklung-zurueck\/#article","isPartOf":{"@id":"https:\/\/www.organisator.ch\/weiterbildung\/2025-05-01\/fernuni-schweiz-blickt-auf-erfolgreiche-entwicklung-zurueck\/"},"author":{"name":"thomas.berner","@id":"https:\/\/www.organisator.ch\/#\/schema\/person\/6f650f90b2842cd4c0cc334b4e36f67e"},"headline":"FernUni Schweiz blickt auf erfolgreiche Entwicklung zur\u00fcck","datePublished":"2025-05-01T07:32:18+00:00","mainEntityOfPage":{"@id":"https:\/\/www.organisator.ch\/weiterbildung\/2025-05-01\/fernuni-schweiz-blickt-auf-erfolgreiche-entwicklung-zurueck\/"},"wordCount":515,"publisher":{"@id":"https:\/\/www.organisator.ch\/#organization"},"image":{"@id":"https:\/\/www.organisator.ch\/weiterbildung\/2025-05-01\/fernuni-schweiz-blickt-auf-erfolgreiche-entwicklung-zurueck\/#primaryimage"},"thumbnailUrl":"https:\/\/www.organisator.ch\/wp-content\/uploads\/2025\/05\/FernUni-Schweiz-blickt-auf-erfolgreiche-Entwicklung-zurueck_Organisator.jpg","keywords":["Aus-\/Weiterbildung","Fachhochschulen","Forschung","Universit\u00e4ten"],"articleSection":["WEITERBILDUNG"],"inLanguage":"de"},{"@type":"WebPage","@id":"https:\/\/www.organisator.ch\/weiterbildung\/2025-05-01\/fernuni-schweiz-blickt-auf-erfolgreiche-entwicklung-zurueck\/","url":"https:\/\/www.organisator.ch\/weiterbildung\/2025-05-01\/fernuni-schweiz-blickt-auf-erfolgreiche-entwicklung-zurueck\/","name":"FernUni Schweiz blickt auf erfolgreiche Entwicklung zur\u00fcck - Organisator","isPartOf":{"@id":"https:\/\/www.organisator.ch\/#website"},"primaryImageOfPage":{"@id":"https:\/\/www.organisator.ch\/weiterbildung\/2025-05-01\/fernuni-schweiz-blickt-auf-erfolgreiche-entwicklung-zurueck\/#primaryimage"},"image":{"@id":"https:\/\/www.organisator.ch\/weiterbildung\/2025-05-01\/fernuni-schweiz-blickt-auf-erfolgreiche-entwicklung-zurueck\/#primaryimage"},"thumbnailUrl":"https:\/\/www.organisator.ch\/wp-content\/uploads\/2025\/05\/FernUni-Schweiz-blickt-auf-erfolgreiche-Entwicklung-zurueck_Organisator.jpg","datePublished":"2025-05-01T07:32:18+00:00","description":"Die Versammlung der Gr\u00fcndungsmitglieder der FernUni Schweiz hat sich am 30. April 2025 auf dem Campus in Brig versammelt.","breadcrumb":{"@id":"https:\/\/www.organisator.ch\/weiterbildung\/2025-05-01\/fernuni-schweiz-blickt-auf-erfolgreiche-entwicklung-zurueck\/#breadcrumb"},"inLanguage":"de","potentialAction":[{"@type":"ReadAction","target":["https:\/\/www.organisator.ch\/weiterbildung\/2025-05-01\/fernuni-schweiz-blickt-auf-erfolgreiche-entwicklung-zurueck\/"]}]},{"@type":"ImageObject","inLanguage":"de","@id":"https:\/\/www.organisator.ch\/weiterbildung\/2025-05-01\/fernuni-schweiz-blickt-auf-erfolgreiche-entwicklung-zurueck\/#primaryimage","url":"https:\/\/www.organisator.ch\/wp-content\/uploads\/2025\/05\/FernUni-Schweiz-blickt-auf-erfolgreiche-Entwicklung-zurueck_Organisator.jpg","contentUrl":"https:\/\/www.organisator.ch\/wp-content\/uploads\/2025\/05\/FernUni-Schweiz-blickt-auf-erfolgreiche-Entwicklung-zurueck_Organisator.jpg","width":680,"height":453,"caption":"Die Fernuni Schweiz hat wichtige Meilensteine erreicht, Stiftungsrat und Wissenschaftlicher Beirat gest\u00e4rkt: Die FernUni Schweiz ist stolz auf ihre Erfolge"},{"@type":"BreadcrumbList","@id":"https:\/\/www.organisator.ch\/weiterbildung\/2025-05-01\/fernuni-schweiz-blickt-auf-erfolgreiche-entwicklung-zurueck\/#breadcrumb","itemListElement":[{"@type":"ListItem","position":1,"name":"Home","item":"https:\/\/www.organisator.ch\/"},{"@type":"ListItem","position":2,"name":"FernUni Schweiz blickt auf erfolgreiche Entwicklung zur\u00fcck"}]},{"@type":"WebSite","@id":"https:\/\/www.organisator.ch\/#website","url":"https:\/\/www.organisator.ch\/","name":"Organisator","description":"Kompetent. Praxisnah. Der ORGANISATOR bereitet in 10 Ausgaben pro Jahr die wesentlichen Themen f\u00fcr F\u00fchrungskr\u00e4fte von KMU auf.","publisher":{"@id":"https:\/\/www.organisator.ch\/#organization"},"potentialAction":[{"@type":"SearchAction","target":{"@type":"EntryPoint","urlTemplate":"https:\/\/www.organisator.ch\/?s={search_term_string}"},"query-input":{"@type":"PropertyValueSpecification","valueRequired":true,"valueName":"search_term_string"}}],"inLanguage":"de"},{"@type":"Organization","@id":"https:\/\/www.organisator.ch\/#organization","name":"Organisator","url":"https:\/\/www.organisator.ch\/","logo":{"@type":"ImageObject","inLanguage":"de","@id":"https:\/\/www.organisator.ch\/#\/schema\/logo\/image\/","url":"https:\/\/www.organisator.ch\/wp-content\/uploads\/2022\/01\/Logo_Organisator_Website.png","contentUrl":"https:\/\/www.organisator.ch\/wp-content\/uploads\/2022\/01\/Logo_Organisator_Website.png","width":800,"height":77,"caption":"Organisator"},"image":{"@id":"https:\/\/www.organisator.ch\/#\/schema\/logo\/image\/"},"sameAs":["https:\/\/www.facebook.com\/OrganisatorFachmagazin","https:\/\/www.linkedin.com\/showcase\/organisator-das-magazin-fr-kmu","https:\/\/www.xing.com\/news\/pages\/organisator-ch-695","https:\/\/www.youtube.com\/channel\/UCGP2Sq0iWaZwT3BdIAQFYpw"]},{"@type":"Person","@id":"https:\/\/www.organisator.ch\/#\/schema\/person\/6f650f90b2842cd4c0cc334b4e36f67e","name":"thomas.berner","image":{"@type":"ImageObject","inLanguage":"de","@id":"https:\/\/secure.gravatar.com\/avatar\/ac5001d2a36cb6c6cd3e50789007ffca834b477b74a2144564522e944eabff61?s=96&d=mm&r=g","url":"https:\/\/secure.gravatar.com\/avatar\/ac5001d2a36cb6c6cd3e50789007ffca834b477b74a2144564522e944eabff61?s=96&d=mm&r=g","contentUrl":"https:\/\/secure.gravatar.com\/avatar\/ac5001d2a36cb6c6cd3e50789007ffca834b477b74a2144564522e944eabff61?s=96&d=mm&r=g","caption":"thomas.berner"},"url":"https:\/\/www.organisator.ch\/de\/author\/thomas-berner\/"}]}},"_links":{"self":[{"href":"https:\/\/www.organisator.ch\/de\/wp-json\/wp\/v2\/posts\/38111","targetHints":{"allow":["GET"]}}],"collection":[{"href":"https:\/\/www.organisator.ch\/de\/wp-json\/wp\/v2\/posts"}],"about":[{"href":"https:\/\/www.organisator.ch\/de\/wp-json\/wp\/v2\/types\/post"}],"author":[{"embeddable":true,"href":"https:\/\/www.organisator.ch\/de\/wp-json\/wp\/v2\/users\/4"}],"replies":[{"embeddable":true,"href":"https:\/\/www.organisator.ch\/de\/wp-json\/wp\/v2\/comments?post=38111"}],"version-history":[{"count":4,"href":"https:\/\/www.organisator.ch\/de\/wp-json\/wp\/v2\/posts\/38111\/revisions"}],"predecessor-version":[{"id":38172,"href":"https:\/\/www.organisator.ch\/de\/wp-json\/wp\/v2\/posts\/38111\/revisions\/38172"}],"wp:featuredmedia":[{"embeddable":true,"href":"https:\/\/www.organisator.ch\/de\/wp-json\/wp\/v2\/media\/38116"}],"wp:attachment":[{"href":"https:\/\/www.organisator.ch\/de\/wp-json\/wp\/v2\/media?parent=38111"}],"wp:term":[{"taxonomy":"category","embeddable":true,"href":"https:\/\/www.organisator.ch\/de\/wp-json\/wp\/v2\/categories?post=38111"},{"taxonomy":"post_tag","embeddable":true,"href":"https:\/\/www.organisator.ch\/de\/wp-json\/wp\/v2\/tags?post=38111"}],"curies":[{"name":"wp","href":"https:\/\/api.w.org\/{rel}","templated":true}]}}