{"id":38141,"date":"2025-05-02T13:30:04","date_gmt":"2025-05-02T11:30:04","guid":{"rendered":"https:\/\/www.markt-kom.com\/?p=234050"},"modified":"2025-05-05T08:11:32","modified_gmt":"2025-05-05T06:11:32","slug":"martin-buerki-wird-neuer-comcom-praesident","status":"publish","type":"post","link":"https:\/\/www.organisator.ch\/de\/marketing\/2025-05-02\/martin-buerki-wird-neuer-comcom-praesident\/","title":{"rendered":"Martin B\u00fcrki wird neuer Comcom-Pr\u00e4sident"},"content":{"rendered":"<figure id=\"attachment_234051\" class=\"wp-caption aligncenter\" style=\"width: 720px;\" aria-describedby=\"caption-attachment-234051\"><a href=\"https:\/\/www.markt-kom.com\/wp-content\/uploads\/2025\/05\/martin-buerki-comcom.jpg\"><img class=\"size-full wp-image-234051\" src=\"https:\/\/www.markt-kom.com\/wp-content\/uploads\/2025\/05\/martin-buerki-comcom.jpg\" sizes=\"(max-width: 720px) 100vw, 720px\" srcset=\"https:\/\/www.markt-kom.com\/wp-content\/uploads\/2025\/05\/martin-buerki-comcom.jpg 720w, https:\/\/www.markt-kom.com\/wp-content\/uploads\/2025\/05\/martin-buerki-comcom-600x450.jpg 600w, https:\/\/www.markt-kom.com\/wp-content\/uploads\/2025\/05\/martin-buerki-comcom-16x12.jpg 16w, https:\/\/www.markt-kom.com\/wp-content\/uploads\/2025\/05\/martin-buerki-comcom-233x175.jpg 233w, https:\/\/www.markt-kom.com\/wp-content\/uploads\/2025\/05\/martin-buerki-comcom-467x350.jpg 467w\" alt=\"\" width=\"720\" height=\"540\" \/><\/a>\r\n<figcaption id=\"caption-attachment-234051\" class=\"wp-caption-text\">(Bild: zVg.)<\/figcaption>\r\n<\/figure>\r\n<p>Der Bundesrat hat am Mittwoch Martin B\u00fcrki zum neuen Pr\u00e4sidenten der Eidgen\u00f6ssischen Kommunikationskommission Comcom gew\u00e4hlt. Er tritt die Nachfolge von Christian Martin an, der seit 2018 Mitglied der Kommission war und sie seit 2024 leitete, wie der Bund mitteilt.<\/p>\r\n<p>B\u00fcrki studierte an der Universit\u00e4t Bern Sportwissenschaften und Geschichte und erwarb einen Executive MBA an der Berner Fachhochschule, wie es weiter heisst. Er ist seit mehr als 17 Jahren in der Schweizer Telekommunikationsbranche t\u00e4tig und leitete w\u00e4hrend den vergangenen 14 Jahren Ericsson Switzerland.<\/p>\r\n<p>B\u00fcrki verf\u00fcge damit \u00fcber eine langj\u00e4hrige F\u00fchrungspraxis mit vertieften Branchenkenntnissen sowie einem fundierten Verst\u00e4ndnis f\u00fcr technologische Entwicklungen und die Herausforderungen des Fernmeldemarktes. Der 57-J\u00e4hrige soll die Funktion als Comcom-Pr\u00e4sident per 1. August 2025 \u00fcbernehmen.<\/p>\r\n<p>Die Comcom ist als unabh\u00e4ngige Konzessions- und Regulierungsbeh\u00f6rde im Fernmeldebereich insbesondere verantwortlich f\u00fcr die Erteilung von Grundversorgungs- und Funkkonzessionen. Aktuell befasst sie sich unter anderem mit der Vorbereitung der Neuvergabe der Mobilfunkkonzessionen ab 2029, wie es weiter heisst.<\/p>\r\n<p>Der\u00a0bisherige Pr\u00e4sident Christian Martin\u00a0habe seine Funktion als Pr\u00e4sident der Comcom Ende M\u00e4rz 2025 niedergelegt. \u00abDer Bundesrat dankt ihm f\u00fcr die geleisteten Dienste\u00bb, heisst es weiter. <em>(Marc Landis\/NetzKI Bot\/jor)<\/em><\/p>\r\n<p><em><a href=\"https:\/\/www.netzwoche.ch\/news\/2025-04-30\/martin-buerki-wird-neuer-comcom-praesident\">Dieser Artikel erschien zuerst in der Netzwoche.<\/a><\/em><\/p>","protected":false},"excerpt":{"rendered":"<p>Der Bundesrat hat Martin B\u00fcrki zum neuen Pr\u00e4sidenten der Eidgen\u00f6ssischen Kommunikationskommission ernannt. Der bisherige Ericsson-Switzerland-Leiter bringt 17 Jahre Erfahrung aus der Telekommunikationsbranche mit und \u00fcbernimmt das Amt am 1. August 2025.<\/p>\n","protected":false},"author":8,"featured_media":0,"comment_status":"closed","ping_status":"closed","sticky":false,"template":"","format":"standard","meta":{"_acf_changed":false,"_yoast_wpseo_focuskw":"Martin B\u00fcrki","_yoast_wpseo_metadesc":"Der Bundesrat hat Martin B\u00fcrki zum neuen Pr\u00e4sidenten der Eidgen\u00f6ssischen Kommunikationskommission (Comcom) ernannt.","articlekey":"","footnotes":""},"categories":[29],"tags":[5329,2853,4343,381],"class_list":["post-38141","post","type-post","status-publish","format-standard","hentry","category-marketing","tag-comcom","tag-jobchange","tag-markom","tag-personalia"],"acf":[],"yoast_head":"<!-- This site is optimized with the Yoast SEO plugin v27.4 - https:\/\/yoast.com\/product\/yoast-seo-wordpress\/ -->\n<title>Martin B\u00fcrki wird neuer Comcom-Pr\u00e4sident - Organisator<\/title>\n<meta name=\"description\" content=\"Der Bundesrat hat Martin B\u00fcrki zum neuen Pr\u00e4sidenten der Eidgen\u00f6ssischen Kommunikationskommission (Comcom) ernannt.\" \/>\n<meta name=\"robots\" content=\"index, follow, max-snippet:-1, max-image-preview:large, max-video-preview:-1\" \/>\n<link rel=\"canonical\" href=\"https:\/\/www.organisator.ch\/de\/marketing\/2025-05-02\/martin-buerki-wird-neuer-comcom-praesident\/\" \/>\n<meta property=\"og:locale\" content=\"de_DE\" \/>\n<meta property=\"og:type\" content=\"article\" \/>\n<meta property=\"og:title\" content=\"Martin B\u00fcrki wird neuer Comcom-Pr\u00e4sident - Organisator\" \/>\n<meta property=\"og:description\" content=\"Der Bundesrat hat Martin B\u00fcrki zum neuen Pr\u00e4sidenten der Eidgen\u00f6ssischen Kommunikationskommission (Comcom) ernannt.\" \/>\n<meta property=\"og:url\" content=\"https:\/\/www.organisator.ch\/de\/marketing\/2025-05-02\/martin-buerki-wird-neuer-comcom-praesident\/\" \/>\n<meta property=\"og:site_name\" content=\"Organisator\" \/>\n<meta property=\"article:publisher\" content=\"https:\/\/www.facebook.com\/OrganisatorFachmagazin\" \/>\n<meta property=\"article:published_time\" content=\"2025-05-02T11:30:04+00:00\" \/>\n<meta property=\"article:modified_time\" content=\"2025-05-05T06:11:32+00:00\" \/>\n<meta name=\"author\" content=\"galledia\" \/>\n<meta name=\"twitter:card\" content=\"summary_large_image\" \/>\n<meta name=\"twitter:creator\" content=\"@admin\" \/>\n<script type=\"application\/ld+json\" class=\"yoast-schema-graph\">{\"@context\":\"https:\\\/\\\/schema.org\",\"@graph\":[{\"@type\":\"Article\",\"@id\":\"https:\\\/\\\/www.organisator.ch\\\/marketing\\\/2025-05-02\\\/martin-buerki-wird-neuer-comcom-praesident\\\/#article\",\"isPartOf\":{\"@id\":\"https:\\\/\\\/www.organisator.ch\\\/marketing\\\/2025-05-02\\\/martin-buerki-wird-neuer-comcom-praesident\\\/\"},\"author\":{\"name\":\"galledia\",\"@id\":\"https:\\\/\\\/www.organisator.ch\\\/#\\\/schema\\\/person\\\/4e51799071cd2dd1232ac003643ef5f0\"},\"headline\":\"Martin B\u00fcrki wird neuer Comcom-Pr\u00e4sident\",\"datePublished\":\"2025-05-02T11:30:04+00:00\",\"dateModified\":\"2025-05-05T06:11:32+00:00\",\"mainEntityOfPage\":{\"@id\":\"https:\\\/\\\/www.organisator.ch\\\/marketing\\\/2025-05-02\\\/martin-buerki-wird-neuer-comcom-praesident\\\/\"},\"wordCount\":217,\"publisher\":{\"@id\":\"https:\\\/\\\/www.organisator.ch\\\/#organization\"},\"image\":{\"@id\":\"https:\\\/\\\/www.organisator.ch\\\/marketing\\\/2025-05-02\\\/martin-buerki-wird-neuer-comcom-praesident\\\/#primaryimage\"},\"thumbnailUrl\":\"https:\\\/\\\/www.markt-kom.com\\\/wp-content\\\/uploads\\\/2025\\\/05\\\/martin-buerki-comcom.jpg\",\"keywords\":[\"Comcom\",\"Jobchange\",\"MarKom\",\"Personalia\"],\"articleSection\":[\"MARKETING\"],\"inLanguage\":\"de\"},{\"@type\":\"WebPage\",\"@id\":\"https:\\\/\\\/www.organisator.ch\\\/marketing\\\/2025-05-02\\\/martin-buerki-wird-neuer-comcom-praesident\\\/\",\"url\":\"https:\\\/\\\/www.organisator.ch\\\/marketing\\\/2025-05-02\\\/martin-buerki-wird-neuer-comcom-praesident\\\/\",\"name\":\"Martin B\u00fcrki wird neuer Comcom-Pr\u00e4sident - Organisator\",\"isPartOf\":{\"@id\":\"https:\\\/\\\/www.organisator.ch\\\/#website\"},\"primaryImageOfPage\":{\"@id\":\"https:\\\/\\\/www.organisator.ch\\\/marketing\\\/2025-05-02\\\/martin-buerki-wird-neuer-comcom-praesident\\\/#primaryimage\"},\"image\":{\"@id\":\"https:\\\/\\\/www.organisator.ch\\\/marketing\\\/2025-05-02\\\/martin-buerki-wird-neuer-comcom-praesident\\\/#primaryimage\"},\"thumbnailUrl\":\"https:\\\/\\\/www.markt-kom.com\\\/wp-content\\\/uploads\\\/2025\\\/05\\\/martin-buerki-comcom.jpg\",\"datePublished\":\"2025-05-02T11:30:04+00:00\",\"dateModified\":\"2025-05-05T06:11:32+00:00\",\"description\":\"Der Bundesrat hat Martin B\u00fcrki zum neuen Pr\u00e4sidenten der Eidgen\u00f6ssischen Kommunikationskommission (Comcom) ernannt.\",\"breadcrumb\":{\"@id\":\"https:\\\/\\\/www.organisator.ch\\\/marketing\\\/2025-05-02\\\/martin-buerki-wird-neuer-comcom-praesident\\\/#breadcrumb\"},\"inLanguage\":\"de\",\"potentialAction\":[{\"@type\":\"ReadAction\",\"target\":[\"https:\\\/\\\/www.organisator.ch\\\/marketing\\\/2025-05-02\\\/martin-buerki-wird-neuer-comcom-praesident\\\/\"]}]},{\"@type\":\"ImageObject\",\"inLanguage\":\"de\",\"@id\":\"https:\\\/\\\/www.organisator.ch\\\/marketing\\\/2025-05-02\\\/martin-buerki-wird-neuer-comcom-praesident\\\/#primaryimage\",\"url\":\"https:\\\/\\\/www.markt-kom.com\\\/wp-content\\\/uploads\\\/2025\\\/05\\\/martin-buerki-comcom.jpg\",\"contentUrl\":\"https:\\\/\\\/www.markt-kom.com\\\/wp-content\\\/uploads\\\/2025\\\/05\\\/martin-buerki-comcom.jpg\"},{\"@type\":\"BreadcrumbList\",\"@id\":\"https:\\\/\\\/www.organisator.ch\\\/marketing\\\/2025-05-02\\\/martin-buerki-wird-neuer-comcom-praesident\\\/#breadcrumb\",\"itemListElement\":[{\"@type\":\"ListItem\",\"position\":1,\"name\":\"Home\",\"item\":\"https:\\\/\\\/www.organisator.ch\\\/\"},{\"@type\":\"ListItem\",\"position\":2,\"name\":\"Martin B\u00fcrki wird neuer Comcom-Pr\u00e4sident\"}]},{\"@type\":\"WebSite\",\"@id\":\"https:\\\/\\\/www.organisator.ch\\\/#website\",\"url\":\"https:\\\/\\\/www.organisator.ch\\\/\",\"name\":\"Organisator\",\"description\":\"Kompetent. Praxisnah. Der ORGANISATOR bereitet in 10 Ausgaben pro Jahr die wesentlichen Themen f\u00fcr F\u00fchrungskr\u00e4fte von KMU auf.\",\"publisher\":{\"@id\":\"https:\\\/\\\/www.organisator.ch\\\/#organization\"},\"potentialAction\":[{\"@type\":\"SearchAction\",\"target\":{\"@type\":\"EntryPoint\",\"urlTemplate\":\"https:\\\/\\\/www.organisator.ch\\\/?s={search_term_string}\"},\"query-input\":{\"@type\":\"PropertyValueSpecification\",\"valueRequired\":true,\"valueName\":\"search_term_string\"}}],\"inLanguage\":\"de\"},{\"@type\":\"Organization\",\"@id\":\"https:\\\/\\\/www.organisator.ch\\\/#organization\",\"name\":\"Organisator\",\"url\":\"https:\\\/\\\/www.organisator.ch\\\/\",\"logo\":{\"@type\":\"ImageObject\",\"inLanguage\":\"de\",\"@id\":\"https:\\\/\\\/www.organisator.ch\\\/#\\\/schema\\\/logo\\\/image\\\/\",\"url\":\"https:\\\/\\\/www.organisator.ch\\\/wp-content\\\/uploads\\\/2022\\\/01\\\/Logo_Organisator_Website.png\",\"contentUrl\":\"https:\\\/\\\/www.organisator.ch\\\/wp-content\\\/uploads\\\/2022\\\/01\\\/Logo_Organisator_Website.png\",\"width\":800,\"height\":77,\"caption\":\"Organisator\"},\"image\":{\"@id\":\"https:\\\/\\\/www.organisator.ch\\\/#\\\/schema\\\/logo\\\/image\\\/\"},\"sameAs\":[\"https:\\\/\\\/www.facebook.com\\\/OrganisatorFachmagazin\",\"https:\\\/\\\/www.linkedin.com\\\/showcase\\\/organisator-das-magazin-fr-kmu\",\"https:\\\/\\\/www.xing.com\\\/news\\\/pages\\\/organisator-ch-695\",\"https:\\\/\\\/www.youtube.com\\\/channel\\\/UCGP2Sq0iWaZwT3BdIAQFYpw\"]},{\"@type\":\"Person\",\"@id\":\"https:\\\/\\\/www.organisator.ch\\\/#\\\/schema\\\/person\\\/4e51799071cd2dd1232ac003643ef5f0\",\"name\":\"galledia\",\"image\":{\"@type\":\"ImageObject\",\"inLanguage\":\"de\",\"@id\":\"https:\\\/\\\/secure.gravatar.com\\\/avatar\\\/78a7f90c01fc2bfc875782a0d4922b37cde2cf184ce347b91316d23cd7f69a36?s=96&d=mm&r=g\",\"url\":\"https:\\\/\\\/secure.gravatar.com\\\/avatar\\\/78a7f90c01fc2bfc875782a0d4922b37cde2cf184ce347b91316d23cd7f69a36?s=96&d=mm&r=g\",\"contentUrl\":\"https:\\\/\\\/secure.gravatar.com\\\/avatar\\\/78a7f90c01fc2bfc875782a0d4922b37cde2cf184ce347b91316d23cd7f69a36?s=96&d=mm&r=g\",\"caption\":\"galledia\"},\"sameAs\":[\"https:\\\/\\\/x.com\\\/admin\"],\"url\":\"https:\\\/\\\/www.organisator.ch\\\/de\\\/author\\\/galledia\\\/\"}]}<\/script>\n<!-- \/ Yoast SEO plugin. -->","yoast_head_json":{"title":"Martin B\u00fcrki wird neuer Comcom-Pr\u00e4sident - Organisator","description":"Der Bundesrat hat Martin B\u00fcrki zum neuen Pr\u00e4sidenten der Eidgen\u00f6ssischen Kommunikationskommission (Comcom) ernannt.","robots":{"index":"index","follow":"follow","max-snippet":"max-snippet:-1","max-image-preview":"max-image-preview:large","max-video-preview":"max-video-preview:-1"},"canonical":"https:\/\/www.organisator.ch\/de\/marketing\/2025-05-02\/martin-buerki-wird-neuer-comcom-praesident\/","og_locale":"de_DE","og_type":"article","og_title":"Martin B\u00fcrki wird neuer Comcom-Pr\u00e4sident - Organisator","og_description":"Der Bundesrat hat Martin B\u00fcrki zum neuen Pr\u00e4sidenten der Eidgen\u00f6ssischen Kommunikationskommission (Comcom) ernannt.","og_url":"https:\/\/www.organisator.ch\/de\/marketing\/2025-05-02\/martin-buerki-wird-neuer-comcom-praesident\/","og_site_name":"Organisator","article_publisher":"https:\/\/www.facebook.com\/OrganisatorFachmagazin","article_published_time":"2025-05-02T11:30:04+00:00","article_modified_time":"2025-05-05T06:11:32+00:00","author":"galledia","twitter_card":"summary_large_image","twitter_creator":"@admin","schema":{"@context":"https:\/\/schema.org","@graph":[{"@type":"Article","@id":"https:\/\/www.organisator.ch\/marketing\/2025-05-02\/martin-buerki-wird-neuer-comcom-praesident\/#article","isPartOf":{"@id":"https:\/\/www.organisator.ch\/marketing\/2025-05-02\/martin-buerki-wird-neuer-comcom-praesident\/"},"author":{"name":"galledia","@id":"https:\/\/www.organisator.ch\/#\/schema\/person\/4e51799071cd2dd1232ac003643ef5f0"},"headline":"Martin B\u00fcrki wird neuer Comcom-Pr\u00e4sident","datePublished":"2025-05-02T11:30:04+00:00","dateModified":"2025-05-05T06:11:32+00:00","mainEntityOfPage":{"@id":"https:\/\/www.organisator.ch\/marketing\/2025-05-02\/martin-buerki-wird-neuer-comcom-praesident\/"},"wordCount":217,"publisher":{"@id":"https:\/\/www.organisator.ch\/#organization"},"image":{"@id":"https:\/\/www.organisator.ch\/marketing\/2025-05-02\/martin-buerki-wird-neuer-comcom-praesident\/#primaryimage"},"thumbnailUrl":"https:\/\/www.markt-kom.com\/wp-content\/uploads\/2025\/05\/martin-buerki-comcom.jpg","keywords":["Comcom","Jobchange","MarKom","Personalia"],"articleSection":["MARKETING"],"inLanguage":"de"},{"@type":"WebPage","@id":"https:\/\/www.organisator.ch\/marketing\/2025-05-02\/martin-buerki-wird-neuer-comcom-praesident\/","url":"https:\/\/www.organisator.ch\/marketing\/2025-05-02\/martin-buerki-wird-neuer-comcom-praesident\/","name":"Martin B\u00fcrki wird neuer Comcom-Pr\u00e4sident - Organisator","isPartOf":{"@id":"https:\/\/www.organisator.ch\/#website"},"primaryImageOfPage":{"@id":"https:\/\/www.organisator.ch\/marketing\/2025-05-02\/martin-buerki-wird-neuer-comcom-praesident\/#primaryimage"},"image":{"@id":"https:\/\/www.organisator.ch\/marketing\/2025-05-02\/martin-buerki-wird-neuer-comcom-praesident\/#primaryimage"},"thumbnailUrl":"https:\/\/www.markt-kom.com\/wp-content\/uploads\/2025\/05\/martin-buerki-comcom.jpg","datePublished":"2025-05-02T11:30:04+00:00","dateModified":"2025-05-05T06:11:32+00:00","description":"Der Bundesrat hat Martin B\u00fcrki zum neuen Pr\u00e4sidenten der Eidgen\u00f6ssischen Kommunikationskommission (Comcom) ernannt.","breadcrumb":{"@id":"https:\/\/www.organisator.ch\/marketing\/2025-05-02\/martin-buerki-wird-neuer-comcom-praesident\/#breadcrumb"},"inLanguage":"de","potentialAction":[{"@type":"ReadAction","target":["https:\/\/www.organisator.ch\/marketing\/2025-05-02\/martin-buerki-wird-neuer-comcom-praesident\/"]}]},{"@type":"ImageObject","inLanguage":"de","@id":"https:\/\/www.organisator.ch\/marketing\/2025-05-02\/martin-buerki-wird-neuer-comcom-praesident\/#primaryimage","url":"https:\/\/www.markt-kom.com\/wp-content\/uploads\/2025\/05\/martin-buerki-comcom.jpg","contentUrl":"https:\/\/www.markt-kom.com\/wp-content\/uploads\/2025\/05\/martin-buerki-comcom.jpg"},{"@type":"BreadcrumbList","@id":"https:\/\/www.organisator.ch\/marketing\/2025-05-02\/martin-buerki-wird-neuer-comcom-praesident\/#breadcrumb","itemListElement":[{"@type":"ListItem","position":1,"name":"Home","item":"https:\/\/www.organisator.ch\/"},{"@type":"ListItem","position":2,"name":"Martin B\u00fcrki wird neuer Comcom-Pr\u00e4sident"}]},{"@type":"WebSite","@id":"https:\/\/www.organisator.ch\/#website","url":"https:\/\/www.organisator.ch\/","name":"Organisator","description":"Kompetent. Praxisnah. Der ORGANISATOR bereitet in 10 Ausgaben pro Jahr die wesentlichen Themen f\u00fcr F\u00fchrungskr\u00e4fte von KMU auf.","publisher":{"@id":"https:\/\/www.organisator.ch\/#organization"},"potentialAction":[{"@type":"SearchAction","target":{"@type":"EntryPoint","urlTemplate":"https:\/\/www.organisator.ch\/?s={search_term_string}"},"query-input":{"@type":"PropertyValueSpecification","valueRequired":true,"valueName":"search_term_string"}}],"inLanguage":"de"},{"@type":"Organization","@id":"https:\/\/www.organisator.ch\/#organization","name":"Organisator","url":"https:\/\/www.organisator.ch\/","logo":{"@type":"ImageObject","inLanguage":"de","@id":"https:\/\/www.organisator.ch\/#\/schema\/logo\/image\/","url":"https:\/\/www.organisator.ch\/wp-content\/uploads\/2022\/01\/Logo_Organisator_Website.png","contentUrl":"https:\/\/www.organisator.ch\/wp-content\/uploads\/2022\/01\/Logo_Organisator_Website.png","width":800,"height":77,"caption":"Organisator"},"image":{"@id":"https:\/\/www.organisator.ch\/#\/schema\/logo\/image\/"},"sameAs":["https:\/\/www.facebook.com\/OrganisatorFachmagazin","https:\/\/www.linkedin.com\/showcase\/organisator-das-magazin-fr-kmu","https:\/\/www.xing.com\/news\/pages\/organisator-ch-695","https:\/\/www.youtube.com\/channel\/UCGP2Sq0iWaZwT3BdIAQFYpw"]},{"@type":"Person","@id":"https:\/\/www.organisator.ch\/#\/schema\/person\/4e51799071cd2dd1232ac003643ef5f0","name":"galledia","image":{"@type":"ImageObject","inLanguage":"de","@id":"https:\/\/secure.gravatar.com\/avatar\/78a7f90c01fc2bfc875782a0d4922b37cde2cf184ce347b91316d23cd7f69a36?s=96&d=mm&r=g","url":"https:\/\/secure.gravatar.com\/avatar\/78a7f90c01fc2bfc875782a0d4922b37cde2cf184ce347b91316d23cd7f69a36?s=96&d=mm&r=g","contentUrl":"https:\/\/secure.gravatar.com\/avatar\/78a7f90c01fc2bfc875782a0d4922b37cde2cf184ce347b91316d23cd7f69a36?s=96&d=mm&r=g","caption":"galledia"},"sameAs":["https:\/\/x.com\/admin"],"url":"https:\/\/www.organisator.ch\/de\/author\/galledia\/"}]}},"_links":{"self":[{"href":"https:\/\/www.organisator.ch\/de\/wp-json\/wp\/v2\/posts\/38141","targetHints":{"allow":["GET"]}}],"collection":[{"href":"https:\/\/www.organisator.ch\/de\/wp-json\/wp\/v2\/posts"}],"about":[{"href":"https:\/\/www.organisator.ch\/de\/wp-json\/wp\/v2\/types\/post"}],"author":[{"embeddable":true,"href":"https:\/\/www.organisator.ch\/de\/wp-json\/wp\/v2\/users\/8"}],"replies":[{"embeddable":true,"href":"https:\/\/www.organisator.ch\/de\/wp-json\/wp\/v2\/comments?post=38141"}],"version-history":[{"count":4,"href":"https:\/\/www.organisator.ch\/de\/wp-json\/wp\/v2\/posts\/38141\/revisions"}],"predecessor-version":[{"id":38147,"href":"https:\/\/www.organisator.ch\/de\/wp-json\/wp\/v2\/posts\/38141\/revisions\/38147"}],"wp:attachment":[{"href":"https:\/\/www.organisator.ch\/de\/wp-json\/wp\/v2\/media?parent=38141"}],"wp:term":[{"taxonomy":"category","embeddable":true,"href":"https:\/\/www.organisator.ch\/de\/wp-json\/wp\/v2\/categories?post=38141"},{"taxonomy":"post_tag","embeddable":true,"href":"https:\/\/www.organisator.ch\/de\/wp-json\/wp\/v2\/tags?post=38141"}],"curies":[{"name":"wp","href":"https:\/\/api.w.org\/{rel}","templated":true}]}}