{"id":38160,"date":"2025-05-05T11:39:59","date_gmt":"2025-05-05T09:39:59","guid":{"rendered":"https:\/\/www.organisator.ch\/?p=38160"},"modified":"2025-05-05T11:39:59","modified_gmt":"2025-05-05T09:39:59","slug":"fachverband-procure-ch-hat-neuen-geschaeftssitz-eroeffnet","status":"publish","type":"post","link":"https:\/\/www.organisator.ch\/de\/management\/2025-05-05\/fachverband-procure-ch-hat-neuen-geschaeftssitz-eroeffnet\/","title":{"rendered":"Fachverband procure.ch hat neuen Gesch\u00e4ftssitz er\u00f6ffnet"},"content":{"rendered":"<figure id=\"attachment_38161\" aria-describedby=\"caption-attachment-38161\" style=\"width: 680px\" class=\"wp-caption alignnone\"><img loading=\"lazy\" decoding=\"async\" class=\"size-full wp-image-38161\" src=\"https:\/\/www.organisator.ch\/wp-content\/uploads\/2025\/05\/Fachverband-procure.ch-hat-neuen-Geschaeftssitz-eroeffnet_Organisator.jpg\" alt=\"\" width=\"680\" height=\"486\" srcset=\"https:\/\/www.organisator.ch\/wp-content\/uploads\/2025\/05\/Fachverband-procure.ch-hat-neuen-Geschaeftssitz-eroeffnet_Organisator.jpg 680w, https:\/\/www.organisator.ch\/wp-content\/uploads\/2025\/05\/Fachverband-procure.ch-hat-neuen-Geschaeftssitz-eroeffnet_Organisator-18x12.jpg 18w, https:\/\/www.organisator.ch\/wp-content\/uploads\/2025\/05\/Fachverband-procure.ch-hat-neuen-Geschaeftssitz-eroeffnet_Organisator-375x268.jpg 375w, https:\/\/www.organisator.ch\/wp-content\/uploads\/2025\/05\/Fachverband-procure.ch-hat-neuen-Geschaeftssitz-eroeffnet_Organisator-490x350.jpg 490w\" sizes=\"auto, (max-width: 680px) 100vw, 680px\" \/><figcaption id=\"caption-attachment-38161\" class=\"wp-caption-text\">Gesch\u00e4ftsf\u00fchrer Andreas Kyburz begr\u00fcsst Besucherinnen und Besucher zur Er\u00f6ffnung des neuen Gesch\u00e4ftssitzes von procure.ch. (Bild: zVg \/ procure.ch)<\/figcaption><\/figure>\n<p>Mit seinem neuen, modernen Standort in Aarau schafft procure.ch, der Fachverband f\u00fcr Einkauf und Supply Management, eine offene Begegnungs- und Arbeitsplattform f\u00fcr seine Mitglieder und st\u00e4rkt gleichzeitig seine regionale Pr\u00e4senz. Andreas Kyburz, Gesch\u00e4ftsf\u00fchrer von procure.ch, begr\u00fcsste die G\u00e4ste und f\u00fchrte die Besucherinnen und Besucher durch die neuen R\u00e4umlichkeiten. Adrian Jungo, scheidender Pr\u00e4sident, betonte in seiner Ansprache die Bedeutung eines offenen, zug\u00e4nglichen Ortes f\u00fcr die Mitglieder: \u00abEs war mein Herzenswunsch, einen Ort zu schaffen, an dem man sich gerne trifft \u2013 zum Lernen, Austauschen und Vernetzen.\u00bb Andi Bertaggia, neu gew\u00e4hlter Pr\u00e4sident, unterstrich die strategische Ausrichtung: \u00abZukunft braucht Herkunft \u2013 wir bleiben in Aarau, treten aber mit einem modernen, nach aussen gerichteten Erscheinungsbild auf. Unsere neue Gesch\u00e4ftsstelle steht f\u00fcr Begegnung, Innovation und Identit\u00e4t.\u00bb<\/p>\n<h3>Fokus auf das Bildungsangebot<\/h3>\n<p>Die Mitarbeitenden der Gesch\u00e4ftsstelle gaben den Besucherinnen und Besuchern spannende Einblicke in ihre T\u00e4tigkeiten: Im Bereich Bildung wurden nicht nur die Organisation der Lehrg\u00e4nge und Seminare erl\u00e4utert, sondern auch die modern ausgestatteten Schulungsr\u00e4ume gezeigt \u2013 inklusive Demonstration der technischen Infrastruktur, die auch Hybrid-Unterricht erm\u00f6glicht. Der Bereich Pr\u00fcfungen informierte \u00fcber die Durchf\u00fchrung der eidgen\u00f6ssischen Berufs- und h\u00f6heren Fachpr\u00fcfungen. Zudem vermittelte er einen vertieften Einblick in die enge Zusammenarbeit mit der Pr\u00fcfungskommission \u2013 insbesondere im Hinblick auf die Validierung von Pr\u00fcfungsinhalten sowie die aufw\u00e4ndigen Vorbereitungen der schriftlichen und m\u00fcndlichen Pr\u00fcfungssets. Im Bereich Verband stand der Austausch mit der Community im Mittelpunkt: Hier erhielten die G\u00e4ste einen ersten exklusiven Einblick in das neue Verbandsmagazin, das aktuell in Entwicklung ist, sowie Informationen zu den bevorstehenden Tagungen und Netzwerkanl\u00e4ssen.<\/p>\n<h3>Offener Treffpunkt f\u00fcr Verbands-Community<\/h3>\n<p>Mit attraktiven Arbeitspl\u00e4tzen, buchbaren Sitzungszimmern und der M\u00f6glichkeit, Veranstaltungen vor Ort oder hybrid durchzuf\u00fchren, positioniert sich der Verband als offener Treffpunkt f\u00fcr die Einkaufs- und Beschaffungscommunity. K\u00fcnftig sollen vermehrt eigene Anl\u00e4sse am Standort durchgef\u00fchrt werden \u2013 ohne die dezentrale Pr\u00e4senz in den Regionen zu vernachl\u00e4ssigen. Ab Sommer 2025 wird das Geb\u00e4ude zudem energetisch modernisiert (u.\u202fa. Fenster, Fassade, Photovoltaik). Die neue Gesch\u00e4ftsstelle ist nur zehn Gehminuten vom Bahnhof Aarau entfernt und ein klares Bekenntnis zur Zukunft und Weiterentwicklung des Verbands.<\/p>\n<p>An der Generalversammlung vom 28. bis 30. April 2025 wurde Andi Bertaggia neu zum Pr\u00e4sidenten von procure.ch gew\u00e4hlt. Er folgt auf Adrian Jungo, der nach \u00fcber zehn Jahren im Amt aufgrund der statutarischen Dienstzeitbegrenzung zur\u00fccktritt.<\/p>\n<p><em>Quelle und weitere Informationen: <a href=\"https:\/\/www.procure.ch\/\">www.procure.ch<\/a><\/em><\/p>\n","protected":false},"excerpt":{"rendered":"<p>Am 1. Mai 2025 feierte der Fachverband f\u00fcr Einkauf und Supply Management procure.ch gemeinsam mit nahezu 100 G\u00e4sten die offizielle Er\u00f6ffnung seiner neuen Gesch\u00e4ftsstelle in Aarau. <\/p>\n","protected":false},"author":4,"featured_media":38161,"comment_status":"closed","ping_status":"closed","sticky":false,"template":"","format":"standard","meta":{"_acf_changed":false,"_yoast_wpseo_focuskw":"procure.ch","_yoast_wpseo_metadesc":"Am 1. Mai 2025 feierte der Fachverband f\u00fcr Einkauf und Supply Management procure.ch die offizielle Er\u00f6ffnung seiner neuen Gesch\u00e4ftsstelle.","articlekey":"","footnotes":""},"categories":[28],"tags":[335,462,503],"class_list":["post-38160","post","type-post","status-publish","format-standard","has-post-thumbnail","hentry","category-management","tag-management-und-unternehmensfuehrung","tag-supply-chain-management","tag-verbaende"],"acf":[],"yoast_head":"<!-- This site is optimized with the Yoast SEO plugin v27.5 - https:\/\/yoast.com\/product\/yoast-seo-wordpress\/ -->\n<title>Fachverband procure.ch hat neuen Gesch\u00e4ftssitz er\u00f6ffnet - Organisator<\/title>\n<meta name=\"description\" content=\"Am 1. Mai 2025 feierte der Fachverband f\u00fcr Einkauf und Supply Management procure.ch die offizielle Er\u00f6ffnung seiner neuen Gesch\u00e4ftsstelle.\" \/>\n<meta name=\"robots\" content=\"index, follow, max-snippet:-1, max-image-preview:large, max-video-preview:-1\" \/>\n<link rel=\"canonical\" href=\"https:\/\/www.organisator.ch\/de\/management\/2025-05-05\/fachverband-procure-ch-hat-neuen-geschaeftssitz-eroeffnet\/\" \/>\n<meta property=\"og:locale\" content=\"de_DE\" \/>\n<meta property=\"og:type\" content=\"article\" \/>\n<meta property=\"og:title\" content=\"Fachverband procure.ch hat neuen Gesch\u00e4ftssitz er\u00f6ffnet\" \/>\n<meta property=\"og:description\" content=\"Am 1. Mai 2025 feierte der Fachverband f\u00fcr Einkauf und Supply Management procure.ch die offizielle Er\u00f6ffnung seiner neuen Gesch\u00e4ftsstelle.\" \/>\n<meta property=\"og:url\" content=\"https:\/\/www.organisator.ch\/de\/management\/2025-05-05\/fachverband-procure-ch-hat-neuen-geschaeftssitz-eroeffnet\/\" \/>\n<meta property=\"og:site_name\" content=\"Organisator\" \/>\n<meta property=\"article:publisher\" content=\"https:\/\/www.facebook.com\/OrganisatorFachmagazin\" \/>\n<meta property=\"article:published_time\" content=\"2025-05-05T09:39:59+00:00\" \/>\n<meta property=\"og:image\" content=\"https:\/\/www.organisator.ch\/wp-content\/uploads\/2025\/05\/Fachverband-procure.ch-hat-neuen-Geschaeftssitz-eroeffnet_Organisator.jpg\" \/>\n\t<meta property=\"og:image:width\" content=\"680\" \/>\n\t<meta property=\"og:image:height\" content=\"486\" \/>\n\t<meta property=\"og:image:type\" content=\"image\/jpeg\" \/>\n<meta name=\"author\" content=\"thomas.berner\" \/>\n<meta name=\"twitter:card\" content=\"summary_large_image\" \/>\n<meta name=\"twitter:title\" content=\"Fachverband #procure.ch hat neuen #Gesch\u00e4ftssitz er\u00f6ffnet\" \/>\n<meta name=\"twitter:description\" content=\"Am 1. Mai 2025 feierte der Fachverband f\u00fcr Einkauf und Supply Management #procure.ch die offizielle Er\u00f6ffnung seiner neuen Gesch\u00e4ftsstelle.\" \/>\n<meta name=\"twitter:image\" content=\"https:\/\/www.organisator.ch\/wp-content\/uploads\/2025\/05\/Fachverband-procure.ch-hat-neuen-Geschaeftssitz-eroeffnet_Organisator.jpg\" \/>\n<script type=\"application\/ld+json\" class=\"yoast-schema-graph\">{\"@context\":\"https:\\\/\\\/schema.org\",\"@graph\":[{\"@type\":\"Article\",\"@id\":\"https:\\\/\\\/www.organisator.ch\\\/management\\\/2025-05-05\\\/fachverband-procure-ch-hat-neuen-geschaeftssitz-eroeffnet\\\/#article\",\"isPartOf\":{\"@id\":\"https:\\\/\\\/www.organisator.ch\\\/management\\\/2025-05-05\\\/fachverband-procure-ch-hat-neuen-geschaeftssitz-eroeffnet\\\/\"},\"author\":{\"name\":\"thomas.berner\",\"@id\":\"https:\\\/\\\/www.organisator.ch\\\/#\\\/schema\\\/person\\\/6f650f90b2842cd4c0cc334b4e36f67e\"},\"headline\":\"Fachverband procure.ch hat neuen Gesch\u00e4ftssitz er\u00f6ffnet\",\"datePublished\":\"2025-05-05T09:39:59+00:00\",\"mainEntityOfPage\":{\"@id\":\"https:\\\/\\\/www.organisator.ch\\\/management\\\/2025-05-05\\\/fachverband-procure-ch-hat-neuen-geschaeftssitz-eroeffnet\\\/\"},\"wordCount\":460,\"publisher\":{\"@id\":\"https:\\\/\\\/www.organisator.ch\\\/#organization\"},\"image\":{\"@id\":\"https:\\\/\\\/www.organisator.ch\\\/management\\\/2025-05-05\\\/fachverband-procure-ch-hat-neuen-geschaeftssitz-eroeffnet\\\/#primaryimage\"},\"thumbnailUrl\":\"https:\\\/\\\/www.organisator.ch\\\/wp-content\\\/uploads\\\/2025\\\/05\\\/Fachverband-procure.ch-hat-neuen-Geschaeftssitz-eroeffnet_Organisator.jpg\",\"keywords\":[\"Management und Unternehmensf\u00fchrung\",\"Supply Chain Management\",\"Verb\u00e4nde\"],\"articleSection\":[\"MANAGEMENT\"],\"inLanguage\":\"de\"},{\"@type\":\"WebPage\",\"@id\":\"https:\\\/\\\/www.organisator.ch\\\/management\\\/2025-05-05\\\/fachverband-procure-ch-hat-neuen-geschaeftssitz-eroeffnet\\\/\",\"url\":\"https:\\\/\\\/www.organisator.ch\\\/management\\\/2025-05-05\\\/fachverband-procure-ch-hat-neuen-geschaeftssitz-eroeffnet\\\/\",\"name\":\"Fachverband procure.ch hat neuen Gesch\u00e4ftssitz er\u00f6ffnet - Organisator\",\"isPartOf\":{\"@id\":\"https:\\\/\\\/www.organisator.ch\\\/#website\"},\"primaryImageOfPage\":{\"@id\":\"https:\\\/\\\/www.organisator.ch\\\/management\\\/2025-05-05\\\/fachverband-procure-ch-hat-neuen-geschaeftssitz-eroeffnet\\\/#primaryimage\"},\"image\":{\"@id\":\"https:\\\/\\\/www.organisator.ch\\\/management\\\/2025-05-05\\\/fachverband-procure-ch-hat-neuen-geschaeftssitz-eroeffnet\\\/#primaryimage\"},\"thumbnailUrl\":\"https:\\\/\\\/www.organisator.ch\\\/wp-content\\\/uploads\\\/2025\\\/05\\\/Fachverband-procure.ch-hat-neuen-Geschaeftssitz-eroeffnet_Organisator.jpg\",\"datePublished\":\"2025-05-05T09:39:59+00:00\",\"description\":\"Am 1. Mai 2025 feierte der Fachverband f\u00fcr Einkauf und Supply Management procure.ch die offizielle Er\u00f6ffnung seiner neuen Gesch\u00e4ftsstelle.\",\"breadcrumb\":{\"@id\":\"https:\\\/\\\/www.organisator.ch\\\/management\\\/2025-05-05\\\/fachverband-procure-ch-hat-neuen-geschaeftssitz-eroeffnet\\\/#breadcrumb\"},\"inLanguage\":\"de\",\"potentialAction\":[{\"@type\":\"ReadAction\",\"target\":[\"https:\\\/\\\/www.organisator.ch\\\/management\\\/2025-05-05\\\/fachverband-procure-ch-hat-neuen-geschaeftssitz-eroeffnet\\\/\"]}]},{\"@type\":\"ImageObject\",\"inLanguage\":\"de\",\"@id\":\"https:\\\/\\\/www.organisator.ch\\\/management\\\/2025-05-05\\\/fachverband-procure-ch-hat-neuen-geschaeftssitz-eroeffnet\\\/#primaryimage\",\"url\":\"https:\\\/\\\/www.organisator.ch\\\/wp-content\\\/uploads\\\/2025\\\/05\\\/Fachverband-procure.ch-hat-neuen-Geschaeftssitz-eroeffnet_Organisator.jpg\",\"contentUrl\":\"https:\\\/\\\/www.organisator.ch\\\/wp-content\\\/uploads\\\/2025\\\/05\\\/Fachverband-procure.ch-hat-neuen-Geschaeftssitz-eroeffnet_Organisator.jpg\",\"width\":680,\"height\":486,\"caption\":\"Gesch\u00e4ftsf\u00fchrer Andreas Kyburz begr\u00fcsst Besucherinnen und Besucher zur Er\u00f6ffnung des neuen Gesch\u00e4ftssitzes von procure.ch. (Bild: zVg \\\/ procure.ch)\"},{\"@type\":\"BreadcrumbList\",\"@id\":\"https:\\\/\\\/www.organisator.ch\\\/management\\\/2025-05-05\\\/fachverband-procure-ch-hat-neuen-geschaeftssitz-eroeffnet\\\/#breadcrumb\",\"itemListElement\":[{\"@type\":\"ListItem\",\"position\":1,\"name\":\"Home\",\"item\":\"https:\\\/\\\/www.organisator.ch\\\/\"},{\"@type\":\"ListItem\",\"position\":2,\"name\":\"Fachverband procure.ch hat neuen Gesch\u00e4ftssitz er\u00f6ffnet\"}]},{\"@type\":\"WebSite\",\"@id\":\"https:\\\/\\\/www.organisator.ch\\\/#website\",\"url\":\"https:\\\/\\\/www.organisator.ch\\\/\",\"name\":\"Organisator\",\"description\":\"Kompetent. Praxisnah. Der ORGANISATOR bereitet in 10 Ausgaben pro Jahr die wesentlichen Themen f\u00fcr F\u00fchrungskr\u00e4fte von KMU auf.\",\"publisher\":{\"@id\":\"https:\\\/\\\/www.organisator.ch\\\/#organization\"},\"potentialAction\":[{\"@type\":\"SearchAction\",\"target\":{\"@type\":\"EntryPoint\",\"urlTemplate\":\"https:\\\/\\\/www.organisator.ch\\\/?s={search_term_string}\"},\"query-input\":{\"@type\":\"PropertyValueSpecification\",\"valueRequired\":true,\"valueName\":\"search_term_string\"}}],\"inLanguage\":\"de\"},{\"@type\":\"Organization\",\"@id\":\"https:\\\/\\\/www.organisator.ch\\\/#organization\",\"name\":\"Organisator\",\"url\":\"https:\\\/\\\/www.organisator.ch\\\/\",\"logo\":{\"@type\":\"ImageObject\",\"inLanguage\":\"de\",\"@id\":\"https:\\\/\\\/www.organisator.ch\\\/#\\\/schema\\\/logo\\\/image\\\/\",\"url\":\"https:\\\/\\\/www.organisator.ch\\\/wp-content\\\/uploads\\\/2022\\\/01\\\/Logo_Organisator_Website.png\",\"contentUrl\":\"https:\\\/\\\/www.organisator.ch\\\/wp-content\\\/uploads\\\/2022\\\/01\\\/Logo_Organisator_Website.png\",\"width\":800,\"height\":77,\"caption\":\"Organisator\"},\"image\":{\"@id\":\"https:\\\/\\\/www.organisator.ch\\\/#\\\/schema\\\/logo\\\/image\\\/\"},\"sameAs\":[\"https:\\\/\\\/www.facebook.com\\\/OrganisatorFachmagazin\",\"https:\\\/\\\/www.linkedin.com\\\/showcase\\\/organisator-das-magazin-fr-kmu\",\"https:\\\/\\\/www.xing.com\\\/news\\\/pages\\\/organisator-ch-695\",\"https:\\\/\\\/www.youtube.com\\\/channel\\\/UCGP2Sq0iWaZwT3BdIAQFYpw\"]},{\"@type\":\"Person\",\"@id\":\"https:\\\/\\\/www.organisator.ch\\\/#\\\/schema\\\/person\\\/6f650f90b2842cd4c0cc334b4e36f67e\",\"name\":\"thomas.berner\",\"image\":{\"@type\":\"ImageObject\",\"inLanguage\":\"de\",\"@id\":\"https:\\\/\\\/secure.gravatar.com\\\/avatar\\\/ac5001d2a36cb6c6cd3e50789007ffca834b477b74a2144564522e944eabff61?s=96&d=mm&r=g\",\"url\":\"https:\\\/\\\/secure.gravatar.com\\\/avatar\\\/ac5001d2a36cb6c6cd3e50789007ffca834b477b74a2144564522e944eabff61?s=96&d=mm&r=g\",\"contentUrl\":\"https:\\\/\\\/secure.gravatar.com\\\/avatar\\\/ac5001d2a36cb6c6cd3e50789007ffca834b477b74a2144564522e944eabff61?s=96&d=mm&r=g\",\"caption\":\"thomas.berner\"},\"url\":\"https:\\\/\\\/www.organisator.ch\\\/de\\\/author\\\/thomas-berner\\\/\"}]}<\/script>\n<!-- \/ Yoast SEO plugin. -->","yoast_head_json":{"title":"Fachverband procure.ch hat neuen Gesch\u00e4ftssitz er\u00f6ffnet - Organisator","description":"Am 1. Mai 2025 feierte der Fachverband f\u00fcr Einkauf und Supply Management procure.ch die offizielle Er\u00f6ffnung seiner neuen Gesch\u00e4ftsstelle.","robots":{"index":"index","follow":"follow","max-snippet":"max-snippet:-1","max-image-preview":"max-image-preview:large","max-video-preview":"max-video-preview:-1"},"canonical":"https:\/\/www.organisator.ch\/de\/management\/2025-05-05\/fachverband-procure-ch-hat-neuen-geschaeftssitz-eroeffnet\/","og_locale":"de_DE","og_type":"article","og_title":"Fachverband procure.ch hat neuen Gesch\u00e4ftssitz er\u00f6ffnet","og_description":"Am 1. Mai 2025 feierte der Fachverband f\u00fcr Einkauf und Supply Management procure.ch die offizielle Er\u00f6ffnung seiner neuen Gesch\u00e4ftsstelle.","og_url":"https:\/\/www.organisator.ch\/de\/management\/2025-05-05\/fachverband-procure-ch-hat-neuen-geschaeftssitz-eroeffnet\/","og_site_name":"Organisator","article_publisher":"https:\/\/www.facebook.com\/OrganisatorFachmagazin","article_published_time":"2025-05-05T09:39:59+00:00","og_image":[{"width":680,"height":486,"url":"https:\/\/www.organisator.ch\/wp-content\/uploads\/2025\/05\/Fachverband-procure.ch-hat-neuen-Geschaeftssitz-eroeffnet_Organisator.jpg","type":"image\/jpeg"}],"author":"thomas.berner","twitter_card":"summary_large_image","twitter_title":"Fachverband #procure.ch hat neuen #Gesch\u00e4ftssitz er\u00f6ffnet","twitter_description":"Am 1. Mai 2025 feierte der Fachverband f\u00fcr Einkauf und Supply Management #procure.ch die offizielle Er\u00f6ffnung seiner neuen Gesch\u00e4ftsstelle.","twitter_image":"https:\/\/www.organisator.ch\/wp-content\/uploads\/2025\/05\/Fachverband-procure.ch-hat-neuen-Geschaeftssitz-eroeffnet_Organisator.jpg","schema":{"@context":"https:\/\/schema.org","@graph":[{"@type":"Article","@id":"https:\/\/www.organisator.ch\/management\/2025-05-05\/fachverband-procure-ch-hat-neuen-geschaeftssitz-eroeffnet\/#article","isPartOf":{"@id":"https:\/\/www.organisator.ch\/management\/2025-05-05\/fachverband-procure-ch-hat-neuen-geschaeftssitz-eroeffnet\/"},"author":{"name":"thomas.berner","@id":"https:\/\/www.organisator.ch\/#\/schema\/person\/6f650f90b2842cd4c0cc334b4e36f67e"},"headline":"Fachverband procure.ch hat neuen Gesch\u00e4ftssitz er\u00f6ffnet","datePublished":"2025-05-05T09:39:59+00:00","mainEntityOfPage":{"@id":"https:\/\/www.organisator.ch\/management\/2025-05-05\/fachverband-procure-ch-hat-neuen-geschaeftssitz-eroeffnet\/"},"wordCount":460,"publisher":{"@id":"https:\/\/www.organisator.ch\/#organization"},"image":{"@id":"https:\/\/www.organisator.ch\/management\/2025-05-05\/fachverband-procure-ch-hat-neuen-geschaeftssitz-eroeffnet\/#primaryimage"},"thumbnailUrl":"https:\/\/www.organisator.ch\/wp-content\/uploads\/2025\/05\/Fachverband-procure.ch-hat-neuen-Geschaeftssitz-eroeffnet_Organisator.jpg","keywords":["Management und Unternehmensf\u00fchrung","Supply Chain Management","Verb\u00e4nde"],"articleSection":["MANAGEMENT"],"inLanguage":"de"},{"@type":"WebPage","@id":"https:\/\/www.organisator.ch\/management\/2025-05-05\/fachverband-procure-ch-hat-neuen-geschaeftssitz-eroeffnet\/","url":"https:\/\/www.organisator.ch\/management\/2025-05-05\/fachverband-procure-ch-hat-neuen-geschaeftssitz-eroeffnet\/","name":"Fachverband procure.ch hat neuen Gesch\u00e4ftssitz er\u00f6ffnet - Organisator","isPartOf":{"@id":"https:\/\/www.organisator.ch\/#website"},"primaryImageOfPage":{"@id":"https:\/\/www.organisator.ch\/management\/2025-05-05\/fachverband-procure-ch-hat-neuen-geschaeftssitz-eroeffnet\/#primaryimage"},"image":{"@id":"https:\/\/www.organisator.ch\/management\/2025-05-05\/fachverband-procure-ch-hat-neuen-geschaeftssitz-eroeffnet\/#primaryimage"},"thumbnailUrl":"https:\/\/www.organisator.ch\/wp-content\/uploads\/2025\/05\/Fachverband-procure.ch-hat-neuen-Geschaeftssitz-eroeffnet_Organisator.jpg","datePublished":"2025-05-05T09:39:59+00:00","description":"Am 1. Mai 2025 feierte der Fachverband f\u00fcr Einkauf und Supply Management procure.ch die offizielle Er\u00f6ffnung seiner neuen Gesch\u00e4ftsstelle.","breadcrumb":{"@id":"https:\/\/www.organisator.ch\/management\/2025-05-05\/fachverband-procure-ch-hat-neuen-geschaeftssitz-eroeffnet\/#breadcrumb"},"inLanguage":"de","potentialAction":[{"@type":"ReadAction","target":["https:\/\/www.organisator.ch\/management\/2025-05-05\/fachverband-procure-ch-hat-neuen-geschaeftssitz-eroeffnet\/"]}]},{"@type":"ImageObject","inLanguage":"de","@id":"https:\/\/www.organisator.ch\/management\/2025-05-05\/fachverband-procure-ch-hat-neuen-geschaeftssitz-eroeffnet\/#primaryimage","url":"https:\/\/www.organisator.ch\/wp-content\/uploads\/2025\/05\/Fachverband-procure.ch-hat-neuen-Geschaeftssitz-eroeffnet_Organisator.jpg","contentUrl":"https:\/\/www.organisator.ch\/wp-content\/uploads\/2025\/05\/Fachverband-procure.ch-hat-neuen-Geschaeftssitz-eroeffnet_Organisator.jpg","width":680,"height":486,"caption":"Gesch\u00e4ftsf\u00fchrer Andreas Kyburz begr\u00fcsst Besucherinnen und Besucher zur Er\u00f6ffnung des neuen Gesch\u00e4ftssitzes von procure.ch. (Bild: zVg \/ procure.ch)"},{"@type":"BreadcrumbList","@id":"https:\/\/www.organisator.ch\/management\/2025-05-05\/fachverband-procure-ch-hat-neuen-geschaeftssitz-eroeffnet\/#breadcrumb","itemListElement":[{"@type":"ListItem","position":1,"name":"Home","item":"https:\/\/www.organisator.ch\/"},{"@type":"ListItem","position":2,"name":"Fachverband procure.ch hat neuen Gesch\u00e4ftssitz er\u00f6ffnet"}]},{"@type":"WebSite","@id":"https:\/\/www.organisator.ch\/#website","url":"https:\/\/www.organisator.ch\/","name":"Organisator","description":"Kompetent. Praxisnah. Der ORGANISATOR bereitet in 10 Ausgaben pro Jahr die wesentlichen Themen f\u00fcr F\u00fchrungskr\u00e4fte von KMU auf.","publisher":{"@id":"https:\/\/www.organisator.ch\/#organization"},"potentialAction":[{"@type":"SearchAction","target":{"@type":"EntryPoint","urlTemplate":"https:\/\/www.organisator.ch\/?s={search_term_string}"},"query-input":{"@type":"PropertyValueSpecification","valueRequired":true,"valueName":"search_term_string"}}],"inLanguage":"de"},{"@type":"Organization","@id":"https:\/\/www.organisator.ch\/#organization","name":"Organisator","url":"https:\/\/www.organisator.ch\/","logo":{"@type":"ImageObject","inLanguage":"de","@id":"https:\/\/www.organisator.ch\/#\/schema\/logo\/image\/","url":"https:\/\/www.organisator.ch\/wp-content\/uploads\/2022\/01\/Logo_Organisator_Website.png","contentUrl":"https:\/\/www.organisator.ch\/wp-content\/uploads\/2022\/01\/Logo_Organisator_Website.png","width":800,"height":77,"caption":"Organisator"},"image":{"@id":"https:\/\/www.organisator.ch\/#\/schema\/logo\/image\/"},"sameAs":["https:\/\/www.facebook.com\/OrganisatorFachmagazin","https:\/\/www.linkedin.com\/showcase\/organisator-das-magazin-fr-kmu","https:\/\/www.xing.com\/news\/pages\/organisator-ch-695","https:\/\/www.youtube.com\/channel\/UCGP2Sq0iWaZwT3BdIAQFYpw"]},{"@type":"Person","@id":"https:\/\/www.organisator.ch\/#\/schema\/person\/6f650f90b2842cd4c0cc334b4e36f67e","name":"thomas.berner","image":{"@type":"ImageObject","inLanguage":"de","@id":"https:\/\/secure.gravatar.com\/avatar\/ac5001d2a36cb6c6cd3e50789007ffca834b477b74a2144564522e944eabff61?s=96&d=mm&r=g","url":"https:\/\/secure.gravatar.com\/avatar\/ac5001d2a36cb6c6cd3e50789007ffca834b477b74a2144564522e944eabff61?s=96&d=mm&r=g","contentUrl":"https:\/\/secure.gravatar.com\/avatar\/ac5001d2a36cb6c6cd3e50789007ffca834b477b74a2144564522e944eabff61?s=96&d=mm&r=g","caption":"thomas.berner"},"url":"https:\/\/www.organisator.ch\/de\/author\/thomas-berner\/"}]}},"_links":{"self":[{"href":"https:\/\/www.organisator.ch\/de\/wp-json\/wp\/v2\/posts\/38160","targetHints":{"allow":["GET"]}}],"collection":[{"href":"https:\/\/www.organisator.ch\/de\/wp-json\/wp\/v2\/posts"}],"about":[{"href":"https:\/\/www.organisator.ch\/de\/wp-json\/wp\/v2\/types\/post"}],"author":[{"embeddable":true,"href":"https:\/\/www.organisator.ch\/de\/wp-json\/wp\/v2\/users\/4"}],"replies":[{"embeddable":true,"href":"https:\/\/www.organisator.ch\/de\/wp-json\/wp\/v2\/comments?post=38160"}],"version-history":[{"count":4,"href":"https:\/\/www.organisator.ch\/de\/wp-json\/wp\/v2\/posts\/38160\/revisions"}],"predecessor-version":[{"id":38202,"href":"https:\/\/www.organisator.ch\/de\/wp-json\/wp\/v2\/posts\/38160\/revisions\/38202"}],"wp:featuredmedia":[{"embeddable":true,"href":"https:\/\/www.organisator.ch\/de\/wp-json\/wp\/v2\/media\/38161"}],"wp:attachment":[{"href":"https:\/\/www.organisator.ch\/de\/wp-json\/wp\/v2\/media?parent=38160"}],"wp:term":[{"taxonomy":"category","embeddable":true,"href":"https:\/\/www.organisator.ch\/de\/wp-json\/wp\/v2\/categories?post=38160"},{"taxonomy":"post_tag","embeddable":true,"href":"https:\/\/www.organisator.ch\/de\/wp-json\/wp\/v2\/tags?post=38160"}],"curies":[{"name":"wp","href":"https:\/\/api.w.org\/{rel}","templated":true}]}}