{"id":38174,"date":"2025-05-06T03:10:20","date_gmt":"2025-05-06T01:10:20","guid":{"rendered":"https:\/\/www.organisator.ch\/?p=38174"},"modified":"2025-05-05T13:28:32","modified_gmt":"2025-05-05T11:28:32","slug":"sustainable-shapers-neue-auszeichnung-fuer-gestalterinnen-und-gestalter-der-nachhaltigkeit","status":"publish","type":"post","link":"https:\/\/www.organisator.ch\/de\/sustainability\/2025-05-06\/sustainable-shapers-neue-auszeichnung-fuer-gestalterinnen-und-gestalter-der-nachhaltigkeit\/","title":{"rendered":"Sustainable Shapers: Neue Auszeichnung f\u00fcr Gestalterinnen und Gestalter der Nachhaltigkeit"},"content":{"rendered":"<figure id=\"attachment_38175\" aria-describedby=\"caption-attachment-38175\" style=\"width: 680px\" class=\"wp-caption alignnone\"><img loading=\"lazy\" decoding=\"async\" class=\"size-full wp-image-38175\" src=\"https:\/\/www.organisator.ch\/wp-content\/uploads\/2025\/05\/Sustainable-Shapers-Neue-Auszeichnung-fuer-Gestalterinnen-und-Gestalter-der-Nachhaltigkeit_Organisator.jpg\" alt=\"\" width=\"680\" height=\"565\" srcset=\"https:\/\/www.organisator.ch\/wp-content\/uploads\/2025\/05\/Sustainable-Shapers-Neue-Auszeichnung-fuer-Gestalterinnen-und-Gestalter-der-Nachhaltigkeit_Organisator.jpg 680w, https:\/\/www.organisator.ch\/wp-content\/uploads\/2025\/05\/Sustainable-Shapers-Neue-Auszeichnung-fuer-Gestalterinnen-und-Gestalter-der-Nachhaltigkeit_Organisator-14x12.jpg 14w, https:\/\/www.organisator.ch\/wp-content\/uploads\/2025\/05\/Sustainable-Shapers-Neue-Auszeichnung-fuer-Gestalterinnen-und-Gestalter-der-Nachhaltigkeit_Organisator-361x300.jpg 361w, https:\/\/www.organisator.ch\/wp-content\/uploads\/2025\/05\/Sustainable-Shapers-Neue-Auszeichnung-fuer-Gestalterinnen-und-Gestalter-der-Nachhaltigkeit_Organisator-421x350.jpg 421w\" sizes=\"auto, (max-width: 680px) 100vw, 680px\" \/><figcaption id=\"caption-attachment-38175\" class=\"wp-caption-text\">Sustainable hat eine Auszeichnung f\u00fcr \u00abSustainable Shapers\u00bb lanciert. (Bild: Pixabay.com)<\/figcaption><\/figure>\n<p>Sustainable Switzerland ist eine Plattform f\u00fcr Nachhaltigkeit in der Schweiz, die auf Initiative des Unternehmens NZZ mit starken Partnern aus Wirtschaft und Wissenschaft ins Leben gerufen wurde. Das Netzwerk schafft nun mit \u00abSustainable Shapers\u00bb einen neuen Award. Ausgezeichnet werden sollen Pionierinnen und Pioniere, Macherinnen und Macher und Vordenkerinnen und Vordenker, die mit ihrem unternehmerischen oder gesellschaftlichen Engagement sowie mit innovativen, wegweisenden Konzepten ein starkes Zeichen f\u00fcr eine nachhaltige Zukunft setzen. Nachhaltigkeit wird dabei als ganzheitliches Konzept verstanden: \u00d6kologisch, unternehmerisch und sozial. \u00abMit der Auszeichnung wollen wir die Aufmerksamkeit und Relevanz des Themas Nachhaltigkeit in der breiten \u00d6ffentlichkeit weiter st\u00e4rken \u2013 \u00fcber Vorbilder und zukunftsf\u00e4hige Visionen\u00bb, so Felix Graf, CEO der NZZ. \u00abIm Zentrum stehen bewusst Menschen und nicht Organisationen, Unternehmen oder Projekte.\u00bb<\/p>\n<h3>Mediale Plattform<\/h3>\n<p>Die \u00abSustainable Shapers\u00bb profitieren von einer wirksamen Medienpr\u00e4senz im Umfeld von Sustainable Switzerland. Sie werden \u00fcber mehrere Wochen in einer Serie aus verschiedenen medialen Formaten portr\u00e4tiert, so beispielsweise in der Verlagsbeilage \u00abNachhaltigkeit\u00bb der \u00abNeuen Z\u00fcrcher Zeitung\u00bb. Ihre Auszeichnung verleiht ihnen so Sichtbarkeit und Wirkung als inspirierende Stimmen einer nachhaltigen Zukunft. Weiter erhalten sie Zugang zur Sustainable-Switzerland-Community, die ihnen einzigartige Netzwerkm\u00f6glichkeiten und Synergiepotenziale im Bereich Nachhaltigkeit bietet. Eine unabh\u00e4ngige Jury aus Fachexperten und Netzwerkpartnern von Sustainable Switzerland k\u00fcrt die \u00abSustainable Shapers\u00bb in den drei Kategorien \u00abLeadership &amp; Transformation\u00bb, \u00abKnowledge &amp; Opinion\u00bb sowie \u00abVision &amp; Innovation\u00bb. Ausgezeichnet werden sie im Rahmen des Sustainable Switzerland Forums, das am 2. September 2025 in Bern stattfindet.<\/p>\n<h3>Nominierungen m\u00f6glich bis Ende Juni<\/h3>\n<p>Die Nominierungsphase l\u00e4uft ab sofort bis zum 30. Juni 2025. Nominierungen und Selbstbewerbungen k\u00f6nnen auf der Website <a href=\"http:\/\/www.sustainableswitzerland.ch\/shapers\">sustainableswitzerland.ch\/shapers<\/a> eingereicht werden. Dort finden sich zudem weitere Informationen zur Auszeichnung \u00abSustainable Shapers\u00bb.<\/p>\n<p><em>Quelle und weitere Informationen: <a href=\"https:\/\/sustainableswitzerland.ch\/\">sustainableswitzerland.ch<\/a><\/em><\/p>\n","protected":false},"excerpt":{"rendered":"<p>Sustainable Switzerland, die Nachhaltigkeitsplattform des Unternehmens NZZ, zeichnet 2025 erstmals die \u00abSustainable Shapers\u00bb der Schweiz aus: Herausragende Pers\u00f6nlichkeiten, welche die nachhaltige Entwicklung gestalten, pr\u00e4gen und vorantreiben \u2013 in und aus der Schweiz heraus. Nominierungen sind ab sofort online m\u00f6glich.<\/p>\n","protected":false},"author":4,"featured_media":0,"comment_status":"closed","ping_status":"closed","sticky":false,"template":"","format":"standard","meta":{"_acf_changed":false,"_yoast_wpseo_focuskw":"Sustainable Shapers","_yoast_wpseo_metadesc":"Sustainable Switzerland, die Nachhaltigkeitsplattform des Unternehmens NZZ, zeichnet 2025 erstmals die \u00abSustainable Shapers\u00bb der Schweiz aus.","articlekey":"","footnotes":""},"categories":[580],"tags":[66,339,358,1787],"class_list":["post-38174","post","type-post","status-publish","format-standard","hentry","category-sustainability","tag-awards","tag-marketing","tag-nachhaltige-wirtschaft","tag-nachhaltigkeit"],"acf":[],"yoast_head":"<!-- This site is optimized with the Yoast SEO plugin v27.5 - https:\/\/yoast.com\/product\/yoast-seo-wordpress\/ -->\n<title>Sustainable Shapers: Neue Auszeichnung f\u00fcr Gestalterinnen und Gestalter der Nachhaltigkeit - Organisator<\/title>\n<meta name=\"description\" content=\"Sustainable Switzerland, die Nachhaltigkeitsplattform des Unternehmens NZZ, zeichnet 2025 erstmals die \u00abSustainable Shapers\u00bb der Schweiz aus.\" \/>\n<meta name=\"robots\" content=\"index, follow, max-snippet:-1, max-image-preview:large, max-video-preview:-1\" \/>\n<link rel=\"canonical\" href=\"https:\/\/www.organisator.ch\/de\/sustainability\/2025-05-06\/sustainable-shapers-neue-auszeichnung-fuer-gestalterinnen-und-gestalter-der-nachhaltigkeit\/\" \/>\n<meta property=\"og:locale\" content=\"de_DE\" \/>\n<meta property=\"og:type\" content=\"article\" \/>\n<meta property=\"og:title\" content=\"Sustainable Shapers: Neue Auszeichnung f\u00fcr Gestalterinnen und Gestalter der Nachhaltigkeit\" \/>\n<meta property=\"og:description\" content=\"Sustainable Switzerland, die Nachhaltigkeitsplattform des Unternehmens NZZ, zeichnet 2025 erstmals die \u00abSustainable Shapers\u00bb der Schweiz aus.\" \/>\n<meta property=\"og:url\" content=\"https:\/\/www.organisator.ch\/de\/sustainability\/2025-05-06\/sustainable-shapers-neue-auszeichnung-fuer-gestalterinnen-und-gestalter-der-nachhaltigkeit\/\" \/>\n<meta property=\"og:site_name\" content=\"Organisator\" \/>\n<meta property=\"article:publisher\" content=\"https:\/\/www.facebook.com\/OrganisatorFachmagazin\" \/>\n<meta property=\"article:published_time\" content=\"2025-05-06T01:10:20+00:00\" \/>\n<meta property=\"og:image\" content=\"https:\/\/www.organisator.ch\/wp-content\/uploads\/2025\/05\/Sustainable-Shapers-Neue-Auszeichnung-fuer-Gestalterinnen-und-Gestalter-der-Nachhaltigkeit_Organisator.jpg\" \/>\n\t<meta property=\"og:image:width\" content=\"680\" \/>\n\t<meta property=\"og:image:height\" content=\"565\" \/>\n\t<meta property=\"og:image:type\" content=\"image\/jpeg\" \/>\n<meta name=\"author\" content=\"thomas.berner\" \/>\n<meta name=\"twitter:card\" content=\"summary_large_image\" \/>\n<meta name=\"twitter:title\" content=\"#SustainableShapers: Neue #Auszeichnung f\u00fcr Gestalterinnen und Gestalter der Nachhaltigkeit\" \/>\n<meta name=\"twitter:description\" content=\"#SustainableSwitzerland, die #Nachhaltigkeitsplattform des Unternehmens NZZ, zeichnet 2025 erstmals die \u00abSustainable Shapers\u00bb der Schweiz aus.\" \/>\n<meta name=\"twitter:image\" content=\"https:\/\/www.organisator.ch\/wp-content\/uploads\/2025\/05\/Sustainable-Shapers-Neue-Auszeichnung-fuer-Gestalterinnen-und-Gestalter-der-Nachhaltigkeit_Organisator.jpg\" \/>\n<script type=\"application\/ld+json\" class=\"yoast-schema-graph\">{\"@context\":\"https:\\\/\\\/schema.org\",\"@graph\":[{\"@type\":\"Article\",\"@id\":\"https:\\\/\\\/www.organisator.ch\\\/sustainability\\\/2025-05-06\\\/sustainable-shapers-neue-auszeichnung-fuer-gestalterinnen-und-gestalter-der-nachhaltigkeit\\\/#article\",\"isPartOf\":{\"@id\":\"https:\\\/\\\/www.organisator.ch\\\/sustainability\\\/2025-05-06\\\/sustainable-shapers-neue-auszeichnung-fuer-gestalterinnen-und-gestalter-der-nachhaltigkeit\\\/\"},\"author\":{\"name\":\"thomas.berner\",\"@id\":\"https:\\\/\\\/www.organisator.ch\\\/#\\\/schema\\\/person\\\/6f650f90b2842cd4c0cc334b4e36f67e\"},\"headline\":\"Sustainable Shapers: Neue Auszeichnung f\u00fcr Gestalterinnen und Gestalter der Nachhaltigkeit\",\"datePublished\":\"2025-05-06T01:10:20+00:00\",\"mainEntityOfPage\":{\"@id\":\"https:\\\/\\\/www.organisator.ch\\\/sustainability\\\/2025-05-06\\\/sustainable-shapers-neue-auszeichnung-fuer-gestalterinnen-und-gestalter-der-nachhaltigkeit\\\/\"},\"wordCount\":316,\"publisher\":{\"@id\":\"https:\\\/\\\/www.organisator.ch\\\/#organization\"},\"image\":{\"@id\":\"https:\\\/\\\/www.organisator.ch\\\/sustainability\\\/2025-05-06\\\/sustainable-shapers-neue-auszeichnung-fuer-gestalterinnen-und-gestalter-der-nachhaltigkeit\\\/#primaryimage\"},\"thumbnailUrl\":\"https:\\\/\\\/www.organisator.ch\\\/wp-content\\\/uploads\\\/2025\\\/05\\\/Sustainable-Shapers-Neue-Auszeichnung-fuer-Gestalterinnen-und-Gestalter-der-Nachhaltigkeit_Organisator.jpg\",\"keywords\":[\"Awards\",\"Marketing\",\"Nachhaltige Wirtschaft\",\"Nachhaltigkeit\"],\"articleSection\":[\"SUSTAINABILITY\"],\"inLanguage\":\"de\"},{\"@type\":\"WebPage\",\"@id\":\"https:\\\/\\\/www.organisator.ch\\\/sustainability\\\/2025-05-06\\\/sustainable-shapers-neue-auszeichnung-fuer-gestalterinnen-und-gestalter-der-nachhaltigkeit\\\/\",\"url\":\"https:\\\/\\\/www.organisator.ch\\\/sustainability\\\/2025-05-06\\\/sustainable-shapers-neue-auszeichnung-fuer-gestalterinnen-und-gestalter-der-nachhaltigkeit\\\/\",\"name\":\"Sustainable Shapers: Neue Auszeichnung f\u00fcr Gestalterinnen und Gestalter der Nachhaltigkeit - Organisator\",\"isPartOf\":{\"@id\":\"https:\\\/\\\/www.organisator.ch\\\/#website\"},\"primaryImageOfPage\":{\"@id\":\"https:\\\/\\\/www.organisator.ch\\\/sustainability\\\/2025-05-06\\\/sustainable-shapers-neue-auszeichnung-fuer-gestalterinnen-und-gestalter-der-nachhaltigkeit\\\/#primaryimage\"},\"image\":{\"@id\":\"https:\\\/\\\/www.organisator.ch\\\/sustainability\\\/2025-05-06\\\/sustainable-shapers-neue-auszeichnung-fuer-gestalterinnen-und-gestalter-der-nachhaltigkeit\\\/#primaryimage\"},\"thumbnailUrl\":\"https:\\\/\\\/www.organisator.ch\\\/wp-content\\\/uploads\\\/2025\\\/05\\\/Sustainable-Shapers-Neue-Auszeichnung-fuer-Gestalterinnen-und-Gestalter-der-Nachhaltigkeit_Organisator.jpg\",\"datePublished\":\"2025-05-06T01:10:20+00:00\",\"description\":\"Sustainable Switzerland, die Nachhaltigkeitsplattform des Unternehmens NZZ, zeichnet 2025 erstmals die \u00abSustainable Shapers\u00bb der Schweiz aus.\",\"breadcrumb\":{\"@id\":\"https:\\\/\\\/www.organisator.ch\\\/sustainability\\\/2025-05-06\\\/sustainable-shapers-neue-auszeichnung-fuer-gestalterinnen-und-gestalter-der-nachhaltigkeit\\\/#breadcrumb\"},\"inLanguage\":\"de\",\"potentialAction\":[{\"@type\":\"ReadAction\",\"target\":[\"https:\\\/\\\/www.organisator.ch\\\/sustainability\\\/2025-05-06\\\/sustainable-shapers-neue-auszeichnung-fuer-gestalterinnen-und-gestalter-der-nachhaltigkeit\\\/\"]}]},{\"@type\":\"ImageObject\",\"inLanguage\":\"de\",\"@id\":\"https:\\\/\\\/www.organisator.ch\\\/sustainability\\\/2025-05-06\\\/sustainable-shapers-neue-auszeichnung-fuer-gestalterinnen-und-gestalter-der-nachhaltigkeit\\\/#primaryimage\",\"url\":\"https:\\\/\\\/www.organisator.ch\\\/wp-content\\\/uploads\\\/2025\\\/05\\\/Sustainable-Shapers-Neue-Auszeichnung-fuer-Gestalterinnen-und-Gestalter-der-Nachhaltigkeit_Organisator.jpg\",\"contentUrl\":\"https:\\\/\\\/www.organisator.ch\\\/wp-content\\\/uploads\\\/2025\\\/05\\\/Sustainable-Shapers-Neue-Auszeichnung-fuer-Gestalterinnen-und-Gestalter-der-Nachhaltigkeit_Organisator.jpg\"},{\"@type\":\"BreadcrumbList\",\"@id\":\"https:\\\/\\\/www.organisator.ch\\\/sustainability\\\/2025-05-06\\\/sustainable-shapers-neue-auszeichnung-fuer-gestalterinnen-und-gestalter-der-nachhaltigkeit\\\/#breadcrumb\",\"itemListElement\":[{\"@type\":\"ListItem\",\"position\":1,\"name\":\"Home\",\"item\":\"https:\\\/\\\/www.organisator.ch\\\/\"},{\"@type\":\"ListItem\",\"position\":2,\"name\":\"Sustainable Shapers: Neue Auszeichnung f\u00fcr Gestalterinnen und Gestalter der Nachhaltigkeit\"}]},{\"@type\":\"WebSite\",\"@id\":\"https:\\\/\\\/www.organisator.ch\\\/#website\",\"url\":\"https:\\\/\\\/www.organisator.ch\\\/\",\"name\":\"Organisator\",\"description\":\"Kompetent. Praxisnah. Der ORGANISATOR bereitet in 10 Ausgaben pro Jahr die wesentlichen Themen f\u00fcr F\u00fchrungskr\u00e4fte von KMU auf.\",\"publisher\":{\"@id\":\"https:\\\/\\\/www.organisator.ch\\\/#organization\"},\"potentialAction\":[{\"@type\":\"SearchAction\",\"target\":{\"@type\":\"EntryPoint\",\"urlTemplate\":\"https:\\\/\\\/www.organisator.ch\\\/?s={search_term_string}\"},\"query-input\":{\"@type\":\"PropertyValueSpecification\",\"valueRequired\":true,\"valueName\":\"search_term_string\"}}],\"inLanguage\":\"de\"},{\"@type\":\"Organization\",\"@id\":\"https:\\\/\\\/www.organisator.ch\\\/#organization\",\"name\":\"Organisator\",\"url\":\"https:\\\/\\\/www.organisator.ch\\\/\",\"logo\":{\"@type\":\"ImageObject\",\"inLanguage\":\"de\",\"@id\":\"https:\\\/\\\/www.organisator.ch\\\/#\\\/schema\\\/logo\\\/image\\\/\",\"url\":\"https:\\\/\\\/www.organisator.ch\\\/wp-content\\\/uploads\\\/2022\\\/01\\\/Logo_Organisator_Website.png\",\"contentUrl\":\"https:\\\/\\\/www.organisator.ch\\\/wp-content\\\/uploads\\\/2022\\\/01\\\/Logo_Organisator_Website.png\",\"width\":800,\"height\":77,\"caption\":\"Organisator\"},\"image\":{\"@id\":\"https:\\\/\\\/www.organisator.ch\\\/#\\\/schema\\\/logo\\\/image\\\/\"},\"sameAs\":[\"https:\\\/\\\/www.facebook.com\\\/OrganisatorFachmagazin\",\"https:\\\/\\\/www.linkedin.com\\\/showcase\\\/organisator-das-magazin-fr-kmu\",\"https:\\\/\\\/www.xing.com\\\/news\\\/pages\\\/organisator-ch-695\",\"https:\\\/\\\/www.youtube.com\\\/channel\\\/UCGP2Sq0iWaZwT3BdIAQFYpw\"]},{\"@type\":\"Person\",\"@id\":\"https:\\\/\\\/www.organisator.ch\\\/#\\\/schema\\\/person\\\/6f650f90b2842cd4c0cc334b4e36f67e\",\"name\":\"thomas.berner\",\"image\":{\"@type\":\"ImageObject\",\"inLanguage\":\"de\",\"@id\":\"https:\\\/\\\/secure.gravatar.com\\\/avatar\\\/ac5001d2a36cb6c6cd3e50789007ffca834b477b74a2144564522e944eabff61?s=96&d=mm&r=g\",\"url\":\"https:\\\/\\\/secure.gravatar.com\\\/avatar\\\/ac5001d2a36cb6c6cd3e50789007ffca834b477b74a2144564522e944eabff61?s=96&d=mm&r=g\",\"contentUrl\":\"https:\\\/\\\/secure.gravatar.com\\\/avatar\\\/ac5001d2a36cb6c6cd3e50789007ffca834b477b74a2144564522e944eabff61?s=96&d=mm&r=g\",\"caption\":\"thomas.berner\"},\"url\":\"https:\\\/\\\/www.organisator.ch\\\/de\\\/author\\\/thomas-berner\\\/\"}]}<\/script>\n<!-- \/ Yoast SEO plugin. -->","yoast_head_json":{"title":"Sustainable Shapers: Neue Auszeichnung f\u00fcr Gestalterinnen und Gestalter der Nachhaltigkeit - Organisator","description":"Sustainable Switzerland, die Nachhaltigkeitsplattform des Unternehmens NZZ, zeichnet 2025 erstmals die \u00abSustainable Shapers\u00bb der Schweiz aus.","robots":{"index":"index","follow":"follow","max-snippet":"max-snippet:-1","max-image-preview":"max-image-preview:large","max-video-preview":"max-video-preview:-1"},"canonical":"https:\/\/www.organisator.ch\/de\/sustainability\/2025-05-06\/sustainable-shapers-neue-auszeichnung-fuer-gestalterinnen-und-gestalter-der-nachhaltigkeit\/","og_locale":"de_DE","og_type":"article","og_title":"Sustainable Shapers: Neue Auszeichnung f\u00fcr Gestalterinnen und Gestalter der Nachhaltigkeit","og_description":"Sustainable Switzerland, die Nachhaltigkeitsplattform des Unternehmens NZZ, zeichnet 2025 erstmals die \u00abSustainable Shapers\u00bb der Schweiz aus.","og_url":"https:\/\/www.organisator.ch\/de\/sustainability\/2025-05-06\/sustainable-shapers-neue-auszeichnung-fuer-gestalterinnen-und-gestalter-der-nachhaltigkeit\/","og_site_name":"Organisator","article_publisher":"https:\/\/www.facebook.com\/OrganisatorFachmagazin","article_published_time":"2025-05-06T01:10:20+00:00","og_image":[{"width":680,"height":565,"url":"https:\/\/www.organisator.ch\/wp-content\/uploads\/2025\/05\/Sustainable-Shapers-Neue-Auszeichnung-fuer-Gestalterinnen-und-Gestalter-der-Nachhaltigkeit_Organisator.jpg","type":"image\/jpeg"}],"author":"thomas.berner","twitter_card":"summary_large_image","twitter_title":"#SustainableShapers: Neue #Auszeichnung f\u00fcr Gestalterinnen und Gestalter der Nachhaltigkeit","twitter_description":"#SustainableSwitzerland, die #Nachhaltigkeitsplattform des Unternehmens NZZ, zeichnet 2025 erstmals die \u00abSustainable Shapers\u00bb der Schweiz aus.","twitter_image":"https:\/\/www.organisator.ch\/wp-content\/uploads\/2025\/05\/Sustainable-Shapers-Neue-Auszeichnung-fuer-Gestalterinnen-und-Gestalter-der-Nachhaltigkeit_Organisator.jpg","schema":{"@context":"https:\/\/schema.org","@graph":[{"@type":"Article","@id":"https:\/\/www.organisator.ch\/sustainability\/2025-05-06\/sustainable-shapers-neue-auszeichnung-fuer-gestalterinnen-und-gestalter-der-nachhaltigkeit\/#article","isPartOf":{"@id":"https:\/\/www.organisator.ch\/sustainability\/2025-05-06\/sustainable-shapers-neue-auszeichnung-fuer-gestalterinnen-und-gestalter-der-nachhaltigkeit\/"},"author":{"name":"thomas.berner","@id":"https:\/\/www.organisator.ch\/#\/schema\/person\/6f650f90b2842cd4c0cc334b4e36f67e"},"headline":"Sustainable Shapers: Neue Auszeichnung f\u00fcr Gestalterinnen und Gestalter der Nachhaltigkeit","datePublished":"2025-05-06T01:10:20+00:00","mainEntityOfPage":{"@id":"https:\/\/www.organisator.ch\/sustainability\/2025-05-06\/sustainable-shapers-neue-auszeichnung-fuer-gestalterinnen-und-gestalter-der-nachhaltigkeit\/"},"wordCount":316,"publisher":{"@id":"https:\/\/www.organisator.ch\/#organization"},"image":{"@id":"https:\/\/www.organisator.ch\/sustainability\/2025-05-06\/sustainable-shapers-neue-auszeichnung-fuer-gestalterinnen-und-gestalter-der-nachhaltigkeit\/#primaryimage"},"thumbnailUrl":"https:\/\/www.organisator.ch\/wp-content\/uploads\/2025\/05\/Sustainable-Shapers-Neue-Auszeichnung-fuer-Gestalterinnen-und-Gestalter-der-Nachhaltigkeit_Organisator.jpg","keywords":["Awards","Marketing","Nachhaltige Wirtschaft","Nachhaltigkeit"],"articleSection":["SUSTAINABILITY"],"inLanguage":"de"},{"@type":"WebPage","@id":"https:\/\/www.organisator.ch\/sustainability\/2025-05-06\/sustainable-shapers-neue-auszeichnung-fuer-gestalterinnen-und-gestalter-der-nachhaltigkeit\/","url":"https:\/\/www.organisator.ch\/sustainability\/2025-05-06\/sustainable-shapers-neue-auszeichnung-fuer-gestalterinnen-und-gestalter-der-nachhaltigkeit\/","name":"Sustainable Shapers: Neue Auszeichnung f\u00fcr Gestalterinnen und Gestalter der Nachhaltigkeit - Organisator","isPartOf":{"@id":"https:\/\/www.organisator.ch\/#website"},"primaryImageOfPage":{"@id":"https:\/\/www.organisator.ch\/sustainability\/2025-05-06\/sustainable-shapers-neue-auszeichnung-fuer-gestalterinnen-und-gestalter-der-nachhaltigkeit\/#primaryimage"},"image":{"@id":"https:\/\/www.organisator.ch\/sustainability\/2025-05-06\/sustainable-shapers-neue-auszeichnung-fuer-gestalterinnen-und-gestalter-der-nachhaltigkeit\/#primaryimage"},"thumbnailUrl":"https:\/\/www.organisator.ch\/wp-content\/uploads\/2025\/05\/Sustainable-Shapers-Neue-Auszeichnung-fuer-Gestalterinnen-und-Gestalter-der-Nachhaltigkeit_Organisator.jpg","datePublished":"2025-05-06T01:10:20+00:00","description":"Sustainable Switzerland, die Nachhaltigkeitsplattform des Unternehmens NZZ, zeichnet 2025 erstmals die \u00abSustainable Shapers\u00bb der Schweiz aus.","breadcrumb":{"@id":"https:\/\/www.organisator.ch\/sustainability\/2025-05-06\/sustainable-shapers-neue-auszeichnung-fuer-gestalterinnen-und-gestalter-der-nachhaltigkeit\/#breadcrumb"},"inLanguage":"de","potentialAction":[{"@type":"ReadAction","target":["https:\/\/www.organisator.ch\/sustainability\/2025-05-06\/sustainable-shapers-neue-auszeichnung-fuer-gestalterinnen-und-gestalter-der-nachhaltigkeit\/"]}]},{"@type":"ImageObject","inLanguage":"de","@id":"https:\/\/www.organisator.ch\/sustainability\/2025-05-06\/sustainable-shapers-neue-auszeichnung-fuer-gestalterinnen-und-gestalter-der-nachhaltigkeit\/#primaryimage","url":"https:\/\/www.organisator.ch\/wp-content\/uploads\/2025\/05\/Sustainable-Shapers-Neue-Auszeichnung-fuer-Gestalterinnen-und-Gestalter-der-Nachhaltigkeit_Organisator.jpg","contentUrl":"https:\/\/www.organisator.ch\/wp-content\/uploads\/2025\/05\/Sustainable-Shapers-Neue-Auszeichnung-fuer-Gestalterinnen-und-Gestalter-der-Nachhaltigkeit_Organisator.jpg"},{"@type":"BreadcrumbList","@id":"https:\/\/www.organisator.ch\/sustainability\/2025-05-06\/sustainable-shapers-neue-auszeichnung-fuer-gestalterinnen-und-gestalter-der-nachhaltigkeit\/#breadcrumb","itemListElement":[{"@type":"ListItem","position":1,"name":"Home","item":"https:\/\/www.organisator.ch\/"},{"@type":"ListItem","position":2,"name":"Sustainable Shapers: Neue Auszeichnung f\u00fcr Gestalterinnen und Gestalter der Nachhaltigkeit"}]},{"@type":"WebSite","@id":"https:\/\/www.organisator.ch\/#website","url":"https:\/\/www.organisator.ch\/","name":"Organisator","description":"Kompetent. Praxisnah. Der ORGANISATOR bereitet in 10 Ausgaben pro Jahr die wesentlichen Themen f\u00fcr F\u00fchrungskr\u00e4fte von KMU auf.","publisher":{"@id":"https:\/\/www.organisator.ch\/#organization"},"potentialAction":[{"@type":"SearchAction","target":{"@type":"EntryPoint","urlTemplate":"https:\/\/www.organisator.ch\/?s={search_term_string}"},"query-input":{"@type":"PropertyValueSpecification","valueRequired":true,"valueName":"search_term_string"}}],"inLanguage":"de"},{"@type":"Organization","@id":"https:\/\/www.organisator.ch\/#organization","name":"Organisator","url":"https:\/\/www.organisator.ch\/","logo":{"@type":"ImageObject","inLanguage":"de","@id":"https:\/\/www.organisator.ch\/#\/schema\/logo\/image\/","url":"https:\/\/www.organisator.ch\/wp-content\/uploads\/2022\/01\/Logo_Organisator_Website.png","contentUrl":"https:\/\/www.organisator.ch\/wp-content\/uploads\/2022\/01\/Logo_Organisator_Website.png","width":800,"height":77,"caption":"Organisator"},"image":{"@id":"https:\/\/www.organisator.ch\/#\/schema\/logo\/image\/"},"sameAs":["https:\/\/www.facebook.com\/OrganisatorFachmagazin","https:\/\/www.linkedin.com\/showcase\/organisator-das-magazin-fr-kmu","https:\/\/www.xing.com\/news\/pages\/organisator-ch-695","https:\/\/www.youtube.com\/channel\/UCGP2Sq0iWaZwT3BdIAQFYpw"]},{"@type":"Person","@id":"https:\/\/www.organisator.ch\/#\/schema\/person\/6f650f90b2842cd4c0cc334b4e36f67e","name":"thomas.berner","image":{"@type":"ImageObject","inLanguage":"de","@id":"https:\/\/secure.gravatar.com\/avatar\/ac5001d2a36cb6c6cd3e50789007ffca834b477b74a2144564522e944eabff61?s=96&d=mm&r=g","url":"https:\/\/secure.gravatar.com\/avatar\/ac5001d2a36cb6c6cd3e50789007ffca834b477b74a2144564522e944eabff61?s=96&d=mm&r=g","contentUrl":"https:\/\/secure.gravatar.com\/avatar\/ac5001d2a36cb6c6cd3e50789007ffca834b477b74a2144564522e944eabff61?s=96&d=mm&r=g","caption":"thomas.berner"},"url":"https:\/\/www.organisator.ch\/de\/author\/thomas-berner\/"}]}},"_links":{"self":[{"href":"https:\/\/www.organisator.ch\/de\/wp-json\/wp\/v2\/posts\/38174","targetHints":{"allow":["GET"]}}],"collection":[{"href":"https:\/\/www.organisator.ch\/de\/wp-json\/wp\/v2\/posts"}],"about":[{"href":"https:\/\/www.organisator.ch\/de\/wp-json\/wp\/v2\/types\/post"}],"author":[{"embeddable":true,"href":"https:\/\/www.organisator.ch\/de\/wp-json\/wp\/v2\/users\/4"}],"replies":[{"embeddable":true,"href":"https:\/\/www.organisator.ch\/de\/wp-json\/wp\/v2\/comments?post=38174"}],"version-history":[{"count":3,"href":"https:\/\/www.organisator.ch\/de\/wp-json\/wp\/v2\/posts\/38174\/revisions"}],"predecessor-version":[{"id":38214,"href":"https:\/\/www.organisator.ch\/de\/wp-json\/wp\/v2\/posts\/38174\/revisions\/38214"}],"wp:attachment":[{"href":"https:\/\/www.organisator.ch\/de\/wp-json\/wp\/v2\/media?parent=38174"}],"wp:term":[{"taxonomy":"category","embeddable":true,"href":"https:\/\/www.organisator.ch\/de\/wp-json\/wp\/v2\/categories?post=38174"},{"taxonomy":"post_tag","embeddable":true,"href":"https:\/\/www.organisator.ch\/de\/wp-json\/wp\/v2\/tags?post=38174"}],"curies":[{"name":"wp","href":"https:\/\/api.w.org\/{rel}","templated":true}]}}