{"id":3820,"date":"2018-06-19T09:58:37","date_gmt":"2018-06-19T07:58:37","guid":{"rendered":"https:\/\/www.organisator.ch\/?p=3820"},"modified":"2018-06-19T09:58:37","modified_gmt":"2018-06-19T07:58:37","slug":"simsa-und-swico-zusammenschluss-ist-jetzt-amtlich","status":"publish","type":"post","link":"https:\/\/www.organisator.ch\/de\/management\/it\/2018-06-19\/simsa-und-swico-zusammenschluss-ist-jetzt-amtlich\/","title":{"rendered":"Simsa und Swico: Zusammenschluss ist jetzt &#8222;amtlich&#8220;"},"content":{"rendered":"<figure id=\"attachment_3584\" aria-describedby=\"caption-attachment-3584\" style=\"width: 448px\" class=\"wp-caption alignnone\"><img loading=\"lazy\" decoding=\"async\" class=\"size-full wp-image-3584\" src=\"https:\/\/www.organisator.ch\/wp-content\/uploads\/2018\/05\/Konzentration-in-der-ICT-und-Online-Branche-Simsa-und-Swico-wollen-fusionieren-2_Organisator.jpg\" alt=\"\" width=\"448\" height=\"267\" srcset=\"https:\/\/www.organisator.ch\/wp-content\/uploads\/2018\/05\/Konzentration-in-der-ICT-und-Online-Branche-Simsa-und-Swico-wollen-fusionieren-2_Organisator.jpg 448w, https:\/\/www.organisator.ch\/wp-content\/uploads\/2018\/05\/Konzentration-in-der-ICT-und-Online-Branche-Simsa-und-Swico-wollen-fusionieren-2_Organisator-16x10.jpg 16w, https:\/\/www.organisator.ch\/wp-content\/uploads\/2018\/05\/Konzentration-in-der-ICT-und-Online-Branche-Simsa-und-Swico-wollen-fusionieren-2_Organisator-294x175.jpg 294w, https:\/\/www.organisator.ch\/wp-content\/uploads\/2018\/05\/Konzentration-in-der-ICT-und-Online-Branche-Simsa-und-Swico-wollen-fusionieren-2_Organisator-300x179.jpg 300w\" sizes=\"auto, (max-width: 448px) 100vw, 448px\" \/><figcaption id=\"caption-attachment-3584\" class=\"wp-caption-text\">Simsa und Swico haben nun offiziell fusioniert. Die Mitglieder der beiden Verb\u00e4nde haben dem Zusammenschluss zugestimmt.<\/figcaption><\/figure>\n<p>Wie schon fr\u00fcher an <a href=\"https:\/\/www.organisator.ch\/konzentration-in-der-ict-und-online-branche-simsa-und-swico-wollen-fusionieren\/\">dieser Stelle berichtet<\/a>, haben\u00a0die F\u00fchrungsgremien von Simsa und Swico im Fr\u00fchjahr 2018 beschlossen, die zwei Organisationen zusammenzuschliessen. Die Vorst\u00e4nde der beiden Verb\u00e4nde haben einen Fusionsvertrag unterzeichnet, der nun am 18. Juni 2018 im Rahmen von zwei getrennten Generalversammlungen zu ratifizieren war. In beiden Versammlungen wurde die vom Fusionsgesetz geforderte \u00be-Mehrheit deutlich \u00fcbertroffen. Damit steht dem Zusammenschluss nichts mehr im Weg.<\/p>\n<h2><strong>Swico-Vorstand wird verst\u00e4rkt <\/strong><\/h2>\n<p>Die neue Organisation \u00fcbernimmt alle Aktivit\u00e4ten von Simsa und Swico unver\u00e4ndert und firmiert unter dem Namen Swico. Von Seiten Simsa werden insbesondere der Code of Conduct Hosting und das Collaboration Framework sowie die Ausbildungsg\u00e4nge wie der eidgen\u00f6ssisch diplomierte Web Project Manager integriert. Swico bringt unter anderem sein umfassendes Issue Management, sein Start-up-Programm sowie die Branchenl\u00f6sung f\u00fcr Arbeitssicherheit und Gesundheitsschutz ein. Alle 600 Mitgliedfirmen erhalten Zugang zu einem stark erweiterten Portfolio an Mitgliederdienstleistungen, wie es in der aktuellen Medienmitteilung heisst.\u00a0Im neuen Swico-Vorstand nehmen zwei bisherige Simsa-Exponenten Einsitz. Neu gew\u00e4hlt wurden der bisherige Pr\u00e4sident von Simsa, Andrej Vckovski, CEO von Netcetera, sowie Nadja Perroulaz, Mitgr\u00fcnderin und VR-Pr\u00e4sidentin von Liip.<\/p>\n<h2>Schaffung neuer\u00a0Fachgremien<\/h2>\n<p>Neu geschaffen werden nun ein Fachgremium f\u00fcr den Bereich Hosting unter der Leitung von Hostpoint-Mitgr\u00fcnder Claudius R\u00f6llin und eines f\u00fcr die Webagenturen unter der gemeinsamen Leitung von Imre Sinka, CEO von Dotpulse und Maximilian Plank, CEO von Omento. Beide Fachgremien werden im Rahmen von Swico selbstst\u00e4ndig und mit einem eigenen Budget Projekte und Issues dieser beiden Mitgliedersegmente bearbeiten sowie eigene Aktivit\u00e4ten entwickeln, wie es schon andere Fachgremien von Swico tun.<\/p>\n<p>Swico-Pr\u00e4sident Andreas Kn\u00f6pfli zeigt sich \u00fcberzeugt: \u201eMit dieser Fusion wird die ICT- und Online-Wirtschaft entscheidend gest\u00e4rkt. Wir setzen damit ein klares Zeichen gegen die Fragmentierung der Verbandslandschaft und k\u00f6nnen die Anliegen unserer Mitglieder auf der politischen B\u00fchne k\u00fcnftig noch wirksamer vertreten.\u201c Der bisherige Simsa-Pr\u00e4sident und neue Swico-Vorstand Andrej Vckovski sieht viel Potenzial: \u201eGemeinsam erreichen wir eine kritische Masse und erzielen damit deutlich mehr Wirkung f\u00fcr unsere Branche. Gleichzeitig k\u00f6nnen beide Organisationen viel voneinander lernen.\u201c<\/p>\n<p>Die Fusion wird formell auf den 30. Juni 2018 vollzogen werden. Das Zusammenwachsen im Alltag wird voraussichtlich bis Ende 2018 dauern.<\/p>\n<p><em>Informationen: <a href=\"https:\/\/swico.us7.list-manage.com\/track\/click?u=04612cfcc7c2a1d40b4229878&amp;id=77a1e4547b&amp;e=b74ab90633\">www.swico.ch<\/a><\/em><\/p>\n","protected":false},"excerpt":{"rendered":"<p>Wie schon fr\u00fcher an dieser Stelle berichtet, haben\u00a0die F\u00fchrungsgremien von Simsa und Swico im Fr\u00fchjahr 2018 beschlossen, die zwei Organisationen zusammenzuschliessen. Die Vorst\u00e4nde der beiden Verb\u00e4nde haben einen Fusionsvertrag unterzeichnet, der nun am 18. Juni 2018 im Rahmen von zwei getrennten Generalversammlungen zu ratifizieren war. In beiden Versammlungen wurde die vom Fusionsgesetz geforderte \u00be-Mehrheit deutlich [&hellip;]<\/p>\n","protected":false},"author":4,"featured_media":3584,"comment_status":"open","ping_status":"open","sticky":false,"template":"","format":"standard","meta":{"_acf_changed":false,"_yoast_wpseo_focuskw":"Simsa und Swico","_yoast_wpseo_metadesc":"Am 18. Juni haben die Mitglieder von Simsa und Swico in Z\u00fcrich gr\u00fcnes Licht f\u00fcr eine Fusion der beiden Verb\u00e4nde gegeben. Die beiden Organisationen bieten damit ihren 600 Mitgliedern ein breiteres Dienstleistungsangebot.","articlekey":"","footnotes":""},"categories":[27],"tags":[286,503,531],"class_list":["post-3820","post","type-post","status-publish","format-standard","has-post-thumbnail","hentry","category-it","tag-it","tag-verbaende","tag-wirtschaftspolitik"],"acf":[],"yoast_head":"<!-- This site is optimized with the Yoast SEO plugin v27.5 - https:\/\/yoast.com\/product\/yoast-seo-wordpress\/ -->\n<title>Simsa und Swico: Zusammenschluss ist jetzt &quot;amtlich&quot; - Organisator<\/title>\n<meta name=\"description\" content=\"Am 18. Juni haben die Mitglieder von Simsa und Swico in Z\u00fcrich gr\u00fcnes Licht f\u00fcr eine Fusion der beiden Verb\u00e4nde gegeben. Die beiden Organisationen bieten damit ihren 600 Mitgliedern ein breiteres Dienstleistungsangebot.\" \/>\n<meta name=\"robots\" content=\"index, follow, max-snippet:-1, max-image-preview:large, max-video-preview:-1\" \/>\n<link rel=\"canonical\" href=\"https:\/\/www.organisator.ch\/de\/management\/it\/2018-06-19\/simsa-und-swico-zusammenschluss-ist-jetzt-amtlich\/\" \/>\n<meta property=\"og:locale\" content=\"de_DE\" \/>\n<meta property=\"og:type\" content=\"article\" \/>\n<meta property=\"og:title\" content=\"Simsa und Swico: Zusammenschluss ist jetzt &quot;amtlich&quot;\" \/>\n<meta property=\"og:description\" content=\"Am 18. Juni haben die Mitglieder von #Simsa und #Swico in Z\u00fcrich gr\u00fcnes Licht f\u00fcr eine Fusion der beiden Verb\u00e4nde gegeben. Die beiden Organisationen bieten damit ihren 600 Mitgliedern ein breiteres Dienstleistungsangebot.\" \/>\n<meta property=\"og:url\" content=\"https:\/\/www.organisator.ch\/de\/management\/it\/2018-06-19\/simsa-und-swico-zusammenschluss-ist-jetzt-amtlich\/\" \/>\n<meta property=\"og:site_name\" content=\"Organisator\" \/>\n<meta property=\"article:publisher\" content=\"https:\/\/www.facebook.com\/OrganisatorFachmagazin\" \/>\n<meta property=\"article:published_time\" content=\"2018-06-19T07:58:37+00:00\" \/>\n<meta property=\"og:image\" content=\"https:\/\/www.organisator.ch\/wp-content\/uploads\/2018\/05\/Konzentration-in-der-ICT-und-Online-Branche-Simsa-und-Swico-wollen-fusionieren-2_Organisator.jpg\" \/>\n\t<meta property=\"og:image:width\" content=\"448\" \/>\n\t<meta property=\"og:image:height\" content=\"267\" \/>\n\t<meta property=\"og:image:type\" content=\"image\/jpeg\" \/>\n<meta name=\"author\" content=\"thomas.berner\" \/>\n<meta name=\"twitter:card\" content=\"summary_large_image\" \/>\n<meta name=\"twitter:title\" content=\"#Simsa und #Swico: Zusammenschluss ist jetzt &quot;amtlich&quot;\" \/>\n<meta name=\"twitter:description\" content=\"Am 18. Juni haben die Mitglieder von #Simsa und #Swico in Z\u00fcrich gr\u00fcnes Licht f\u00fcr eine Fusion der beiden Verb\u00e4nde gegeben. Die beiden Organisationen bieten damit ihren 600 Mitgliedern ein breiteres Dienstleistungsangebot.\" \/>\n<meta name=\"twitter:image\" content=\"https:\/\/www.organisator.ch\/wp-content\/uploads\/2018\/05\/Konzentration-in-der-ICT-und-Online-Branche-Simsa-und-Swico-wollen-fusionieren-2_Organisator.jpg\" \/>\n<script type=\"application\/ld+json\" class=\"yoast-schema-graph\">{\"@context\":\"https:\\\/\\\/schema.org\",\"@graph\":[{\"@type\":\"Article\",\"@id\":\"https:\\\/\\\/www.organisator.ch\\\/management\\\/it\\\/2018-06-19\\\/simsa-und-swico-zusammenschluss-ist-jetzt-amtlich\\\/#article\",\"isPartOf\":{\"@id\":\"https:\\\/\\\/www.organisator.ch\\\/management\\\/it\\\/2018-06-19\\\/simsa-und-swico-zusammenschluss-ist-jetzt-amtlich\\\/\"},\"author\":{\"name\":\"thomas.berner\",\"@id\":\"https:\\\/\\\/www.organisator.ch\\\/#\\\/schema\\\/person\\\/6f650f90b2842cd4c0cc334b4e36f67e\"},\"headline\":\"Simsa und Swico: Zusammenschluss ist jetzt &#8222;amtlich&#8220;\",\"datePublished\":\"2018-06-19T07:58:37+00:00\",\"mainEntityOfPage\":{\"@id\":\"https:\\\/\\\/www.organisator.ch\\\/management\\\/it\\\/2018-06-19\\\/simsa-und-swico-zusammenschluss-ist-jetzt-amtlich\\\/\"},\"wordCount\":403,\"commentCount\":0,\"publisher\":{\"@id\":\"https:\\\/\\\/www.organisator.ch\\\/#organization\"},\"image\":{\"@id\":\"https:\\\/\\\/www.organisator.ch\\\/management\\\/it\\\/2018-06-19\\\/simsa-und-swico-zusammenschluss-ist-jetzt-amtlich\\\/#primaryimage\"},\"thumbnailUrl\":\"https:\\\/\\\/www.organisator.ch\\\/wp-content\\\/uploads\\\/2018\\\/05\\\/Konzentration-in-der-ICT-und-Online-Branche-Simsa-und-Swico-wollen-fusionieren-2_Organisator.jpg\",\"keywords\":[\"IT\",\"Verb\u00e4nde\",\"Wirtschaftspolitik\"],\"articleSection\":[\"IT\"],\"inLanguage\":\"de\"},{\"@type\":\"WebPage\",\"@id\":\"https:\\\/\\\/www.organisator.ch\\\/management\\\/it\\\/2018-06-19\\\/simsa-und-swico-zusammenschluss-ist-jetzt-amtlich\\\/\",\"url\":\"https:\\\/\\\/www.organisator.ch\\\/management\\\/it\\\/2018-06-19\\\/simsa-und-swico-zusammenschluss-ist-jetzt-amtlich\\\/\",\"name\":\"Simsa und Swico: Zusammenschluss ist jetzt \\\"amtlich\\\" - Organisator\",\"isPartOf\":{\"@id\":\"https:\\\/\\\/www.organisator.ch\\\/#website\"},\"primaryImageOfPage\":{\"@id\":\"https:\\\/\\\/www.organisator.ch\\\/management\\\/it\\\/2018-06-19\\\/simsa-und-swico-zusammenschluss-ist-jetzt-amtlich\\\/#primaryimage\"},\"image\":{\"@id\":\"https:\\\/\\\/www.organisator.ch\\\/management\\\/it\\\/2018-06-19\\\/simsa-und-swico-zusammenschluss-ist-jetzt-amtlich\\\/#primaryimage\"},\"thumbnailUrl\":\"https:\\\/\\\/www.organisator.ch\\\/wp-content\\\/uploads\\\/2018\\\/05\\\/Konzentration-in-der-ICT-und-Online-Branche-Simsa-und-Swico-wollen-fusionieren-2_Organisator.jpg\",\"datePublished\":\"2018-06-19T07:58:37+00:00\",\"description\":\"Am 18. Juni haben die Mitglieder von Simsa und Swico in Z\u00fcrich gr\u00fcnes Licht f\u00fcr eine Fusion der beiden Verb\u00e4nde gegeben. Die beiden Organisationen bieten damit ihren 600 Mitgliedern ein breiteres Dienstleistungsangebot.\",\"breadcrumb\":{\"@id\":\"https:\\\/\\\/www.organisator.ch\\\/management\\\/it\\\/2018-06-19\\\/simsa-und-swico-zusammenschluss-ist-jetzt-amtlich\\\/#breadcrumb\"},\"inLanguage\":\"de\",\"potentialAction\":[{\"@type\":\"ReadAction\",\"target\":[\"https:\\\/\\\/www.organisator.ch\\\/management\\\/it\\\/2018-06-19\\\/simsa-und-swico-zusammenschluss-ist-jetzt-amtlich\\\/\"]}]},{\"@type\":\"ImageObject\",\"inLanguage\":\"de\",\"@id\":\"https:\\\/\\\/www.organisator.ch\\\/management\\\/it\\\/2018-06-19\\\/simsa-und-swico-zusammenschluss-ist-jetzt-amtlich\\\/#primaryimage\",\"url\":\"https:\\\/\\\/www.organisator.ch\\\/wp-content\\\/uploads\\\/2018\\\/05\\\/Konzentration-in-der-ICT-und-Online-Branche-Simsa-und-Swico-wollen-fusionieren-2_Organisator.jpg\",\"contentUrl\":\"https:\\\/\\\/www.organisator.ch\\\/wp-content\\\/uploads\\\/2018\\\/05\\\/Konzentration-in-der-ICT-und-Online-Branche-Simsa-und-Swico-wollen-fusionieren-2_Organisator.jpg\",\"width\":448,\"height\":267,\"caption\":\"Simsa und Swico haben nun offiziell fusioniert. Die Mitglieder der beiden Verb\u00e4nde haben dem Zusammenschluss zugestimmt.\"},{\"@type\":\"BreadcrumbList\",\"@id\":\"https:\\\/\\\/www.organisator.ch\\\/management\\\/it\\\/2018-06-19\\\/simsa-und-swico-zusammenschluss-ist-jetzt-amtlich\\\/#breadcrumb\",\"itemListElement\":[{\"@type\":\"ListItem\",\"position\":1,\"name\":\"Home\",\"item\":\"https:\\\/\\\/www.organisator.ch\\\/\"},{\"@type\":\"ListItem\",\"position\":2,\"name\":\"Simsa und Swico: Zusammenschluss ist jetzt &#8222;amtlich&#8220;\"}]},{\"@type\":\"WebSite\",\"@id\":\"https:\\\/\\\/www.organisator.ch\\\/#website\",\"url\":\"https:\\\/\\\/www.organisator.ch\\\/\",\"name\":\"Organisator\",\"description\":\"Kompetent. Praxisnah. Der ORGANISATOR bereitet in 10 Ausgaben pro Jahr die wesentlichen Themen f\u00fcr F\u00fchrungskr\u00e4fte von KMU auf.\",\"publisher\":{\"@id\":\"https:\\\/\\\/www.organisator.ch\\\/#organization\"},\"potentialAction\":[{\"@type\":\"SearchAction\",\"target\":{\"@type\":\"EntryPoint\",\"urlTemplate\":\"https:\\\/\\\/www.organisator.ch\\\/?s={search_term_string}\"},\"query-input\":{\"@type\":\"PropertyValueSpecification\",\"valueRequired\":true,\"valueName\":\"search_term_string\"}}],\"inLanguage\":\"de\"},{\"@type\":\"Organization\",\"@id\":\"https:\\\/\\\/www.organisator.ch\\\/#organization\",\"name\":\"Organisator\",\"url\":\"https:\\\/\\\/www.organisator.ch\\\/\",\"logo\":{\"@type\":\"ImageObject\",\"inLanguage\":\"de\",\"@id\":\"https:\\\/\\\/www.organisator.ch\\\/#\\\/schema\\\/logo\\\/image\\\/\",\"url\":\"https:\\\/\\\/www.organisator.ch\\\/wp-content\\\/uploads\\\/2022\\\/01\\\/Logo_Organisator_Website.png\",\"contentUrl\":\"https:\\\/\\\/www.organisator.ch\\\/wp-content\\\/uploads\\\/2022\\\/01\\\/Logo_Organisator_Website.png\",\"width\":800,\"height\":77,\"caption\":\"Organisator\"},\"image\":{\"@id\":\"https:\\\/\\\/www.organisator.ch\\\/#\\\/schema\\\/logo\\\/image\\\/\"},\"sameAs\":[\"https:\\\/\\\/www.facebook.com\\\/OrganisatorFachmagazin\",\"https:\\\/\\\/www.linkedin.com\\\/showcase\\\/organisator-das-magazin-fr-kmu\",\"https:\\\/\\\/www.xing.com\\\/news\\\/pages\\\/organisator-ch-695\",\"https:\\\/\\\/www.youtube.com\\\/channel\\\/UCGP2Sq0iWaZwT3BdIAQFYpw\"]},{\"@type\":\"Person\",\"@id\":\"https:\\\/\\\/www.organisator.ch\\\/#\\\/schema\\\/person\\\/6f650f90b2842cd4c0cc334b4e36f67e\",\"name\":\"thomas.berner\",\"image\":{\"@type\":\"ImageObject\",\"inLanguage\":\"de\",\"@id\":\"https:\\\/\\\/secure.gravatar.com\\\/avatar\\\/ac5001d2a36cb6c6cd3e50789007ffca834b477b74a2144564522e944eabff61?s=96&d=mm&r=g\",\"url\":\"https:\\\/\\\/secure.gravatar.com\\\/avatar\\\/ac5001d2a36cb6c6cd3e50789007ffca834b477b74a2144564522e944eabff61?s=96&d=mm&r=g\",\"contentUrl\":\"https:\\\/\\\/secure.gravatar.com\\\/avatar\\\/ac5001d2a36cb6c6cd3e50789007ffca834b477b74a2144564522e944eabff61?s=96&d=mm&r=g\",\"caption\":\"thomas.berner\"},\"url\":\"https:\\\/\\\/www.organisator.ch\\\/de\\\/author\\\/thomas-berner\\\/\"}]}<\/script>\n<!-- \/ Yoast SEO plugin. -->","yoast_head_json":{"title":"Simsa und Swico: Zusammenschluss ist jetzt \"amtlich\" - Organisator","description":"Am 18. Juni haben die Mitglieder von Simsa und Swico in Z\u00fcrich gr\u00fcnes Licht f\u00fcr eine Fusion der beiden Verb\u00e4nde gegeben. Die beiden Organisationen bieten damit ihren 600 Mitgliedern ein breiteres Dienstleistungsangebot.","robots":{"index":"index","follow":"follow","max-snippet":"max-snippet:-1","max-image-preview":"max-image-preview:large","max-video-preview":"max-video-preview:-1"},"canonical":"https:\/\/www.organisator.ch\/de\/management\/it\/2018-06-19\/simsa-und-swico-zusammenschluss-ist-jetzt-amtlich\/","og_locale":"de_DE","og_type":"article","og_title":"Simsa und Swico: Zusammenschluss ist jetzt \"amtlich\"","og_description":"Am 18. Juni haben die Mitglieder von #Simsa und #Swico in Z\u00fcrich gr\u00fcnes Licht f\u00fcr eine Fusion der beiden Verb\u00e4nde gegeben. Die beiden Organisationen bieten damit ihren 600 Mitgliedern ein breiteres Dienstleistungsangebot.","og_url":"https:\/\/www.organisator.ch\/de\/management\/it\/2018-06-19\/simsa-und-swico-zusammenschluss-ist-jetzt-amtlich\/","og_site_name":"Organisator","article_publisher":"https:\/\/www.facebook.com\/OrganisatorFachmagazin","article_published_time":"2018-06-19T07:58:37+00:00","og_image":[{"width":448,"height":267,"url":"https:\/\/www.organisator.ch\/wp-content\/uploads\/2018\/05\/Konzentration-in-der-ICT-und-Online-Branche-Simsa-und-Swico-wollen-fusionieren-2_Organisator.jpg","type":"image\/jpeg"}],"author":"thomas.berner","twitter_card":"summary_large_image","twitter_title":"#Simsa und #Swico: Zusammenschluss ist jetzt \"amtlich\"","twitter_description":"Am 18. Juni haben die Mitglieder von #Simsa und #Swico in Z\u00fcrich gr\u00fcnes Licht f\u00fcr eine Fusion der beiden Verb\u00e4nde gegeben. Die beiden Organisationen bieten damit ihren 600 Mitgliedern ein breiteres Dienstleistungsangebot.","twitter_image":"https:\/\/www.organisator.ch\/wp-content\/uploads\/2018\/05\/Konzentration-in-der-ICT-und-Online-Branche-Simsa-und-Swico-wollen-fusionieren-2_Organisator.jpg","schema":{"@context":"https:\/\/schema.org","@graph":[{"@type":"Article","@id":"https:\/\/www.organisator.ch\/management\/it\/2018-06-19\/simsa-und-swico-zusammenschluss-ist-jetzt-amtlich\/#article","isPartOf":{"@id":"https:\/\/www.organisator.ch\/management\/it\/2018-06-19\/simsa-und-swico-zusammenschluss-ist-jetzt-amtlich\/"},"author":{"name":"thomas.berner","@id":"https:\/\/www.organisator.ch\/#\/schema\/person\/6f650f90b2842cd4c0cc334b4e36f67e"},"headline":"Simsa und Swico: Zusammenschluss ist jetzt &#8222;amtlich&#8220;","datePublished":"2018-06-19T07:58:37+00:00","mainEntityOfPage":{"@id":"https:\/\/www.organisator.ch\/management\/it\/2018-06-19\/simsa-und-swico-zusammenschluss-ist-jetzt-amtlich\/"},"wordCount":403,"commentCount":0,"publisher":{"@id":"https:\/\/www.organisator.ch\/#organization"},"image":{"@id":"https:\/\/www.organisator.ch\/management\/it\/2018-06-19\/simsa-und-swico-zusammenschluss-ist-jetzt-amtlich\/#primaryimage"},"thumbnailUrl":"https:\/\/www.organisator.ch\/wp-content\/uploads\/2018\/05\/Konzentration-in-der-ICT-und-Online-Branche-Simsa-und-Swico-wollen-fusionieren-2_Organisator.jpg","keywords":["IT","Verb\u00e4nde","Wirtschaftspolitik"],"articleSection":["IT"],"inLanguage":"de"},{"@type":"WebPage","@id":"https:\/\/www.organisator.ch\/management\/it\/2018-06-19\/simsa-und-swico-zusammenschluss-ist-jetzt-amtlich\/","url":"https:\/\/www.organisator.ch\/management\/it\/2018-06-19\/simsa-und-swico-zusammenschluss-ist-jetzt-amtlich\/","name":"Simsa und Swico: Zusammenschluss ist jetzt \"amtlich\" - Organisator","isPartOf":{"@id":"https:\/\/www.organisator.ch\/#website"},"primaryImageOfPage":{"@id":"https:\/\/www.organisator.ch\/management\/it\/2018-06-19\/simsa-und-swico-zusammenschluss-ist-jetzt-amtlich\/#primaryimage"},"image":{"@id":"https:\/\/www.organisator.ch\/management\/it\/2018-06-19\/simsa-und-swico-zusammenschluss-ist-jetzt-amtlich\/#primaryimage"},"thumbnailUrl":"https:\/\/www.organisator.ch\/wp-content\/uploads\/2018\/05\/Konzentration-in-der-ICT-und-Online-Branche-Simsa-und-Swico-wollen-fusionieren-2_Organisator.jpg","datePublished":"2018-06-19T07:58:37+00:00","description":"Am 18. Juni haben die Mitglieder von Simsa und Swico in Z\u00fcrich gr\u00fcnes Licht f\u00fcr eine Fusion der beiden Verb\u00e4nde gegeben. Die beiden Organisationen bieten damit ihren 600 Mitgliedern ein breiteres Dienstleistungsangebot.","breadcrumb":{"@id":"https:\/\/www.organisator.ch\/management\/it\/2018-06-19\/simsa-und-swico-zusammenschluss-ist-jetzt-amtlich\/#breadcrumb"},"inLanguage":"de","potentialAction":[{"@type":"ReadAction","target":["https:\/\/www.organisator.ch\/management\/it\/2018-06-19\/simsa-und-swico-zusammenschluss-ist-jetzt-amtlich\/"]}]},{"@type":"ImageObject","inLanguage":"de","@id":"https:\/\/www.organisator.ch\/management\/it\/2018-06-19\/simsa-und-swico-zusammenschluss-ist-jetzt-amtlich\/#primaryimage","url":"https:\/\/www.organisator.ch\/wp-content\/uploads\/2018\/05\/Konzentration-in-der-ICT-und-Online-Branche-Simsa-und-Swico-wollen-fusionieren-2_Organisator.jpg","contentUrl":"https:\/\/www.organisator.ch\/wp-content\/uploads\/2018\/05\/Konzentration-in-der-ICT-und-Online-Branche-Simsa-und-Swico-wollen-fusionieren-2_Organisator.jpg","width":448,"height":267,"caption":"Simsa und Swico haben nun offiziell fusioniert. Die Mitglieder der beiden Verb\u00e4nde haben dem Zusammenschluss zugestimmt."},{"@type":"BreadcrumbList","@id":"https:\/\/www.organisator.ch\/management\/it\/2018-06-19\/simsa-und-swico-zusammenschluss-ist-jetzt-amtlich\/#breadcrumb","itemListElement":[{"@type":"ListItem","position":1,"name":"Home","item":"https:\/\/www.organisator.ch\/"},{"@type":"ListItem","position":2,"name":"Simsa und Swico: Zusammenschluss ist jetzt &#8222;amtlich&#8220;"}]},{"@type":"WebSite","@id":"https:\/\/www.organisator.ch\/#website","url":"https:\/\/www.organisator.ch\/","name":"Organisator","description":"Kompetent. Praxisnah. Der ORGANISATOR bereitet in 10 Ausgaben pro Jahr die wesentlichen Themen f\u00fcr F\u00fchrungskr\u00e4fte von KMU auf.","publisher":{"@id":"https:\/\/www.organisator.ch\/#organization"},"potentialAction":[{"@type":"SearchAction","target":{"@type":"EntryPoint","urlTemplate":"https:\/\/www.organisator.ch\/?s={search_term_string}"},"query-input":{"@type":"PropertyValueSpecification","valueRequired":true,"valueName":"search_term_string"}}],"inLanguage":"de"},{"@type":"Organization","@id":"https:\/\/www.organisator.ch\/#organization","name":"Organisator","url":"https:\/\/www.organisator.ch\/","logo":{"@type":"ImageObject","inLanguage":"de","@id":"https:\/\/www.organisator.ch\/#\/schema\/logo\/image\/","url":"https:\/\/www.organisator.ch\/wp-content\/uploads\/2022\/01\/Logo_Organisator_Website.png","contentUrl":"https:\/\/www.organisator.ch\/wp-content\/uploads\/2022\/01\/Logo_Organisator_Website.png","width":800,"height":77,"caption":"Organisator"},"image":{"@id":"https:\/\/www.organisator.ch\/#\/schema\/logo\/image\/"},"sameAs":["https:\/\/www.facebook.com\/OrganisatorFachmagazin","https:\/\/www.linkedin.com\/showcase\/organisator-das-magazin-fr-kmu","https:\/\/www.xing.com\/news\/pages\/organisator-ch-695","https:\/\/www.youtube.com\/channel\/UCGP2Sq0iWaZwT3BdIAQFYpw"]},{"@type":"Person","@id":"https:\/\/www.organisator.ch\/#\/schema\/person\/6f650f90b2842cd4c0cc334b4e36f67e","name":"thomas.berner","image":{"@type":"ImageObject","inLanguage":"de","@id":"https:\/\/secure.gravatar.com\/avatar\/ac5001d2a36cb6c6cd3e50789007ffca834b477b74a2144564522e944eabff61?s=96&d=mm&r=g","url":"https:\/\/secure.gravatar.com\/avatar\/ac5001d2a36cb6c6cd3e50789007ffca834b477b74a2144564522e944eabff61?s=96&d=mm&r=g","contentUrl":"https:\/\/secure.gravatar.com\/avatar\/ac5001d2a36cb6c6cd3e50789007ffca834b477b74a2144564522e944eabff61?s=96&d=mm&r=g","caption":"thomas.berner"},"url":"https:\/\/www.organisator.ch\/de\/author\/thomas-berner\/"}]}},"_links":{"self":[{"href":"https:\/\/www.organisator.ch\/de\/wp-json\/wp\/v2\/posts\/3820","targetHints":{"allow":["GET"]}}],"collection":[{"href":"https:\/\/www.organisator.ch\/de\/wp-json\/wp\/v2\/posts"}],"about":[{"href":"https:\/\/www.organisator.ch\/de\/wp-json\/wp\/v2\/types\/post"}],"author":[{"embeddable":true,"href":"https:\/\/www.organisator.ch\/de\/wp-json\/wp\/v2\/users\/4"}],"replies":[{"embeddable":true,"href":"https:\/\/www.organisator.ch\/de\/wp-json\/wp\/v2\/comments?post=3820"}],"version-history":[{"count":0,"href":"https:\/\/www.organisator.ch\/de\/wp-json\/wp\/v2\/posts\/3820\/revisions"}],"wp:featuredmedia":[{"embeddable":true,"href":"https:\/\/www.organisator.ch\/de\/wp-json\/wp\/v2\/media\/3584"}],"wp:attachment":[{"href":"https:\/\/www.organisator.ch\/de\/wp-json\/wp\/v2\/media?parent=3820"}],"wp:term":[{"taxonomy":"category","embeddable":true,"href":"https:\/\/www.organisator.ch\/de\/wp-json\/wp\/v2\/categories?post=3820"},{"taxonomy":"post_tag","embeddable":true,"href":"https:\/\/www.organisator.ch\/de\/wp-json\/wp\/v2\/tags?post=3820"}],"curies":[{"name":"wp","href":"https:\/\/api.w.org\/{rel}","templated":true}]}}