{"id":38229,"date":"2025-05-08T08:10:14","date_gmt":"2025-05-08T06:10:14","guid":{"rendered":"https:\/\/www.markt-kom.com\/?p=234319"},"modified":"2025-05-08T07:55:31","modified_gmt":"2025-05-08T05:55:31","slug":"vier-buecher-die-sie-interessieren-koennten-32","status":"publish","type":"post","link":"https:\/\/www.organisator.ch\/de\/marketing\/2025-05-08\/vier-buecher-die-sie-interessieren-koennten-32\/","title":{"rendered":"Vier B\u00fccher, die Sie interessieren k\u00f6nnten"},"content":{"rendered":"<p><a href=\"https:\/\/www.markt-kom.com\/wp-content\/uploads\/2025\/05\/getabstract-lesetips-uebersicht-mai25.jpg\"><img class=\"aligncenter size-full wp-image-234324\" src=\"https:\/\/www.markt-kom.com\/wp-content\/uploads\/2025\/05\/getabstract-lesetips-uebersicht-mai25.jpg\" sizes=\"(max-width: 936px) 100vw, 936px\" srcset=\"https:\/\/www.markt-kom.com\/wp-content\/uploads\/2025\/05\/getabstract-lesetips-uebersicht-mai25.jpg 936w, https:\/\/www.markt-kom.com\/wp-content\/uploads\/2025\/05\/getabstract-lesetips-uebersicht-mai25-600x378.jpg 600w, https:\/\/www.markt-kom.com\/wp-content\/uploads\/2025\/05\/getabstract-lesetips-uebersicht-mai25-768x484.jpg 768w, https:\/\/www.markt-kom.com\/wp-content\/uploads\/2025\/05\/getabstract-lesetips-uebersicht-mai25-18x12.jpg 18w, https:\/\/www.markt-kom.com\/wp-content\/uploads\/2025\/05\/getabstract-lesetips-uebersicht-mai25-278x175.jpg 278w, https:\/\/www.markt-kom.com\/wp-content\/uploads\/2025\/05\/getabstract-lesetips-uebersicht-mai25-555x350.jpg 555w\" alt=\"\" width=\"936\" height=\"590\" \/><\/a><\/p>\r\n<p><strong>Wertvolle Fehler \u2013 Right kind of Wrong<\/strong><\/p>\r\n<p><em>Die praktische Wissenschaft des klugen Scheiterns. <\/em><\/p>\r\n<ul>\r\n\t<li>Amy Edmondson<\/li>\r\n\t<li>Verlag: Vahlen<\/li>\r\n\t<li>Publikationsjahr: 2024<\/li>\r\n\t<li>Seiten: 325<\/li>\r\n\t<li>ISBN: 9783800674312<\/li>\r\n<\/ul>\r\n<p>Auch wenn es oft heisst: \u00abAus Fehlern wird man klug.\u00bb \u2013 niemand macht gern Fehler. Hinzu kommt: Lernen k\u00f6nnen Sie vor allem aus wertvollen Fehlern. Welche Fehler n\u00f6tig sind, um voranzukommen, und welche Fehler sich vermeiden lassen, erkl\u00e4rt Amy Edmondson gut verst\u00e4ndlich, anschaulich und mit vielen Beispielen aus der Praxis. Sie wirft einen differenzierten Blick auf verschiedene Fehlerarten und gibt hilfreiche Tipps f\u00fcr einen klugen Umgang mit dem Scheitern, sowohl auf pers\u00f6nlicher als auch auf organisationaler Ebene.<\/p>\r\n<p>getAbstract-Bewertung: 10<\/p>\r\n<p>Qualit\u00e4ten:<\/p>\r\n<ul>\r\n\t<li>Innovativ<\/li>\r\n\t<li>Umsetzbar<\/li>\r\n\t<li>Augen\u00f6ffner<\/li>\r\n<\/ul>\r\n<p><a href=\"https:\/\/www.markt-kom.com\/wp-content\/uploads\/2025\/05\/Right-Kind-of-Wrong.jpg\"><img class=\"aligncenter size-full wp-image-234321\" src=\"https:\/\/www.markt-kom.com\/wp-content\/uploads\/2025\/05\/Right-Kind-of-Wrong.jpg\" sizes=\"(max-width: 1000px) 100vw, 1000px\" srcset=\"https:\/\/www.markt-kom.com\/wp-content\/uploads\/2025\/05\/Right-Kind-of-Wrong.jpg 1000w, https:\/\/www.markt-kom.com\/wp-content\/uploads\/2025\/05\/Right-Kind-of-Wrong-600x450.jpg 600w, https:\/\/www.markt-kom.com\/wp-content\/uploads\/2025\/05\/Right-Kind-of-Wrong-768x576.jpg 768w, https:\/\/www.markt-kom.com\/wp-content\/uploads\/2025\/05\/Right-Kind-of-Wrong-16x12.jpg 16w, https:\/\/www.markt-kom.com\/wp-content\/uploads\/2025\/05\/Right-Kind-of-Wrong-233x175.jpg 233w, https:\/\/www.markt-kom.com\/wp-content\/uploads\/2025\/05\/Right-Kind-of-Wrong-467x350.jpg 467w\" alt=\"\" width=\"1000\" height=\"750\" \/><\/a><\/p>\r\n<p><strong>Deepfakes und manipulierte Realit\u00e4ten<\/strong><\/p>\r\n<p><em>Technologiefolgenabsch\u00e4tzung und Handlungsempfehlungen f\u00fcr die Schweiz. <\/em><\/p>\r\n<ul>\r\n\t<li>Murat Karaboga<\/li>\r\n\t<li>Verlag: vdf Hochschulverlag<\/li>\r\n\t<li>Publikationsjahr: 2024<\/li>\r\n\t<li>Seiten: 436<\/li>\r\n\t<li>ISBN: 9783728141859<\/li>\r\n<\/ul>\r\n<p>Moderne Deepfake-Technologien machen alles Denkbare darstellbar: Ob Naturkatastrophen oder Terrorangriffe, Promi-Romanzen oder Gesch\u00e4ftsberichte \u2013 wenn ein einfacher Sprachbefehl es in die Welt setzen kann, wem oder was k\u00f6nnen wir dann noch glauben? Das Forscherteam hinter diesem Bericht hat Schweizer B\u00fcrger, Politikerinnen, Wirtschaftsakteure und Journalistinnen zu KI-generierten Inhalten befragt. Fazit: Das Thema birgt enormen gesellschaftlichen Sprengstoff. Um ihn zu entsch\u00e4rfen, braucht es eine durchdachte Regulierung, wirksame Aufkl\u00e4rung und mehr Eigenverantwortung der Nutzer.<\/p>\r\n<p>getAbstract-Bewertung: 7<\/p>\r\n<p>Qualit\u00e4ten:<\/p>\r\n<ul>\r\n\t<li>Wissenschaftsbasiert<\/li>\r\n\t<li>Systematisch<\/li>\r\n\t<li>\u00dcberblick<\/li>\r\n<\/ul>\r\n<p><strong><a href=\"https:\/\/www.markt-kom.com\/wp-content\/uploads\/2025\/05\/Deepfakes-und-manipulierte-Realitaeten.jpg\"><img class=\"aligncenter size-full wp-image-234323\" src=\"https:\/\/www.markt-kom.com\/wp-content\/uploads\/2025\/05\/Deepfakes-und-manipulierte-Realitaeten.jpg\" sizes=\"(max-width: 1004px) 100vw, 1004px\" srcset=\"https:\/\/www.markt-kom.com\/wp-content\/uploads\/2025\/05\/Deepfakes-und-manipulierte-Realitaeten.jpg 1004w, https:\/\/www.markt-kom.com\/wp-content\/uploads\/2025\/05\/Deepfakes-und-manipulierte-Realitaeten-600x451.jpg 600w, https:\/\/www.markt-kom.com\/wp-content\/uploads\/2025\/05\/Deepfakes-und-manipulierte-Realitaeten-768x577.jpg 768w, https:\/\/www.markt-kom.com\/wp-content\/uploads\/2025\/05\/Deepfakes-und-manipulierte-Realitaeten-16x12.jpg 16w, https:\/\/www.markt-kom.com\/wp-content\/uploads\/2025\/05\/Deepfakes-und-manipulierte-Realitaeten-233x175.jpg 233w, https:\/\/www.markt-kom.com\/wp-content\/uploads\/2025\/05\/Deepfakes-und-manipulierte-Realitaeten-466x350.jpg 466w, https:\/\/www.markt-kom.com\/wp-content\/uploads\/2025\/05\/Deepfakes-und-manipulierte-Realitaeten-1000x751.jpg 1000w\" alt=\"\" width=\"1004\" height=\"754\" \/><\/a>Zwischen Egoismus und Exzellenz<\/strong><\/p>\r\n<p><em>Wie Narzissmus unsere Arbeitswelt ver\u00e4ndert und was wir tun k\u00f6nnen. <\/em><\/p>\r\n<ul>\r\n\t<li>Ramzi Fatfouta<\/li>\r\n\t<li>Verlag: Haufe<\/li>\r\n\t<li>Publikationsjahr: 2024<\/li>\r\n\t<li>Seiten: 212<\/li>\r\n\t<li>ISBN: 9783648180990<\/li>\r\n<\/ul>\r\n<p>In aktuellen Beitr\u00e4gen zum Thema Narzissmus in der Arbeitswelt stehen meist die negativen Aspekte im Vordergrund. Zu Unrecht, meint der Psychologe Ramzi Fatfouta. Der ausgesprochene F\u00fchrungs- und Leistungswille sowie die Innovations- und Motivationskraft narzisstischer Personen k\u00f6nnen sogar von Vorteil f\u00fcr Unternehmen sein. Anhand vieler Beispiele aus dem Arbeitsalltag zeigt er, wie Sie als F\u00fchrungskraft oder Team die positiven Seiten von Narzissten konstruktiv nutzen k\u00f6nnen. Sein differenzierter Blick auf Narzissmus erlaubt einen neuen, offenen Umgang damit, ohne die Risiken zu verschweigen.<\/p>\r\n<p>getAbstract-Bewertung: 8<\/p>\r\n<p>Qualit\u00e4ten:<\/p>\r\n<ul>\r\n\t<li>Analytisch<\/li>\r\n\t<li>Augen\u00f6ffner<\/li>\r\n\t<li>Hintergrund<\/li>\r\n<\/ul>\r\n<p><strong><a href=\"https:\/\/www.markt-kom.com\/wp-content\/uploads\/2025\/05\/Zwischen-Egoismus-und-Exzellenz.jpg\"><img class=\"aligncenter size-full wp-image-234322\" src=\"https:\/\/www.markt-kom.com\/wp-content\/uploads\/2025\/05\/Zwischen-Egoismus-und-Exzellenz.jpg\" sizes=\"(max-width: 1007px) 100vw, 1007px\" srcset=\"https:\/\/www.markt-kom.com\/wp-content\/uploads\/2025\/05\/Zwischen-Egoismus-und-Exzellenz.jpg 1007w, https:\/\/www.markt-kom.com\/wp-content\/uploads\/2025\/05\/Zwischen-Egoismus-und-Exzellenz-600x450.jpg 600w, https:\/\/www.markt-kom.com\/wp-content\/uploads\/2025\/05\/Zwischen-Egoismus-und-Exzellenz-768x577.jpg 768w, https:\/\/www.markt-kom.com\/wp-content\/uploads\/2025\/05\/Zwischen-Egoismus-und-Exzellenz-16x12.jpg 16w, https:\/\/www.markt-kom.com\/wp-content\/uploads\/2025\/05\/Zwischen-Egoismus-und-Exzellenz-233x175.jpg 233w, https:\/\/www.markt-kom.com\/wp-content\/uploads\/2025\/05\/Zwischen-Egoismus-und-Exzellenz-466x350.jpg 466w, https:\/\/www.markt-kom.com\/wp-content\/uploads\/2025\/05\/Zwischen-Egoismus-und-Exzellenz-1000x751.jpg 1000w\" alt=\"\" width=\"1007\" height=\"756\" \/><\/a>Selbstf\u00fcrsorge f\u00fcr Dummies<\/strong><\/p>\r\n<ul>\r\n\t<li>Eva Kalbheim<\/li>\r\n\t<li>Verlag: Wiley-VCH<\/li>\r\n\t<li>Publikationsjahr: 2024<\/li>\r\n\t<li>Seiten: 352<\/li>\r\n\t<li>ISBN: 9783527723355<\/li>\r\n<\/ul>\r\n<p>Achtsam im Hier und Jetzt leben, bewusst atmen, dankbar sein \u2013 f\u00fcr sich genommen sind die Selbstf\u00fcrsorgetipps, die dieser Ratgeber bietet, hinreichend bekannt. Sein Vorteil besteht darin, alle Tipps und praktischen Hinweise \u00fcbersichtlich zusammenzufassen und mit Alltagsbeispielen anzureichern. Einzelne Kapitel gehen auf bestimmte Lebenssituationen ein, beispielsweise Beruf oder Elternschaft. Dass sich die Ratschl\u00e4ge dabei wiederholen, ist unvermeidlich. Statt das Buch von vorne bis hinten zu lesen, empfiehlt es sich daher, gezielt nach passenden Abschnitten und n\u00fctzlichen \u00dcbungen zu suchen.<\/p>\r\n<p>getAbstract-Bewertung: 7<\/p>\r\n<p>Qualit\u00e4ten:<\/p>\r\n<ul>\r\n\t<li>Umfassend<\/li>\r\n\t<li>\u00dcberblick<\/li>\r\n\t<li>Praktische Beispiele<\/li>\r\n<\/ul>\r\n<p><a href=\"https:\/\/www.markt-kom.com\/wp-content\/uploads\/2025\/05\/Selbstfuersorge-fuer-Dummies.jpg\"><img class=\"aligncenter size-full wp-image-234320\" src=\"https:\/\/www.markt-kom.com\/wp-content\/uploads\/2025\/05\/Selbstfuersorge-fuer-Dummies.jpg\" sizes=\"(max-width: 986px) 100vw, 986px\" srcset=\"https:\/\/www.markt-kom.com\/wp-content\/uploads\/2025\/05\/Selbstfuersorge-fuer-Dummies.jpg 986w, https:\/\/www.markt-kom.com\/wp-content\/uploads\/2025\/05\/Selbstfuersorge-fuer-Dummies-600x450.jpg 600w, https:\/\/www.markt-kom.com\/wp-content\/uploads\/2025\/05\/Selbstfuersorge-fuer-Dummies-768x576.jpg 768w, https:\/\/www.markt-kom.com\/wp-content\/uploads\/2025\/05\/Selbstfuersorge-fuer-Dummies-16x12.jpg 16w, https:\/\/www.markt-kom.com\/wp-content\/uploads\/2025\/05\/Selbstfuersorge-fuer-Dummies-233x175.jpg 233w, https:\/\/www.markt-kom.com\/wp-content\/uploads\/2025\/05\/Selbstfuersorge-fuer-Dummies-466x350.jpg 466w\" alt=\"\" width=\"986\" height=\"740\" \/><\/a><\/p>","protected":false},"excerpt":{"rendered":"<p>In Zusammenarbeit mit GetAbstract stellen wir Ihnen vier B\u00fccher aus dem Marketing- und Kommunikationsbereich vor. Diesmal: \u00abWertvolle Fehler \u2013 Right kind of Wrong\u00bb, \u00abDeepfakes und manipulierte Realit\u00e4ten\u00bb, \u00abZwischen Egoismus und Exzellenz\u00bb und \u00abSelbstf\u00fcrsorge f\u00fcr Dummies\u00bb.<\/p>\n","protected":false},"author":8,"featured_media":0,"comment_status":"closed","ping_status":"closed","sticky":false,"template":"","format":"standard","meta":{"_acf_changed":false,"_yoast_wpseo_focuskw":"Vier B\u00fccher","_yoast_wpseo_metadesc":"In Zusammenarbeit mit GetAbstract stellen wir Ihnen vier B\u00fccher aus dem Marketing- und Kommunikationsbereich vor.","articlekey":"","footnotes":""},"categories":[29],"tags":[95,2624,2625,4343],"class_list":["post-38229","post","type-post","status-publish","format-standard","hentry","category-marketing","tag-buchtipps","tag-getabstract","tag-lesetipps","tag-markom"],"acf":[],"yoast_head":"<!-- This site is optimized with the Yoast SEO plugin v27.4 - https:\/\/yoast.com\/product\/yoast-seo-wordpress\/ -->\n<title>Vier B\u00fccher, die Sie interessieren k\u00f6nnten - Organisator<\/title>\n<meta name=\"description\" content=\"In Zusammenarbeit mit GetAbstract stellen wir Ihnen vier B\u00fccher aus dem Marketing- und Kommunikationsbereich vor.\" \/>\n<meta name=\"robots\" content=\"index, follow, max-snippet:-1, max-image-preview:large, max-video-preview:-1\" \/>\n<link rel=\"canonical\" href=\"https:\/\/www.organisator.ch\/de\/marketing\/2025-05-08\/vier-buecher-die-sie-interessieren-koennten-32\/\" \/>\n<meta property=\"og:locale\" content=\"de_DE\" \/>\n<meta property=\"og:type\" content=\"article\" \/>\n<meta property=\"og:title\" content=\"Vier B\u00fccher, die Sie interessieren k\u00f6nnten - Organisator\" \/>\n<meta property=\"og:description\" content=\"In Zusammenarbeit mit GetAbstract stellen wir Ihnen vier B\u00fccher aus dem Marketing- und Kommunikationsbereich vor.\" \/>\n<meta property=\"og:url\" content=\"https:\/\/www.organisator.ch\/de\/marketing\/2025-05-08\/vier-buecher-die-sie-interessieren-koennten-32\/\" \/>\n<meta property=\"og:site_name\" content=\"Organisator\" \/>\n<meta property=\"article:publisher\" content=\"https:\/\/www.facebook.com\/OrganisatorFachmagazin\" \/>\n<meta property=\"article:published_time\" content=\"2025-05-08T06:10:14+00:00\" \/>\n<meta name=\"author\" content=\"galledia\" \/>\n<meta name=\"twitter:card\" content=\"summary_large_image\" \/>\n<meta name=\"twitter:creator\" content=\"@admin\" \/>\n<script type=\"application\/ld+json\" class=\"yoast-schema-graph\">{\"@context\":\"https:\\\/\\\/schema.org\",\"@graph\":[{\"@type\":\"Article\",\"@id\":\"https:\\\/\\\/www.organisator.ch\\\/marketing\\\/2025-05-08\\\/vier-buecher-die-sie-interessieren-koennten-32\\\/#article\",\"isPartOf\":{\"@id\":\"https:\\\/\\\/www.organisator.ch\\\/marketing\\\/2025-05-08\\\/vier-buecher-die-sie-interessieren-koennten-32\\\/\"},\"author\":{\"name\":\"galledia\",\"@id\":\"https:\\\/\\\/www.organisator.ch\\\/#\\\/schema\\\/person\\\/4e51799071cd2dd1232ac003643ef5f0\"},\"headline\":\"Vier B\u00fccher, die Sie interessieren k\u00f6nnten\",\"datePublished\":\"2025-05-08T06:10:14+00:00\",\"mainEntityOfPage\":{\"@id\":\"https:\\\/\\\/www.organisator.ch\\\/marketing\\\/2025-05-08\\\/vier-buecher-die-sie-interessieren-koennten-32\\\/\"},\"wordCount\":435,\"publisher\":{\"@id\":\"https:\\\/\\\/www.organisator.ch\\\/#organization\"},\"image\":{\"@id\":\"https:\\\/\\\/www.organisator.ch\\\/marketing\\\/2025-05-08\\\/vier-buecher-die-sie-interessieren-koennten-32\\\/#primaryimage\"},\"thumbnailUrl\":\"https:\\\/\\\/www.markt-kom.com\\\/wp-content\\\/uploads\\\/2025\\\/05\\\/getabstract-lesetips-uebersicht-mai25.jpg\",\"keywords\":[\"Buchtipps\",\"GetAbstract\",\"Lesetipps\",\"MarKom\"],\"articleSection\":[\"MARKETING\"],\"inLanguage\":\"de\"},{\"@type\":\"WebPage\",\"@id\":\"https:\\\/\\\/www.organisator.ch\\\/marketing\\\/2025-05-08\\\/vier-buecher-die-sie-interessieren-koennten-32\\\/\",\"url\":\"https:\\\/\\\/www.organisator.ch\\\/marketing\\\/2025-05-08\\\/vier-buecher-die-sie-interessieren-koennten-32\\\/\",\"name\":\"Vier B\u00fccher, die Sie interessieren k\u00f6nnten - Organisator\",\"isPartOf\":{\"@id\":\"https:\\\/\\\/www.organisator.ch\\\/#website\"},\"primaryImageOfPage\":{\"@id\":\"https:\\\/\\\/www.organisator.ch\\\/marketing\\\/2025-05-08\\\/vier-buecher-die-sie-interessieren-koennten-32\\\/#primaryimage\"},\"image\":{\"@id\":\"https:\\\/\\\/www.organisator.ch\\\/marketing\\\/2025-05-08\\\/vier-buecher-die-sie-interessieren-koennten-32\\\/#primaryimage\"},\"thumbnailUrl\":\"https:\\\/\\\/www.markt-kom.com\\\/wp-content\\\/uploads\\\/2025\\\/05\\\/getabstract-lesetips-uebersicht-mai25.jpg\",\"datePublished\":\"2025-05-08T06:10:14+00:00\",\"description\":\"In Zusammenarbeit mit GetAbstract stellen wir Ihnen vier B\u00fccher aus dem Marketing- und Kommunikationsbereich vor.\",\"breadcrumb\":{\"@id\":\"https:\\\/\\\/www.organisator.ch\\\/marketing\\\/2025-05-08\\\/vier-buecher-die-sie-interessieren-koennten-32\\\/#breadcrumb\"},\"inLanguage\":\"de\",\"potentialAction\":[{\"@type\":\"ReadAction\",\"target\":[\"https:\\\/\\\/www.organisator.ch\\\/marketing\\\/2025-05-08\\\/vier-buecher-die-sie-interessieren-koennten-32\\\/\"]}]},{\"@type\":\"ImageObject\",\"inLanguage\":\"de\",\"@id\":\"https:\\\/\\\/www.organisator.ch\\\/marketing\\\/2025-05-08\\\/vier-buecher-die-sie-interessieren-koennten-32\\\/#primaryimage\",\"url\":\"https:\\\/\\\/www.markt-kom.com\\\/wp-content\\\/uploads\\\/2025\\\/05\\\/getabstract-lesetips-uebersicht-mai25.jpg\",\"contentUrl\":\"https:\\\/\\\/www.markt-kom.com\\\/wp-content\\\/uploads\\\/2025\\\/05\\\/getabstract-lesetips-uebersicht-mai25.jpg\"},{\"@type\":\"BreadcrumbList\",\"@id\":\"https:\\\/\\\/www.organisator.ch\\\/marketing\\\/2025-05-08\\\/vier-buecher-die-sie-interessieren-koennten-32\\\/#breadcrumb\",\"itemListElement\":[{\"@type\":\"ListItem\",\"position\":1,\"name\":\"Home\",\"item\":\"https:\\\/\\\/www.organisator.ch\\\/\"},{\"@type\":\"ListItem\",\"position\":2,\"name\":\"Vier B\u00fccher, die Sie interessieren k\u00f6nnten\"}]},{\"@type\":\"WebSite\",\"@id\":\"https:\\\/\\\/www.organisator.ch\\\/#website\",\"url\":\"https:\\\/\\\/www.organisator.ch\\\/\",\"name\":\"Organisator\",\"description\":\"Kompetent. Praxisnah. Der ORGANISATOR bereitet in 10 Ausgaben pro Jahr die wesentlichen Themen f\u00fcr F\u00fchrungskr\u00e4fte von KMU auf.\",\"publisher\":{\"@id\":\"https:\\\/\\\/www.organisator.ch\\\/#organization\"},\"potentialAction\":[{\"@type\":\"SearchAction\",\"target\":{\"@type\":\"EntryPoint\",\"urlTemplate\":\"https:\\\/\\\/www.organisator.ch\\\/?s={search_term_string}\"},\"query-input\":{\"@type\":\"PropertyValueSpecification\",\"valueRequired\":true,\"valueName\":\"search_term_string\"}}],\"inLanguage\":\"de\"},{\"@type\":\"Organization\",\"@id\":\"https:\\\/\\\/www.organisator.ch\\\/#organization\",\"name\":\"Organisator\",\"url\":\"https:\\\/\\\/www.organisator.ch\\\/\",\"logo\":{\"@type\":\"ImageObject\",\"inLanguage\":\"de\",\"@id\":\"https:\\\/\\\/www.organisator.ch\\\/#\\\/schema\\\/logo\\\/image\\\/\",\"url\":\"https:\\\/\\\/www.organisator.ch\\\/wp-content\\\/uploads\\\/2022\\\/01\\\/Logo_Organisator_Website.png\",\"contentUrl\":\"https:\\\/\\\/www.organisator.ch\\\/wp-content\\\/uploads\\\/2022\\\/01\\\/Logo_Organisator_Website.png\",\"width\":800,\"height\":77,\"caption\":\"Organisator\"},\"image\":{\"@id\":\"https:\\\/\\\/www.organisator.ch\\\/#\\\/schema\\\/logo\\\/image\\\/\"},\"sameAs\":[\"https:\\\/\\\/www.facebook.com\\\/OrganisatorFachmagazin\",\"https:\\\/\\\/www.linkedin.com\\\/showcase\\\/organisator-das-magazin-fr-kmu\",\"https:\\\/\\\/www.xing.com\\\/news\\\/pages\\\/organisator-ch-695\",\"https:\\\/\\\/www.youtube.com\\\/channel\\\/UCGP2Sq0iWaZwT3BdIAQFYpw\"]},{\"@type\":\"Person\",\"@id\":\"https:\\\/\\\/www.organisator.ch\\\/#\\\/schema\\\/person\\\/4e51799071cd2dd1232ac003643ef5f0\",\"name\":\"galledia\",\"image\":{\"@type\":\"ImageObject\",\"inLanguage\":\"de\",\"@id\":\"https:\\\/\\\/secure.gravatar.com\\\/avatar\\\/78a7f90c01fc2bfc875782a0d4922b37cde2cf184ce347b91316d23cd7f69a36?s=96&d=mm&r=g\",\"url\":\"https:\\\/\\\/secure.gravatar.com\\\/avatar\\\/78a7f90c01fc2bfc875782a0d4922b37cde2cf184ce347b91316d23cd7f69a36?s=96&d=mm&r=g\",\"contentUrl\":\"https:\\\/\\\/secure.gravatar.com\\\/avatar\\\/78a7f90c01fc2bfc875782a0d4922b37cde2cf184ce347b91316d23cd7f69a36?s=96&d=mm&r=g\",\"caption\":\"galledia\"},\"sameAs\":[\"https:\\\/\\\/x.com\\\/admin\"],\"url\":\"https:\\\/\\\/www.organisator.ch\\\/de\\\/author\\\/galledia\\\/\"}]}<\/script>\n<!-- \/ Yoast SEO plugin. -->","yoast_head_json":{"title":"Vier B\u00fccher, die Sie interessieren k\u00f6nnten - Organisator","description":"In Zusammenarbeit mit GetAbstract stellen wir Ihnen vier B\u00fccher aus dem Marketing- und Kommunikationsbereich vor.","robots":{"index":"index","follow":"follow","max-snippet":"max-snippet:-1","max-image-preview":"max-image-preview:large","max-video-preview":"max-video-preview:-1"},"canonical":"https:\/\/www.organisator.ch\/de\/marketing\/2025-05-08\/vier-buecher-die-sie-interessieren-koennten-32\/","og_locale":"de_DE","og_type":"article","og_title":"Vier B\u00fccher, die Sie interessieren k\u00f6nnten - Organisator","og_description":"In Zusammenarbeit mit GetAbstract stellen wir Ihnen vier B\u00fccher aus dem Marketing- und Kommunikationsbereich vor.","og_url":"https:\/\/www.organisator.ch\/de\/marketing\/2025-05-08\/vier-buecher-die-sie-interessieren-koennten-32\/","og_site_name":"Organisator","article_publisher":"https:\/\/www.facebook.com\/OrganisatorFachmagazin","article_published_time":"2025-05-08T06:10:14+00:00","author":"galledia","twitter_card":"summary_large_image","twitter_creator":"@admin","schema":{"@context":"https:\/\/schema.org","@graph":[{"@type":"Article","@id":"https:\/\/www.organisator.ch\/marketing\/2025-05-08\/vier-buecher-die-sie-interessieren-koennten-32\/#article","isPartOf":{"@id":"https:\/\/www.organisator.ch\/marketing\/2025-05-08\/vier-buecher-die-sie-interessieren-koennten-32\/"},"author":{"name":"galledia","@id":"https:\/\/www.organisator.ch\/#\/schema\/person\/4e51799071cd2dd1232ac003643ef5f0"},"headline":"Vier B\u00fccher, die Sie interessieren k\u00f6nnten","datePublished":"2025-05-08T06:10:14+00:00","mainEntityOfPage":{"@id":"https:\/\/www.organisator.ch\/marketing\/2025-05-08\/vier-buecher-die-sie-interessieren-koennten-32\/"},"wordCount":435,"publisher":{"@id":"https:\/\/www.organisator.ch\/#organization"},"image":{"@id":"https:\/\/www.organisator.ch\/marketing\/2025-05-08\/vier-buecher-die-sie-interessieren-koennten-32\/#primaryimage"},"thumbnailUrl":"https:\/\/www.markt-kom.com\/wp-content\/uploads\/2025\/05\/getabstract-lesetips-uebersicht-mai25.jpg","keywords":["Buchtipps","GetAbstract","Lesetipps","MarKom"],"articleSection":["MARKETING"],"inLanguage":"de"},{"@type":"WebPage","@id":"https:\/\/www.organisator.ch\/marketing\/2025-05-08\/vier-buecher-die-sie-interessieren-koennten-32\/","url":"https:\/\/www.organisator.ch\/marketing\/2025-05-08\/vier-buecher-die-sie-interessieren-koennten-32\/","name":"Vier B\u00fccher, die Sie interessieren k\u00f6nnten - Organisator","isPartOf":{"@id":"https:\/\/www.organisator.ch\/#website"},"primaryImageOfPage":{"@id":"https:\/\/www.organisator.ch\/marketing\/2025-05-08\/vier-buecher-die-sie-interessieren-koennten-32\/#primaryimage"},"image":{"@id":"https:\/\/www.organisator.ch\/marketing\/2025-05-08\/vier-buecher-die-sie-interessieren-koennten-32\/#primaryimage"},"thumbnailUrl":"https:\/\/www.markt-kom.com\/wp-content\/uploads\/2025\/05\/getabstract-lesetips-uebersicht-mai25.jpg","datePublished":"2025-05-08T06:10:14+00:00","description":"In Zusammenarbeit mit GetAbstract stellen wir Ihnen vier B\u00fccher aus dem Marketing- und Kommunikationsbereich vor.","breadcrumb":{"@id":"https:\/\/www.organisator.ch\/marketing\/2025-05-08\/vier-buecher-die-sie-interessieren-koennten-32\/#breadcrumb"},"inLanguage":"de","potentialAction":[{"@type":"ReadAction","target":["https:\/\/www.organisator.ch\/marketing\/2025-05-08\/vier-buecher-die-sie-interessieren-koennten-32\/"]}]},{"@type":"ImageObject","inLanguage":"de","@id":"https:\/\/www.organisator.ch\/marketing\/2025-05-08\/vier-buecher-die-sie-interessieren-koennten-32\/#primaryimage","url":"https:\/\/www.markt-kom.com\/wp-content\/uploads\/2025\/05\/getabstract-lesetips-uebersicht-mai25.jpg","contentUrl":"https:\/\/www.markt-kom.com\/wp-content\/uploads\/2025\/05\/getabstract-lesetips-uebersicht-mai25.jpg"},{"@type":"BreadcrumbList","@id":"https:\/\/www.organisator.ch\/marketing\/2025-05-08\/vier-buecher-die-sie-interessieren-koennten-32\/#breadcrumb","itemListElement":[{"@type":"ListItem","position":1,"name":"Home","item":"https:\/\/www.organisator.ch\/"},{"@type":"ListItem","position":2,"name":"Vier B\u00fccher, die Sie interessieren k\u00f6nnten"}]},{"@type":"WebSite","@id":"https:\/\/www.organisator.ch\/#website","url":"https:\/\/www.organisator.ch\/","name":"Organisator","description":"Kompetent. Praxisnah. Der ORGANISATOR bereitet in 10 Ausgaben pro Jahr die wesentlichen Themen f\u00fcr F\u00fchrungskr\u00e4fte von KMU auf.","publisher":{"@id":"https:\/\/www.organisator.ch\/#organization"},"potentialAction":[{"@type":"SearchAction","target":{"@type":"EntryPoint","urlTemplate":"https:\/\/www.organisator.ch\/?s={search_term_string}"},"query-input":{"@type":"PropertyValueSpecification","valueRequired":true,"valueName":"search_term_string"}}],"inLanguage":"de"},{"@type":"Organization","@id":"https:\/\/www.organisator.ch\/#organization","name":"Organisator","url":"https:\/\/www.organisator.ch\/","logo":{"@type":"ImageObject","inLanguage":"de","@id":"https:\/\/www.organisator.ch\/#\/schema\/logo\/image\/","url":"https:\/\/www.organisator.ch\/wp-content\/uploads\/2022\/01\/Logo_Organisator_Website.png","contentUrl":"https:\/\/www.organisator.ch\/wp-content\/uploads\/2022\/01\/Logo_Organisator_Website.png","width":800,"height":77,"caption":"Organisator"},"image":{"@id":"https:\/\/www.organisator.ch\/#\/schema\/logo\/image\/"},"sameAs":["https:\/\/www.facebook.com\/OrganisatorFachmagazin","https:\/\/www.linkedin.com\/showcase\/organisator-das-magazin-fr-kmu","https:\/\/www.xing.com\/news\/pages\/organisator-ch-695","https:\/\/www.youtube.com\/channel\/UCGP2Sq0iWaZwT3BdIAQFYpw"]},{"@type":"Person","@id":"https:\/\/www.organisator.ch\/#\/schema\/person\/4e51799071cd2dd1232ac003643ef5f0","name":"galledia","image":{"@type":"ImageObject","inLanguage":"de","@id":"https:\/\/secure.gravatar.com\/avatar\/78a7f90c01fc2bfc875782a0d4922b37cde2cf184ce347b91316d23cd7f69a36?s=96&d=mm&r=g","url":"https:\/\/secure.gravatar.com\/avatar\/78a7f90c01fc2bfc875782a0d4922b37cde2cf184ce347b91316d23cd7f69a36?s=96&d=mm&r=g","contentUrl":"https:\/\/secure.gravatar.com\/avatar\/78a7f90c01fc2bfc875782a0d4922b37cde2cf184ce347b91316d23cd7f69a36?s=96&d=mm&r=g","caption":"galledia"},"sameAs":["https:\/\/x.com\/admin"],"url":"https:\/\/www.organisator.ch\/de\/author\/galledia\/"}]}},"_links":{"self":[{"href":"https:\/\/www.organisator.ch\/de\/wp-json\/wp\/v2\/posts\/38229","targetHints":{"allow":["GET"]}}],"collection":[{"href":"https:\/\/www.organisator.ch\/de\/wp-json\/wp\/v2\/posts"}],"about":[{"href":"https:\/\/www.organisator.ch\/de\/wp-json\/wp\/v2\/types\/post"}],"author":[{"embeddable":true,"href":"https:\/\/www.organisator.ch\/de\/wp-json\/wp\/v2\/users\/8"}],"replies":[{"embeddable":true,"href":"https:\/\/www.organisator.ch\/de\/wp-json\/wp\/v2\/comments?post=38229"}],"version-history":[{"count":4,"href":"https:\/\/www.organisator.ch\/de\/wp-json\/wp\/v2\/posts\/38229\/revisions"}],"predecessor-version":[{"id":38246,"href":"https:\/\/www.organisator.ch\/de\/wp-json\/wp\/v2\/posts\/38229\/revisions\/38246"}],"wp:attachment":[{"href":"https:\/\/www.organisator.ch\/de\/wp-json\/wp\/v2\/media?parent=38229"}],"wp:term":[{"taxonomy":"category","embeddable":true,"href":"https:\/\/www.organisator.ch\/de\/wp-json\/wp\/v2\/categories?post=38229"},{"taxonomy":"post_tag","embeddable":true,"href":"https:\/\/www.organisator.ch\/de\/wp-json\/wp\/v2\/tags?post=38229"}],"curies":[{"name":"wp","href":"https:\/\/api.w.org\/{rel}","templated":true}]}}