{"id":38280,"date":"2025-05-08T15:04:22","date_gmt":"2025-05-08T13:04:22","guid":{"rendered":"https:\/\/www.markt-kom.com\/?p=234389"},"modified":"2025-05-09T09:01:20","modified_gmt":"2025-05-09T07:01:20","slug":"ramseier-setzt-auf-rembrand","status":"publish","type":"post","link":"https:\/\/www.organisator.ch\/de\/marketing\/2025-05-08\/ramseier-setzt-auf-rembrand\/","title":{"rendered":"Ramseier setzt auf Rembrand"},"content":{"rendered":"<figure id=\"attachment_234391\" class=\"wp-caption aligncenter\" style=\"width: 1200px;\" aria-describedby=\"caption-attachment-234391\"><a href=\"https:\/\/www.markt-kom.com\/wp-content\/uploads\/2025\/05\/Etat_Rembrand_Ramseier.jpg\"><img class=\"size-full wp-image-234391\" src=\"https:\/\/www.markt-kom.com\/wp-content\/uploads\/2025\/05\/Etat_Rembrand_Ramseier.jpg\" sizes=\"(max-width: 1200px) 100vw, 1200px\" srcset=\"https:\/\/www.markt-kom.com\/wp-content\/uploads\/2025\/05\/Etat_Rembrand_Ramseier.jpg 1200w, https:\/\/www.markt-kom.com\/wp-content\/uploads\/2025\/05\/Etat_Rembrand_Ramseier-600x442.jpg 600w, https:\/\/www.markt-kom.com\/wp-content\/uploads\/2025\/05\/Etat_Rembrand_Ramseier-1024x754.jpg 1024w, https:\/\/www.markt-kom.com\/wp-content\/uploads\/2025\/05\/Etat_Rembrand_Ramseier-768x566.jpg 768w, https:\/\/www.markt-kom.com\/wp-content\/uploads\/2025\/05\/Etat_Rembrand_Ramseier-16x12.jpg 16w, https:\/\/www.markt-kom.com\/wp-content\/uploads\/2025\/05\/Etat_Rembrand_Ramseier-238x175.jpg 238w, https:\/\/www.markt-kom.com\/wp-content\/uploads\/2025\/05\/Etat_Rembrand_Ramseier-475x350.jpg 475w, https:\/\/www.markt-kom.com\/wp-content\/uploads\/2025\/05\/Etat_Rembrand_Ramseier-1000x737.jpg 1000w\" alt=\"\" width=\"1200\" height=\"884\" \/><\/a>\r\n<figcaption id=\"caption-attachment-234391\" class=\"wp-caption-text\">Rembrand freut sich \u00fcber den Ramseier-Etatgewinn. (Bild: zVg.)<\/figcaption>\r\n<\/figure>\r\n<p>\u00dcberzeugen konnte die Agentur mit ihrem strategischen Konzept zur Markenentwicklung. \u00abRembrand hat uns mit einem tiefgreifenden Verst\u00e4ndnis f\u00fcr unsere Marke begeistert \u2013 ebenso mit der sp\u00fcrbaren Leidenschaft und dem Engagement des gesamten Teams\u00bb, erkl\u00e4rt Evelyn Kafka, Leiterin Brand Management bei Ramseier Suisse.<\/p>\r\n<p>Bei der St.Galler Agentur ist die Freude gross: \u00abRamseier ist eine ikonische Schweizer Marke \u2013 wir sind stolz und gl\u00fccklich, an ihrer Weiterentwicklung beitragen zu d\u00fcrfen\u00bb, so Rembrand- CEO Andreas Felder.<\/p>\r\n<p>Mit Ramseier erweitert Rembrand seinen mehrfach preisgekr\u00f6nten Food-&amp;-Beverage-Cluster, zu dem bereits nationale Marken wie Minor (Maestrani), Brewbee (Appenzeller Bier) und Green Mountain (Hilcona) z\u00e4hlen.<\/p>\r\n<p><em><a href=\"https:\/\/www.rembrand.ch\/\">Quelle und weitere Informationen<\/a><\/em><\/p>","protected":false},"excerpt":{"rendered":"<p>Neukundenerfolg f\u00fcr Rembrand: In einem mehrstufigen Pitch bei Ramseier Suisse f\u00fcr die gleichnamige Marke konnte sich die St. Galler Agentur gegen ihre Mitbewerber durchsetzen. Erste Ergebnisse der Zusammenarbeit werden 2026 sichtbar.<\/p>\n","protected":false},"author":8,"featured_media":0,"comment_status":"closed","ping_status":"closed","sticky":false,"template":"","format":"standard","meta":{"_acf_changed":false,"_yoast_wpseo_focuskw":"Rembrand","_yoast_wpseo_metadesc":"Neukundenerfolg f\u00fcr Rembrand: Die Agentur gewinnt Ramseier Suisse als Kunde. Erste Ergebnisse der Zusammenarbeit werden 2026 sichtbar.","articlekey":"","footnotes":""},"categories":[29],"tags":[2850,2855,2634,3296],"class_list":["post-38280","post","type-post","status-publish","format-standard","hentry","category-marketing","tag-agenturen","tag-etats","tag-ramseier","tag-rembrand"],"acf":[],"yoast_head":"<!-- This site is optimized with the Yoast SEO plugin v27.4 - https:\/\/yoast.com\/product\/yoast-seo-wordpress\/ -->\n<title>Ramseier setzt auf Rembrand - Organisator<\/title>\n<meta name=\"description\" content=\"Neukundenerfolg f\u00fcr Rembrand: Die Agentur gewinnt Ramseier Suisse als Kunde. Erste Ergebnisse der Zusammenarbeit werden 2026 sichtbar.\" \/>\n<meta name=\"robots\" content=\"index, follow, max-snippet:-1, max-image-preview:large, max-video-preview:-1\" \/>\n<link rel=\"canonical\" href=\"https:\/\/www.organisator.ch\/de\/marketing\/2025-05-08\/ramseier-setzt-auf-rembrand\/\" \/>\n<meta property=\"og:locale\" content=\"de_DE\" \/>\n<meta property=\"og:type\" content=\"article\" \/>\n<meta property=\"og:title\" content=\"Ramseier setzt auf Rembrand - Organisator\" \/>\n<meta property=\"og:description\" content=\"Neukundenerfolg f\u00fcr Rembrand: Die Agentur gewinnt Ramseier Suisse als Kunde. Erste Ergebnisse der Zusammenarbeit werden 2026 sichtbar.\" \/>\n<meta property=\"og:url\" content=\"https:\/\/www.organisator.ch\/de\/marketing\/2025-05-08\/ramseier-setzt-auf-rembrand\/\" \/>\n<meta property=\"og:site_name\" content=\"Organisator\" \/>\n<meta property=\"article:publisher\" content=\"https:\/\/www.facebook.com\/OrganisatorFachmagazin\" \/>\n<meta property=\"article:published_time\" content=\"2025-05-08T13:04:22+00:00\" \/>\n<meta property=\"article:modified_time\" content=\"2025-05-09T07:01:20+00:00\" \/>\n<meta name=\"author\" content=\"galledia\" \/>\n<meta name=\"twitter:card\" content=\"summary_large_image\" \/>\n<meta name=\"twitter:creator\" content=\"@admin\" \/>\n<script type=\"application\/ld+json\" class=\"yoast-schema-graph\">{\"@context\":\"https:\\\/\\\/schema.org\",\"@graph\":[{\"@type\":\"Article\",\"@id\":\"https:\\\/\\\/www.organisator.ch\\\/marketing\\\/2025-05-08\\\/ramseier-setzt-auf-rembrand\\\/#article\",\"isPartOf\":{\"@id\":\"https:\\\/\\\/www.organisator.ch\\\/marketing\\\/2025-05-08\\\/ramseier-setzt-auf-rembrand\\\/\"},\"author\":{\"name\":\"galledia\",\"@id\":\"https:\\\/\\\/www.organisator.ch\\\/#\\\/schema\\\/person\\\/4e51799071cd2dd1232ac003643ef5f0\"},\"headline\":\"Ramseier setzt auf Rembrand\",\"datePublished\":\"2025-05-08T13:04:22+00:00\",\"dateModified\":\"2025-05-09T07:01:20+00:00\",\"mainEntityOfPage\":{\"@id\":\"https:\\\/\\\/www.organisator.ch\\\/marketing\\\/2025-05-08\\\/ramseier-setzt-auf-rembrand\\\/\"},\"wordCount\":122,\"publisher\":{\"@id\":\"https:\\\/\\\/www.organisator.ch\\\/#organization\"},\"image\":{\"@id\":\"https:\\\/\\\/www.organisator.ch\\\/marketing\\\/2025-05-08\\\/ramseier-setzt-auf-rembrand\\\/#primaryimage\"},\"thumbnailUrl\":\"https:\\\/\\\/www.markt-kom.com\\\/wp-content\\\/uploads\\\/2025\\\/05\\\/Etat_Rembrand_Ramseier.jpg\",\"keywords\":[\"Agenturen\",\"Etats\",\"Ramseier\",\"Rembrand\"],\"articleSection\":[\"MARKETING\"],\"inLanguage\":\"de\"},{\"@type\":\"WebPage\",\"@id\":\"https:\\\/\\\/www.organisator.ch\\\/marketing\\\/2025-05-08\\\/ramseier-setzt-auf-rembrand\\\/\",\"url\":\"https:\\\/\\\/www.organisator.ch\\\/marketing\\\/2025-05-08\\\/ramseier-setzt-auf-rembrand\\\/\",\"name\":\"Ramseier setzt auf Rembrand - Organisator\",\"isPartOf\":{\"@id\":\"https:\\\/\\\/www.organisator.ch\\\/#website\"},\"primaryImageOfPage\":{\"@id\":\"https:\\\/\\\/www.organisator.ch\\\/marketing\\\/2025-05-08\\\/ramseier-setzt-auf-rembrand\\\/#primaryimage\"},\"image\":{\"@id\":\"https:\\\/\\\/www.organisator.ch\\\/marketing\\\/2025-05-08\\\/ramseier-setzt-auf-rembrand\\\/#primaryimage\"},\"thumbnailUrl\":\"https:\\\/\\\/www.markt-kom.com\\\/wp-content\\\/uploads\\\/2025\\\/05\\\/Etat_Rembrand_Ramseier.jpg\",\"datePublished\":\"2025-05-08T13:04:22+00:00\",\"dateModified\":\"2025-05-09T07:01:20+00:00\",\"description\":\"Neukundenerfolg f\u00fcr Rembrand: Die Agentur gewinnt Ramseier Suisse als Kunde. Erste Ergebnisse der Zusammenarbeit werden 2026 sichtbar.\",\"breadcrumb\":{\"@id\":\"https:\\\/\\\/www.organisator.ch\\\/marketing\\\/2025-05-08\\\/ramseier-setzt-auf-rembrand\\\/#breadcrumb\"},\"inLanguage\":\"de\",\"potentialAction\":[{\"@type\":\"ReadAction\",\"target\":[\"https:\\\/\\\/www.organisator.ch\\\/marketing\\\/2025-05-08\\\/ramseier-setzt-auf-rembrand\\\/\"]}]},{\"@type\":\"ImageObject\",\"inLanguage\":\"de\",\"@id\":\"https:\\\/\\\/www.organisator.ch\\\/marketing\\\/2025-05-08\\\/ramseier-setzt-auf-rembrand\\\/#primaryimage\",\"url\":\"https:\\\/\\\/www.markt-kom.com\\\/wp-content\\\/uploads\\\/2025\\\/05\\\/Etat_Rembrand_Ramseier.jpg\",\"contentUrl\":\"https:\\\/\\\/www.markt-kom.com\\\/wp-content\\\/uploads\\\/2025\\\/05\\\/Etat_Rembrand_Ramseier.jpg\"},{\"@type\":\"BreadcrumbList\",\"@id\":\"https:\\\/\\\/www.organisator.ch\\\/marketing\\\/2025-05-08\\\/ramseier-setzt-auf-rembrand\\\/#breadcrumb\",\"itemListElement\":[{\"@type\":\"ListItem\",\"position\":1,\"name\":\"Home\",\"item\":\"https:\\\/\\\/www.organisator.ch\\\/\"},{\"@type\":\"ListItem\",\"position\":2,\"name\":\"Ramseier setzt auf Rembrand\"}]},{\"@type\":\"WebSite\",\"@id\":\"https:\\\/\\\/www.organisator.ch\\\/#website\",\"url\":\"https:\\\/\\\/www.organisator.ch\\\/\",\"name\":\"Organisator\",\"description\":\"Kompetent. Praxisnah. Der ORGANISATOR bereitet in 10 Ausgaben pro Jahr die wesentlichen Themen f\u00fcr F\u00fchrungskr\u00e4fte von KMU auf.\",\"publisher\":{\"@id\":\"https:\\\/\\\/www.organisator.ch\\\/#organization\"},\"potentialAction\":[{\"@type\":\"SearchAction\",\"target\":{\"@type\":\"EntryPoint\",\"urlTemplate\":\"https:\\\/\\\/www.organisator.ch\\\/?s={search_term_string}\"},\"query-input\":{\"@type\":\"PropertyValueSpecification\",\"valueRequired\":true,\"valueName\":\"search_term_string\"}}],\"inLanguage\":\"de\"},{\"@type\":\"Organization\",\"@id\":\"https:\\\/\\\/www.organisator.ch\\\/#organization\",\"name\":\"Organisator\",\"url\":\"https:\\\/\\\/www.organisator.ch\\\/\",\"logo\":{\"@type\":\"ImageObject\",\"inLanguage\":\"de\",\"@id\":\"https:\\\/\\\/www.organisator.ch\\\/#\\\/schema\\\/logo\\\/image\\\/\",\"url\":\"https:\\\/\\\/www.organisator.ch\\\/wp-content\\\/uploads\\\/2022\\\/01\\\/Logo_Organisator_Website.png\",\"contentUrl\":\"https:\\\/\\\/www.organisator.ch\\\/wp-content\\\/uploads\\\/2022\\\/01\\\/Logo_Organisator_Website.png\",\"width\":800,\"height\":77,\"caption\":\"Organisator\"},\"image\":{\"@id\":\"https:\\\/\\\/www.organisator.ch\\\/#\\\/schema\\\/logo\\\/image\\\/\"},\"sameAs\":[\"https:\\\/\\\/www.facebook.com\\\/OrganisatorFachmagazin\",\"https:\\\/\\\/www.linkedin.com\\\/showcase\\\/organisator-das-magazin-fr-kmu\",\"https:\\\/\\\/www.xing.com\\\/news\\\/pages\\\/organisator-ch-695\",\"https:\\\/\\\/www.youtube.com\\\/channel\\\/UCGP2Sq0iWaZwT3BdIAQFYpw\"]},{\"@type\":\"Person\",\"@id\":\"https:\\\/\\\/www.organisator.ch\\\/#\\\/schema\\\/person\\\/4e51799071cd2dd1232ac003643ef5f0\",\"name\":\"galledia\",\"image\":{\"@type\":\"ImageObject\",\"inLanguage\":\"de\",\"@id\":\"https:\\\/\\\/secure.gravatar.com\\\/avatar\\\/78a7f90c01fc2bfc875782a0d4922b37cde2cf184ce347b91316d23cd7f69a36?s=96&d=mm&r=g\",\"url\":\"https:\\\/\\\/secure.gravatar.com\\\/avatar\\\/78a7f90c01fc2bfc875782a0d4922b37cde2cf184ce347b91316d23cd7f69a36?s=96&d=mm&r=g\",\"contentUrl\":\"https:\\\/\\\/secure.gravatar.com\\\/avatar\\\/78a7f90c01fc2bfc875782a0d4922b37cde2cf184ce347b91316d23cd7f69a36?s=96&d=mm&r=g\",\"caption\":\"galledia\"},\"sameAs\":[\"https:\\\/\\\/x.com\\\/admin\"],\"url\":\"https:\\\/\\\/www.organisator.ch\\\/de\\\/author\\\/galledia\\\/\"}]}<\/script>\n<!-- \/ Yoast SEO plugin. -->","yoast_head_json":{"title":"Ramseier setzt auf Rembrand - Organisator","description":"Neukundenerfolg f\u00fcr Rembrand: Die Agentur gewinnt Ramseier Suisse als Kunde. Erste Ergebnisse der Zusammenarbeit werden 2026 sichtbar.","robots":{"index":"index","follow":"follow","max-snippet":"max-snippet:-1","max-image-preview":"max-image-preview:large","max-video-preview":"max-video-preview:-1"},"canonical":"https:\/\/www.organisator.ch\/de\/marketing\/2025-05-08\/ramseier-setzt-auf-rembrand\/","og_locale":"de_DE","og_type":"article","og_title":"Ramseier setzt auf Rembrand - Organisator","og_description":"Neukundenerfolg f\u00fcr Rembrand: Die Agentur gewinnt Ramseier Suisse als Kunde. Erste Ergebnisse der Zusammenarbeit werden 2026 sichtbar.","og_url":"https:\/\/www.organisator.ch\/de\/marketing\/2025-05-08\/ramseier-setzt-auf-rembrand\/","og_site_name":"Organisator","article_publisher":"https:\/\/www.facebook.com\/OrganisatorFachmagazin","article_published_time":"2025-05-08T13:04:22+00:00","article_modified_time":"2025-05-09T07:01:20+00:00","author":"galledia","twitter_card":"summary_large_image","twitter_creator":"@admin","schema":{"@context":"https:\/\/schema.org","@graph":[{"@type":"Article","@id":"https:\/\/www.organisator.ch\/marketing\/2025-05-08\/ramseier-setzt-auf-rembrand\/#article","isPartOf":{"@id":"https:\/\/www.organisator.ch\/marketing\/2025-05-08\/ramseier-setzt-auf-rembrand\/"},"author":{"name":"galledia","@id":"https:\/\/www.organisator.ch\/#\/schema\/person\/4e51799071cd2dd1232ac003643ef5f0"},"headline":"Ramseier setzt auf Rembrand","datePublished":"2025-05-08T13:04:22+00:00","dateModified":"2025-05-09T07:01:20+00:00","mainEntityOfPage":{"@id":"https:\/\/www.organisator.ch\/marketing\/2025-05-08\/ramseier-setzt-auf-rembrand\/"},"wordCount":122,"publisher":{"@id":"https:\/\/www.organisator.ch\/#organization"},"image":{"@id":"https:\/\/www.organisator.ch\/marketing\/2025-05-08\/ramseier-setzt-auf-rembrand\/#primaryimage"},"thumbnailUrl":"https:\/\/www.markt-kom.com\/wp-content\/uploads\/2025\/05\/Etat_Rembrand_Ramseier.jpg","keywords":["Agenturen","Etats","Ramseier","Rembrand"],"articleSection":["MARKETING"],"inLanguage":"de"},{"@type":"WebPage","@id":"https:\/\/www.organisator.ch\/marketing\/2025-05-08\/ramseier-setzt-auf-rembrand\/","url":"https:\/\/www.organisator.ch\/marketing\/2025-05-08\/ramseier-setzt-auf-rembrand\/","name":"Ramseier setzt auf Rembrand - Organisator","isPartOf":{"@id":"https:\/\/www.organisator.ch\/#website"},"primaryImageOfPage":{"@id":"https:\/\/www.organisator.ch\/marketing\/2025-05-08\/ramseier-setzt-auf-rembrand\/#primaryimage"},"image":{"@id":"https:\/\/www.organisator.ch\/marketing\/2025-05-08\/ramseier-setzt-auf-rembrand\/#primaryimage"},"thumbnailUrl":"https:\/\/www.markt-kom.com\/wp-content\/uploads\/2025\/05\/Etat_Rembrand_Ramseier.jpg","datePublished":"2025-05-08T13:04:22+00:00","dateModified":"2025-05-09T07:01:20+00:00","description":"Neukundenerfolg f\u00fcr Rembrand: Die Agentur gewinnt Ramseier Suisse als Kunde. Erste Ergebnisse der Zusammenarbeit werden 2026 sichtbar.","breadcrumb":{"@id":"https:\/\/www.organisator.ch\/marketing\/2025-05-08\/ramseier-setzt-auf-rembrand\/#breadcrumb"},"inLanguage":"de","potentialAction":[{"@type":"ReadAction","target":["https:\/\/www.organisator.ch\/marketing\/2025-05-08\/ramseier-setzt-auf-rembrand\/"]}]},{"@type":"ImageObject","inLanguage":"de","@id":"https:\/\/www.organisator.ch\/marketing\/2025-05-08\/ramseier-setzt-auf-rembrand\/#primaryimage","url":"https:\/\/www.markt-kom.com\/wp-content\/uploads\/2025\/05\/Etat_Rembrand_Ramseier.jpg","contentUrl":"https:\/\/www.markt-kom.com\/wp-content\/uploads\/2025\/05\/Etat_Rembrand_Ramseier.jpg"},{"@type":"BreadcrumbList","@id":"https:\/\/www.organisator.ch\/marketing\/2025-05-08\/ramseier-setzt-auf-rembrand\/#breadcrumb","itemListElement":[{"@type":"ListItem","position":1,"name":"Home","item":"https:\/\/www.organisator.ch\/"},{"@type":"ListItem","position":2,"name":"Ramseier setzt auf Rembrand"}]},{"@type":"WebSite","@id":"https:\/\/www.organisator.ch\/#website","url":"https:\/\/www.organisator.ch\/","name":"Organisator","description":"Kompetent. Praxisnah. Der ORGANISATOR bereitet in 10 Ausgaben pro Jahr die wesentlichen Themen f\u00fcr F\u00fchrungskr\u00e4fte von KMU auf.","publisher":{"@id":"https:\/\/www.organisator.ch\/#organization"},"potentialAction":[{"@type":"SearchAction","target":{"@type":"EntryPoint","urlTemplate":"https:\/\/www.organisator.ch\/?s={search_term_string}"},"query-input":{"@type":"PropertyValueSpecification","valueRequired":true,"valueName":"search_term_string"}}],"inLanguage":"de"},{"@type":"Organization","@id":"https:\/\/www.organisator.ch\/#organization","name":"Organisator","url":"https:\/\/www.organisator.ch\/","logo":{"@type":"ImageObject","inLanguage":"de","@id":"https:\/\/www.organisator.ch\/#\/schema\/logo\/image\/","url":"https:\/\/www.organisator.ch\/wp-content\/uploads\/2022\/01\/Logo_Organisator_Website.png","contentUrl":"https:\/\/www.organisator.ch\/wp-content\/uploads\/2022\/01\/Logo_Organisator_Website.png","width":800,"height":77,"caption":"Organisator"},"image":{"@id":"https:\/\/www.organisator.ch\/#\/schema\/logo\/image\/"},"sameAs":["https:\/\/www.facebook.com\/OrganisatorFachmagazin","https:\/\/www.linkedin.com\/showcase\/organisator-das-magazin-fr-kmu","https:\/\/www.xing.com\/news\/pages\/organisator-ch-695","https:\/\/www.youtube.com\/channel\/UCGP2Sq0iWaZwT3BdIAQFYpw"]},{"@type":"Person","@id":"https:\/\/www.organisator.ch\/#\/schema\/person\/4e51799071cd2dd1232ac003643ef5f0","name":"galledia","image":{"@type":"ImageObject","inLanguage":"de","@id":"https:\/\/secure.gravatar.com\/avatar\/78a7f90c01fc2bfc875782a0d4922b37cde2cf184ce347b91316d23cd7f69a36?s=96&d=mm&r=g","url":"https:\/\/secure.gravatar.com\/avatar\/78a7f90c01fc2bfc875782a0d4922b37cde2cf184ce347b91316d23cd7f69a36?s=96&d=mm&r=g","contentUrl":"https:\/\/secure.gravatar.com\/avatar\/78a7f90c01fc2bfc875782a0d4922b37cde2cf184ce347b91316d23cd7f69a36?s=96&d=mm&r=g","caption":"galledia"},"sameAs":["https:\/\/x.com\/admin"],"url":"https:\/\/www.organisator.ch\/de\/author\/galledia\/"}]}},"_links":{"self":[{"href":"https:\/\/www.organisator.ch\/de\/wp-json\/wp\/v2\/posts\/38280","targetHints":{"allow":["GET"]}}],"collection":[{"href":"https:\/\/www.organisator.ch\/de\/wp-json\/wp\/v2\/posts"}],"about":[{"href":"https:\/\/www.organisator.ch\/de\/wp-json\/wp\/v2\/types\/post"}],"author":[{"embeddable":true,"href":"https:\/\/www.organisator.ch\/de\/wp-json\/wp\/v2\/users\/8"}],"replies":[{"embeddable":true,"href":"https:\/\/www.organisator.ch\/de\/wp-json\/wp\/v2\/comments?post=38280"}],"version-history":[{"count":4,"href":"https:\/\/www.organisator.ch\/de\/wp-json\/wp\/v2\/posts\/38280\/revisions"}],"predecessor-version":[{"id":38292,"href":"https:\/\/www.organisator.ch\/de\/wp-json\/wp\/v2\/posts\/38280\/revisions\/38292"}],"wp:attachment":[{"href":"https:\/\/www.organisator.ch\/de\/wp-json\/wp\/v2\/media?parent=38280"}],"wp:term":[{"taxonomy":"category","embeddable":true,"href":"https:\/\/www.organisator.ch\/de\/wp-json\/wp\/v2\/categories?post=38280"},{"taxonomy":"post_tag","embeddable":true,"href":"https:\/\/www.organisator.ch\/de\/wp-json\/wp\/v2\/tags?post=38280"}],"curies":[{"name":"wp","href":"https:\/\/api.w.org\/{rel}","templated":true}]}}