{"id":38304,"date":"2025-05-09T17:08:27","date_gmt":"2025-05-09T15:08:27","guid":{"rendered":"https:\/\/www.markt-kom.com\/?p=234446"},"modified":"2025-05-12T08:07:38","modified_gmt":"2025-05-12T06:07:38","slug":"ki-und-neue-perspektiven-auf-die-menschheitserfahrung","status":"publish","type":"post","link":"https:\/\/www.organisator.ch\/de\/marketing\/2025-05-09\/ki-und-neue-perspektiven-auf-die-menschheitserfahrung\/","title":{"rendered":"KI und neue Perspektiven auf die Menschheitserfahrung"},"content":{"rendered":"<figure id=\"attachment_234447\" class=\"wp-caption aligncenter\" style=\"width: 1200px;\" aria-describedby=\"caption-attachment-234447\"><a href=\"https:\/\/www.markt-kom.com\/wp-content\/uploads\/2025\/05\/YarivAdanMSBolayAI-Podcast.jpg\"><img class=\"size-full wp-image-234447\" src=\"https:\/\/www.markt-kom.com\/wp-content\/uploads\/2025\/05\/YarivAdanMSBolayAI-Podcast.jpg\" sizes=\"(max-width: 1200px) 100vw, 1200px\" srcset=\"https:\/\/www.markt-kom.com\/wp-content\/uploads\/2025\/05\/YarivAdanMSBolayAI-Podcast.jpg 1200w, https:\/\/www.markt-kom.com\/wp-content\/uploads\/2025\/05\/YarivAdanMSBolayAI-Podcast-600x338.jpg 600w, https:\/\/www.markt-kom.com\/wp-content\/uploads\/2025\/05\/YarivAdanMSBolayAI-Podcast-1024x576.jpg 1024w, https:\/\/www.markt-kom.com\/wp-content\/uploads\/2025\/05\/YarivAdanMSBolayAI-Podcast-768x432.jpg 768w, https:\/\/www.markt-kom.com\/wp-content\/uploads\/2025\/05\/YarivAdanMSBolayAI-Podcast-18x10.jpg 18w, https:\/\/www.markt-kom.com\/wp-content\/uploads\/2025\/05\/YarivAdanMSBolayAI-Podcast-311x175.jpg 311w, https:\/\/www.markt-kom.com\/wp-content\/uploads\/2025\/05\/YarivAdanMSBolayAI-Podcast-622x350.jpg 622w, https:\/\/www.markt-kom.com\/wp-content\/uploads\/2025\/05\/YarivAdanMSBolayAI-Podcast-1000x563.jpg 1000w\" alt=\"\" width=\"1200\" height=\"675\" \/><\/a>\r\n<figcaption id=\"caption-attachment-234447\" class=\"wp-caption-text\">(Bild: zVg.)<\/figcaption>\r\n<\/figure>\r\n<p>Der aktuelle AI-Podcast der Textakademie begr\u00fcsste dieses Mal zwei G\u00e4ste. Yariv Adan hat Google Assistant, Google Cloud und Google Lens mitentwickelt, und Muri\u00e8le Solange Bolay ist Mitorganisatorin der <a href=\"https:\/\/creativeswitzerland.com\/future-of-humanity-at-basel-2025\/\">\u00abFuture of Humanity Experience\u00bb<\/a> \u2013\u00a0einer Parallelveranstaltung zur Art Basel. Zudem ist sie Investorin und Founder von MSB &amp; Partners, wo sie seit 18 Jahren als Transformationsexpertin und Executive Coach t\u00e4tig ist. Moderiert wurde das Gespr\u00e4ch abermals von dem Journalisten Christoph Soltmannowski.<\/p>\r\n<p>Yariv Adan, heute General Partner der Venturekapital-Firma Ellipsis\u00a0in Zug, zieht beim Thema K\u00fcnstliche Intelligenz einen Vergleich zu den Anf\u00e4ngen der Menschheit: \u00abIm Moment sind wir wie H\u00f6hlenmenschen, die gerade das Feuer entdeckt haben und versuchen, sich vorzustellen, was sie damit alles machen k\u00f6nnen. Das Potenzial geht weit \u00fcber unser heutiges Verst\u00e4ndnis und unsere Vorstellungskraft hinaus\u00bb.<\/p>\r\n<p>Er beschreibt, wie Sprachschnittstellen den Zugang zur Technologie f\u00fcr alle erleichtern, unabh\u00e4ngig von Alter, Herkunft oder technischem Know-how. \u00abPl\u00f6tzlich kann jeder damit umgehen \u2013 jemand, der drei Jahre alt ist, jemand, der 100 Jahre alt ist, jemand, der reich ist, jemand, der arm ist. Egal ob technisch versiert oder nicht\u00bb.<\/p>\r\n<h3><strong>Die Zukunft der Menschheitserfahrung: Kunst als soziales Laboratorium<\/strong><\/h3>\r\n<p>Der ehemalige Produktmanager von Google wird als Experte an der \u00abFuture of Humanity Experience\u00bb teilnehmen, die von Muri\u00e8le Solange Bolay mitorganisiert wird. Die Veranstaltung versteht sich als Plattform f\u00fcr interdisziplin\u00e4ren Dialog und bringt Vertreter:innen aus den Bereichen Kunst, Unternehmen, Wissenschaft sowie Futurist:innen und Vision\u00e4r:innen zusammen. Das gemeinsame Ziel: Kreativit\u00e4t in den Alltag und in Entscheidungsprozesse zu integrieren und neue Perspektiven f\u00fcr die Zukunft der Menschheit zu generieren. \u00abWir m\u00fcssen uns befreien und neu entdecken. Die Menschen m\u00fcssen sich ihrer neuen Rolle bewusst werden \u2013 und auch die Potenziale und Perspektiven entdecken, die sich in der neuen Welt er\u00f6ffnen\u00bb, so Bolay.<\/p>\r\n<p><iframe title=\"#20 | Yariv Adan (ex-Google) und Muri\u00e8le Bolay | Rettet AI mit Kreativit\u00e4t die Welt?\" src=\"https:\/\/www.youtube.com\/embed\/JvD6EZvUWXY?feature=oembed\" width=\"768\" height=\"432\" frameborder=\"0\" allowfullscreen=\"allowfullscreen\"><\/iframe><\/p>","protected":false},"excerpt":{"rendered":"<p>Wird k\u00fcnstliche Intelligenz zu einer nat\u00fcrlichen Sache? Bringt sie mehr Kreativit\u00e4t in unseren Alltag? Ver\u00e4ndert sie unsere Gesellschaft nicht nur technisch, sondern grundlegend, zum Guten? Diese Themen besprechen Yariv Adan und Muri\u00e8le Solange Bolay in der aktuellen Folge des AI-Podcasts der Text Akademie.<\/p>\n","protected":false},"author":8,"featured_media":0,"comment_status":"closed","ping_status":"closed","sticky":false,"template":"","format":"standard","meta":{"_acf_changed":false,"_yoast_wpseo_focuskw":"Menschheitserfahrung","_yoast_wpseo_metadesc":"Yariv Adan und Muri\u00e8le Solange Bolay besprechen in einem neuen AI-Podcast der Text Akademie KI-Perspektiven auf die Menschheitserfahrung.","articlekey":"","footnotes":""},"categories":[29],"tags":[319,4348,4343,2645,5137],"class_list":["post-38304","post","type-post","status-publish","format-standard","hentry","category-marketing","tag-kuenstliche-intelligenz","tag-mk-format","tag-markom","tag-podcast","tag-textakademie"],"acf":[],"yoast_head":"<!-- This site is optimized with the Yoast SEO plugin v27.5 - https:\/\/yoast.com\/product\/yoast-seo-wordpress\/ -->\n<title>KI und neue Perspektiven auf die Menschheitserfahrung - Organisator<\/title>\n<meta name=\"description\" content=\"Yariv Adan und Muri\u00e8le Solange Bolay besprechen in einem neuen AI-Podcast der Text Akademie KI-Perspektiven auf die Menschheitserfahrung.\" \/>\n<meta name=\"robots\" content=\"index, follow, max-snippet:-1, max-image-preview:large, max-video-preview:-1\" \/>\n<link rel=\"canonical\" href=\"https:\/\/www.organisator.ch\/de\/marketing\/2025-05-09\/ki-und-neue-perspektiven-auf-die-menschheitserfahrung\/\" \/>\n<meta property=\"og:locale\" content=\"de_DE\" \/>\n<meta property=\"og:type\" content=\"article\" \/>\n<meta property=\"og:title\" content=\"KI und neue Perspektiven auf die Menschheitserfahrung - Organisator\" \/>\n<meta property=\"og:description\" content=\"Yariv Adan und Muri\u00e8le Solange Bolay besprechen in einem neuen AI-Podcast der Text Akademie KI-Perspektiven auf die Menschheitserfahrung.\" \/>\n<meta property=\"og:url\" content=\"https:\/\/www.organisator.ch\/de\/marketing\/2025-05-09\/ki-und-neue-perspektiven-auf-die-menschheitserfahrung\/\" \/>\n<meta property=\"og:site_name\" content=\"Organisator\" \/>\n<meta property=\"article:publisher\" content=\"https:\/\/www.facebook.com\/OrganisatorFachmagazin\" \/>\n<meta property=\"article:published_time\" content=\"2025-05-09T15:08:27+00:00\" \/>\n<meta property=\"article:modified_time\" content=\"2025-05-12T06:07:38+00:00\" \/>\n<meta name=\"author\" content=\"galledia\" \/>\n<meta name=\"twitter:card\" content=\"summary_large_image\" \/>\n<meta name=\"twitter:creator\" content=\"@admin\" \/>\n<script type=\"application\/ld+json\" class=\"yoast-schema-graph\">{\"@context\":\"https:\\\/\\\/schema.org\",\"@graph\":[{\"@type\":\"Article\",\"@id\":\"https:\\\/\\\/www.organisator.ch\\\/marketing\\\/2025-05-09\\\/ki-und-neue-perspektiven-auf-die-menschheitserfahrung\\\/#article\",\"isPartOf\":{\"@id\":\"https:\\\/\\\/www.organisator.ch\\\/marketing\\\/2025-05-09\\\/ki-und-neue-perspektiven-auf-die-menschheitserfahrung\\\/\"},\"author\":{\"name\":\"galledia\",\"@id\":\"https:\\\/\\\/www.organisator.ch\\\/#\\\/schema\\\/person\\\/4e51799071cd2dd1232ac003643ef5f0\"},\"headline\":\"KI und neue Perspektiven auf die Menschheitserfahrung\",\"datePublished\":\"2025-05-09T15:08:27+00:00\",\"dateModified\":\"2025-05-12T06:07:38+00:00\",\"mainEntityOfPage\":{\"@id\":\"https:\\\/\\\/www.organisator.ch\\\/marketing\\\/2025-05-09\\\/ki-und-neue-perspektiven-auf-die-menschheitserfahrung\\\/\"},\"wordCount\":313,\"publisher\":{\"@id\":\"https:\\\/\\\/www.organisator.ch\\\/#organization\"},\"image\":{\"@id\":\"https:\\\/\\\/www.organisator.ch\\\/marketing\\\/2025-05-09\\\/ki-und-neue-perspektiven-auf-die-menschheitserfahrung\\\/#primaryimage\"},\"thumbnailUrl\":\"https:\\\/\\\/www.markt-kom.com\\\/wp-content\\\/uploads\\\/2025\\\/05\\\/YarivAdanMSBolayAI-Podcast.jpg\",\"keywords\":[\"K\u00fcnstliche Intelligenz\",\"m&amp;k FORMAT\",\"MarKom\",\"Podcast\",\"Textakademie\"],\"articleSection\":[\"MARKETING\"],\"inLanguage\":\"de\"},{\"@type\":\"WebPage\",\"@id\":\"https:\\\/\\\/www.organisator.ch\\\/marketing\\\/2025-05-09\\\/ki-und-neue-perspektiven-auf-die-menschheitserfahrung\\\/\",\"url\":\"https:\\\/\\\/www.organisator.ch\\\/marketing\\\/2025-05-09\\\/ki-und-neue-perspektiven-auf-die-menschheitserfahrung\\\/\",\"name\":\"KI und neue Perspektiven auf die Menschheitserfahrung - Organisator\",\"isPartOf\":{\"@id\":\"https:\\\/\\\/www.organisator.ch\\\/#website\"},\"primaryImageOfPage\":{\"@id\":\"https:\\\/\\\/www.organisator.ch\\\/marketing\\\/2025-05-09\\\/ki-und-neue-perspektiven-auf-die-menschheitserfahrung\\\/#primaryimage\"},\"image\":{\"@id\":\"https:\\\/\\\/www.organisator.ch\\\/marketing\\\/2025-05-09\\\/ki-und-neue-perspektiven-auf-die-menschheitserfahrung\\\/#primaryimage\"},\"thumbnailUrl\":\"https:\\\/\\\/www.markt-kom.com\\\/wp-content\\\/uploads\\\/2025\\\/05\\\/YarivAdanMSBolayAI-Podcast.jpg\",\"datePublished\":\"2025-05-09T15:08:27+00:00\",\"dateModified\":\"2025-05-12T06:07:38+00:00\",\"description\":\"Yariv Adan und Muri\u00e8le Solange Bolay besprechen in einem neuen AI-Podcast der Text Akademie KI-Perspektiven auf die Menschheitserfahrung.\",\"breadcrumb\":{\"@id\":\"https:\\\/\\\/www.organisator.ch\\\/marketing\\\/2025-05-09\\\/ki-und-neue-perspektiven-auf-die-menschheitserfahrung\\\/#breadcrumb\"},\"inLanguage\":\"de\",\"potentialAction\":[{\"@type\":\"ReadAction\",\"target\":[\"https:\\\/\\\/www.organisator.ch\\\/marketing\\\/2025-05-09\\\/ki-und-neue-perspektiven-auf-die-menschheitserfahrung\\\/\"]}]},{\"@type\":\"ImageObject\",\"inLanguage\":\"de\",\"@id\":\"https:\\\/\\\/www.organisator.ch\\\/marketing\\\/2025-05-09\\\/ki-und-neue-perspektiven-auf-die-menschheitserfahrung\\\/#primaryimage\",\"url\":\"https:\\\/\\\/www.markt-kom.com\\\/wp-content\\\/uploads\\\/2025\\\/05\\\/YarivAdanMSBolayAI-Podcast.jpg\",\"contentUrl\":\"https:\\\/\\\/www.markt-kom.com\\\/wp-content\\\/uploads\\\/2025\\\/05\\\/YarivAdanMSBolayAI-Podcast.jpg\"},{\"@type\":\"BreadcrumbList\",\"@id\":\"https:\\\/\\\/www.organisator.ch\\\/marketing\\\/2025-05-09\\\/ki-und-neue-perspektiven-auf-die-menschheitserfahrung\\\/#breadcrumb\",\"itemListElement\":[{\"@type\":\"ListItem\",\"position\":1,\"name\":\"Home\",\"item\":\"https:\\\/\\\/www.organisator.ch\\\/\"},{\"@type\":\"ListItem\",\"position\":2,\"name\":\"KI und neue Perspektiven auf die Menschheitserfahrung\"}]},{\"@type\":\"WebSite\",\"@id\":\"https:\\\/\\\/www.organisator.ch\\\/#website\",\"url\":\"https:\\\/\\\/www.organisator.ch\\\/\",\"name\":\"Organisator\",\"description\":\"Kompetent. Praxisnah. Der ORGANISATOR bereitet in 10 Ausgaben pro Jahr die wesentlichen Themen f\u00fcr F\u00fchrungskr\u00e4fte von KMU auf.\",\"publisher\":{\"@id\":\"https:\\\/\\\/www.organisator.ch\\\/#organization\"},\"potentialAction\":[{\"@type\":\"SearchAction\",\"target\":{\"@type\":\"EntryPoint\",\"urlTemplate\":\"https:\\\/\\\/www.organisator.ch\\\/?s={search_term_string}\"},\"query-input\":{\"@type\":\"PropertyValueSpecification\",\"valueRequired\":true,\"valueName\":\"search_term_string\"}}],\"inLanguage\":\"de\"},{\"@type\":\"Organization\",\"@id\":\"https:\\\/\\\/www.organisator.ch\\\/#organization\",\"name\":\"Organisator\",\"url\":\"https:\\\/\\\/www.organisator.ch\\\/\",\"logo\":{\"@type\":\"ImageObject\",\"inLanguage\":\"de\",\"@id\":\"https:\\\/\\\/www.organisator.ch\\\/#\\\/schema\\\/logo\\\/image\\\/\",\"url\":\"https:\\\/\\\/www.organisator.ch\\\/wp-content\\\/uploads\\\/2022\\\/01\\\/Logo_Organisator_Website.png\",\"contentUrl\":\"https:\\\/\\\/www.organisator.ch\\\/wp-content\\\/uploads\\\/2022\\\/01\\\/Logo_Organisator_Website.png\",\"width\":800,\"height\":77,\"caption\":\"Organisator\"},\"image\":{\"@id\":\"https:\\\/\\\/www.organisator.ch\\\/#\\\/schema\\\/logo\\\/image\\\/\"},\"sameAs\":[\"https:\\\/\\\/www.facebook.com\\\/OrganisatorFachmagazin\",\"https:\\\/\\\/www.linkedin.com\\\/showcase\\\/organisator-das-magazin-fr-kmu\",\"https:\\\/\\\/www.xing.com\\\/news\\\/pages\\\/organisator-ch-695\",\"https:\\\/\\\/www.youtube.com\\\/channel\\\/UCGP2Sq0iWaZwT3BdIAQFYpw\"]},{\"@type\":\"Person\",\"@id\":\"https:\\\/\\\/www.organisator.ch\\\/#\\\/schema\\\/person\\\/4e51799071cd2dd1232ac003643ef5f0\",\"name\":\"galledia\",\"image\":{\"@type\":\"ImageObject\",\"inLanguage\":\"de\",\"@id\":\"https:\\\/\\\/secure.gravatar.com\\\/avatar\\\/78a7f90c01fc2bfc875782a0d4922b37cde2cf184ce347b91316d23cd7f69a36?s=96&d=mm&r=g\",\"url\":\"https:\\\/\\\/secure.gravatar.com\\\/avatar\\\/78a7f90c01fc2bfc875782a0d4922b37cde2cf184ce347b91316d23cd7f69a36?s=96&d=mm&r=g\",\"contentUrl\":\"https:\\\/\\\/secure.gravatar.com\\\/avatar\\\/78a7f90c01fc2bfc875782a0d4922b37cde2cf184ce347b91316d23cd7f69a36?s=96&d=mm&r=g\",\"caption\":\"galledia\"},\"sameAs\":[\"https:\\\/\\\/x.com\\\/admin\"],\"url\":\"https:\\\/\\\/www.organisator.ch\\\/de\\\/author\\\/galledia\\\/\"}]}<\/script>\n<!-- \/ Yoast SEO plugin. -->","yoast_head_json":{"title":"KI und neue Perspektiven auf die Menschheitserfahrung - Organisator","description":"Yariv Adan und Muri\u00e8le Solange Bolay besprechen in einem neuen AI-Podcast der Text Akademie KI-Perspektiven auf die Menschheitserfahrung.","robots":{"index":"index","follow":"follow","max-snippet":"max-snippet:-1","max-image-preview":"max-image-preview:large","max-video-preview":"max-video-preview:-1"},"canonical":"https:\/\/www.organisator.ch\/de\/marketing\/2025-05-09\/ki-und-neue-perspektiven-auf-die-menschheitserfahrung\/","og_locale":"de_DE","og_type":"article","og_title":"KI und neue Perspektiven auf die Menschheitserfahrung - Organisator","og_description":"Yariv Adan und Muri\u00e8le Solange Bolay besprechen in einem neuen AI-Podcast der Text Akademie KI-Perspektiven auf die Menschheitserfahrung.","og_url":"https:\/\/www.organisator.ch\/de\/marketing\/2025-05-09\/ki-und-neue-perspektiven-auf-die-menschheitserfahrung\/","og_site_name":"Organisator","article_publisher":"https:\/\/www.facebook.com\/OrganisatorFachmagazin","article_published_time":"2025-05-09T15:08:27+00:00","article_modified_time":"2025-05-12T06:07:38+00:00","author":"galledia","twitter_card":"summary_large_image","twitter_creator":"@admin","schema":{"@context":"https:\/\/schema.org","@graph":[{"@type":"Article","@id":"https:\/\/www.organisator.ch\/marketing\/2025-05-09\/ki-und-neue-perspektiven-auf-die-menschheitserfahrung\/#article","isPartOf":{"@id":"https:\/\/www.organisator.ch\/marketing\/2025-05-09\/ki-und-neue-perspektiven-auf-die-menschheitserfahrung\/"},"author":{"name":"galledia","@id":"https:\/\/www.organisator.ch\/#\/schema\/person\/4e51799071cd2dd1232ac003643ef5f0"},"headline":"KI und neue Perspektiven auf die Menschheitserfahrung","datePublished":"2025-05-09T15:08:27+00:00","dateModified":"2025-05-12T06:07:38+00:00","mainEntityOfPage":{"@id":"https:\/\/www.organisator.ch\/marketing\/2025-05-09\/ki-und-neue-perspektiven-auf-die-menschheitserfahrung\/"},"wordCount":313,"publisher":{"@id":"https:\/\/www.organisator.ch\/#organization"},"image":{"@id":"https:\/\/www.organisator.ch\/marketing\/2025-05-09\/ki-und-neue-perspektiven-auf-die-menschheitserfahrung\/#primaryimage"},"thumbnailUrl":"https:\/\/www.markt-kom.com\/wp-content\/uploads\/2025\/05\/YarivAdanMSBolayAI-Podcast.jpg","keywords":["K\u00fcnstliche Intelligenz","m&amp;k FORMAT","MarKom","Podcast","Textakademie"],"articleSection":["MARKETING"],"inLanguage":"de"},{"@type":"WebPage","@id":"https:\/\/www.organisator.ch\/marketing\/2025-05-09\/ki-und-neue-perspektiven-auf-die-menschheitserfahrung\/","url":"https:\/\/www.organisator.ch\/marketing\/2025-05-09\/ki-und-neue-perspektiven-auf-die-menschheitserfahrung\/","name":"KI und neue Perspektiven auf die Menschheitserfahrung - Organisator","isPartOf":{"@id":"https:\/\/www.organisator.ch\/#website"},"primaryImageOfPage":{"@id":"https:\/\/www.organisator.ch\/marketing\/2025-05-09\/ki-und-neue-perspektiven-auf-die-menschheitserfahrung\/#primaryimage"},"image":{"@id":"https:\/\/www.organisator.ch\/marketing\/2025-05-09\/ki-und-neue-perspektiven-auf-die-menschheitserfahrung\/#primaryimage"},"thumbnailUrl":"https:\/\/www.markt-kom.com\/wp-content\/uploads\/2025\/05\/YarivAdanMSBolayAI-Podcast.jpg","datePublished":"2025-05-09T15:08:27+00:00","dateModified":"2025-05-12T06:07:38+00:00","description":"Yariv Adan und Muri\u00e8le Solange Bolay besprechen in einem neuen AI-Podcast der Text Akademie KI-Perspektiven auf die Menschheitserfahrung.","breadcrumb":{"@id":"https:\/\/www.organisator.ch\/marketing\/2025-05-09\/ki-und-neue-perspektiven-auf-die-menschheitserfahrung\/#breadcrumb"},"inLanguage":"de","potentialAction":[{"@type":"ReadAction","target":["https:\/\/www.organisator.ch\/marketing\/2025-05-09\/ki-und-neue-perspektiven-auf-die-menschheitserfahrung\/"]}]},{"@type":"ImageObject","inLanguage":"de","@id":"https:\/\/www.organisator.ch\/marketing\/2025-05-09\/ki-und-neue-perspektiven-auf-die-menschheitserfahrung\/#primaryimage","url":"https:\/\/www.markt-kom.com\/wp-content\/uploads\/2025\/05\/YarivAdanMSBolayAI-Podcast.jpg","contentUrl":"https:\/\/www.markt-kom.com\/wp-content\/uploads\/2025\/05\/YarivAdanMSBolayAI-Podcast.jpg"},{"@type":"BreadcrumbList","@id":"https:\/\/www.organisator.ch\/marketing\/2025-05-09\/ki-und-neue-perspektiven-auf-die-menschheitserfahrung\/#breadcrumb","itemListElement":[{"@type":"ListItem","position":1,"name":"Home","item":"https:\/\/www.organisator.ch\/"},{"@type":"ListItem","position":2,"name":"KI und neue Perspektiven auf die Menschheitserfahrung"}]},{"@type":"WebSite","@id":"https:\/\/www.organisator.ch\/#website","url":"https:\/\/www.organisator.ch\/","name":"Organisator","description":"Kompetent. Praxisnah. Der ORGANISATOR bereitet in 10 Ausgaben pro Jahr die wesentlichen Themen f\u00fcr F\u00fchrungskr\u00e4fte von KMU auf.","publisher":{"@id":"https:\/\/www.organisator.ch\/#organization"},"potentialAction":[{"@type":"SearchAction","target":{"@type":"EntryPoint","urlTemplate":"https:\/\/www.organisator.ch\/?s={search_term_string}"},"query-input":{"@type":"PropertyValueSpecification","valueRequired":true,"valueName":"search_term_string"}}],"inLanguage":"de"},{"@type":"Organization","@id":"https:\/\/www.organisator.ch\/#organization","name":"Organisator","url":"https:\/\/www.organisator.ch\/","logo":{"@type":"ImageObject","inLanguage":"de","@id":"https:\/\/www.organisator.ch\/#\/schema\/logo\/image\/","url":"https:\/\/www.organisator.ch\/wp-content\/uploads\/2022\/01\/Logo_Organisator_Website.png","contentUrl":"https:\/\/www.organisator.ch\/wp-content\/uploads\/2022\/01\/Logo_Organisator_Website.png","width":800,"height":77,"caption":"Organisator"},"image":{"@id":"https:\/\/www.organisator.ch\/#\/schema\/logo\/image\/"},"sameAs":["https:\/\/www.facebook.com\/OrganisatorFachmagazin","https:\/\/www.linkedin.com\/showcase\/organisator-das-magazin-fr-kmu","https:\/\/www.xing.com\/news\/pages\/organisator-ch-695","https:\/\/www.youtube.com\/channel\/UCGP2Sq0iWaZwT3BdIAQFYpw"]},{"@type":"Person","@id":"https:\/\/www.organisator.ch\/#\/schema\/person\/4e51799071cd2dd1232ac003643ef5f0","name":"galledia","image":{"@type":"ImageObject","inLanguage":"de","@id":"https:\/\/secure.gravatar.com\/avatar\/78a7f90c01fc2bfc875782a0d4922b37cde2cf184ce347b91316d23cd7f69a36?s=96&d=mm&r=g","url":"https:\/\/secure.gravatar.com\/avatar\/78a7f90c01fc2bfc875782a0d4922b37cde2cf184ce347b91316d23cd7f69a36?s=96&d=mm&r=g","contentUrl":"https:\/\/secure.gravatar.com\/avatar\/78a7f90c01fc2bfc875782a0d4922b37cde2cf184ce347b91316d23cd7f69a36?s=96&d=mm&r=g","caption":"galledia"},"sameAs":["https:\/\/x.com\/admin"],"url":"https:\/\/www.organisator.ch\/de\/author\/galledia\/"}]}},"_links":{"self":[{"href":"https:\/\/www.organisator.ch\/de\/wp-json\/wp\/v2\/posts\/38304","targetHints":{"allow":["GET"]}}],"collection":[{"href":"https:\/\/www.organisator.ch\/de\/wp-json\/wp\/v2\/posts"}],"about":[{"href":"https:\/\/www.organisator.ch\/de\/wp-json\/wp\/v2\/types\/post"}],"author":[{"embeddable":true,"href":"https:\/\/www.organisator.ch\/de\/wp-json\/wp\/v2\/users\/8"}],"replies":[{"embeddable":true,"href":"https:\/\/www.organisator.ch\/de\/wp-json\/wp\/v2\/comments?post=38304"}],"version-history":[{"count":5,"href":"https:\/\/www.organisator.ch\/de\/wp-json\/wp\/v2\/posts\/38304\/revisions"}],"predecessor-version":[{"id":38315,"href":"https:\/\/www.organisator.ch\/de\/wp-json\/wp\/v2\/posts\/38304\/revisions\/38315"}],"wp:attachment":[{"href":"https:\/\/www.organisator.ch\/de\/wp-json\/wp\/v2\/media?parent=38304"}],"wp:term":[{"taxonomy":"category","embeddable":true,"href":"https:\/\/www.organisator.ch\/de\/wp-json\/wp\/v2\/categories?post=38304"},{"taxonomy":"post_tag","embeddable":true,"href":"https:\/\/www.organisator.ch\/de\/wp-json\/wp\/v2\/tags?post=38304"}],"curies":[{"name":"wp","href":"https:\/\/api.w.org\/{rel}","templated":true}]}}