{"id":38368,"date":"2025-05-14T09:08:10","date_gmt":"2025-05-14T07:08:10","guid":{"rendered":"https:\/\/www.m-q.ch\/?p=21469"},"modified":"2025-05-14T13:39:00","modified_gmt":"2025-05-14T11:39:00","slug":"skyguide-setzt-neue-standards-fuer-umweltbewusste-flugsicherung","status":"publish","type":"post","link":"https:\/\/www.organisator.ch\/de\/sustainability\/2025-05-14\/skyguide-setzt-neue-standards-fuer-umweltbewusste-flugsicherung\/","title":{"rendered":"Skyguide setzt neue Standards f\u00fcr umweltbewusste Flugsicherung"},"content":{"rendered":"<figure id=\"attachment_21471\" class=\"wp-caption alignnone\" style=\"width: 680px;\" aria-describedby=\"caption-attachment-21471\"><img class=\"size-full wp-image-21471\" src=\"https:\/\/www.m-q.ch\/wp-content\/uploads\/2025\/05\/Skyguide-setzt-neue-Standards-fuer-umweltbewusste-Flugsicherung_MQ.jpg\" sizes=\"(max-width: 680px) 100vw, 680px\" srcset=\"https:\/\/www.m-q.ch\/wp-content\/uploads\/2025\/05\/Skyguide-setzt-neue-Standards-fuer-umweltbewusste-Flugsicherung_MQ.jpg 680w, https:\/\/www.m-q.ch\/wp-content\/uploads\/2025\/05\/Skyguide-setzt-neue-Standards-fuer-umweltbewusste-Flugsicherung_MQ-18x12.jpg 18w, https:\/\/www.m-q.ch\/wp-content\/uploads\/2025\/05\/Skyguide-setzt-neue-Standards-fuer-umweltbewusste-Flugsicherung_MQ-375x265.jpg 375w, https:\/\/www.m-q.ch\/wp-content\/uploads\/2025\/05\/Skyguide-setzt-neue-Standards-fuer-umweltbewusste-Flugsicherung_MQ-496x350.jpg 496w\" alt=\"\" width=\"680\" height=\"480\" \/>\r\n<figcaption id=\"caption-attachment-21471\" class=\"wp-caption-text\">Skyguide mit CEO Alex Bristol (rechts) erh\u00e4lt die Gl\u00fcckw\u00fcnsche zum Erreichen der dritten Anerkennungsstufe im GreenATM-Programm. (Bild: zVg \/ Skyguide)<\/figcaption>\r\n<\/figure>\r\n<p>Die Schweizer Flugsicherung Skyguide hat f\u00fcr ihr Umweltengagement eine Anerkennung erhalten: Als erstes Flugsicherungsunternehmen weltweit hat sie die sogenannte vollst\u00e4ndige Reifestufe 3 des internationalen Umwelt-Programms \u00abGreenATM\u00bb (mehr dazu unten) erreicht. Skyguide will damit unterstreichen, dass Umweltbewusstsein ein integraler Bestandteil ihrer Unternehmenskultur ist. Diese Einstufung hat der internationale Branchenverband der Flugsicherungen (CANSO) vorgenommen. Er w\u00fcrdigt damit Skyguides f\u00fchrende Rolle in der nachhaltigen Entwicklung der Flugsicherung \u2013 in der Schweiz und \u00fcber die Landesgrenzen hinaus. \u00abDiese Anerkennung ist ein Beweis daf\u00fcr, dass Innovation und \u00f6kologische Verantwortung in der Luftfahrt durchaus Hand in Hand gehen k\u00f6nnen\u00bb, sagt Alex Bristol, CEO von Skyguide.<\/p>\r\n<h3>Flugwege spielen eine bedeutende Rolle<\/h3>\r\n<p>Im Jahr 2023 erhielt Skyguide als erste Flugsicherung \u00fcberhaupt eine GreenATM-Anerkennung. Dabei spielen die Verkehrswege eine bedeutende Rolle, auf denen die Lotsinnen und Lotsen die Flugzeuge t\u00e4glich leiten. W\u00e4hrend fr\u00fcher ein Netz von grossen Luftstrassen den Schweizer Himmel durchzogen, auf denen die Lotsinnen und Lotsen die Flieger leiteten, herrscht heute f\u00fcr die Piloten eine viel freiere Routenwahl. \u00abF\u00fcr die Fluggesellschaften bedeutet dies, dass sie sich f\u00fcr direktere Wege entscheiden k\u00f6nnen \u2013 und so weniger Treibstoff tanken m\u00fcssen\u00bb, sagt Bristol. Das wirkt sich gleich doppelt auf den CO2-Austoss aus: K\u00fcrzere Wege erfordern weniger Energie. Zudem ist eine Maschine leichter, die weniger Treibstoff mitf\u00fchrt \u2013 und braucht daher weniger Kerosin.<\/p>\r\n<p>Diese erste \u00f6kologische Anerkennung erlangte Skyguide damals auch dank energieeffizienter Infrastruktur und des Umweltbewusstseins ihrer Mitarbeitenden in ihren jeweiligen T\u00e4tigkeiten. Weitere Beispiele f\u00fcr das \u00f6kologische Engagement von Skyguide sind:<\/p>\r\n<ul>\r\n\t<li>die Teilnahme an der Initiative des Bundes \u00abVorbild Energie und Klima\u00bb,<\/li>\r\n\t<li>die F\u00f6rderung der direkten und freieren Routenwahl im Flugverkehr<\/li>\r\n\t<li>die aktive Einbindung von Mitarbeitenden und Partnern in Umweltprojekte<\/li>\r\n<\/ul>\r\n<p>\u00abDie Auszeichnung von 2023 war f\u00fcr uns erst der Anfang\u00bb, blickt Bristol zur\u00fcck. Denn: Nach der Einstufung m\u00fcssen die Flugsicherungen \u00fcber zwei Jahre hinweg belegen, dass sie ihr Engagement f\u00fcr die Umwelt nachhaltig verst\u00e4rken. Nur so erlangen sie die volle Anerkennung auf der jeweiligen \u00f6kologischen Reifestufe.<\/p>\r\n<h3>Drohnen statt Flugzeuge vermessen die Navigationsanlagen<\/h3>\r\n<p>So hat Skyguide seit 2023 ihre Bem\u00fchungen weiter verst\u00e4rkt und nimmt beispielsweise eine Vorreiterrolle ein, wenn es um die regelm\u00e4ssig n\u00f6tigen Vermessungsfl\u00fcge geht. Dabei kalibrieren<br \/>\r\nTechniker beispielsweise die Instrumente der Landesysteme der Flugpl\u00e4tze. \u00abWir nutzen daf\u00fcr wo m\u00f6glich kein Vermessungsflugzeug mehr, sondern setzen auf eine Drohne\u00bb, sagt der Skyguide-Chef. Dies ist eine Massnahme, die sich auf den \u00f6kologischen Fussabdruck auswirkt.<\/p>\r\n<p>Dies hat letztlich dazu gef\u00fchrt, dass nach mehreren erfolgreich durchlaufenen Audits CANSO die \u00f6kologische Reifestufe 3 der Schweizer Flugsicherung best\u00e4tigen konnte \u2013 was noch keinem anderen Flugsicherungsdienstleister gelungen ist, wie Skyguide nicht ohne Stolz mitteilt. F\u00fcr CEO Alex Bristol ist allerdings klar: \u00abDiese Anerkennung stellt f\u00fcr uns zweifelsohne einen wichtigen Schritt dar und widerspiegelt unser Engagement f\u00fcr die Nachhaltigkeit. Wir verstehen sie allerdings nicht als Endziel, sondern vielmehr als Etappe, um uns und unsere Pionierarbeit<br \/>\r\nweiterzuentwickeln.\u00bb So will Skyguide ihr Engagement f\u00fcr klimafreundlichere Flugwege weiter verst\u00e4rken. Verbesserungspotenzial sieht Bristol etwa bei den An- und Abfl\u00fcgen. \u00abStatt wie heute die Maschinen treppenartig aufsteigen oder absinken zu lassen, wollen wir sie vermehrt auf einer kontinuierlich steigenden oder sinkenden Route f\u00fchren\u00bb, sagt Bristol. Das wirkt sich positiv auf den Treibstoffverbrauch aus.<\/p>\r\n<p><em>Quelle und weitere Informationen: <a href=\"https:\/\/www.skyguide.ch\/de\">Skyguide<\/a><\/em><\/p>\r\n<blockquote>\r\n<h3>GreenATM, ein Umweltstandard f\u00fcr Flugsicherungen<\/h3>\r\n<p>Das GreenATM-Programm wurde 2022 von CANSO ins Leben gerufen, um die Umweltleistung von Flugsicherungen weltweit vergleichbar zu machen und gezielt zu verbessern, indem sich Flugsicherungsunternehmen austauschen. Es bewertet, wie umweltfreundlich Flugsicherungsunternehmen arbeiten \u2013 sowohl in ihren eigenen Abl\u00e4ufen als auch in der Steuerung des Flugverkehrs. \u00dcberpr\u00fcft werden 24 Themenfelder, darunter Infrastruktur, Betrieb, Energieverbrauch, Beschaffung und Governance. Unabh\u00e4ngige Auditoren beurteilen die teilnehmenden Flugsicherungen und klassieren ihre Umweltleistungen in eine von f\u00fcnf Reifestufen des Programms. Weiterf\u00fchrende Infos: <a href=\"https:\/\/canso.org\/publication\/green-atm-brochure-watmc-2022\/\">Green ATM Environmental Accreditation Programme \u2013 CANSO<\/a><\/p>\r\n<\/blockquote>\n<p class=\"syndicated-attribution\">Dieser Beitrag erschien urspr\u00fcnglich auf m-q.ch - <a href=\"https:\/\/www.m-q.ch\/de\/skyguide-setzt-neue-standards-fuer-umweltbewusste-flugsicherung\/\" target=\"_blank\">https:\/\/www.m-q.ch\/de\/skyguide-setzt-neue-standards-fuer-umweltbewusste-flugsicherung\/<\/a><\/p>","protected":false},"excerpt":{"rendered":"<p>Skyguide ist f\u00fcr ihr \u00f6kologisches Engagement ausgezeichnet worden. Als nach eigenen Angaben erste Flugsicherung weltweit hat sie die Reifestufe 3 eines internationalen Umweltprogramms erreicht. Das Schweizer Unternehmen setzt damit einen globalen Massstab f\u00fcr Umweltverantwortung in der Flugsicherungsbranche, wie es dazu heisst.<\/p>\n","protected":false},"author":8,"featured_media":0,"comment_status":"closed","ping_status":"closed","sticky":false,"template":"","format":"standard","meta":{"_acf_changed":false,"_yoast_wpseo_focuskw":"Flugsicherung","_yoast_wpseo_metadesc":"Als nach eigenen Angaben erste Flugsicherung weltweit hat Skyguide die Reifestufe 3 eines internationalen Umweltprogramms erreicht.","articlekey":"","footnotes":""},"categories":[580],"tags":[103,1647,358,364,492,613],"class_list":["post-38368","post","type-post","status-publish","format-standard","hentry","category-sustainability","tag-business-excellence","tag-luftfahrt","tag-nachhaltige-wirtschaft","tag-normenstandards","tag-unternehmen","tag-zertifizierung"],"acf":[],"yoast_head":"<!-- This site is optimized with the Yoast SEO plugin v27.4 - https:\/\/yoast.com\/product\/yoast-seo-wordpress\/ -->\n<title>Skyguide setzt neue Standards f\u00fcr umweltbewusste Flugsicherung - Organisator<\/title>\n<meta name=\"description\" content=\"Als nach eigenen Angaben erste Flugsicherung weltweit hat Skyguide die Reifestufe 3 eines internationalen Umweltprogramms erreicht.\" \/>\n<meta name=\"robots\" content=\"index, follow, max-snippet:-1, max-image-preview:large, max-video-preview:-1\" \/>\n<link rel=\"canonical\" href=\"https:\/\/www.organisator.ch\/de\/sustainability\/2025-05-14\/skyguide-setzt-neue-standards-fuer-umweltbewusste-flugsicherung\/\" \/>\n<meta property=\"og:locale\" content=\"de_DE\" \/>\n<meta property=\"og:type\" content=\"article\" \/>\n<meta property=\"og:title\" content=\"Skyguide setzt neue Standards f\u00fcr umweltbewusste Flugsicherung - Organisator\" \/>\n<meta property=\"og:description\" content=\"Als nach eigenen Angaben erste Flugsicherung weltweit hat Skyguide die Reifestufe 3 eines internationalen Umweltprogramms erreicht.\" \/>\n<meta property=\"og:url\" content=\"https:\/\/www.organisator.ch\/de\/sustainability\/2025-05-14\/skyguide-setzt-neue-standards-fuer-umweltbewusste-flugsicherung\/\" \/>\n<meta property=\"og:site_name\" content=\"Organisator\" \/>\n<meta property=\"article:publisher\" content=\"https:\/\/www.facebook.com\/OrganisatorFachmagazin\" \/>\n<meta property=\"article:published_time\" content=\"2025-05-14T07:08:10+00:00\" \/>\n<meta property=\"article:modified_time\" content=\"2025-05-14T11:39:00+00:00\" \/>\n<meta name=\"author\" content=\"galledia\" \/>\n<meta name=\"twitter:card\" content=\"summary_large_image\" \/>\n<meta name=\"twitter:creator\" content=\"@admin\" \/>\n<script type=\"application\/ld+json\" class=\"yoast-schema-graph\">{\"@context\":\"https:\\\/\\\/schema.org\",\"@graph\":[{\"@type\":\"Article\",\"@id\":\"https:\\\/\\\/www.organisator.ch\\\/sustainability\\\/2025-05-14\\\/skyguide-setzt-neue-standards-fuer-umweltbewusste-flugsicherung\\\/#article\",\"isPartOf\":{\"@id\":\"https:\\\/\\\/www.organisator.ch\\\/sustainability\\\/2025-05-14\\\/skyguide-setzt-neue-standards-fuer-umweltbewusste-flugsicherung\\\/\"},\"author\":{\"name\":\"galledia\",\"@id\":\"https:\\\/\\\/www.organisator.ch\\\/#\\\/schema\\\/person\\\/4e51799071cd2dd1232ac003643ef5f0\"},\"headline\":\"Skyguide setzt neue Standards f\u00fcr umweltbewusste Flugsicherung\",\"datePublished\":\"2025-05-14T07:08:10+00:00\",\"dateModified\":\"2025-05-14T11:39:00+00:00\",\"mainEntityOfPage\":{\"@id\":\"https:\\\/\\\/www.organisator.ch\\\/sustainability\\\/2025-05-14\\\/skyguide-setzt-neue-standards-fuer-umweltbewusste-flugsicherung\\\/\"},\"wordCount\":667,\"publisher\":{\"@id\":\"https:\\\/\\\/www.organisator.ch\\\/#organization\"},\"image\":{\"@id\":\"https:\\\/\\\/www.organisator.ch\\\/sustainability\\\/2025-05-14\\\/skyguide-setzt-neue-standards-fuer-umweltbewusste-flugsicherung\\\/#primaryimage\"},\"thumbnailUrl\":\"https:\\\/\\\/www.m-q.ch\\\/wp-content\\\/uploads\\\/2025\\\/05\\\/Skyguide-setzt-neue-Standards-fuer-umweltbewusste-Flugsicherung_MQ.jpg\",\"keywords\":[\"Business Excellence\",\"Luftfahrt\",\"Nachhaltige Wirtschaft\",\"Normen\\\/Standards\",\"Unternehmen\",\"Zertifizierung\"],\"articleSection\":[\"SUSTAINABILITY\"],\"inLanguage\":\"de\"},{\"@type\":\"WebPage\",\"@id\":\"https:\\\/\\\/www.organisator.ch\\\/sustainability\\\/2025-05-14\\\/skyguide-setzt-neue-standards-fuer-umweltbewusste-flugsicherung\\\/\",\"url\":\"https:\\\/\\\/www.organisator.ch\\\/sustainability\\\/2025-05-14\\\/skyguide-setzt-neue-standards-fuer-umweltbewusste-flugsicherung\\\/\",\"name\":\"Skyguide setzt neue Standards f\u00fcr umweltbewusste Flugsicherung - Organisator\",\"isPartOf\":{\"@id\":\"https:\\\/\\\/www.organisator.ch\\\/#website\"},\"primaryImageOfPage\":{\"@id\":\"https:\\\/\\\/www.organisator.ch\\\/sustainability\\\/2025-05-14\\\/skyguide-setzt-neue-standards-fuer-umweltbewusste-flugsicherung\\\/#primaryimage\"},\"image\":{\"@id\":\"https:\\\/\\\/www.organisator.ch\\\/sustainability\\\/2025-05-14\\\/skyguide-setzt-neue-standards-fuer-umweltbewusste-flugsicherung\\\/#primaryimage\"},\"thumbnailUrl\":\"https:\\\/\\\/www.m-q.ch\\\/wp-content\\\/uploads\\\/2025\\\/05\\\/Skyguide-setzt-neue-Standards-fuer-umweltbewusste-Flugsicherung_MQ.jpg\",\"datePublished\":\"2025-05-14T07:08:10+00:00\",\"dateModified\":\"2025-05-14T11:39:00+00:00\",\"description\":\"Als nach eigenen Angaben erste Flugsicherung weltweit hat Skyguide die Reifestufe 3 eines internationalen Umweltprogramms erreicht.\",\"breadcrumb\":{\"@id\":\"https:\\\/\\\/www.organisator.ch\\\/sustainability\\\/2025-05-14\\\/skyguide-setzt-neue-standards-fuer-umweltbewusste-flugsicherung\\\/#breadcrumb\"},\"inLanguage\":\"de\",\"potentialAction\":[{\"@type\":\"ReadAction\",\"target\":[\"https:\\\/\\\/www.organisator.ch\\\/sustainability\\\/2025-05-14\\\/skyguide-setzt-neue-standards-fuer-umweltbewusste-flugsicherung\\\/\"]}]},{\"@type\":\"ImageObject\",\"inLanguage\":\"de\",\"@id\":\"https:\\\/\\\/www.organisator.ch\\\/sustainability\\\/2025-05-14\\\/skyguide-setzt-neue-standards-fuer-umweltbewusste-flugsicherung\\\/#primaryimage\",\"url\":\"https:\\\/\\\/www.m-q.ch\\\/wp-content\\\/uploads\\\/2025\\\/05\\\/Skyguide-setzt-neue-Standards-fuer-umweltbewusste-Flugsicherung_MQ.jpg\",\"contentUrl\":\"https:\\\/\\\/www.m-q.ch\\\/wp-content\\\/uploads\\\/2025\\\/05\\\/Skyguide-setzt-neue-Standards-fuer-umweltbewusste-Flugsicherung_MQ.jpg\"},{\"@type\":\"BreadcrumbList\",\"@id\":\"https:\\\/\\\/www.organisator.ch\\\/sustainability\\\/2025-05-14\\\/skyguide-setzt-neue-standards-fuer-umweltbewusste-flugsicherung\\\/#breadcrumb\",\"itemListElement\":[{\"@type\":\"ListItem\",\"position\":1,\"name\":\"Home\",\"item\":\"https:\\\/\\\/www.organisator.ch\\\/\"},{\"@type\":\"ListItem\",\"position\":2,\"name\":\"Skyguide setzt neue Standards f\u00fcr umweltbewusste Flugsicherung\"}]},{\"@type\":\"WebSite\",\"@id\":\"https:\\\/\\\/www.organisator.ch\\\/#website\",\"url\":\"https:\\\/\\\/www.organisator.ch\\\/\",\"name\":\"Organisator\",\"description\":\"Kompetent. Praxisnah. Der ORGANISATOR bereitet in 10 Ausgaben pro Jahr die wesentlichen Themen f\u00fcr F\u00fchrungskr\u00e4fte von KMU auf.\",\"publisher\":{\"@id\":\"https:\\\/\\\/www.organisator.ch\\\/#organization\"},\"potentialAction\":[{\"@type\":\"SearchAction\",\"target\":{\"@type\":\"EntryPoint\",\"urlTemplate\":\"https:\\\/\\\/www.organisator.ch\\\/?s={search_term_string}\"},\"query-input\":{\"@type\":\"PropertyValueSpecification\",\"valueRequired\":true,\"valueName\":\"search_term_string\"}}],\"inLanguage\":\"de\"},{\"@type\":\"Organization\",\"@id\":\"https:\\\/\\\/www.organisator.ch\\\/#organization\",\"name\":\"Organisator\",\"url\":\"https:\\\/\\\/www.organisator.ch\\\/\",\"logo\":{\"@type\":\"ImageObject\",\"inLanguage\":\"de\",\"@id\":\"https:\\\/\\\/www.organisator.ch\\\/#\\\/schema\\\/logo\\\/image\\\/\",\"url\":\"https:\\\/\\\/www.organisator.ch\\\/wp-content\\\/uploads\\\/2022\\\/01\\\/Logo_Organisator_Website.png\",\"contentUrl\":\"https:\\\/\\\/www.organisator.ch\\\/wp-content\\\/uploads\\\/2022\\\/01\\\/Logo_Organisator_Website.png\",\"width\":800,\"height\":77,\"caption\":\"Organisator\"},\"image\":{\"@id\":\"https:\\\/\\\/www.organisator.ch\\\/#\\\/schema\\\/logo\\\/image\\\/\"},\"sameAs\":[\"https:\\\/\\\/www.facebook.com\\\/OrganisatorFachmagazin\",\"https:\\\/\\\/www.linkedin.com\\\/showcase\\\/organisator-das-magazin-fr-kmu\",\"https:\\\/\\\/www.xing.com\\\/news\\\/pages\\\/organisator-ch-695\",\"https:\\\/\\\/www.youtube.com\\\/channel\\\/UCGP2Sq0iWaZwT3BdIAQFYpw\"]},{\"@type\":\"Person\",\"@id\":\"https:\\\/\\\/www.organisator.ch\\\/#\\\/schema\\\/person\\\/4e51799071cd2dd1232ac003643ef5f0\",\"name\":\"galledia\",\"image\":{\"@type\":\"ImageObject\",\"inLanguage\":\"de\",\"@id\":\"https:\\\/\\\/secure.gravatar.com\\\/avatar\\\/78a7f90c01fc2bfc875782a0d4922b37cde2cf184ce347b91316d23cd7f69a36?s=96&d=mm&r=g\",\"url\":\"https:\\\/\\\/secure.gravatar.com\\\/avatar\\\/78a7f90c01fc2bfc875782a0d4922b37cde2cf184ce347b91316d23cd7f69a36?s=96&d=mm&r=g\",\"contentUrl\":\"https:\\\/\\\/secure.gravatar.com\\\/avatar\\\/78a7f90c01fc2bfc875782a0d4922b37cde2cf184ce347b91316d23cd7f69a36?s=96&d=mm&r=g\",\"caption\":\"galledia\"},\"sameAs\":[\"https:\\\/\\\/x.com\\\/admin\"],\"url\":\"https:\\\/\\\/www.organisator.ch\\\/de\\\/author\\\/galledia\\\/\"}]}<\/script>\n<!-- \/ Yoast SEO plugin. -->","yoast_head_json":{"title":"Skyguide setzt neue Standards f\u00fcr umweltbewusste Flugsicherung - Organisator","description":"Als nach eigenen Angaben erste Flugsicherung weltweit hat Skyguide die Reifestufe 3 eines internationalen Umweltprogramms erreicht.","robots":{"index":"index","follow":"follow","max-snippet":"max-snippet:-1","max-image-preview":"max-image-preview:large","max-video-preview":"max-video-preview:-1"},"canonical":"https:\/\/www.organisator.ch\/de\/sustainability\/2025-05-14\/skyguide-setzt-neue-standards-fuer-umweltbewusste-flugsicherung\/","og_locale":"de_DE","og_type":"article","og_title":"Skyguide setzt neue Standards f\u00fcr umweltbewusste Flugsicherung - Organisator","og_description":"Als nach eigenen Angaben erste Flugsicherung weltweit hat Skyguide die Reifestufe 3 eines internationalen Umweltprogramms erreicht.","og_url":"https:\/\/www.organisator.ch\/de\/sustainability\/2025-05-14\/skyguide-setzt-neue-standards-fuer-umweltbewusste-flugsicherung\/","og_site_name":"Organisator","article_publisher":"https:\/\/www.facebook.com\/OrganisatorFachmagazin","article_published_time":"2025-05-14T07:08:10+00:00","article_modified_time":"2025-05-14T11:39:00+00:00","author":"galledia","twitter_card":"summary_large_image","twitter_creator":"@admin","schema":{"@context":"https:\/\/schema.org","@graph":[{"@type":"Article","@id":"https:\/\/www.organisator.ch\/sustainability\/2025-05-14\/skyguide-setzt-neue-standards-fuer-umweltbewusste-flugsicherung\/#article","isPartOf":{"@id":"https:\/\/www.organisator.ch\/sustainability\/2025-05-14\/skyguide-setzt-neue-standards-fuer-umweltbewusste-flugsicherung\/"},"author":{"name":"galledia","@id":"https:\/\/www.organisator.ch\/#\/schema\/person\/4e51799071cd2dd1232ac003643ef5f0"},"headline":"Skyguide setzt neue Standards f\u00fcr umweltbewusste Flugsicherung","datePublished":"2025-05-14T07:08:10+00:00","dateModified":"2025-05-14T11:39:00+00:00","mainEntityOfPage":{"@id":"https:\/\/www.organisator.ch\/sustainability\/2025-05-14\/skyguide-setzt-neue-standards-fuer-umweltbewusste-flugsicherung\/"},"wordCount":667,"publisher":{"@id":"https:\/\/www.organisator.ch\/#organization"},"image":{"@id":"https:\/\/www.organisator.ch\/sustainability\/2025-05-14\/skyguide-setzt-neue-standards-fuer-umweltbewusste-flugsicherung\/#primaryimage"},"thumbnailUrl":"https:\/\/www.m-q.ch\/wp-content\/uploads\/2025\/05\/Skyguide-setzt-neue-Standards-fuer-umweltbewusste-Flugsicherung_MQ.jpg","keywords":["Business Excellence","Luftfahrt","Nachhaltige Wirtschaft","Normen\/Standards","Unternehmen","Zertifizierung"],"articleSection":["SUSTAINABILITY"],"inLanguage":"de"},{"@type":"WebPage","@id":"https:\/\/www.organisator.ch\/sustainability\/2025-05-14\/skyguide-setzt-neue-standards-fuer-umweltbewusste-flugsicherung\/","url":"https:\/\/www.organisator.ch\/sustainability\/2025-05-14\/skyguide-setzt-neue-standards-fuer-umweltbewusste-flugsicherung\/","name":"Skyguide setzt neue Standards f\u00fcr umweltbewusste Flugsicherung - Organisator","isPartOf":{"@id":"https:\/\/www.organisator.ch\/#website"},"primaryImageOfPage":{"@id":"https:\/\/www.organisator.ch\/sustainability\/2025-05-14\/skyguide-setzt-neue-standards-fuer-umweltbewusste-flugsicherung\/#primaryimage"},"image":{"@id":"https:\/\/www.organisator.ch\/sustainability\/2025-05-14\/skyguide-setzt-neue-standards-fuer-umweltbewusste-flugsicherung\/#primaryimage"},"thumbnailUrl":"https:\/\/www.m-q.ch\/wp-content\/uploads\/2025\/05\/Skyguide-setzt-neue-Standards-fuer-umweltbewusste-Flugsicherung_MQ.jpg","datePublished":"2025-05-14T07:08:10+00:00","dateModified":"2025-05-14T11:39:00+00:00","description":"Als nach eigenen Angaben erste Flugsicherung weltweit hat Skyguide die Reifestufe 3 eines internationalen Umweltprogramms erreicht.","breadcrumb":{"@id":"https:\/\/www.organisator.ch\/sustainability\/2025-05-14\/skyguide-setzt-neue-standards-fuer-umweltbewusste-flugsicherung\/#breadcrumb"},"inLanguage":"de","potentialAction":[{"@type":"ReadAction","target":["https:\/\/www.organisator.ch\/sustainability\/2025-05-14\/skyguide-setzt-neue-standards-fuer-umweltbewusste-flugsicherung\/"]}]},{"@type":"ImageObject","inLanguage":"de","@id":"https:\/\/www.organisator.ch\/sustainability\/2025-05-14\/skyguide-setzt-neue-standards-fuer-umweltbewusste-flugsicherung\/#primaryimage","url":"https:\/\/www.m-q.ch\/wp-content\/uploads\/2025\/05\/Skyguide-setzt-neue-Standards-fuer-umweltbewusste-Flugsicherung_MQ.jpg","contentUrl":"https:\/\/www.m-q.ch\/wp-content\/uploads\/2025\/05\/Skyguide-setzt-neue-Standards-fuer-umweltbewusste-Flugsicherung_MQ.jpg"},{"@type":"BreadcrumbList","@id":"https:\/\/www.organisator.ch\/sustainability\/2025-05-14\/skyguide-setzt-neue-standards-fuer-umweltbewusste-flugsicherung\/#breadcrumb","itemListElement":[{"@type":"ListItem","position":1,"name":"Home","item":"https:\/\/www.organisator.ch\/"},{"@type":"ListItem","position":2,"name":"Skyguide setzt neue Standards f\u00fcr umweltbewusste Flugsicherung"}]},{"@type":"WebSite","@id":"https:\/\/www.organisator.ch\/#website","url":"https:\/\/www.organisator.ch\/","name":"Organisator","description":"Kompetent. Praxisnah. Der ORGANISATOR bereitet in 10 Ausgaben pro Jahr die wesentlichen Themen f\u00fcr F\u00fchrungskr\u00e4fte von KMU auf.","publisher":{"@id":"https:\/\/www.organisator.ch\/#organization"},"potentialAction":[{"@type":"SearchAction","target":{"@type":"EntryPoint","urlTemplate":"https:\/\/www.organisator.ch\/?s={search_term_string}"},"query-input":{"@type":"PropertyValueSpecification","valueRequired":true,"valueName":"search_term_string"}}],"inLanguage":"de"},{"@type":"Organization","@id":"https:\/\/www.organisator.ch\/#organization","name":"Organisator","url":"https:\/\/www.organisator.ch\/","logo":{"@type":"ImageObject","inLanguage":"de","@id":"https:\/\/www.organisator.ch\/#\/schema\/logo\/image\/","url":"https:\/\/www.organisator.ch\/wp-content\/uploads\/2022\/01\/Logo_Organisator_Website.png","contentUrl":"https:\/\/www.organisator.ch\/wp-content\/uploads\/2022\/01\/Logo_Organisator_Website.png","width":800,"height":77,"caption":"Organisator"},"image":{"@id":"https:\/\/www.organisator.ch\/#\/schema\/logo\/image\/"},"sameAs":["https:\/\/www.facebook.com\/OrganisatorFachmagazin","https:\/\/www.linkedin.com\/showcase\/organisator-das-magazin-fr-kmu","https:\/\/www.xing.com\/news\/pages\/organisator-ch-695","https:\/\/www.youtube.com\/channel\/UCGP2Sq0iWaZwT3BdIAQFYpw"]},{"@type":"Person","@id":"https:\/\/www.organisator.ch\/#\/schema\/person\/4e51799071cd2dd1232ac003643ef5f0","name":"galledia","image":{"@type":"ImageObject","inLanguage":"de","@id":"https:\/\/secure.gravatar.com\/avatar\/78a7f90c01fc2bfc875782a0d4922b37cde2cf184ce347b91316d23cd7f69a36?s=96&d=mm&r=g","url":"https:\/\/secure.gravatar.com\/avatar\/78a7f90c01fc2bfc875782a0d4922b37cde2cf184ce347b91316d23cd7f69a36?s=96&d=mm&r=g","contentUrl":"https:\/\/secure.gravatar.com\/avatar\/78a7f90c01fc2bfc875782a0d4922b37cde2cf184ce347b91316d23cd7f69a36?s=96&d=mm&r=g","caption":"galledia"},"sameAs":["https:\/\/x.com\/admin"],"url":"https:\/\/www.organisator.ch\/de\/author\/galledia\/"}]}},"_links":{"self":[{"href":"https:\/\/www.organisator.ch\/de\/wp-json\/wp\/v2\/posts\/38368","targetHints":{"allow":["GET"]}}],"collection":[{"href":"https:\/\/www.organisator.ch\/de\/wp-json\/wp\/v2\/posts"}],"about":[{"href":"https:\/\/www.organisator.ch\/de\/wp-json\/wp\/v2\/types\/post"}],"author":[{"embeddable":true,"href":"https:\/\/www.organisator.ch\/de\/wp-json\/wp\/v2\/users\/8"}],"replies":[{"embeddable":true,"href":"https:\/\/www.organisator.ch\/de\/wp-json\/wp\/v2\/comments?post=38368"}],"version-history":[{"count":6,"href":"https:\/\/www.organisator.ch\/de\/wp-json\/wp\/v2\/posts\/38368\/revisions"}],"predecessor-version":[{"id":38384,"href":"https:\/\/www.organisator.ch\/de\/wp-json\/wp\/v2\/posts\/38368\/revisions\/38384"}],"wp:attachment":[{"href":"https:\/\/www.organisator.ch\/de\/wp-json\/wp\/v2\/media?parent=38368"}],"wp:term":[{"taxonomy":"category","embeddable":true,"href":"https:\/\/www.organisator.ch\/de\/wp-json\/wp\/v2\/categories?post=38368"},{"taxonomy":"post_tag","embeddable":true,"href":"https:\/\/www.organisator.ch\/de\/wp-json\/wp\/v2\/tags?post=38368"}],"curies":[{"name":"wp","href":"https:\/\/api.w.org\/{rel}","templated":true}]}}