{"id":38397,"date":"2025-05-15T07:40:17","date_gmt":"2025-05-15T05:40:17","guid":{"rendered":"https:\/\/www.organisator.ch\/?p=38397"},"modified":"2025-05-15T07:40:17","modified_gmt":"2025-05-15T05:40:17","slug":"nur-4-der-schweizer-unternehmen-sind-fuer-den-wandel-durch-ki-gut-geruestet","status":"publish","type":"post","link":"https:\/\/www.organisator.ch\/de\/human-resources\/2025-05-15\/nur-4-der-schweizer-unternehmen-sind-fuer-den-wandel-durch-ki-gut-geruestet\/","title":{"rendered":"Nur 4% der Schweizer Unternehmen sind f\u00fcr den Wandel durch KI gut ger\u00fcstet"},"content":{"rendered":"<figure id=\"attachment_38398\" aria-describedby=\"caption-attachment-38398\" style=\"width: 680px\" class=\"wp-caption alignnone\"><img loading=\"lazy\" decoding=\"async\" class=\"wp-image-38398 size-full\" src=\"https:\/\/www.organisator.ch\/wp-content\/uploads\/2025\/05\/Nur-4-der-Schweizer-Unternehmen-sind-fuer-den-Wandel-durch-KI-gut-geruestet_Organisator.jpg\" alt=\"\" width=\"680\" height=\"383\" srcset=\"https:\/\/www.organisator.ch\/wp-content\/uploads\/2025\/05\/Nur-4-der-Schweizer-Unternehmen-sind-fuer-den-Wandel-durch-KI-gut-geruestet_Organisator.jpg 680w, https:\/\/www.organisator.ch\/wp-content\/uploads\/2025\/05\/Nur-4-der-Schweizer-Unternehmen-sind-fuer-den-Wandel-durch-KI-gut-geruestet_Organisator-18x10.jpg 18w, https:\/\/www.organisator.ch\/wp-content\/uploads\/2025\/05\/Nur-4-der-Schweizer-Unternehmen-sind-fuer-den-Wandel-durch-KI-gut-geruestet_Organisator-375x211.jpg 375w, https:\/\/www.organisator.ch\/wp-content\/uploads\/2025\/05\/Nur-4-der-Schweizer-Unternehmen-sind-fuer-den-Wandel-durch-KI-gut-geruestet_Organisator-621x350.jpg 621w\" sizes=\"auto, (max-width: 680px) 100vw, 680px\" \/><figcaption id=\"caption-attachment-38398\" class=\"wp-caption-text\">Immer mehr Menschen arbeiten damit, doch richtig vorbereitet auf den Wandel durch KI sind Unternehmen gem\u00e4ss einer Studie noch nicht. (Bild: Igor Omilaev \/ Unsplash.com)<\/figcaption><\/figure>\n<p>Der aktuelle Business Leaders Report \u201eLeading in the Age of AI: Expectations versus Reality\u201c, herausgegeben durch die Adecco Group, basiert auf einer Befragung von 2\u2019000 C-Level-F\u00fchrungskr\u00e4ften in 13 L\u00e4ndern und 17 Branchen, davon 100 aus der Schweiz. Als wichtigste technologische Megatrends bis 2030 nannten die Befragten die digitale Transformation, generative KI und KI im Allgemeinen. Obwohl die F\u00fchrungskr\u00e4fte das Ausmass des bevorstehenden Wandels anerkennen, fehlen vielerorts klare Strategien zur Unterst\u00fctzung der Belegschaft. Viele Mitarbeitende sind bei der Nutzung von KI auf sich allein gestellt.<\/p>\n<h3><strong>Erkenntnisse aus der Studie: Kaum Vorgaben, kein Plan und uneinige F\u00fchrungsteams<\/strong><\/h3>\n<p>Die Studie zeigt auf, dass viele Erwartungen an Mitarbeitende an keine klaren Vorgaben gebunden sind. So erwarten 61% der Schweizer F\u00fchrungskr\u00e4fte, dass Mitarbeitende sich eigenst\u00e4ndig im Umgang mit KI weiterbilden. Dabei haben aber 36% der Unternehmen keinerlei Richtlinien zur Nutzung von KI am Arbeitsplatz. Auch mangelt es an der Vorbildfunktion: Nur ein Drittel der weltweit befragten F\u00fchrungskr\u00e4fte hat in den letzten 12 Monaten selbst KI-Kompetenzen aufgebaut.<\/p>\n<p>Auch die F\u00fchrungsteams selbst sind sich uneinig, so eine weitere Erkenntnis der Studie.\u00a038% der befragten Schweizer F\u00fchrungskr\u00e4fte geben an, dass ihre F\u00fchrungsteams Schwierigkeiten haben, sich zeitnah auf Strategien zu einigen. Weltweit ist das Vertrauen in die eigene KI-Strategie seit 2024 um 11 Prozentpunkte auf 58% gesunken.<\/p>\n<p>Und nicht zuletzt fehle es an Datengrundlagen f\u00fcr Personalstrategien. Denn nur 37% der Schweizer Unternehmen w\u00fcrden in Datenanalysen investieren, um Kompetenzl\u00fccken zu erkennen und zu schliessen, obwohl gem\u00e4ss Studie der Mangel an Technologie- und Digitalkompetenz 2025 das gr\u00f6sste Hindernis f\u00fcr die digitale Transformation darstellt.<\/p>\n<p>\u201eW\u00e4hrend laufend Investitionen in neue KI-Anwendungen get\u00e4tigt werden, fehlt es oft an einer klaren Strategie, um die Mitarbeitenden auf diesem Weg mitzunehmen. Der technologische Wandel darf nicht an den Menschen vorbeigehen. Es braucht eine vorausschauende, kompetenzbasierte Personalplanung und gezielte Weiterbildung, um das volle Potenzial von KI auszusch\u00f6pfen. Die Verantwortung sollte dabei aber nicht allein bei den Mitarbeitenden liegen. Auch F\u00fchrungskr\u00e4fte m\u00fcssen mit gutem Beispiel vorangehen und sich aktiv neue KI-Kompetenzen aneignen\u201d, fast Marcel Keller, Country President der Adecco Group Switzerland zusammen. Er erg\u00e4nzt: \u201eWir sehen aber auch: Es gibt bereits zukunftsorientierte Organisationen, die den Wandel erfolgreich gestalten, mit einem klaren Fokus auf Menschen, Technologie und kontinuierlicher Entwicklung. Diese Unternehmen setzen heute Standards f\u00fcr die Arbeitswelt von morgen.\u201c<\/p>\n<h3><strong>Zukunftsbereite Unternehmen fokussieren auf Anpassungsf\u00e4higkeit und Entwicklung <\/strong><\/h3>\n<p>Die Studie identifiziert eine kleine Gruppe zukunftsbereiter Unternehmen, die wirksamer auf die neue KI-Realit\u00e4t reagiert. Diese Organisationen sind menschenzentriert, technologieorientiert und sind auf den Wandel vorbereitet, indem sie sich auf vier Kernkriterien fokussieren: ein strukturierter und messbarer Umgang mit KI, F\u00f6rderung von Anpassungsf\u00e4higkeit und Karrieremobilit\u00e4t, Kompetenzentwicklung f\u00fcr Mitarbeitende sowie Vorbereitung von F\u00fchrungskr\u00e4ften auf eine sich schnell ver\u00e4ndernde Zukunft. Diese anpassungsf\u00e4higen Unternehmen sind \u00fcber alle Unternehmensgr\u00f6ssen verteilt und vor allem in der Luft-\/Raumfahrt &amp; Verteidigung sowie in der Tech-Branche angesiedelt. W\u00e4hrend sich im globalen Durchschnitt 10% der Unternehmen als zukunftsbereit qualifizieren, sind es in der Schweiz lediglich 4%.<\/p>\n<p><em>Quelle: <a href=\"https:\/\/www.adeccogroup.com\">Adecco Group<\/a><\/em><\/p>\n","protected":false},"excerpt":{"rendered":"<p>Eine neue globale Studie der Adecco Group zeigt: Die Mehrheit der Unternehmen verf\u00fcgt bislang \u00fcber keine dezidierte Personalstrategie, um den rasanten Wandel durch k\u00fcnstliche Intelligenz erfolgreich zu bew\u00e4ltigen. Es komme immer mehr zu einer L\u00fccke zwischen den KI-Ambitionen der F\u00fchrungsebene und der Bereitschaft der Personalstrategie.<\/p>\n","protected":false},"author":4,"featured_media":38398,"comment_status":"closed","ping_status":"closed","sticky":false,"template":"","format":"standard","meta":{"_acf_changed":false,"_yoast_wpseo_focuskw":"Wandel durch KI","_yoast_wpseo_metadesc":"Viele Unternehmen verf\u00fcgen bislang \u00fcber keine dezidierte Personalstrategie, um den rasanten Wandel durch KI erfolgreich zu bew\u00e4ltigen.","articlekey":"","footnotes":""},"categories":[579],"tags":[254,319,4909,459],"class_list":["post-38397","post","type-post","status-publish","format-standard","has-post-thumbnail","hentry","category-human-resources","tag-hrm","tag-kuenstliche-intelligenz","tag-personalstrategie","tag-studie"],"acf":[],"yoast_head":"<!-- This site is optimized with the Yoast SEO plugin v27.5 - https:\/\/yoast.com\/product\/yoast-seo-wordpress\/ -->\n<title>Nur 4% der Schweizer Unternehmen sind f\u00fcr den Wandel durch KI gut ger\u00fcstet - Organisator<\/title>\n<meta name=\"description\" content=\"Viele Unternehmen verf\u00fcgen bislang \u00fcber keine dezidierte Personalstrategie, um den rasanten Wandel durch KI erfolgreich zu bew\u00e4ltigen.\" \/>\n<meta name=\"robots\" content=\"index, follow, max-snippet:-1, max-image-preview:large, max-video-preview:-1\" \/>\n<link rel=\"canonical\" href=\"https:\/\/www.organisator.ch\/de\/human-resources\/2025-05-15\/nur-4-der-schweizer-unternehmen-sind-fuer-den-wandel-durch-ki-gut-geruestet\/\" \/>\n<meta property=\"og:locale\" content=\"de_DE\" \/>\n<meta property=\"og:type\" content=\"article\" \/>\n<meta property=\"og:title\" content=\"Nur 4% der Schweizer Unternehmen sind f\u00fcr den Wandel durch KI gut ger\u00fcstet\" \/>\n<meta property=\"og:description\" content=\"Viele Unternehmen verf\u00fcgen bislang \u00fcber keine dezidierte Personalstrategie, um den rasanten Wandel durch KI erfolgreich zu bew\u00e4ltigen.\" \/>\n<meta property=\"og:url\" content=\"https:\/\/www.organisator.ch\/de\/human-resources\/2025-05-15\/nur-4-der-schweizer-unternehmen-sind-fuer-den-wandel-durch-ki-gut-geruestet\/\" \/>\n<meta property=\"og:site_name\" content=\"Organisator\" \/>\n<meta property=\"article:publisher\" content=\"https:\/\/www.facebook.com\/OrganisatorFachmagazin\" \/>\n<meta property=\"article:published_time\" content=\"2025-05-15T05:40:17+00:00\" \/>\n<meta property=\"og:image\" content=\"https:\/\/www.organisator.ch\/wp-content\/uploads\/2025\/05\/Nur-4-der-Schweizer-Unternehmen-sind-fuer-den-Wandel-durch-KI-gut-geruestet_Organisator.jpg\" \/>\n\t<meta property=\"og:image:width\" content=\"680\" \/>\n\t<meta property=\"og:image:height\" content=\"383\" \/>\n\t<meta property=\"og:image:type\" content=\"image\/jpeg\" \/>\n<meta name=\"author\" content=\"thomas.berner\" \/>\n<meta name=\"twitter:card\" content=\"summary_large_image\" \/>\n<meta name=\"twitter:title\" content=\"Nur 4% der Schweizer Unternehmen sind f\u00fcr den Wandel durch #KI gut ger\u00fcstet\" \/>\n<meta name=\"twitter:description\" content=\"Viele Unternehmen verf\u00fcgen bislang \u00fcber keine dezidierte #Personalstrategie, um den rasanten Wandel durch KI erfolgreich zu bew\u00e4ltigen.\" \/>\n<meta name=\"twitter:image\" content=\"https:\/\/www.organisator.ch\/wp-content\/uploads\/2025\/05\/Nur-4-der-Schweizer-Unternehmen-sind-fuer-den-Wandel-durch-KI-gut-geruestet_Organisator.jpg\" \/>\n<script type=\"application\/ld+json\" class=\"yoast-schema-graph\">{\"@context\":\"https:\\\/\\\/schema.org\",\"@graph\":[{\"@type\":\"Article\",\"@id\":\"https:\\\/\\\/www.organisator.ch\\\/human-resources\\\/2025-05-15\\\/nur-4-der-schweizer-unternehmen-sind-fuer-den-wandel-durch-ki-gut-geruestet\\\/#article\",\"isPartOf\":{\"@id\":\"https:\\\/\\\/www.organisator.ch\\\/human-resources\\\/2025-05-15\\\/nur-4-der-schweizer-unternehmen-sind-fuer-den-wandel-durch-ki-gut-geruestet\\\/\"},\"author\":{\"name\":\"thomas.berner\",\"@id\":\"https:\\\/\\\/www.organisator.ch\\\/#\\\/schema\\\/person\\\/6f650f90b2842cd4c0cc334b4e36f67e\"},\"headline\":\"Nur 4% der Schweizer Unternehmen sind f\u00fcr den Wandel durch KI gut ger\u00fcstet\",\"datePublished\":\"2025-05-15T05:40:17+00:00\",\"mainEntityOfPage\":{\"@id\":\"https:\\\/\\\/www.organisator.ch\\\/human-resources\\\/2025-05-15\\\/nur-4-der-schweizer-unternehmen-sind-fuer-den-wandel-durch-ki-gut-geruestet\\\/\"},\"wordCount\":550,\"publisher\":{\"@id\":\"https:\\\/\\\/www.organisator.ch\\\/#organization\"},\"image\":{\"@id\":\"https:\\\/\\\/www.organisator.ch\\\/human-resources\\\/2025-05-15\\\/nur-4-der-schweizer-unternehmen-sind-fuer-den-wandel-durch-ki-gut-geruestet\\\/#primaryimage\"},\"thumbnailUrl\":\"https:\\\/\\\/www.organisator.ch\\\/wp-content\\\/uploads\\\/2025\\\/05\\\/Nur-4-der-Schweizer-Unternehmen-sind-fuer-den-Wandel-durch-KI-gut-geruestet_Organisator.jpg\",\"keywords\":[\"HRM\",\"K\u00fcnstliche Intelligenz\",\"Personalstrategie\",\"Studie\"],\"articleSection\":[\"HUMAN RESOURCES\"],\"inLanguage\":\"de\"},{\"@type\":\"WebPage\",\"@id\":\"https:\\\/\\\/www.organisator.ch\\\/human-resources\\\/2025-05-15\\\/nur-4-der-schweizer-unternehmen-sind-fuer-den-wandel-durch-ki-gut-geruestet\\\/\",\"url\":\"https:\\\/\\\/www.organisator.ch\\\/human-resources\\\/2025-05-15\\\/nur-4-der-schweizer-unternehmen-sind-fuer-den-wandel-durch-ki-gut-geruestet\\\/\",\"name\":\"Nur 4% der Schweizer Unternehmen sind f\u00fcr den Wandel durch KI gut ger\u00fcstet - Organisator\",\"isPartOf\":{\"@id\":\"https:\\\/\\\/www.organisator.ch\\\/#website\"},\"primaryImageOfPage\":{\"@id\":\"https:\\\/\\\/www.organisator.ch\\\/human-resources\\\/2025-05-15\\\/nur-4-der-schweizer-unternehmen-sind-fuer-den-wandel-durch-ki-gut-geruestet\\\/#primaryimage\"},\"image\":{\"@id\":\"https:\\\/\\\/www.organisator.ch\\\/human-resources\\\/2025-05-15\\\/nur-4-der-schweizer-unternehmen-sind-fuer-den-wandel-durch-ki-gut-geruestet\\\/#primaryimage\"},\"thumbnailUrl\":\"https:\\\/\\\/www.organisator.ch\\\/wp-content\\\/uploads\\\/2025\\\/05\\\/Nur-4-der-Schweizer-Unternehmen-sind-fuer-den-Wandel-durch-KI-gut-geruestet_Organisator.jpg\",\"datePublished\":\"2025-05-15T05:40:17+00:00\",\"description\":\"Viele Unternehmen verf\u00fcgen bislang \u00fcber keine dezidierte Personalstrategie, um den rasanten Wandel durch KI erfolgreich zu bew\u00e4ltigen.\",\"breadcrumb\":{\"@id\":\"https:\\\/\\\/www.organisator.ch\\\/human-resources\\\/2025-05-15\\\/nur-4-der-schweizer-unternehmen-sind-fuer-den-wandel-durch-ki-gut-geruestet\\\/#breadcrumb\"},\"inLanguage\":\"de\",\"potentialAction\":[{\"@type\":\"ReadAction\",\"target\":[\"https:\\\/\\\/www.organisator.ch\\\/human-resources\\\/2025-05-15\\\/nur-4-der-schweizer-unternehmen-sind-fuer-den-wandel-durch-ki-gut-geruestet\\\/\"]}]},{\"@type\":\"ImageObject\",\"inLanguage\":\"de\",\"@id\":\"https:\\\/\\\/www.organisator.ch\\\/human-resources\\\/2025-05-15\\\/nur-4-der-schweizer-unternehmen-sind-fuer-den-wandel-durch-ki-gut-geruestet\\\/#primaryimage\",\"url\":\"https:\\\/\\\/www.organisator.ch\\\/wp-content\\\/uploads\\\/2025\\\/05\\\/Nur-4-der-Schweizer-Unternehmen-sind-fuer-den-Wandel-durch-KI-gut-geruestet_Organisator.jpg\",\"contentUrl\":\"https:\\\/\\\/www.organisator.ch\\\/wp-content\\\/uploads\\\/2025\\\/05\\\/Nur-4-der-Schweizer-Unternehmen-sind-fuer-den-Wandel-durch-KI-gut-geruestet_Organisator.jpg\",\"width\":680,\"height\":383,\"caption\":\"Immer mehr Menschen arbeiten mit KI, doch richtig darauf vorbereitet sind Unternehmen gem\u00e4ss einer Studie noch nicht. (Bild: Igor Omilaev \\\/ Unsplash.com)\"},{\"@type\":\"BreadcrumbList\",\"@id\":\"https:\\\/\\\/www.organisator.ch\\\/human-resources\\\/2025-05-15\\\/nur-4-der-schweizer-unternehmen-sind-fuer-den-wandel-durch-ki-gut-geruestet\\\/#breadcrumb\",\"itemListElement\":[{\"@type\":\"ListItem\",\"position\":1,\"name\":\"Home\",\"item\":\"https:\\\/\\\/www.organisator.ch\\\/\"},{\"@type\":\"ListItem\",\"position\":2,\"name\":\"Nur 4% der Schweizer Unternehmen sind f\u00fcr den Wandel durch KI gut ger\u00fcstet\"}]},{\"@type\":\"WebSite\",\"@id\":\"https:\\\/\\\/www.organisator.ch\\\/#website\",\"url\":\"https:\\\/\\\/www.organisator.ch\\\/\",\"name\":\"Organisator\",\"description\":\"Kompetent. Praxisnah. Der ORGANISATOR bereitet in 10 Ausgaben pro Jahr die wesentlichen Themen f\u00fcr F\u00fchrungskr\u00e4fte von KMU auf.\",\"publisher\":{\"@id\":\"https:\\\/\\\/www.organisator.ch\\\/#organization\"},\"potentialAction\":[{\"@type\":\"SearchAction\",\"target\":{\"@type\":\"EntryPoint\",\"urlTemplate\":\"https:\\\/\\\/www.organisator.ch\\\/?s={search_term_string}\"},\"query-input\":{\"@type\":\"PropertyValueSpecification\",\"valueRequired\":true,\"valueName\":\"search_term_string\"}}],\"inLanguage\":\"de\"},{\"@type\":\"Organization\",\"@id\":\"https:\\\/\\\/www.organisator.ch\\\/#organization\",\"name\":\"Organisator\",\"url\":\"https:\\\/\\\/www.organisator.ch\\\/\",\"logo\":{\"@type\":\"ImageObject\",\"inLanguage\":\"de\",\"@id\":\"https:\\\/\\\/www.organisator.ch\\\/#\\\/schema\\\/logo\\\/image\\\/\",\"url\":\"https:\\\/\\\/www.organisator.ch\\\/wp-content\\\/uploads\\\/2022\\\/01\\\/Logo_Organisator_Website.png\",\"contentUrl\":\"https:\\\/\\\/www.organisator.ch\\\/wp-content\\\/uploads\\\/2022\\\/01\\\/Logo_Organisator_Website.png\",\"width\":800,\"height\":77,\"caption\":\"Organisator\"},\"image\":{\"@id\":\"https:\\\/\\\/www.organisator.ch\\\/#\\\/schema\\\/logo\\\/image\\\/\"},\"sameAs\":[\"https:\\\/\\\/www.facebook.com\\\/OrganisatorFachmagazin\",\"https:\\\/\\\/www.linkedin.com\\\/showcase\\\/organisator-das-magazin-fr-kmu\",\"https:\\\/\\\/www.xing.com\\\/news\\\/pages\\\/organisator-ch-695\",\"https:\\\/\\\/www.youtube.com\\\/channel\\\/UCGP2Sq0iWaZwT3BdIAQFYpw\"]},{\"@type\":\"Person\",\"@id\":\"https:\\\/\\\/www.organisator.ch\\\/#\\\/schema\\\/person\\\/6f650f90b2842cd4c0cc334b4e36f67e\",\"name\":\"thomas.berner\",\"image\":{\"@type\":\"ImageObject\",\"inLanguage\":\"de\",\"@id\":\"https:\\\/\\\/secure.gravatar.com\\\/avatar\\\/ac5001d2a36cb6c6cd3e50789007ffca834b477b74a2144564522e944eabff61?s=96&d=mm&r=g\",\"url\":\"https:\\\/\\\/secure.gravatar.com\\\/avatar\\\/ac5001d2a36cb6c6cd3e50789007ffca834b477b74a2144564522e944eabff61?s=96&d=mm&r=g\",\"contentUrl\":\"https:\\\/\\\/secure.gravatar.com\\\/avatar\\\/ac5001d2a36cb6c6cd3e50789007ffca834b477b74a2144564522e944eabff61?s=96&d=mm&r=g\",\"caption\":\"thomas.berner\"},\"url\":\"https:\\\/\\\/www.organisator.ch\\\/de\\\/author\\\/thomas-berner\\\/\"}]}<\/script>\n<!-- \/ Yoast SEO plugin. -->","yoast_head_json":{"title":"Nur 4% der Schweizer Unternehmen sind f\u00fcr den Wandel durch KI gut ger\u00fcstet - Organisator","description":"Viele Unternehmen verf\u00fcgen bislang \u00fcber keine dezidierte Personalstrategie, um den rasanten Wandel durch KI erfolgreich zu bew\u00e4ltigen.","robots":{"index":"index","follow":"follow","max-snippet":"max-snippet:-1","max-image-preview":"max-image-preview:large","max-video-preview":"max-video-preview:-1"},"canonical":"https:\/\/www.organisator.ch\/de\/human-resources\/2025-05-15\/nur-4-der-schweizer-unternehmen-sind-fuer-den-wandel-durch-ki-gut-geruestet\/","og_locale":"de_DE","og_type":"article","og_title":"Nur 4% der Schweizer Unternehmen sind f\u00fcr den Wandel durch KI gut ger\u00fcstet","og_description":"Viele Unternehmen verf\u00fcgen bislang \u00fcber keine dezidierte Personalstrategie, um den rasanten Wandel durch KI erfolgreich zu bew\u00e4ltigen.","og_url":"https:\/\/www.organisator.ch\/de\/human-resources\/2025-05-15\/nur-4-der-schweizer-unternehmen-sind-fuer-den-wandel-durch-ki-gut-geruestet\/","og_site_name":"Organisator","article_publisher":"https:\/\/www.facebook.com\/OrganisatorFachmagazin","article_published_time":"2025-05-15T05:40:17+00:00","og_image":[{"width":680,"height":383,"url":"https:\/\/www.organisator.ch\/wp-content\/uploads\/2025\/05\/Nur-4-der-Schweizer-Unternehmen-sind-fuer-den-Wandel-durch-KI-gut-geruestet_Organisator.jpg","type":"image\/jpeg"}],"author":"thomas.berner","twitter_card":"summary_large_image","twitter_title":"Nur 4% der Schweizer Unternehmen sind f\u00fcr den Wandel durch #KI gut ger\u00fcstet","twitter_description":"Viele Unternehmen verf\u00fcgen bislang \u00fcber keine dezidierte #Personalstrategie, um den rasanten Wandel durch KI erfolgreich zu bew\u00e4ltigen.","twitter_image":"https:\/\/www.organisator.ch\/wp-content\/uploads\/2025\/05\/Nur-4-der-Schweizer-Unternehmen-sind-fuer-den-Wandel-durch-KI-gut-geruestet_Organisator.jpg","schema":{"@context":"https:\/\/schema.org","@graph":[{"@type":"Article","@id":"https:\/\/www.organisator.ch\/human-resources\/2025-05-15\/nur-4-der-schweizer-unternehmen-sind-fuer-den-wandel-durch-ki-gut-geruestet\/#article","isPartOf":{"@id":"https:\/\/www.organisator.ch\/human-resources\/2025-05-15\/nur-4-der-schweizer-unternehmen-sind-fuer-den-wandel-durch-ki-gut-geruestet\/"},"author":{"name":"thomas.berner","@id":"https:\/\/www.organisator.ch\/#\/schema\/person\/6f650f90b2842cd4c0cc334b4e36f67e"},"headline":"Nur 4% der Schweizer Unternehmen sind f\u00fcr den Wandel durch KI gut ger\u00fcstet","datePublished":"2025-05-15T05:40:17+00:00","mainEntityOfPage":{"@id":"https:\/\/www.organisator.ch\/human-resources\/2025-05-15\/nur-4-der-schweizer-unternehmen-sind-fuer-den-wandel-durch-ki-gut-geruestet\/"},"wordCount":550,"publisher":{"@id":"https:\/\/www.organisator.ch\/#organization"},"image":{"@id":"https:\/\/www.organisator.ch\/human-resources\/2025-05-15\/nur-4-der-schweizer-unternehmen-sind-fuer-den-wandel-durch-ki-gut-geruestet\/#primaryimage"},"thumbnailUrl":"https:\/\/www.organisator.ch\/wp-content\/uploads\/2025\/05\/Nur-4-der-Schweizer-Unternehmen-sind-fuer-den-Wandel-durch-KI-gut-geruestet_Organisator.jpg","keywords":["HRM","K\u00fcnstliche Intelligenz","Personalstrategie","Studie"],"articleSection":["HUMAN RESOURCES"],"inLanguage":"de"},{"@type":"WebPage","@id":"https:\/\/www.organisator.ch\/human-resources\/2025-05-15\/nur-4-der-schweizer-unternehmen-sind-fuer-den-wandel-durch-ki-gut-geruestet\/","url":"https:\/\/www.organisator.ch\/human-resources\/2025-05-15\/nur-4-der-schweizer-unternehmen-sind-fuer-den-wandel-durch-ki-gut-geruestet\/","name":"Nur 4% der Schweizer Unternehmen sind f\u00fcr den Wandel durch KI gut ger\u00fcstet - Organisator","isPartOf":{"@id":"https:\/\/www.organisator.ch\/#website"},"primaryImageOfPage":{"@id":"https:\/\/www.organisator.ch\/human-resources\/2025-05-15\/nur-4-der-schweizer-unternehmen-sind-fuer-den-wandel-durch-ki-gut-geruestet\/#primaryimage"},"image":{"@id":"https:\/\/www.organisator.ch\/human-resources\/2025-05-15\/nur-4-der-schweizer-unternehmen-sind-fuer-den-wandel-durch-ki-gut-geruestet\/#primaryimage"},"thumbnailUrl":"https:\/\/www.organisator.ch\/wp-content\/uploads\/2025\/05\/Nur-4-der-Schweizer-Unternehmen-sind-fuer-den-Wandel-durch-KI-gut-geruestet_Organisator.jpg","datePublished":"2025-05-15T05:40:17+00:00","description":"Viele Unternehmen verf\u00fcgen bislang \u00fcber keine dezidierte Personalstrategie, um den rasanten Wandel durch KI erfolgreich zu bew\u00e4ltigen.","breadcrumb":{"@id":"https:\/\/www.organisator.ch\/human-resources\/2025-05-15\/nur-4-der-schweizer-unternehmen-sind-fuer-den-wandel-durch-ki-gut-geruestet\/#breadcrumb"},"inLanguage":"de","potentialAction":[{"@type":"ReadAction","target":["https:\/\/www.organisator.ch\/human-resources\/2025-05-15\/nur-4-der-schweizer-unternehmen-sind-fuer-den-wandel-durch-ki-gut-geruestet\/"]}]},{"@type":"ImageObject","inLanguage":"de","@id":"https:\/\/www.organisator.ch\/human-resources\/2025-05-15\/nur-4-der-schweizer-unternehmen-sind-fuer-den-wandel-durch-ki-gut-geruestet\/#primaryimage","url":"https:\/\/www.organisator.ch\/wp-content\/uploads\/2025\/05\/Nur-4-der-Schweizer-Unternehmen-sind-fuer-den-Wandel-durch-KI-gut-geruestet_Organisator.jpg","contentUrl":"https:\/\/www.organisator.ch\/wp-content\/uploads\/2025\/05\/Nur-4-der-Schweizer-Unternehmen-sind-fuer-den-Wandel-durch-KI-gut-geruestet_Organisator.jpg","width":680,"height":383,"caption":"Immer mehr Menschen arbeiten mit KI, doch richtig darauf vorbereitet sind Unternehmen gem\u00e4ss einer Studie noch nicht. (Bild: Igor Omilaev \/ Unsplash.com)"},{"@type":"BreadcrumbList","@id":"https:\/\/www.organisator.ch\/human-resources\/2025-05-15\/nur-4-der-schweizer-unternehmen-sind-fuer-den-wandel-durch-ki-gut-geruestet\/#breadcrumb","itemListElement":[{"@type":"ListItem","position":1,"name":"Home","item":"https:\/\/www.organisator.ch\/"},{"@type":"ListItem","position":2,"name":"Nur 4% der Schweizer Unternehmen sind f\u00fcr den Wandel durch KI gut ger\u00fcstet"}]},{"@type":"WebSite","@id":"https:\/\/www.organisator.ch\/#website","url":"https:\/\/www.organisator.ch\/","name":"Organisator","description":"Kompetent. Praxisnah. Der ORGANISATOR bereitet in 10 Ausgaben pro Jahr die wesentlichen Themen f\u00fcr F\u00fchrungskr\u00e4fte von KMU auf.","publisher":{"@id":"https:\/\/www.organisator.ch\/#organization"},"potentialAction":[{"@type":"SearchAction","target":{"@type":"EntryPoint","urlTemplate":"https:\/\/www.organisator.ch\/?s={search_term_string}"},"query-input":{"@type":"PropertyValueSpecification","valueRequired":true,"valueName":"search_term_string"}}],"inLanguage":"de"},{"@type":"Organization","@id":"https:\/\/www.organisator.ch\/#organization","name":"Organisator","url":"https:\/\/www.organisator.ch\/","logo":{"@type":"ImageObject","inLanguage":"de","@id":"https:\/\/www.organisator.ch\/#\/schema\/logo\/image\/","url":"https:\/\/www.organisator.ch\/wp-content\/uploads\/2022\/01\/Logo_Organisator_Website.png","contentUrl":"https:\/\/www.organisator.ch\/wp-content\/uploads\/2022\/01\/Logo_Organisator_Website.png","width":800,"height":77,"caption":"Organisator"},"image":{"@id":"https:\/\/www.organisator.ch\/#\/schema\/logo\/image\/"},"sameAs":["https:\/\/www.facebook.com\/OrganisatorFachmagazin","https:\/\/www.linkedin.com\/showcase\/organisator-das-magazin-fr-kmu","https:\/\/www.xing.com\/news\/pages\/organisator-ch-695","https:\/\/www.youtube.com\/channel\/UCGP2Sq0iWaZwT3BdIAQFYpw"]},{"@type":"Person","@id":"https:\/\/www.organisator.ch\/#\/schema\/person\/6f650f90b2842cd4c0cc334b4e36f67e","name":"thomas.berner","image":{"@type":"ImageObject","inLanguage":"de","@id":"https:\/\/secure.gravatar.com\/avatar\/ac5001d2a36cb6c6cd3e50789007ffca834b477b74a2144564522e944eabff61?s=96&d=mm&r=g","url":"https:\/\/secure.gravatar.com\/avatar\/ac5001d2a36cb6c6cd3e50789007ffca834b477b74a2144564522e944eabff61?s=96&d=mm&r=g","contentUrl":"https:\/\/secure.gravatar.com\/avatar\/ac5001d2a36cb6c6cd3e50789007ffca834b477b74a2144564522e944eabff61?s=96&d=mm&r=g","caption":"thomas.berner"},"url":"https:\/\/www.organisator.ch\/de\/author\/thomas-berner\/"}]}},"_links":{"self":[{"href":"https:\/\/www.organisator.ch\/de\/wp-json\/wp\/v2\/posts\/38397","targetHints":{"allow":["GET"]}}],"collection":[{"href":"https:\/\/www.organisator.ch\/de\/wp-json\/wp\/v2\/posts"}],"about":[{"href":"https:\/\/www.organisator.ch\/de\/wp-json\/wp\/v2\/types\/post"}],"author":[{"embeddable":true,"href":"https:\/\/www.organisator.ch\/de\/wp-json\/wp\/v2\/users\/4"}],"replies":[{"embeddable":true,"href":"https:\/\/www.organisator.ch\/de\/wp-json\/wp\/v2\/comments?post=38397"}],"version-history":[{"count":3,"href":"https:\/\/www.organisator.ch\/de\/wp-json\/wp\/v2\/posts\/38397\/revisions"}],"predecessor-version":[{"id":38421,"href":"https:\/\/www.organisator.ch\/de\/wp-json\/wp\/v2\/posts\/38397\/revisions\/38421"}],"wp:featuredmedia":[{"embeddable":true,"href":"https:\/\/www.organisator.ch\/de\/wp-json\/wp\/v2\/media\/38398"}],"wp:attachment":[{"href":"https:\/\/www.organisator.ch\/de\/wp-json\/wp\/v2\/media?parent=38397"}],"wp:term":[{"taxonomy":"category","embeddable":true,"href":"https:\/\/www.organisator.ch\/de\/wp-json\/wp\/v2\/categories?post=38397"},{"taxonomy":"post_tag","embeddable":true,"href":"https:\/\/www.organisator.ch\/de\/wp-json\/wp\/v2\/tags?post=38397"}],"curies":[{"name":"wp","href":"https:\/\/api.w.org\/{rel}","templated":true}]}}