{"id":38427,"date":"2025-05-16T14:24:14","date_gmt":"2025-05-16T12:24:14","guid":{"rendered":"https:\/\/www.organisator.ch\/?p=38427"},"modified":"2025-06-19T09:57:32","modified_gmt":"2025-06-19T07:57:32","slug":"great-place-to-work-kuert-beste-arbeitgeber-der-schweiz-2025","status":"publish","type":"post","link":"https:\/\/www.organisator.ch\/de\/management\/2025-05-16\/great-place-to-work-kuert-beste-arbeitgeber-der-schweiz-2025\/","title":{"rendered":"Great Place to Work k\u00fcrt beste Arbeitgeber der Schweiz 2025"},"content":{"rendered":"<figure id=\"attachment_38428\" aria-describedby=\"caption-attachment-38428\" style=\"width: 680px\" class=\"wp-caption alignnone\"><img loading=\"lazy\" decoding=\"async\" class=\"size-full wp-image-38428\" src=\"https:\/\/www.organisator.ch\/wp-content\/uploads\/2025\/05\/Great-Place-to-Work-kuert-beste-Arbeitgeber-der-Schweiz-2025_Organisator.png\" alt=\"\" width=\"680\" height=\"382\" srcset=\"https:\/\/www.organisator.ch\/wp-content\/uploads\/2025\/05\/Great-Place-to-Work-kuert-beste-Arbeitgeber-der-Schweiz-2025_Organisator.png 680w, https:\/\/www.organisator.ch\/wp-content\/uploads\/2025\/05\/Great-Place-to-Work-kuert-beste-Arbeitgeber-der-Schweiz-2025_Organisator-18x10.png 18w, https:\/\/www.organisator.ch\/wp-content\/uploads\/2025\/05\/Great-Place-to-Work-kuert-beste-Arbeitgeber-der-Schweiz-2025_Organisator-375x211.png 375w, https:\/\/www.organisator.ch\/wp-content\/uploads\/2025\/05\/Great-Place-to-Work-kuert-beste-Arbeitgeber-der-Schweiz-2025_Organisator-623x350.png 623w\" sizes=\"auto, (max-width: 680px) 100vw, 680px\" \/><figcaption id=\"caption-attachment-38428\" class=\"wp-caption-text\">Wieder stehen sie fest: Die besten Arbeitgeber der Schweiz. (Bild: Screenshot Great Place to Work)<\/figcaption><\/figure>\n<p>\u00dcber 330 G\u00e4ste feierten im Industrieambiente des JED Schlieren die diesj\u00e4hrigen Best Workplaces Schweiz 2025. Der Abend stand ganz im Zeichen von Vertrauen, Zusammenhalt und inspirierender Unternehmenskultur und beinhaltete auch einen Schuss Magie.<\/p>\n<h3><strong>Rekordbeteiligung bei der gr\u00f6ssten Arbeitgeberbewertung der Schweiz<\/strong><\/h3>\n<p>Die Basis der Auszeichnung bildete eine umfassende Mitarbeitendenbefragung \u2013 nach eigenen Angaben die gr\u00f6sste der Schweiz. 64\u2019578 Besch\u00e4ftigte aus 280 Organisationen teilten ihre Einsch\u00e4tzungen zu Arbeitsplatzkultur, Vertrauen und F\u00fchrungsqualit\u00e4t. 225 dieser Unternehmen wurden im Anschluss als Great Place to Work zertifiziert \u2013 doch nur 75 schafften es in die begehrte Liste der Best Workplaces Schweiz 2025. Bewertet wurden sie in f\u00fcnf Gr\u00f6ssenkategorien, von Mikroorganisationen bis hin zu Konzernen.<\/p>\n<h3><strong>Die Spitzenpl\u00e4tze pro Kategorie<\/strong><\/h3>\n<p><strong>Large (250+ Mitarbeitende):<\/strong><\/p>\n<ol>\n<li>Hilti (Schweiz) AG<\/li>\n<li>Stryker Switzerland<\/li>\n<li>DHL Express Switzerland<\/li>\n<\/ol>\n<p><strong>Medium (100\u2013249 Mitarbeitende):<\/strong><\/p>\n<ol>\n<li>Hilton<\/li>\n<li>Amgen<\/li>\n<li>ServiceNow Switzerland GmbH<\/li>\n<\/ol>\n<p><strong>Small (50\u201399 Mitarbeitende):<\/strong><\/p>\n<ol>\n<li>Orange Business Digital Switzerland AG<\/li>\n<li>Farfalla Essentials AG<\/li>\n<li>Entris Banking<\/li>\n<\/ol>\n<p><strong>Very Small (20\u201349 Mitarbeitende):<\/strong><\/p>\n<ol>\n<li>Steinmann &amp; Partner GmbH<\/li>\n<li>goSecurity AG<\/li>\n<li>Gambit Consulting AG<\/li>\n<\/ol>\n<p><strong>Micro (10\u201319 Mitarbeitende):<\/strong><\/p>\n<ol>\n<li>Deciphera Pharmaceuticals AG<\/li>\n<li>L\u00e9manis SA<\/li>\n<li>Ergosign Switzerland<\/li>\n<\/ol>\n<p>Was diese Unternehmen vereint: eine Arbeitskultur, die auf Zugeh\u00f6rigkeit, Fairness und psychologischer Sicherheit basiert \u2013 getragen von F\u00fchrungspers\u00f6nlichkeiten, die Vertrauen schenken und Vielfalt f\u00f6rdern.<\/p>\n<h3><strong>Award Night mit Akrobatik, Musik und Magie<\/strong><\/h3>\n<p>Die diesj\u00e4hrige Award Ceremony hatte nicht nur inhaltlich, sondern auch atmosph\u00e4risch einiges zu bieten. Das JED Schlieren wurde zur Kulisse f\u00fcr ein Fest voller \u00dcberraschungen, artistischer Darbietungen und emotionaler H\u00f6hepunkte. Artistin Corinne Mathys, zehnfache Schweizer Meisterin in Akrobatik, begeisterte mit poetisch-dynamischen Shows. F\u00fcr musikalische Energie sorgten The Blackouts, die das Publikum mit ihrer Performance zum Tanzen brachten. Magier Rafael Illusion verzauberte mit Close-Up-Magie bereits beim Ap\u00e9ro.<\/p>\n<h3><strong>Spotlight Awards und Sonderpreise<\/strong><\/h3>\n<p>Ausgezeichnet wurden nicht nur die Besten der Besten. Mit den Spotlight Awards wurden auch Unternehmen gew\u00fcrdigt, die in spezifischen Bereichen herausragende Leistungen zeigten:<\/p>\n<ul>\n<li><strong>Leadership:<\/strong> Stiftung Alterszentrum Region B\u00fclach<\/li>\n<li><strong>Values:<\/strong> Amgen<\/li>\n<li><strong>Innovation Culture:<\/strong> Steinmann &amp; Partner GmbH<\/li>\n<\/ul>\n<p>Der Sonderpreis f\u00fcr mentale Gesundheit, der Kyan Wellbeing Award, ging an AbbVie Switzerland \u2013 f\u00fcr ihre umfassende Strategie zur F\u00f6rderung des psychischen Wohlbefindens ihrer Mitarbeitenden.<\/p>\n<h3><strong>Ausblick: Best Workplaces 2026<\/strong><\/h3>\n<p>Mit dem Blick nach vorn l\u00e4dt Great Place To Work alle Unternehmen ein, sich 2026 selbst als Top-Arbeitgeber zu positionieren \u2013 unabh\u00e4ngig von Gr\u00f6sse oder Branche. Die Teilnahme bietet nicht nur die Chance auf eine Auszeichnung, sondern auch wertvolle Einblicke zur Weiterentwicklung der eigenen Arbeitsplatzkultur.<\/p>\n<p><em>Quelle und weitere Informationen: <a href=\"https:\/\/greatplacetowork.ch\/\">https:\/\/greatplacetowork.ch\/<\/a><\/em><\/p>\n","protected":false},"excerpt":{"rendered":"<p>Unter dem Motto \u201eCirque de Cultures\u201c hat Great Place To Work Schweiz am 15. Mai 2025 im JED Schlieren die besten Arbeitgeber des Landes ausgezeichnet.  Die Preise wurden in f\u00fcnf Kategorien verteilt.<\/p>\n","protected":false},"author":4,"featured_media":38428,"comment_status":"closed","ping_status":"closed","sticky":false,"template":"","format":"standard","meta":{"_acf_changed":false,"_yoast_wpseo_focuskw":"Great Place to Work","_yoast_wpseo_metadesc":"Great Place To Work Schweiz hat am 15. Mai 2025 im JED Schlieren die besten Arbeitgeber des Landes ausgezeichnet.","articlekey":"","footnotes":""},"categories":[28],"tags":[66,2852,254,492],"class_list":["post-38427","post","type-post","status-publish","format-standard","has-post-thumbnail","hentry","category-management","tag-awards","tag-great-place-to-work","tag-hrm","tag-unternehmen"],"acf":[],"yoast_head":"<!-- This site is optimized with the Yoast SEO plugin v27.5 - https:\/\/yoast.com\/product\/yoast-seo-wordpress\/ -->\n<title>Great Place to Work k\u00fcrt beste Arbeitgeber der Schweiz 2025 - Organisator<\/title>\n<meta name=\"description\" content=\"Great Place To Work Schweiz hat am 15. Mai 2025 im JED Schlieren die besten Arbeitgeber des Landes ausgezeichnet.\" \/>\n<meta name=\"robots\" content=\"index, follow, max-snippet:-1, max-image-preview:large, max-video-preview:-1\" \/>\n<link rel=\"canonical\" href=\"https:\/\/www.organisator.ch\/de\/management\/2025-05-16\/great-place-to-work-kuert-beste-arbeitgeber-der-schweiz-2025\/\" \/>\n<meta property=\"og:locale\" content=\"de_DE\" \/>\n<meta property=\"og:type\" content=\"article\" \/>\n<meta property=\"og:title\" content=\"Great Place to Work k\u00fcrt beste Arbeitgeber der Schweiz 2025\" \/>\n<meta property=\"og:description\" content=\"Great Place To Work Schweiz hat am 15. Mai 2025 im JED Schlieren die besten Arbeitgeber des Landes ausgezeichnet.\" \/>\n<meta property=\"og:url\" content=\"https:\/\/www.organisator.ch\/de\/management\/2025-05-16\/great-place-to-work-kuert-beste-arbeitgeber-der-schweiz-2025\/\" \/>\n<meta property=\"og:site_name\" content=\"Organisator\" \/>\n<meta property=\"article:publisher\" content=\"https:\/\/www.facebook.com\/OrganisatorFachmagazin\" \/>\n<meta property=\"article:published_time\" content=\"2025-05-16T12:24:14+00:00\" \/>\n<meta property=\"article:modified_time\" content=\"2025-06-19T07:57:32+00:00\" \/>\n<meta property=\"og:image\" content=\"https:\/\/www.organisator.ch\/wp-content\/uploads\/2025\/05\/Great-Place-to-Work-kuert-beste-Arbeitgeber-der-Schweiz-2025_Organisator.png\" \/>\n\t<meta property=\"og:image:width\" content=\"680\" \/>\n\t<meta property=\"og:image:height\" content=\"382\" \/>\n\t<meta property=\"og:image:type\" content=\"image\/png\" \/>\n<meta name=\"author\" content=\"thomas.berner\" \/>\n<meta name=\"twitter:card\" content=\"summary_large_image\" \/>\n<meta name=\"twitter:title\" content=\"Great Place to Work k\u00fcrt beste #Arbeitgeber der Schweiz 2025\" \/>\n<meta name=\"twitter:description\" content=\"#GreatPlaceToWork Schweiz hat am 15. Mai 2025 im JED Schlieren die besten Arbeitgeber des Landes ausgezeichnet.\" \/>\n<meta name=\"twitter:image\" content=\"https:\/\/www.organisator.ch\/wp-content\/uploads\/2025\/05\/Great-Place-to-Work-kuert-beste-Arbeitgeber-der-Schweiz-2025_Organisator.png\" \/>\n<script type=\"application\/ld+json\" class=\"yoast-schema-graph\">{\"@context\":\"https:\\\/\\\/schema.org\",\"@graph\":[{\"@type\":\"Article\",\"@id\":\"https:\\\/\\\/www.organisator.ch\\\/management\\\/2025-05-16\\\/great-place-to-work-kuert-beste-arbeitgeber-der-schweiz-2025\\\/#article\",\"isPartOf\":{\"@id\":\"https:\\\/\\\/www.organisator.ch\\\/management\\\/2025-05-16\\\/great-place-to-work-kuert-beste-arbeitgeber-der-schweiz-2025\\\/\"},\"author\":{\"name\":\"thomas.berner\",\"@id\":\"https:\\\/\\\/www.organisator.ch\\\/#\\\/schema\\\/person\\\/6f650f90b2842cd4c0cc334b4e36f67e\"},\"headline\":\"Great Place to Work k\u00fcrt beste Arbeitgeber der Schweiz 2025\",\"datePublished\":\"2025-05-16T12:24:14+00:00\",\"dateModified\":\"2025-06-19T07:57:32+00:00\",\"mainEntityOfPage\":{\"@id\":\"https:\\\/\\\/www.organisator.ch\\\/management\\\/2025-05-16\\\/great-place-to-work-kuert-beste-arbeitgeber-der-schweiz-2025\\\/\"},\"wordCount\":428,\"publisher\":{\"@id\":\"https:\\\/\\\/www.organisator.ch\\\/#organization\"},\"image\":{\"@id\":\"https:\\\/\\\/www.organisator.ch\\\/management\\\/2025-05-16\\\/great-place-to-work-kuert-beste-arbeitgeber-der-schweiz-2025\\\/#primaryimage\"},\"thumbnailUrl\":\"https:\\\/\\\/www.organisator.ch\\\/wp-content\\\/uploads\\\/2025\\\/05\\\/Great-Place-to-Work-kuert-beste-Arbeitgeber-der-Schweiz-2025_Organisator.png\",\"keywords\":[\"Awards\",\"Great Place to Work\",\"HRM\",\"Unternehmen\"],\"articleSection\":[\"MANAGEMENT\"],\"inLanguage\":\"de\"},{\"@type\":\"WebPage\",\"@id\":\"https:\\\/\\\/www.organisator.ch\\\/management\\\/2025-05-16\\\/great-place-to-work-kuert-beste-arbeitgeber-der-schweiz-2025\\\/\",\"url\":\"https:\\\/\\\/www.organisator.ch\\\/management\\\/2025-05-16\\\/great-place-to-work-kuert-beste-arbeitgeber-der-schweiz-2025\\\/\",\"name\":\"Great Place to Work k\u00fcrt beste Arbeitgeber der Schweiz 2025 - Organisator\",\"isPartOf\":{\"@id\":\"https:\\\/\\\/www.organisator.ch\\\/#website\"},\"primaryImageOfPage\":{\"@id\":\"https:\\\/\\\/www.organisator.ch\\\/management\\\/2025-05-16\\\/great-place-to-work-kuert-beste-arbeitgeber-der-schweiz-2025\\\/#primaryimage\"},\"image\":{\"@id\":\"https:\\\/\\\/www.organisator.ch\\\/management\\\/2025-05-16\\\/great-place-to-work-kuert-beste-arbeitgeber-der-schweiz-2025\\\/#primaryimage\"},\"thumbnailUrl\":\"https:\\\/\\\/www.organisator.ch\\\/wp-content\\\/uploads\\\/2025\\\/05\\\/Great-Place-to-Work-kuert-beste-Arbeitgeber-der-Schweiz-2025_Organisator.png\",\"datePublished\":\"2025-05-16T12:24:14+00:00\",\"dateModified\":\"2025-06-19T07:57:32+00:00\",\"description\":\"Great Place To Work Schweiz hat am 15. Mai 2025 im JED Schlieren die besten Arbeitgeber des Landes ausgezeichnet.\",\"breadcrumb\":{\"@id\":\"https:\\\/\\\/www.organisator.ch\\\/management\\\/2025-05-16\\\/great-place-to-work-kuert-beste-arbeitgeber-der-schweiz-2025\\\/#breadcrumb\"},\"inLanguage\":\"de\",\"potentialAction\":[{\"@type\":\"ReadAction\",\"target\":[\"https:\\\/\\\/www.organisator.ch\\\/management\\\/2025-05-16\\\/great-place-to-work-kuert-beste-arbeitgeber-der-schweiz-2025\\\/\"]}]},{\"@type\":\"ImageObject\",\"inLanguage\":\"de\",\"@id\":\"https:\\\/\\\/www.organisator.ch\\\/management\\\/2025-05-16\\\/great-place-to-work-kuert-beste-arbeitgeber-der-schweiz-2025\\\/#primaryimage\",\"url\":\"https:\\\/\\\/www.organisator.ch\\\/wp-content\\\/uploads\\\/2025\\\/05\\\/Great-Place-to-Work-kuert-beste-Arbeitgeber-der-Schweiz-2025_Organisator.png\",\"contentUrl\":\"https:\\\/\\\/www.organisator.ch\\\/wp-content\\\/uploads\\\/2025\\\/05\\\/Great-Place-to-Work-kuert-beste-Arbeitgeber-der-Schweiz-2025_Organisator.png\",\"width\":680,\"height\":382,\"caption\":\"Wieder stehen sie fest: Die besten Arbeitgeber der Schweiz. (Bild: Great Place to Work)\"},{\"@type\":\"BreadcrumbList\",\"@id\":\"https:\\\/\\\/www.organisator.ch\\\/management\\\/2025-05-16\\\/great-place-to-work-kuert-beste-arbeitgeber-der-schweiz-2025\\\/#breadcrumb\",\"itemListElement\":[{\"@type\":\"ListItem\",\"position\":1,\"name\":\"Home\",\"item\":\"https:\\\/\\\/www.organisator.ch\\\/\"},{\"@type\":\"ListItem\",\"position\":2,\"name\":\"Great Place to Work k\u00fcrt beste Arbeitgeber der Schweiz 2025\"}]},{\"@type\":\"WebSite\",\"@id\":\"https:\\\/\\\/www.organisator.ch\\\/#website\",\"url\":\"https:\\\/\\\/www.organisator.ch\\\/\",\"name\":\"Organisator\",\"description\":\"Kompetent. Praxisnah. Der ORGANISATOR bereitet in 10 Ausgaben pro Jahr die wesentlichen Themen f\u00fcr F\u00fchrungskr\u00e4fte von KMU auf.\",\"publisher\":{\"@id\":\"https:\\\/\\\/www.organisator.ch\\\/#organization\"},\"potentialAction\":[{\"@type\":\"SearchAction\",\"target\":{\"@type\":\"EntryPoint\",\"urlTemplate\":\"https:\\\/\\\/www.organisator.ch\\\/?s={search_term_string}\"},\"query-input\":{\"@type\":\"PropertyValueSpecification\",\"valueRequired\":true,\"valueName\":\"search_term_string\"}}],\"inLanguage\":\"de\"},{\"@type\":\"Organization\",\"@id\":\"https:\\\/\\\/www.organisator.ch\\\/#organization\",\"name\":\"Organisator\",\"url\":\"https:\\\/\\\/www.organisator.ch\\\/\",\"logo\":{\"@type\":\"ImageObject\",\"inLanguage\":\"de\",\"@id\":\"https:\\\/\\\/www.organisator.ch\\\/#\\\/schema\\\/logo\\\/image\\\/\",\"url\":\"https:\\\/\\\/www.organisator.ch\\\/wp-content\\\/uploads\\\/2022\\\/01\\\/Logo_Organisator_Website.png\",\"contentUrl\":\"https:\\\/\\\/www.organisator.ch\\\/wp-content\\\/uploads\\\/2022\\\/01\\\/Logo_Organisator_Website.png\",\"width\":800,\"height\":77,\"caption\":\"Organisator\"},\"image\":{\"@id\":\"https:\\\/\\\/www.organisator.ch\\\/#\\\/schema\\\/logo\\\/image\\\/\"},\"sameAs\":[\"https:\\\/\\\/www.facebook.com\\\/OrganisatorFachmagazin\",\"https:\\\/\\\/www.linkedin.com\\\/showcase\\\/organisator-das-magazin-fr-kmu\",\"https:\\\/\\\/www.xing.com\\\/news\\\/pages\\\/organisator-ch-695\",\"https:\\\/\\\/www.youtube.com\\\/channel\\\/UCGP2Sq0iWaZwT3BdIAQFYpw\"]},{\"@type\":\"Person\",\"@id\":\"https:\\\/\\\/www.organisator.ch\\\/#\\\/schema\\\/person\\\/6f650f90b2842cd4c0cc334b4e36f67e\",\"name\":\"thomas.berner\",\"image\":{\"@type\":\"ImageObject\",\"inLanguage\":\"de\",\"@id\":\"https:\\\/\\\/secure.gravatar.com\\\/avatar\\\/ac5001d2a36cb6c6cd3e50789007ffca834b477b74a2144564522e944eabff61?s=96&d=mm&r=g\",\"url\":\"https:\\\/\\\/secure.gravatar.com\\\/avatar\\\/ac5001d2a36cb6c6cd3e50789007ffca834b477b74a2144564522e944eabff61?s=96&d=mm&r=g\",\"contentUrl\":\"https:\\\/\\\/secure.gravatar.com\\\/avatar\\\/ac5001d2a36cb6c6cd3e50789007ffca834b477b74a2144564522e944eabff61?s=96&d=mm&r=g\",\"caption\":\"thomas.berner\"},\"url\":\"https:\\\/\\\/www.organisator.ch\\\/de\\\/author\\\/thomas-berner\\\/\"}]}<\/script>\n<!-- \/ Yoast SEO plugin. -->","yoast_head_json":{"title":"Great Place to Work k\u00fcrt beste Arbeitgeber der Schweiz 2025 - Organisator","description":"Great Place To Work Schweiz hat am 15. Mai 2025 im JED Schlieren die besten Arbeitgeber des Landes ausgezeichnet.","robots":{"index":"index","follow":"follow","max-snippet":"max-snippet:-1","max-image-preview":"max-image-preview:large","max-video-preview":"max-video-preview:-1"},"canonical":"https:\/\/www.organisator.ch\/de\/management\/2025-05-16\/great-place-to-work-kuert-beste-arbeitgeber-der-schweiz-2025\/","og_locale":"de_DE","og_type":"article","og_title":"Great Place to Work k\u00fcrt beste Arbeitgeber der Schweiz 2025","og_description":"Great Place To Work Schweiz hat am 15. Mai 2025 im JED Schlieren die besten Arbeitgeber des Landes ausgezeichnet.","og_url":"https:\/\/www.organisator.ch\/de\/management\/2025-05-16\/great-place-to-work-kuert-beste-arbeitgeber-der-schweiz-2025\/","og_site_name":"Organisator","article_publisher":"https:\/\/www.facebook.com\/OrganisatorFachmagazin","article_published_time":"2025-05-16T12:24:14+00:00","article_modified_time":"2025-06-19T07:57:32+00:00","og_image":[{"width":680,"height":382,"url":"https:\/\/www.organisator.ch\/wp-content\/uploads\/2025\/05\/Great-Place-to-Work-kuert-beste-Arbeitgeber-der-Schweiz-2025_Organisator.png","type":"image\/png"}],"author":"thomas.berner","twitter_card":"summary_large_image","twitter_title":"Great Place to Work k\u00fcrt beste #Arbeitgeber der Schweiz 2025","twitter_description":"#GreatPlaceToWork Schweiz hat am 15. Mai 2025 im JED Schlieren die besten Arbeitgeber des Landes ausgezeichnet.","twitter_image":"https:\/\/www.organisator.ch\/wp-content\/uploads\/2025\/05\/Great-Place-to-Work-kuert-beste-Arbeitgeber-der-Schweiz-2025_Organisator.png","schema":{"@context":"https:\/\/schema.org","@graph":[{"@type":"Article","@id":"https:\/\/www.organisator.ch\/management\/2025-05-16\/great-place-to-work-kuert-beste-arbeitgeber-der-schweiz-2025\/#article","isPartOf":{"@id":"https:\/\/www.organisator.ch\/management\/2025-05-16\/great-place-to-work-kuert-beste-arbeitgeber-der-schweiz-2025\/"},"author":{"name":"thomas.berner","@id":"https:\/\/www.organisator.ch\/#\/schema\/person\/6f650f90b2842cd4c0cc334b4e36f67e"},"headline":"Great Place to Work k\u00fcrt beste Arbeitgeber der Schweiz 2025","datePublished":"2025-05-16T12:24:14+00:00","dateModified":"2025-06-19T07:57:32+00:00","mainEntityOfPage":{"@id":"https:\/\/www.organisator.ch\/management\/2025-05-16\/great-place-to-work-kuert-beste-arbeitgeber-der-schweiz-2025\/"},"wordCount":428,"publisher":{"@id":"https:\/\/www.organisator.ch\/#organization"},"image":{"@id":"https:\/\/www.organisator.ch\/management\/2025-05-16\/great-place-to-work-kuert-beste-arbeitgeber-der-schweiz-2025\/#primaryimage"},"thumbnailUrl":"https:\/\/www.organisator.ch\/wp-content\/uploads\/2025\/05\/Great-Place-to-Work-kuert-beste-Arbeitgeber-der-Schweiz-2025_Organisator.png","keywords":["Awards","Great Place to Work","HRM","Unternehmen"],"articleSection":["MANAGEMENT"],"inLanguage":"de"},{"@type":"WebPage","@id":"https:\/\/www.organisator.ch\/management\/2025-05-16\/great-place-to-work-kuert-beste-arbeitgeber-der-schweiz-2025\/","url":"https:\/\/www.organisator.ch\/management\/2025-05-16\/great-place-to-work-kuert-beste-arbeitgeber-der-schweiz-2025\/","name":"Great Place to Work k\u00fcrt beste Arbeitgeber der Schweiz 2025 - Organisator","isPartOf":{"@id":"https:\/\/www.organisator.ch\/#website"},"primaryImageOfPage":{"@id":"https:\/\/www.organisator.ch\/management\/2025-05-16\/great-place-to-work-kuert-beste-arbeitgeber-der-schweiz-2025\/#primaryimage"},"image":{"@id":"https:\/\/www.organisator.ch\/management\/2025-05-16\/great-place-to-work-kuert-beste-arbeitgeber-der-schweiz-2025\/#primaryimage"},"thumbnailUrl":"https:\/\/www.organisator.ch\/wp-content\/uploads\/2025\/05\/Great-Place-to-Work-kuert-beste-Arbeitgeber-der-Schweiz-2025_Organisator.png","datePublished":"2025-05-16T12:24:14+00:00","dateModified":"2025-06-19T07:57:32+00:00","description":"Great Place To Work Schweiz hat am 15. Mai 2025 im JED Schlieren die besten Arbeitgeber des Landes ausgezeichnet.","breadcrumb":{"@id":"https:\/\/www.organisator.ch\/management\/2025-05-16\/great-place-to-work-kuert-beste-arbeitgeber-der-schweiz-2025\/#breadcrumb"},"inLanguage":"de","potentialAction":[{"@type":"ReadAction","target":["https:\/\/www.organisator.ch\/management\/2025-05-16\/great-place-to-work-kuert-beste-arbeitgeber-der-schweiz-2025\/"]}]},{"@type":"ImageObject","inLanguage":"de","@id":"https:\/\/www.organisator.ch\/management\/2025-05-16\/great-place-to-work-kuert-beste-arbeitgeber-der-schweiz-2025\/#primaryimage","url":"https:\/\/www.organisator.ch\/wp-content\/uploads\/2025\/05\/Great-Place-to-Work-kuert-beste-Arbeitgeber-der-Schweiz-2025_Organisator.png","contentUrl":"https:\/\/www.organisator.ch\/wp-content\/uploads\/2025\/05\/Great-Place-to-Work-kuert-beste-Arbeitgeber-der-Schweiz-2025_Organisator.png","width":680,"height":382,"caption":"Wieder stehen sie fest: Die besten Arbeitgeber der Schweiz. (Bild: Great Place to Work)"},{"@type":"BreadcrumbList","@id":"https:\/\/www.organisator.ch\/management\/2025-05-16\/great-place-to-work-kuert-beste-arbeitgeber-der-schweiz-2025\/#breadcrumb","itemListElement":[{"@type":"ListItem","position":1,"name":"Home","item":"https:\/\/www.organisator.ch\/"},{"@type":"ListItem","position":2,"name":"Great Place to Work k\u00fcrt beste Arbeitgeber der Schweiz 2025"}]},{"@type":"WebSite","@id":"https:\/\/www.organisator.ch\/#website","url":"https:\/\/www.organisator.ch\/","name":"Organisator","description":"Kompetent. Praxisnah. Der ORGANISATOR bereitet in 10 Ausgaben pro Jahr die wesentlichen Themen f\u00fcr F\u00fchrungskr\u00e4fte von KMU auf.","publisher":{"@id":"https:\/\/www.organisator.ch\/#organization"},"potentialAction":[{"@type":"SearchAction","target":{"@type":"EntryPoint","urlTemplate":"https:\/\/www.organisator.ch\/?s={search_term_string}"},"query-input":{"@type":"PropertyValueSpecification","valueRequired":true,"valueName":"search_term_string"}}],"inLanguage":"de"},{"@type":"Organization","@id":"https:\/\/www.organisator.ch\/#organization","name":"Organisator","url":"https:\/\/www.organisator.ch\/","logo":{"@type":"ImageObject","inLanguage":"de","@id":"https:\/\/www.organisator.ch\/#\/schema\/logo\/image\/","url":"https:\/\/www.organisator.ch\/wp-content\/uploads\/2022\/01\/Logo_Organisator_Website.png","contentUrl":"https:\/\/www.organisator.ch\/wp-content\/uploads\/2022\/01\/Logo_Organisator_Website.png","width":800,"height":77,"caption":"Organisator"},"image":{"@id":"https:\/\/www.organisator.ch\/#\/schema\/logo\/image\/"},"sameAs":["https:\/\/www.facebook.com\/OrganisatorFachmagazin","https:\/\/www.linkedin.com\/showcase\/organisator-das-magazin-fr-kmu","https:\/\/www.xing.com\/news\/pages\/organisator-ch-695","https:\/\/www.youtube.com\/channel\/UCGP2Sq0iWaZwT3BdIAQFYpw"]},{"@type":"Person","@id":"https:\/\/www.organisator.ch\/#\/schema\/person\/6f650f90b2842cd4c0cc334b4e36f67e","name":"thomas.berner","image":{"@type":"ImageObject","inLanguage":"de","@id":"https:\/\/secure.gravatar.com\/avatar\/ac5001d2a36cb6c6cd3e50789007ffca834b477b74a2144564522e944eabff61?s=96&d=mm&r=g","url":"https:\/\/secure.gravatar.com\/avatar\/ac5001d2a36cb6c6cd3e50789007ffca834b477b74a2144564522e944eabff61?s=96&d=mm&r=g","contentUrl":"https:\/\/secure.gravatar.com\/avatar\/ac5001d2a36cb6c6cd3e50789007ffca834b477b74a2144564522e944eabff61?s=96&d=mm&r=g","caption":"thomas.berner"},"url":"https:\/\/www.organisator.ch\/de\/author\/thomas-berner\/"}]}},"_links":{"self":[{"href":"https:\/\/www.organisator.ch\/de\/wp-json\/wp\/v2\/posts\/38427","targetHints":{"allow":["GET"]}}],"collection":[{"href":"https:\/\/www.organisator.ch\/de\/wp-json\/wp\/v2\/posts"}],"about":[{"href":"https:\/\/www.organisator.ch\/de\/wp-json\/wp\/v2\/types\/post"}],"author":[{"embeddable":true,"href":"https:\/\/www.organisator.ch\/de\/wp-json\/wp\/v2\/users\/4"}],"replies":[{"embeddable":true,"href":"https:\/\/www.organisator.ch\/de\/wp-json\/wp\/v2\/comments?post=38427"}],"version-history":[{"count":5,"href":"https:\/\/www.organisator.ch\/de\/wp-json\/wp\/v2\/posts\/38427\/revisions"}],"predecessor-version":[{"id":39143,"href":"https:\/\/www.organisator.ch\/de\/wp-json\/wp\/v2\/posts\/38427\/revisions\/39143"}],"wp:featuredmedia":[{"embeddable":true,"href":"https:\/\/www.organisator.ch\/de\/wp-json\/wp\/v2\/media\/38428"}],"wp:attachment":[{"href":"https:\/\/www.organisator.ch\/de\/wp-json\/wp\/v2\/media?parent=38427"}],"wp:term":[{"taxonomy":"category","embeddable":true,"href":"https:\/\/www.organisator.ch\/de\/wp-json\/wp\/v2\/categories?post=38427"},{"taxonomy":"post_tag","embeddable":true,"href":"https:\/\/www.organisator.ch\/de\/wp-json\/wp\/v2\/tags?post=38427"}],"curies":[{"name":"wp","href":"https:\/\/api.w.org\/{rel}","templated":true}]}}