{"id":38480,"date":"2025-05-21T08:26:14","date_gmt":"2025-05-21T06:26:14","guid":{"rendered":"https:\/\/www.organisator.ch\/?p=38480"},"modified":"2025-05-21T08:26:14","modified_gmt":"2025-05-21T06:26:14","slug":"centre-patronal-erwirbt-trianon-von-der-mobiliar","status":"publish","type":"post","link":"https:\/\/www.organisator.ch\/de\/management\/2025-05-21\/centre-patronal-erwirbt-trianon-von-der-mobiliar\/","title":{"rendered":"Centre Patronal erwirbt Trianon von der Mobiliar"},"content":{"rendered":"<figure id=\"attachment_38481\" aria-describedby=\"caption-attachment-38481\" style=\"width: 680px\" class=\"wp-caption alignnone\"><img loading=\"lazy\" decoding=\"async\" class=\"size-full wp-image-38481\" src=\"https:\/\/www.organisator.ch\/wp-content\/uploads\/2025\/05\/Centre-Patronal-erwirbt-Trianon-von-der-Mobiliar_Organisator.jpg\" alt=\"\" width=\"680\" height=\"269\" srcset=\"https:\/\/www.organisator.ch\/wp-content\/uploads\/2025\/05\/Centre-Patronal-erwirbt-Trianon-von-der-Mobiliar_Organisator.jpg 680w, https:\/\/www.organisator.ch\/wp-content\/uploads\/2025\/05\/Centre-Patronal-erwirbt-Trianon-von-der-Mobiliar_Organisator-18x7.jpg 18w, https:\/\/www.organisator.ch\/wp-content\/uploads\/2025\/05\/Centre-Patronal-erwirbt-Trianon-von-der-Mobiliar_Organisator-375x148.jpg 375w\" sizes=\"auto, (max-width: 680px) 100vw, 680px\" \/><figcaption id=\"caption-attachment-38481\" class=\"wp-caption-text\">Die Mobiliar fokussiert auf ihr Kerngesch\u00e4ft und hat Trianon AG an Centre Patronal verkauft.<\/figcaption><\/figure>\n<p>Der Wirtschaftsverband Centre Patronal \u00fcbernimmt die Trianon AG, seit 2016 ein Unternehmen der Gruppe Mobiliar, um sein eigenes Angebot und die Gesch\u00e4ftsfelder von Trianon weiterzuentwickeln. Das Unternehmen geh\u00f6rt heute zu den schweizweit f\u00fchrenden Unternehmen im Bereich Business Process Outsourcing. Ihre T\u00e4tigkeiten umfassen die Verwaltung von Pensionskassen, HR-Services sowie proaktives Absenzenmanagement. Centre Patronal vertritt seit 85 Jahren die Interessen der Privatwirtschaft und erbringt Dienstleistungen f\u00fcr Unternehmen. Mit der \u00dcbernahme von Trianon durch Centre Patronal profitieren die Kunden k\u00fcnftig von einer zus\u00e4tzlichen Dienstleistungspalette.\u00a0<\/p>\n<p>Der Verband Centre Patronal wurde 1940 im Kanton Waadt gegr\u00fcndet und hat seinen Sitz in Paudex. Derzeit besch\u00e4ftigt er rund 400 Mitarbeitende. Seit 1973 ist Centre Patronal in der Deutschschweiz mit einer Niederlassung in Bern und seit 2022 in Z\u00fcrich vertreten. Christophe Reymond, Gesch\u00e4ftsf\u00fchrer von Centre Patronal: \u00abCentre Patronal baut unter anderem Dienstleistungen in der beruflichen Vorsorge und im Personalbereich auf. Die B\u00fcndelung der Kr\u00e4fte mit Trianon ist daher naheliegend und vielversprechend. Sie bietet beiden Akteuren Perspektiven zur Weiterentwicklung ihrer Services und zum Ausbau ihrer Kundinnen und Kunden.\u00bb Thomas Bossart, Leiter Vorsorge der Mobiliar: \u00abCentre Patronal ist der ideale Eigent\u00fcmer f\u00fcr Trianon. Es wird das Unternehmen erfolgreich in die Zukunft f\u00fchren und den Wachstumskurs weiterschreiben.\u00bb<\/p>\n<p>Im Zuge ihrer strategischen Ausrichtung Avantage 2030 fokussiert die Mobiliar auf Aktivit\u00e4ten, die das Kerngesch\u00e4ft, das Versicherungs- und Vorsorgegesch\u00e4ft in der Schweiz, direkt unterst\u00fctzen. Die \u00dcbernahme von Trianon durch Centre Patronal wird voraussichtlich im dritten Quartal 2025 stattfinden, vorbeh\u00e4ltlich der Genehmigung durch die zust\u00e4ndigen Beh\u00f6rden. Die rund 220 Mitarbeitenden von Trianon in Nyon, Z\u00fcrich und Bern werden zu den gleichen Konditionen \u00fcbernommen. \u00dcber den Kaufpreis haben die Parteien Stillschweigen vereinbart.<\/p>\n<p><em>Quelle und weitere Informationen: <a href=\"http:\/\/www.centrepatronal.ch\">www.centrepatronal.ch<\/a> \/ <a href=\"http:\/\/www.mobiliar.ch\">www.mobiliar.ch<\/a><\/em><\/p>\n","protected":false},"excerpt":{"rendered":"<p>Centre Patronal \u00fcbernimmt Trianon, f\u00fchrend im Bereich Outsourcing von HR-Services und Pensionskassenverwaltung. Damit will es sein Angebot f\u00fcr Unternehmen ausbauen und seine Marktposition in der Deutschschweiz und der Romandie st\u00e4rken.<\/p>\n","protected":false},"author":4,"featured_media":38481,"comment_status":"closed","ping_status":"closed","sticky":false,"template":"","format":"standard","meta":{"_acf_changed":false,"_yoast_wpseo_focuskw":"Trianon","_yoast_wpseo_metadesc":"Centre Patronal \u00fcbernimmt Trianon, f\u00fchrend im Bereich Outsourcing von HR-Services und Pensionskassenverwaltung.","articlekey":"","footnotes":""},"categories":[28],"tags":[5352,334,377,492],"class_list":["post-38480","post","type-post","status-publish","format-standard","has-post-thumbnail","hentry","category-management","tag-hr-services","tag-management","tag-pensionskassen","tag-unternehmen"],"acf":[],"yoast_head":"<!-- This site is optimized with the Yoast SEO plugin v27.5 - https:\/\/yoast.com\/product\/yoast-seo-wordpress\/ -->\n<title>Centre Patronal erwirbt Trianon von der Mobiliar - Organisator<\/title>\n<meta name=\"description\" content=\"Centre Patronal \u00fcbernimmt Trianon, f\u00fchrend im Bereich Outsourcing von HR-Services und Pensionskassenverwaltung.\" \/>\n<meta name=\"robots\" content=\"index, follow, max-snippet:-1, max-image-preview:large, max-video-preview:-1\" \/>\n<link rel=\"canonical\" href=\"https:\/\/www.organisator.ch\/de\/management\/2025-05-21\/centre-patronal-erwirbt-trianon-von-der-mobiliar\/\" \/>\n<meta property=\"og:locale\" content=\"de_DE\" \/>\n<meta property=\"og:type\" content=\"article\" \/>\n<meta property=\"og:title\" content=\"Centre Patronal erwirbt Trianon von der Mobiliar\" \/>\n<meta property=\"og:description\" content=\"Centre Patronal \u00fcbernimmt Trianon, f\u00fchrend im Bereich Outsourcing von HR-Services und Pensionskassenverwaltung.\" \/>\n<meta property=\"og:url\" content=\"https:\/\/www.organisator.ch\/de\/management\/2025-05-21\/centre-patronal-erwirbt-trianon-von-der-mobiliar\/\" \/>\n<meta property=\"og:site_name\" content=\"Organisator\" \/>\n<meta property=\"article:publisher\" content=\"https:\/\/www.facebook.com\/OrganisatorFachmagazin\" \/>\n<meta property=\"article:published_time\" content=\"2025-05-21T06:26:14+00:00\" \/>\n<meta property=\"og:image\" content=\"https:\/\/www.organisator.ch\/wp-content\/uploads\/2025\/05\/Centre-Patronal-erwirbt-Trianon-von-der-Mobiliar_Organisator.jpg\" \/>\n\t<meta property=\"og:image:width\" content=\"680\" \/>\n\t<meta property=\"og:image:height\" content=\"269\" \/>\n\t<meta property=\"og:image:type\" content=\"image\/jpeg\" \/>\n<meta name=\"author\" content=\"thomas.berner\" \/>\n<meta name=\"twitter:card\" content=\"summary_large_image\" \/>\n<meta name=\"twitter:title\" content=\"Centre Patronal erwirbt #Trianon von der #Mobiliar\" \/>\n<meta name=\"twitter:description\" content=\"Centre Patronal \u00fcbernimmt #Trianon, f\u00fchrend im Bereich Outsourcing von #HR-Services und #Pensionskassenverwaltung.\" \/>\n<meta name=\"twitter:image\" content=\"https:\/\/www.organisator.ch\/wp-content\/uploads\/2025\/05\/Centre-Patronal-erwirbt-Trianon-von-der-Mobiliar_Organisator.jpg\" \/>\n<script type=\"application\/ld+json\" class=\"yoast-schema-graph\">{\"@context\":\"https:\\\/\\\/schema.org\",\"@graph\":[{\"@type\":\"Article\",\"@id\":\"https:\\\/\\\/www.organisator.ch\\\/management\\\/2025-05-21\\\/centre-patronal-erwirbt-trianon-von-der-mobiliar\\\/#article\",\"isPartOf\":{\"@id\":\"https:\\\/\\\/www.organisator.ch\\\/management\\\/2025-05-21\\\/centre-patronal-erwirbt-trianon-von-der-mobiliar\\\/\"},\"author\":{\"name\":\"thomas.berner\",\"@id\":\"https:\\\/\\\/www.organisator.ch\\\/#\\\/schema\\\/person\\\/6f650f90b2842cd4c0cc334b4e36f67e\"},\"headline\":\"Centre Patronal erwirbt Trianon von der Mobiliar\",\"datePublished\":\"2025-05-21T06:26:14+00:00\",\"mainEntityOfPage\":{\"@id\":\"https:\\\/\\\/www.organisator.ch\\\/management\\\/2025-05-21\\\/centre-patronal-erwirbt-trianon-von-der-mobiliar\\\/\"},\"wordCount\":321,\"publisher\":{\"@id\":\"https:\\\/\\\/www.organisator.ch\\\/#organization\"},\"image\":{\"@id\":\"https:\\\/\\\/www.organisator.ch\\\/management\\\/2025-05-21\\\/centre-patronal-erwirbt-trianon-von-der-mobiliar\\\/#primaryimage\"},\"thumbnailUrl\":\"https:\\\/\\\/www.organisator.ch\\\/wp-content\\\/uploads\\\/2025\\\/05\\\/Centre-Patronal-erwirbt-Trianon-von-der-Mobiliar_Organisator.jpg\",\"keywords\":[\"HR-Services\",\"Management\",\"Pensionskassen\",\"Unternehmen\"],\"articleSection\":[\"MANAGEMENT\"],\"inLanguage\":\"de\"},{\"@type\":\"WebPage\",\"@id\":\"https:\\\/\\\/www.organisator.ch\\\/management\\\/2025-05-21\\\/centre-patronal-erwirbt-trianon-von-der-mobiliar\\\/\",\"url\":\"https:\\\/\\\/www.organisator.ch\\\/management\\\/2025-05-21\\\/centre-patronal-erwirbt-trianon-von-der-mobiliar\\\/\",\"name\":\"Centre Patronal erwirbt Trianon von der Mobiliar - Organisator\",\"isPartOf\":{\"@id\":\"https:\\\/\\\/www.organisator.ch\\\/#website\"},\"primaryImageOfPage\":{\"@id\":\"https:\\\/\\\/www.organisator.ch\\\/management\\\/2025-05-21\\\/centre-patronal-erwirbt-trianon-von-der-mobiliar\\\/#primaryimage\"},\"image\":{\"@id\":\"https:\\\/\\\/www.organisator.ch\\\/management\\\/2025-05-21\\\/centre-patronal-erwirbt-trianon-von-der-mobiliar\\\/#primaryimage\"},\"thumbnailUrl\":\"https:\\\/\\\/www.organisator.ch\\\/wp-content\\\/uploads\\\/2025\\\/05\\\/Centre-Patronal-erwirbt-Trianon-von-der-Mobiliar_Organisator.jpg\",\"datePublished\":\"2025-05-21T06:26:14+00:00\",\"description\":\"Centre Patronal \u00fcbernimmt Trianon, f\u00fchrend im Bereich Outsourcing von HR-Services und Pensionskassenverwaltung.\",\"breadcrumb\":{\"@id\":\"https:\\\/\\\/www.organisator.ch\\\/management\\\/2025-05-21\\\/centre-patronal-erwirbt-trianon-von-der-mobiliar\\\/#breadcrumb\"},\"inLanguage\":\"de\",\"potentialAction\":[{\"@type\":\"ReadAction\",\"target\":[\"https:\\\/\\\/www.organisator.ch\\\/management\\\/2025-05-21\\\/centre-patronal-erwirbt-trianon-von-der-mobiliar\\\/\"]}]},{\"@type\":\"ImageObject\",\"inLanguage\":\"de\",\"@id\":\"https:\\\/\\\/www.organisator.ch\\\/management\\\/2025-05-21\\\/centre-patronal-erwirbt-trianon-von-der-mobiliar\\\/#primaryimage\",\"url\":\"https:\\\/\\\/www.organisator.ch\\\/wp-content\\\/uploads\\\/2025\\\/05\\\/Centre-Patronal-erwirbt-Trianon-von-der-Mobiliar_Organisator.jpg\",\"contentUrl\":\"https:\\\/\\\/www.organisator.ch\\\/wp-content\\\/uploads\\\/2025\\\/05\\\/Centre-Patronal-erwirbt-Trianon-von-der-Mobiliar_Organisator.jpg\",\"width\":680,\"height\":269,\"caption\":\"Die Mobiliar fokussiert auf ihr Kerngesch\u00e4ft und hat Trianon AG an das Centre Patronal verkauft.\"},{\"@type\":\"BreadcrumbList\",\"@id\":\"https:\\\/\\\/www.organisator.ch\\\/management\\\/2025-05-21\\\/centre-patronal-erwirbt-trianon-von-der-mobiliar\\\/#breadcrumb\",\"itemListElement\":[{\"@type\":\"ListItem\",\"position\":1,\"name\":\"Home\",\"item\":\"https:\\\/\\\/www.organisator.ch\\\/\"},{\"@type\":\"ListItem\",\"position\":2,\"name\":\"Centre Patronal erwirbt Trianon von der Mobiliar\"}]},{\"@type\":\"WebSite\",\"@id\":\"https:\\\/\\\/www.organisator.ch\\\/#website\",\"url\":\"https:\\\/\\\/www.organisator.ch\\\/\",\"name\":\"Organisator\",\"description\":\"Kompetent. Praxisnah. Der ORGANISATOR bereitet in 10 Ausgaben pro Jahr die wesentlichen Themen f\u00fcr F\u00fchrungskr\u00e4fte von KMU auf.\",\"publisher\":{\"@id\":\"https:\\\/\\\/www.organisator.ch\\\/#organization\"},\"potentialAction\":[{\"@type\":\"SearchAction\",\"target\":{\"@type\":\"EntryPoint\",\"urlTemplate\":\"https:\\\/\\\/www.organisator.ch\\\/?s={search_term_string}\"},\"query-input\":{\"@type\":\"PropertyValueSpecification\",\"valueRequired\":true,\"valueName\":\"search_term_string\"}}],\"inLanguage\":\"de\"},{\"@type\":\"Organization\",\"@id\":\"https:\\\/\\\/www.organisator.ch\\\/#organization\",\"name\":\"Organisator\",\"url\":\"https:\\\/\\\/www.organisator.ch\\\/\",\"logo\":{\"@type\":\"ImageObject\",\"inLanguage\":\"de\",\"@id\":\"https:\\\/\\\/www.organisator.ch\\\/#\\\/schema\\\/logo\\\/image\\\/\",\"url\":\"https:\\\/\\\/www.organisator.ch\\\/wp-content\\\/uploads\\\/2022\\\/01\\\/Logo_Organisator_Website.png\",\"contentUrl\":\"https:\\\/\\\/www.organisator.ch\\\/wp-content\\\/uploads\\\/2022\\\/01\\\/Logo_Organisator_Website.png\",\"width\":800,\"height\":77,\"caption\":\"Organisator\"},\"image\":{\"@id\":\"https:\\\/\\\/www.organisator.ch\\\/#\\\/schema\\\/logo\\\/image\\\/\"},\"sameAs\":[\"https:\\\/\\\/www.facebook.com\\\/OrganisatorFachmagazin\",\"https:\\\/\\\/www.linkedin.com\\\/showcase\\\/organisator-das-magazin-fr-kmu\",\"https:\\\/\\\/www.xing.com\\\/news\\\/pages\\\/organisator-ch-695\",\"https:\\\/\\\/www.youtube.com\\\/channel\\\/UCGP2Sq0iWaZwT3BdIAQFYpw\"]},{\"@type\":\"Person\",\"@id\":\"https:\\\/\\\/www.organisator.ch\\\/#\\\/schema\\\/person\\\/6f650f90b2842cd4c0cc334b4e36f67e\",\"name\":\"thomas.berner\",\"image\":{\"@type\":\"ImageObject\",\"inLanguage\":\"de\",\"@id\":\"https:\\\/\\\/secure.gravatar.com\\\/avatar\\\/ac5001d2a36cb6c6cd3e50789007ffca834b477b74a2144564522e944eabff61?s=96&d=mm&r=g\",\"url\":\"https:\\\/\\\/secure.gravatar.com\\\/avatar\\\/ac5001d2a36cb6c6cd3e50789007ffca834b477b74a2144564522e944eabff61?s=96&d=mm&r=g\",\"contentUrl\":\"https:\\\/\\\/secure.gravatar.com\\\/avatar\\\/ac5001d2a36cb6c6cd3e50789007ffca834b477b74a2144564522e944eabff61?s=96&d=mm&r=g\",\"caption\":\"thomas.berner\"},\"url\":\"https:\\\/\\\/www.organisator.ch\\\/de\\\/author\\\/thomas-berner\\\/\"}]}<\/script>\n<!-- \/ Yoast SEO plugin. -->","yoast_head_json":{"title":"Centre Patronal erwirbt Trianon von der Mobiliar - Organisator","description":"Centre Patronal \u00fcbernimmt Trianon, f\u00fchrend im Bereich Outsourcing von HR-Services und Pensionskassenverwaltung.","robots":{"index":"index","follow":"follow","max-snippet":"max-snippet:-1","max-image-preview":"max-image-preview:large","max-video-preview":"max-video-preview:-1"},"canonical":"https:\/\/www.organisator.ch\/de\/management\/2025-05-21\/centre-patronal-erwirbt-trianon-von-der-mobiliar\/","og_locale":"de_DE","og_type":"article","og_title":"Centre Patronal erwirbt Trianon von der Mobiliar","og_description":"Centre Patronal \u00fcbernimmt Trianon, f\u00fchrend im Bereich Outsourcing von HR-Services und Pensionskassenverwaltung.","og_url":"https:\/\/www.organisator.ch\/de\/management\/2025-05-21\/centre-patronal-erwirbt-trianon-von-der-mobiliar\/","og_site_name":"Organisator","article_publisher":"https:\/\/www.facebook.com\/OrganisatorFachmagazin","article_published_time":"2025-05-21T06:26:14+00:00","og_image":[{"width":680,"height":269,"url":"https:\/\/www.organisator.ch\/wp-content\/uploads\/2025\/05\/Centre-Patronal-erwirbt-Trianon-von-der-Mobiliar_Organisator.jpg","type":"image\/jpeg"}],"author":"thomas.berner","twitter_card":"summary_large_image","twitter_title":"Centre Patronal erwirbt #Trianon von der #Mobiliar","twitter_description":"Centre Patronal \u00fcbernimmt #Trianon, f\u00fchrend im Bereich Outsourcing von #HR-Services und #Pensionskassenverwaltung.","twitter_image":"https:\/\/www.organisator.ch\/wp-content\/uploads\/2025\/05\/Centre-Patronal-erwirbt-Trianon-von-der-Mobiliar_Organisator.jpg","schema":{"@context":"https:\/\/schema.org","@graph":[{"@type":"Article","@id":"https:\/\/www.organisator.ch\/management\/2025-05-21\/centre-patronal-erwirbt-trianon-von-der-mobiliar\/#article","isPartOf":{"@id":"https:\/\/www.organisator.ch\/management\/2025-05-21\/centre-patronal-erwirbt-trianon-von-der-mobiliar\/"},"author":{"name":"thomas.berner","@id":"https:\/\/www.organisator.ch\/#\/schema\/person\/6f650f90b2842cd4c0cc334b4e36f67e"},"headline":"Centre Patronal erwirbt Trianon von der Mobiliar","datePublished":"2025-05-21T06:26:14+00:00","mainEntityOfPage":{"@id":"https:\/\/www.organisator.ch\/management\/2025-05-21\/centre-patronal-erwirbt-trianon-von-der-mobiliar\/"},"wordCount":321,"publisher":{"@id":"https:\/\/www.organisator.ch\/#organization"},"image":{"@id":"https:\/\/www.organisator.ch\/management\/2025-05-21\/centre-patronal-erwirbt-trianon-von-der-mobiliar\/#primaryimage"},"thumbnailUrl":"https:\/\/www.organisator.ch\/wp-content\/uploads\/2025\/05\/Centre-Patronal-erwirbt-Trianon-von-der-Mobiliar_Organisator.jpg","keywords":["HR-Services","Management","Pensionskassen","Unternehmen"],"articleSection":["MANAGEMENT"],"inLanguage":"de"},{"@type":"WebPage","@id":"https:\/\/www.organisator.ch\/management\/2025-05-21\/centre-patronal-erwirbt-trianon-von-der-mobiliar\/","url":"https:\/\/www.organisator.ch\/management\/2025-05-21\/centre-patronal-erwirbt-trianon-von-der-mobiliar\/","name":"Centre Patronal erwirbt Trianon von der Mobiliar - Organisator","isPartOf":{"@id":"https:\/\/www.organisator.ch\/#website"},"primaryImageOfPage":{"@id":"https:\/\/www.organisator.ch\/management\/2025-05-21\/centre-patronal-erwirbt-trianon-von-der-mobiliar\/#primaryimage"},"image":{"@id":"https:\/\/www.organisator.ch\/management\/2025-05-21\/centre-patronal-erwirbt-trianon-von-der-mobiliar\/#primaryimage"},"thumbnailUrl":"https:\/\/www.organisator.ch\/wp-content\/uploads\/2025\/05\/Centre-Patronal-erwirbt-Trianon-von-der-Mobiliar_Organisator.jpg","datePublished":"2025-05-21T06:26:14+00:00","description":"Centre Patronal \u00fcbernimmt Trianon, f\u00fchrend im Bereich Outsourcing von HR-Services und Pensionskassenverwaltung.","breadcrumb":{"@id":"https:\/\/www.organisator.ch\/management\/2025-05-21\/centre-patronal-erwirbt-trianon-von-der-mobiliar\/#breadcrumb"},"inLanguage":"de","potentialAction":[{"@type":"ReadAction","target":["https:\/\/www.organisator.ch\/management\/2025-05-21\/centre-patronal-erwirbt-trianon-von-der-mobiliar\/"]}]},{"@type":"ImageObject","inLanguage":"de","@id":"https:\/\/www.organisator.ch\/management\/2025-05-21\/centre-patronal-erwirbt-trianon-von-der-mobiliar\/#primaryimage","url":"https:\/\/www.organisator.ch\/wp-content\/uploads\/2025\/05\/Centre-Patronal-erwirbt-Trianon-von-der-Mobiliar_Organisator.jpg","contentUrl":"https:\/\/www.organisator.ch\/wp-content\/uploads\/2025\/05\/Centre-Patronal-erwirbt-Trianon-von-der-Mobiliar_Organisator.jpg","width":680,"height":269,"caption":"Die Mobiliar fokussiert auf ihr Kerngesch\u00e4ft und hat Trianon AG an das Centre Patronal verkauft."},{"@type":"BreadcrumbList","@id":"https:\/\/www.organisator.ch\/management\/2025-05-21\/centre-patronal-erwirbt-trianon-von-der-mobiliar\/#breadcrumb","itemListElement":[{"@type":"ListItem","position":1,"name":"Home","item":"https:\/\/www.organisator.ch\/"},{"@type":"ListItem","position":2,"name":"Centre Patronal erwirbt Trianon von der Mobiliar"}]},{"@type":"WebSite","@id":"https:\/\/www.organisator.ch\/#website","url":"https:\/\/www.organisator.ch\/","name":"Organisator","description":"Kompetent. Praxisnah. Der ORGANISATOR bereitet in 10 Ausgaben pro Jahr die wesentlichen Themen f\u00fcr F\u00fchrungskr\u00e4fte von KMU auf.","publisher":{"@id":"https:\/\/www.organisator.ch\/#organization"},"potentialAction":[{"@type":"SearchAction","target":{"@type":"EntryPoint","urlTemplate":"https:\/\/www.organisator.ch\/?s={search_term_string}"},"query-input":{"@type":"PropertyValueSpecification","valueRequired":true,"valueName":"search_term_string"}}],"inLanguage":"de"},{"@type":"Organization","@id":"https:\/\/www.organisator.ch\/#organization","name":"Organisator","url":"https:\/\/www.organisator.ch\/","logo":{"@type":"ImageObject","inLanguage":"de","@id":"https:\/\/www.organisator.ch\/#\/schema\/logo\/image\/","url":"https:\/\/www.organisator.ch\/wp-content\/uploads\/2022\/01\/Logo_Organisator_Website.png","contentUrl":"https:\/\/www.organisator.ch\/wp-content\/uploads\/2022\/01\/Logo_Organisator_Website.png","width":800,"height":77,"caption":"Organisator"},"image":{"@id":"https:\/\/www.organisator.ch\/#\/schema\/logo\/image\/"},"sameAs":["https:\/\/www.facebook.com\/OrganisatorFachmagazin","https:\/\/www.linkedin.com\/showcase\/organisator-das-magazin-fr-kmu","https:\/\/www.xing.com\/news\/pages\/organisator-ch-695","https:\/\/www.youtube.com\/channel\/UCGP2Sq0iWaZwT3BdIAQFYpw"]},{"@type":"Person","@id":"https:\/\/www.organisator.ch\/#\/schema\/person\/6f650f90b2842cd4c0cc334b4e36f67e","name":"thomas.berner","image":{"@type":"ImageObject","inLanguage":"de","@id":"https:\/\/secure.gravatar.com\/avatar\/ac5001d2a36cb6c6cd3e50789007ffca834b477b74a2144564522e944eabff61?s=96&d=mm&r=g","url":"https:\/\/secure.gravatar.com\/avatar\/ac5001d2a36cb6c6cd3e50789007ffca834b477b74a2144564522e944eabff61?s=96&d=mm&r=g","contentUrl":"https:\/\/secure.gravatar.com\/avatar\/ac5001d2a36cb6c6cd3e50789007ffca834b477b74a2144564522e944eabff61?s=96&d=mm&r=g","caption":"thomas.berner"},"url":"https:\/\/www.organisator.ch\/de\/author\/thomas-berner\/"}]}},"_links":{"self":[{"href":"https:\/\/www.organisator.ch\/de\/wp-json\/wp\/v2\/posts\/38480","targetHints":{"allow":["GET"]}}],"collection":[{"href":"https:\/\/www.organisator.ch\/de\/wp-json\/wp\/v2\/posts"}],"about":[{"href":"https:\/\/www.organisator.ch\/de\/wp-json\/wp\/v2\/types\/post"}],"author":[{"embeddable":true,"href":"https:\/\/www.organisator.ch\/de\/wp-json\/wp\/v2\/users\/4"}],"replies":[{"embeddable":true,"href":"https:\/\/www.organisator.ch\/de\/wp-json\/wp\/v2\/comments?post=38480"}],"version-history":[{"count":3,"href":"https:\/\/www.organisator.ch\/de\/wp-json\/wp\/v2\/posts\/38480\/revisions"}],"predecessor-version":[{"id":38514,"href":"https:\/\/www.organisator.ch\/de\/wp-json\/wp\/v2\/posts\/38480\/revisions\/38514"}],"wp:featuredmedia":[{"embeddable":true,"href":"https:\/\/www.organisator.ch\/de\/wp-json\/wp\/v2\/media\/38481"}],"wp:attachment":[{"href":"https:\/\/www.organisator.ch\/de\/wp-json\/wp\/v2\/media?parent=38480"}],"wp:term":[{"taxonomy":"category","embeddable":true,"href":"https:\/\/www.organisator.ch\/de\/wp-json\/wp\/v2\/categories?post=38480"},{"taxonomy":"post_tag","embeddable":true,"href":"https:\/\/www.organisator.ch\/de\/wp-json\/wp\/v2\/tags?post=38480"}],"curies":[{"name":"wp","href":"https:\/\/api.w.org\/{rel}","templated":true}]}}