{"id":385,"date":"2016-11-15T15:39:35","date_gmt":"2016-11-15T14:39:35","guid":{"rendered":"http:\/\/dev.organisator.ch\/?p=385"},"modified":"2016-11-15T15:39:35","modified_gmt":"2016-11-15T14:39:35","slug":"engagement-migros-kooperiert-mit-venture-kick","status":"publish","type":"post","link":"https:\/\/www.organisator.ch\/de\/management\/2016-11-15\/engagement-migros-kooperiert-mit-venture-kick\/","title":{"rendered":"Engagement Migros kooperiert mit Venture Kick"},"content":{"rendered":"<figure id=\"attachment_386\" aria-describedby=\"caption-attachment-386\" style=\"width: 680px\" class=\"wp-caption alignnone\"><img loading=\"lazy\" decoding=\"async\" class=\"size-medium wp-image-386\" src=\"https:\/\/organisator.ch\/wp-content\/uploads\/2016\/12\/Engagement-Migros-kooperiert-mit-Venture-Kick-organisator.jpg\" alt=\"\" width=\"680\" height=\"548\" srcset=\"https:\/\/www.organisator.ch\/wp-content\/uploads\/2016\/12\/Engagement-Migros-kooperiert-mit-Venture-Kick-organisator.jpg 800w, https:\/\/www.organisator.ch\/wp-content\/uploads\/2016\/12\/Engagement-Migros-kooperiert-mit-Venture-Kick-organisator-680x548.jpg 680w, https:\/\/www.organisator.ch\/wp-content\/uploads\/2016\/12\/Engagement-Migros-kooperiert-mit-Venture-Kick-organisator-768x619.jpg 768w, https:\/\/www.organisator.ch\/wp-content\/uploads\/2016\/12\/Engagement-Migros-kooperiert-mit-Venture-Kick-organisator-16x12.jpg 16w, https:\/\/www.organisator.ch\/wp-content\/uploads\/2016\/12\/Engagement-Migros-kooperiert-mit-Venture-Kick-organisator-217x175.jpg 217w, https:\/\/www.organisator.ch\/wp-content\/uploads\/2016\/12\/Engagement-Migros-kooperiert-mit-Venture-Kick-organisator-434x350.jpg 434w, https:\/\/www.organisator.ch\/wp-content\/uploads\/2016\/12\/Engagement-Migros-kooperiert-mit-Venture-Kick-organisator-300x242.jpg 300w\" sizes=\"auto, (max-width: 680px) 100vw, 680px\" \/><figcaption id=\"caption-attachment-386\" class=\"wp-caption-text\">So einige Spinn Offs konnten bereits vom Venture Kick F\u00f6rderprogramm profitieren. (Bild: zVg)<\/figcaption><\/figure>\n<p>Engagement Migros f\u00f6rdert im Rahmen eines zweij\u00e4hrigen Pilots das Programm Venture Kick. Dieses f\u00f6rdert innovative Gesch\u00e4ftsideen aus allen Bereichen von den Anf\u00e4ngen bis zur Firmengr\u00fcndung. Venture Kick hat seit seiner Etablierung 2007 einen sehr erfolgreichen Prozess entwickelt, der auf Bef\u00e4higung, Beschleunigung und einem kompetitiven Auswahlverfahren beruht.<\/p>\n<p><strong>Innovationplatz Schweiz<\/strong><\/p>\n<p>Engagement Migros erm\u00f6glicht Pionierprojekte im gesellschaftlichen Wandel, seit 2015 auch im Bereich Wirtschaft. Der Fokus liegt hier auf der St\u00e4rkung des Innovationsplatzes Schweiz sowie der Ankurbelung digitaler Wertsch\u00f6pfung in der Schweiz. Als erster Partner hat Engagement Migros auch die k\u00fcrzlich in Z\u00fcrich zu Ende gegangene Pilotdurchf\u00fchrung des Kickstart Accelerators unterst\u00fctzt.<\/p>\n<p>Der F\u00f6rderfonds wird von den Unternehmen der Migros-Gruppe mit j\u00e4hrlich circa zehn Millionen Franken alimentiert und erm\u00f6glicht so rund 50 Pionierprojekte. Engagement Migros erg\u00e4nzt seit 2012 das Migros-Kulturprozent.<\/p>\n<p>Venture Kick, eine Initiative der Venture Kick Stiftung, wird finanziert durch: F\u00f6rderfonds Engagement Migros, Gebert R\u00fcf Stiftung, Ernst G\u00f6hner Stiftung, Fondation ProTechno, Fondation Lombard Odier, Debiopharm Group, Rising Tide Foundation, ESA BIC Switzerland, Andr\u00e9 Hoffmann, Hansj\u00f6rg Wyss und Martin Haefner.<\/p>\n<p><em>Mehr Details \u00fcber F\u00f6rderungsprogramme finden Sie unter <a href=\"http:\/\/www.venturekick.ch\" target=\"_blank\" rel=\"noreferrer noopener\" data-cke-saved-href=\"http:\/\/www.venturekick.ch\">www.venturekick.ch<\/a> und <a href=\"http:\/\/www.engagement-migros.ch\" target=\"_blank\" rel=\"noreferrer noopener\" data-cke-saved-href=\"http:\/\/www.engagement-migros.ch\">www.engagement-migros.ch<\/a><\/em><\/p>\n","protected":false},"excerpt":{"rendered":"<p>Engagement Migros f\u00f6rdert im Rahmen eines zweij\u00e4hrigen Pilots das Programm Venture Kick. Dieses f\u00f6rdert innovative Gesch\u00e4ftsideen aus allen Bereichen von den Anf\u00e4ngen bis zur Firmengr\u00fcndung. Venture Kick hat seit seiner Etablierung 2007 einen sehr erfolgreichen Prozess entwickelt, der auf Bef\u00e4higung, Beschleunigung und einem kompetitiven Auswahlverfahren beruht. Innovationplatz Schweiz Engagement Migros erm\u00f6glicht Pionierprojekte im gesellschaftlichen Wandel, [&hellip;]<\/p>\n","protected":false},"author":1,"featured_media":386,"comment_status":"open","ping_status":"open","sticky":false,"template":"","format":"standard","meta":{"_acf_changed":false,"_yoast_wpseo_focuskw":"Venture Kick","_yoast_wpseo_metadesc":"Der F\u00f6rderfonds Engagement Migros unterst\u00fctzt als erster Gr\u00fcndungspartner der Standortinitiative digitalswitzerland neu das Programm Venture Kick.","articlekey":"","footnotes":""},"categories":[28],"tags":[335],"class_list":["post-385","post","type-post","status-publish","format-standard","has-post-thumbnail","hentry","category-management","tag-management-und-unternehmensfuehrung"],"acf":[],"yoast_head":"<!-- This site is optimized with the Yoast SEO plugin v27.5 - https:\/\/yoast.com\/product\/yoast-seo-wordpress\/ -->\n<title>Engagement Migros kooperiert mit Venture Kick - Organisator<\/title>\n<meta name=\"description\" content=\"Der F\u00f6rderfonds Engagement Migros unterst\u00fctzt als erster Gr\u00fcndungspartner der Standortinitiative digitalswitzerland neu das Programm Venture Kick.\" \/>\n<meta name=\"robots\" content=\"index, follow, max-snippet:-1, max-image-preview:large, max-video-preview:-1\" \/>\n<link rel=\"canonical\" href=\"https:\/\/www.organisator.ch\/de\/management\/2016-11-15\/engagement-migros-kooperiert-mit-venture-kick\/\" \/>\n<meta property=\"og:locale\" content=\"de_DE\" \/>\n<meta property=\"og:type\" content=\"article\" \/>\n<meta property=\"og:title\" content=\"Engagement Migros kooperiert mit Venture Kick\" \/>\n<meta property=\"og:description\" content=\"Der F\u00f6rderfonds Engagement Migros unterst\u00fctzt als erster Gr\u00fcndungspartner der Standortinitiative digitalswitzerland neu das Programm Venture Kick. Damit leistet Engagement Migros weitere Pionierarbeit in der Unterst\u00fctzung hoch-innovativer Gesch\u00e4ftsideen und Startups in der Schweiz.\" \/>\n<meta property=\"og:url\" content=\"https:\/\/www.organisator.ch\/de\/management\/2016-11-15\/engagement-migros-kooperiert-mit-venture-kick\/\" \/>\n<meta property=\"og:site_name\" content=\"Organisator\" \/>\n<meta property=\"article:publisher\" content=\"https:\/\/www.facebook.com\/OrganisatorFachmagazin\" \/>\n<meta property=\"article:published_time\" content=\"2016-11-15T14:39:35+00:00\" \/>\n<meta name=\"author\" content=\"admin\" \/>\n<meta name=\"twitter:card\" content=\"summary_large_image\" \/>\n<meta name=\"twitter:image\" content=\"https:\/\/www.organisator.ch\/wp-content\/uploads\/2016\/12\/Engagement-Migros-kooperiert-mit-Venture-Kick-organisator.jpg\" \/>\n<script type=\"application\/ld+json\" class=\"yoast-schema-graph\">{\"@context\":\"https:\\\/\\\/schema.org\",\"@graph\":[{\"@type\":\"Article\",\"@id\":\"https:\\\/\\\/www.organisator.ch\\\/management\\\/2016-11-15\\\/engagement-migros-kooperiert-mit-venture-kick\\\/#article\",\"isPartOf\":{\"@id\":\"https:\\\/\\\/www.organisator.ch\\\/management\\\/2016-11-15\\\/engagement-migros-kooperiert-mit-venture-kick\\\/\"},\"author\":{\"name\":\"admin\",\"@id\":\"https:\\\/\\\/www.organisator.ch\\\/#\\\/schema\\\/person\\\/aa2bace6c5c5aad60102004a50c4eb1c\"},\"headline\":\"Engagement Migros kooperiert mit Venture Kick\",\"datePublished\":\"2016-11-15T14:39:35+00:00\",\"mainEntityOfPage\":{\"@id\":\"https:\\\/\\\/www.organisator.ch\\\/management\\\/2016-11-15\\\/engagement-migros-kooperiert-mit-venture-kick\\\/\"},\"wordCount\":226,\"commentCount\":0,\"publisher\":{\"@id\":\"https:\\\/\\\/www.organisator.ch\\\/#organization\"},\"image\":{\"@id\":\"https:\\\/\\\/www.organisator.ch\\\/management\\\/2016-11-15\\\/engagement-migros-kooperiert-mit-venture-kick\\\/#primaryimage\"},\"thumbnailUrl\":\"https:\\\/\\\/www.organisator.ch\\\/wp-content\\\/uploads\\\/2016\\\/12\\\/Engagement-Migros-kooperiert-mit-Venture-Kick-organisator.jpg\",\"keywords\":[\"Management und Unternehmensf\u00fchrung\"],\"articleSection\":[\"MANAGEMENT\"],\"inLanguage\":\"de\"},{\"@type\":\"WebPage\",\"@id\":\"https:\\\/\\\/www.organisator.ch\\\/management\\\/2016-11-15\\\/engagement-migros-kooperiert-mit-venture-kick\\\/\",\"url\":\"https:\\\/\\\/www.organisator.ch\\\/management\\\/2016-11-15\\\/engagement-migros-kooperiert-mit-venture-kick\\\/\",\"name\":\"Engagement Migros kooperiert mit Venture Kick - Organisator\",\"isPartOf\":{\"@id\":\"https:\\\/\\\/www.organisator.ch\\\/#website\"},\"primaryImageOfPage\":{\"@id\":\"https:\\\/\\\/www.organisator.ch\\\/management\\\/2016-11-15\\\/engagement-migros-kooperiert-mit-venture-kick\\\/#primaryimage\"},\"image\":{\"@id\":\"https:\\\/\\\/www.organisator.ch\\\/management\\\/2016-11-15\\\/engagement-migros-kooperiert-mit-venture-kick\\\/#primaryimage\"},\"thumbnailUrl\":\"https:\\\/\\\/www.organisator.ch\\\/wp-content\\\/uploads\\\/2016\\\/12\\\/Engagement-Migros-kooperiert-mit-Venture-Kick-organisator.jpg\",\"datePublished\":\"2016-11-15T14:39:35+00:00\",\"description\":\"Der F\u00f6rderfonds Engagement Migros unterst\u00fctzt als erster Gr\u00fcndungspartner der Standortinitiative digitalswitzerland neu das Programm Venture Kick.\",\"breadcrumb\":{\"@id\":\"https:\\\/\\\/www.organisator.ch\\\/management\\\/2016-11-15\\\/engagement-migros-kooperiert-mit-venture-kick\\\/#breadcrumb\"},\"inLanguage\":\"de\",\"potentialAction\":[{\"@type\":\"ReadAction\",\"target\":[\"https:\\\/\\\/www.organisator.ch\\\/management\\\/2016-11-15\\\/engagement-migros-kooperiert-mit-venture-kick\\\/\"]}]},{\"@type\":\"ImageObject\",\"inLanguage\":\"de\",\"@id\":\"https:\\\/\\\/www.organisator.ch\\\/management\\\/2016-11-15\\\/engagement-migros-kooperiert-mit-venture-kick\\\/#primaryimage\",\"url\":\"https:\\\/\\\/www.organisator.ch\\\/wp-content\\\/uploads\\\/2016\\\/12\\\/Engagement-Migros-kooperiert-mit-Venture-Kick-organisator.jpg\",\"contentUrl\":\"https:\\\/\\\/www.organisator.ch\\\/wp-content\\\/uploads\\\/2016\\\/12\\\/Engagement-Migros-kooperiert-mit-Venture-Kick-organisator.jpg\",\"width\":800,\"height\":645,\"caption\":\"So einige Spinn Offs konnten bereits vom Venture Kick F\u00f6rderprogramm profitieren. (Bild: zVg)\"},{\"@type\":\"BreadcrumbList\",\"@id\":\"https:\\\/\\\/www.organisator.ch\\\/management\\\/2016-11-15\\\/engagement-migros-kooperiert-mit-venture-kick\\\/#breadcrumb\",\"itemListElement\":[{\"@type\":\"ListItem\",\"position\":1,\"name\":\"Home\",\"item\":\"https:\\\/\\\/www.organisator.ch\\\/\"},{\"@type\":\"ListItem\",\"position\":2,\"name\":\"Engagement Migros kooperiert mit Venture Kick\"}]},{\"@type\":\"WebSite\",\"@id\":\"https:\\\/\\\/www.organisator.ch\\\/#website\",\"url\":\"https:\\\/\\\/www.organisator.ch\\\/\",\"name\":\"Organisator\",\"description\":\"Kompetent. Praxisnah. Der ORGANISATOR bereitet in 10 Ausgaben pro Jahr die wesentlichen Themen f\u00fcr F\u00fchrungskr\u00e4fte von KMU auf.\",\"publisher\":{\"@id\":\"https:\\\/\\\/www.organisator.ch\\\/#organization\"},\"potentialAction\":[{\"@type\":\"SearchAction\",\"target\":{\"@type\":\"EntryPoint\",\"urlTemplate\":\"https:\\\/\\\/www.organisator.ch\\\/?s={search_term_string}\"},\"query-input\":{\"@type\":\"PropertyValueSpecification\",\"valueRequired\":true,\"valueName\":\"search_term_string\"}}],\"inLanguage\":\"de\"},{\"@type\":\"Organization\",\"@id\":\"https:\\\/\\\/www.organisator.ch\\\/#organization\",\"name\":\"Organisator\",\"url\":\"https:\\\/\\\/www.organisator.ch\\\/\",\"logo\":{\"@type\":\"ImageObject\",\"inLanguage\":\"de\",\"@id\":\"https:\\\/\\\/www.organisator.ch\\\/#\\\/schema\\\/logo\\\/image\\\/\",\"url\":\"https:\\\/\\\/www.organisator.ch\\\/wp-content\\\/uploads\\\/2022\\\/01\\\/Logo_Organisator_Website.png\",\"contentUrl\":\"https:\\\/\\\/www.organisator.ch\\\/wp-content\\\/uploads\\\/2022\\\/01\\\/Logo_Organisator_Website.png\",\"width\":800,\"height\":77,\"caption\":\"Organisator\"},\"image\":{\"@id\":\"https:\\\/\\\/www.organisator.ch\\\/#\\\/schema\\\/logo\\\/image\\\/\"},\"sameAs\":[\"https:\\\/\\\/www.facebook.com\\\/OrganisatorFachmagazin\",\"https:\\\/\\\/www.linkedin.com\\\/showcase\\\/organisator-das-magazin-fr-kmu\",\"https:\\\/\\\/www.xing.com\\\/news\\\/pages\\\/organisator-ch-695\",\"https:\\\/\\\/www.youtube.com\\\/channel\\\/UCGP2Sq0iWaZwT3BdIAQFYpw\"]},{\"@type\":\"Person\",\"@id\":\"https:\\\/\\\/www.organisator.ch\\\/#\\\/schema\\\/person\\\/aa2bace6c5c5aad60102004a50c4eb1c\",\"name\":\"admin\",\"image\":{\"@type\":\"ImageObject\",\"inLanguage\":\"de\",\"@id\":\"https:\\\/\\\/secure.gravatar.com\\\/avatar\\\/ae2f4d718e6c49043e314ce431e7e645d646302a24a5ef5a8bc8e3f5a032e319?s=96&d=mm&r=g\",\"url\":\"https:\\\/\\\/secure.gravatar.com\\\/avatar\\\/ae2f4d718e6c49043e314ce431e7e645d646302a24a5ef5a8bc8e3f5a032e319?s=96&d=mm&r=g\",\"contentUrl\":\"https:\\\/\\\/secure.gravatar.com\\\/avatar\\\/ae2f4d718e6c49043e314ce431e7e645d646302a24a5ef5a8bc8e3f5a032e319?s=96&d=mm&r=g\",\"caption\":\"admin\"},\"sameAs\":[\"https:\\\/\\\/www.organisator.ch\"],\"url\":\"https:\\\/\\\/www.organisator.ch\\\/de\\\/author\\\/admin\\\/\"}]}<\/script>\n<!-- \/ Yoast SEO plugin. -->","yoast_head_json":{"title":"Engagement Migros kooperiert mit Venture Kick - Organisator","description":"Der F\u00f6rderfonds Engagement Migros unterst\u00fctzt als erster Gr\u00fcndungspartner der Standortinitiative digitalswitzerland neu das Programm Venture Kick.","robots":{"index":"index","follow":"follow","max-snippet":"max-snippet:-1","max-image-preview":"max-image-preview:large","max-video-preview":"max-video-preview:-1"},"canonical":"https:\/\/www.organisator.ch\/de\/management\/2016-11-15\/engagement-migros-kooperiert-mit-venture-kick\/","og_locale":"de_DE","og_type":"article","og_title":"Engagement Migros kooperiert mit Venture Kick","og_description":"Der F\u00f6rderfonds Engagement Migros unterst\u00fctzt als erster Gr\u00fcndungspartner der Standortinitiative digitalswitzerland neu das Programm Venture Kick. Damit leistet Engagement Migros weitere Pionierarbeit in der Unterst\u00fctzung hoch-innovativer Gesch\u00e4ftsideen und Startups in der Schweiz.","og_url":"https:\/\/www.organisator.ch\/de\/management\/2016-11-15\/engagement-migros-kooperiert-mit-venture-kick\/","og_site_name":"Organisator","article_publisher":"https:\/\/www.facebook.com\/OrganisatorFachmagazin","article_published_time":"2016-11-15T14:39:35+00:00","author":"admin","twitter_card":"summary_large_image","twitter_image":"https:\/\/www.organisator.ch\/wp-content\/uploads\/2016\/12\/Engagement-Migros-kooperiert-mit-Venture-Kick-organisator.jpg","schema":{"@context":"https:\/\/schema.org","@graph":[{"@type":"Article","@id":"https:\/\/www.organisator.ch\/management\/2016-11-15\/engagement-migros-kooperiert-mit-venture-kick\/#article","isPartOf":{"@id":"https:\/\/www.organisator.ch\/management\/2016-11-15\/engagement-migros-kooperiert-mit-venture-kick\/"},"author":{"name":"admin","@id":"https:\/\/www.organisator.ch\/#\/schema\/person\/aa2bace6c5c5aad60102004a50c4eb1c"},"headline":"Engagement Migros kooperiert mit Venture Kick","datePublished":"2016-11-15T14:39:35+00:00","mainEntityOfPage":{"@id":"https:\/\/www.organisator.ch\/management\/2016-11-15\/engagement-migros-kooperiert-mit-venture-kick\/"},"wordCount":226,"commentCount":0,"publisher":{"@id":"https:\/\/www.organisator.ch\/#organization"},"image":{"@id":"https:\/\/www.organisator.ch\/management\/2016-11-15\/engagement-migros-kooperiert-mit-venture-kick\/#primaryimage"},"thumbnailUrl":"https:\/\/www.organisator.ch\/wp-content\/uploads\/2016\/12\/Engagement-Migros-kooperiert-mit-Venture-Kick-organisator.jpg","keywords":["Management und Unternehmensf\u00fchrung"],"articleSection":["MANAGEMENT"],"inLanguage":"de"},{"@type":"WebPage","@id":"https:\/\/www.organisator.ch\/management\/2016-11-15\/engagement-migros-kooperiert-mit-venture-kick\/","url":"https:\/\/www.organisator.ch\/management\/2016-11-15\/engagement-migros-kooperiert-mit-venture-kick\/","name":"Engagement Migros kooperiert mit Venture Kick - Organisator","isPartOf":{"@id":"https:\/\/www.organisator.ch\/#website"},"primaryImageOfPage":{"@id":"https:\/\/www.organisator.ch\/management\/2016-11-15\/engagement-migros-kooperiert-mit-venture-kick\/#primaryimage"},"image":{"@id":"https:\/\/www.organisator.ch\/management\/2016-11-15\/engagement-migros-kooperiert-mit-venture-kick\/#primaryimage"},"thumbnailUrl":"https:\/\/www.organisator.ch\/wp-content\/uploads\/2016\/12\/Engagement-Migros-kooperiert-mit-Venture-Kick-organisator.jpg","datePublished":"2016-11-15T14:39:35+00:00","description":"Der F\u00f6rderfonds Engagement Migros unterst\u00fctzt als erster Gr\u00fcndungspartner der Standortinitiative digitalswitzerland neu das Programm Venture Kick.","breadcrumb":{"@id":"https:\/\/www.organisator.ch\/management\/2016-11-15\/engagement-migros-kooperiert-mit-venture-kick\/#breadcrumb"},"inLanguage":"de","potentialAction":[{"@type":"ReadAction","target":["https:\/\/www.organisator.ch\/management\/2016-11-15\/engagement-migros-kooperiert-mit-venture-kick\/"]}]},{"@type":"ImageObject","inLanguage":"de","@id":"https:\/\/www.organisator.ch\/management\/2016-11-15\/engagement-migros-kooperiert-mit-venture-kick\/#primaryimage","url":"https:\/\/www.organisator.ch\/wp-content\/uploads\/2016\/12\/Engagement-Migros-kooperiert-mit-Venture-Kick-organisator.jpg","contentUrl":"https:\/\/www.organisator.ch\/wp-content\/uploads\/2016\/12\/Engagement-Migros-kooperiert-mit-Venture-Kick-organisator.jpg","width":800,"height":645,"caption":"So einige Spinn Offs konnten bereits vom Venture Kick F\u00f6rderprogramm profitieren. (Bild: zVg)"},{"@type":"BreadcrumbList","@id":"https:\/\/www.organisator.ch\/management\/2016-11-15\/engagement-migros-kooperiert-mit-venture-kick\/#breadcrumb","itemListElement":[{"@type":"ListItem","position":1,"name":"Home","item":"https:\/\/www.organisator.ch\/"},{"@type":"ListItem","position":2,"name":"Engagement Migros kooperiert mit Venture Kick"}]},{"@type":"WebSite","@id":"https:\/\/www.organisator.ch\/#website","url":"https:\/\/www.organisator.ch\/","name":"Organisator","description":"Kompetent. Praxisnah. Der ORGANISATOR bereitet in 10 Ausgaben pro Jahr die wesentlichen Themen f\u00fcr F\u00fchrungskr\u00e4fte von KMU auf.","publisher":{"@id":"https:\/\/www.organisator.ch\/#organization"},"potentialAction":[{"@type":"SearchAction","target":{"@type":"EntryPoint","urlTemplate":"https:\/\/www.organisator.ch\/?s={search_term_string}"},"query-input":{"@type":"PropertyValueSpecification","valueRequired":true,"valueName":"search_term_string"}}],"inLanguage":"de"},{"@type":"Organization","@id":"https:\/\/www.organisator.ch\/#organization","name":"Organisator","url":"https:\/\/www.organisator.ch\/","logo":{"@type":"ImageObject","inLanguage":"de","@id":"https:\/\/www.organisator.ch\/#\/schema\/logo\/image\/","url":"https:\/\/www.organisator.ch\/wp-content\/uploads\/2022\/01\/Logo_Organisator_Website.png","contentUrl":"https:\/\/www.organisator.ch\/wp-content\/uploads\/2022\/01\/Logo_Organisator_Website.png","width":800,"height":77,"caption":"Organisator"},"image":{"@id":"https:\/\/www.organisator.ch\/#\/schema\/logo\/image\/"},"sameAs":["https:\/\/www.facebook.com\/OrganisatorFachmagazin","https:\/\/www.linkedin.com\/showcase\/organisator-das-magazin-fr-kmu","https:\/\/www.xing.com\/news\/pages\/organisator-ch-695","https:\/\/www.youtube.com\/channel\/UCGP2Sq0iWaZwT3BdIAQFYpw"]},{"@type":"Person","@id":"https:\/\/www.organisator.ch\/#\/schema\/person\/aa2bace6c5c5aad60102004a50c4eb1c","name":"admin","image":{"@type":"ImageObject","inLanguage":"de","@id":"https:\/\/secure.gravatar.com\/avatar\/ae2f4d718e6c49043e314ce431e7e645d646302a24a5ef5a8bc8e3f5a032e319?s=96&d=mm&r=g","url":"https:\/\/secure.gravatar.com\/avatar\/ae2f4d718e6c49043e314ce431e7e645d646302a24a5ef5a8bc8e3f5a032e319?s=96&d=mm&r=g","contentUrl":"https:\/\/secure.gravatar.com\/avatar\/ae2f4d718e6c49043e314ce431e7e645d646302a24a5ef5a8bc8e3f5a032e319?s=96&d=mm&r=g","caption":"admin"},"sameAs":["https:\/\/www.organisator.ch"],"url":"https:\/\/www.organisator.ch\/de\/author\/admin\/"}]}},"_links":{"self":[{"href":"https:\/\/www.organisator.ch\/de\/wp-json\/wp\/v2\/posts\/385","targetHints":{"allow":["GET"]}}],"collection":[{"href":"https:\/\/www.organisator.ch\/de\/wp-json\/wp\/v2\/posts"}],"about":[{"href":"https:\/\/www.organisator.ch\/de\/wp-json\/wp\/v2\/types\/post"}],"author":[{"embeddable":true,"href":"https:\/\/www.organisator.ch\/de\/wp-json\/wp\/v2\/users\/1"}],"replies":[{"embeddable":true,"href":"https:\/\/www.organisator.ch\/de\/wp-json\/wp\/v2\/comments?post=385"}],"version-history":[{"count":0,"href":"https:\/\/www.organisator.ch\/de\/wp-json\/wp\/v2\/posts\/385\/revisions"}],"wp:featuredmedia":[{"embeddable":true,"href":"https:\/\/www.organisator.ch\/de\/wp-json\/wp\/v2\/media\/386"}],"wp:attachment":[{"href":"https:\/\/www.organisator.ch\/de\/wp-json\/wp\/v2\/media?parent=385"}],"wp:term":[{"taxonomy":"category","embeddable":true,"href":"https:\/\/www.organisator.ch\/de\/wp-json\/wp\/v2\/categories?post=385"},{"taxonomy":"post_tag","embeddable":true,"href":"https:\/\/www.organisator.ch\/de\/wp-json\/wp\/v2\/tags?post=385"}],"curies":[{"name":"wp","href":"https:\/\/api.w.org\/{rel}","templated":true}]}}