{"id":38500,"date":"2025-05-23T08:09:48","date_gmt":"2025-05-23T06:09:48","guid":{"rendered":"https:\/\/www.markt-kom.com\/?p=235091"},"modified":"2025-05-23T08:15:05","modified_gmt":"2025-05-23T06:15:05","slug":"ki-in-der-behoerdenkommunikation-ist-okay-aber-nicht-bedingungslos","status":"publish","type":"post","link":"https:\/\/www.organisator.ch\/de\/operational-excellence\/2025-05-23\/ki-in-der-behoerdenkommunikation-ist-okay-aber-nicht-bedingungslos\/","title":{"rendered":"KI in der Beh\u00f6rdenkommunikation ist okay \u2013 aber nicht bedingungslos"},"content":{"rendered":"<figure id=\"attachment_235092\" class=\"wp-caption aligncenter\" style=\"width: 700px;\" aria-describedby=\"caption-attachment-235092\"><a href=\"https:\/\/www.markt-kom.com\/wp-content\/uploads\/2025\/05\/robots_phonlamaiphoto-istock.com-842678046.jpg\"><img class=\"size-full wp-image-235092\" src=\"https:\/\/www.markt-kom.com\/wp-content\/uploads\/2025\/05\/robots_phonlamaiphoto-istock.com-842678046.jpg\" sizes=\"(max-width: 700px) 100vw, 700px\" srcset=\"https:\/\/www.markt-kom.com\/wp-content\/uploads\/2025\/05\/robots_phonlamaiphoto-istock.com-842678046.jpg 700w, https:\/\/www.markt-kom.com\/wp-content\/uploads\/2025\/05\/robots_phonlamaiphoto-istock.com-842678046-600x338.jpg 600w, https:\/\/www.markt-kom.com\/wp-content\/uploads\/2025\/05\/robots_phonlamaiphoto-istock.com-842678046-18x10.jpg 18w, https:\/\/www.markt-kom.com\/wp-content\/uploads\/2025\/05\/robots_phonlamaiphoto-istock.com-842678046-311x175.jpg 311w, https:\/\/www.markt-kom.com\/wp-content\/uploads\/2025\/05\/robots_phonlamaiphoto-istock.com-842678046-622x350.jpg 622w\" alt=\"\" width=\"700\" height=\"394\" \/><\/a>\r\n<figcaption id=\"caption-attachment-235092\" class=\"wp-caption-text\">(Bild: PhonlamaiPhoto \/ iStock.com)<\/figcaption>\r\n<\/figure>\r\n<p>Personen in der Schweiz finden es zunehmend in Ordnung, wenn Beh\u00f6rden KI-Tools f\u00fcr die Kommunikation nutzen. Zu diesem Ergebnis kommt Gfs.bern in einer Studie, die es im Auftrag der Bundeskanzlei durchf\u00fchrte. Mittels Umfragen wollte das Forschungsinstitut herausfinden, wie die Schweizer Bev\u00f6lkerung den Einsatz von KI in der Beh\u00f6rdenkommunikation bewertet. Die Studie ber\u00fccksichtigt sowohl die pers\u00f6nliche Nutzung von KI als auch die Ansichten zur Anwendung dieser Technologie in \u00f6ffentlichen Verwaltungen, wie die Bundesverwaltung mitteilt.<\/p>\r\n<p>Laut der Autorschaft st\u00f6sst die gezielte Verwendung von KI f\u00fcr Aufgaben wie \u00dcbersetzungen, Textvereinfachungen und Zusammenfassungen auf breite Akzeptanz. Befragt nach ihrem pers\u00f6nlichen KI-Nutzen, gaben 40 Prozent der \u00fcber 1000 befragten Personen an, ChatGPT und Co. nicht zu verwenden.<\/p>\r\n<p>Geht es nun um den Einsatz von KI in der Beh\u00f6rdenkommunikation, f\u00e4llt die Bewertung je nach Aufgabe unterschiedlich aus. So unterst\u00fctzen 80 Prozent der Befragten den KI-Einsatz bei \u00dcbersetzungen. Nur 44 Prozent hingegen w\u00fcrden KI-Nutzung f\u00fcr das automatisierte Verfassen von Antworten an B\u00fcrger:innen billigen. Gleichzeitig sei vielen wichtig, dass KI-Ergebnisse stets durch Fachleute gepr\u00fcft werden, heisst es weiter.<\/p>\r\n<p>Beim Vertrauen in die Beh\u00f6rden gebe es zudem regionale Unterschiede, heisst es weiter. Insgesamt 60 Prozent aller Befragten geben an, den Beh\u00f6rden zu vertrauen. In der Romandie seien es sogar 68 Prozent, in der italienischsprachigen Schweiz aber nur 43 Prozent. J\u00fcngere Personen geben deutlich h\u00e4ufiger an, Beh\u00f6rden zu vertrauen, als \u00e4ltere \u2013 mit einem Wert von 75 Prozent.<\/p>\r\n<h3><strong>Bedenken der Bev\u00f6lkerung und Strategie der Verwaltung<\/strong><\/h3>\r\n<p>Die Studie zeigt auch, dass Datenschutz, Verantwortung und Transparenz zentral f\u00fcr die Akzeptanz von KI in der Beh\u00f6rdenkommunikation sind. Die Mehrheit der Befragten fordere demnach, dass Beh\u00f6rden weiterhin Verantwortung f\u00fcr KI-basierte Prozesse \u00fcbernehmen und dass die Resultate von kompetenten Mitarbeitenden \u00fcberpr\u00fcft werden. Zudem w\u00fcrden die Befragten Bedenken hinsichtlich der Abh\u00e4ngigkeit von internationalen Tech-Unternehmen \u00e4ussern, so die Bundesverwaltung<\/p>\r\n<p>Seit dem 21. M\u00e4rz 2025 verf\u00fcgt die Bundesverwaltung \u00fcber eine eigene Strategie f\u00fcr den vertrauensw\u00fcrdigen und kompetenzbasierten Einsatz von KI-Systemen. Der dazugeh\u00f6rige Umsetzungsplan wird aktuell von der Bundeskanzlei in enger Abstimmung mit den Departementen entwickelt. Der Aufbau von KI-Kompetenzen ist dabei nur ein Teil davon. <em>(Filip Sinjakovic\/rja)<\/em><\/p>\r\n<hr \/>\r\n<p><em><a href=\"https:\/\/www.netzwoche.ch\/news\/2025-05-21\/ki-in-der-behoerdenkommunikation-ist-okay-aber-nicht-bedingungslos\">Dieser Artikel erschien zuerst in der Netzwoche.<\/a><\/em><\/p>","protected":false},"excerpt":{"rendered":"<p>Laut einer Studie von gfs.bern akzeptieren immer mehr Menschen in der Schweiz die Nutzung von KI in der Beh\u00f6rdenkommunikation \u2013 vorausgesetzt, Datenschutz und menschliche Kontrolle sind gew\u00e4hrleistet. Zwischen Sprachregionen und Altersgruppen bestehen jedoch Unterschiede.<\/p>\n","protected":false},"author":8,"featured_media":0,"comment_status":"closed","ping_status":"closed","sticky":false,"template":"","format":"standard","meta":{"_acf_changed":false,"_yoast_wpseo_focuskw":"Beh\u00f6rdenkommunikation","_yoast_wpseo_metadesc":"Laut einer Studie von gfs.bern akzeptieren immer mehr Menschen in der Schweiz die Nutzung von KI in der Beh\u00f6rdenkommunikation.","articlekey":"","footnotes":""},"categories":[582],"tags":[5354,319,4343],"class_list":["post-38500","post","type-post","status-publish","format-standard","hentry","category-operational-excellence","tag-behoerdenkommunikation","tag-kuenstliche-intelligenz","tag-markom"],"acf":[],"yoast_head":"<!-- This site is optimized with the Yoast SEO plugin v27.5 - https:\/\/yoast.com\/product\/yoast-seo-wordpress\/ -->\n<title>KI in der Beh\u00f6rdenkommunikation ist okay \u2013 aber nicht bedingungslos - Organisator<\/title>\n<meta name=\"description\" content=\"Laut einer Studie von gfs.bern akzeptieren immer mehr Menschen in der Schweiz die Nutzung von KI in der Beh\u00f6rdenkommunikation.\" \/>\n<meta name=\"robots\" content=\"index, follow, max-snippet:-1, max-image-preview:large, max-video-preview:-1\" \/>\n<link rel=\"canonical\" href=\"https:\/\/www.organisator.ch\/de\/operational-excellence\/2025-05-23\/ki-in-der-behoerdenkommunikation-ist-okay-aber-nicht-bedingungslos\/\" \/>\n<meta property=\"og:locale\" content=\"de_DE\" \/>\n<meta property=\"og:type\" content=\"article\" \/>\n<meta property=\"og:title\" content=\"KI in der Beh\u00f6rdenkommunikation ist okay \u2013 aber nicht bedingungslos - Organisator\" \/>\n<meta property=\"og:description\" content=\"Laut einer Studie von gfs.bern akzeptieren immer mehr Menschen in der Schweiz die Nutzung von KI in der Beh\u00f6rdenkommunikation.\" \/>\n<meta property=\"og:url\" content=\"https:\/\/www.organisator.ch\/de\/operational-excellence\/2025-05-23\/ki-in-der-behoerdenkommunikation-ist-okay-aber-nicht-bedingungslos\/\" \/>\n<meta property=\"og:site_name\" content=\"Organisator\" \/>\n<meta property=\"article:publisher\" content=\"https:\/\/www.facebook.com\/OrganisatorFachmagazin\" \/>\n<meta property=\"article:published_time\" content=\"2025-05-23T06:09:48+00:00\" \/>\n<meta property=\"article:modified_time\" content=\"2025-05-23T06:15:05+00:00\" \/>\n<meta name=\"author\" content=\"galledia\" \/>\n<meta name=\"twitter:card\" content=\"summary_large_image\" \/>\n<meta name=\"twitter:creator\" content=\"@admin\" \/>\n<script type=\"application\/ld+json\" class=\"yoast-schema-graph\">{\"@context\":\"https:\\\/\\\/schema.org\",\"@graph\":[{\"@type\":\"Article\",\"@id\":\"https:\\\/\\\/www.organisator.ch\\\/operational-excellence\\\/2025-05-23\\\/ki-in-der-behoerdenkommunikation-ist-okay-aber-nicht-bedingungslos\\\/#article\",\"isPartOf\":{\"@id\":\"https:\\\/\\\/www.organisator.ch\\\/operational-excellence\\\/2025-05-23\\\/ki-in-der-behoerdenkommunikation-ist-okay-aber-nicht-bedingungslos\\\/\"},\"author\":{\"name\":\"galledia\",\"@id\":\"https:\\\/\\\/www.organisator.ch\\\/#\\\/schema\\\/person\\\/4e51799071cd2dd1232ac003643ef5f0\"},\"headline\":\"KI in der Beh\u00f6rdenkommunikation ist okay \u2013 aber nicht bedingungslos\",\"datePublished\":\"2025-05-23T06:09:48+00:00\",\"dateModified\":\"2025-05-23T06:15:05+00:00\",\"mainEntityOfPage\":{\"@id\":\"https:\\\/\\\/www.organisator.ch\\\/operational-excellence\\\/2025-05-23\\\/ki-in-der-behoerdenkommunikation-ist-okay-aber-nicht-bedingungslos\\\/\"},\"wordCount\":387,\"publisher\":{\"@id\":\"https:\\\/\\\/www.organisator.ch\\\/#organization\"},\"image\":{\"@id\":\"https:\\\/\\\/www.organisator.ch\\\/operational-excellence\\\/2025-05-23\\\/ki-in-der-behoerdenkommunikation-ist-okay-aber-nicht-bedingungslos\\\/#primaryimage\"},\"thumbnailUrl\":\"https:\\\/\\\/www.markt-kom.com\\\/wp-content\\\/uploads\\\/2025\\\/05\\\/robots_phonlamaiphoto-istock.com-842678046.jpg\",\"keywords\":[\"Beh\u00f6rdenkommunikation\",\"K\u00fcnstliche Intelligenz\",\"MarKom\"],\"articleSection\":[\"OPERATIONAL EXCELLENCE\"],\"inLanguage\":\"de\"},{\"@type\":\"WebPage\",\"@id\":\"https:\\\/\\\/www.organisator.ch\\\/operational-excellence\\\/2025-05-23\\\/ki-in-der-behoerdenkommunikation-ist-okay-aber-nicht-bedingungslos\\\/\",\"url\":\"https:\\\/\\\/www.organisator.ch\\\/operational-excellence\\\/2025-05-23\\\/ki-in-der-behoerdenkommunikation-ist-okay-aber-nicht-bedingungslos\\\/\",\"name\":\"KI in der Beh\u00f6rdenkommunikation ist okay \u2013 aber nicht bedingungslos - Organisator\",\"isPartOf\":{\"@id\":\"https:\\\/\\\/www.organisator.ch\\\/#website\"},\"primaryImageOfPage\":{\"@id\":\"https:\\\/\\\/www.organisator.ch\\\/operational-excellence\\\/2025-05-23\\\/ki-in-der-behoerdenkommunikation-ist-okay-aber-nicht-bedingungslos\\\/#primaryimage\"},\"image\":{\"@id\":\"https:\\\/\\\/www.organisator.ch\\\/operational-excellence\\\/2025-05-23\\\/ki-in-der-behoerdenkommunikation-ist-okay-aber-nicht-bedingungslos\\\/#primaryimage\"},\"thumbnailUrl\":\"https:\\\/\\\/www.markt-kom.com\\\/wp-content\\\/uploads\\\/2025\\\/05\\\/robots_phonlamaiphoto-istock.com-842678046.jpg\",\"datePublished\":\"2025-05-23T06:09:48+00:00\",\"dateModified\":\"2025-05-23T06:15:05+00:00\",\"description\":\"Laut einer Studie von gfs.bern akzeptieren immer mehr Menschen in der Schweiz die Nutzung von KI in der Beh\u00f6rdenkommunikation.\",\"breadcrumb\":{\"@id\":\"https:\\\/\\\/www.organisator.ch\\\/operational-excellence\\\/2025-05-23\\\/ki-in-der-behoerdenkommunikation-ist-okay-aber-nicht-bedingungslos\\\/#breadcrumb\"},\"inLanguage\":\"de\",\"potentialAction\":[{\"@type\":\"ReadAction\",\"target\":[\"https:\\\/\\\/www.organisator.ch\\\/operational-excellence\\\/2025-05-23\\\/ki-in-der-behoerdenkommunikation-ist-okay-aber-nicht-bedingungslos\\\/\"]}]},{\"@type\":\"ImageObject\",\"inLanguage\":\"de\",\"@id\":\"https:\\\/\\\/www.organisator.ch\\\/operational-excellence\\\/2025-05-23\\\/ki-in-der-behoerdenkommunikation-ist-okay-aber-nicht-bedingungslos\\\/#primaryimage\",\"url\":\"https:\\\/\\\/www.markt-kom.com\\\/wp-content\\\/uploads\\\/2025\\\/05\\\/robots_phonlamaiphoto-istock.com-842678046.jpg\",\"contentUrl\":\"https:\\\/\\\/www.markt-kom.com\\\/wp-content\\\/uploads\\\/2025\\\/05\\\/robots_phonlamaiphoto-istock.com-842678046.jpg\"},{\"@type\":\"BreadcrumbList\",\"@id\":\"https:\\\/\\\/www.organisator.ch\\\/operational-excellence\\\/2025-05-23\\\/ki-in-der-behoerdenkommunikation-ist-okay-aber-nicht-bedingungslos\\\/#breadcrumb\",\"itemListElement\":[{\"@type\":\"ListItem\",\"position\":1,\"name\":\"Home\",\"item\":\"https:\\\/\\\/www.organisator.ch\\\/\"},{\"@type\":\"ListItem\",\"position\":2,\"name\":\"KI in der Beh\u00f6rdenkommunikation ist okay \u2013 aber nicht bedingungslos\"}]},{\"@type\":\"WebSite\",\"@id\":\"https:\\\/\\\/www.organisator.ch\\\/#website\",\"url\":\"https:\\\/\\\/www.organisator.ch\\\/\",\"name\":\"Organisator\",\"description\":\"Kompetent. Praxisnah. Der ORGANISATOR bereitet in 10 Ausgaben pro Jahr die wesentlichen Themen f\u00fcr F\u00fchrungskr\u00e4fte von KMU auf.\",\"publisher\":{\"@id\":\"https:\\\/\\\/www.organisator.ch\\\/#organization\"},\"potentialAction\":[{\"@type\":\"SearchAction\",\"target\":{\"@type\":\"EntryPoint\",\"urlTemplate\":\"https:\\\/\\\/www.organisator.ch\\\/?s={search_term_string}\"},\"query-input\":{\"@type\":\"PropertyValueSpecification\",\"valueRequired\":true,\"valueName\":\"search_term_string\"}}],\"inLanguage\":\"de\"},{\"@type\":\"Organization\",\"@id\":\"https:\\\/\\\/www.organisator.ch\\\/#organization\",\"name\":\"Organisator\",\"url\":\"https:\\\/\\\/www.organisator.ch\\\/\",\"logo\":{\"@type\":\"ImageObject\",\"inLanguage\":\"de\",\"@id\":\"https:\\\/\\\/www.organisator.ch\\\/#\\\/schema\\\/logo\\\/image\\\/\",\"url\":\"https:\\\/\\\/www.organisator.ch\\\/wp-content\\\/uploads\\\/2022\\\/01\\\/Logo_Organisator_Website.png\",\"contentUrl\":\"https:\\\/\\\/www.organisator.ch\\\/wp-content\\\/uploads\\\/2022\\\/01\\\/Logo_Organisator_Website.png\",\"width\":800,\"height\":77,\"caption\":\"Organisator\"},\"image\":{\"@id\":\"https:\\\/\\\/www.organisator.ch\\\/#\\\/schema\\\/logo\\\/image\\\/\"},\"sameAs\":[\"https:\\\/\\\/www.facebook.com\\\/OrganisatorFachmagazin\",\"https:\\\/\\\/www.linkedin.com\\\/showcase\\\/organisator-das-magazin-fr-kmu\",\"https:\\\/\\\/www.xing.com\\\/news\\\/pages\\\/organisator-ch-695\",\"https:\\\/\\\/www.youtube.com\\\/channel\\\/UCGP2Sq0iWaZwT3BdIAQFYpw\"]},{\"@type\":\"Person\",\"@id\":\"https:\\\/\\\/www.organisator.ch\\\/#\\\/schema\\\/person\\\/4e51799071cd2dd1232ac003643ef5f0\",\"name\":\"galledia\",\"image\":{\"@type\":\"ImageObject\",\"inLanguage\":\"de\",\"@id\":\"https:\\\/\\\/secure.gravatar.com\\\/avatar\\\/78a7f90c01fc2bfc875782a0d4922b37cde2cf184ce347b91316d23cd7f69a36?s=96&d=mm&r=g\",\"url\":\"https:\\\/\\\/secure.gravatar.com\\\/avatar\\\/78a7f90c01fc2bfc875782a0d4922b37cde2cf184ce347b91316d23cd7f69a36?s=96&d=mm&r=g\",\"contentUrl\":\"https:\\\/\\\/secure.gravatar.com\\\/avatar\\\/78a7f90c01fc2bfc875782a0d4922b37cde2cf184ce347b91316d23cd7f69a36?s=96&d=mm&r=g\",\"caption\":\"galledia\"},\"sameAs\":[\"https:\\\/\\\/x.com\\\/admin\"],\"url\":\"https:\\\/\\\/www.organisator.ch\\\/de\\\/author\\\/galledia\\\/\"}]}<\/script>\n<!-- \/ Yoast SEO plugin. -->","yoast_head_json":{"title":"KI in der Beh\u00f6rdenkommunikation ist okay \u2013 aber nicht bedingungslos - Organisator","description":"Laut einer Studie von gfs.bern akzeptieren immer mehr Menschen in der Schweiz die Nutzung von KI in der Beh\u00f6rdenkommunikation.","robots":{"index":"index","follow":"follow","max-snippet":"max-snippet:-1","max-image-preview":"max-image-preview:large","max-video-preview":"max-video-preview:-1"},"canonical":"https:\/\/www.organisator.ch\/de\/operational-excellence\/2025-05-23\/ki-in-der-behoerdenkommunikation-ist-okay-aber-nicht-bedingungslos\/","og_locale":"de_DE","og_type":"article","og_title":"KI in der Beh\u00f6rdenkommunikation ist okay \u2013 aber nicht bedingungslos - Organisator","og_description":"Laut einer Studie von gfs.bern akzeptieren immer mehr Menschen in der Schweiz die Nutzung von KI in der Beh\u00f6rdenkommunikation.","og_url":"https:\/\/www.organisator.ch\/de\/operational-excellence\/2025-05-23\/ki-in-der-behoerdenkommunikation-ist-okay-aber-nicht-bedingungslos\/","og_site_name":"Organisator","article_publisher":"https:\/\/www.facebook.com\/OrganisatorFachmagazin","article_published_time":"2025-05-23T06:09:48+00:00","article_modified_time":"2025-05-23T06:15:05+00:00","author":"galledia","twitter_card":"summary_large_image","twitter_creator":"@admin","schema":{"@context":"https:\/\/schema.org","@graph":[{"@type":"Article","@id":"https:\/\/www.organisator.ch\/operational-excellence\/2025-05-23\/ki-in-der-behoerdenkommunikation-ist-okay-aber-nicht-bedingungslos\/#article","isPartOf":{"@id":"https:\/\/www.organisator.ch\/operational-excellence\/2025-05-23\/ki-in-der-behoerdenkommunikation-ist-okay-aber-nicht-bedingungslos\/"},"author":{"name":"galledia","@id":"https:\/\/www.organisator.ch\/#\/schema\/person\/4e51799071cd2dd1232ac003643ef5f0"},"headline":"KI in der Beh\u00f6rdenkommunikation ist okay \u2013 aber nicht bedingungslos","datePublished":"2025-05-23T06:09:48+00:00","dateModified":"2025-05-23T06:15:05+00:00","mainEntityOfPage":{"@id":"https:\/\/www.organisator.ch\/operational-excellence\/2025-05-23\/ki-in-der-behoerdenkommunikation-ist-okay-aber-nicht-bedingungslos\/"},"wordCount":387,"publisher":{"@id":"https:\/\/www.organisator.ch\/#organization"},"image":{"@id":"https:\/\/www.organisator.ch\/operational-excellence\/2025-05-23\/ki-in-der-behoerdenkommunikation-ist-okay-aber-nicht-bedingungslos\/#primaryimage"},"thumbnailUrl":"https:\/\/www.markt-kom.com\/wp-content\/uploads\/2025\/05\/robots_phonlamaiphoto-istock.com-842678046.jpg","keywords":["Beh\u00f6rdenkommunikation","K\u00fcnstliche Intelligenz","MarKom"],"articleSection":["OPERATIONAL EXCELLENCE"],"inLanguage":"de"},{"@type":"WebPage","@id":"https:\/\/www.organisator.ch\/operational-excellence\/2025-05-23\/ki-in-der-behoerdenkommunikation-ist-okay-aber-nicht-bedingungslos\/","url":"https:\/\/www.organisator.ch\/operational-excellence\/2025-05-23\/ki-in-der-behoerdenkommunikation-ist-okay-aber-nicht-bedingungslos\/","name":"KI in der Beh\u00f6rdenkommunikation ist okay \u2013 aber nicht bedingungslos - Organisator","isPartOf":{"@id":"https:\/\/www.organisator.ch\/#website"},"primaryImageOfPage":{"@id":"https:\/\/www.organisator.ch\/operational-excellence\/2025-05-23\/ki-in-der-behoerdenkommunikation-ist-okay-aber-nicht-bedingungslos\/#primaryimage"},"image":{"@id":"https:\/\/www.organisator.ch\/operational-excellence\/2025-05-23\/ki-in-der-behoerdenkommunikation-ist-okay-aber-nicht-bedingungslos\/#primaryimage"},"thumbnailUrl":"https:\/\/www.markt-kom.com\/wp-content\/uploads\/2025\/05\/robots_phonlamaiphoto-istock.com-842678046.jpg","datePublished":"2025-05-23T06:09:48+00:00","dateModified":"2025-05-23T06:15:05+00:00","description":"Laut einer Studie von gfs.bern akzeptieren immer mehr Menschen in der Schweiz die Nutzung von KI in der Beh\u00f6rdenkommunikation.","breadcrumb":{"@id":"https:\/\/www.organisator.ch\/operational-excellence\/2025-05-23\/ki-in-der-behoerdenkommunikation-ist-okay-aber-nicht-bedingungslos\/#breadcrumb"},"inLanguage":"de","potentialAction":[{"@type":"ReadAction","target":["https:\/\/www.organisator.ch\/operational-excellence\/2025-05-23\/ki-in-der-behoerdenkommunikation-ist-okay-aber-nicht-bedingungslos\/"]}]},{"@type":"ImageObject","inLanguage":"de","@id":"https:\/\/www.organisator.ch\/operational-excellence\/2025-05-23\/ki-in-der-behoerdenkommunikation-ist-okay-aber-nicht-bedingungslos\/#primaryimage","url":"https:\/\/www.markt-kom.com\/wp-content\/uploads\/2025\/05\/robots_phonlamaiphoto-istock.com-842678046.jpg","contentUrl":"https:\/\/www.markt-kom.com\/wp-content\/uploads\/2025\/05\/robots_phonlamaiphoto-istock.com-842678046.jpg"},{"@type":"BreadcrumbList","@id":"https:\/\/www.organisator.ch\/operational-excellence\/2025-05-23\/ki-in-der-behoerdenkommunikation-ist-okay-aber-nicht-bedingungslos\/#breadcrumb","itemListElement":[{"@type":"ListItem","position":1,"name":"Home","item":"https:\/\/www.organisator.ch\/"},{"@type":"ListItem","position":2,"name":"KI in der Beh\u00f6rdenkommunikation ist okay \u2013 aber nicht bedingungslos"}]},{"@type":"WebSite","@id":"https:\/\/www.organisator.ch\/#website","url":"https:\/\/www.organisator.ch\/","name":"Organisator","description":"Kompetent. Praxisnah. Der ORGANISATOR bereitet in 10 Ausgaben pro Jahr die wesentlichen Themen f\u00fcr F\u00fchrungskr\u00e4fte von KMU auf.","publisher":{"@id":"https:\/\/www.organisator.ch\/#organization"},"potentialAction":[{"@type":"SearchAction","target":{"@type":"EntryPoint","urlTemplate":"https:\/\/www.organisator.ch\/?s={search_term_string}"},"query-input":{"@type":"PropertyValueSpecification","valueRequired":true,"valueName":"search_term_string"}}],"inLanguage":"de"},{"@type":"Organization","@id":"https:\/\/www.organisator.ch\/#organization","name":"Organisator","url":"https:\/\/www.organisator.ch\/","logo":{"@type":"ImageObject","inLanguage":"de","@id":"https:\/\/www.organisator.ch\/#\/schema\/logo\/image\/","url":"https:\/\/www.organisator.ch\/wp-content\/uploads\/2022\/01\/Logo_Organisator_Website.png","contentUrl":"https:\/\/www.organisator.ch\/wp-content\/uploads\/2022\/01\/Logo_Organisator_Website.png","width":800,"height":77,"caption":"Organisator"},"image":{"@id":"https:\/\/www.organisator.ch\/#\/schema\/logo\/image\/"},"sameAs":["https:\/\/www.facebook.com\/OrganisatorFachmagazin","https:\/\/www.linkedin.com\/showcase\/organisator-das-magazin-fr-kmu","https:\/\/www.xing.com\/news\/pages\/organisator-ch-695","https:\/\/www.youtube.com\/channel\/UCGP2Sq0iWaZwT3BdIAQFYpw"]},{"@type":"Person","@id":"https:\/\/www.organisator.ch\/#\/schema\/person\/4e51799071cd2dd1232ac003643ef5f0","name":"galledia","image":{"@type":"ImageObject","inLanguage":"de","@id":"https:\/\/secure.gravatar.com\/avatar\/78a7f90c01fc2bfc875782a0d4922b37cde2cf184ce347b91316d23cd7f69a36?s=96&d=mm&r=g","url":"https:\/\/secure.gravatar.com\/avatar\/78a7f90c01fc2bfc875782a0d4922b37cde2cf184ce347b91316d23cd7f69a36?s=96&d=mm&r=g","contentUrl":"https:\/\/secure.gravatar.com\/avatar\/78a7f90c01fc2bfc875782a0d4922b37cde2cf184ce347b91316d23cd7f69a36?s=96&d=mm&r=g","caption":"galledia"},"sameAs":["https:\/\/x.com\/admin"],"url":"https:\/\/www.organisator.ch\/de\/author\/galledia\/"}]}},"_links":{"self":[{"href":"https:\/\/www.organisator.ch\/de\/wp-json\/wp\/v2\/posts\/38500","targetHints":{"allow":["GET"]}}],"collection":[{"href":"https:\/\/www.organisator.ch\/de\/wp-json\/wp\/v2\/posts"}],"about":[{"href":"https:\/\/www.organisator.ch\/de\/wp-json\/wp\/v2\/types\/post"}],"author":[{"embeddable":true,"href":"https:\/\/www.organisator.ch\/de\/wp-json\/wp\/v2\/users\/8"}],"replies":[{"embeddable":true,"href":"https:\/\/www.organisator.ch\/de\/wp-json\/wp\/v2\/comments?post=38500"}],"version-history":[{"count":4,"href":"https:\/\/www.organisator.ch\/de\/wp-json\/wp\/v2\/posts\/38500\/revisions"}],"predecessor-version":[{"id":38553,"href":"https:\/\/www.organisator.ch\/de\/wp-json\/wp\/v2\/posts\/38500\/revisions\/38553"}],"wp:attachment":[{"href":"https:\/\/www.organisator.ch\/de\/wp-json\/wp\/v2\/media?parent=38500"}],"wp:term":[{"taxonomy":"category","embeddable":true,"href":"https:\/\/www.organisator.ch\/de\/wp-json\/wp\/v2\/categories?post=38500"},{"taxonomy":"post_tag","embeddable":true,"href":"https:\/\/www.organisator.ch\/de\/wp-json\/wp\/v2\/tags?post=38500"}],"curies":[{"name":"wp","href":"https:\/\/api.w.org\/{rel}","templated":true}]}}