{"id":38542,"date":"2025-05-23T08:05:56","date_gmt":"2025-05-23T06:05:56","guid":{"rendered":"https:\/\/www.organisator.ch\/?p=38542"},"modified":"2025-06-19T09:57:13","modified_gmt":"2025-06-19T07:57:13","slug":"obrist-interior-ag-gewinnt-den-prix-svc-zentralschweiz-2025","status":"publish","type":"post","link":"https:\/\/www.organisator.ch\/de\/management\/2025-05-23\/obrist-interior-ag-gewinnt-den-prix-svc-zentralschweiz-2025\/","title":{"rendered":"Obrist interior AG gewinnt den Prix SVC Zentralschweiz 2025"},"content":{"rendered":"<figure id=\"attachment_38543\" aria-describedby=\"caption-attachment-38543\" style=\"width: 680px\" class=\"wp-caption alignnone\"><img loading=\"lazy\" decoding=\"async\" class=\"size-full wp-image-38543\" src=\"https:\/\/www.organisator.ch\/wp-content\/uploads\/2025\/05\/Obrist-interior-AG-gewinnt-den-Prix-SVC-Zentralschweiz-2025-1_Organisator.jpg\" alt=\"\" width=\"680\" height=\"453\" srcset=\"https:\/\/www.organisator.ch\/wp-content\/uploads\/2025\/05\/Obrist-interior-AG-gewinnt-den-Prix-SVC-Zentralschweiz-2025-1_Organisator.jpg 680w, https:\/\/www.organisator.ch\/wp-content\/uploads\/2025\/05\/Obrist-interior-AG-gewinnt-den-Prix-SVC-Zentralschweiz-2025-1_Organisator-18x12.jpg 18w, https:\/\/www.organisator.ch\/wp-content\/uploads\/2025\/05\/Obrist-interior-AG-gewinnt-den-Prix-SVC-Zentralschweiz-2025-1_Organisator-375x250.jpg 375w, https:\/\/www.organisator.ch\/wp-content\/uploads\/2025\/05\/Obrist-interior-AG-gewinnt-den-Prix-SVC-Zentralschweiz-2025-1_Organisator-525x350.jpg 525w\" sizes=\"auto, (max-width: 680px) 100vw, 680px\" \/><figcaption id=\"caption-attachment-38543\" class=\"wp-caption-text\">Die Gewinner des Prix SVC Zentralschweiz 2025, Stefan Slamanig, CEO und Inhaber, Obrist interior AG und Sylvia Grisch, Art Director von Studio Tonic, freuen sich \u00fcber den Preis. (SVC\/Keystone\/Manuel Lopez)<\/figcaption><\/figure>\n<p>Die Obrist interior AG ist ein f\u00fchrendes Unternehmen im Bereich massgeschneiderter Innenarchitektur, das mit rund 120 erfahrenen Fachleuten aussergew\u00f6hnliche Interieurs f\u00fcr Luxusmarken, Gesch\u00e4ftsr\u00e4ume und private Wohnbereiche weltweit realisiert. Die Siegerfirma bietet einen ganzheitlichen Service, der alle Phasen eines Projekts abdeckt \u2013 von der ersten Idee und Planung bis hin zur Fertigung und Montage. Obrist ist bekannt f\u00fcr die Schaffung von einzigartigen, funktionalen und \u00e4sthetisch anspruchsvollen L\u00f6sungen. In enger Zusammenarbeit mit dem Designstudio Studio Tonic entstehen kreative Konzepte f\u00fcr den Laden- und Innenausbau, die in der Umsetzung perfekt miteinander harmonieren \u2013 von der ersten Skizze bis zum finalen Interieur. Urban Camenzind, Jurypr\u00e4sident und Volkswirtschaftsdirektor des Kantons Uri, ehrte die Siegerin in seiner Laudatio und hob ihre herausragenden Leistungen hervor. \u00abDie Expertenjury war beeindruckt von der gelungenen Verbindung aus traditionellem Handwerk und modernster Technik. In enger Zusammenarbeit verarbeiten Kundenberater, Projektleiter, Planer und Produktionsfachleute verschiedenste Materialien wie Holz, Metall und Glas zu hochwertigen Laden- und Inneneinrichtungen; wahre Kunstwerke, geschaffen in der Zentralschweiz f\u00fcr den Weltmarkt.\u00bb<\/p>\n<h3>Axon Active Gruppe und Schiltrac Fahrzeugbau GmbH \u00fcberzeugen mit Platz zwei und drei<\/h3>\n<p>Der zweite Platz geht an die Axon Active Gruppe aus Luzern, die sich auf digitale Transformation und agile Softwareentwicklung spezialisiert hat. Gegr\u00fcndet im Jahr 2008 mit Hauptsitz im historischen Schl\u00f6ssli Sch\u00f6negg, verfolgt das Unternehmen das Ziel, Firmen bei den Herausforderungen der digitalen Transformation zu unterst\u00fctzen. Axon Active bietet ein breites Spektrum an Dienstleistungen auf Basis agiler Prinzipien. Mit einem internationalen Team in der Schweiz und Vietnam entwickelt die Gruppe massgeschneiderte Softwarel\u00f6sungen, die \u00fcber den gesamten Produktlebenszyklus hinweg Effizienz und Nachhaltigkeit vereinen. Dazu geh\u00f6ren z. B. KI-unterst\u00fctzte Systeme zur besseren Lenkung von Pendlerstr\u00f6men im \u00d6V.<\/p>\n<p>Auf dem dritten Platz befindet sich die 1993 gegr\u00fcndete Schiltrac Fahrzeugbau GmbH, die sich einen exzellenten Ruf in der Entwicklung von Spezialtransportern f\u00fcr unterschiedlichste Branchen erarbeitet hat. Mit langj\u00e4hriger Erfahrung fertigt das Unternehmen individuelle Fahrzeugl\u00f6sungen f\u00fcr die Landwirtschaft, den kommunalen Bereich, die Feuerwehr, die Forst- sowie die Bauwirtschaft. Dank innovativer Technik sind die Fahrzeuge besonders f\u00fcr den Einsatz in anspruchsvollem Gel\u00e4nde und alpinen Regionen geeignet \u2013 dort, wo herk\u00f6mmliche Fahrzeuge an ihre Grenzen stossen. Ihre hohe Nutzlast und robuste Bauweise machen sie zu besonders zuverl\u00e4ssigen und leistungsstarken Arbeitsmaschinen.<\/p>\n<h3>Diplomr\u00e4nge f\u00fcr Stadler Form AG und Impact Acoustic AG<\/h3>\n<p>Mit einem Diplomrang ausgezeichnet wurde die 1998 gegr\u00fcndete Stadler Form AG mit Sitz in Zug \u2013 ein f\u00fchrendes Unternehmen im Bereich Haushaltsger\u00e4te zur Optimierung des Raumklimas. Bekannt f\u00fcr ihre Luftbefeuchter, Aroma-Diffuser und Entfeuchter, vereint das KMU \u00e4sthetisches Design mit energieeffizienter Technologie. Mit einem klaren Fokus auf Nachhaltigkeit und Benutzerfreundlichkeit bietet Stadler Form L\u00f6sungen, die das Raumklima verbessern und den Komfort der Kundschaft erh\u00f6hen. Qualit\u00e4t und Innovation stehen dabei stets im Mittelpunkt.<\/p>\n<p>Ebenfalls im Diplomrang klassierte sich die Impact Acoustic AG. Seit ihrer Gr\u00fcndung im Jahr 2019 hat sich das Luzerner Unternehmen auf nachhaltige Akustikl\u00f6sungen spezialisiert. Es bietet massgeschneiderte Produkte f\u00fcr B\u00fcros, Restaurants, Hotels und \u00f6ffentliche Geb\u00e4ude, die nicht nur die Raumakustik verbessern, sondern auch die Umwelt schonen. Mit innovativen, wiederverwendbaren Materialien und kreativem Design sorgt Impact Acoustic f\u00fcr exzellente Schallabsorption und Klangqualit\u00e4t \u2013 und steigert damit das Wohlbefinden der Nutzer ebenso wie deren Produktivit\u00e4t.<\/p>\n<h3>Stelldichein der Zentralschweizer Wirtschaft<\/h3>\n<p>Der SVC (Swiss Venture Club) zeichnete mit dem Prix SVC Zentralschweiz zum zehnten Mal vorbildliche kleine und mittlere Unternehmen (KMU) aus der Region aus. Die Jubil\u00e4umsausgabe im KKL Luzern bot den 900 G\u00e4sten aus Wirtschaft, Politik, Gesellschaft und Medien inspirierende Einblicke in das vielf\u00e4ltige Unternehmertum der Region. Daniel Cottini, OK-Pr\u00e4sident des Prix SVC Zentralschweiz, betonte: \u00abDie f\u00fcnf Preistr\u00e4ger sind hervorragende Beispiele f\u00fcr das starke Unternehmertum in der Zentralschweiz. Was sie alle vereint und gleichzeitig auszeichnet, sind ihr Leistungsausweis in nachhaltigem Wachstum, ihre einzigartige Innovationsf\u00e4higkeit und ihr unternehmerischer Mut. Diesen KMU-Erfolgsgeschichten wollen wir am Prix SVC eine Plattform bieten und die verdiente Anerkennung zukommen lassen\u00bb.<\/p>\n<p>Musikalisch umrahmt wurde die Preisverleihung durch Fabienne Louves, die mit ihrer starken Stimme zwei Songs zum Besten gab. Und auch Sabine Keller-Busse, Schweiz-Chefin des Hauptsponsors UBS, hielt eine Keynote, in der sie auf den wachstumsf\u00f6rdernden Schweizer Mix aus KMU und Grossunternehmen hinwies, der sich immer wieder als krisenfest erwiesen hat.<\/p>\n<p><em>Quelle und weitere Informationen: www.svc.swiss<\/em><\/p>\n","protected":false},"excerpt":{"rendered":"<p>Grosse Ehre f\u00fcr die Obrist interior AG: Das traditionsreiche KMU aus Inwil, das sich auf hochwertigen Ladenbau und Innenausbau spezialisiert hat, wurde am 22. Mai 2025 mit dem Prix SVC Zentralschweiz ausgezeichnet. Das Unternehmen stand im Final zusammen mit der Axon Active Gruppe, Impact Acoustic AG, Schiltrac Fahrzeugbau GmbH und Stadler Form AG.<\/p>\n","protected":false},"author":4,"featured_media":38543,"comment_status":"closed","ping_status":"closed","sticky":false,"template":"","format":"standard","meta":{"_acf_changed":false,"_yoast_wpseo_focuskw":"Obrist interior AG","_yoast_wpseo_metadesc":"Grosse Ehre f\u00fcr die Obrist interior AG: Das auf hochwertigen Ladenbau und Innenausbau spezialisierte KMU gewinnt den Prix SVC Zentralschweiz.","articlekey":"","footnotes":""},"categories":[28],"tags":[66,390,492,503],"class_list":["post-38542","post","type-post","status-publish","format-standard","has-post-thumbnail","hentry","category-management","tag-awards","tag-prix-svc","tag-unternehmen","tag-verbaende"],"acf":[],"yoast_head":"<!-- This site is optimized with the Yoast SEO plugin v27.5 - https:\/\/yoast.com\/product\/yoast-seo-wordpress\/ -->\n<title>Obrist interior AG gewinnt den Prix SVC Zentralschweiz 2025 - Organisator<\/title>\n<meta name=\"description\" content=\"Grosse Ehre f\u00fcr die Obrist interior AG: Das auf hochwertigen Ladenbau und Innenausbau spezialisierte KMU gewinnt den Prix SVC Zentralschweiz.\" \/>\n<meta name=\"robots\" content=\"index, follow, max-snippet:-1, max-image-preview:large, max-video-preview:-1\" \/>\n<link rel=\"canonical\" href=\"https:\/\/www.organisator.ch\/de\/management\/2025-05-23\/obrist-interior-ag-gewinnt-den-prix-svc-zentralschweiz-2025\/\" \/>\n<meta property=\"og:locale\" content=\"de_DE\" \/>\n<meta property=\"og:type\" content=\"article\" \/>\n<meta property=\"og:title\" content=\"Obrist interior AG gewinnt den Prix SVC Zentralschweiz 2025\" \/>\n<meta property=\"og:description\" content=\"Grosse Ehre f\u00fcr die Obrist interior AG: Das auf hochwertigen Ladenbau und Innenausbau spezialisierte KMU gewinnt den Prix SVC Zentralschweiz.\" \/>\n<meta property=\"og:url\" content=\"https:\/\/www.organisator.ch\/de\/management\/2025-05-23\/obrist-interior-ag-gewinnt-den-prix-svc-zentralschweiz-2025\/\" \/>\n<meta property=\"og:site_name\" content=\"Organisator\" \/>\n<meta property=\"article:publisher\" content=\"https:\/\/www.facebook.com\/OrganisatorFachmagazin\" \/>\n<meta property=\"article:published_time\" content=\"2025-05-23T06:05:56+00:00\" \/>\n<meta property=\"article:modified_time\" content=\"2025-06-19T07:57:13+00:00\" \/>\n<meta property=\"og:image\" content=\"https:\/\/www.organisator.ch\/wp-content\/uploads\/2025\/05\/Obrist-interior-AG-gewinnt-den-Prix-SVC-Zentralschweiz-2025-1_Organisator.jpg\" \/>\n\t<meta property=\"og:image:width\" content=\"680\" \/>\n\t<meta property=\"og:image:height\" content=\"453\" \/>\n\t<meta property=\"og:image:type\" content=\"image\/jpeg\" \/>\n<meta name=\"author\" content=\"thomas.berner\" \/>\n<meta name=\"twitter:card\" content=\"summary_large_image\" \/>\n<meta name=\"twitter:title\" content=\"#Obrist interior AG gewinnt den Prix SVC #Zentralschweiz 2025\" \/>\n<meta name=\"twitter:description\" content=\"Grosse Ehre f\u00fcr die #Obrist interior AG: Das auf hochwertigen #Ladenbau und Innenausbau spezialisierte KMU gewinnt den Prix SVC #Zentralschweiz.\" \/>\n<meta name=\"twitter:image\" content=\"https:\/\/www.organisator.ch\/wp-content\/uploads\/2025\/05\/Obrist-interior-AG-gewinnt-den-Prix-SVC-Zentralschweiz-2025-1_Organisator.jpg\" \/>\n<script type=\"application\/ld+json\" class=\"yoast-schema-graph\">{\"@context\":\"https:\\\/\\\/schema.org\",\"@graph\":[{\"@type\":\"Article\",\"@id\":\"https:\\\/\\\/www.organisator.ch\\\/management\\\/2025-05-23\\\/obrist-interior-ag-gewinnt-den-prix-svc-zentralschweiz-2025\\\/#article\",\"isPartOf\":{\"@id\":\"https:\\\/\\\/www.organisator.ch\\\/management\\\/2025-05-23\\\/obrist-interior-ag-gewinnt-den-prix-svc-zentralschweiz-2025\\\/\"},\"author\":{\"name\":\"thomas.berner\",\"@id\":\"https:\\\/\\\/www.organisator.ch\\\/#\\\/schema\\\/person\\\/6f650f90b2842cd4c0cc334b4e36f67e\"},\"headline\":\"Obrist interior AG gewinnt den Prix SVC Zentralschweiz 2025\",\"datePublished\":\"2025-05-23T06:05:56+00:00\",\"dateModified\":\"2025-06-19T07:57:13+00:00\",\"mainEntityOfPage\":{\"@id\":\"https:\\\/\\\/www.organisator.ch\\\/management\\\/2025-05-23\\\/obrist-interior-ag-gewinnt-den-prix-svc-zentralschweiz-2025\\\/\"},\"wordCount\":763,\"publisher\":{\"@id\":\"https:\\\/\\\/www.organisator.ch\\\/#organization\"},\"image\":{\"@id\":\"https:\\\/\\\/www.organisator.ch\\\/management\\\/2025-05-23\\\/obrist-interior-ag-gewinnt-den-prix-svc-zentralschweiz-2025\\\/#primaryimage\"},\"thumbnailUrl\":\"https:\\\/\\\/www.organisator.ch\\\/wp-content\\\/uploads\\\/2025\\\/05\\\/Obrist-interior-AG-gewinnt-den-Prix-SVC-Zentralschweiz-2025-1_Organisator.jpg\",\"keywords\":[\"Awards\",\"Prix SVC\",\"Unternehmen\",\"Verb\u00e4nde\"],\"articleSection\":[\"MANAGEMENT\"],\"inLanguage\":\"de\"},{\"@type\":\"WebPage\",\"@id\":\"https:\\\/\\\/www.organisator.ch\\\/management\\\/2025-05-23\\\/obrist-interior-ag-gewinnt-den-prix-svc-zentralschweiz-2025\\\/\",\"url\":\"https:\\\/\\\/www.organisator.ch\\\/management\\\/2025-05-23\\\/obrist-interior-ag-gewinnt-den-prix-svc-zentralschweiz-2025\\\/\",\"name\":\"Obrist interior AG gewinnt den Prix SVC Zentralschweiz 2025 - Organisator\",\"isPartOf\":{\"@id\":\"https:\\\/\\\/www.organisator.ch\\\/#website\"},\"primaryImageOfPage\":{\"@id\":\"https:\\\/\\\/www.organisator.ch\\\/management\\\/2025-05-23\\\/obrist-interior-ag-gewinnt-den-prix-svc-zentralschweiz-2025\\\/#primaryimage\"},\"image\":{\"@id\":\"https:\\\/\\\/www.organisator.ch\\\/management\\\/2025-05-23\\\/obrist-interior-ag-gewinnt-den-prix-svc-zentralschweiz-2025\\\/#primaryimage\"},\"thumbnailUrl\":\"https:\\\/\\\/www.organisator.ch\\\/wp-content\\\/uploads\\\/2025\\\/05\\\/Obrist-interior-AG-gewinnt-den-Prix-SVC-Zentralschweiz-2025-1_Organisator.jpg\",\"datePublished\":\"2025-05-23T06:05:56+00:00\",\"dateModified\":\"2025-06-19T07:57:13+00:00\",\"description\":\"Grosse Ehre f\u00fcr die Obrist interior AG: Das auf hochwertigen Ladenbau und Innenausbau spezialisierte KMU gewinnt den Prix SVC Zentralschweiz.\",\"breadcrumb\":{\"@id\":\"https:\\\/\\\/www.organisator.ch\\\/management\\\/2025-05-23\\\/obrist-interior-ag-gewinnt-den-prix-svc-zentralschweiz-2025\\\/#breadcrumb\"},\"inLanguage\":\"de\",\"potentialAction\":[{\"@type\":\"ReadAction\",\"target\":[\"https:\\\/\\\/www.organisator.ch\\\/management\\\/2025-05-23\\\/obrist-interior-ag-gewinnt-den-prix-svc-zentralschweiz-2025\\\/\"]}]},{\"@type\":\"ImageObject\",\"inLanguage\":\"de\",\"@id\":\"https:\\\/\\\/www.organisator.ch\\\/management\\\/2025-05-23\\\/obrist-interior-ag-gewinnt-den-prix-svc-zentralschweiz-2025\\\/#primaryimage\",\"url\":\"https:\\\/\\\/www.organisator.ch\\\/wp-content\\\/uploads\\\/2025\\\/05\\\/Obrist-interior-AG-gewinnt-den-Prix-SVC-Zentralschweiz-2025-1_Organisator.jpg\",\"contentUrl\":\"https:\\\/\\\/www.organisator.ch\\\/wp-content\\\/uploads\\\/2025\\\/05\\\/Obrist-interior-AG-gewinnt-den-Prix-SVC-Zentralschweiz-2025-1_Organisator.jpg\",\"width\":680,\"height\":453,\"caption\":\"Die Gewinner des Prix SVC Zentralschweiz 2025, Stefan Slamanig, CEO und Inhaber, OBRIST interior AG und Sylvia Grisch, Art Director (Studio Tonic), OBRIST interior AG freuen sich ueber den Preis waehrend der Preisverleihung am Donnerstag, 22. Mai 2025, im KKL Luzern. Der Swiss Venture Club zeichnet mit dem Prix SVC innovative Unternehmen aus, die durch herausragende Leistungen einen wesentlichen und nachhaltigen wirtschaftlichen Erfolg verzeichnen. (SVC\\\/Keystone\\\/Manuel Lopez)\"},{\"@type\":\"BreadcrumbList\",\"@id\":\"https:\\\/\\\/www.organisator.ch\\\/management\\\/2025-05-23\\\/obrist-interior-ag-gewinnt-den-prix-svc-zentralschweiz-2025\\\/#breadcrumb\",\"itemListElement\":[{\"@type\":\"ListItem\",\"position\":1,\"name\":\"Home\",\"item\":\"https:\\\/\\\/www.organisator.ch\\\/\"},{\"@type\":\"ListItem\",\"position\":2,\"name\":\"Obrist interior AG gewinnt den Prix SVC Zentralschweiz 2025\"}]},{\"@type\":\"WebSite\",\"@id\":\"https:\\\/\\\/www.organisator.ch\\\/#website\",\"url\":\"https:\\\/\\\/www.organisator.ch\\\/\",\"name\":\"Organisator\",\"description\":\"Kompetent. Praxisnah. Der ORGANISATOR bereitet in 10 Ausgaben pro Jahr die wesentlichen Themen f\u00fcr F\u00fchrungskr\u00e4fte von KMU auf.\",\"publisher\":{\"@id\":\"https:\\\/\\\/www.organisator.ch\\\/#organization\"},\"potentialAction\":[{\"@type\":\"SearchAction\",\"target\":{\"@type\":\"EntryPoint\",\"urlTemplate\":\"https:\\\/\\\/www.organisator.ch\\\/?s={search_term_string}\"},\"query-input\":{\"@type\":\"PropertyValueSpecification\",\"valueRequired\":true,\"valueName\":\"search_term_string\"}}],\"inLanguage\":\"de\"},{\"@type\":\"Organization\",\"@id\":\"https:\\\/\\\/www.organisator.ch\\\/#organization\",\"name\":\"Organisator\",\"url\":\"https:\\\/\\\/www.organisator.ch\\\/\",\"logo\":{\"@type\":\"ImageObject\",\"inLanguage\":\"de\",\"@id\":\"https:\\\/\\\/www.organisator.ch\\\/#\\\/schema\\\/logo\\\/image\\\/\",\"url\":\"https:\\\/\\\/www.organisator.ch\\\/wp-content\\\/uploads\\\/2022\\\/01\\\/Logo_Organisator_Website.png\",\"contentUrl\":\"https:\\\/\\\/www.organisator.ch\\\/wp-content\\\/uploads\\\/2022\\\/01\\\/Logo_Organisator_Website.png\",\"width\":800,\"height\":77,\"caption\":\"Organisator\"},\"image\":{\"@id\":\"https:\\\/\\\/www.organisator.ch\\\/#\\\/schema\\\/logo\\\/image\\\/\"},\"sameAs\":[\"https:\\\/\\\/www.facebook.com\\\/OrganisatorFachmagazin\",\"https:\\\/\\\/www.linkedin.com\\\/showcase\\\/organisator-das-magazin-fr-kmu\",\"https:\\\/\\\/www.xing.com\\\/news\\\/pages\\\/organisator-ch-695\",\"https:\\\/\\\/www.youtube.com\\\/channel\\\/UCGP2Sq0iWaZwT3BdIAQFYpw\"]},{\"@type\":\"Person\",\"@id\":\"https:\\\/\\\/www.organisator.ch\\\/#\\\/schema\\\/person\\\/6f650f90b2842cd4c0cc334b4e36f67e\",\"name\":\"thomas.berner\",\"image\":{\"@type\":\"ImageObject\",\"inLanguage\":\"de\",\"@id\":\"https:\\\/\\\/secure.gravatar.com\\\/avatar\\\/ac5001d2a36cb6c6cd3e50789007ffca834b477b74a2144564522e944eabff61?s=96&d=mm&r=g\",\"url\":\"https:\\\/\\\/secure.gravatar.com\\\/avatar\\\/ac5001d2a36cb6c6cd3e50789007ffca834b477b74a2144564522e944eabff61?s=96&d=mm&r=g\",\"contentUrl\":\"https:\\\/\\\/secure.gravatar.com\\\/avatar\\\/ac5001d2a36cb6c6cd3e50789007ffca834b477b74a2144564522e944eabff61?s=96&d=mm&r=g\",\"caption\":\"thomas.berner\"},\"url\":\"https:\\\/\\\/www.organisator.ch\\\/de\\\/author\\\/thomas-berner\\\/\"}]}<\/script>\n<!-- \/ Yoast SEO plugin. -->","yoast_head_json":{"title":"Obrist interior AG gewinnt den Prix SVC Zentralschweiz 2025 - Organisator","description":"Grosse Ehre f\u00fcr die Obrist interior AG: Das auf hochwertigen Ladenbau und Innenausbau spezialisierte KMU gewinnt den Prix SVC Zentralschweiz.","robots":{"index":"index","follow":"follow","max-snippet":"max-snippet:-1","max-image-preview":"max-image-preview:large","max-video-preview":"max-video-preview:-1"},"canonical":"https:\/\/www.organisator.ch\/de\/management\/2025-05-23\/obrist-interior-ag-gewinnt-den-prix-svc-zentralschweiz-2025\/","og_locale":"de_DE","og_type":"article","og_title":"Obrist interior AG gewinnt den Prix SVC Zentralschweiz 2025","og_description":"Grosse Ehre f\u00fcr die Obrist interior AG: Das auf hochwertigen Ladenbau und Innenausbau spezialisierte KMU gewinnt den Prix SVC Zentralschweiz.","og_url":"https:\/\/www.organisator.ch\/de\/management\/2025-05-23\/obrist-interior-ag-gewinnt-den-prix-svc-zentralschweiz-2025\/","og_site_name":"Organisator","article_publisher":"https:\/\/www.facebook.com\/OrganisatorFachmagazin","article_published_time":"2025-05-23T06:05:56+00:00","article_modified_time":"2025-06-19T07:57:13+00:00","og_image":[{"width":680,"height":453,"url":"https:\/\/www.organisator.ch\/wp-content\/uploads\/2025\/05\/Obrist-interior-AG-gewinnt-den-Prix-SVC-Zentralschweiz-2025-1_Organisator.jpg","type":"image\/jpeg"}],"author":"thomas.berner","twitter_card":"summary_large_image","twitter_title":"#Obrist interior AG gewinnt den Prix SVC #Zentralschweiz 2025","twitter_description":"Grosse Ehre f\u00fcr die #Obrist interior AG: Das auf hochwertigen #Ladenbau und Innenausbau spezialisierte KMU gewinnt den Prix SVC #Zentralschweiz.","twitter_image":"https:\/\/www.organisator.ch\/wp-content\/uploads\/2025\/05\/Obrist-interior-AG-gewinnt-den-Prix-SVC-Zentralschweiz-2025-1_Organisator.jpg","schema":{"@context":"https:\/\/schema.org","@graph":[{"@type":"Article","@id":"https:\/\/www.organisator.ch\/management\/2025-05-23\/obrist-interior-ag-gewinnt-den-prix-svc-zentralschweiz-2025\/#article","isPartOf":{"@id":"https:\/\/www.organisator.ch\/management\/2025-05-23\/obrist-interior-ag-gewinnt-den-prix-svc-zentralschweiz-2025\/"},"author":{"name":"thomas.berner","@id":"https:\/\/www.organisator.ch\/#\/schema\/person\/6f650f90b2842cd4c0cc334b4e36f67e"},"headline":"Obrist interior AG gewinnt den Prix SVC Zentralschweiz 2025","datePublished":"2025-05-23T06:05:56+00:00","dateModified":"2025-06-19T07:57:13+00:00","mainEntityOfPage":{"@id":"https:\/\/www.organisator.ch\/management\/2025-05-23\/obrist-interior-ag-gewinnt-den-prix-svc-zentralschweiz-2025\/"},"wordCount":763,"publisher":{"@id":"https:\/\/www.organisator.ch\/#organization"},"image":{"@id":"https:\/\/www.organisator.ch\/management\/2025-05-23\/obrist-interior-ag-gewinnt-den-prix-svc-zentralschweiz-2025\/#primaryimage"},"thumbnailUrl":"https:\/\/www.organisator.ch\/wp-content\/uploads\/2025\/05\/Obrist-interior-AG-gewinnt-den-Prix-SVC-Zentralschweiz-2025-1_Organisator.jpg","keywords":["Awards","Prix SVC","Unternehmen","Verb\u00e4nde"],"articleSection":["MANAGEMENT"],"inLanguage":"de"},{"@type":"WebPage","@id":"https:\/\/www.organisator.ch\/management\/2025-05-23\/obrist-interior-ag-gewinnt-den-prix-svc-zentralschweiz-2025\/","url":"https:\/\/www.organisator.ch\/management\/2025-05-23\/obrist-interior-ag-gewinnt-den-prix-svc-zentralschweiz-2025\/","name":"Obrist interior AG gewinnt den Prix SVC Zentralschweiz 2025 - Organisator","isPartOf":{"@id":"https:\/\/www.organisator.ch\/#website"},"primaryImageOfPage":{"@id":"https:\/\/www.organisator.ch\/management\/2025-05-23\/obrist-interior-ag-gewinnt-den-prix-svc-zentralschweiz-2025\/#primaryimage"},"image":{"@id":"https:\/\/www.organisator.ch\/management\/2025-05-23\/obrist-interior-ag-gewinnt-den-prix-svc-zentralschweiz-2025\/#primaryimage"},"thumbnailUrl":"https:\/\/www.organisator.ch\/wp-content\/uploads\/2025\/05\/Obrist-interior-AG-gewinnt-den-Prix-SVC-Zentralschweiz-2025-1_Organisator.jpg","datePublished":"2025-05-23T06:05:56+00:00","dateModified":"2025-06-19T07:57:13+00:00","description":"Grosse Ehre f\u00fcr die Obrist interior AG: Das auf hochwertigen Ladenbau und Innenausbau spezialisierte KMU gewinnt den Prix SVC Zentralschweiz.","breadcrumb":{"@id":"https:\/\/www.organisator.ch\/management\/2025-05-23\/obrist-interior-ag-gewinnt-den-prix-svc-zentralschweiz-2025\/#breadcrumb"},"inLanguage":"de","potentialAction":[{"@type":"ReadAction","target":["https:\/\/www.organisator.ch\/management\/2025-05-23\/obrist-interior-ag-gewinnt-den-prix-svc-zentralschweiz-2025\/"]}]},{"@type":"ImageObject","inLanguage":"de","@id":"https:\/\/www.organisator.ch\/management\/2025-05-23\/obrist-interior-ag-gewinnt-den-prix-svc-zentralschweiz-2025\/#primaryimage","url":"https:\/\/www.organisator.ch\/wp-content\/uploads\/2025\/05\/Obrist-interior-AG-gewinnt-den-Prix-SVC-Zentralschweiz-2025-1_Organisator.jpg","contentUrl":"https:\/\/www.organisator.ch\/wp-content\/uploads\/2025\/05\/Obrist-interior-AG-gewinnt-den-Prix-SVC-Zentralschweiz-2025-1_Organisator.jpg","width":680,"height":453,"caption":"Die Gewinner des Prix SVC Zentralschweiz 2025, Stefan Slamanig, CEO und Inhaber, OBRIST interior AG und Sylvia Grisch, Art Director (Studio Tonic), OBRIST interior AG freuen sich ueber den Preis waehrend der Preisverleihung am Donnerstag, 22. Mai 2025, im KKL Luzern. Der Swiss Venture Club zeichnet mit dem Prix SVC innovative Unternehmen aus, die durch herausragende Leistungen einen wesentlichen und nachhaltigen wirtschaftlichen Erfolg verzeichnen. (SVC\/Keystone\/Manuel Lopez)"},{"@type":"BreadcrumbList","@id":"https:\/\/www.organisator.ch\/management\/2025-05-23\/obrist-interior-ag-gewinnt-den-prix-svc-zentralschweiz-2025\/#breadcrumb","itemListElement":[{"@type":"ListItem","position":1,"name":"Home","item":"https:\/\/www.organisator.ch\/"},{"@type":"ListItem","position":2,"name":"Obrist interior AG gewinnt den Prix SVC Zentralschweiz 2025"}]},{"@type":"WebSite","@id":"https:\/\/www.organisator.ch\/#website","url":"https:\/\/www.organisator.ch\/","name":"Organisator","description":"Kompetent. Praxisnah. Der ORGANISATOR bereitet in 10 Ausgaben pro Jahr die wesentlichen Themen f\u00fcr F\u00fchrungskr\u00e4fte von KMU auf.","publisher":{"@id":"https:\/\/www.organisator.ch\/#organization"},"potentialAction":[{"@type":"SearchAction","target":{"@type":"EntryPoint","urlTemplate":"https:\/\/www.organisator.ch\/?s={search_term_string}"},"query-input":{"@type":"PropertyValueSpecification","valueRequired":true,"valueName":"search_term_string"}}],"inLanguage":"de"},{"@type":"Organization","@id":"https:\/\/www.organisator.ch\/#organization","name":"Organisator","url":"https:\/\/www.organisator.ch\/","logo":{"@type":"ImageObject","inLanguage":"de","@id":"https:\/\/www.organisator.ch\/#\/schema\/logo\/image\/","url":"https:\/\/www.organisator.ch\/wp-content\/uploads\/2022\/01\/Logo_Organisator_Website.png","contentUrl":"https:\/\/www.organisator.ch\/wp-content\/uploads\/2022\/01\/Logo_Organisator_Website.png","width":800,"height":77,"caption":"Organisator"},"image":{"@id":"https:\/\/www.organisator.ch\/#\/schema\/logo\/image\/"},"sameAs":["https:\/\/www.facebook.com\/OrganisatorFachmagazin","https:\/\/www.linkedin.com\/showcase\/organisator-das-magazin-fr-kmu","https:\/\/www.xing.com\/news\/pages\/organisator-ch-695","https:\/\/www.youtube.com\/channel\/UCGP2Sq0iWaZwT3BdIAQFYpw"]},{"@type":"Person","@id":"https:\/\/www.organisator.ch\/#\/schema\/person\/6f650f90b2842cd4c0cc334b4e36f67e","name":"thomas.berner","image":{"@type":"ImageObject","inLanguage":"de","@id":"https:\/\/secure.gravatar.com\/avatar\/ac5001d2a36cb6c6cd3e50789007ffca834b477b74a2144564522e944eabff61?s=96&d=mm&r=g","url":"https:\/\/secure.gravatar.com\/avatar\/ac5001d2a36cb6c6cd3e50789007ffca834b477b74a2144564522e944eabff61?s=96&d=mm&r=g","contentUrl":"https:\/\/secure.gravatar.com\/avatar\/ac5001d2a36cb6c6cd3e50789007ffca834b477b74a2144564522e944eabff61?s=96&d=mm&r=g","caption":"thomas.berner"},"url":"https:\/\/www.organisator.ch\/de\/author\/thomas-berner\/"}]}},"_links":{"self":[{"href":"https:\/\/www.organisator.ch\/de\/wp-json\/wp\/v2\/posts\/38542","targetHints":{"allow":["GET"]}}],"collection":[{"href":"https:\/\/www.organisator.ch\/de\/wp-json\/wp\/v2\/posts"}],"about":[{"href":"https:\/\/www.organisator.ch\/de\/wp-json\/wp\/v2\/types\/post"}],"author":[{"embeddable":true,"href":"https:\/\/www.organisator.ch\/de\/wp-json\/wp\/v2\/users\/4"}],"replies":[{"embeddable":true,"href":"https:\/\/www.organisator.ch\/de\/wp-json\/wp\/v2\/comments?post=38542"}],"version-history":[{"count":6,"href":"https:\/\/www.organisator.ch\/de\/wp-json\/wp\/v2\/posts\/38542\/revisions"}],"predecessor-version":[{"id":39142,"href":"https:\/\/www.organisator.ch\/de\/wp-json\/wp\/v2\/posts\/38542\/revisions\/39142"}],"wp:featuredmedia":[{"embeddable":true,"href":"https:\/\/www.organisator.ch\/de\/wp-json\/wp\/v2\/media\/38543"}],"wp:attachment":[{"href":"https:\/\/www.organisator.ch\/de\/wp-json\/wp\/v2\/media?parent=38542"}],"wp:term":[{"taxonomy":"category","embeddable":true,"href":"https:\/\/www.organisator.ch\/de\/wp-json\/wp\/v2\/categories?post=38542"},{"taxonomy":"post_tag","embeddable":true,"href":"https:\/\/www.organisator.ch\/de\/wp-json\/wp\/v2\/tags?post=38542"}],"curies":[{"name":"wp","href":"https:\/\/api.w.org\/{rel}","templated":true}]}}