{"id":3857,"date":"2018-06-25T13:45:36","date_gmt":"2018-06-25T11:45:36","guid":{"rendered":"https:\/\/www.organisator.ch\/?p=3857"},"modified":"2018-06-25T13:45:36","modified_gmt":"2018-06-25T11:45:36","slug":"deindustrialisierung-setzt-sich-in-der-schweiz-weiter-fort","status":"publish","type":"post","link":"https:\/\/www.organisator.ch\/de\/allgemein\/2018-06-25\/deindustrialisierung-setzt-sich-in-der-schweiz-weiter-fort\/","title":{"rendered":"Deindustrialisierung setzt sich in der Schweiz weiter fort"},"content":{"rendered":"<figure id=\"attachment_3858\" aria-describedby=\"caption-attachment-3858\" style=\"width: 620px\" class=\"wp-caption alignnone\"><img loading=\"lazy\" decoding=\"async\" class=\"size-full wp-image-3858\" src=\"https:\/\/www.organisator.ch\/wp-content\/uploads\/2018\/06\/Deindustrialisierung-setzt-sich-in-der-Schweiz-weiter-fort_Organisator.jpg\" alt=\"\" width=\"620\" height=\"414\" srcset=\"https:\/\/www.organisator.ch\/wp-content\/uploads\/2018\/06\/Deindustrialisierung-setzt-sich-in-der-Schweiz-weiter-fort_Organisator.jpg 620w, https:\/\/www.organisator.ch\/wp-content\/uploads\/2018\/06\/Deindustrialisierung-setzt-sich-in-der-Schweiz-weiter-fort_Organisator-16x12.jpg 16w, https:\/\/www.organisator.ch\/wp-content\/uploads\/2018\/06\/Deindustrialisierung-setzt-sich-in-der-Schweiz-weiter-fort_Organisator-262x175.jpg 262w, https:\/\/www.organisator.ch\/wp-content\/uploads\/2018\/06\/Deindustrialisierung-setzt-sich-in-der-Schweiz-weiter-fort_Organisator-524x350.jpg 524w, https:\/\/www.organisator.ch\/wp-content\/uploads\/2018\/06\/Deindustrialisierung-setzt-sich-in-der-Schweiz-weiter-fort_Organisator-300x200.jpg 300w\" sizes=\"auto, (max-width: 620px) 100vw, 620px\" \/><figcaption id=\"caption-attachment-3858\" class=\"wp-caption-text\">Die Nachfrage nach Ingenieuren steigt weiterhin, wie der Swiss Engineering Index\u00a9 zeigt. Die Verschiebung vom Industrie- zum Dienstleistungssektor (also die Deindustrialisierung) setzt sich fort. (Grafik: Swiss Engineering STV)<\/figcaption><\/figure>\n<p>Die fortschreitende Deindustrialisierung der Schweiz zeigt sich darin, dass trotz sehr guter Wirtschaftslage die Schweiz seit sechs Jahren j\u00e4hrlich umgerechnet 4&#8217;000 Vollzeitstellen im Industriesektor verliert. 1991 bot der Industriesektor 35% aller Arbeitspl\u00e4tze, heute sind es noch 25%. Seither sind 230&#8217;000 Arbeitspl\u00e4tze in der Industrie verschwunden. Aktuell weisen gem\u00e4ss SECO \u00fcber 57 Berufe der Schweizer Industrie eine Arbeitslosenrate von \u00fcber 8% auf.<\/p>\n<h2>Deindustrialisierung zeigt sich\u00a0im Arbeitsmarkt<\/h2>\n<p>Trotzdem steigt die Nachfrage nach Ingenieuren weiterhin, wie der Swiss Engineering Index\u00a9 zeigt. Die Rekrutierungsaktivit\u00e4t f\u00fcr Ingenieurstellen in den Dienstleistungsbranchen legt im Gegensatz zur Industrie weiter zu. Die Verschiebung ihrer Arbeitspl\u00e4tze vom Industriesektor zum Dienstleistungssektor setzt sich aber fort. In Relation dazu wurde die Schweiz im Global Innovation Index (Cornell University, INSEAD, WIPO) zum siebten Mal als innovativstes Land gelistet. Dennoch rutschte das Land gem\u00e4ss dem WEF The Global Competitiveness Report 2018 im Ranking der wettbewerbsf\u00e4higsten Nationen vom ersten Rang auf den Platz f\u00fcnf zur\u00fcck.<\/p>\n<h2>Schwerwiegender Fachkr\u00e4ftemangel<\/h2>\n<p>Der Fachkr\u00e4ftemangel ist besonders bei den Ingenieurberufen schwerwiegend, wie eine am 8. Mai 2017 publizierte Studie von Swiss Engineering und economiesuisse ausf\u00fchrlich erl\u00e4utert hat. Einerseits wird dies auf eine zu tiefe Anzahl in der Schweiz ausgebildeter Ingenieure zur\u00fcckgef\u00fchrt, andererseits auf die sich rasant ver\u00e4ndernden Anforderungen an das Engineering-Knowhow, was zu einer Diskrepanz zwischen gesuchten und vorhandenen Profilen f\u00fchren kann. W\u00e4hrend es in der Industrie teilweise zu einem \u00dcberschuss gekommen ist, spitzt sich der Fachkr\u00e4ftemangel bei den Ingenieuren im Dienstleistungsbereich zu.<\/p>\n<h2>Swiss Engineering Index<\/h2>\n<p>Der Swiss Engineering Index\u00a9 wird von Swiss Engineering STV in Zusammenarbeit mit dynajobs AG im Halbjahresrhythmus publiziert, jeweils erg\u00e4nzt mit einem Fokus auf aktuell interessante Entwicklungen im Arbeitsmarkt f\u00fcr Ingenieurinnen und Ingenieure. Mit rund 13 000 Mitgliedern ist Swiss Engineering das massgebliche berufliche Netzwerk der Ingenieure und Architekten in der ganzen Schweiz.<\/p>\n<p><em>Quelle: <a href=\"http:\/\/www.swissengineering.ch\">Swiss Engineering<\/a><\/em><\/p>\n","protected":false},"excerpt":{"rendered":"<p>Die fortschreitende Deindustrialisierung der Schweiz zeigt sich darin, dass trotz sehr guter Wirtschaftslage die Schweiz seit sechs Jahren j\u00e4hrlich umgerechnet 4&#8217;000 Vollzeitstellen im Industriesektor verliert. 1991 bot der Industriesektor 35% aller Arbeitspl\u00e4tze, heute sind es noch 25%. Seither sind 230&#8217;000 Arbeitspl\u00e4tze in der Industrie verschwunden. Aktuell weisen gem\u00e4ss SECO \u00fcber 57 Berufe der Schweizer Industrie [&hellip;]<\/p>\n","protected":false},"author":4,"featured_media":3858,"comment_status":"open","ping_status":"open","sticky":false,"template":"","format":"standard","meta":{"_acf_changed":false,"_yoast_wpseo_focuskw":"Deindustrialisierung","_yoast_wpseo_metadesc":"Trotz renommierter Hochschulen, Innovationst\u00e4rke und steigender Wirtschaftsleistung verliert die Schweizer Industrie im Arbeitsmarkt an Bedeutung.","articlekey":"","footnotes":""},"categories":[1],"tags":[266,452,508,531],"class_list":["post-3857","post","type-post","status-publish","format-standard","has-post-thumbnail","hentry","category-allgemein","tag-industrie","tag-statistik","tag-vermischtes","tag-wirtschaftspolitik"],"acf":[],"yoast_head":"<!-- This site is optimized with the Yoast SEO plugin v27.5 - https:\/\/yoast.com\/product\/yoast-seo-wordpress\/ -->\n<title>Deindustrialisierung setzt sich in der Schweiz weiter fort - Organisator<\/title>\n<meta name=\"description\" content=\"Trotz renommierter Hochschulen, Innovationst\u00e4rke und steigender Wirtschaftsleistung verliert die Schweizer Industrie im Arbeitsmarkt an Bedeutung.\" \/>\n<meta name=\"robots\" content=\"index, follow, max-snippet:-1, max-image-preview:large, max-video-preview:-1\" \/>\n<link rel=\"canonical\" href=\"https:\/\/www.organisator.ch\/de\/allgemein\/2018-06-25\/deindustrialisierung-setzt-sich-in-der-schweiz-weiter-fort\/\" \/>\n<meta property=\"og:locale\" content=\"de_DE\" \/>\n<meta property=\"og:type\" content=\"article\" \/>\n<meta property=\"og:title\" content=\"Deindustrialisierung setzt sich in der Schweiz weiter fort - Organisator\" \/>\n<meta property=\"og:description\" content=\"Trotz renommierter Hochschulen, Innovationst\u00e4rke und steigender Wirtschaftsleistung verliert die Schweizer Industrie im Arbeitsmarkt an Bedeutung.\" \/>\n<meta property=\"og:url\" content=\"https:\/\/www.organisator.ch\/de\/allgemein\/2018-06-25\/deindustrialisierung-setzt-sich-in-der-schweiz-weiter-fort\/\" \/>\n<meta property=\"og:site_name\" content=\"Organisator\" \/>\n<meta property=\"article:publisher\" content=\"https:\/\/www.facebook.com\/OrganisatorFachmagazin\" \/>\n<meta property=\"article:published_time\" content=\"2018-06-25T11:45:36+00:00\" \/>\n<meta property=\"og:image\" content=\"https:\/\/www.organisator.ch\/wp-content\/uploads\/2018\/06\/Deindustrialisierung-setzt-sich-in-der-Schweiz-weiter-fort_Organisator.jpg\" \/>\n\t<meta property=\"og:image:width\" content=\"620\" \/>\n\t<meta property=\"og:image:height\" content=\"414\" \/>\n\t<meta property=\"og:image:type\" content=\"image\/jpeg\" \/>\n<meta name=\"author\" content=\"thomas.berner\" \/>\n<meta name=\"twitter:card\" content=\"summary_large_image\" \/>\n<meta name=\"twitter:title\" content=\"#Deindustrialisierung setzt sich in der Schweiz weiter fort\" \/>\n<meta name=\"twitter:description\" content=\"Trotz renommierter Hochschulen, Innovationst\u00e4rke und steigender Wirtschaftsleistung verliert die Schweizer Industrie im Arbeitsmarkt an Bedeutung.\" \/>\n<meta name=\"twitter:image\" content=\"https:\/\/www.organisator.ch\/wp-content\/uploads\/2018\/06\/Deindustrialisierung-setzt-sich-in-der-Schweiz-weiter-fort_Organisator.jpg\" \/>\n<script type=\"application\/ld+json\" class=\"yoast-schema-graph\">{\"@context\":\"https:\\\/\\\/schema.org\",\"@graph\":[{\"@type\":\"Article\",\"@id\":\"https:\\\/\\\/www.organisator.ch\\\/fr\\\/general\\\/2018-06-25\\\/deindustrialisierung-setzt-sich-in-der-schweiz-weiter-fort\\\/#article\",\"isPartOf\":{\"@id\":\"https:\\\/\\\/www.organisator.ch\\\/fr\\\/general\\\/2018-06-25\\\/deindustrialisierung-setzt-sich-in-der-schweiz-weiter-fort\\\/\"},\"author\":{\"name\":\"thomas.berner\",\"@id\":\"https:\\\/\\\/www.organisator.ch\\\/#\\\/schema\\\/person\\\/6f650f90b2842cd4c0cc334b4e36f67e\"},\"headline\":\"Deindustrialisierung setzt sich in der Schweiz weiter fort\",\"datePublished\":\"2018-06-25T11:45:36+00:00\",\"mainEntityOfPage\":{\"@id\":\"https:\\\/\\\/www.organisator.ch\\\/fr\\\/general\\\/2018-06-25\\\/deindustrialisierung-setzt-sich-in-der-schweiz-weiter-fort\\\/\"},\"wordCount\":345,\"commentCount\":0,\"publisher\":{\"@id\":\"https:\\\/\\\/www.organisator.ch\\\/#organization\"},\"image\":{\"@id\":\"https:\\\/\\\/www.organisator.ch\\\/fr\\\/general\\\/2018-06-25\\\/deindustrialisierung-setzt-sich-in-der-schweiz-weiter-fort\\\/#primaryimage\"},\"thumbnailUrl\":\"https:\\\/\\\/www.organisator.ch\\\/wp-content\\\/uploads\\\/2018\\\/06\\\/Deindustrialisierung-setzt-sich-in-der-Schweiz-weiter-fort_Organisator.jpg\",\"keywords\":[\"Industrie\",\"Statistik\",\"Vermischtes\",\"Wirtschaftspolitik\"],\"inLanguage\":\"de\"},{\"@type\":\"WebPage\",\"@id\":\"https:\\\/\\\/www.organisator.ch\\\/fr\\\/general\\\/2018-06-25\\\/deindustrialisierung-setzt-sich-in-der-schweiz-weiter-fort\\\/\",\"url\":\"https:\\\/\\\/www.organisator.ch\\\/fr\\\/general\\\/2018-06-25\\\/deindustrialisierung-setzt-sich-in-der-schweiz-weiter-fort\\\/\",\"name\":\"Deindustrialisierung setzt sich in der Schweiz weiter fort - Organisator\",\"isPartOf\":{\"@id\":\"https:\\\/\\\/www.organisator.ch\\\/#website\"},\"primaryImageOfPage\":{\"@id\":\"https:\\\/\\\/www.organisator.ch\\\/fr\\\/general\\\/2018-06-25\\\/deindustrialisierung-setzt-sich-in-der-schweiz-weiter-fort\\\/#primaryimage\"},\"image\":{\"@id\":\"https:\\\/\\\/www.organisator.ch\\\/fr\\\/general\\\/2018-06-25\\\/deindustrialisierung-setzt-sich-in-der-schweiz-weiter-fort\\\/#primaryimage\"},\"thumbnailUrl\":\"https:\\\/\\\/www.organisator.ch\\\/wp-content\\\/uploads\\\/2018\\\/06\\\/Deindustrialisierung-setzt-sich-in-der-Schweiz-weiter-fort_Organisator.jpg\",\"datePublished\":\"2018-06-25T11:45:36+00:00\",\"description\":\"Trotz renommierter Hochschulen, Innovationst\u00e4rke und steigender Wirtschaftsleistung verliert die Schweizer Industrie im Arbeitsmarkt an Bedeutung.\",\"breadcrumb\":{\"@id\":\"https:\\\/\\\/www.organisator.ch\\\/fr\\\/general\\\/2018-06-25\\\/deindustrialisierung-setzt-sich-in-der-schweiz-weiter-fort\\\/#breadcrumb\"},\"inLanguage\":\"de\",\"potentialAction\":[{\"@type\":\"ReadAction\",\"target\":[\"https:\\\/\\\/www.organisator.ch\\\/fr\\\/general\\\/2018-06-25\\\/deindustrialisierung-setzt-sich-in-der-schweiz-weiter-fort\\\/\"]}]},{\"@type\":\"ImageObject\",\"inLanguage\":\"de\",\"@id\":\"https:\\\/\\\/www.organisator.ch\\\/fr\\\/general\\\/2018-06-25\\\/deindustrialisierung-setzt-sich-in-der-schweiz-weiter-fort\\\/#primaryimage\",\"url\":\"https:\\\/\\\/www.organisator.ch\\\/wp-content\\\/uploads\\\/2018\\\/06\\\/Deindustrialisierung-setzt-sich-in-der-Schweiz-weiter-fort_Organisator.jpg\",\"contentUrl\":\"https:\\\/\\\/www.organisator.ch\\\/wp-content\\\/uploads\\\/2018\\\/06\\\/Deindustrialisierung-setzt-sich-in-der-Schweiz-weiter-fort_Organisator.jpg\",\"width\":620,\"height\":414,\"caption\":\"Die Nachfrage nach Ingenieuren steigt weiterhin, wie der Swiss Engineering Index\u00a9 zeigt. Die Verschiebung vom Industrie- zum Dienstleistungssektor (also die Deindustrialisierung) setzt sich fort. (Grafik: Swiss Engineering STV)\"},{\"@type\":\"BreadcrumbList\",\"@id\":\"https:\\\/\\\/www.organisator.ch\\\/fr\\\/general\\\/2018-06-25\\\/deindustrialisierung-setzt-sich-in-der-schweiz-weiter-fort\\\/#breadcrumb\",\"itemListElement\":[{\"@type\":\"ListItem\",\"position\":1,\"name\":\"Home\",\"item\":\"https:\\\/\\\/www.organisator.ch\\\/\"},{\"@type\":\"ListItem\",\"position\":2,\"name\":\"Deindustrialisierung setzt sich in der Schweiz weiter fort\"}]},{\"@type\":\"WebSite\",\"@id\":\"https:\\\/\\\/www.organisator.ch\\\/#website\",\"url\":\"https:\\\/\\\/www.organisator.ch\\\/\",\"name\":\"Organisator\",\"description\":\"Kompetent. Praxisnah. Der ORGANISATOR bereitet in 10 Ausgaben pro Jahr die wesentlichen Themen f\u00fcr F\u00fchrungskr\u00e4fte von KMU auf.\",\"publisher\":{\"@id\":\"https:\\\/\\\/www.organisator.ch\\\/#organization\"},\"potentialAction\":[{\"@type\":\"SearchAction\",\"target\":{\"@type\":\"EntryPoint\",\"urlTemplate\":\"https:\\\/\\\/www.organisator.ch\\\/?s={search_term_string}\"},\"query-input\":{\"@type\":\"PropertyValueSpecification\",\"valueRequired\":true,\"valueName\":\"search_term_string\"}}],\"inLanguage\":\"de\"},{\"@type\":\"Organization\",\"@id\":\"https:\\\/\\\/www.organisator.ch\\\/#organization\",\"name\":\"Organisator\",\"url\":\"https:\\\/\\\/www.organisator.ch\\\/\",\"logo\":{\"@type\":\"ImageObject\",\"inLanguage\":\"de\",\"@id\":\"https:\\\/\\\/www.organisator.ch\\\/#\\\/schema\\\/logo\\\/image\\\/\",\"url\":\"https:\\\/\\\/www.organisator.ch\\\/wp-content\\\/uploads\\\/2022\\\/01\\\/Logo_Organisator_Website.png\",\"contentUrl\":\"https:\\\/\\\/www.organisator.ch\\\/wp-content\\\/uploads\\\/2022\\\/01\\\/Logo_Organisator_Website.png\",\"width\":800,\"height\":77,\"caption\":\"Organisator\"},\"image\":{\"@id\":\"https:\\\/\\\/www.organisator.ch\\\/#\\\/schema\\\/logo\\\/image\\\/\"},\"sameAs\":[\"https:\\\/\\\/www.facebook.com\\\/OrganisatorFachmagazin\",\"https:\\\/\\\/www.linkedin.com\\\/showcase\\\/organisator-das-magazin-fr-kmu\",\"https:\\\/\\\/www.xing.com\\\/news\\\/pages\\\/organisator-ch-695\",\"https:\\\/\\\/www.youtube.com\\\/channel\\\/UCGP2Sq0iWaZwT3BdIAQFYpw\"]},{\"@type\":\"Person\",\"@id\":\"https:\\\/\\\/www.organisator.ch\\\/#\\\/schema\\\/person\\\/6f650f90b2842cd4c0cc334b4e36f67e\",\"name\":\"thomas.berner\",\"image\":{\"@type\":\"ImageObject\",\"inLanguage\":\"de\",\"@id\":\"https:\\\/\\\/secure.gravatar.com\\\/avatar\\\/ac5001d2a36cb6c6cd3e50789007ffca834b477b74a2144564522e944eabff61?s=96&d=mm&r=g\",\"url\":\"https:\\\/\\\/secure.gravatar.com\\\/avatar\\\/ac5001d2a36cb6c6cd3e50789007ffca834b477b74a2144564522e944eabff61?s=96&d=mm&r=g\",\"contentUrl\":\"https:\\\/\\\/secure.gravatar.com\\\/avatar\\\/ac5001d2a36cb6c6cd3e50789007ffca834b477b74a2144564522e944eabff61?s=96&d=mm&r=g\",\"caption\":\"thomas.berner\"},\"url\":\"https:\\\/\\\/www.organisator.ch\\\/de\\\/author\\\/thomas-berner\\\/\"}]}<\/script>\n<!-- \/ Yoast SEO plugin. -->","yoast_head_json":{"title":"Deindustrialisierung setzt sich in der Schweiz weiter fort - Organisator","description":"Trotz renommierter Hochschulen, Innovationst\u00e4rke und steigender Wirtschaftsleistung verliert die Schweizer Industrie im Arbeitsmarkt an Bedeutung.","robots":{"index":"index","follow":"follow","max-snippet":"max-snippet:-1","max-image-preview":"max-image-preview:large","max-video-preview":"max-video-preview:-1"},"canonical":"https:\/\/www.organisator.ch\/de\/allgemein\/2018-06-25\/deindustrialisierung-setzt-sich-in-der-schweiz-weiter-fort\/","og_locale":"de_DE","og_type":"article","og_title":"Deindustrialisierung setzt sich in der Schweiz weiter fort - Organisator","og_description":"Trotz renommierter Hochschulen, Innovationst\u00e4rke und steigender Wirtschaftsleistung verliert die Schweizer Industrie im Arbeitsmarkt an Bedeutung.","og_url":"https:\/\/www.organisator.ch\/de\/allgemein\/2018-06-25\/deindustrialisierung-setzt-sich-in-der-schweiz-weiter-fort\/","og_site_name":"Organisator","article_publisher":"https:\/\/www.facebook.com\/OrganisatorFachmagazin","article_published_time":"2018-06-25T11:45:36+00:00","og_image":[{"width":620,"height":414,"url":"https:\/\/www.organisator.ch\/wp-content\/uploads\/2018\/06\/Deindustrialisierung-setzt-sich-in-der-Schweiz-weiter-fort_Organisator.jpg","type":"image\/jpeg"}],"author":"thomas.berner","twitter_card":"summary_large_image","twitter_title":"#Deindustrialisierung setzt sich in der Schweiz weiter fort","twitter_description":"Trotz renommierter Hochschulen, Innovationst\u00e4rke und steigender Wirtschaftsleistung verliert die Schweizer Industrie im Arbeitsmarkt an Bedeutung.","twitter_image":"https:\/\/www.organisator.ch\/wp-content\/uploads\/2018\/06\/Deindustrialisierung-setzt-sich-in-der-Schweiz-weiter-fort_Organisator.jpg","schema":{"@context":"https:\/\/schema.org","@graph":[{"@type":"Article","@id":"https:\/\/www.organisator.ch\/fr\/general\/2018-06-25\/deindustrialisierung-setzt-sich-in-der-schweiz-weiter-fort\/#article","isPartOf":{"@id":"https:\/\/www.organisator.ch\/fr\/general\/2018-06-25\/deindustrialisierung-setzt-sich-in-der-schweiz-weiter-fort\/"},"author":{"name":"thomas.berner","@id":"https:\/\/www.organisator.ch\/#\/schema\/person\/6f650f90b2842cd4c0cc334b4e36f67e"},"headline":"Deindustrialisierung setzt sich in der Schweiz weiter fort","datePublished":"2018-06-25T11:45:36+00:00","mainEntityOfPage":{"@id":"https:\/\/www.organisator.ch\/fr\/general\/2018-06-25\/deindustrialisierung-setzt-sich-in-der-schweiz-weiter-fort\/"},"wordCount":345,"commentCount":0,"publisher":{"@id":"https:\/\/www.organisator.ch\/#organization"},"image":{"@id":"https:\/\/www.organisator.ch\/fr\/general\/2018-06-25\/deindustrialisierung-setzt-sich-in-der-schweiz-weiter-fort\/#primaryimage"},"thumbnailUrl":"https:\/\/www.organisator.ch\/wp-content\/uploads\/2018\/06\/Deindustrialisierung-setzt-sich-in-der-Schweiz-weiter-fort_Organisator.jpg","keywords":["Industrie","Statistik","Vermischtes","Wirtschaftspolitik"],"inLanguage":"de"},{"@type":"WebPage","@id":"https:\/\/www.organisator.ch\/fr\/general\/2018-06-25\/deindustrialisierung-setzt-sich-in-der-schweiz-weiter-fort\/","url":"https:\/\/www.organisator.ch\/fr\/general\/2018-06-25\/deindustrialisierung-setzt-sich-in-der-schweiz-weiter-fort\/","name":"Deindustrialisierung setzt sich in der Schweiz weiter fort - Organisator","isPartOf":{"@id":"https:\/\/www.organisator.ch\/#website"},"primaryImageOfPage":{"@id":"https:\/\/www.organisator.ch\/fr\/general\/2018-06-25\/deindustrialisierung-setzt-sich-in-der-schweiz-weiter-fort\/#primaryimage"},"image":{"@id":"https:\/\/www.organisator.ch\/fr\/general\/2018-06-25\/deindustrialisierung-setzt-sich-in-der-schweiz-weiter-fort\/#primaryimage"},"thumbnailUrl":"https:\/\/www.organisator.ch\/wp-content\/uploads\/2018\/06\/Deindustrialisierung-setzt-sich-in-der-Schweiz-weiter-fort_Organisator.jpg","datePublished":"2018-06-25T11:45:36+00:00","description":"Trotz renommierter Hochschulen, Innovationst\u00e4rke und steigender Wirtschaftsleistung verliert die Schweizer Industrie im Arbeitsmarkt an Bedeutung.","breadcrumb":{"@id":"https:\/\/www.organisator.ch\/fr\/general\/2018-06-25\/deindustrialisierung-setzt-sich-in-der-schweiz-weiter-fort\/#breadcrumb"},"inLanguage":"de","potentialAction":[{"@type":"ReadAction","target":["https:\/\/www.organisator.ch\/fr\/general\/2018-06-25\/deindustrialisierung-setzt-sich-in-der-schweiz-weiter-fort\/"]}]},{"@type":"ImageObject","inLanguage":"de","@id":"https:\/\/www.organisator.ch\/fr\/general\/2018-06-25\/deindustrialisierung-setzt-sich-in-der-schweiz-weiter-fort\/#primaryimage","url":"https:\/\/www.organisator.ch\/wp-content\/uploads\/2018\/06\/Deindustrialisierung-setzt-sich-in-der-Schweiz-weiter-fort_Organisator.jpg","contentUrl":"https:\/\/www.organisator.ch\/wp-content\/uploads\/2018\/06\/Deindustrialisierung-setzt-sich-in-der-Schweiz-weiter-fort_Organisator.jpg","width":620,"height":414,"caption":"Die Nachfrage nach Ingenieuren steigt weiterhin, wie der Swiss Engineering Index\u00a9 zeigt. Die Verschiebung vom Industrie- zum Dienstleistungssektor (also die Deindustrialisierung) setzt sich fort. (Grafik: Swiss Engineering STV)"},{"@type":"BreadcrumbList","@id":"https:\/\/www.organisator.ch\/fr\/general\/2018-06-25\/deindustrialisierung-setzt-sich-in-der-schweiz-weiter-fort\/#breadcrumb","itemListElement":[{"@type":"ListItem","position":1,"name":"Home","item":"https:\/\/www.organisator.ch\/"},{"@type":"ListItem","position":2,"name":"Deindustrialisierung setzt sich in der Schweiz weiter fort"}]},{"@type":"WebSite","@id":"https:\/\/www.organisator.ch\/#website","url":"https:\/\/www.organisator.ch\/","name":"Organisator","description":"Kompetent. Praxisnah. Der ORGANISATOR bereitet in 10 Ausgaben pro Jahr die wesentlichen Themen f\u00fcr F\u00fchrungskr\u00e4fte von KMU auf.","publisher":{"@id":"https:\/\/www.organisator.ch\/#organization"},"potentialAction":[{"@type":"SearchAction","target":{"@type":"EntryPoint","urlTemplate":"https:\/\/www.organisator.ch\/?s={search_term_string}"},"query-input":{"@type":"PropertyValueSpecification","valueRequired":true,"valueName":"search_term_string"}}],"inLanguage":"de"},{"@type":"Organization","@id":"https:\/\/www.organisator.ch\/#organization","name":"Organisator","url":"https:\/\/www.organisator.ch\/","logo":{"@type":"ImageObject","inLanguage":"de","@id":"https:\/\/www.organisator.ch\/#\/schema\/logo\/image\/","url":"https:\/\/www.organisator.ch\/wp-content\/uploads\/2022\/01\/Logo_Organisator_Website.png","contentUrl":"https:\/\/www.organisator.ch\/wp-content\/uploads\/2022\/01\/Logo_Organisator_Website.png","width":800,"height":77,"caption":"Organisator"},"image":{"@id":"https:\/\/www.organisator.ch\/#\/schema\/logo\/image\/"},"sameAs":["https:\/\/www.facebook.com\/OrganisatorFachmagazin","https:\/\/www.linkedin.com\/showcase\/organisator-das-magazin-fr-kmu","https:\/\/www.xing.com\/news\/pages\/organisator-ch-695","https:\/\/www.youtube.com\/channel\/UCGP2Sq0iWaZwT3BdIAQFYpw"]},{"@type":"Person","@id":"https:\/\/www.organisator.ch\/#\/schema\/person\/6f650f90b2842cd4c0cc334b4e36f67e","name":"thomas.berner","image":{"@type":"ImageObject","inLanguage":"de","@id":"https:\/\/secure.gravatar.com\/avatar\/ac5001d2a36cb6c6cd3e50789007ffca834b477b74a2144564522e944eabff61?s=96&d=mm&r=g","url":"https:\/\/secure.gravatar.com\/avatar\/ac5001d2a36cb6c6cd3e50789007ffca834b477b74a2144564522e944eabff61?s=96&d=mm&r=g","contentUrl":"https:\/\/secure.gravatar.com\/avatar\/ac5001d2a36cb6c6cd3e50789007ffca834b477b74a2144564522e944eabff61?s=96&d=mm&r=g","caption":"thomas.berner"},"url":"https:\/\/www.organisator.ch\/de\/author\/thomas-berner\/"}]}},"_links":{"self":[{"href":"https:\/\/www.organisator.ch\/de\/wp-json\/wp\/v2\/posts\/3857","targetHints":{"allow":["GET"]}}],"collection":[{"href":"https:\/\/www.organisator.ch\/de\/wp-json\/wp\/v2\/posts"}],"about":[{"href":"https:\/\/www.organisator.ch\/de\/wp-json\/wp\/v2\/types\/post"}],"author":[{"embeddable":true,"href":"https:\/\/www.organisator.ch\/de\/wp-json\/wp\/v2\/users\/4"}],"replies":[{"embeddable":true,"href":"https:\/\/www.organisator.ch\/de\/wp-json\/wp\/v2\/comments?post=3857"}],"version-history":[{"count":0,"href":"https:\/\/www.organisator.ch\/de\/wp-json\/wp\/v2\/posts\/3857\/revisions"}],"wp:featuredmedia":[{"embeddable":true,"href":"https:\/\/www.organisator.ch\/de\/wp-json\/wp\/v2\/media\/3858"}],"wp:attachment":[{"href":"https:\/\/www.organisator.ch\/de\/wp-json\/wp\/v2\/media?parent=3857"}],"wp:term":[{"taxonomy":"category","embeddable":true,"href":"https:\/\/www.organisator.ch\/de\/wp-json\/wp\/v2\/categories?post=3857"},{"taxonomy":"post_tag","embeddable":true,"href":"https:\/\/www.organisator.ch\/de\/wp-json\/wp\/v2\/tags?post=3857"}],"curies":[{"name":"wp","href":"https:\/\/api.w.org\/{rel}","templated":true}]}}