{"id":38603,"date":"2025-05-27T16:06:41","date_gmt":"2025-05-27T14:06:41","guid":{"rendered":"https:\/\/www.markt-kom.com\/?p=235410"},"modified":"2025-05-27T16:52:59","modified_gmt":"2025-05-27T14:52:59","slug":"suva-und-bfu-lancieren-plattform-machs-richtig-ch","status":"publish","type":"post","link":"https:\/\/www.organisator.ch\/de\/operational-excellence\/2025-05-27\/suva-und-bfu-lancieren-plattform-machs-richtig-ch\/","title":{"rendered":"Suva und BFU lancieren Plattform \u00abmachs-richtig.ch\u00bb"},"content":{"rendered":"<p><img class=\"alignnone size-full wp-image-235411\" src=\"https:\/\/www.markt-kom.com\/wp-content\/uploads\/2025\/05\/Beitragsbild.png\" sizes=\"(max-width: 980px) 100vw, 980px\" srcset=\"https:\/\/www.markt-kom.com\/wp-content\/uploads\/2025\/05\/Beitragsbild.png 980w, https:\/\/www.markt-kom.com\/wp-content\/uploads\/2025\/05\/Beitragsbild-600x337.png 600w, https:\/\/www.markt-kom.com\/wp-content\/uploads\/2025\/05\/Beitragsbild-768x432.png 768w, https:\/\/www.markt-kom.com\/wp-content\/uploads\/2025\/05\/Beitragsbild-18x10.png 18w, https:\/\/www.markt-kom.com\/wp-content\/uploads\/2025\/05\/Beitragsbild-311x175.png 311w, https:\/\/www.markt-kom.com\/wp-content\/uploads\/2025\/05\/Beitragsbild-623x350.png 623w\" alt=\"\" width=\"980\" height=\"551\" \/><\/p>\r\n<p>Jedes Jahr verunfallen 60\u202f\u202f000 Personen beim Heimwerken und im Garten, wie die aktuelle BFU-Statistik der Nichtberufsunf\u00e4lle und des Sicherheitsniveaus in der Schweiz zeigt. Das sind 5000 mehr als noch vor zehn Jahren. Fast die H\u00e4lfte dieser Unf\u00e4lle sind St\u00fcrze.<\/p>\r\n<div>\r\n<p>Auswertungen der Sammelstelle f\u00fcr die Statistik der Unfallversicherung (SSUV) zeigen zudem, dass es beim Heimwerken meist zu oberfl\u00e4chlichen Verletzungen durch ein Werkzeug kommt oder dass ein Span oder Splitter ins Auge gelangt. Solche Unf\u00e4lle sind nicht nur schmerzhaft, sie verursachen auch jedes Jahr 474\u00a0Millionen Franken materielle Kosten wie Heilungskosten, Sachsch\u00e4den und Arbeits- sowie Produktionsausf\u00e4lle.<\/p>\r\n<\/div>\r\n<h3 id=\"anchor-EBBBD991-7346-408D-A841-E4E05DE61EAE\" class=\"h3 sch-h3\">Hektik und Unordnung erh\u00f6hen die Unfallgefahr<\/h3>\r\n<div>\r\n<p>Viele Unf\u00e4lle passieren, weil man nur noch schnell etwas erledigen will. Dabei greift man sich, was gerade herumliegt und steigt auf den Hocker im Raum, statt das richtige Werkzeug und eine standfeste Leiter zu holen. Die Gefahren werden im Eifer \u00fcbersehen und die passende Schutzausr\u00fcstung liegt auch nicht zur Hand. Ein weiterer Risikofaktor sind herumliegende Gegenst\u00e4nde wie Werkzeuge, Maschinen oder Material, das vor\u00fcbergehend deponiert wurde. Das sind Stolperfallen, die zu b\u00f6sen St\u00fcrzen f\u00fchren k\u00f6nnen \u2013 erst recht auf Treppen.<\/p>\r\n<\/div>\r\n<h3 id=\"anchor-41908D22-6F92-4D73-A4B1-87E3AEE1EC36\" class=\"h3 sch-h3\">Tipps auf machs-richtig.ch<\/h3>\r\n<div>\r\n<p>Die Zunahme der Unf\u00e4lle in Haus und Garten haben die Suva und die BFU dazu bewogen, die neue Wissensplattform\u00a0<a class=\"sux-text-link\" href=\"https:\/\/machs-richtig.ch\/\" rel=\"noopener\" data-analytics-event=\"cta_click\" data-analytics-type=\"link\" data-test-id=\"external\" data-analytics-title=\"machs-richtig.ch \">machs-richtig.ch\u00a0 <\/a>zu entwickeln. Hier finden Heimwerkerinnen und Hobbyg\u00e4rtner nicht nur praktische Ratschl\u00e4ge zum sicheren Umgang mit Werkzeugen und Maschinen. Sie erfahren auch, welche Schutzausr\u00fcstung n\u00f6tig ist, damit ihre Vorhaben sicher gelingen.<\/p>\r\n<p>Um Verletzungen zu vermeiden, helfen z. B. Schutzhandschuhe, eine Schutzbrille oder je nach T\u00e4tigkeit auch eine Schutzmaske und ein Helm. Auch das richtige Werkzeug und standfeste Leitern, wie zum Beispiel eine leichte Plattformleiter, senken das Unfallrisiko.<\/p>\r\n<p>Schweizer Fachm\u00e4rkte unterst\u00fctzen die Kampagne. Bei ihnen k\u00f6nnen pers\u00f6nliche Schutzausr\u00fcstung wie Handschuhe, Schutzbrillen, Sicherheitsschuhe oder sichere Werkzeuge und Hilfsmittel gekauft werden. Auf machs-richtig.ch gibt es die wichtigsten Tipps dazu.<\/p>\r\n<\/div>","protected":false},"excerpt":{"rendered":"<p>Die Zahl der Unf\u00e4lle in \u00abHaus und Garten\u00bb ist in den letzten Jahren gestiegen, deshalb haben Suva und BFU die Plattform \u00abmachs-richtig.ch\u00bb entwickelt. Hier erhalten Heimwerker und Hobbyg\u00e4rtnerinnen praktische Tipps, wie sie sich vor Unf\u00e4llen sch\u00fctzen k\u00f6nnen.<\/p>\n","protected":false},"author":8,"featured_media":0,"comment_status":"closed","ping_status":"closed","sticky":false,"template":"","format":"standard","meta":{"_acf_changed":false,"_yoast_wpseo_focuskw":"Suva und BFU","_yoast_wpseo_metadesc":"In Haus und Garten verunfallen immer mehr Menschen, deshalb haben Suva und BFU die Plattform \u00abmachs-richtig.ch\u00bb entwickelt.","articlekey":"","footnotes":""},"categories":[582],"tags":[53,3098,4343,463,3617],"class_list":["post-38603","post","type-post","status-publish","format-standard","hentry","category-operational-excellence","tag-arbeitssicherheit","tag-bfu","tag-markom","tag-suva","tag-unfallpraevention"],"acf":[],"yoast_head":"<!-- This site is optimized with the Yoast SEO plugin v27.5 - https:\/\/yoast.com\/product\/yoast-seo-wordpress\/ -->\n<title>Suva und BFU lancieren Plattform \u00abmachs-richtig.ch\u00bb - Organisator<\/title>\n<meta name=\"description\" content=\"In Haus und Garten verunfallen immer mehr Menschen, deshalb haben Suva und BFU die Plattform \u00abmachs-richtig.ch\u00bb entwickelt.\" \/>\n<meta name=\"robots\" content=\"index, follow, max-snippet:-1, max-image-preview:large, max-video-preview:-1\" \/>\n<link rel=\"canonical\" href=\"https:\/\/www.organisator.ch\/de\/operational-excellence\/2025-05-27\/suva-und-bfu-lancieren-plattform-machs-richtig-ch\/\" \/>\n<meta property=\"og:locale\" content=\"de_DE\" \/>\n<meta property=\"og:type\" content=\"article\" \/>\n<meta property=\"og:title\" content=\"Suva und BFU lancieren Plattform \u00abmachs-richtig.ch\u00bb - Organisator\" \/>\n<meta property=\"og:description\" content=\"In Haus und Garten verunfallen immer mehr Menschen, deshalb haben Suva und BFU die Plattform \u00abmachs-richtig.ch\u00bb entwickelt.\" \/>\n<meta property=\"og:url\" content=\"https:\/\/www.organisator.ch\/de\/operational-excellence\/2025-05-27\/suva-und-bfu-lancieren-plattform-machs-richtig-ch\/\" \/>\n<meta property=\"og:site_name\" content=\"Organisator\" \/>\n<meta property=\"article:publisher\" content=\"https:\/\/www.facebook.com\/OrganisatorFachmagazin\" \/>\n<meta property=\"article:published_time\" content=\"2025-05-27T14:06:41+00:00\" \/>\n<meta property=\"article:modified_time\" content=\"2025-05-27T14:52:59+00:00\" \/>\n<meta name=\"author\" content=\"galledia\" \/>\n<meta name=\"twitter:card\" content=\"summary_large_image\" \/>\n<meta name=\"twitter:creator\" content=\"@admin\" \/>\n<script type=\"application\/ld+json\" class=\"yoast-schema-graph\">{\"@context\":\"https:\\\/\\\/schema.org\",\"@graph\":[{\"@type\":\"Article\",\"@id\":\"https:\\\/\\\/www.organisator.ch\\\/operational-excellence\\\/2025-05-27\\\/suva-und-bfu-lancieren-plattform-machs-richtig-ch\\\/#article\",\"isPartOf\":{\"@id\":\"https:\\\/\\\/www.organisator.ch\\\/operational-excellence\\\/2025-05-27\\\/suva-und-bfu-lancieren-plattform-machs-richtig-ch\\\/\"},\"author\":{\"name\":\"galledia\",\"@id\":\"https:\\\/\\\/www.organisator.ch\\\/#\\\/schema\\\/person\\\/4e51799071cd2dd1232ac003643ef5f0\"},\"headline\":\"Suva und BFU lancieren Plattform \u00abmachs-richtig.ch\u00bb\",\"datePublished\":\"2025-05-27T14:06:41+00:00\",\"dateModified\":\"2025-05-27T14:52:59+00:00\",\"mainEntityOfPage\":{\"@id\":\"https:\\\/\\\/www.organisator.ch\\\/operational-excellence\\\/2025-05-27\\\/suva-und-bfu-lancieren-plattform-machs-richtig-ch\\\/\"},\"wordCount\":332,\"publisher\":{\"@id\":\"https:\\\/\\\/www.organisator.ch\\\/#organization\"},\"image\":{\"@id\":\"https:\\\/\\\/www.organisator.ch\\\/operational-excellence\\\/2025-05-27\\\/suva-und-bfu-lancieren-plattform-machs-richtig-ch\\\/#primaryimage\"},\"thumbnailUrl\":\"https:\\\/\\\/www.markt-kom.com\\\/wp-content\\\/uploads\\\/2025\\\/05\\\/Beitragsbild.png\",\"keywords\":[\"Arbeitssicherheit\",\"BFU\",\"MarKom\",\"SUVA\",\"Unfallpr\u00e4vention\"],\"articleSection\":[\"OPERATIONAL EXCELLENCE\"],\"inLanguage\":\"de\"},{\"@type\":\"WebPage\",\"@id\":\"https:\\\/\\\/www.organisator.ch\\\/operational-excellence\\\/2025-05-27\\\/suva-und-bfu-lancieren-plattform-machs-richtig-ch\\\/\",\"url\":\"https:\\\/\\\/www.organisator.ch\\\/operational-excellence\\\/2025-05-27\\\/suva-und-bfu-lancieren-plattform-machs-richtig-ch\\\/\",\"name\":\"Suva und BFU lancieren Plattform \u00abmachs-richtig.ch\u00bb - Organisator\",\"isPartOf\":{\"@id\":\"https:\\\/\\\/www.organisator.ch\\\/#website\"},\"primaryImageOfPage\":{\"@id\":\"https:\\\/\\\/www.organisator.ch\\\/operational-excellence\\\/2025-05-27\\\/suva-und-bfu-lancieren-plattform-machs-richtig-ch\\\/#primaryimage\"},\"image\":{\"@id\":\"https:\\\/\\\/www.organisator.ch\\\/operational-excellence\\\/2025-05-27\\\/suva-und-bfu-lancieren-plattform-machs-richtig-ch\\\/#primaryimage\"},\"thumbnailUrl\":\"https:\\\/\\\/www.markt-kom.com\\\/wp-content\\\/uploads\\\/2025\\\/05\\\/Beitragsbild.png\",\"datePublished\":\"2025-05-27T14:06:41+00:00\",\"dateModified\":\"2025-05-27T14:52:59+00:00\",\"description\":\"In Haus und Garten verunfallen immer mehr Menschen, deshalb haben Suva und BFU die Plattform \u00abmachs-richtig.ch\u00bb entwickelt.\",\"breadcrumb\":{\"@id\":\"https:\\\/\\\/www.organisator.ch\\\/operational-excellence\\\/2025-05-27\\\/suva-und-bfu-lancieren-plattform-machs-richtig-ch\\\/#breadcrumb\"},\"inLanguage\":\"de\",\"potentialAction\":[{\"@type\":\"ReadAction\",\"target\":[\"https:\\\/\\\/www.organisator.ch\\\/operational-excellence\\\/2025-05-27\\\/suva-und-bfu-lancieren-plattform-machs-richtig-ch\\\/\"]}]},{\"@type\":\"ImageObject\",\"inLanguage\":\"de\",\"@id\":\"https:\\\/\\\/www.organisator.ch\\\/operational-excellence\\\/2025-05-27\\\/suva-und-bfu-lancieren-plattform-machs-richtig-ch\\\/#primaryimage\",\"url\":\"https:\\\/\\\/www.markt-kom.com\\\/wp-content\\\/uploads\\\/2025\\\/05\\\/Beitragsbild.png\",\"contentUrl\":\"https:\\\/\\\/www.markt-kom.com\\\/wp-content\\\/uploads\\\/2025\\\/05\\\/Beitragsbild.png\"},{\"@type\":\"BreadcrumbList\",\"@id\":\"https:\\\/\\\/www.organisator.ch\\\/operational-excellence\\\/2025-05-27\\\/suva-und-bfu-lancieren-plattform-machs-richtig-ch\\\/#breadcrumb\",\"itemListElement\":[{\"@type\":\"ListItem\",\"position\":1,\"name\":\"Home\",\"item\":\"https:\\\/\\\/www.organisator.ch\\\/\"},{\"@type\":\"ListItem\",\"position\":2,\"name\":\"Suva und BFU lancieren Plattform \u00abmachs-richtig.ch\u00bb\"}]},{\"@type\":\"WebSite\",\"@id\":\"https:\\\/\\\/www.organisator.ch\\\/#website\",\"url\":\"https:\\\/\\\/www.organisator.ch\\\/\",\"name\":\"Organisator\",\"description\":\"Kompetent. Praxisnah. Der ORGANISATOR bereitet in 10 Ausgaben pro Jahr die wesentlichen Themen f\u00fcr F\u00fchrungskr\u00e4fte von KMU auf.\",\"publisher\":{\"@id\":\"https:\\\/\\\/www.organisator.ch\\\/#organization\"},\"potentialAction\":[{\"@type\":\"SearchAction\",\"target\":{\"@type\":\"EntryPoint\",\"urlTemplate\":\"https:\\\/\\\/www.organisator.ch\\\/?s={search_term_string}\"},\"query-input\":{\"@type\":\"PropertyValueSpecification\",\"valueRequired\":true,\"valueName\":\"search_term_string\"}}],\"inLanguage\":\"de\"},{\"@type\":\"Organization\",\"@id\":\"https:\\\/\\\/www.organisator.ch\\\/#organization\",\"name\":\"Organisator\",\"url\":\"https:\\\/\\\/www.organisator.ch\\\/\",\"logo\":{\"@type\":\"ImageObject\",\"inLanguage\":\"de\",\"@id\":\"https:\\\/\\\/www.organisator.ch\\\/#\\\/schema\\\/logo\\\/image\\\/\",\"url\":\"https:\\\/\\\/www.organisator.ch\\\/wp-content\\\/uploads\\\/2022\\\/01\\\/Logo_Organisator_Website.png\",\"contentUrl\":\"https:\\\/\\\/www.organisator.ch\\\/wp-content\\\/uploads\\\/2022\\\/01\\\/Logo_Organisator_Website.png\",\"width\":800,\"height\":77,\"caption\":\"Organisator\"},\"image\":{\"@id\":\"https:\\\/\\\/www.organisator.ch\\\/#\\\/schema\\\/logo\\\/image\\\/\"},\"sameAs\":[\"https:\\\/\\\/www.facebook.com\\\/OrganisatorFachmagazin\",\"https:\\\/\\\/www.linkedin.com\\\/showcase\\\/organisator-das-magazin-fr-kmu\",\"https:\\\/\\\/www.xing.com\\\/news\\\/pages\\\/organisator-ch-695\",\"https:\\\/\\\/www.youtube.com\\\/channel\\\/UCGP2Sq0iWaZwT3BdIAQFYpw\"]},{\"@type\":\"Person\",\"@id\":\"https:\\\/\\\/www.organisator.ch\\\/#\\\/schema\\\/person\\\/4e51799071cd2dd1232ac003643ef5f0\",\"name\":\"galledia\",\"image\":{\"@type\":\"ImageObject\",\"inLanguage\":\"de\",\"@id\":\"https:\\\/\\\/secure.gravatar.com\\\/avatar\\\/78a7f90c01fc2bfc875782a0d4922b37cde2cf184ce347b91316d23cd7f69a36?s=96&d=mm&r=g\",\"url\":\"https:\\\/\\\/secure.gravatar.com\\\/avatar\\\/78a7f90c01fc2bfc875782a0d4922b37cde2cf184ce347b91316d23cd7f69a36?s=96&d=mm&r=g\",\"contentUrl\":\"https:\\\/\\\/secure.gravatar.com\\\/avatar\\\/78a7f90c01fc2bfc875782a0d4922b37cde2cf184ce347b91316d23cd7f69a36?s=96&d=mm&r=g\",\"caption\":\"galledia\"},\"sameAs\":[\"https:\\\/\\\/x.com\\\/admin\"],\"url\":\"https:\\\/\\\/www.organisator.ch\\\/de\\\/author\\\/galledia\\\/\"}]}<\/script>\n<!-- \/ Yoast SEO plugin. -->","yoast_head_json":{"title":"Suva und BFU lancieren Plattform \u00abmachs-richtig.ch\u00bb - Organisator","description":"In Haus und Garten verunfallen immer mehr Menschen, deshalb haben Suva und BFU die Plattform \u00abmachs-richtig.ch\u00bb entwickelt.","robots":{"index":"index","follow":"follow","max-snippet":"max-snippet:-1","max-image-preview":"max-image-preview:large","max-video-preview":"max-video-preview:-1"},"canonical":"https:\/\/www.organisator.ch\/de\/operational-excellence\/2025-05-27\/suva-und-bfu-lancieren-plattform-machs-richtig-ch\/","og_locale":"de_DE","og_type":"article","og_title":"Suva und BFU lancieren Plattform \u00abmachs-richtig.ch\u00bb - Organisator","og_description":"In Haus und Garten verunfallen immer mehr Menschen, deshalb haben Suva und BFU die Plattform \u00abmachs-richtig.ch\u00bb entwickelt.","og_url":"https:\/\/www.organisator.ch\/de\/operational-excellence\/2025-05-27\/suva-und-bfu-lancieren-plattform-machs-richtig-ch\/","og_site_name":"Organisator","article_publisher":"https:\/\/www.facebook.com\/OrganisatorFachmagazin","article_published_time":"2025-05-27T14:06:41+00:00","article_modified_time":"2025-05-27T14:52:59+00:00","author":"galledia","twitter_card":"summary_large_image","twitter_creator":"@admin","schema":{"@context":"https:\/\/schema.org","@graph":[{"@type":"Article","@id":"https:\/\/www.organisator.ch\/operational-excellence\/2025-05-27\/suva-und-bfu-lancieren-plattform-machs-richtig-ch\/#article","isPartOf":{"@id":"https:\/\/www.organisator.ch\/operational-excellence\/2025-05-27\/suva-und-bfu-lancieren-plattform-machs-richtig-ch\/"},"author":{"name":"galledia","@id":"https:\/\/www.organisator.ch\/#\/schema\/person\/4e51799071cd2dd1232ac003643ef5f0"},"headline":"Suva und BFU lancieren Plattform \u00abmachs-richtig.ch\u00bb","datePublished":"2025-05-27T14:06:41+00:00","dateModified":"2025-05-27T14:52:59+00:00","mainEntityOfPage":{"@id":"https:\/\/www.organisator.ch\/operational-excellence\/2025-05-27\/suva-und-bfu-lancieren-plattform-machs-richtig-ch\/"},"wordCount":332,"publisher":{"@id":"https:\/\/www.organisator.ch\/#organization"},"image":{"@id":"https:\/\/www.organisator.ch\/operational-excellence\/2025-05-27\/suva-und-bfu-lancieren-plattform-machs-richtig-ch\/#primaryimage"},"thumbnailUrl":"https:\/\/www.markt-kom.com\/wp-content\/uploads\/2025\/05\/Beitragsbild.png","keywords":["Arbeitssicherheit","BFU","MarKom","SUVA","Unfallpr\u00e4vention"],"articleSection":["OPERATIONAL EXCELLENCE"],"inLanguage":"de"},{"@type":"WebPage","@id":"https:\/\/www.organisator.ch\/operational-excellence\/2025-05-27\/suva-und-bfu-lancieren-plattform-machs-richtig-ch\/","url":"https:\/\/www.organisator.ch\/operational-excellence\/2025-05-27\/suva-und-bfu-lancieren-plattform-machs-richtig-ch\/","name":"Suva und BFU lancieren Plattform \u00abmachs-richtig.ch\u00bb - Organisator","isPartOf":{"@id":"https:\/\/www.organisator.ch\/#website"},"primaryImageOfPage":{"@id":"https:\/\/www.organisator.ch\/operational-excellence\/2025-05-27\/suva-und-bfu-lancieren-plattform-machs-richtig-ch\/#primaryimage"},"image":{"@id":"https:\/\/www.organisator.ch\/operational-excellence\/2025-05-27\/suva-und-bfu-lancieren-plattform-machs-richtig-ch\/#primaryimage"},"thumbnailUrl":"https:\/\/www.markt-kom.com\/wp-content\/uploads\/2025\/05\/Beitragsbild.png","datePublished":"2025-05-27T14:06:41+00:00","dateModified":"2025-05-27T14:52:59+00:00","description":"In Haus und Garten verunfallen immer mehr Menschen, deshalb haben Suva und BFU die Plattform \u00abmachs-richtig.ch\u00bb entwickelt.","breadcrumb":{"@id":"https:\/\/www.organisator.ch\/operational-excellence\/2025-05-27\/suva-und-bfu-lancieren-plattform-machs-richtig-ch\/#breadcrumb"},"inLanguage":"de","potentialAction":[{"@type":"ReadAction","target":["https:\/\/www.organisator.ch\/operational-excellence\/2025-05-27\/suva-und-bfu-lancieren-plattform-machs-richtig-ch\/"]}]},{"@type":"ImageObject","inLanguage":"de","@id":"https:\/\/www.organisator.ch\/operational-excellence\/2025-05-27\/suva-und-bfu-lancieren-plattform-machs-richtig-ch\/#primaryimage","url":"https:\/\/www.markt-kom.com\/wp-content\/uploads\/2025\/05\/Beitragsbild.png","contentUrl":"https:\/\/www.markt-kom.com\/wp-content\/uploads\/2025\/05\/Beitragsbild.png"},{"@type":"BreadcrumbList","@id":"https:\/\/www.organisator.ch\/operational-excellence\/2025-05-27\/suva-und-bfu-lancieren-plattform-machs-richtig-ch\/#breadcrumb","itemListElement":[{"@type":"ListItem","position":1,"name":"Home","item":"https:\/\/www.organisator.ch\/"},{"@type":"ListItem","position":2,"name":"Suva und BFU lancieren Plattform \u00abmachs-richtig.ch\u00bb"}]},{"@type":"WebSite","@id":"https:\/\/www.organisator.ch\/#website","url":"https:\/\/www.organisator.ch\/","name":"Organisator","description":"Kompetent. Praxisnah. Der ORGANISATOR bereitet in 10 Ausgaben pro Jahr die wesentlichen Themen f\u00fcr F\u00fchrungskr\u00e4fte von KMU auf.","publisher":{"@id":"https:\/\/www.organisator.ch\/#organization"},"potentialAction":[{"@type":"SearchAction","target":{"@type":"EntryPoint","urlTemplate":"https:\/\/www.organisator.ch\/?s={search_term_string}"},"query-input":{"@type":"PropertyValueSpecification","valueRequired":true,"valueName":"search_term_string"}}],"inLanguage":"de"},{"@type":"Organization","@id":"https:\/\/www.organisator.ch\/#organization","name":"Organisator","url":"https:\/\/www.organisator.ch\/","logo":{"@type":"ImageObject","inLanguage":"de","@id":"https:\/\/www.organisator.ch\/#\/schema\/logo\/image\/","url":"https:\/\/www.organisator.ch\/wp-content\/uploads\/2022\/01\/Logo_Organisator_Website.png","contentUrl":"https:\/\/www.organisator.ch\/wp-content\/uploads\/2022\/01\/Logo_Organisator_Website.png","width":800,"height":77,"caption":"Organisator"},"image":{"@id":"https:\/\/www.organisator.ch\/#\/schema\/logo\/image\/"},"sameAs":["https:\/\/www.facebook.com\/OrganisatorFachmagazin","https:\/\/www.linkedin.com\/showcase\/organisator-das-magazin-fr-kmu","https:\/\/www.xing.com\/news\/pages\/organisator-ch-695","https:\/\/www.youtube.com\/channel\/UCGP2Sq0iWaZwT3BdIAQFYpw"]},{"@type":"Person","@id":"https:\/\/www.organisator.ch\/#\/schema\/person\/4e51799071cd2dd1232ac003643ef5f0","name":"galledia","image":{"@type":"ImageObject","inLanguage":"de","@id":"https:\/\/secure.gravatar.com\/avatar\/78a7f90c01fc2bfc875782a0d4922b37cde2cf184ce347b91316d23cd7f69a36?s=96&d=mm&r=g","url":"https:\/\/secure.gravatar.com\/avatar\/78a7f90c01fc2bfc875782a0d4922b37cde2cf184ce347b91316d23cd7f69a36?s=96&d=mm&r=g","contentUrl":"https:\/\/secure.gravatar.com\/avatar\/78a7f90c01fc2bfc875782a0d4922b37cde2cf184ce347b91316d23cd7f69a36?s=96&d=mm&r=g","caption":"galledia"},"sameAs":["https:\/\/x.com\/admin"],"url":"https:\/\/www.organisator.ch\/de\/author\/galledia\/"}]}},"_links":{"self":[{"href":"https:\/\/www.organisator.ch\/de\/wp-json\/wp\/v2\/posts\/38603","targetHints":{"allow":["GET"]}}],"collection":[{"href":"https:\/\/www.organisator.ch\/de\/wp-json\/wp\/v2\/posts"}],"about":[{"href":"https:\/\/www.organisator.ch\/de\/wp-json\/wp\/v2\/types\/post"}],"author":[{"embeddable":true,"href":"https:\/\/www.organisator.ch\/de\/wp-json\/wp\/v2\/users\/8"}],"replies":[{"embeddable":true,"href":"https:\/\/www.organisator.ch\/de\/wp-json\/wp\/v2\/comments?post=38603"}],"version-history":[{"count":5,"href":"https:\/\/www.organisator.ch\/de\/wp-json\/wp\/v2\/posts\/38603\/revisions"}],"predecessor-version":[{"id":38606,"href":"https:\/\/www.organisator.ch\/de\/wp-json\/wp\/v2\/posts\/38603\/revisions\/38606"}],"wp:attachment":[{"href":"https:\/\/www.organisator.ch\/de\/wp-json\/wp\/v2\/media?parent=38603"}],"wp:term":[{"taxonomy":"category","embeddable":true,"href":"https:\/\/www.organisator.ch\/de\/wp-json\/wp\/v2\/categories?post=38603"},{"taxonomy":"post_tag","embeddable":true,"href":"https:\/\/www.organisator.ch\/de\/wp-json\/wp\/v2\/tags?post=38603"}],"curies":[{"name":"wp","href":"https:\/\/api.w.org\/{rel}","templated":true}]}}