{"id":38657,"date":"2025-06-04T05:17:54","date_gmt":"2025-06-04T03:17:54","guid":{"rendered":"https:\/\/www.organisator.ch\/?p=38657"},"modified":"2025-07-03T08:12:17","modified_gmt":"2025-07-03T06:12:17","slug":"pessimistische-schweizer-kmu","status":"publish","type":"post","link":"https:\/\/www.organisator.ch\/de\/management\/2025-06-04\/pessimistische-schweizer-kmu\/","title":{"rendered":"Pessimistische Schweizer KMU"},"content":{"rendered":"<figure id=\"attachment_38658\" aria-describedby=\"caption-attachment-38658\" style=\"width: 680px\" class=\"wp-caption alignnone\"><img loading=\"lazy\" decoding=\"async\" class=\"size-full wp-image-38658\" src=\"https:\/\/www.organisator.ch\/wp-content\/uploads\/2025\/06\/Pessimistische-Schweizer-KMU-1_Organisator.jpg\" alt=\"\" width=\"680\" height=\"454\" srcset=\"https:\/\/www.organisator.ch\/wp-content\/uploads\/2025\/06\/Pessimistische-Schweizer-KMU-1_Organisator.jpg 680w, https:\/\/www.organisator.ch\/wp-content\/uploads\/2025\/06\/Pessimistische-Schweizer-KMU-1_Organisator-18x12.jpg 18w, https:\/\/www.organisator.ch\/wp-content\/uploads\/2025\/06\/Pessimistische-Schweizer-KMU-1_Organisator-375x250.jpg 375w, https:\/\/www.organisator.ch\/wp-content\/uploads\/2025\/06\/Pessimistische-Schweizer-KMU-1_Organisator-524x350.jpg 524w\" sizes=\"auto, (max-width: 680px) 100vw, 680px\" \/><figcaption id=\"caption-attachment-38658\" class=\"wp-caption-text\">Halbvoll oder halb leer? Schweizer KMU sind derzeit pessimistisch. (Bild: olly18 \/ Depositphotos.com)<\/figcaption><\/figure>\n<p>Zum f\u00fcnften Mal haben die NZZ und die Kalaidos Fachhochschule im Vorfeld des Swiss Economic Forum (SEF) mit dem NZZ-KMU-Barometer die Stimmung in der Schweizer Wirtschaft gemessen. Die Umfrage gibt Aufschluss \u00fcber die Sorgen und Perspektiven der Schweizer Wirtschaft, insbesondere der kleinen und mittleren Unternehmen (KMU). 519 Personen haben an der im April durchgef\u00fchrten Umfrage teilgenommen, wobei die allermeisten der Befragten in der Gesch\u00e4ftsleitung, im Verwaltungsrat oder im oberen Kader ihres Unternehmens t\u00e4tig sind.<\/p>\n<h3>KMU so pessimistisch wie schon lange nicht mehr<\/h3>\n<p>Der Gesamtindex erreicht mit -6.3 Indexpunkten den tiefsten Wert seit Beginn der Erhebung. Gegen\u00fcber dem Vorjahreswert geht er um 7.9 Indexpunkte zur\u00fcck. Einige Indikatoren wie die eigene Wettbewerbsf\u00e4higkeit sowie das Potenzial f\u00fcr nachhaltiges Wirtschaften werden zwar weiterhin positiv bewertet, doch auch hier zeigt sich ein r\u00fcckl\u00e4ufiger Trend. Besonders die Wirtschaftspolitik der USA unter Donald Trump wirkt sich negativ auf die Zukunftserwartungen aus. \u00abDer Zollkrieg und die wirtschaftspolitischen Massnahmen der neuen US-Regierung beunruhigen die Schweizer KMU stark. Sie erwarten steigende Preise und erschwerte Bedingungen im Gesch\u00e4ft mit Amerika, sehen aber noch wenig M\u00f6glichkeiten, sich davor zu sch\u00fctzen\u00bb, kommentiert Peter A. Fischer, Chef\u00f6konom der NZZ.<\/p>\n<figure id=\"attachment_38659\" aria-describedby=\"caption-attachment-38659\" style=\"width: 680px\" class=\"wp-caption alignnone\"><img loading=\"lazy\" decoding=\"async\" class=\"size-full wp-image-38659\" src=\"https:\/\/www.organisator.ch\/wp-content\/uploads\/2025\/06\/Pessimistische-Schweizer-KMU-2_Organisator.jpg\" alt=\"\" width=\"680\" height=\"561\" srcset=\"https:\/\/www.organisator.ch\/wp-content\/uploads\/2025\/06\/Pessimistische-Schweizer-KMU-2_Organisator.jpg 680w, https:\/\/www.organisator.ch\/wp-content\/uploads\/2025\/06\/Pessimistische-Schweizer-KMU-2_Organisator-15x12.jpg 15w, https:\/\/www.organisator.ch\/wp-content\/uploads\/2025\/06\/Pessimistische-Schweizer-KMU-2_Organisator-364x300.jpg 364w, https:\/\/www.organisator.ch\/wp-content\/uploads\/2025\/06\/Pessimistische-Schweizer-KMU-2_Organisator-424x350.jpg 424w\" sizes=\"auto, (max-width: 680px) 100vw, 680px\" \/><figcaption id=\"caption-attachment-38659\" class=\"wp-caption-text\">NZZ-KMU-Barometer: Gesamtindex niedriger als in Vorjahren, positive Einsch\u00e4tzung der eigenen St\u00e4rke. (Grafik: NZZ)<\/figcaption><\/figure>\n<h3>Produktionsstandort Europa: Bedeutung nimmt zu<\/h3>\n<p>Infolge der ver\u00e4nderten geopolitischen Rahmenbedingungen sagen 46 Prozent der Befragten eine wachsende Bedeutung Europas als Produktionsstandort voraus. 20.4 Prozent der exportorientierten Firmen geben an, wegen der herrschenden Unsicherheit Investitionen zur\u00fcckgestellt zu haben, nur 5.5 Prozent wollen Investitionen beschleunigen. Die Pr\u00e4sidentschaft von Donald Trump und die geopolitischen Unsicherheiten r\u00fccken zudem weitere Themen in den Vordergrund. 88 Prozent der Befragten sprechen sich f\u00fcr eine Erh\u00f6hung der Milit\u00e4rinvestitionen in Europa aus. Ebenfalls 88 Prozent erachten aufgrund der aktuellen Entwicklungen zus\u00e4tzliche IT-Sicherheitsmassnahmen als notwendig.<\/p>\n<h3>KMU im Banne von KI<\/h3>\n<p>Unter den Fokusthemen bleibt k\u00fcnstliche Intelligenz an erster Stelle \u2013 25 Prozent der Befragten nennen es als das Thema, das sie in den kommenden drei Jahren besonders besch\u00e4ftigen wird. Es folgen der Fachkr\u00e4ftemangel mit 17 Prozent sowie die fortschreitende Digitalisierung mit 16 Prozent. Unter den Fokusthemen bleibt k\u00fcnstliche Intelligenz an erster Stelle \u2013 25 Prozent der Befragten nennen es als das Thema, das sie in den kommenden drei Jahren besonders besch\u00e4ftigen wird. Es folgen der Fachkr\u00e4ftemangel mit 17 Prozent sowie die fortschreitende Digitalisierung mit 16 Prozent.<\/p>\n<p><em>Quelle: <a href=\"https:\/\/unternehmen.nzz.ch\/\">unternehmen.nzz.ch<\/a><\/em><\/p>\n<blockquote>\n<h3>\u00a0<\/h3>\n<h3>Konjunkturprognose nach unten korrigiert<\/h3>\n<p>Gem\u00e4ss dem Wirtschafts-Dachverband Economiesuisse k\u00fchlt sich das Wirtschaftswachstum in der Schweiz etwas ab. Die verunsicherte Weltwirtschaft wird im Laufe des Jahres deutlich an Momentum verlieren, so die Prognose. Besonders ausgepr\u00e4gt sei die Nachfrageschw\u00e4che im Investitionsg\u00fcterbereich, treffe aber auch die Konsumg\u00fcterindustrie der Schweizer Exportwirtschaft. Einzig die Dienstleistungsexporte seien weniger betroffen. Als Hauptursache gesehen werden die von US-Pr\u00e4sident Donald Trump ausgel\u00f6sten Handelsstreitigkeiten. Weil davon auszugehen ist, dass diese anhalten, ist auch der Ausblick f\u00fcr 2026 verhalten. Die Schweizer Binnenwirtschaft w\u00e4chst demgegen\u00fcber solide. Economiesuisse sch\u00e4tzt, dass das reale Schweizer Bruttoinlandprodukt (BIP) 2025 insgesamt um 1.1 Prozent steigt. Das Wachstum wird auch 2026 mit 1.4 Prozent unter Potenzial ausfallen. Die Besch\u00e4ftigungssituation verschlechtert sich leicht und die Arbeitslosenquote steigt auf 3.0 Prozent (2025) bzw. 3.1 Prozent (2026). Die Inflation bewegt sich in diesem und im n\u00e4chsten Jahr im Durchschnitt auf 0.3 Prozent (2025) bzw. 0.8 Prozent (2026). Die kurzfristigen Zinsen sinken auf Null.<\/p>\n<p><em>Quelle: <a href=\"http:\/\/www.economiesuisse.ch\">economiesuisse<\/a><\/em><\/p>\n<\/blockquote>\n","protected":false},"excerpt":{"rendered":"<p>Der Gesamtindex des seit 2021 j\u00e4hrlich erhobenen NZZ-KMU-Barometers f\u00e4llt 2025 so pessimistisch aus wie noch nie. Vor allem die internationalen Spannungen infolge der aktuellen Wirtschaftspolitik der USA stellen f\u00fcr die KMU eine Belastung dar. Gleichzeitig beurteilen die KMU ihre eigene Wettbewerbsf\u00e4higkeit und das Potenzial f\u00fcr nachhaltiges Wirtschaften weiterhin positiv.<\/p>\n","protected":false},"author":4,"featured_media":38658,"comment_status":"closed","ping_status":"closed","sticky":false,"template":"","format":"standard","meta":{"_acf_changed":false,"_yoast_wpseo_focuskw":"Schweizer KMU","_yoast_wpseo_metadesc":"Pessimistische Schweizer KMU: Der Gesamtindex des seit 2021 j\u00e4hrlich erhobenen NZZ-KMU-Barometers ist 2025 so negativ wie noch nie.","articlekey":"","footnotes":""},"categories":[28],"tags":[5365,335,3942,487],"class_list":["post-38657","post","type-post","status-publish","format-standard","has-post-thumbnail","hentry","category-management","tag-kmu-barometer","tag-management-und-unternehmensfuehrung","tag-schweizer-kmu","tag-umfrage"],"acf":[],"yoast_head":"<!-- This site is optimized with the Yoast SEO plugin v27.4 - https:\/\/yoast.com\/product\/yoast-seo-wordpress\/ -->\n<title>Pessimistische Schweizer KMU - Organisator<\/title>\n<meta name=\"description\" content=\"Pessimistische Schweizer KMU: Der Gesamtindex des seit 2021 j\u00e4hrlich erhobenen NZZ-KMU-Barometers ist 2025 so negativ wie noch nie.\" \/>\n<meta name=\"robots\" content=\"index, follow, max-snippet:-1, max-image-preview:large, max-video-preview:-1\" \/>\n<link rel=\"canonical\" href=\"https:\/\/www.organisator.ch\/de\/management\/2025-06-04\/pessimistische-schweizer-kmu\/\" \/>\n<meta property=\"og:locale\" content=\"de_DE\" \/>\n<meta property=\"og:type\" content=\"article\" \/>\n<meta property=\"og:title\" content=\"Pessimistische Schweizer KMU - Organisator\" \/>\n<meta property=\"og:description\" content=\"Pessimistische Schweizer KMU: Der Gesamtindex des seit 2021 j\u00e4hrlich erhobenen NZZ-KMU-Barometers ist 2025 so negativ wie noch nie.\" \/>\n<meta property=\"og:url\" content=\"https:\/\/www.organisator.ch\/de\/management\/2025-06-04\/pessimistische-schweizer-kmu\/\" \/>\n<meta property=\"og:site_name\" content=\"Organisator\" \/>\n<meta property=\"article:publisher\" content=\"https:\/\/www.facebook.com\/OrganisatorFachmagazin\" \/>\n<meta property=\"article:published_time\" content=\"2025-06-04T03:17:54+00:00\" \/>\n<meta property=\"article:modified_time\" content=\"2025-07-03T06:12:17+00:00\" \/>\n<meta property=\"og:image\" content=\"https:\/\/www.organisator.ch\/wp-content\/uploads\/2025\/06\/Pessimistische-Schweizer-KMU-1_Organisator.jpg\" \/>\n\t<meta property=\"og:image:width\" content=\"680\" \/>\n\t<meta property=\"og:image:height\" content=\"454\" \/>\n\t<meta property=\"og:image:type\" content=\"image\/jpeg\" \/>\n<meta name=\"author\" content=\"thomas.berner\" \/>\n<meta name=\"twitter:card\" content=\"summary_large_image\" \/>\n<script type=\"application\/ld+json\" class=\"yoast-schema-graph\">{\"@context\":\"https:\\\/\\\/schema.org\",\"@graph\":[{\"@type\":\"Article\",\"@id\":\"https:\\\/\\\/www.organisator.ch\\\/management\\\/2025-06-04\\\/pessimistische-schweizer-kmu\\\/#article\",\"isPartOf\":{\"@id\":\"https:\\\/\\\/www.organisator.ch\\\/management\\\/2025-06-04\\\/pessimistische-schweizer-kmu\\\/\"},\"author\":{\"name\":\"thomas.berner\",\"@id\":\"https:\\\/\\\/www.organisator.ch\\\/#\\\/schema\\\/person\\\/6f650f90b2842cd4c0cc334b4e36f67e\"},\"headline\":\"Pessimistische Schweizer KMU\",\"datePublished\":\"2025-06-04T03:17:54+00:00\",\"dateModified\":\"2025-07-03T06:12:17+00:00\",\"mainEntityOfPage\":{\"@id\":\"https:\\\/\\\/www.organisator.ch\\\/management\\\/2025-06-04\\\/pessimistische-schweizer-kmu\\\/\"},\"wordCount\":578,\"publisher\":{\"@id\":\"https:\\\/\\\/www.organisator.ch\\\/#organization\"},\"image\":{\"@id\":\"https:\\\/\\\/www.organisator.ch\\\/management\\\/2025-06-04\\\/pessimistische-schweizer-kmu\\\/#primaryimage\"},\"thumbnailUrl\":\"https:\\\/\\\/www.organisator.ch\\\/wp-content\\\/uploads\\\/2025\\\/06\\\/Pessimistische-Schweizer-KMU-1_Organisator.jpg\",\"keywords\":[\"KMU-Barometer\",\"Management und Unternehmensf\u00fchrung\",\"Schweizer KMU\",\"Umfrage\"],\"articleSection\":[\"MANAGEMENT\"],\"inLanguage\":\"de\"},{\"@type\":\"WebPage\",\"@id\":\"https:\\\/\\\/www.organisator.ch\\\/management\\\/2025-06-04\\\/pessimistische-schweizer-kmu\\\/\",\"url\":\"https:\\\/\\\/www.organisator.ch\\\/management\\\/2025-06-04\\\/pessimistische-schweizer-kmu\\\/\",\"name\":\"Pessimistische Schweizer KMU - Organisator\",\"isPartOf\":{\"@id\":\"https:\\\/\\\/www.organisator.ch\\\/#website\"},\"primaryImageOfPage\":{\"@id\":\"https:\\\/\\\/www.organisator.ch\\\/management\\\/2025-06-04\\\/pessimistische-schweizer-kmu\\\/#primaryimage\"},\"image\":{\"@id\":\"https:\\\/\\\/www.organisator.ch\\\/management\\\/2025-06-04\\\/pessimistische-schweizer-kmu\\\/#primaryimage\"},\"thumbnailUrl\":\"https:\\\/\\\/www.organisator.ch\\\/wp-content\\\/uploads\\\/2025\\\/06\\\/Pessimistische-Schweizer-KMU-1_Organisator.jpg\",\"datePublished\":\"2025-06-04T03:17:54+00:00\",\"dateModified\":\"2025-07-03T06:12:17+00:00\",\"description\":\"Pessimistische Schweizer KMU: Der Gesamtindex des seit 2021 j\u00e4hrlich erhobenen NZZ-KMU-Barometers ist 2025 so negativ wie noch nie.\",\"breadcrumb\":{\"@id\":\"https:\\\/\\\/www.organisator.ch\\\/management\\\/2025-06-04\\\/pessimistische-schweizer-kmu\\\/#breadcrumb\"},\"inLanguage\":\"de\",\"potentialAction\":[{\"@type\":\"ReadAction\",\"target\":[\"https:\\\/\\\/www.organisator.ch\\\/management\\\/2025-06-04\\\/pessimistische-schweizer-kmu\\\/\"]}]},{\"@type\":\"ImageObject\",\"inLanguage\":\"de\",\"@id\":\"https:\\\/\\\/www.organisator.ch\\\/management\\\/2025-06-04\\\/pessimistische-schweizer-kmu\\\/#primaryimage\",\"url\":\"https:\\\/\\\/www.organisator.ch\\\/wp-content\\\/uploads\\\/2025\\\/06\\\/Pessimistische-Schweizer-KMU-1_Organisator.jpg\",\"contentUrl\":\"https:\\\/\\\/www.organisator.ch\\\/wp-content\\\/uploads\\\/2025\\\/06\\\/Pessimistische-Schweizer-KMU-1_Organisator.jpg\",\"width\":680,\"height\":454,\"caption\":\"Halbvoll oder halb leer? Schweizer KMU sind derzeit pessimistisch. (Bild: olly18 \\\/ Depositphotos.com)\"},{\"@type\":\"BreadcrumbList\",\"@id\":\"https:\\\/\\\/www.organisator.ch\\\/management\\\/2025-06-04\\\/pessimistische-schweizer-kmu\\\/#breadcrumb\",\"itemListElement\":[{\"@type\":\"ListItem\",\"position\":1,\"name\":\"Home\",\"item\":\"https:\\\/\\\/www.organisator.ch\\\/\"},{\"@type\":\"ListItem\",\"position\":2,\"name\":\"Pessimistische Schweizer KMU\"}]},{\"@type\":\"WebSite\",\"@id\":\"https:\\\/\\\/www.organisator.ch\\\/#website\",\"url\":\"https:\\\/\\\/www.organisator.ch\\\/\",\"name\":\"Organisator\",\"description\":\"Kompetent. Praxisnah. Der ORGANISATOR bereitet in 10 Ausgaben pro Jahr die wesentlichen Themen f\u00fcr F\u00fchrungskr\u00e4fte von KMU auf.\",\"publisher\":{\"@id\":\"https:\\\/\\\/www.organisator.ch\\\/#organization\"},\"potentialAction\":[{\"@type\":\"SearchAction\",\"target\":{\"@type\":\"EntryPoint\",\"urlTemplate\":\"https:\\\/\\\/www.organisator.ch\\\/?s={search_term_string}\"},\"query-input\":{\"@type\":\"PropertyValueSpecification\",\"valueRequired\":true,\"valueName\":\"search_term_string\"}}],\"inLanguage\":\"de\"},{\"@type\":\"Organization\",\"@id\":\"https:\\\/\\\/www.organisator.ch\\\/#organization\",\"name\":\"Organisator\",\"url\":\"https:\\\/\\\/www.organisator.ch\\\/\",\"logo\":{\"@type\":\"ImageObject\",\"inLanguage\":\"de\",\"@id\":\"https:\\\/\\\/www.organisator.ch\\\/#\\\/schema\\\/logo\\\/image\\\/\",\"url\":\"https:\\\/\\\/www.organisator.ch\\\/wp-content\\\/uploads\\\/2022\\\/01\\\/Logo_Organisator_Website.png\",\"contentUrl\":\"https:\\\/\\\/www.organisator.ch\\\/wp-content\\\/uploads\\\/2022\\\/01\\\/Logo_Organisator_Website.png\",\"width\":800,\"height\":77,\"caption\":\"Organisator\"},\"image\":{\"@id\":\"https:\\\/\\\/www.organisator.ch\\\/#\\\/schema\\\/logo\\\/image\\\/\"},\"sameAs\":[\"https:\\\/\\\/www.facebook.com\\\/OrganisatorFachmagazin\",\"https:\\\/\\\/www.linkedin.com\\\/showcase\\\/organisator-das-magazin-fr-kmu\",\"https:\\\/\\\/www.xing.com\\\/news\\\/pages\\\/organisator-ch-695\",\"https:\\\/\\\/www.youtube.com\\\/channel\\\/UCGP2Sq0iWaZwT3BdIAQFYpw\"]},{\"@type\":\"Person\",\"@id\":\"https:\\\/\\\/www.organisator.ch\\\/#\\\/schema\\\/person\\\/6f650f90b2842cd4c0cc334b4e36f67e\",\"name\":\"thomas.berner\",\"image\":{\"@type\":\"ImageObject\",\"inLanguage\":\"de\",\"@id\":\"https:\\\/\\\/secure.gravatar.com\\\/avatar\\\/ac5001d2a36cb6c6cd3e50789007ffca834b477b74a2144564522e944eabff61?s=96&d=mm&r=g\",\"url\":\"https:\\\/\\\/secure.gravatar.com\\\/avatar\\\/ac5001d2a36cb6c6cd3e50789007ffca834b477b74a2144564522e944eabff61?s=96&d=mm&r=g\",\"contentUrl\":\"https:\\\/\\\/secure.gravatar.com\\\/avatar\\\/ac5001d2a36cb6c6cd3e50789007ffca834b477b74a2144564522e944eabff61?s=96&d=mm&r=g\",\"caption\":\"thomas.berner\"},\"url\":\"https:\\\/\\\/www.organisator.ch\\\/de\\\/author\\\/thomas-berner\\\/\"}]}<\/script>\n<!-- \/ Yoast SEO plugin. -->","yoast_head_json":{"title":"Pessimistische Schweizer KMU - Organisator","description":"Pessimistische Schweizer KMU: Der Gesamtindex des seit 2021 j\u00e4hrlich erhobenen NZZ-KMU-Barometers ist 2025 so negativ wie noch nie.","robots":{"index":"index","follow":"follow","max-snippet":"max-snippet:-1","max-image-preview":"max-image-preview:large","max-video-preview":"max-video-preview:-1"},"canonical":"https:\/\/www.organisator.ch\/de\/management\/2025-06-04\/pessimistische-schweizer-kmu\/","og_locale":"de_DE","og_type":"article","og_title":"Pessimistische Schweizer KMU - Organisator","og_description":"Pessimistische Schweizer KMU: Der Gesamtindex des seit 2021 j\u00e4hrlich erhobenen NZZ-KMU-Barometers ist 2025 so negativ wie noch nie.","og_url":"https:\/\/www.organisator.ch\/de\/management\/2025-06-04\/pessimistische-schweizer-kmu\/","og_site_name":"Organisator","article_publisher":"https:\/\/www.facebook.com\/OrganisatorFachmagazin","article_published_time":"2025-06-04T03:17:54+00:00","article_modified_time":"2025-07-03T06:12:17+00:00","og_image":[{"width":680,"height":454,"url":"https:\/\/www.organisator.ch\/wp-content\/uploads\/2025\/06\/Pessimistische-Schweizer-KMU-1_Organisator.jpg","type":"image\/jpeg"}],"author":"thomas.berner","twitter_card":"summary_large_image","schema":{"@context":"https:\/\/schema.org","@graph":[{"@type":"Article","@id":"https:\/\/www.organisator.ch\/management\/2025-06-04\/pessimistische-schweizer-kmu\/#article","isPartOf":{"@id":"https:\/\/www.organisator.ch\/management\/2025-06-04\/pessimistische-schweizer-kmu\/"},"author":{"name":"thomas.berner","@id":"https:\/\/www.organisator.ch\/#\/schema\/person\/6f650f90b2842cd4c0cc334b4e36f67e"},"headline":"Pessimistische Schweizer KMU","datePublished":"2025-06-04T03:17:54+00:00","dateModified":"2025-07-03T06:12:17+00:00","mainEntityOfPage":{"@id":"https:\/\/www.organisator.ch\/management\/2025-06-04\/pessimistische-schweizer-kmu\/"},"wordCount":578,"publisher":{"@id":"https:\/\/www.organisator.ch\/#organization"},"image":{"@id":"https:\/\/www.organisator.ch\/management\/2025-06-04\/pessimistische-schweizer-kmu\/#primaryimage"},"thumbnailUrl":"https:\/\/www.organisator.ch\/wp-content\/uploads\/2025\/06\/Pessimistische-Schweizer-KMU-1_Organisator.jpg","keywords":["KMU-Barometer","Management und Unternehmensf\u00fchrung","Schweizer KMU","Umfrage"],"articleSection":["MANAGEMENT"],"inLanguage":"de"},{"@type":"WebPage","@id":"https:\/\/www.organisator.ch\/management\/2025-06-04\/pessimistische-schweizer-kmu\/","url":"https:\/\/www.organisator.ch\/management\/2025-06-04\/pessimistische-schweizer-kmu\/","name":"Pessimistische Schweizer KMU - Organisator","isPartOf":{"@id":"https:\/\/www.organisator.ch\/#website"},"primaryImageOfPage":{"@id":"https:\/\/www.organisator.ch\/management\/2025-06-04\/pessimistische-schweizer-kmu\/#primaryimage"},"image":{"@id":"https:\/\/www.organisator.ch\/management\/2025-06-04\/pessimistische-schweizer-kmu\/#primaryimage"},"thumbnailUrl":"https:\/\/www.organisator.ch\/wp-content\/uploads\/2025\/06\/Pessimistische-Schweizer-KMU-1_Organisator.jpg","datePublished":"2025-06-04T03:17:54+00:00","dateModified":"2025-07-03T06:12:17+00:00","description":"Pessimistische Schweizer KMU: Der Gesamtindex des seit 2021 j\u00e4hrlich erhobenen NZZ-KMU-Barometers ist 2025 so negativ wie noch nie.","breadcrumb":{"@id":"https:\/\/www.organisator.ch\/management\/2025-06-04\/pessimistische-schweizer-kmu\/#breadcrumb"},"inLanguage":"de","potentialAction":[{"@type":"ReadAction","target":["https:\/\/www.organisator.ch\/management\/2025-06-04\/pessimistische-schweizer-kmu\/"]}]},{"@type":"ImageObject","inLanguage":"de","@id":"https:\/\/www.organisator.ch\/management\/2025-06-04\/pessimistische-schweizer-kmu\/#primaryimage","url":"https:\/\/www.organisator.ch\/wp-content\/uploads\/2025\/06\/Pessimistische-Schweizer-KMU-1_Organisator.jpg","contentUrl":"https:\/\/www.organisator.ch\/wp-content\/uploads\/2025\/06\/Pessimistische-Schweizer-KMU-1_Organisator.jpg","width":680,"height":454,"caption":"Halbvoll oder halb leer? Schweizer KMU sind derzeit pessimistisch. (Bild: olly18 \/ Depositphotos.com)"},{"@type":"BreadcrumbList","@id":"https:\/\/www.organisator.ch\/management\/2025-06-04\/pessimistische-schweizer-kmu\/#breadcrumb","itemListElement":[{"@type":"ListItem","position":1,"name":"Home","item":"https:\/\/www.organisator.ch\/"},{"@type":"ListItem","position":2,"name":"Pessimistische Schweizer KMU"}]},{"@type":"WebSite","@id":"https:\/\/www.organisator.ch\/#website","url":"https:\/\/www.organisator.ch\/","name":"Organisator","description":"Kompetent. Praxisnah. Der ORGANISATOR bereitet in 10 Ausgaben pro Jahr die wesentlichen Themen f\u00fcr F\u00fchrungskr\u00e4fte von KMU auf.","publisher":{"@id":"https:\/\/www.organisator.ch\/#organization"},"potentialAction":[{"@type":"SearchAction","target":{"@type":"EntryPoint","urlTemplate":"https:\/\/www.organisator.ch\/?s={search_term_string}"},"query-input":{"@type":"PropertyValueSpecification","valueRequired":true,"valueName":"search_term_string"}}],"inLanguage":"de"},{"@type":"Organization","@id":"https:\/\/www.organisator.ch\/#organization","name":"Organisator","url":"https:\/\/www.organisator.ch\/","logo":{"@type":"ImageObject","inLanguage":"de","@id":"https:\/\/www.organisator.ch\/#\/schema\/logo\/image\/","url":"https:\/\/www.organisator.ch\/wp-content\/uploads\/2022\/01\/Logo_Organisator_Website.png","contentUrl":"https:\/\/www.organisator.ch\/wp-content\/uploads\/2022\/01\/Logo_Organisator_Website.png","width":800,"height":77,"caption":"Organisator"},"image":{"@id":"https:\/\/www.organisator.ch\/#\/schema\/logo\/image\/"},"sameAs":["https:\/\/www.facebook.com\/OrganisatorFachmagazin","https:\/\/www.linkedin.com\/showcase\/organisator-das-magazin-fr-kmu","https:\/\/www.xing.com\/news\/pages\/organisator-ch-695","https:\/\/www.youtube.com\/channel\/UCGP2Sq0iWaZwT3BdIAQFYpw"]},{"@type":"Person","@id":"https:\/\/www.organisator.ch\/#\/schema\/person\/6f650f90b2842cd4c0cc334b4e36f67e","name":"thomas.berner","image":{"@type":"ImageObject","inLanguage":"de","@id":"https:\/\/secure.gravatar.com\/avatar\/ac5001d2a36cb6c6cd3e50789007ffca834b477b74a2144564522e944eabff61?s=96&d=mm&r=g","url":"https:\/\/secure.gravatar.com\/avatar\/ac5001d2a36cb6c6cd3e50789007ffca834b477b74a2144564522e944eabff61?s=96&d=mm&r=g","contentUrl":"https:\/\/secure.gravatar.com\/avatar\/ac5001d2a36cb6c6cd3e50789007ffca834b477b74a2144564522e944eabff61?s=96&d=mm&r=g","caption":"thomas.berner"},"url":"https:\/\/www.organisator.ch\/de\/author\/thomas-berner\/"}]}},"_links":{"self":[{"href":"https:\/\/www.organisator.ch\/de\/wp-json\/wp\/v2\/posts\/38657","targetHints":{"allow":["GET"]}}],"collection":[{"href":"https:\/\/www.organisator.ch\/de\/wp-json\/wp\/v2\/posts"}],"about":[{"href":"https:\/\/www.organisator.ch\/de\/wp-json\/wp\/v2\/types\/post"}],"author":[{"embeddable":true,"href":"https:\/\/www.organisator.ch\/de\/wp-json\/wp\/v2\/users\/4"}],"replies":[{"embeddable":true,"href":"https:\/\/www.organisator.ch\/de\/wp-json\/wp\/v2\/comments?post=38657"}],"version-history":[{"count":4,"href":"https:\/\/www.organisator.ch\/de\/wp-json\/wp\/v2\/posts\/38657\/revisions"}],"predecessor-version":[{"id":39425,"href":"https:\/\/www.organisator.ch\/de\/wp-json\/wp\/v2\/posts\/38657\/revisions\/39425"}],"wp:featuredmedia":[{"embeddable":true,"href":"https:\/\/www.organisator.ch\/de\/wp-json\/wp\/v2\/media\/38658"}],"wp:attachment":[{"href":"https:\/\/www.organisator.ch\/de\/wp-json\/wp\/v2\/media?parent=38657"}],"wp:term":[{"taxonomy":"category","embeddable":true,"href":"https:\/\/www.organisator.ch\/de\/wp-json\/wp\/v2\/categories?post=38657"},{"taxonomy":"post_tag","embeddable":true,"href":"https:\/\/www.organisator.ch\/de\/wp-json\/wp\/v2\/tags?post=38657"}],"curies":[{"name":"wp","href":"https:\/\/api.w.org\/{rel}","templated":true}]}}