{"id":38677,"date":"2025-06-04T10:29:12","date_gmt":"2025-06-04T08:29:12","guid":{"rendered":"https:\/\/www.markt-kom.com\/?p=235651"},"modified":"2025-06-11T09:59:26","modified_gmt":"2025-06-11T07:59:26","slug":"fuehrungswechsel-bei-agence-trio-laura-jenny-und-maxime-chabloz-werden-managing-partner","status":"publish","type":"post","link":"https:\/\/www.organisator.ch\/de\/marketing\/2025-06-04\/fuehrungswechsel-bei-agence-trio-laura-jenny-und-maxime-chabloz-werden-managing-partner\/","title":{"rendered":"F\u00fchrungswechsel bei Agence Trio: Laura Jenny und Maxime Chabloz werden Managing Partner"},"content":{"rendered":"<p><a href=\"https:\/\/www.markt-kom.com\/wp-content\/uploads\/2025\/06\/Agence-Trio-Spitze-Wechsel-MChablozLJenny.jpg\"><img class=\"aligncenter size-full wp-image-235652\" src=\"https:\/\/www.markt-kom.com\/wp-content\/uploads\/2025\/06\/Agence-Trio-Spitze-Wechsel-MChablozLJenny.jpg\" sizes=\"(max-width: 1200px) 100vw, 1200px\" srcset=\"https:\/\/www.markt-kom.com\/wp-content\/uploads\/2025\/06\/Agence-Trio-Spitze-Wechsel-MChablozLJenny.jpg 1200w, https:\/\/www.markt-kom.com\/wp-content\/uploads\/2025\/06\/Agence-Trio-Spitze-Wechsel-MChablozLJenny-600x450.jpg 600w, https:\/\/www.markt-kom.com\/wp-content\/uploads\/2025\/06\/Agence-Trio-Spitze-Wechsel-MChablozLJenny-1024x768.jpg 1024w, https:\/\/www.markt-kom.com\/wp-content\/uploads\/2025\/06\/Agence-Trio-Spitze-Wechsel-MChablozLJenny-768x576.jpg 768w, https:\/\/www.markt-kom.com\/wp-content\/uploads\/2025\/06\/Agence-Trio-Spitze-Wechsel-MChablozLJenny-16x12.jpg 16w, https:\/\/www.markt-kom.com\/wp-content\/uploads\/2025\/06\/Agence-Trio-Spitze-Wechsel-MChablozLJenny-233x175.jpg 233w, https:\/\/www.markt-kom.com\/wp-content\/uploads\/2025\/06\/Agence-Trio-Spitze-Wechsel-MChablozLJenny-467x350.jpg 467w, https:\/\/www.markt-kom.com\/wp-content\/uploads\/2025\/06\/Agence-Trio-Spitze-Wechsel-MChablozLJenny-1000x750.jpg 1000w\" alt=\"\" width=\"1200\" height=\"900\" \/><\/a><\/p>\r\n<p>Die Westschweizer Agence Trio stellt ihre operative F\u00fchrung neu auf: Laura Jenny und Maxime Chabloz werden Managing Partner und \u00fcbernehmen die Leitung des Tagesgesch\u00e4fts. Gleichzeitig treten beide als Partner in die europ\u00e4ische Agenturgruppe Myty ein, zu der Trio seit dem vergangenen Jahr geh\u00f6rt. Der bisherige CEO Michael Kamm bleibt der Agentur in strategischer Rolle erhalten, wie es in einer Mitteilung heisst.<\/p>\r\n<p>Mit dem Schritt will die 1931 gegr\u00fcndete Agentur ihre Position innerhalb der Gruppe st\u00e4rken und Synergien gezielter nutzen. Chabloz beschreibt den Rollenwechsel als Erweiterung des Blickwinkels: \u00abWir nehmen am strategischen Austausch mit der Gruppe teil, sowie mit allen Schwesteragenturen, wodurch unsere Arbeit einen neuen Blickwinkel erh\u00e4lt: internationaler, mit einer umfassenderen Vision der Trends und einer besseren Verbindung zur Welt der Agenturen.\u00bb<\/p>\r\n<p>Die interne Neuausrichtung soll laut Mitteilung die Agilit\u00e4t der Agentur st\u00e4rken und zur Weiterentwicklung der Dienstleistungen beitragen. Ziel sei es, das Wachstum zu beschleunigen und das Angebot f\u00fcr Kund:innen weiterzuentwickeln.<\/p>","protected":false},"excerpt":{"rendered":"<p>Laura Jenny und Maxime Chabloz \u00fcbernehmen die operative Leitung der Westschweizer Agence Trio. Beide werden zugleich Partner der Myty-Gruppe, zu der Trio seit 2024 geh\u00f6rt.<\/p>\n","protected":false},"author":8,"featured_media":0,"comment_status":"closed","ping_status":"closed","sticky":false,"template":"","format":"standard","meta":{"_acf_changed":false,"_yoast_wpseo_focuskw":"Agence Trio","_yoast_wpseo_metadesc":"Laura Jenny und Maxime Chabloz \u00fcbernehmen die operative Leitung der Westschweizer Agence Trio.","articlekey":"","footnotes":""},"categories":[29],"tags":[4920,4345,2853,381],"class_list":["post-38677","post","type-post","status-publish","format-standard","hentry","category-marketing","tag-agence-trio","tag-business","tag-jobchange","tag-personalia"],"acf":[],"yoast_head":"<!-- This site is optimized with the Yoast SEO plugin v27.4 - https:\/\/yoast.com\/product\/yoast-seo-wordpress\/ -->\n<title>F\u00fchrungswechsel bei Agence Trio: Laura Jenny und Maxime Chabloz werden Managing Partner - Organisator<\/title>\n<meta name=\"description\" content=\"Laura Jenny und Maxime Chabloz \u00fcbernehmen die operative Leitung der Westschweizer Agence Trio.\" \/>\n<meta name=\"robots\" content=\"index, follow, max-snippet:-1, max-image-preview:large, max-video-preview:-1\" \/>\n<link rel=\"canonical\" href=\"https:\/\/www.organisator.ch\/de\/marketing\/2025-06-04\/fuehrungswechsel-bei-agence-trio-laura-jenny-und-maxime-chabloz-werden-managing-partner\/\" \/>\n<meta property=\"og:locale\" content=\"de_DE\" \/>\n<meta property=\"og:type\" content=\"article\" \/>\n<meta property=\"og:title\" content=\"F\u00fchrungswechsel bei Agence Trio: Laura Jenny und Maxime Chabloz werden Managing Partner - Organisator\" \/>\n<meta property=\"og:description\" content=\"Laura Jenny und Maxime Chabloz \u00fcbernehmen die operative Leitung der Westschweizer Agence Trio.\" \/>\n<meta property=\"og:url\" content=\"https:\/\/www.organisator.ch\/de\/marketing\/2025-06-04\/fuehrungswechsel-bei-agence-trio-laura-jenny-und-maxime-chabloz-werden-managing-partner\/\" \/>\n<meta property=\"og:site_name\" content=\"Organisator\" \/>\n<meta property=\"article:publisher\" content=\"https:\/\/www.facebook.com\/OrganisatorFachmagazin\" \/>\n<meta property=\"article:published_time\" content=\"2025-06-04T08:29:12+00:00\" \/>\n<meta property=\"article:modified_time\" content=\"2025-06-11T07:59:26+00:00\" \/>\n<meta name=\"author\" content=\"galledia\" \/>\n<meta name=\"twitter:card\" content=\"summary_large_image\" \/>\n<meta name=\"twitter:creator\" content=\"@admin\" \/>\n<script type=\"application\/ld+json\" class=\"yoast-schema-graph\">{\"@context\":\"https:\\\/\\\/schema.org\",\"@graph\":[{\"@type\":\"Article\",\"@id\":\"https:\\\/\\\/www.organisator.ch\\\/marketing\\\/2025-06-04\\\/fuehrungswechsel-bei-agence-trio-laura-jenny-und-maxime-chabloz-werden-managing-partner\\\/#article\",\"isPartOf\":{\"@id\":\"https:\\\/\\\/www.organisator.ch\\\/marketing\\\/2025-06-04\\\/fuehrungswechsel-bei-agence-trio-laura-jenny-und-maxime-chabloz-werden-managing-partner\\\/\"},\"author\":{\"name\":\"galledia\",\"@id\":\"https:\\\/\\\/www.organisator.ch\\\/#\\\/schema\\\/person\\\/4e51799071cd2dd1232ac003643ef5f0\"},\"headline\":\"F\u00fchrungswechsel bei Agence Trio: Laura Jenny und Maxime Chabloz werden Managing Partner\",\"datePublished\":\"2025-06-04T08:29:12+00:00\",\"dateModified\":\"2025-06-11T07:59:26+00:00\",\"mainEntityOfPage\":{\"@id\":\"https:\\\/\\\/www.organisator.ch\\\/marketing\\\/2025-06-04\\\/fuehrungswechsel-bei-agence-trio-laura-jenny-und-maxime-chabloz-werden-managing-partner\\\/\"},\"wordCount\":175,\"publisher\":{\"@id\":\"https:\\\/\\\/www.organisator.ch\\\/#organization\"},\"image\":{\"@id\":\"https:\\\/\\\/www.organisator.ch\\\/marketing\\\/2025-06-04\\\/fuehrungswechsel-bei-agence-trio-laura-jenny-und-maxime-chabloz-werden-managing-partner\\\/#primaryimage\"},\"thumbnailUrl\":\"https:\\\/\\\/www.markt-kom.com\\\/wp-content\\\/uploads\\\/2025\\\/06\\\/Agence-Trio-Spitze-Wechsel-MChablozLJenny.jpg\",\"keywords\":[\"Agence Trio\",\"Business\",\"Jobchange\",\"Personalia\"],\"articleSection\":[\"MARKETING\"],\"inLanguage\":\"de\"},{\"@type\":\"WebPage\",\"@id\":\"https:\\\/\\\/www.organisator.ch\\\/marketing\\\/2025-06-04\\\/fuehrungswechsel-bei-agence-trio-laura-jenny-und-maxime-chabloz-werden-managing-partner\\\/\",\"url\":\"https:\\\/\\\/www.organisator.ch\\\/marketing\\\/2025-06-04\\\/fuehrungswechsel-bei-agence-trio-laura-jenny-und-maxime-chabloz-werden-managing-partner\\\/\",\"name\":\"F\u00fchrungswechsel bei Agence Trio: Laura Jenny und Maxime Chabloz werden Managing Partner - Organisator\",\"isPartOf\":{\"@id\":\"https:\\\/\\\/www.organisator.ch\\\/#website\"},\"primaryImageOfPage\":{\"@id\":\"https:\\\/\\\/www.organisator.ch\\\/marketing\\\/2025-06-04\\\/fuehrungswechsel-bei-agence-trio-laura-jenny-und-maxime-chabloz-werden-managing-partner\\\/#primaryimage\"},\"image\":{\"@id\":\"https:\\\/\\\/www.organisator.ch\\\/marketing\\\/2025-06-04\\\/fuehrungswechsel-bei-agence-trio-laura-jenny-und-maxime-chabloz-werden-managing-partner\\\/#primaryimage\"},\"thumbnailUrl\":\"https:\\\/\\\/www.markt-kom.com\\\/wp-content\\\/uploads\\\/2025\\\/06\\\/Agence-Trio-Spitze-Wechsel-MChablozLJenny.jpg\",\"datePublished\":\"2025-06-04T08:29:12+00:00\",\"dateModified\":\"2025-06-11T07:59:26+00:00\",\"description\":\"Laura Jenny und Maxime Chabloz \u00fcbernehmen die operative Leitung der Westschweizer Agence Trio.\",\"breadcrumb\":{\"@id\":\"https:\\\/\\\/www.organisator.ch\\\/marketing\\\/2025-06-04\\\/fuehrungswechsel-bei-agence-trio-laura-jenny-und-maxime-chabloz-werden-managing-partner\\\/#breadcrumb\"},\"inLanguage\":\"de\",\"potentialAction\":[{\"@type\":\"ReadAction\",\"target\":[\"https:\\\/\\\/www.organisator.ch\\\/marketing\\\/2025-06-04\\\/fuehrungswechsel-bei-agence-trio-laura-jenny-und-maxime-chabloz-werden-managing-partner\\\/\"]}]},{\"@type\":\"ImageObject\",\"inLanguage\":\"de\",\"@id\":\"https:\\\/\\\/www.organisator.ch\\\/marketing\\\/2025-06-04\\\/fuehrungswechsel-bei-agence-trio-laura-jenny-und-maxime-chabloz-werden-managing-partner\\\/#primaryimage\",\"url\":\"https:\\\/\\\/www.markt-kom.com\\\/wp-content\\\/uploads\\\/2025\\\/06\\\/Agence-Trio-Spitze-Wechsel-MChablozLJenny.jpg\",\"contentUrl\":\"https:\\\/\\\/www.markt-kom.com\\\/wp-content\\\/uploads\\\/2025\\\/06\\\/Agence-Trio-Spitze-Wechsel-MChablozLJenny.jpg\"},{\"@type\":\"BreadcrumbList\",\"@id\":\"https:\\\/\\\/www.organisator.ch\\\/marketing\\\/2025-06-04\\\/fuehrungswechsel-bei-agence-trio-laura-jenny-und-maxime-chabloz-werden-managing-partner\\\/#breadcrumb\",\"itemListElement\":[{\"@type\":\"ListItem\",\"position\":1,\"name\":\"Home\",\"item\":\"https:\\\/\\\/www.organisator.ch\\\/\"},{\"@type\":\"ListItem\",\"position\":2,\"name\":\"F\u00fchrungswechsel bei Agence Trio: Laura Jenny und Maxime Chabloz werden Managing Partner\"}]},{\"@type\":\"WebSite\",\"@id\":\"https:\\\/\\\/www.organisator.ch\\\/#website\",\"url\":\"https:\\\/\\\/www.organisator.ch\\\/\",\"name\":\"Organisator\",\"description\":\"Kompetent. Praxisnah. Der ORGANISATOR bereitet in 10 Ausgaben pro Jahr die wesentlichen Themen f\u00fcr F\u00fchrungskr\u00e4fte von KMU auf.\",\"publisher\":{\"@id\":\"https:\\\/\\\/www.organisator.ch\\\/#organization\"},\"potentialAction\":[{\"@type\":\"SearchAction\",\"target\":{\"@type\":\"EntryPoint\",\"urlTemplate\":\"https:\\\/\\\/www.organisator.ch\\\/?s={search_term_string}\"},\"query-input\":{\"@type\":\"PropertyValueSpecification\",\"valueRequired\":true,\"valueName\":\"search_term_string\"}}],\"inLanguage\":\"de\"},{\"@type\":\"Organization\",\"@id\":\"https:\\\/\\\/www.organisator.ch\\\/#organization\",\"name\":\"Organisator\",\"url\":\"https:\\\/\\\/www.organisator.ch\\\/\",\"logo\":{\"@type\":\"ImageObject\",\"inLanguage\":\"de\",\"@id\":\"https:\\\/\\\/www.organisator.ch\\\/#\\\/schema\\\/logo\\\/image\\\/\",\"url\":\"https:\\\/\\\/www.organisator.ch\\\/wp-content\\\/uploads\\\/2022\\\/01\\\/Logo_Organisator_Website.png\",\"contentUrl\":\"https:\\\/\\\/www.organisator.ch\\\/wp-content\\\/uploads\\\/2022\\\/01\\\/Logo_Organisator_Website.png\",\"width\":800,\"height\":77,\"caption\":\"Organisator\"},\"image\":{\"@id\":\"https:\\\/\\\/www.organisator.ch\\\/#\\\/schema\\\/logo\\\/image\\\/\"},\"sameAs\":[\"https:\\\/\\\/www.facebook.com\\\/OrganisatorFachmagazin\",\"https:\\\/\\\/www.linkedin.com\\\/showcase\\\/organisator-das-magazin-fr-kmu\",\"https:\\\/\\\/www.xing.com\\\/news\\\/pages\\\/organisator-ch-695\",\"https:\\\/\\\/www.youtube.com\\\/channel\\\/UCGP2Sq0iWaZwT3BdIAQFYpw\"]},{\"@type\":\"Person\",\"@id\":\"https:\\\/\\\/www.organisator.ch\\\/#\\\/schema\\\/person\\\/4e51799071cd2dd1232ac003643ef5f0\",\"name\":\"galledia\",\"image\":{\"@type\":\"ImageObject\",\"inLanguage\":\"de\",\"@id\":\"https:\\\/\\\/secure.gravatar.com\\\/avatar\\\/78a7f90c01fc2bfc875782a0d4922b37cde2cf184ce347b91316d23cd7f69a36?s=96&d=mm&r=g\",\"url\":\"https:\\\/\\\/secure.gravatar.com\\\/avatar\\\/78a7f90c01fc2bfc875782a0d4922b37cde2cf184ce347b91316d23cd7f69a36?s=96&d=mm&r=g\",\"contentUrl\":\"https:\\\/\\\/secure.gravatar.com\\\/avatar\\\/78a7f90c01fc2bfc875782a0d4922b37cde2cf184ce347b91316d23cd7f69a36?s=96&d=mm&r=g\",\"caption\":\"galledia\"},\"sameAs\":[\"https:\\\/\\\/x.com\\\/admin\"],\"url\":\"https:\\\/\\\/www.organisator.ch\\\/de\\\/author\\\/galledia\\\/\"}]}<\/script>\n<!-- \/ Yoast SEO plugin. -->","yoast_head_json":{"title":"F\u00fchrungswechsel bei Agence Trio: Laura Jenny und Maxime Chabloz werden Managing Partner - Organisator","description":"Laura Jenny und Maxime Chabloz \u00fcbernehmen die operative Leitung der Westschweizer Agence Trio.","robots":{"index":"index","follow":"follow","max-snippet":"max-snippet:-1","max-image-preview":"max-image-preview:large","max-video-preview":"max-video-preview:-1"},"canonical":"https:\/\/www.organisator.ch\/de\/marketing\/2025-06-04\/fuehrungswechsel-bei-agence-trio-laura-jenny-und-maxime-chabloz-werden-managing-partner\/","og_locale":"de_DE","og_type":"article","og_title":"F\u00fchrungswechsel bei Agence Trio: Laura Jenny und Maxime Chabloz werden Managing Partner - Organisator","og_description":"Laura Jenny und Maxime Chabloz \u00fcbernehmen die operative Leitung der Westschweizer Agence Trio.","og_url":"https:\/\/www.organisator.ch\/de\/marketing\/2025-06-04\/fuehrungswechsel-bei-agence-trio-laura-jenny-und-maxime-chabloz-werden-managing-partner\/","og_site_name":"Organisator","article_publisher":"https:\/\/www.facebook.com\/OrganisatorFachmagazin","article_published_time":"2025-06-04T08:29:12+00:00","article_modified_time":"2025-06-11T07:59:26+00:00","author":"galledia","twitter_card":"summary_large_image","twitter_creator":"@admin","schema":{"@context":"https:\/\/schema.org","@graph":[{"@type":"Article","@id":"https:\/\/www.organisator.ch\/marketing\/2025-06-04\/fuehrungswechsel-bei-agence-trio-laura-jenny-und-maxime-chabloz-werden-managing-partner\/#article","isPartOf":{"@id":"https:\/\/www.organisator.ch\/marketing\/2025-06-04\/fuehrungswechsel-bei-agence-trio-laura-jenny-und-maxime-chabloz-werden-managing-partner\/"},"author":{"name":"galledia","@id":"https:\/\/www.organisator.ch\/#\/schema\/person\/4e51799071cd2dd1232ac003643ef5f0"},"headline":"F\u00fchrungswechsel bei Agence Trio: Laura Jenny und Maxime Chabloz werden Managing Partner","datePublished":"2025-06-04T08:29:12+00:00","dateModified":"2025-06-11T07:59:26+00:00","mainEntityOfPage":{"@id":"https:\/\/www.organisator.ch\/marketing\/2025-06-04\/fuehrungswechsel-bei-agence-trio-laura-jenny-und-maxime-chabloz-werden-managing-partner\/"},"wordCount":175,"publisher":{"@id":"https:\/\/www.organisator.ch\/#organization"},"image":{"@id":"https:\/\/www.organisator.ch\/marketing\/2025-06-04\/fuehrungswechsel-bei-agence-trio-laura-jenny-und-maxime-chabloz-werden-managing-partner\/#primaryimage"},"thumbnailUrl":"https:\/\/www.markt-kom.com\/wp-content\/uploads\/2025\/06\/Agence-Trio-Spitze-Wechsel-MChablozLJenny.jpg","keywords":["Agence Trio","Business","Jobchange","Personalia"],"articleSection":["MARKETING"],"inLanguage":"de"},{"@type":"WebPage","@id":"https:\/\/www.organisator.ch\/marketing\/2025-06-04\/fuehrungswechsel-bei-agence-trio-laura-jenny-und-maxime-chabloz-werden-managing-partner\/","url":"https:\/\/www.organisator.ch\/marketing\/2025-06-04\/fuehrungswechsel-bei-agence-trio-laura-jenny-und-maxime-chabloz-werden-managing-partner\/","name":"F\u00fchrungswechsel bei Agence Trio: Laura Jenny und Maxime Chabloz werden Managing Partner - Organisator","isPartOf":{"@id":"https:\/\/www.organisator.ch\/#website"},"primaryImageOfPage":{"@id":"https:\/\/www.organisator.ch\/marketing\/2025-06-04\/fuehrungswechsel-bei-agence-trio-laura-jenny-und-maxime-chabloz-werden-managing-partner\/#primaryimage"},"image":{"@id":"https:\/\/www.organisator.ch\/marketing\/2025-06-04\/fuehrungswechsel-bei-agence-trio-laura-jenny-und-maxime-chabloz-werden-managing-partner\/#primaryimage"},"thumbnailUrl":"https:\/\/www.markt-kom.com\/wp-content\/uploads\/2025\/06\/Agence-Trio-Spitze-Wechsel-MChablozLJenny.jpg","datePublished":"2025-06-04T08:29:12+00:00","dateModified":"2025-06-11T07:59:26+00:00","description":"Laura Jenny und Maxime Chabloz \u00fcbernehmen die operative Leitung der Westschweizer Agence Trio.","breadcrumb":{"@id":"https:\/\/www.organisator.ch\/marketing\/2025-06-04\/fuehrungswechsel-bei-agence-trio-laura-jenny-und-maxime-chabloz-werden-managing-partner\/#breadcrumb"},"inLanguage":"de","potentialAction":[{"@type":"ReadAction","target":["https:\/\/www.organisator.ch\/marketing\/2025-06-04\/fuehrungswechsel-bei-agence-trio-laura-jenny-und-maxime-chabloz-werden-managing-partner\/"]}]},{"@type":"ImageObject","inLanguage":"de","@id":"https:\/\/www.organisator.ch\/marketing\/2025-06-04\/fuehrungswechsel-bei-agence-trio-laura-jenny-und-maxime-chabloz-werden-managing-partner\/#primaryimage","url":"https:\/\/www.markt-kom.com\/wp-content\/uploads\/2025\/06\/Agence-Trio-Spitze-Wechsel-MChablozLJenny.jpg","contentUrl":"https:\/\/www.markt-kom.com\/wp-content\/uploads\/2025\/06\/Agence-Trio-Spitze-Wechsel-MChablozLJenny.jpg"},{"@type":"BreadcrumbList","@id":"https:\/\/www.organisator.ch\/marketing\/2025-06-04\/fuehrungswechsel-bei-agence-trio-laura-jenny-und-maxime-chabloz-werden-managing-partner\/#breadcrumb","itemListElement":[{"@type":"ListItem","position":1,"name":"Home","item":"https:\/\/www.organisator.ch\/"},{"@type":"ListItem","position":2,"name":"F\u00fchrungswechsel bei Agence Trio: Laura Jenny und Maxime Chabloz werden Managing Partner"}]},{"@type":"WebSite","@id":"https:\/\/www.organisator.ch\/#website","url":"https:\/\/www.organisator.ch\/","name":"Organisator","description":"Kompetent. Praxisnah. Der ORGANISATOR bereitet in 10 Ausgaben pro Jahr die wesentlichen Themen f\u00fcr F\u00fchrungskr\u00e4fte von KMU auf.","publisher":{"@id":"https:\/\/www.organisator.ch\/#organization"},"potentialAction":[{"@type":"SearchAction","target":{"@type":"EntryPoint","urlTemplate":"https:\/\/www.organisator.ch\/?s={search_term_string}"},"query-input":{"@type":"PropertyValueSpecification","valueRequired":true,"valueName":"search_term_string"}}],"inLanguage":"de"},{"@type":"Organization","@id":"https:\/\/www.organisator.ch\/#organization","name":"Organisator","url":"https:\/\/www.organisator.ch\/","logo":{"@type":"ImageObject","inLanguage":"de","@id":"https:\/\/www.organisator.ch\/#\/schema\/logo\/image\/","url":"https:\/\/www.organisator.ch\/wp-content\/uploads\/2022\/01\/Logo_Organisator_Website.png","contentUrl":"https:\/\/www.organisator.ch\/wp-content\/uploads\/2022\/01\/Logo_Organisator_Website.png","width":800,"height":77,"caption":"Organisator"},"image":{"@id":"https:\/\/www.organisator.ch\/#\/schema\/logo\/image\/"},"sameAs":["https:\/\/www.facebook.com\/OrganisatorFachmagazin","https:\/\/www.linkedin.com\/showcase\/organisator-das-magazin-fr-kmu","https:\/\/www.xing.com\/news\/pages\/organisator-ch-695","https:\/\/www.youtube.com\/channel\/UCGP2Sq0iWaZwT3BdIAQFYpw"]},{"@type":"Person","@id":"https:\/\/www.organisator.ch\/#\/schema\/person\/4e51799071cd2dd1232ac003643ef5f0","name":"galledia","image":{"@type":"ImageObject","inLanguage":"de","@id":"https:\/\/secure.gravatar.com\/avatar\/78a7f90c01fc2bfc875782a0d4922b37cde2cf184ce347b91316d23cd7f69a36?s=96&d=mm&r=g","url":"https:\/\/secure.gravatar.com\/avatar\/78a7f90c01fc2bfc875782a0d4922b37cde2cf184ce347b91316d23cd7f69a36?s=96&d=mm&r=g","contentUrl":"https:\/\/secure.gravatar.com\/avatar\/78a7f90c01fc2bfc875782a0d4922b37cde2cf184ce347b91316d23cd7f69a36?s=96&d=mm&r=g","caption":"galledia"},"sameAs":["https:\/\/x.com\/admin"],"url":"https:\/\/www.organisator.ch\/de\/author\/galledia\/"}]}},"_links":{"self":[{"href":"https:\/\/www.organisator.ch\/de\/wp-json\/wp\/v2\/posts\/38677","targetHints":{"allow":["GET"]}}],"collection":[{"href":"https:\/\/www.organisator.ch\/de\/wp-json\/wp\/v2\/posts"}],"about":[{"href":"https:\/\/www.organisator.ch\/de\/wp-json\/wp\/v2\/types\/post"}],"author":[{"embeddable":true,"href":"https:\/\/www.organisator.ch\/de\/wp-json\/wp\/v2\/users\/8"}],"replies":[{"embeddable":true,"href":"https:\/\/www.organisator.ch\/de\/wp-json\/wp\/v2\/comments?post=38677"}],"version-history":[{"count":2,"href":"https:\/\/www.organisator.ch\/de\/wp-json\/wp\/v2\/posts\/38677\/revisions"}],"predecessor-version":[{"id":38818,"href":"https:\/\/www.organisator.ch\/de\/wp-json\/wp\/v2\/posts\/38677\/revisions\/38818"}],"wp:attachment":[{"href":"https:\/\/www.organisator.ch\/de\/wp-json\/wp\/v2\/media?parent=38677"}],"wp:term":[{"taxonomy":"category","embeddable":true,"href":"https:\/\/www.organisator.ch\/de\/wp-json\/wp\/v2\/categories?post=38677"},{"taxonomy":"post_tag","embeddable":true,"href":"https:\/\/www.organisator.ch\/de\/wp-json\/wp\/v2\/tags?post=38677"}],"curies":[{"name":"wp","href":"https:\/\/api.w.org\/{rel}","templated":true}]}}