{"id":38731,"date":"2025-06-06T07:41:57","date_gmt":"2025-06-06T05:41:57","guid":{"rendered":"https:\/\/www.organisator.ch\/?p=38731"},"modified":"2025-06-06T07:41:57","modified_gmt":"2025-06-06T05:41:57","slug":"startfeld-diamant-2025-weitere-auszeichnung-fuer-upgrain","status":"publish","type":"post","link":"https:\/\/www.organisator.ch\/de\/sustainability\/2025-06-06\/startfeld-diamant-2025-weitere-auszeichnung-fuer-upgrain\/","title":{"rendered":"Startfeld Diamant 2025: Weitere Auszeichnung f\u00fcr UpGrain"},"content":{"rendered":"<figure id=\"attachment_38732\" aria-describedby=\"caption-attachment-38732\" style=\"width: 680px\" class=\"wp-caption alignnone\"><img loading=\"lazy\" decoding=\"async\" class=\"wp-image-38732 size-full\" src=\"https:\/\/www.organisator.ch\/wp-content\/uploads\/2025\/06\/Startfeld-Diamant-2025-Weitere-Auszeichnung-fuer-UpGrain_Organisator.jpg\" alt=\"\" width=\"680\" height=\"502\" srcset=\"https:\/\/www.organisator.ch\/wp-content\/uploads\/2025\/06\/Startfeld-Diamant-2025-Weitere-Auszeichnung-fuer-UpGrain_Organisator.jpg 680w, https:\/\/www.organisator.ch\/wp-content\/uploads\/2025\/06\/Startfeld-Diamant-2025-Weitere-Auszeichnung-fuer-UpGrain_Organisator-16x12.jpg 16w, https:\/\/www.organisator.ch\/wp-content\/uploads\/2025\/06\/Startfeld-Diamant-2025-Weitere-Auszeichnung-fuer-UpGrain_Organisator-375x277.jpg 375w, https:\/\/www.organisator.ch\/wp-content\/uploads\/2025\/06\/Startfeld-Diamant-2025-Weitere-Auszeichnung-fuer-UpGrain_Organisator-474x350.jpg 474w\" sizes=\"auto, (max-width: 680px) 100vw, 680px\" \/><figcaption id=\"caption-attachment-38732\" class=\"wp-caption-text\">CEO und Gr\u00fcnder Vincent Vida (links) und COO William Beiskjaer von UpGrain freuen sich \u00fcber den Gewinn des Startfeld Diamant 2025. (Bild: zVg)<\/figcaption><\/figure>\n<p>Nahrungsmittel aus Nebenstr\u00f6men der Bierbrauerei: das Appenzeller Startup UpGrain wurde Anfang Juni in St.Gallen mit dem renommierten Startfeld Diamant 2025 ausgezeichnet. Nach dem <a href=\"https:\/\/www.organisator.ch\/de\/sustainability\/2025-03-21\/upgrain-gewinnt-swiss-sustainability-impact-award-2025\/\">Gewinn des Swiss Sustainability Impact Awards<\/a> ist es bereits die zweite Auszeichnung, die das Jungunternehmen innerhalb weniger Monate entgegennehmen durfte.<\/p>\n<h3>Vision von zirkul\u00e4ren Lebensmittelsystemen verwirklicht<\/h3>\n<p>Die 2021 gegr\u00fcndete UpGrain AG nutzt modernste Upcycling-Technologien, um aus Biertreber hochwertiges Protein- und Ballaststoffpulver zu gewinnen. Die von UpGrain hergestellten Produkte lassen sich in zahlreiche Rezepturen von Back-, Teigwaren und Snacks integrieren. Diese Rohstoffe bieten eine umweltfreundliche Alternative f\u00fcr die Lebensmittelindustrie und tragen zu einer ressourcenschonenden Produktion bei. Die Freude \u00fcber den Gewinn des Startfeld Diamant 2025 ist gross:\u00a0\u00abDiese Auszeichnung ist eine grosse Ehre f\u00fcr unser Team und beweist, dass unsere Vision von nachhaltigen, zirkul\u00e4ren Lebensmittelsystemen Schule machen wird\u00bb, sagt Vincent Vida, Gr\u00fcnder von UpGrain.<\/p>\n<h3><strong>Starke Partnerschaften mit Signalwirkung<\/strong><\/h3>\n<p>Gemeinsam mit der Brauerei Locher hat UpGrain im vergangenen Jahr Europas gr\u00f6sste <a href=\"https:\/\/www.organisator.ch\/de\/sustainability\/2024-09-12\/groesste-food-upcycling-anlage-europas-steht-in-appenzell\/\">Food Upcycling Anlage<\/a> in Betrieb genommen. Die Anlage verarbeitet j\u00e4hrlich rund 25.000 Tonnen Biertreber zu Proteinen und Ballaststoffen f\u00fcr die Lebensmittelindustrie. Diese finden Verwendung als Mehlersatz, zur Texturverbesserung in Backwaren und Fleischersatzprodukten sowie als Grundlage f\u00fcr proteinreiche Snacks und Getr\u00e4nke. Dieser Prozess tr\u00e4gt zur Reduktion von CO\u2082-Emissionen bei, spart Wasser und verringert den Bedarf an Ackeranbaufl\u00e4chen f\u00fcr traditionelle Proteinquellen wie Weizen oder Soja. Aur\u00e8le Meyer, Gesch\u00e4ftsleiter der Brauerei Locher, betont: \u00abUpGrain hat gezeigt, dass es mit seiner Entwicklung im Bereich Food-Upcycling eine skalierbare Innovation geschaffen hat, welche die Nebenstr\u00f6me unserer Brauerei vielseitig einsetzbar machen.\u00bb Jury-Mitglied Bettina Hein G\u00f6ldi erg\u00e4nzt:\u00a0\u00abUpGrain hat mit seinem nachhaltigen Innovationsansatz \u00fcberzeugt. Das Startup ist nicht nur skalierbar, sondern bringt auch langfristig einen echten \u00f6kologischen Mehrwert\u00bb, sagt Bettina Hein G\u00f6ldi, Jury-Mitglied.<\/p>\n<p><em><a href=\"http:\/\/www.upgrain.ch\/\">www.upgrain.ch<\/a><\/em><\/p>\n","protected":false},"excerpt":{"rendered":"<p>Das Appenzeller Start-up UpGrain wurde mit dem Startfeld Diamant 2025 ausgezeichnet. Der Preis der St.Galler Kantonalbank w\u00fcrdigt herausragende Ostschweizer Unternehmen, die mit Innovationskraft und Zukunftsvision \u00fcberzeugen.<\/p>\n","protected":false},"author":4,"featured_media":38732,"comment_status":"closed","ping_status":"closed","sticky":false,"template":"","format":"standard","meta":{"_acf_changed":false,"_yoast_wpseo_focuskw":"Startfeld Diamant","_yoast_wpseo_metadesc":"Das Appenzeller Start-up UpGrain wurde mit dem Startfeld Diamant 2025, dem Jungunternehmerpreis der St.Galler Kantonalbank, ausgezeichnet.","articlekey":"","footnotes":""},"categories":[580],"tags":[66,358,451,492],"class_list":["post-38731","post","type-post","status-publish","format-standard","has-post-thumbnail","hentry","category-sustainability","tag-awards","tag-nachhaltige-wirtschaft","tag-startups","tag-unternehmen"],"acf":[],"yoast_head":"<!-- This site is optimized with the Yoast SEO plugin v27.5 - https:\/\/yoast.com\/product\/yoast-seo-wordpress\/ -->\n<title>Startfeld Diamant 2025: Weitere Auszeichnung f\u00fcr UpGrain - Organisator<\/title>\n<meta name=\"description\" content=\"Das Appenzeller Start-up UpGrain wurde mit dem Startfeld Diamant 2025, dem Jungunternehmerpreis der St.Galler Kantonalbank, ausgezeichnet.\" \/>\n<meta name=\"robots\" content=\"index, follow, max-snippet:-1, max-image-preview:large, max-video-preview:-1\" \/>\n<link rel=\"canonical\" href=\"https:\/\/www.organisator.ch\/de\/sustainability\/2025-06-06\/startfeld-diamant-2025-weitere-auszeichnung-fuer-upgrain\/\" \/>\n<meta property=\"og:locale\" content=\"de_DE\" \/>\n<meta property=\"og:type\" content=\"article\" \/>\n<meta property=\"og:title\" content=\"Startfeld Diamant 2025: Weitere Auszeichnung f\u00fcr UpGrain\" \/>\n<meta property=\"og:description\" content=\"Das Appenzeller Start-up UpGrain wurde mit dem Startfeld Diamant 2025, dem Jungunternehmerpreis der St.Galler Kantonalbank, ausgezeichnet.\" \/>\n<meta property=\"og:url\" content=\"https:\/\/www.organisator.ch\/de\/sustainability\/2025-06-06\/startfeld-diamant-2025-weitere-auszeichnung-fuer-upgrain\/\" \/>\n<meta property=\"og:site_name\" content=\"Organisator\" \/>\n<meta property=\"article:publisher\" content=\"https:\/\/www.facebook.com\/OrganisatorFachmagazin\" \/>\n<meta property=\"article:published_time\" content=\"2025-06-06T05:41:57+00:00\" \/>\n<meta property=\"og:image\" content=\"https:\/\/www.organisator.ch\/wp-content\/uploads\/2025\/06\/Startfeld-Diamant-2025-Weitere-Auszeichnung-fuer-UpGrain_Organisator.jpg\" \/>\n\t<meta property=\"og:image:width\" content=\"680\" \/>\n\t<meta property=\"og:image:height\" content=\"502\" \/>\n\t<meta property=\"og:image:type\" content=\"image\/jpeg\" \/>\n<meta name=\"author\" content=\"thomas.berner\" \/>\n<meta name=\"twitter:card\" content=\"summary_large_image\" \/>\n<meta name=\"twitter:title\" content=\"#Startfeld Diamant 2025: Weitere Auszeichnung f\u00fcr #UpGrain\" \/>\n<meta name=\"twitter:description\" content=\"Das Appenzeller #Start-up UpGrain wurde mit dem Startfeld Diamant 2025, dem Jungunternehmerpreis der St.Galler Kantonalbank, ausgezeichnet.\" \/>\n<meta name=\"twitter:image\" content=\"https:\/\/www.organisator.ch\/wp-content\/uploads\/2025\/06\/Startfeld-Diamant-2025-Weitere-Auszeichnung-fuer-UpGrain_Organisator.jpg\" \/>\n<script type=\"application\/ld+json\" class=\"yoast-schema-graph\">{\"@context\":\"https:\\\/\\\/schema.org\",\"@graph\":[{\"@type\":\"Article\",\"@id\":\"https:\\\/\\\/www.organisator.ch\\\/sustainability\\\/2025-06-06\\\/startfeld-diamant-2025-weitere-auszeichnung-fuer-upgrain\\\/#article\",\"isPartOf\":{\"@id\":\"https:\\\/\\\/www.organisator.ch\\\/sustainability\\\/2025-06-06\\\/startfeld-diamant-2025-weitere-auszeichnung-fuer-upgrain\\\/\"},\"author\":{\"name\":\"thomas.berner\",\"@id\":\"https:\\\/\\\/www.organisator.ch\\\/#\\\/schema\\\/person\\\/6f650f90b2842cd4c0cc334b4e36f67e\"},\"headline\":\"Startfeld Diamant 2025: Weitere Auszeichnung f\u00fcr UpGrain\",\"datePublished\":\"2025-06-06T05:41:57+00:00\",\"mainEntityOfPage\":{\"@id\":\"https:\\\/\\\/www.organisator.ch\\\/sustainability\\\/2025-06-06\\\/startfeld-diamant-2025-weitere-auszeichnung-fuer-upgrain\\\/\"},\"wordCount\":335,\"publisher\":{\"@id\":\"https:\\\/\\\/www.organisator.ch\\\/#organization\"},\"image\":{\"@id\":\"https:\\\/\\\/www.organisator.ch\\\/sustainability\\\/2025-06-06\\\/startfeld-diamant-2025-weitere-auszeichnung-fuer-upgrain\\\/#primaryimage\"},\"thumbnailUrl\":\"https:\\\/\\\/www.organisator.ch\\\/wp-content\\\/uploads\\\/2025\\\/06\\\/Startfeld-Diamant-2025-Weitere-Auszeichnung-fuer-UpGrain_Organisator.jpg\",\"keywords\":[\"Awards\",\"Nachhaltige Wirtschaft\",\"Startups\",\"Unternehmen\"],\"articleSection\":[\"SUSTAINABILITY\"],\"inLanguage\":\"de\"},{\"@type\":\"WebPage\",\"@id\":\"https:\\\/\\\/www.organisator.ch\\\/sustainability\\\/2025-06-06\\\/startfeld-diamant-2025-weitere-auszeichnung-fuer-upgrain\\\/\",\"url\":\"https:\\\/\\\/www.organisator.ch\\\/sustainability\\\/2025-06-06\\\/startfeld-diamant-2025-weitere-auszeichnung-fuer-upgrain\\\/\",\"name\":\"Startfeld Diamant 2025: Weitere Auszeichnung f\u00fcr UpGrain - Organisator\",\"isPartOf\":{\"@id\":\"https:\\\/\\\/www.organisator.ch\\\/#website\"},\"primaryImageOfPage\":{\"@id\":\"https:\\\/\\\/www.organisator.ch\\\/sustainability\\\/2025-06-06\\\/startfeld-diamant-2025-weitere-auszeichnung-fuer-upgrain\\\/#primaryimage\"},\"image\":{\"@id\":\"https:\\\/\\\/www.organisator.ch\\\/sustainability\\\/2025-06-06\\\/startfeld-diamant-2025-weitere-auszeichnung-fuer-upgrain\\\/#primaryimage\"},\"thumbnailUrl\":\"https:\\\/\\\/www.organisator.ch\\\/wp-content\\\/uploads\\\/2025\\\/06\\\/Startfeld-Diamant-2025-Weitere-Auszeichnung-fuer-UpGrain_Organisator.jpg\",\"datePublished\":\"2025-06-06T05:41:57+00:00\",\"description\":\"Das Appenzeller Start-up UpGrain wurde mit dem Startfeld Diamant 2025, dem Jungunternehmerpreis der St.Galler Kantonalbank, ausgezeichnet.\",\"breadcrumb\":{\"@id\":\"https:\\\/\\\/www.organisator.ch\\\/sustainability\\\/2025-06-06\\\/startfeld-diamant-2025-weitere-auszeichnung-fuer-upgrain\\\/#breadcrumb\"},\"inLanguage\":\"de\",\"potentialAction\":[{\"@type\":\"ReadAction\",\"target\":[\"https:\\\/\\\/www.organisator.ch\\\/sustainability\\\/2025-06-06\\\/startfeld-diamant-2025-weitere-auszeichnung-fuer-upgrain\\\/\"]}]},{\"@type\":\"ImageObject\",\"inLanguage\":\"de\",\"@id\":\"https:\\\/\\\/www.organisator.ch\\\/sustainability\\\/2025-06-06\\\/startfeld-diamant-2025-weitere-auszeichnung-fuer-upgrain\\\/#primaryimage\",\"url\":\"https:\\\/\\\/www.organisator.ch\\\/wp-content\\\/uploads\\\/2025\\\/06\\\/Startfeld-Diamant-2025-Weitere-Auszeichnung-fuer-UpGrain_Organisator.jpg\",\"contentUrl\":\"https:\\\/\\\/www.organisator.ch\\\/wp-content\\\/uploads\\\/2025\\\/06\\\/Startfeld-Diamant-2025-Weitere-Auszeichnung-fuer-UpGrain_Organisator.jpg\",\"width\":680,\"height\":502,\"caption\":\"SONY DSC\"},{\"@type\":\"BreadcrumbList\",\"@id\":\"https:\\\/\\\/www.organisator.ch\\\/sustainability\\\/2025-06-06\\\/startfeld-diamant-2025-weitere-auszeichnung-fuer-upgrain\\\/#breadcrumb\",\"itemListElement\":[{\"@type\":\"ListItem\",\"position\":1,\"name\":\"Home\",\"item\":\"https:\\\/\\\/www.organisator.ch\\\/\"},{\"@type\":\"ListItem\",\"position\":2,\"name\":\"Startfeld Diamant 2025: Weitere Auszeichnung f\u00fcr UpGrain\"}]},{\"@type\":\"WebSite\",\"@id\":\"https:\\\/\\\/www.organisator.ch\\\/#website\",\"url\":\"https:\\\/\\\/www.organisator.ch\\\/\",\"name\":\"Organisator\",\"description\":\"Kompetent. Praxisnah. Der ORGANISATOR bereitet in 10 Ausgaben pro Jahr die wesentlichen Themen f\u00fcr F\u00fchrungskr\u00e4fte von KMU auf.\",\"publisher\":{\"@id\":\"https:\\\/\\\/www.organisator.ch\\\/#organization\"},\"potentialAction\":[{\"@type\":\"SearchAction\",\"target\":{\"@type\":\"EntryPoint\",\"urlTemplate\":\"https:\\\/\\\/www.organisator.ch\\\/?s={search_term_string}\"},\"query-input\":{\"@type\":\"PropertyValueSpecification\",\"valueRequired\":true,\"valueName\":\"search_term_string\"}}],\"inLanguage\":\"de\"},{\"@type\":\"Organization\",\"@id\":\"https:\\\/\\\/www.organisator.ch\\\/#organization\",\"name\":\"Organisator\",\"url\":\"https:\\\/\\\/www.organisator.ch\\\/\",\"logo\":{\"@type\":\"ImageObject\",\"inLanguage\":\"de\",\"@id\":\"https:\\\/\\\/www.organisator.ch\\\/#\\\/schema\\\/logo\\\/image\\\/\",\"url\":\"https:\\\/\\\/www.organisator.ch\\\/wp-content\\\/uploads\\\/2022\\\/01\\\/Logo_Organisator_Website.png\",\"contentUrl\":\"https:\\\/\\\/www.organisator.ch\\\/wp-content\\\/uploads\\\/2022\\\/01\\\/Logo_Organisator_Website.png\",\"width\":800,\"height\":77,\"caption\":\"Organisator\"},\"image\":{\"@id\":\"https:\\\/\\\/www.organisator.ch\\\/#\\\/schema\\\/logo\\\/image\\\/\"},\"sameAs\":[\"https:\\\/\\\/www.facebook.com\\\/OrganisatorFachmagazin\",\"https:\\\/\\\/www.linkedin.com\\\/showcase\\\/organisator-das-magazin-fr-kmu\",\"https:\\\/\\\/www.xing.com\\\/news\\\/pages\\\/organisator-ch-695\",\"https:\\\/\\\/www.youtube.com\\\/channel\\\/UCGP2Sq0iWaZwT3BdIAQFYpw\"]},{\"@type\":\"Person\",\"@id\":\"https:\\\/\\\/www.organisator.ch\\\/#\\\/schema\\\/person\\\/6f650f90b2842cd4c0cc334b4e36f67e\",\"name\":\"thomas.berner\",\"image\":{\"@type\":\"ImageObject\",\"inLanguage\":\"de\",\"@id\":\"https:\\\/\\\/secure.gravatar.com\\\/avatar\\\/ac5001d2a36cb6c6cd3e50789007ffca834b477b74a2144564522e944eabff61?s=96&d=mm&r=g\",\"url\":\"https:\\\/\\\/secure.gravatar.com\\\/avatar\\\/ac5001d2a36cb6c6cd3e50789007ffca834b477b74a2144564522e944eabff61?s=96&d=mm&r=g\",\"contentUrl\":\"https:\\\/\\\/secure.gravatar.com\\\/avatar\\\/ac5001d2a36cb6c6cd3e50789007ffca834b477b74a2144564522e944eabff61?s=96&d=mm&r=g\",\"caption\":\"thomas.berner\"},\"url\":\"https:\\\/\\\/www.organisator.ch\\\/de\\\/author\\\/thomas-berner\\\/\"}]}<\/script>\n<!-- \/ Yoast SEO plugin. -->","yoast_head_json":{"title":"Startfeld Diamant 2025: Weitere Auszeichnung f\u00fcr UpGrain - Organisator","description":"Das Appenzeller Start-up UpGrain wurde mit dem Startfeld Diamant 2025, dem Jungunternehmerpreis der St.Galler Kantonalbank, ausgezeichnet.","robots":{"index":"index","follow":"follow","max-snippet":"max-snippet:-1","max-image-preview":"max-image-preview:large","max-video-preview":"max-video-preview:-1"},"canonical":"https:\/\/www.organisator.ch\/de\/sustainability\/2025-06-06\/startfeld-diamant-2025-weitere-auszeichnung-fuer-upgrain\/","og_locale":"de_DE","og_type":"article","og_title":"Startfeld Diamant 2025: Weitere Auszeichnung f\u00fcr UpGrain","og_description":"Das Appenzeller Start-up UpGrain wurde mit dem Startfeld Diamant 2025, dem Jungunternehmerpreis der St.Galler Kantonalbank, ausgezeichnet.","og_url":"https:\/\/www.organisator.ch\/de\/sustainability\/2025-06-06\/startfeld-diamant-2025-weitere-auszeichnung-fuer-upgrain\/","og_site_name":"Organisator","article_publisher":"https:\/\/www.facebook.com\/OrganisatorFachmagazin","article_published_time":"2025-06-06T05:41:57+00:00","og_image":[{"width":680,"height":502,"url":"https:\/\/www.organisator.ch\/wp-content\/uploads\/2025\/06\/Startfeld-Diamant-2025-Weitere-Auszeichnung-fuer-UpGrain_Organisator.jpg","type":"image\/jpeg"}],"author":"thomas.berner","twitter_card":"summary_large_image","twitter_title":"#Startfeld Diamant 2025: Weitere Auszeichnung f\u00fcr #UpGrain","twitter_description":"Das Appenzeller #Start-up UpGrain wurde mit dem Startfeld Diamant 2025, dem Jungunternehmerpreis der St.Galler Kantonalbank, ausgezeichnet.","twitter_image":"https:\/\/www.organisator.ch\/wp-content\/uploads\/2025\/06\/Startfeld-Diamant-2025-Weitere-Auszeichnung-fuer-UpGrain_Organisator.jpg","schema":{"@context":"https:\/\/schema.org","@graph":[{"@type":"Article","@id":"https:\/\/www.organisator.ch\/sustainability\/2025-06-06\/startfeld-diamant-2025-weitere-auszeichnung-fuer-upgrain\/#article","isPartOf":{"@id":"https:\/\/www.organisator.ch\/sustainability\/2025-06-06\/startfeld-diamant-2025-weitere-auszeichnung-fuer-upgrain\/"},"author":{"name":"thomas.berner","@id":"https:\/\/www.organisator.ch\/#\/schema\/person\/6f650f90b2842cd4c0cc334b4e36f67e"},"headline":"Startfeld Diamant 2025: Weitere Auszeichnung f\u00fcr UpGrain","datePublished":"2025-06-06T05:41:57+00:00","mainEntityOfPage":{"@id":"https:\/\/www.organisator.ch\/sustainability\/2025-06-06\/startfeld-diamant-2025-weitere-auszeichnung-fuer-upgrain\/"},"wordCount":335,"publisher":{"@id":"https:\/\/www.organisator.ch\/#organization"},"image":{"@id":"https:\/\/www.organisator.ch\/sustainability\/2025-06-06\/startfeld-diamant-2025-weitere-auszeichnung-fuer-upgrain\/#primaryimage"},"thumbnailUrl":"https:\/\/www.organisator.ch\/wp-content\/uploads\/2025\/06\/Startfeld-Diamant-2025-Weitere-Auszeichnung-fuer-UpGrain_Organisator.jpg","keywords":["Awards","Nachhaltige Wirtschaft","Startups","Unternehmen"],"articleSection":["SUSTAINABILITY"],"inLanguage":"de"},{"@type":"WebPage","@id":"https:\/\/www.organisator.ch\/sustainability\/2025-06-06\/startfeld-diamant-2025-weitere-auszeichnung-fuer-upgrain\/","url":"https:\/\/www.organisator.ch\/sustainability\/2025-06-06\/startfeld-diamant-2025-weitere-auszeichnung-fuer-upgrain\/","name":"Startfeld Diamant 2025: Weitere Auszeichnung f\u00fcr UpGrain - Organisator","isPartOf":{"@id":"https:\/\/www.organisator.ch\/#website"},"primaryImageOfPage":{"@id":"https:\/\/www.organisator.ch\/sustainability\/2025-06-06\/startfeld-diamant-2025-weitere-auszeichnung-fuer-upgrain\/#primaryimage"},"image":{"@id":"https:\/\/www.organisator.ch\/sustainability\/2025-06-06\/startfeld-diamant-2025-weitere-auszeichnung-fuer-upgrain\/#primaryimage"},"thumbnailUrl":"https:\/\/www.organisator.ch\/wp-content\/uploads\/2025\/06\/Startfeld-Diamant-2025-Weitere-Auszeichnung-fuer-UpGrain_Organisator.jpg","datePublished":"2025-06-06T05:41:57+00:00","description":"Das Appenzeller Start-up UpGrain wurde mit dem Startfeld Diamant 2025, dem Jungunternehmerpreis der St.Galler Kantonalbank, ausgezeichnet.","breadcrumb":{"@id":"https:\/\/www.organisator.ch\/sustainability\/2025-06-06\/startfeld-diamant-2025-weitere-auszeichnung-fuer-upgrain\/#breadcrumb"},"inLanguage":"de","potentialAction":[{"@type":"ReadAction","target":["https:\/\/www.organisator.ch\/sustainability\/2025-06-06\/startfeld-diamant-2025-weitere-auszeichnung-fuer-upgrain\/"]}]},{"@type":"ImageObject","inLanguage":"de","@id":"https:\/\/www.organisator.ch\/sustainability\/2025-06-06\/startfeld-diamant-2025-weitere-auszeichnung-fuer-upgrain\/#primaryimage","url":"https:\/\/www.organisator.ch\/wp-content\/uploads\/2025\/06\/Startfeld-Diamant-2025-Weitere-Auszeichnung-fuer-UpGrain_Organisator.jpg","contentUrl":"https:\/\/www.organisator.ch\/wp-content\/uploads\/2025\/06\/Startfeld-Diamant-2025-Weitere-Auszeichnung-fuer-UpGrain_Organisator.jpg","width":680,"height":502,"caption":"SONY DSC"},{"@type":"BreadcrumbList","@id":"https:\/\/www.organisator.ch\/sustainability\/2025-06-06\/startfeld-diamant-2025-weitere-auszeichnung-fuer-upgrain\/#breadcrumb","itemListElement":[{"@type":"ListItem","position":1,"name":"Home","item":"https:\/\/www.organisator.ch\/"},{"@type":"ListItem","position":2,"name":"Startfeld Diamant 2025: Weitere Auszeichnung f\u00fcr UpGrain"}]},{"@type":"WebSite","@id":"https:\/\/www.organisator.ch\/#website","url":"https:\/\/www.organisator.ch\/","name":"Organisator","description":"Kompetent. Praxisnah. Der ORGANISATOR bereitet in 10 Ausgaben pro Jahr die wesentlichen Themen f\u00fcr F\u00fchrungskr\u00e4fte von KMU auf.","publisher":{"@id":"https:\/\/www.organisator.ch\/#organization"},"potentialAction":[{"@type":"SearchAction","target":{"@type":"EntryPoint","urlTemplate":"https:\/\/www.organisator.ch\/?s={search_term_string}"},"query-input":{"@type":"PropertyValueSpecification","valueRequired":true,"valueName":"search_term_string"}}],"inLanguage":"de"},{"@type":"Organization","@id":"https:\/\/www.organisator.ch\/#organization","name":"Organisator","url":"https:\/\/www.organisator.ch\/","logo":{"@type":"ImageObject","inLanguage":"de","@id":"https:\/\/www.organisator.ch\/#\/schema\/logo\/image\/","url":"https:\/\/www.organisator.ch\/wp-content\/uploads\/2022\/01\/Logo_Organisator_Website.png","contentUrl":"https:\/\/www.organisator.ch\/wp-content\/uploads\/2022\/01\/Logo_Organisator_Website.png","width":800,"height":77,"caption":"Organisator"},"image":{"@id":"https:\/\/www.organisator.ch\/#\/schema\/logo\/image\/"},"sameAs":["https:\/\/www.facebook.com\/OrganisatorFachmagazin","https:\/\/www.linkedin.com\/showcase\/organisator-das-magazin-fr-kmu","https:\/\/www.xing.com\/news\/pages\/organisator-ch-695","https:\/\/www.youtube.com\/channel\/UCGP2Sq0iWaZwT3BdIAQFYpw"]},{"@type":"Person","@id":"https:\/\/www.organisator.ch\/#\/schema\/person\/6f650f90b2842cd4c0cc334b4e36f67e","name":"thomas.berner","image":{"@type":"ImageObject","inLanguage":"de","@id":"https:\/\/secure.gravatar.com\/avatar\/ac5001d2a36cb6c6cd3e50789007ffca834b477b74a2144564522e944eabff61?s=96&d=mm&r=g","url":"https:\/\/secure.gravatar.com\/avatar\/ac5001d2a36cb6c6cd3e50789007ffca834b477b74a2144564522e944eabff61?s=96&d=mm&r=g","contentUrl":"https:\/\/secure.gravatar.com\/avatar\/ac5001d2a36cb6c6cd3e50789007ffca834b477b74a2144564522e944eabff61?s=96&d=mm&r=g","caption":"thomas.berner"},"url":"https:\/\/www.organisator.ch\/de\/author\/thomas-berner\/"}]}},"_links":{"self":[{"href":"https:\/\/www.organisator.ch\/de\/wp-json\/wp\/v2\/posts\/38731","targetHints":{"allow":["GET"]}}],"collection":[{"href":"https:\/\/www.organisator.ch\/de\/wp-json\/wp\/v2\/posts"}],"about":[{"href":"https:\/\/www.organisator.ch\/de\/wp-json\/wp\/v2\/types\/post"}],"author":[{"embeddable":true,"href":"https:\/\/www.organisator.ch\/de\/wp-json\/wp\/v2\/users\/4"}],"replies":[{"embeddable":true,"href":"https:\/\/www.organisator.ch\/de\/wp-json\/wp\/v2\/comments?post=38731"}],"version-history":[{"count":3,"href":"https:\/\/www.organisator.ch\/de\/wp-json\/wp\/v2\/posts\/38731\/revisions"}],"predecessor-version":[{"id":38775,"href":"https:\/\/www.organisator.ch\/de\/wp-json\/wp\/v2\/posts\/38731\/revisions\/38775"}],"wp:featuredmedia":[{"embeddable":true,"href":"https:\/\/www.organisator.ch\/de\/wp-json\/wp\/v2\/media\/38732"}],"wp:attachment":[{"href":"https:\/\/www.organisator.ch\/de\/wp-json\/wp\/v2\/media?parent=38731"}],"wp:term":[{"taxonomy":"category","embeddable":true,"href":"https:\/\/www.organisator.ch\/de\/wp-json\/wp\/v2\/categories?post=38731"},{"taxonomy":"post_tag","embeddable":true,"href":"https:\/\/www.organisator.ch\/de\/wp-json\/wp\/v2\/tags?post=38731"}],"curies":[{"name":"wp","href":"https:\/\/api.w.org\/{rel}","templated":true}]}}