{"id":3876,"date":"2018-06-28T07:36:00","date_gmt":"2018-06-28T05:36:00","guid":{"rendered":"https:\/\/www.organisator.ch\/?p=3876"},"modified":"2018-06-28T07:36:00","modified_gmt":"2018-06-28T05:36:00","slug":"florence-schnydrig-moser-neue-ceo-von-swisscard","status":"publish","type":"post","link":"https:\/\/www.organisator.ch\/de\/management\/finanzen_recht\/2018-06-28\/florence-schnydrig-moser-neue-ceo-von-swisscard\/","title":{"rendered":"Florence Schnydrig Moser neue CEO von Swisscard"},"content":{"rendered":"<figure id=\"attachment_3877\" aria-describedby=\"caption-attachment-3877\" style=\"width: 640px\" class=\"wp-caption alignnone\"><img loading=\"lazy\" decoding=\"async\" class=\"size-full wp-image-3877\" src=\"https:\/\/www.organisator.ch\/wp-content\/uploads\/2018\/06\/Florence-Schnydrig-Moser-neue-CEO-von-Swisscard_Organisator.jpg\" alt=\"\" width=\"640\" height=\"392\" srcset=\"https:\/\/www.organisator.ch\/wp-content\/uploads\/2018\/06\/Florence-Schnydrig-Moser-neue-CEO-von-Swisscard_Organisator.jpg 640w, https:\/\/www.organisator.ch\/wp-content\/uploads\/2018\/06\/Florence-Schnydrig-Moser-neue-CEO-von-Swisscard_Organisator-16x10.jpg 16w, https:\/\/www.organisator.ch\/wp-content\/uploads\/2018\/06\/Florence-Schnydrig-Moser-neue-CEO-von-Swisscard_Organisator-286x175.jpg 286w, https:\/\/www.organisator.ch\/wp-content\/uploads\/2018\/06\/Florence-Schnydrig-Moser-neue-CEO-von-Swisscard_Organisator-571x350.jpg 571w, https:\/\/www.organisator.ch\/wp-content\/uploads\/2018\/06\/Florence-Schnydrig-Moser-neue-CEO-von-Swisscard_Organisator-300x184.jpg 300w\" sizes=\"auto, (max-width: 640px) 100vw, 640px\" \/><figcaption id=\"caption-attachment-3877\" class=\"wp-caption-text\">Florence Schnydrig Moser (Bild: zVg Swisscard)<\/figcaption><\/figure>\n<p>Florence Schnydrig Moser tritt die Nachfolge von Marcel B\u00fchrer an, der Swisscard\u00a0im Mai 2018 verlassen hat, um sich vermehrt privaten Projekten zu widmen. In ihrer bisherigen F\u00fchrungsrolle als Head of Products, Investments &amp; Marketing ist Florence Schnydrig f\u00fcr die Entwicklung und Vermarktung der Produkte der Credit Suisse (Schweiz) AG zust\u00e4ndig. Als Mitglied der Gesch\u00e4ftsleitung tr\u00e4gt sie zus\u00e4tzlich eine \u00fcbergreifende Verantwortung innerhalb Credit Suisse (Schweiz) AG. Die neue Chefin von Swisscard &#8211; das Unternehmen ist im Besitz von Credit Suisse und American Express und\u00a0bietet als einziges Unternehmen der Schweiz die weltweit f\u00fchrenden Kreditkartenmarken American Express, Mastercard und Visa aus einer Hand an &#8211; verf\u00fcgt \u00fcber grosse Branchenerfahrung im bargeldlosen Zahlungsgesch\u00e4ft und den damit zusammenh\u00e4ngenden Entwicklungen und Herausforderungen. Als Vertreterin der Credit Suisse arbeitete Florence Schnydrig seit \u00fcber zwei Jahren im Board of Managing Officers von Swisscard (entspricht Verwaltungsrat in einer Aktiengesellschaft) und auch im Verwaltungsrat der TWINT AG. Diese beiden Funktionen gibt sie mit ihrer Wahl zur CEO von Swisscard ab.<\/p>\n<p>Die neue CEO von Swisscard freut sich auf ihre neue Funktion: \u00abWie die gesamte Finanzbranche stehen auch die Kreditkartenanbieter aufgrund der fortschreitenden Digitalisierung vor grossen Ver\u00e4nderungen. Die Zukunft wird Kunden dank neuen technologischen M\u00f6glichkeiten sp\u00fcrbare Vorteile bieten. Ich freue mich, diesen Prozess dank meiner neuen Aufgabe aktiv mitgestalten zu k\u00f6nnen.\u00bb Florence Schnydrig studierte Mathematik an der Eidgen\u00f6ssischen Technischen Hochschule in Lausanne (EPFL) und erwarb zus\u00e4tzlich die Lehrberechtigung als Gymnasiallehrerin f\u00fcr Mathematik. Nach dem Studium startete sie eine Karriere in der Finanzindustrie und erwarb ein CFA (Chartered Financial Analyst). Seit dem Jahr 2000 ist Florence Schnydrig in unterschiedlichen Funktionen f\u00fcr die Credit Suisse t\u00e4tig, unter anderem in Z\u00fcrich, Australien und Hongkong.<\/p>\n<p><a href=\"http:\/\/www.swisscard.ch\"><em>www.swisscard.ch<\/em> <\/a><\/p>\n<p>&nbsp;<\/p>\n<p>&nbsp;<\/p>\n","protected":false},"excerpt":{"rendered":"<p>Florence Schnydrig Moser tritt die Nachfolge von Marcel B\u00fchrer an, der Swisscard\u00a0im Mai 2018 verlassen hat, um sich vermehrt privaten Projekten zu widmen. In ihrer bisherigen F\u00fchrungsrolle als Head of Products, Investments &amp; Marketing ist Florence Schnydrig f\u00fcr die Entwicklung und Vermarktung der Produkte der Credit Suisse (Schweiz) AG zust\u00e4ndig. Als Mitglied der Gesch\u00e4ftsleitung tr\u00e4gt [&hellip;]<\/p>\n","protected":false},"author":4,"featured_media":3877,"comment_status":"open","ping_status":"open","sticky":false,"template":"","format":"standard","meta":{"_acf_changed":false,"_yoast_wpseo_focuskw":"Florence Schnydrig","_yoast_wpseo_metadesc":"Florence Schnydrig Moser ist zur neuen CEO der Swisscard AECS GmbH ernannt worden. Sie wird ihre Funktion am 1. September 2018 antreten.","articlekey":"","footnotes":""},"categories":[24],"tags":[202,203,381,492],"class_list":["post-3876","post","type-post","status-publish","format-standard","has-post-thumbnail","hentry","category-finanzen_recht","tag-finanzenrecht","tag-finanzierung","tag-personalia","tag-unternehmen"],"acf":[],"yoast_head":"<!-- This site is optimized with the Yoast SEO plugin v27.4 - https:\/\/yoast.com\/product\/yoast-seo-wordpress\/ -->\n<title>Florence Schnydrig Moser neue CEO von Swisscard - Organisator<\/title>\n<meta name=\"description\" content=\"Florence Schnydrig Moser ist zur neuen CEO der Swisscard AECS GmbH ernannt worden. Sie wird ihre Funktion am 1. September 2018 antreten.\" \/>\n<meta name=\"robots\" content=\"index, follow, max-snippet:-1, max-image-preview:large, max-video-preview:-1\" \/>\n<link rel=\"canonical\" href=\"https:\/\/www.organisator.ch\/de\/management\/finanzen_recht\/2018-06-28\/florence-schnydrig-moser-neue-ceo-von-swisscard\/\" \/>\n<meta property=\"og:locale\" content=\"de_DE\" \/>\n<meta property=\"og:type\" content=\"article\" \/>\n<meta property=\"og:title\" content=\"Florence Schnydrig Moser neue CEO von Swisscard\" \/>\n<meta property=\"og:description\" content=\"Florence Schnydrig Moser ist zur neuen CEO der #Swisscard AECS GmbH ernannt worden. Sie wird ihre Funktion am 1. September 2018 antreten.\" \/>\n<meta property=\"og:url\" content=\"https:\/\/www.organisator.ch\/de\/management\/finanzen_recht\/2018-06-28\/florence-schnydrig-moser-neue-ceo-von-swisscard\/\" \/>\n<meta property=\"og:site_name\" content=\"Organisator\" \/>\n<meta property=\"article:publisher\" content=\"https:\/\/www.facebook.com\/OrganisatorFachmagazin\" \/>\n<meta property=\"article:published_time\" content=\"2018-06-28T05:36:00+00:00\" \/>\n<meta property=\"og:image\" content=\"https:\/\/www.organisator.ch\/wp-content\/uploads\/2018\/06\/Florence-Schnydrig-Moser-neue-CEO-von-Swisscard_Organisator.jpg\" \/>\n\t<meta property=\"og:image:width\" content=\"640\" \/>\n\t<meta property=\"og:image:height\" content=\"392\" \/>\n\t<meta property=\"og:image:type\" content=\"image\/jpeg\" \/>\n<meta name=\"author\" content=\"thomas.berner\" \/>\n<meta name=\"twitter:card\" content=\"summary_large_image\" \/>\n<meta name=\"twitter:title\" content=\"Florence #Schnydrig Moser neue CEO von #Swisscard\" \/>\n<meta name=\"twitter:description\" content=\"Florence Schnydrig Moser ist zur neuen CEO der #Swisscard AECS GmbH ernannt worden. Sie wird ihre Funktion am 1. September 2018 antreten.\" \/>\n<meta name=\"twitter:image\" content=\"https:\/\/www.organisator.ch\/wp-content\/uploads\/2018\/06\/Florence-Schnydrig-Moser-neue-CEO-von-Swisscard_Organisator.jpg\" \/>\n<script type=\"application\/ld+json\" class=\"yoast-schema-graph\">{\"@context\":\"https:\\\/\\\/schema.org\",\"@graph\":[{\"@type\":\"Article\",\"@id\":\"https:\\\/\\\/www.organisator.ch\\\/management\\\/finanzen_recht\\\/2018-06-28\\\/florence-schnydrig-moser-neue-ceo-von-swisscard\\\/#article\",\"isPartOf\":{\"@id\":\"https:\\\/\\\/www.organisator.ch\\\/management\\\/finanzen_recht\\\/2018-06-28\\\/florence-schnydrig-moser-neue-ceo-von-swisscard\\\/\"},\"author\":{\"name\":\"thomas.berner\",\"@id\":\"https:\\\/\\\/www.organisator.ch\\\/#\\\/schema\\\/person\\\/6f650f90b2842cd4c0cc334b4e36f67e\"},\"headline\":\"Florence Schnydrig Moser neue CEO von Swisscard\",\"datePublished\":\"2018-06-28T05:36:00+00:00\",\"mainEntityOfPage\":{\"@id\":\"https:\\\/\\\/www.organisator.ch\\\/management\\\/finanzen_recht\\\/2018-06-28\\\/florence-schnydrig-moser-neue-ceo-von-swisscard\\\/\"},\"wordCount\":316,\"commentCount\":0,\"publisher\":{\"@id\":\"https:\\\/\\\/www.organisator.ch\\\/#organization\"},\"image\":{\"@id\":\"https:\\\/\\\/www.organisator.ch\\\/management\\\/finanzen_recht\\\/2018-06-28\\\/florence-schnydrig-moser-neue-ceo-von-swisscard\\\/#primaryimage\"},\"thumbnailUrl\":\"https:\\\/\\\/www.organisator.ch\\\/wp-content\\\/uploads\\\/2018\\\/06\\\/Florence-Schnydrig-Moser-neue-CEO-von-Swisscard_Organisator.jpg\",\"keywords\":[\"Finanzen\\\/Recht\",\"Finanzierung\",\"Personalia\",\"Unternehmen\"],\"articleSection\":[\"FINANZEN\\\/RECHT\"],\"inLanguage\":\"de\"},{\"@type\":\"WebPage\",\"@id\":\"https:\\\/\\\/www.organisator.ch\\\/management\\\/finanzen_recht\\\/2018-06-28\\\/florence-schnydrig-moser-neue-ceo-von-swisscard\\\/\",\"url\":\"https:\\\/\\\/www.organisator.ch\\\/management\\\/finanzen_recht\\\/2018-06-28\\\/florence-schnydrig-moser-neue-ceo-von-swisscard\\\/\",\"name\":\"Florence Schnydrig Moser neue CEO von Swisscard - Organisator\",\"isPartOf\":{\"@id\":\"https:\\\/\\\/www.organisator.ch\\\/#website\"},\"primaryImageOfPage\":{\"@id\":\"https:\\\/\\\/www.organisator.ch\\\/management\\\/finanzen_recht\\\/2018-06-28\\\/florence-schnydrig-moser-neue-ceo-von-swisscard\\\/#primaryimage\"},\"image\":{\"@id\":\"https:\\\/\\\/www.organisator.ch\\\/management\\\/finanzen_recht\\\/2018-06-28\\\/florence-schnydrig-moser-neue-ceo-von-swisscard\\\/#primaryimage\"},\"thumbnailUrl\":\"https:\\\/\\\/www.organisator.ch\\\/wp-content\\\/uploads\\\/2018\\\/06\\\/Florence-Schnydrig-Moser-neue-CEO-von-Swisscard_Organisator.jpg\",\"datePublished\":\"2018-06-28T05:36:00+00:00\",\"description\":\"Florence Schnydrig Moser ist zur neuen CEO der Swisscard AECS GmbH ernannt worden. Sie wird ihre Funktion am 1. September 2018 antreten.\",\"breadcrumb\":{\"@id\":\"https:\\\/\\\/www.organisator.ch\\\/management\\\/finanzen_recht\\\/2018-06-28\\\/florence-schnydrig-moser-neue-ceo-von-swisscard\\\/#breadcrumb\"},\"inLanguage\":\"de\",\"potentialAction\":[{\"@type\":\"ReadAction\",\"target\":[\"https:\\\/\\\/www.organisator.ch\\\/management\\\/finanzen_recht\\\/2018-06-28\\\/florence-schnydrig-moser-neue-ceo-von-swisscard\\\/\"]}]},{\"@type\":\"ImageObject\",\"inLanguage\":\"de\",\"@id\":\"https:\\\/\\\/www.organisator.ch\\\/management\\\/finanzen_recht\\\/2018-06-28\\\/florence-schnydrig-moser-neue-ceo-von-swisscard\\\/#primaryimage\",\"url\":\"https:\\\/\\\/www.organisator.ch\\\/wp-content\\\/uploads\\\/2018\\\/06\\\/Florence-Schnydrig-Moser-neue-CEO-von-Swisscard_Organisator.jpg\",\"contentUrl\":\"https:\\\/\\\/www.organisator.ch\\\/wp-content\\\/uploads\\\/2018\\\/06\\\/Florence-Schnydrig-Moser-neue-CEO-von-Swisscard_Organisator.jpg\",\"width\":640,\"height\":392,\"caption\":\"Florence Schnydrig Moser (Bild: zVg Swisscard)\"},{\"@type\":\"BreadcrumbList\",\"@id\":\"https:\\\/\\\/www.organisator.ch\\\/management\\\/finanzen_recht\\\/2018-06-28\\\/florence-schnydrig-moser-neue-ceo-von-swisscard\\\/#breadcrumb\",\"itemListElement\":[{\"@type\":\"ListItem\",\"position\":1,\"name\":\"Home\",\"item\":\"https:\\\/\\\/www.organisator.ch\\\/\"},{\"@type\":\"ListItem\",\"position\":2,\"name\":\"Florence Schnydrig Moser neue CEO von Swisscard\"}]},{\"@type\":\"WebSite\",\"@id\":\"https:\\\/\\\/www.organisator.ch\\\/#website\",\"url\":\"https:\\\/\\\/www.organisator.ch\\\/\",\"name\":\"Organisator\",\"description\":\"Kompetent. Praxisnah. Der ORGANISATOR bereitet in 10 Ausgaben pro Jahr die wesentlichen Themen f\u00fcr F\u00fchrungskr\u00e4fte von KMU auf.\",\"publisher\":{\"@id\":\"https:\\\/\\\/www.organisator.ch\\\/#organization\"},\"potentialAction\":[{\"@type\":\"SearchAction\",\"target\":{\"@type\":\"EntryPoint\",\"urlTemplate\":\"https:\\\/\\\/www.organisator.ch\\\/?s={search_term_string}\"},\"query-input\":{\"@type\":\"PropertyValueSpecification\",\"valueRequired\":true,\"valueName\":\"search_term_string\"}}],\"inLanguage\":\"de\"},{\"@type\":\"Organization\",\"@id\":\"https:\\\/\\\/www.organisator.ch\\\/#organization\",\"name\":\"Organisator\",\"url\":\"https:\\\/\\\/www.organisator.ch\\\/\",\"logo\":{\"@type\":\"ImageObject\",\"inLanguage\":\"de\",\"@id\":\"https:\\\/\\\/www.organisator.ch\\\/#\\\/schema\\\/logo\\\/image\\\/\",\"url\":\"https:\\\/\\\/www.organisator.ch\\\/wp-content\\\/uploads\\\/2022\\\/01\\\/Logo_Organisator_Website.png\",\"contentUrl\":\"https:\\\/\\\/www.organisator.ch\\\/wp-content\\\/uploads\\\/2022\\\/01\\\/Logo_Organisator_Website.png\",\"width\":800,\"height\":77,\"caption\":\"Organisator\"},\"image\":{\"@id\":\"https:\\\/\\\/www.organisator.ch\\\/#\\\/schema\\\/logo\\\/image\\\/\"},\"sameAs\":[\"https:\\\/\\\/www.facebook.com\\\/OrganisatorFachmagazin\",\"https:\\\/\\\/www.linkedin.com\\\/showcase\\\/organisator-das-magazin-fr-kmu\",\"https:\\\/\\\/www.xing.com\\\/news\\\/pages\\\/organisator-ch-695\",\"https:\\\/\\\/www.youtube.com\\\/channel\\\/UCGP2Sq0iWaZwT3BdIAQFYpw\"]},{\"@type\":\"Person\",\"@id\":\"https:\\\/\\\/www.organisator.ch\\\/#\\\/schema\\\/person\\\/6f650f90b2842cd4c0cc334b4e36f67e\",\"name\":\"thomas.berner\",\"image\":{\"@type\":\"ImageObject\",\"inLanguage\":\"de\",\"@id\":\"https:\\\/\\\/secure.gravatar.com\\\/avatar\\\/ac5001d2a36cb6c6cd3e50789007ffca834b477b74a2144564522e944eabff61?s=96&d=mm&r=g\",\"url\":\"https:\\\/\\\/secure.gravatar.com\\\/avatar\\\/ac5001d2a36cb6c6cd3e50789007ffca834b477b74a2144564522e944eabff61?s=96&d=mm&r=g\",\"contentUrl\":\"https:\\\/\\\/secure.gravatar.com\\\/avatar\\\/ac5001d2a36cb6c6cd3e50789007ffca834b477b74a2144564522e944eabff61?s=96&d=mm&r=g\",\"caption\":\"thomas.berner\"},\"url\":\"https:\\\/\\\/www.organisator.ch\\\/de\\\/author\\\/thomas-berner\\\/\"}]}<\/script>\n<!-- \/ Yoast SEO plugin. -->","yoast_head_json":{"title":"Florence Schnydrig Moser neue CEO von Swisscard - Organisator","description":"Florence Schnydrig Moser ist zur neuen CEO der Swisscard AECS GmbH ernannt worden. Sie wird ihre Funktion am 1. September 2018 antreten.","robots":{"index":"index","follow":"follow","max-snippet":"max-snippet:-1","max-image-preview":"max-image-preview:large","max-video-preview":"max-video-preview:-1"},"canonical":"https:\/\/www.organisator.ch\/de\/management\/finanzen_recht\/2018-06-28\/florence-schnydrig-moser-neue-ceo-von-swisscard\/","og_locale":"de_DE","og_type":"article","og_title":"Florence Schnydrig Moser neue CEO von Swisscard","og_description":"Florence Schnydrig Moser ist zur neuen CEO der #Swisscard AECS GmbH ernannt worden. Sie wird ihre Funktion am 1. September 2018 antreten.","og_url":"https:\/\/www.organisator.ch\/de\/management\/finanzen_recht\/2018-06-28\/florence-schnydrig-moser-neue-ceo-von-swisscard\/","og_site_name":"Organisator","article_publisher":"https:\/\/www.facebook.com\/OrganisatorFachmagazin","article_published_time":"2018-06-28T05:36:00+00:00","og_image":[{"width":640,"height":392,"url":"https:\/\/www.organisator.ch\/wp-content\/uploads\/2018\/06\/Florence-Schnydrig-Moser-neue-CEO-von-Swisscard_Organisator.jpg","type":"image\/jpeg"}],"author":"thomas.berner","twitter_card":"summary_large_image","twitter_title":"Florence #Schnydrig Moser neue CEO von #Swisscard","twitter_description":"Florence Schnydrig Moser ist zur neuen CEO der #Swisscard AECS GmbH ernannt worden. Sie wird ihre Funktion am 1. September 2018 antreten.","twitter_image":"https:\/\/www.organisator.ch\/wp-content\/uploads\/2018\/06\/Florence-Schnydrig-Moser-neue-CEO-von-Swisscard_Organisator.jpg","schema":{"@context":"https:\/\/schema.org","@graph":[{"@type":"Article","@id":"https:\/\/www.organisator.ch\/management\/finanzen_recht\/2018-06-28\/florence-schnydrig-moser-neue-ceo-von-swisscard\/#article","isPartOf":{"@id":"https:\/\/www.organisator.ch\/management\/finanzen_recht\/2018-06-28\/florence-schnydrig-moser-neue-ceo-von-swisscard\/"},"author":{"name":"thomas.berner","@id":"https:\/\/www.organisator.ch\/#\/schema\/person\/6f650f90b2842cd4c0cc334b4e36f67e"},"headline":"Florence Schnydrig Moser neue CEO von Swisscard","datePublished":"2018-06-28T05:36:00+00:00","mainEntityOfPage":{"@id":"https:\/\/www.organisator.ch\/management\/finanzen_recht\/2018-06-28\/florence-schnydrig-moser-neue-ceo-von-swisscard\/"},"wordCount":316,"commentCount":0,"publisher":{"@id":"https:\/\/www.organisator.ch\/#organization"},"image":{"@id":"https:\/\/www.organisator.ch\/management\/finanzen_recht\/2018-06-28\/florence-schnydrig-moser-neue-ceo-von-swisscard\/#primaryimage"},"thumbnailUrl":"https:\/\/www.organisator.ch\/wp-content\/uploads\/2018\/06\/Florence-Schnydrig-Moser-neue-CEO-von-Swisscard_Organisator.jpg","keywords":["Finanzen\/Recht","Finanzierung","Personalia","Unternehmen"],"articleSection":["FINANZEN\/RECHT"],"inLanguage":"de"},{"@type":"WebPage","@id":"https:\/\/www.organisator.ch\/management\/finanzen_recht\/2018-06-28\/florence-schnydrig-moser-neue-ceo-von-swisscard\/","url":"https:\/\/www.organisator.ch\/management\/finanzen_recht\/2018-06-28\/florence-schnydrig-moser-neue-ceo-von-swisscard\/","name":"Florence Schnydrig Moser neue CEO von Swisscard - Organisator","isPartOf":{"@id":"https:\/\/www.organisator.ch\/#website"},"primaryImageOfPage":{"@id":"https:\/\/www.organisator.ch\/management\/finanzen_recht\/2018-06-28\/florence-schnydrig-moser-neue-ceo-von-swisscard\/#primaryimage"},"image":{"@id":"https:\/\/www.organisator.ch\/management\/finanzen_recht\/2018-06-28\/florence-schnydrig-moser-neue-ceo-von-swisscard\/#primaryimage"},"thumbnailUrl":"https:\/\/www.organisator.ch\/wp-content\/uploads\/2018\/06\/Florence-Schnydrig-Moser-neue-CEO-von-Swisscard_Organisator.jpg","datePublished":"2018-06-28T05:36:00+00:00","description":"Florence Schnydrig Moser ist zur neuen CEO der Swisscard AECS GmbH ernannt worden. Sie wird ihre Funktion am 1. September 2018 antreten.","breadcrumb":{"@id":"https:\/\/www.organisator.ch\/management\/finanzen_recht\/2018-06-28\/florence-schnydrig-moser-neue-ceo-von-swisscard\/#breadcrumb"},"inLanguage":"de","potentialAction":[{"@type":"ReadAction","target":["https:\/\/www.organisator.ch\/management\/finanzen_recht\/2018-06-28\/florence-schnydrig-moser-neue-ceo-von-swisscard\/"]}]},{"@type":"ImageObject","inLanguage":"de","@id":"https:\/\/www.organisator.ch\/management\/finanzen_recht\/2018-06-28\/florence-schnydrig-moser-neue-ceo-von-swisscard\/#primaryimage","url":"https:\/\/www.organisator.ch\/wp-content\/uploads\/2018\/06\/Florence-Schnydrig-Moser-neue-CEO-von-Swisscard_Organisator.jpg","contentUrl":"https:\/\/www.organisator.ch\/wp-content\/uploads\/2018\/06\/Florence-Schnydrig-Moser-neue-CEO-von-Swisscard_Organisator.jpg","width":640,"height":392,"caption":"Florence Schnydrig Moser (Bild: zVg Swisscard)"},{"@type":"BreadcrumbList","@id":"https:\/\/www.organisator.ch\/management\/finanzen_recht\/2018-06-28\/florence-schnydrig-moser-neue-ceo-von-swisscard\/#breadcrumb","itemListElement":[{"@type":"ListItem","position":1,"name":"Home","item":"https:\/\/www.organisator.ch\/"},{"@type":"ListItem","position":2,"name":"Florence Schnydrig Moser neue CEO von Swisscard"}]},{"@type":"WebSite","@id":"https:\/\/www.organisator.ch\/#website","url":"https:\/\/www.organisator.ch\/","name":"Organisator","description":"Kompetent. Praxisnah. Der ORGANISATOR bereitet in 10 Ausgaben pro Jahr die wesentlichen Themen f\u00fcr F\u00fchrungskr\u00e4fte von KMU auf.","publisher":{"@id":"https:\/\/www.organisator.ch\/#organization"},"potentialAction":[{"@type":"SearchAction","target":{"@type":"EntryPoint","urlTemplate":"https:\/\/www.organisator.ch\/?s={search_term_string}"},"query-input":{"@type":"PropertyValueSpecification","valueRequired":true,"valueName":"search_term_string"}}],"inLanguage":"de"},{"@type":"Organization","@id":"https:\/\/www.organisator.ch\/#organization","name":"Organisator","url":"https:\/\/www.organisator.ch\/","logo":{"@type":"ImageObject","inLanguage":"de","@id":"https:\/\/www.organisator.ch\/#\/schema\/logo\/image\/","url":"https:\/\/www.organisator.ch\/wp-content\/uploads\/2022\/01\/Logo_Organisator_Website.png","contentUrl":"https:\/\/www.organisator.ch\/wp-content\/uploads\/2022\/01\/Logo_Organisator_Website.png","width":800,"height":77,"caption":"Organisator"},"image":{"@id":"https:\/\/www.organisator.ch\/#\/schema\/logo\/image\/"},"sameAs":["https:\/\/www.facebook.com\/OrganisatorFachmagazin","https:\/\/www.linkedin.com\/showcase\/organisator-das-magazin-fr-kmu","https:\/\/www.xing.com\/news\/pages\/organisator-ch-695","https:\/\/www.youtube.com\/channel\/UCGP2Sq0iWaZwT3BdIAQFYpw"]},{"@type":"Person","@id":"https:\/\/www.organisator.ch\/#\/schema\/person\/6f650f90b2842cd4c0cc334b4e36f67e","name":"thomas.berner","image":{"@type":"ImageObject","inLanguage":"de","@id":"https:\/\/secure.gravatar.com\/avatar\/ac5001d2a36cb6c6cd3e50789007ffca834b477b74a2144564522e944eabff61?s=96&d=mm&r=g","url":"https:\/\/secure.gravatar.com\/avatar\/ac5001d2a36cb6c6cd3e50789007ffca834b477b74a2144564522e944eabff61?s=96&d=mm&r=g","contentUrl":"https:\/\/secure.gravatar.com\/avatar\/ac5001d2a36cb6c6cd3e50789007ffca834b477b74a2144564522e944eabff61?s=96&d=mm&r=g","caption":"thomas.berner"},"url":"https:\/\/www.organisator.ch\/de\/author\/thomas-berner\/"}]}},"_links":{"self":[{"href":"https:\/\/www.organisator.ch\/de\/wp-json\/wp\/v2\/posts\/3876","targetHints":{"allow":["GET"]}}],"collection":[{"href":"https:\/\/www.organisator.ch\/de\/wp-json\/wp\/v2\/posts"}],"about":[{"href":"https:\/\/www.organisator.ch\/de\/wp-json\/wp\/v2\/types\/post"}],"author":[{"embeddable":true,"href":"https:\/\/www.organisator.ch\/de\/wp-json\/wp\/v2\/users\/4"}],"replies":[{"embeddable":true,"href":"https:\/\/www.organisator.ch\/de\/wp-json\/wp\/v2\/comments?post=3876"}],"version-history":[{"count":0,"href":"https:\/\/www.organisator.ch\/de\/wp-json\/wp\/v2\/posts\/3876\/revisions"}],"wp:featuredmedia":[{"embeddable":true,"href":"https:\/\/www.organisator.ch\/de\/wp-json\/wp\/v2\/media\/3877"}],"wp:attachment":[{"href":"https:\/\/www.organisator.ch\/de\/wp-json\/wp\/v2\/media?parent=3876"}],"wp:term":[{"taxonomy":"category","embeddable":true,"href":"https:\/\/www.organisator.ch\/de\/wp-json\/wp\/v2\/categories?post=3876"},{"taxonomy":"post_tag","embeddable":true,"href":"https:\/\/www.organisator.ch\/de\/wp-json\/wp\/v2\/tags?post=3876"}],"curies":[{"name":"wp","href":"https:\/\/api.w.org\/{rel}","templated":true}]}}