{"id":38780,"date":"2025-06-11T09:47:08","date_gmt":"2025-06-11T07:47:08","guid":{"rendered":"https:\/\/www.m-q.ch\/?p=21581"},"modified":"2025-06-11T09:44:57","modified_gmt":"2025-06-11T07:44:57","slug":"neue-leitung-fuer-den-bereich-certifications-im-swiss-safety-center","status":"publish","type":"post","link":"https:\/\/www.organisator.ch\/de\/operational-excellence\/2025-06-11\/neue-leitung-fuer-den-bereich-certifications-im-swiss-safety-center\/","title":{"rendered":"Neue Leitung f\u00fcr den Bereich Certifications im Swiss Safety Center"},"content":{"rendered":"<figure id=\"attachment_21582\" class=\"wp-caption alignnone\" style=\"width: 680px;\" aria-describedby=\"caption-attachment-21582\"><img class=\"size-full wp-image-21582\" src=\"https:\/\/www.m-q.ch\/wp-content\/uploads\/2025\/06\/Neue-Leitung-fuer-den-Bereich-Certifications-im-Swiss-Safety-Center_MQ.jpg\" sizes=\"(max-width: 680px) 100vw, 680px\" srcset=\"https:\/\/www.m-q.ch\/wp-content\/uploads\/2025\/06\/Neue-Leitung-fuer-den-Bereich-Certifications-im-Swiss-Safety-Center_MQ.jpg 680w, https:\/\/www.m-q.ch\/wp-content\/uploads\/2025\/06\/Neue-Leitung-fuer-den-Bereich-Certifications-im-Swiss-Safety-Center_MQ-15x12.jpg 15w, https:\/\/www.m-q.ch\/wp-content\/uploads\/2025\/06\/Neue-Leitung-fuer-den-Bereich-Certifications-im-Swiss-Safety-Center_MQ-375x295.jpg 375w, https:\/\/www.m-q.ch\/wp-content\/uploads\/2025\/06\/Neue-Leitung-fuer-den-Bereich-Certifications-im-Swiss-Safety-Center_MQ-445x350.jpg 445w\" alt=\"\" width=\"680\" height=\"535\" \/>\r\n<figcaption id=\"caption-attachment-21582\" class=\"wp-caption-text\">Wird neu den Bereich Certifications am Swiss Safety Center leiten: Dr. Michael Gr\u00fcnenfelder. (Bild: zVg \/ Swiss Safety Center)<\/figcaption>\r\n<\/figure>\r\n<p>Im Bereich Certifications im Swiss Safety Center kommt es zur Stab\u00fcbergabe: Heinrich A. Bieler tritt in den Ruhestand. Seinen Aufgabenbereich \u00fcbernimmt Michael Gr\u00fcnenfelder, Dr. oec. HSG. Als erfahrene F\u00fchrungspers\u00f6nlichkeit in der Professional Services Branche leitete Michael Gr\u00fcnenfelder nationale und internationale Abteilungen als Linienmanager und verf\u00fcgt \u00fcber umfangreiche Erfahrung in der Leitung grosser Projekte und Projektteams f\u00fcr Infrastrukturprojekte (thermische Kraftwerke und Erneuerbare Energien). Er verf\u00fcgt ausserdem \u00fcber umfassende Erfahrung in der Zusammenarbeit mit Beh\u00f6rden sowie im Thema Compliance und der Vermeidung von Interessenkonflikten und der Gew\u00e4hrleistung von Unparteilichkeit. Seine praktische Erfahrung im Bereich der Zertifizierung umfasst zahlreiche Anwendungsf\u00e4lle zur Prozessoptimierung und zum Aufbau von Managementsystemen nach verschiedenen Standards.<\/p>\r\n<p>Dr. Elisabetta Carrea, CEO der Swiss Safety Center AG, sieht in der Wahl von Michael Gr\u00fcnenfelder als neuen Leiter der Zertifizierungsstelle die Chance, die Position als renommierter und f\u00fchrender Zertifizierungsanbieter in der Schweiz zu festigen. Gleichzeitig will das Swiss Safety Center damit seinen erfolgreichen Weg f\u00fcr weiteres Wachstum in diesem Bereich fortsetzen. Die Swiss Safety Center AG ist ein Unternehmen der SVTI-Gruppe und damit Teil des Kompetenzzentrums f\u00fcr technische Sicherheit und Risikomanagement. Das Unternehmen bietet L\u00f6sungen f\u00fcr alle Branchen mit spezifischen Dienstleistungen, Produkten und Qualifizierungen im Sicherheits- und Qualit\u00e4tsbereich.\u00a0<\/p>\r\n<p><em>Quelle und weitere Informationen: <a href=\"http:\/\/www.safetycenter.ch\/\">Swiss Safety Center<\/a><\/em><\/p>\n<p class=\"syndicated-attribution\">Dieser Beitrag erschien urspr\u00fcnglich auf m-q.ch - <a href=\"https:\/\/www.m-q.ch\/de\/neue-leitung-fuer-den-bereich-certifications-im-swiss-safety-center\/\" target=\"_blank\">https:\/\/www.m-q.ch\/de\/neue-leitung-fuer-den-bereich-certifications-im-swiss-safety-center\/<\/a><\/p>","protected":false},"excerpt":{"rendered":"<p>Nach \u00fcber 20 Jahren als Leiter Certifications im Swiss Safety Center tritt Heinrich A. Bieler im Juni 2025 in den wohlverdienten Ruhestand. Er \u00fcbergibt sein Lebenswerk, die Zertifizierungsstelle, die er zu einem renommierten Player im Schweizer Zertifizierungsmarkt aufgebaut hat, an seinen Nachfolger.<\/p>\n","protected":false},"author":8,"featured_media":0,"comment_status":"closed","ping_status":"closed","sticky":false,"template":"","format":"standard","meta":{"_acf_changed":false,"_yoast_wpseo_focuskw":"Certifications","_yoast_wpseo_metadesc":"Dr. Michael Gr\u00fcnenfelder wird neuer Leiter Certifications im Swiss Safety Center. Er tritt die Nachfolge von Heinrich A. Bieler an.","articlekey":"","footnotes":""},"categories":[582],"tags":[381,605,418,492,540],"class_list":["post-38780","post","type-post","status-publish","format-standard","hentry","category-operational-excellence","tag-personalia","tag-qualitaetsmanagement","tag-risikomanagement","tag-unternehmen","tag-zertifizierungs-pruefstellen"],"acf":[],"yoast_head":"<!-- This site is optimized with the Yoast SEO plugin v27.5 - https:\/\/yoast.com\/product\/yoast-seo-wordpress\/ -->\n<title>Neue Leitung f\u00fcr den Bereich Certifications im Swiss Safety Center - Organisator<\/title>\n<meta name=\"description\" content=\"Dr. Michael Gr\u00fcnenfelder wird neuer Leiter Certifications im Swiss Safety Center. Er tritt die Nachfolge von Heinrich A. Bieler an.\" \/>\n<meta name=\"robots\" content=\"index, follow, max-snippet:-1, max-image-preview:large, max-video-preview:-1\" \/>\n<link rel=\"canonical\" href=\"https:\/\/www.organisator.ch\/de\/operational-excellence\/2025-06-11\/neue-leitung-fuer-den-bereich-certifications-im-swiss-safety-center\/\" \/>\n<meta property=\"og:locale\" content=\"de_DE\" \/>\n<meta property=\"og:type\" content=\"article\" \/>\n<meta property=\"og:title\" content=\"Neue Leitung f\u00fcr den Bereich Certifications im Swiss Safety Center - Organisator\" \/>\n<meta property=\"og:description\" content=\"Dr. Michael Gr\u00fcnenfelder wird neuer Leiter Certifications im Swiss Safety Center. Er tritt die Nachfolge von Heinrich A. Bieler an.\" \/>\n<meta property=\"og:url\" content=\"https:\/\/www.organisator.ch\/de\/operational-excellence\/2025-06-11\/neue-leitung-fuer-den-bereich-certifications-im-swiss-safety-center\/\" \/>\n<meta property=\"og:site_name\" content=\"Organisator\" \/>\n<meta property=\"article:publisher\" content=\"https:\/\/www.facebook.com\/OrganisatorFachmagazin\" \/>\n<meta property=\"article:published_time\" content=\"2025-06-11T07:47:08+00:00\" \/>\n<meta name=\"author\" content=\"galledia\" \/>\n<meta name=\"twitter:card\" content=\"summary_large_image\" \/>\n<meta name=\"twitter:creator\" content=\"@admin\" \/>\n<script type=\"application\/ld+json\" class=\"yoast-schema-graph\">{\"@context\":\"https:\\\/\\\/schema.org\",\"@graph\":[{\"@type\":\"Article\",\"@id\":\"https:\\\/\\\/www.organisator.ch\\\/operational-excellence\\\/2025-06-11\\\/neue-leitung-fuer-den-bereich-certifications-im-swiss-safety-center\\\/#article\",\"isPartOf\":{\"@id\":\"https:\\\/\\\/www.organisator.ch\\\/operational-excellence\\\/2025-06-11\\\/neue-leitung-fuer-den-bereich-certifications-im-swiss-safety-center\\\/\"},\"author\":{\"name\":\"galledia\",\"@id\":\"https:\\\/\\\/www.organisator.ch\\\/#\\\/schema\\\/person\\\/4e51799071cd2dd1232ac003643ef5f0\"},\"headline\":\"Neue Leitung f\u00fcr den Bereich Certifications im Swiss Safety Center\",\"datePublished\":\"2025-06-11T07:47:08+00:00\",\"mainEntityOfPage\":{\"@id\":\"https:\\\/\\\/www.organisator.ch\\\/operational-excellence\\\/2025-06-11\\\/neue-leitung-fuer-den-bereich-certifications-im-swiss-safety-center\\\/\"},\"wordCount\":251,\"publisher\":{\"@id\":\"https:\\\/\\\/www.organisator.ch\\\/#organization\"},\"image\":{\"@id\":\"https:\\\/\\\/www.organisator.ch\\\/operational-excellence\\\/2025-06-11\\\/neue-leitung-fuer-den-bereich-certifications-im-swiss-safety-center\\\/#primaryimage\"},\"thumbnailUrl\":\"https:\\\/\\\/www.m-q.ch\\\/wp-content\\\/uploads\\\/2025\\\/06\\\/Neue-Leitung-fuer-den-Bereich-Certifications-im-Swiss-Safety-Center_MQ.jpg\",\"keywords\":[\"Personalia\",\"Qualit\u00e4tsmanagement\",\"Risikomanagement\",\"Unternehmen\",\"Zertifizierungs-\\\/Pr\u00fcfstellen\"],\"articleSection\":[\"OPERATIONAL EXCELLENCE\"],\"inLanguage\":\"de\"},{\"@type\":\"WebPage\",\"@id\":\"https:\\\/\\\/www.organisator.ch\\\/operational-excellence\\\/2025-06-11\\\/neue-leitung-fuer-den-bereich-certifications-im-swiss-safety-center\\\/\",\"url\":\"https:\\\/\\\/www.organisator.ch\\\/operational-excellence\\\/2025-06-11\\\/neue-leitung-fuer-den-bereich-certifications-im-swiss-safety-center\\\/\",\"name\":\"Neue Leitung f\u00fcr den Bereich Certifications im Swiss Safety Center - Organisator\",\"isPartOf\":{\"@id\":\"https:\\\/\\\/www.organisator.ch\\\/#website\"},\"primaryImageOfPage\":{\"@id\":\"https:\\\/\\\/www.organisator.ch\\\/operational-excellence\\\/2025-06-11\\\/neue-leitung-fuer-den-bereich-certifications-im-swiss-safety-center\\\/#primaryimage\"},\"image\":{\"@id\":\"https:\\\/\\\/www.organisator.ch\\\/operational-excellence\\\/2025-06-11\\\/neue-leitung-fuer-den-bereich-certifications-im-swiss-safety-center\\\/#primaryimage\"},\"thumbnailUrl\":\"https:\\\/\\\/www.m-q.ch\\\/wp-content\\\/uploads\\\/2025\\\/06\\\/Neue-Leitung-fuer-den-Bereich-Certifications-im-Swiss-Safety-Center_MQ.jpg\",\"datePublished\":\"2025-06-11T07:47:08+00:00\",\"description\":\"Dr. Michael Gr\u00fcnenfelder wird neuer Leiter Certifications im Swiss Safety Center. Er tritt die Nachfolge von Heinrich A. Bieler an.\",\"breadcrumb\":{\"@id\":\"https:\\\/\\\/www.organisator.ch\\\/operational-excellence\\\/2025-06-11\\\/neue-leitung-fuer-den-bereich-certifications-im-swiss-safety-center\\\/#breadcrumb\"},\"inLanguage\":\"de\",\"potentialAction\":[{\"@type\":\"ReadAction\",\"target\":[\"https:\\\/\\\/www.organisator.ch\\\/operational-excellence\\\/2025-06-11\\\/neue-leitung-fuer-den-bereich-certifications-im-swiss-safety-center\\\/\"]}]},{\"@type\":\"ImageObject\",\"inLanguage\":\"de\",\"@id\":\"https:\\\/\\\/www.organisator.ch\\\/operational-excellence\\\/2025-06-11\\\/neue-leitung-fuer-den-bereich-certifications-im-swiss-safety-center\\\/#primaryimage\",\"url\":\"https:\\\/\\\/www.m-q.ch\\\/wp-content\\\/uploads\\\/2025\\\/06\\\/Neue-Leitung-fuer-den-Bereich-Certifications-im-Swiss-Safety-Center_MQ.jpg\",\"contentUrl\":\"https:\\\/\\\/www.m-q.ch\\\/wp-content\\\/uploads\\\/2025\\\/06\\\/Neue-Leitung-fuer-den-Bereich-Certifications-im-Swiss-Safety-Center_MQ.jpg\"},{\"@type\":\"BreadcrumbList\",\"@id\":\"https:\\\/\\\/www.organisator.ch\\\/operational-excellence\\\/2025-06-11\\\/neue-leitung-fuer-den-bereich-certifications-im-swiss-safety-center\\\/#breadcrumb\",\"itemListElement\":[{\"@type\":\"ListItem\",\"position\":1,\"name\":\"Home\",\"item\":\"https:\\\/\\\/www.organisator.ch\\\/\"},{\"@type\":\"ListItem\",\"position\":2,\"name\":\"Neue Leitung f\u00fcr den Bereich Certifications im Swiss Safety Center\"}]},{\"@type\":\"WebSite\",\"@id\":\"https:\\\/\\\/www.organisator.ch\\\/#website\",\"url\":\"https:\\\/\\\/www.organisator.ch\\\/\",\"name\":\"Organisator\",\"description\":\"Kompetent. Praxisnah. Der ORGANISATOR bereitet in 10 Ausgaben pro Jahr die wesentlichen Themen f\u00fcr F\u00fchrungskr\u00e4fte von KMU auf.\",\"publisher\":{\"@id\":\"https:\\\/\\\/www.organisator.ch\\\/#organization\"},\"potentialAction\":[{\"@type\":\"SearchAction\",\"target\":{\"@type\":\"EntryPoint\",\"urlTemplate\":\"https:\\\/\\\/www.organisator.ch\\\/?s={search_term_string}\"},\"query-input\":{\"@type\":\"PropertyValueSpecification\",\"valueRequired\":true,\"valueName\":\"search_term_string\"}}],\"inLanguage\":\"de\"},{\"@type\":\"Organization\",\"@id\":\"https:\\\/\\\/www.organisator.ch\\\/#organization\",\"name\":\"Organisator\",\"url\":\"https:\\\/\\\/www.organisator.ch\\\/\",\"logo\":{\"@type\":\"ImageObject\",\"inLanguage\":\"de\",\"@id\":\"https:\\\/\\\/www.organisator.ch\\\/#\\\/schema\\\/logo\\\/image\\\/\",\"url\":\"https:\\\/\\\/www.organisator.ch\\\/wp-content\\\/uploads\\\/2022\\\/01\\\/Logo_Organisator_Website.png\",\"contentUrl\":\"https:\\\/\\\/www.organisator.ch\\\/wp-content\\\/uploads\\\/2022\\\/01\\\/Logo_Organisator_Website.png\",\"width\":800,\"height\":77,\"caption\":\"Organisator\"},\"image\":{\"@id\":\"https:\\\/\\\/www.organisator.ch\\\/#\\\/schema\\\/logo\\\/image\\\/\"},\"sameAs\":[\"https:\\\/\\\/www.facebook.com\\\/OrganisatorFachmagazin\",\"https:\\\/\\\/www.linkedin.com\\\/showcase\\\/organisator-das-magazin-fr-kmu\",\"https:\\\/\\\/www.xing.com\\\/news\\\/pages\\\/organisator-ch-695\",\"https:\\\/\\\/www.youtube.com\\\/channel\\\/UCGP2Sq0iWaZwT3BdIAQFYpw\"]},{\"@type\":\"Person\",\"@id\":\"https:\\\/\\\/www.organisator.ch\\\/#\\\/schema\\\/person\\\/4e51799071cd2dd1232ac003643ef5f0\",\"name\":\"galledia\",\"image\":{\"@type\":\"ImageObject\",\"inLanguage\":\"de\",\"@id\":\"https:\\\/\\\/secure.gravatar.com\\\/avatar\\\/78a7f90c01fc2bfc875782a0d4922b37cde2cf184ce347b91316d23cd7f69a36?s=96&d=mm&r=g\",\"url\":\"https:\\\/\\\/secure.gravatar.com\\\/avatar\\\/78a7f90c01fc2bfc875782a0d4922b37cde2cf184ce347b91316d23cd7f69a36?s=96&d=mm&r=g\",\"contentUrl\":\"https:\\\/\\\/secure.gravatar.com\\\/avatar\\\/78a7f90c01fc2bfc875782a0d4922b37cde2cf184ce347b91316d23cd7f69a36?s=96&d=mm&r=g\",\"caption\":\"galledia\"},\"sameAs\":[\"https:\\\/\\\/x.com\\\/admin\"],\"url\":\"https:\\\/\\\/www.organisator.ch\\\/de\\\/author\\\/galledia\\\/\"}]}<\/script>\n<!-- \/ Yoast SEO plugin. -->","yoast_head_json":{"title":"Neue Leitung f\u00fcr den Bereich Certifications im Swiss Safety Center - Organisator","description":"Dr. Michael Gr\u00fcnenfelder wird neuer Leiter Certifications im Swiss Safety Center. Er tritt die Nachfolge von Heinrich A. Bieler an.","robots":{"index":"index","follow":"follow","max-snippet":"max-snippet:-1","max-image-preview":"max-image-preview:large","max-video-preview":"max-video-preview:-1"},"canonical":"https:\/\/www.organisator.ch\/de\/operational-excellence\/2025-06-11\/neue-leitung-fuer-den-bereich-certifications-im-swiss-safety-center\/","og_locale":"de_DE","og_type":"article","og_title":"Neue Leitung f\u00fcr den Bereich Certifications im Swiss Safety Center - Organisator","og_description":"Dr. Michael Gr\u00fcnenfelder wird neuer Leiter Certifications im Swiss Safety Center. Er tritt die Nachfolge von Heinrich A. Bieler an.","og_url":"https:\/\/www.organisator.ch\/de\/operational-excellence\/2025-06-11\/neue-leitung-fuer-den-bereich-certifications-im-swiss-safety-center\/","og_site_name":"Organisator","article_publisher":"https:\/\/www.facebook.com\/OrganisatorFachmagazin","article_published_time":"2025-06-11T07:47:08+00:00","author":"galledia","twitter_card":"summary_large_image","twitter_creator":"@admin","schema":{"@context":"https:\/\/schema.org","@graph":[{"@type":"Article","@id":"https:\/\/www.organisator.ch\/operational-excellence\/2025-06-11\/neue-leitung-fuer-den-bereich-certifications-im-swiss-safety-center\/#article","isPartOf":{"@id":"https:\/\/www.organisator.ch\/operational-excellence\/2025-06-11\/neue-leitung-fuer-den-bereich-certifications-im-swiss-safety-center\/"},"author":{"name":"galledia","@id":"https:\/\/www.organisator.ch\/#\/schema\/person\/4e51799071cd2dd1232ac003643ef5f0"},"headline":"Neue Leitung f\u00fcr den Bereich Certifications im Swiss Safety Center","datePublished":"2025-06-11T07:47:08+00:00","mainEntityOfPage":{"@id":"https:\/\/www.organisator.ch\/operational-excellence\/2025-06-11\/neue-leitung-fuer-den-bereich-certifications-im-swiss-safety-center\/"},"wordCount":251,"publisher":{"@id":"https:\/\/www.organisator.ch\/#organization"},"image":{"@id":"https:\/\/www.organisator.ch\/operational-excellence\/2025-06-11\/neue-leitung-fuer-den-bereich-certifications-im-swiss-safety-center\/#primaryimage"},"thumbnailUrl":"https:\/\/www.m-q.ch\/wp-content\/uploads\/2025\/06\/Neue-Leitung-fuer-den-Bereich-Certifications-im-Swiss-Safety-Center_MQ.jpg","keywords":["Personalia","Qualit\u00e4tsmanagement","Risikomanagement","Unternehmen","Zertifizierungs-\/Pr\u00fcfstellen"],"articleSection":["OPERATIONAL EXCELLENCE"],"inLanguage":"de"},{"@type":"WebPage","@id":"https:\/\/www.organisator.ch\/operational-excellence\/2025-06-11\/neue-leitung-fuer-den-bereich-certifications-im-swiss-safety-center\/","url":"https:\/\/www.organisator.ch\/operational-excellence\/2025-06-11\/neue-leitung-fuer-den-bereich-certifications-im-swiss-safety-center\/","name":"Neue Leitung f\u00fcr den Bereich Certifications im Swiss Safety Center - Organisator","isPartOf":{"@id":"https:\/\/www.organisator.ch\/#website"},"primaryImageOfPage":{"@id":"https:\/\/www.organisator.ch\/operational-excellence\/2025-06-11\/neue-leitung-fuer-den-bereich-certifications-im-swiss-safety-center\/#primaryimage"},"image":{"@id":"https:\/\/www.organisator.ch\/operational-excellence\/2025-06-11\/neue-leitung-fuer-den-bereich-certifications-im-swiss-safety-center\/#primaryimage"},"thumbnailUrl":"https:\/\/www.m-q.ch\/wp-content\/uploads\/2025\/06\/Neue-Leitung-fuer-den-Bereich-Certifications-im-Swiss-Safety-Center_MQ.jpg","datePublished":"2025-06-11T07:47:08+00:00","description":"Dr. Michael Gr\u00fcnenfelder wird neuer Leiter Certifications im Swiss Safety Center. Er tritt die Nachfolge von Heinrich A. Bieler an.","breadcrumb":{"@id":"https:\/\/www.organisator.ch\/operational-excellence\/2025-06-11\/neue-leitung-fuer-den-bereich-certifications-im-swiss-safety-center\/#breadcrumb"},"inLanguage":"de","potentialAction":[{"@type":"ReadAction","target":["https:\/\/www.organisator.ch\/operational-excellence\/2025-06-11\/neue-leitung-fuer-den-bereich-certifications-im-swiss-safety-center\/"]}]},{"@type":"ImageObject","inLanguage":"de","@id":"https:\/\/www.organisator.ch\/operational-excellence\/2025-06-11\/neue-leitung-fuer-den-bereich-certifications-im-swiss-safety-center\/#primaryimage","url":"https:\/\/www.m-q.ch\/wp-content\/uploads\/2025\/06\/Neue-Leitung-fuer-den-Bereich-Certifications-im-Swiss-Safety-Center_MQ.jpg","contentUrl":"https:\/\/www.m-q.ch\/wp-content\/uploads\/2025\/06\/Neue-Leitung-fuer-den-Bereich-Certifications-im-Swiss-Safety-Center_MQ.jpg"},{"@type":"BreadcrumbList","@id":"https:\/\/www.organisator.ch\/operational-excellence\/2025-06-11\/neue-leitung-fuer-den-bereich-certifications-im-swiss-safety-center\/#breadcrumb","itemListElement":[{"@type":"ListItem","position":1,"name":"Home","item":"https:\/\/www.organisator.ch\/"},{"@type":"ListItem","position":2,"name":"Neue Leitung f\u00fcr den Bereich Certifications im Swiss Safety Center"}]},{"@type":"WebSite","@id":"https:\/\/www.organisator.ch\/#website","url":"https:\/\/www.organisator.ch\/","name":"Organisator","description":"Kompetent. Praxisnah. Der ORGANISATOR bereitet in 10 Ausgaben pro Jahr die wesentlichen Themen f\u00fcr F\u00fchrungskr\u00e4fte von KMU auf.","publisher":{"@id":"https:\/\/www.organisator.ch\/#organization"},"potentialAction":[{"@type":"SearchAction","target":{"@type":"EntryPoint","urlTemplate":"https:\/\/www.organisator.ch\/?s={search_term_string}"},"query-input":{"@type":"PropertyValueSpecification","valueRequired":true,"valueName":"search_term_string"}}],"inLanguage":"de"},{"@type":"Organization","@id":"https:\/\/www.organisator.ch\/#organization","name":"Organisator","url":"https:\/\/www.organisator.ch\/","logo":{"@type":"ImageObject","inLanguage":"de","@id":"https:\/\/www.organisator.ch\/#\/schema\/logo\/image\/","url":"https:\/\/www.organisator.ch\/wp-content\/uploads\/2022\/01\/Logo_Organisator_Website.png","contentUrl":"https:\/\/www.organisator.ch\/wp-content\/uploads\/2022\/01\/Logo_Organisator_Website.png","width":800,"height":77,"caption":"Organisator"},"image":{"@id":"https:\/\/www.organisator.ch\/#\/schema\/logo\/image\/"},"sameAs":["https:\/\/www.facebook.com\/OrganisatorFachmagazin","https:\/\/www.linkedin.com\/showcase\/organisator-das-magazin-fr-kmu","https:\/\/www.xing.com\/news\/pages\/organisator-ch-695","https:\/\/www.youtube.com\/channel\/UCGP2Sq0iWaZwT3BdIAQFYpw"]},{"@type":"Person","@id":"https:\/\/www.organisator.ch\/#\/schema\/person\/4e51799071cd2dd1232ac003643ef5f0","name":"galledia","image":{"@type":"ImageObject","inLanguage":"de","@id":"https:\/\/secure.gravatar.com\/avatar\/78a7f90c01fc2bfc875782a0d4922b37cde2cf184ce347b91316d23cd7f69a36?s=96&d=mm&r=g","url":"https:\/\/secure.gravatar.com\/avatar\/78a7f90c01fc2bfc875782a0d4922b37cde2cf184ce347b91316d23cd7f69a36?s=96&d=mm&r=g","contentUrl":"https:\/\/secure.gravatar.com\/avatar\/78a7f90c01fc2bfc875782a0d4922b37cde2cf184ce347b91316d23cd7f69a36?s=96&d=mm&r=g","caption":"galledia"},"sameAs":["https:\/\/x.com\/admin"],"url":"https:\/\/www.organisator.ch\/de\/author\/galledia\/"}]}},"_links":{"self":[{"href":"https:\/\/www.organisator.ch\/de\/wp-json\/wp\/v2\/posts\/38780","targetHints":{"allow":["GET"]}}],"collection":[{"href":"https:\/\/www.organisator.ch\/de\/wp-json\/wp\/v2\/posts"}],"about":[{"href":"https:\/\/www.organisator.ch\/de\/wp-json\/wp\/v2\/types\/post"}],"author":[{"embeddable":true,"href":"https:\/\/www.organisator.ch\/de\/wp-json\/wp\/v2\/users\/8"}],"replies":[{"embeddable":true,"href":"https:\/\/www.organisator.ch\/de\/wp-json\/wp\/v2\/comments?post=38780"}],"version-history":[{"count":6,"href":"https:\/\/www.organisator.ch\/de\/wp-json\/wp\/v2\/posts\/38780\/revisions"}],"predecessor-version":[{"id":38825,"href":"https:\/\/www.organisator.ch\/de\/wp-json\/wp\/v2\/posts\/38780\/revisions\/38825"}],"wp:attachment":[{"href":"https:\/\/www.organisator.ch\/de\/wp-json\/wp\/v2\/media?parent=38780"}],"wp:term":[{"taxonomy":"category","embeddable":true,"href":"https:\/\/www.organisator.ch\/de\/wp-json\/wp\/v2\/categories?post=38780"},{"taxonomy":"post_tag","embeddable":true,"href":"https:\/\/www.organisator.ch\/de\/wp-json\/wp\/v2\/tags?post=38780"}],"curies":[{"name":"wp","href":"https:\/\/api.w.org\/{rel}","templated":true}]}}