{"id":3879,"date":"2018-06-28T16:34:34","date_gmt":"2018-06-28T14:34:34","guid":{"rendered":"https:\/\/www.organisator.ch\/?p=3879"},"modified":"2018-06-28T16:34:34","modified_gmt":"2018-06-28T14:34:34","slug":"erfolgs-impuls-vergessen-sie-change-management","status":"publish","type":"post","link":"https:\/\/www.organisator.ch\/de\/management\/2018-06-28\/erfolgs-impuls-vergessen-sie-change-management\/","title":{"rendered":"Erfolgs-Impuls: Vergessen Sie Change Management!"},"content":{"rendered":"<figure id=\"attachment_3881\" aria-describedby=\"caption-attachment-3881\" style=\"width: 640px\" class=\"wp-caption alignnone\"><img loading=\"lazy\" decoding=\"async\" class=\"size-full wp-image-3881\" src=\"https:\/\/www.organisator.ch\/wp-content\/uploads\/2018\/06\/Vergessen-Sie-Change-Management_Organisator.jpg\" alt=\"\" width=\"640\" height=\"433\" srcset=\"https:\/\/www.organisator.ch\/wp-content\/uploads\/2018\/06\/Vergessen-Sie-Change-Management_Organisator.jpg 640w, https:\/\/www.organisator.ch\/wp-content\/uploads\/2018\/06\/Vergessen-Sie-Change-Management_Organisator-16x12.jpg 16w, https:\/\/www.organisator.ch\/wp-content\/uploads\/2018\/06\/Vergessen-Sie-Change-Management_Organisator-259x175.jpg 259w, https:\/\/www.organisator.ch\/wp-content\/uploads\/2018\/06\/Vergessen-Sie-Change-Management_Organisator-517x350.jpg 517w, https:\/\/www.organisator.ch\/wp-content\/uploads\/2018\/06\/Vergessen-Sie-Change-Management_Organisator-300x203.jpg 300w\" sizes=\"auto, (max-width: 640px) 100vw, 640px\" \/><figcaption id=\"caption-attachment-3881\" class=\"wp-caption-text\">Change muss man nicht managen sondern gestalten. (Bild: MH &#8211; Fotolia.com)<\/figcaption><\/figure>\n<p>Oft ist es wichtig, welche Worte Sie Themen geben. Beispiele: Reden Sie im Konjunktiv oder Indikativ? Sagen Sie \u201cwir <em>werden<\/em>\u201d oder \u201cwir <em>wollen<\/em>\u201d? W\u00e4hlen Sie Superlative (z.B: \u201cdie k\u00fcrzeste Lieferzeit\u201d) oder reden Sie unbestimmt (\u201ceine kurze Lieferzeit\u201d)?<\/p>\n<p>Der Punkt ist der, dass sich in der Gesellschaft und im Business bisweilen Begriffe einschleifen, die eine Bedeutung suggerieren, die bei genauerer Betrachtung keinen Sinn macht. \u201cStrategische Planung\u201d geh\u00f6rt f\u00fcr mich in diese Kategorie. Denn entweder man entwickelt eine Strategie, ausgehend von einer starken Vision, oder man plant, ausgehend vom heutigen Zustand. Das Ergebnis der Verwirrung ist in vielen Unternehmen eine schwache Strategie, die nichts anderes ist als die Fortschreibung der Vergangenheit.<\/p>\n<h2>Was &#8222;Change Management&#8220; wirklich heisst&#8230;<\/h2>\n<p>Die Bedeutung der Sprache behandle ich regelm\u00e4ssig als wichtiges Element der F\u00fchrung. Heute geht es mir speziell um den irref\u00fchrenden Begriff \u201cChange Management\u201d. Was ist das Problem damit?<\/p>\n<p>Wenn man Change \u201cmanaged\u201d, heisst das, man ist reaktiv. Management ist nicht gestaltend, sondern steuernd. Man steuert und optimiert das, was ohnehin passiert. Zweifellos ist das eine wichtige Funktion in Unternehmen. Aber eben nicht f\u00fcr Change!<\/p>\n<p>Change muss man initiieren, gestalten und f\u00fchren. Das hat nichts mit Management zu tun, sondern mit Leadership.<\/p>\n<h2>Ver\u00e4nderungen initiieren<\/h2>\n<p>Wenn Sie also tats\u00e4chlich den Change wollen (was bei den meisten Change-Projekten \u00fcbrigens zu bezweifeln ist), dann tun Sie folgendes:<\/p>\n<ol>\n<li><strong>Vision<\/strong>. F\u00fchren Sie den Change anstatt ihn zu \u201cmanagen\u201d. Legen Sie eine mutige Vision fest und gestalten Sie die notwendigen Schritte, um diese zu erreichen. Das ist eben oft genau das Problem: Ich sehe immer wieder \u201cChange Projekte\u201d mit unklarer Vision, d.h. wo will genau sein nach dem \u201cChange\u201d? Was will man erreicht haben? Ohne eine starke Vision f\u00fcr den Change sollten Sie nicht beginnen mit einem Change-Projekt.<\/li>\n<li><strong>Mindset<\/strong>. Arbeiten Sie am Mindset der Leute, die mit Ihnen den Change gestalten sollen. Ungeeignetes Mindset ist aus meiner Sicht der h\u00e4ufigste Grund f\u00fcr erfolglose Change-Programme. Die Leute m\u00fcssen klar benennen k\u00f6nnen, welche emotionalen Gr\u00fcnde es f\u00fcr den Change gibt, und sich dann zu den \u00c4nderungen bekennen. Das ist oft kein leichtes Unterfangen. Vergisst man das aber, bleibt der Change oft stecken, bevor man richtig begonnen hat.<\/li>\n<li><strong>Mut<\/strong>. Gehen Sie Risiken ein. Ja, richtig, wirklichen Change, der etwas bedeutet, werden Sie nie ohne Risiken und R\u00fcckschl\u00e4ge hinbekommen. Dazu braucht es nicht ein &#8222;Risiko-Management\u201d sondern Leadership, das durch R\u00fcckschl\u00e4ge hindurchf\u00fchrt.<\/li>\n<\/ol>\n<p>Denken Sie beim n\u00e4chsten Change daran und <em>gestalten<\/em> Sie den Wandel anstatt ihn zu <em>managen<\/em>. Das ist einer der Unterschiede zwischen herausragenden und mittelm\u00e4ssigen Unternehmen.<\/p>\n<p><em>Zum Autor:<br \/>\n<\/em><em>Volkmar V\u00f6lzke ist Erfolgs-Maximierer. Buchautor. Berater. Coach. Speaker. <a href=\"http:\/\/www.volkmarvoelzke.ch\/\">www.volkmarvoelzke.ch<\/a><\/em><\/p>\n","protected":false},"excerpt":{"rendered":"<p>Oft ist es wichtig, welche Worte Sie Themen geben. Beispiele: Reden Sie im Konjunktiv oder Indikativ? Sagen Sie \u201cwir werden\u201d oder \u201cwir wollen\u201d? W\u00e4hlen Sie Superlative (z.B: \u201cdie k\u00fcrzeste Lieferzeit\u201d) oder reden Sie unbestimmt (\u201ceine kurze Lieferzeit\u201d)? Der Punkt ist der, dass sich in der Gesellschaft und im Business bisweilen Begriffe einschleifen, die eine Bedeutung [&hellip;]<\/p>\n","protected":false},"author":4,"featured_media":3881,"comment_status":"open","ping_status":"open","sticky":false,"template":"","format":"standard","meta":{"_acf_changed":false,"_yoast_wpseo_focuskw":"Change Management","_yoast_wpseo_metadesc":"L\u00e4sst sich Change einfach \"managen\" oder geh\u00f6rt mehr dazu? Lesen Sie einen neuen Erfolgs-Impuls unseres Gast-Kolumnisten Volkmar V\u00f6lzke.","articlekey":"","footnotes":""},"categories":[28],"tags":[112,306,335],"class_list":["post-3879","post","type-post","status-publish","format-standard","has-post-thumbnail","hentry","category-management","tag-change-management","tag-kolumne","tag-management-und-unternehmensfuehrung"],"acf":[],"yoast_head":"<!-- This site is optimized with the Yoast SEO plugin v27.5 - https:\/\/yoast.com\/product\/yoast-seo-wordpress\/ -->\n<title>Erfolgs-Impuls: Vergessen Sie Change Management! - Organisator<\/title>\n<meta name=\"description\" content=\"L\u00e4sst sich Change einfach &quot;managen&quot; oder geh\u00f6rt mehr dazu? Lesen Sie einen neuen Erfolgs-Impuls unseres Gast-Kolumnisten Volkmar V\u00f6lzke.\" \/>\n<meta name=\"robots\" content=\"index, follow, max-snippet:-1, max-image-preview:large, max-video-preview:-1\" \/>\n<link rel=\"canonical\" href=\"https:\/\/www.organisator.ch\/de\/management\/2018-06-28\/erfolgs-impuls-vergessen-sie-change-management\/\" \/>\n<meta property=\"og:locale\" content=\"de_DE\" \/>\n<meta property=\"og:type\" content=\"article\" \/>\n<meta property=\"og:title\" content=\"Vergessen Sie Change Management!\" \/>\n<meta property=\"og:description\" content=\"L\u00e4sst sich Change einfach &quot;managen&quot; oder geh\u00f6rt mehr dazu? Lesen Sie einen neuen Erfolgs-Impuls unseres Gast-Kolumnisten Volkmar V\u00f6lzke.\" \/>\n<meta property=\"og:url\" content=\"https:\/\/www.organisator.ch\/de\/management\/2018-06-28\/erfolgs-impuls-vergessen-sie-change-management\/\" \/>\n<meta property=\"og:site_name\" content=\"Organisator\" \/>\n<meta property=\"article:publisher\" content=\"https:\/\/www.facebook.com\/OrganisatorFachmagazin\" \/>\n<meta property=\"article:published_time\" content=\"2018-06-28T14:34:34+00:00\" \/>\n<meta property=\"og:image\" content=\"https:\/\/www.organisator.ch\/wp-content\/uploads\/2018\/06\/Vergessen-Sie-Change-Management_Organisator.jpg\" \/>\n\t<meta property=\"og:image:width\" content=\"640\" \/>\n\t<meta property=\"og:image:height\" content=\"433\" \/>\n\t<meta property=\"og:image:type\" content=\"image\/jpeg\" \/>\n<meta name=\"author\" content=\"thomas.berner\" \/>\n<meta name=\"twitter:card\" content=\"summary_large_image\" \/>\n<meta name=\"twitter:title\" content=\"Vergessen Sie Change Management! #ChangeManagement\" \/>\n<meta name=\"twitter:description\" content=\"L\u00e4sst sich Change einfach &quot;managen&quot; oder geh\u00f6rt mehr dazu? Lesen Sie einen neuen #Erfolgs-Impuls unseres Gast-Kolumnisten Volkmar V\u00f6lzke.\" \/>\n<meta name=\"twitter:image\" content=\"https:\/\/www.organisator.ch\/wp-content\/uploads\/2018\/06\/Vergessen-Sie-Change-Management_Organisator.jpg\" \/>\n<script type=\"application\/ld+json\" class=\"yoast-schema-graph\">{\"@context\":\"https:\\\/\\\/schema.org\",\"@graph\":[{\"@type\":\"Article\",\"@id\":\"https:\\\/\\\/www.organisator.ch\\\/management\\\/2018-06-28\\\/erfolgs-impuls-vergessen-sie-change-management\\\/#article\",\"isPartOf\":{\"@id\":\"https:\\\/\\\/www.organisator.ch\\\/management\\\/2018-06-28\\\/erfolgs-impuls-vergessen-sie-change-management\\\/\"},\"author\":{\"name\":\"thomas.berner\",\"@id\":\"https:\\\/\\\/www.organisator.ch\\\/#\\\/schema\\\/person\\\/6f650f90b2842cd4c0cc334b4e36f67e\"},\"headline\":\"Erfolgs-Impuls: Vergessen Sie Change Management!\",\"datePublished\":\"2018-06-28T14:34:34+00:00\",\"mainEntityOfPage\":{\"@id\":\"https:\\\/\\\/www.organisator.ch\\\/management\\\/2018-06-28\\\/erfolgs-impuls-vergessen-sie-change-management\\\/\"},\"wordCount\":475,\"commentCount\":0,\"publisher\":{\"@id\":\"https:\\\/\\\/www.organisator.ch\\\/#organization\"},\"image\":{\"@id\":\"https:\\\/\\\/www.organisator.ch\\\/management\\\/2018-06-28\\\/erfolgs-impuls-vergessen-sie-change-management\\\/#primaryimage\"},\"thumbnailUrl\":\"https:\\\/\\\/www.organisator.ch\\\/wp-content\\\/uploads\\\/2018\\\/06\\\/Vergessen-Sie-Change-Management_Organisator.jpg\",\"keywords\":[\"Change Management\",\"Kolumne\",\"Management und Unternehmensf\u00fchrung\"],\"articleSection\":[\"MANAGEMENT\"],\"inLanguage\":\"de\"},{\"@type\":\"WebPage\",\"@id\":\"https:\\\/\\\/www.organisator.ch\\\/management\\\/2018-06-28\\\/erfolgs-impuls-vergessen-sie-change-management\\\/\",\"url\":\"https:\\\/\\\/www.organisator.ch\\\/management\\\/2018-06-28\\\/erfolgs-impuls-vergessen-sie-change-management\\\/\",\"name\":\"Erfolgs-Impuls: Vergessen Sie Change Management! - Organisator\",\"isPartOf\":{\"@id\":\"https:\\\/\\\/www.organisator.ch\\\/#website\"},\"primaryImageOfPage\":{\"@id\":\"https:\\\/\\\/www.organisator.ch\\\/management\\\/2018-06-28\\\/erfolgs-impuls-vergessen-sie-change-management\\\/#primaryimage\"},\"image\":{\"@id\":\"https:\\\/\\\/www.organisator.ch\\\/management\\\/2018-06-28\\\/erfolgs-impuls-vergessen-sie-change-management\\\/#primaryimage\"},\"thumbnailUrl\":\"https:\\\/\\\/www.organisator.ch\\\/wp-content\\\/uploads\\\/2018\\\/06\\\/Vergessen-Sie-Change-Management_Organisator.jpg\",\"datePublished\":\"2018-06-28T14:34:34+00:00\",\"description\":\"L\u00e4sst sich Change einfach \\\"managen\\\" oder geh\u00f6rt mehr dazu? Lesen Sie einen neuen Erfolgs-Impuls unseres Gast-Kolumnisten Volkmar V\u00f6lzke.\",\"breadcrumb\":{\"@id\":\"https:\\\/\\\/www.organisator.ch\\\/management\\\/2018-06-28\\\/erfolgs-impuls-vergessen-sie-change-management\\\/#breadcrumb\"},\"inLanguage\":\"de\",\"potentialAction\":[{\"@type\":\"ReadAction\",\"target\":[\"https:\\\/\\\/www.organisator.ch\\\/management\\\/2018-06-28\\\/erfolgs-impuls-vergessen-sie-change-management\\\/\"]}]},{\"@type\":\"ImageObject\",\"inLanguage\":\"de\",\"@id\":\"https:\\\/\\\/www.organisator.ch\\\/management\\\/2018-06-28\\\/erfolgs-impuls-vergessen-sie-change-management\\\/#primaryimage\",\"url\":\"https:\\\/\\\/www.organisator.ch\\\/wp-content\\\/uploads\\\/2018\\\/06\\\/Vergessen-Sie-Change-Management_Organisator.jpg\",\"contentUrl\":\"https:\\\/\\\/www.organisator.ch\\\/wp-content\\\/uploads\\\/2018\\\/06\\\/Vergessen-Sie-Change-Management_Organisator.jpg\",\"width\":640,\"height\":433,\"caption\":\"Change muss man nicht managen sondern gestalten. (Bild: MH - Fotolia.com)\"},{\"@type\":\"BreadcrumbList\",\"@id\":\"https:\\\/\\\/www.organisator.ch\\\/management\\\/2018-06-28\\\/erfolgs-impuls-vergessen-sie-change-management\\\/#breadcrumb\",\"itemListElement\":[{\"@type\":\"ListItem\",\"position\":1,\"name\":\"Home\",\"item\":\"https:\\\/\\\/www.organisator.ch\\\/\"},{\"@type\":\"ListItem\",\"position\":2,\"name\":\"Erfolgs-Impuls: Vergessen Sie Change Management!\"}]},{\"@type\":\"WebSite\",\"@id\":\"https:\\\/\\\/www.organisator.ch\\\/#website\",\"url\":\"https:\\\/\\\/www.organisator.ch\\\/\",\"name\":\"Organisator\",\"description\":\"Kompetent. Praxisnah. Der ORGANISATOR bereitet in 10 Ausgaben pro Jahr die wesentlichen Themen f\u00fcr F\u00fchrungskr\u00e4fte von KMU auf.\",\"publisher\":{\"@id\":\"https:\\\/\\\/www.organisator.ch\\\/#organization\"},\"potentialAction\":[{\"@type\":\"SearchAction\",\"target\":{\"@type\":\"EntryPoint\",\"urlTemplate\":\"https:\\\/\\\/www.organisator.ch\\\/?s={search_term_string}\"},\"query-input\":{\"@type\":\"PropertyValueSpecification\",\"valueRequired\":true,\"valueName\":\"search_term_string\"}}],\"inLanguage\":\"de\"},{\"@type\":\"Organization\",\"@id\":\"https:\\\/\\\/www.organisator.ch\\\/#organization\",\"name\":\"Organisator\",\"url\":\"https:\\\/\\\/www.organisator.ch\\\/\",\"logo\":{\"@type\":\"ImageObject\",\"inLanguage\":\"de\",\"@id\":\"https:\\\/\\\/www.organisator.ch\\\/#\\\/schema\\\/logo\\\/image\\\/\",\"url\":\"https:\\\/\\\/www.organisator.ch\\\/wp-content\\\/uploads\\\/2022\\\/01\\\/Logo_Organisator_Website.png\",\"contentUrl\":\"https:\\\/\\\/www.organisator.ch\\\/wp-content\\\/uploads\\\/2022\\\/01\\\/Logo_Organisator_Website.png\",\"width\":800,\"height\":77,\"caption\":\"Organisator\"},\"image\":{\"@id\":\"https:\\\/\\\/www.organisator.ch\\\/#\\\/schema\\\/logo\\\/image\\\/\"},\"sameAs\":[\"https:\\\/\\\/www.facebook.com\\\/OrganisatorFachmagazin\",\"https:\\\/\\\/www.linkedin.com\\\/showcase\\\/organisator-das-magazin-fr-kmu\",\"https:\\\/\\\/www.xing.com\\\/news\\\/pages\\\/organisator-ch-695\",\"https:\\\/\\\/www.youtube.com\\\/channel\\\/UCGP2Sq0iWaZwT3BdIAQFYpw\"]},{\"@type\":\"Person\",\"@id\":\"https:\\\/\\\/www.organisator.ch\\\/#\\\/schema\\\/person\\\/6f650f90b2842cd4c0cc334b4e36f67e\",\"name\":\"thomas.berner\",\"image\":{\"@type\":\"ImageObject\",\"inLanguage\":\"de\",\"@id\":\"https:\\\/\\\/secure.gravatar.com\\\/avatar\\\/ac5001d2a36cb6c6cd3e50789007ffca834b477b74a2144564522e944eabff61?s=96&d=mm&r=g\",\"url\":\"https:\\\/\\\/secure.gravatar.com\\\/avatar\\\/ac5001d2a36cb6c6cd3e50789007ffca834b477b74a2144564522e944eabff61?s=96&d=mm&r=g\",\"contentUrl\":\"https:\\\/\\\/secure.gravatar.com\\\/avatar\\\/ac5001d2a36cb6c6cd3e50789007ffca834b477b74a2144564522e944eabff61?s=96&d=mm&r=g\",\"caption\":\"thomas.berner\"},\"url\":\"https:\\\/\\\/www.organisator.ch\\\/de\\\/author\\\/thomas-berner\\\/\"}]}<\/script>\n<!-- \/ Yoast SEO plugin. -->","yoast_head_json":{"title":"Erfolgs-Impuls: Vergessen Sie Change Management! - Organisator","description":"L\u00e4sst sich Change einfach \"managen\" oder geh\u00f6rt mehr dazu? Lesen Sie einen neuen Erfolgs-Impuls unseres Gast-Kolumnisten Volkmar V\u00f6lzke.","robots":{"index":"index","follow":"follow","max-snippet":"max-snippet:-1","max-image-preview":"max-image-preview:large","max-video-preview":"max-video-preview:-1"},"canonical":"https:\/\/www.organisator.ch\/de\/management\/2018-06-28\/erfolgs-impuls-vergessen-sie-change-management\/","og_locale":"de_DE","og_type":"article","og_title":"Vergessen Sie Change Management!","og_description":"L\u00e4sst sich Change einfach \"managen\" oder geh\u00f6rt mehr dazu? Lesen Sie einen neuen Erfolgs-Impuls unseres Gast-Kolumnisten Volkmar V\u00f6lzke.","og_url":"https:\/\/www.organisator.ch\/de\/management\/2018-06-28\/erfolgs-impuls-vergessen-sie-change-management\/","og_site_name":"Organisator","article_publisher":"https:\/\/www.facebook.com\/OrganisatorFachmagazin","article_published_time":"2018-06-28T14:34:34+00:00","og_image":[{"width":640,"height":433,"url":"https:\/\/www.organisator.ch\/wp-content\/uploads\/2018\/06\/Vergessen-Sie-Change-Management_Organisator.jpg","type":"image\/jpeg"}],"author":"thomas.berner","twitter_card":"summary_large_image","twitter_title":"Vergessen Sie Change Management! #ChangeManagement","twitter_description":"L\u00e4sst sich Change einfach \"managen\" oder geh\u00f6rt mehr dazu? Lesen Sie einen neuen #Erfolgs-Impuls unseres Gast-Kolumnisten Volkmar V\u00f6lzke.","twitter_image":"https:\/\/www.organisator.ch\/wp-content\/uploads\/2018\/06\/Vergessen-Sie-Change-Management_Organisator.jpg","schema":{"@context":"https:\/\/schema.org","@graph":[{"@type":"Article","@id":"https:\/\/www.organisator.ch\/management\/2018-06-28\/erfolgs-impuls-vergessen-sie-change-management\/#article","isPartOf":{"@id":"https:\/\/www.organisator.ch\/management\/2018-06-28\/erfolgs-impuls-vergessen-sie-change-management\/"},"author":{"name":"thomas.berner","@id":"https:\/\/www.organisator.ch\/#\/schema\/person\/6f650f90b2842cd4c0cc334b4e36f67e"},"headline":"Erfolgs-Impuls: Vergessen Sie Change Management!","datePublished":"2018-06-28T14:34:34+00:00","mainEntityOfPage":{"@id":"https:\/\/www.organisator.ch\/management\/2018-06-28\/erfolgs-impuls-vergessen-sie-change-management\/"},"wordCount":475,"commentCount":0,"publisher":{"@id":"https:\/\/www.organisator.ch\/#organization"},"image":{"@id":"https:\/\/www.organisator.ch\/management\/2018-06-28\/erfolgs-impuls-vergessen-sie-change-management\/#primaryimage"},"thumbnailUrl":"https:\/\/www.organisator.ch\/wp-content\/uploads\/2018\/06\/Vergessen-Sie-Change-Management_Organisator.jpg","keywords":["Change Management","Kolumne","Management und Unternehmensf\u00fchrung"],"articleSection":["MANAGEMENT"],"inLanguage":"de"},{"@type":"WebPage","@id":"https:\/\/www.organisator.ch\/management\/2018-06-28\/erfolgs-impuls-vergessen-sie-change-management\/","url":"https:\/\/www.organisator.ch\/management\/2018-06-28\/erfolgs-impuls-vergessen-sie-change-management\/","name":"Erfolgs-Impuls: Vergessen Sie Change Management! - Organisator","isPartOf":{"@id":"https:\/\/www.organisator.ch\/#website"},"primaryImageOfPage":{"@id":"https:\/\/www.organisator.ch\/management\/2018-06-28\/erfolgs-impuls-vergessen-sie-change-management\/#primaryimage"},"image":{"@id":"https:\/\/www.organisator.ch\/management\/2018-06-28\/erfolgs-impuls-vergessen-sie-change-management\/#primaryimage"},"thumbnailUrl":"https:\/\/www.organisator.ch\/wp-content\/uploads\/2018\/06\/Vergessen-Sie-Change-Management_Organisator.jpg","datePublished":"2018-06-28T14:34:34+00:00","description":"L\u00e4sst sich Change einfach \"managen\" oder geh\u00f6rt mehr dazu? Lesen Sie einen neuen Erfolgs-Impuls unseres Gast-Kolumnisten Volkmar V\u00f6lzke.","breadcrumb":{"@id":"https:\/\/www.organisator.ch\/management\/2018-06-28\/erfolgs-impuls-vergessen-sie-change-management\/#breadcrumb"},"inLanguage":"de","potentialAction":[{"@type":"ReadAction","target":["https:\/\/www.organisator.ch\/management\/2018-06-28\/erfolgs-impuls-vergessen-sie-change-management\/"]}]},{"@type":"ImageObject","inLanguage":"de","@id":"https:\/\/www.organisator.ch\/management\/2018-06-28\/erfolgs-impuls-vergessen-sie-change-management\/#primaryimage","url":"https:\/\/www.organisator.ch\/wp-content\/uploads\/2018\/06\/Vergessen-Sie-Change-Management_Organisator.jpg","contentUrl":"https:\/\/www.organisator.ch\/wp-content\/uploads\/2018\/06\/Vergessen-Sie-Change-Management_Organisator.jpg","width":640,"height":433,"caption":"Change muss man nicht managen sondern gestalten. (Bild: MH - Fotolia.com)"},{"@type":"BreadcrumbList","@id":"https:\/\/www.organisator.ch\/management\/2018-06-28\/erfolgs-impuls-vergessen-sie-change-management\/#breadcrumb","itemListElement":[{"@type":"ListItem","position":1,"name":"Home","item":"https:\/\/www.organisator.ch\/"},{"@type":"ListItem","position":2,"name":"Erfolgs-Impuls: Vergessen Sie Change Management!"}]},{"@type":"WebSite","@id":"https:\/\/www.organisator.ch\/#website","url":"https:\/\/www.organisator.ch\/","name":"Organisator","description":"Kompetent. Praxisnah. Der ORGANISATOR bereitet in 10 Ausgaben pro Jahr die wesentlichen Themen f\u00fcr F\u00fchrungskr\u00e4fte von KMU auf.","publisher":{"@id":"https:\/\/www.organisator.ch\/#organization"},"potentialAction":[{"@type":"SearchAction","target":{"@type":"EntryPoint","urlTemplate":"https:\/\/www.organisator.ch\/?s={search_term_string}"},"query-input":{"@type":"PropertyValueSpecification","valueRequired":true,"valueName":"search_term_string"}}],"inLanguage":"de"},{"@type":"Organization","@id":"https:\/\/www.organisator.ch\/#organization","name":"Organisator","url":"https:\/\/www.organisator.ch\/","logo":{"@type":"ImageObject","inLanguage":"de","@id":"https:\/\/www.organisator.ch\/#\/schema\/logo\/image\/","url":"https:\/\/www.organisator.ch\/wp-content\/uploads\/2022\/01\/Logo_Organisator_Website.png","contentUrl":"https:\/\/www.organisator.ch\/wp-content\/uploads\/2022\/01\/Logo_Organisator_Website.png","width":800,"height":77,"caption":"Organisator"},"image":{"@id":"https:\/\/www.organisator.ch\/#\/schema\/logo\/image\/"},"sameAs":["https:\/\/www.facebook.com\/OrganisatorFachmagazin","https:\/\/www.linkedin.com\/showcase\/organisator-das-magazin-fr-kmu","https:\/\/www.xing.com\/news\/pages\/organisator-ch-695","https:\/\/www.youtube.com\/channel\/UCGP2Sq0iWaZwT3BdIAQFYpw"]},{"@type":"Person","@id":"https:\/\/www.organisator.ch\/#\/schema\/person\/6f650f90b2842cd4c0cc334b4e36f67e","name":"thomas.berner","image":{"@type":"ImageObject","inLanguage":"de","@id":"https:\/\/secure.gravatar.com\/avatar\/ac5001d2a36cb6c6cd3e50789007ffca834b477b74a2144564522e944eabff61?s=96&d=mm&r=g","url":"https:\/\/secure.gravatar.com\/avatar\/ac5001d2a36cb6c6cd3e50789007ffca834b477b74a2144564522e944eabff61?s=96&d=mm&r=g","contentUrl":"https:\/\/secure.gravatar.com\/avatar\/ac5001d2a36cb6c6cd3e50789007ffca834b477b74a2144564522e944eabff61?s=96&d=mm&r=g","caption":"thomas.berner"},"url":"https:\/\/www.organisator.ch\/de\/author\/thomas-berner\/"}]}},"_links":{"self":[{"href":"https:\/\/www.organisator.ch\/de\/wp-json\/wp\/v2\/posts\/3879","targetHints":{"allow":["GET"]}}],"collection":[{"href":"https:\/\/www.organisator.ch\/de\/wp-json\/wp\/v2\/posts"}],"about":[{"href":"https:\/\/www.organisator.ch\/de\/wp-json\/wp\/v2\/types\/post"}],"author":[{"embeddable":true,"href":"https:\/\/www.organisator.ch\/de\/wp-json\/wp\/v2\/users\/4"}],"replies":[{"embeddable":true,"href":"https:\/\/www.organisator.ch\/de\/wp-json\/wp\/v2\/comments?post=3879"}],"version-history":[{"count":0,"href":"https:\/\/www.organisator.ch\/de\/wp-json\/wp\/v2\/posts\/3879\/revisions"}],"wp:featuredmedia":[{"embeddable":true,"href":"https:\/\/www.organisator.ch\/de\/wp-json\/wp\/v2\/media\/3881"}],"wp:attachment":[{"href":"https:\/\/www.organisator.ch\/de\/wp-json\/wp\/v2\/media?parent=3879"}],"wp:term":[{"taxonomy":"category","embeddable":true,"href":"https:\/\/www.organisator.ch\/de\/wp-json\/wp\/v2\/categories?post=3879"},{"taxonomy":"post_tag","embeddable":true,"href":"https:\/\/www.organisator.ch\/de\/wp-json\/wp\/v2\/tags?post=3879"}],"curies":[{"name":"wp","href":"https:\/\/api.w.org\/{rel}","templated":true}]}}