{"id":38790,"date":"2025-06-10T16:07:52","date_gmt":"2025-06-10T14:07:52","guid":{"rendered":"https:\/\/www.organisator.ch\/?p=38790"},"modified":"2025-06-10T16:07:52","modified_gmt":"2025-06-10T14:07:52","slug":"it-dienstleister-tn-regelt-nachfolge","status":"publish","type":"post","link":"https:\/\/www.organisator.ch\/de\/management\/2025-06-10\/it-dienstleister-tn-regelt-nachfolge\/","title":{"rendered":"IT-Dienstleister T&#038;N regelt Nachfolge"},"content":{"rendered":"<figure id=\"attachment_38791\" aria-describedby=\"caption-attachment-38791\" style=\"width: 680px\" class=\"wp-caption alignnone\"><img loading=\"lazy\" decoding=\"async\" class=\"wp-image-38791 size-full\" src=\"https:\/\/www.organisator.ch\/wp-content\/uploads\/2025\/06\/IT-Dienstleister-TN-regelt-Nachfolge_Organisator.jpg\" alt=\"\" width=\"680\" height=\"453\" srcset=\"https:\/\/www.organisator.ch\/wp-content\/uploads\/2025\/06\/IT-Dienstleister-TN-regelt-Nachfolge_Organisator.jpg 680w, https:\/\/www.organisator.ch\/wp-content\/uploads\/2025\/06\/IT-Dienstleister-TN-regelt-Nachfolge_Organisator-18x12.jpg 18w, https:\/\/www.organisator.ch\/wp-content\/uploads\/2025\/06\/IT-Dienstleister-TN-regelt-Nachfolge_Organisator-375x250.jpg 375w, https:\/\/www.organisator.ch\/wp-content\/uploads\/2025\/06\/IT-Dienstleister-TN-regelt-Nachfolge_Organisator-525x350.jpg 525w\" sizes=\"auto, (max-width: 680px) 100vw, 680px\" \/><figcaption id=\"caption-attachment-38791\" class=\"wp-caption-text\">Dirk Walla, CEO WTG (links), Hermann Graf, CEO T&amp;N (rechts). (Bild: T&amp;N Telekom &amp; Netzwerk GmbH)<\/figcaption><\/figure>\n<p>Seit beinahe 30 Jahren ist die T&amp;N Gruppe eine wichtige Konstante in der ICT-Landschaft in der Schweiz und \u00d6sterreich. Gegr\u00fcndet im Oktober 1996, hat sich aus einer ambitionierten Vision ein Unternehmen mit rund 180 Mitarbeitenden an 12 Standorten entwickelt. Heute ist das Unternehmen ein gesch\u00e4tzter Partner f\u00fcr ICT Services, IT Security, Cloud Computing und viele weitere L\u00f6sungen.<\/p>\n<h3><b>Ein wichtiger Schritt<\/b><\/h3>\n<p>Nach sorgf\u00e4ltiger Vorbereitung haben die Unternehmensgr\u00fcnder Brigitte und Hermann Graf beschlossen, die Nachfolge f\u00fcr die T&amp;N Gruppe zu regeln und damit die langfristige Entwicklung des Unternehmens zu sichern. In diesem Zusammenhang hat zum 27. Mai 2025 die WTG Holding GmbH mit Sitz in Berlin 100 % der Aktien der T&amp;N Holding und damit alle verbundenen Unternehmen in der Schweiz und \u00d6sterreich \u00fcbernommen. WTG ist \u2013 wie T&amp;N \u2013 ein Familienunternehmen mit einer beeindruckenden Geschichte von 112 Jahren und ist mit 12 Standorten in Deutschland, mit einer Softwareentwicklung in Polen und mit einem kleinen Standort in der Schweiz vertreten.<\/p>\n<h3><b>Synergien und neue Perspektiven<\/b><\/h3>\n<p>Die WTG und die T&amp;N Gruppe w\u00fcrden perfekt zusammenpassen, heisst es in einer zu diesem Anlass ver\u00f6ffentlichten Pressemitteilung. &#8222;Wo sich St\u00e4rken \u00fcberschneiden, entstehen kraftvolle Synergien, und in den Bereichen, die bisher nur eines der beiden Unternehmen abgedeckt hat, er\u00f6ffnen sich neue Chancen und Perspektiven&#8220;, teilt T&amp;N mit.<\/p>\n<p>Die Firmengruppe wird innerhalb der WTG Gruppe die L\u00e4nder Schweiz und \u00d6sterreich abdecken und ihre Eigenst\u00e4ndigkeit bewahren. F\u00fcr die Kundinnen und Kunden bedeutet dieser Schritt, dass sie in Zukunft von den neuen Synergien profitieren werden. Das Angebot wird gezielt ausgebaut, auch das vergr\u00f6sserte Netzwerk wird f\u00fcr positive Entwicklungen sorgen. Gleichzeitig d\u00fcrfe man sich auf die gewohnte T&amp;N-Qualit\u00e4t verlassen, verspricht das Unternehmen.<\/p>\n<h3><b>Ver\u00e4nderung und Best\u00e4ndigkeit<\/b><\/h3>\n<p>In die Zukunft geht das Unternehmen nicht nur mit dem gleichen Firmennamen, sondern auch mit einem starken Team, das dahintersteht. Anstellungsvertr\u00e4ge, Aufgaben, Standorte und Verantwortlichkeiten bleiben unver\u00e4ndert bestehen. Auch an der Gesch\u00e4ftsleitung von T&amp;N wird vorderhand festgehalten, was Kontinuit\u00e4t und Verl\u00e4sslichkeit gew\u00e4hrleisten soll. So bleibt Unternehmensgr\u00fcnder Hermann Graf bis zum 31. M\u00e4rz 2026 weiterhin als CEO und Mitglied des Verwaltungsrats t\u00e4tig. Danach wird er weiter im Verwaltungsrat Einsitz haben und den neuen Inhabern beratend zur Seite stehen. F\u00fcr seine Nachfolge als CEO wird eine geeignete Person gesucht.<\/p>\n<h3><b>Gemeinsam wachsen<\/b><\/h3>\n<p>&#8222;F\u00fcr uns war es entscheidend, eine L\u00f6sung zu finden, bei der Synergien und Innovationspotenzial entstehen \u2013 doppelte Energie f\u00fcr eine gute Zukunft&#8220;, erkl\u00e4rt Hermann Graf die Entscheidung. &#8222;Wir bauen auf den Einsatz und die F\u00e4higkeiten unserer Mitarbeitenden, denn jede und jeder Einzelne tr\u00e4gt zum gemeinsamen Erfolg bei.&#8220; Mit dem Entwicklungsschritt kann die T&amp;N Gruppe ihre Position am Markt weiter st\u00e4rken, betont Hermann Graf. &#8222;Mit der WTG haben wir einen Partner gefunden, der unsere Werte teilt und mit dem wir gemeinsam wachsen k\u00f6nnen. Wir freuen uns darauf, zusammen die Erfolgsgeschichte von T&amp;N weiterzuschreiben \u2013 mit neuen Kapiteln und spannenden Perspektiven.&#8220;<\/p>\n<p><em>Quelle und weitere Informationen: <a href=\"http:\/\/www.tn-ict.com\">T&amp;N<\/a><\/em><\/p>\n","protected":false},"excerpt":{"rendered":"<p>Nach 30 Jahren macht die T&#038;N Gruppe einen wichtigen Entwicklungsschritt: Der Schweizer IT-Dienstleister f\u00fcr Informatik und Telekommunikation regelt die Nachfolge der Unternehmensgr\u00fcnder Brigitte und Hermann Graf und geh\u00f6rt neu zur WTG Holding GmbH.<\/p>\n","protected":false},"author":4,"featured_media":38791,"comment_status":"closed","ping_status":"closed","sticky":false,"template":"","format":"standard","meta":{"_acf_changed":false,"_yoast_wpseo_focuskw":"T&N","_yoast_wpseo_metadesc":"Der IT-Dienstleister f\u00fcr Informatik und Telekommunikation T&N regelt die Nachfolge der Unternehmensgr\u00fcnder Brigitte und Hermann Graf.","articlekey":"","footnotes":""},"categories":[28],"tags":[207,286,335,492],"class_list":["post-38790","post","type-post","status-publish","format-standard","has-post-thumbnail","hentry","category-management","tag-firmennachfolge","tag-it","tag-management-und-unternehmensfuehrung","tag-unternehmen"],"acf":[],"yoast_head":"<!-- This site is optimized with the Yoast SEO plugin v27.5 - https:\/\/yoast.com\/product\/yoast-seo-wordpress\/ -->\n<title>IT-Dienstleister T&amp;N regelt Nachfolge - Organisator<\/title>\n<meta name=\"description\" content=\"Der IT-Dienstleister f\u00fcr Informatik und Telekommunikation T&amp;N regelt die Nachfolge der Unternehmensgr\u00fcnder Brigitte und Hermann Graf.\" \/>\n<meta name=\"robots\" content=\"index, follow, max-snippet:-1, max-image-preview:large, max-video-preview:-1\" \/>\n<link rel=\"canonical\" href=\"https:\/\/www.organisator.ch\/de\/management\/2025-06-10\/it-dienstleister-tn-regelt-nachfolge\/\" \/>\n<meta property=\"og:locale\" content=\"de_DE\" \/>\n<meta property=\"og:type\" content=\"article\" \/>\n<meta property=\"og:title\" content=\"IT-Dienstleister T&amp;N regelt Nachfolge\" \/>\n<meta property=\"og:description\" content=\"Der IT-Dienstleister f\u00fcr Informatik und Telekommunikation T&amp;N regelt die Nachfolge der Unternehmensgr\u00fcnder Brigitte und Hermann Graf.\" \/>\n<meta property=\"og:url\" content=\"https:\/\/www.organisator.ch\/de\/management\/2025-06-10\/it-dienstleister-tn-regelt-nachfolge\/\" \/>\n<meta property=\"og:site_name\" content=\"Organisator\" \/>\n<meta property=\"article:publisher\" content=\"https:\/\/www.facebook.com\/OrganisatorFachmagazin\" \/>\n<meta property=\"article:published_time\" content=\"2025-06-10T14:07:52+00:00\" \/>\n<meta property=\"og:image\" content=\"https:\/\/www.organisator.ch\/wp-content\/uploads\/2025\/06\/IT-Dienstleister-TN-regelt-Nachfolge_Organisator.jpg\" \/>\n\t<meta property=\"og:image:width\" content=\"680\" \/>\n\t<meta property=\"og:image:height\" content=\"453\" \/>\n\t<meta property=\"og:image:type\" content=\"image\/jpeg\" \/>\n<meta name=\"author\" content=\"thomas.berner\" \/>\n<meta name=\"twitter:card\" content=\"summary_large_image\" \/>\n<meta name=\"twitter:title\" content=\"#IT-Dienstleister #T&amp;N regelt Nachfolge\" \/>\n<meta name=\"twitter:description\" content=\"Der #IT-Dienstleister f\u00fcr Informatik und Telekommunikation #T&amp;N regelt die Nachfolge der Unternehmensgr\u00fcnder Brigitte und Hermann Graf.\" \/>\n<meta name=\"twitter:image\" content=\"https:\/\/www.organisator.ch\/wp-content\/uploads\/2025\/06\/IT-Dienstleister-TN-regelt-Nachfolge_Organisator.jpg\" \/>\n<script type=\"application\/ld+json\" class=\"yoast-schema-graph\">{\"@context\":\"https:\\\/\\\/schema.org\",\"@graph\":[{\"@type\":\"Article\",\"@id\":\"https:\\\/\\\/www.organisator.ch\\\/management\\\/2025-06-10\\\/it-dienstleister-tn-regelt-nachfolge\\\/#article\",\"isPartOf\":{\"@id\":\"https:\\\/\\\/www.organisator.ch\\\/management\\\/2025-06-10\\\/it-dienstleister-tn-regelt-nachfolge\\\/\"},\"author\":{\"name\":\"thomas.berner\",\"@id\":\"https:\\\/\\\/www.organisator.ch\\\/#\\\/schema\\\/person\\\/6f650f90b2842cd4c0cc334b4e36f67e\"},\"headline\":\"IT-Dienstleister T&#038;N regelt Nachfolge\",\"datePublished\":\"2025-06-10T14:07:52+00:00\",\"mainEntityOfPage\":{\"@id\":\"https:\\\/\\\/www.organisator.ch\\\/management\\\/2025-06-10\\\/it-dienstleister-tn-regelt-nachfolge\\\/\"},\"wordCount\":542,\"publisher\":{\"@id\":\"https:\\\/\\\/www.organisator.ch\\\/#organization\"},\"image\":{\"@id\":\"https:\\\/\\\/www.organisator.ch\\\/management\\\/2025-06-10\\\/it-dienstleister-tn-regelt-nachfolge\\\/#primaryimage\"},\"thumbnailUrl\":\"https:\\\/\\\/www.organisator.ch\\\/wp-content\\\/uploads\\\/2025\\\/06\\\/IT-Dienstleister-TN-regelt-Nachfolge_Organisator.jpg\",\"keywords\":[\"Firmennachfolge\",\"IT\",\"Management und Unternehmensf\u00fchrung\",\"Unternehmen\"],\"articleSection\":[\"MANAGEMENT\"],\"inLanguage\":\"de\"},{\"@type\":\"WebPage\",\"@id\":\"https:\\\/\\\/www.organisator.ch\\\/management\\\/2025-06-10\\\/it-dienstleister-tn-regelt-nachfolge\\\/\",\"url\":\"https:\\\/\\\/www.organisator.ch\\\/management\\\/2025-06-10\\\/it-dienstleister-tn-regelt-nachfolge\\\/\",\"name\":\"IT-Dienstleister T&N regelt Nachfolge - Organisator\",\"isPartOf\":{\"@id\":\"https:\\\/\\\/www.organisator.ch\\\/#website\"},\"primaryImageOfPage\":{\"@id\":\"https:\\\/\\\/www.organisator.ch\\\/management\\\/2025-06-10\\\/it-dienstleister-tn-regelt-nachfolge\\\/#primaryimage\"},\"image\":{\"@id\":\"https:\\\/\\\/www.organisator.ch\\\/management\\\/2025-06-10\\\/it-dienstleister-tn-regelt-nachfolge\\\/#primaryimage\"},\"thumbnailUrl\":\"https:\\\/\\\/www.organisator.ch\\\/wp-content\\\/uploads\\\/2025\\\/06\\\/IT-Dienstleister-TN-regelt-Nachfolge_Organisator.jpg\",\"datePublished\":\"2025-06-10T14:07:52+00:00\",\"description\":\"Der IT-Dienstleister f\u00fcr Informatik und Telekommunikation T&N regelt die Nachfolge der Unternehmensgr\u00fcnder Brigitte und Hermann Graf.\",\"breadcrumb\":{\"@id\":\"https:\\\/\\\/www.organisator.ch\\\/management\\\/2025-06-10\\\/it-dienstleister-tn-regelt-nachfolge\\\/#breadcrumb\"},\"inLanguage\":\"de\",\"potentialAction\":[{\"@type\":\"ReadAction\",\"target\":[\"https:\\\/\\\/www.organisator.ch\\\/management\\\/2025-06-10\\\/it-dienstleister-tn-regelt-nachfolge\\\/\"]}]},{\"@type\":\"ImageObject\",\"inLanguage\":\"de\",\"@id\":\"https:\\\/\\\/www.organisator.ch\\\/management\\\/2025-06-10\\\/it-dienstleister-tn-regelt-nachfolge\\\/#primaryimage\",\"url\":\"https:\\\/\\\/www.organisator.ch\\\/wp-content\\\/uploads\\\/2025\\\/06\\\/IT-Dienstleister-TN-regelt-Nachfolge_Organisator.jpg\",\"contentUrl\":\"https:\\\/\\\/www.organisator.ch\\\/wp-content\\\/uploads\\\/2025\\\/06\\\/IT-Dienstleister-TN-regelt-Nachfolge_Organisator.jpg\",\"width\":680,\"height\":453,\"caption\":\"Dirk Walla, CEO WTG (links), Hermann Graf, CEO T&amp;N (rechts) \\\/ Weiterer Text \u00fcber ots und www.presseportal.ch\\\/de\\\/nr\\\/100061850 \\\/ Die Verwendung dieses Bildes f\u00fcr redaktionelle Zwecke ist unter Beachtung aller mitgeteilten Nutzungsbedingungen zul\u00e4ssig und dann auch honorarfrei. Ver\u00f6ffentlichung ausschlie\u00dflich mit Bildrechte-Hinweis.\"},{\"@type\":\"BreadcrumbList\",\"@id\":\"https:\\\/\\\/www.organisator.ch\\\/management\\\/2025-06-10\\\/it-dienstleister-tn-regelt-nachfolge\\\/#breadcrumb\",\"itemListElement\":[{\"@type\":\"ListItem\",\"position\":1,\"name\":\"Home\",\"item\":\"https:\\\/\\\/www.organisator.ch\\\/\"},{\"@type\":\"ListItem\",\"position\":2,\"name\":\"IT-Dienstleister T&#038;N regelt Nachfolge\"}]},{\"@type\":\"WebSite\",\"@id\":\"https:\\\/\\\/www.organisator.ch\\\/#website\",\"url\":\"https:\\\/\\\/www.organisator.ch\\\/\",\"name\":\"Organisator\",\"description\":\"Kompetent. Praxisnah. Der ORGANISATOR bereitet in 10 Ausgaben pro Jahr die wesentlichen Themen f\u00fcr F\u00fchrungskr\u00e4fte von KMU auf.\",\"publisher\":{\"@id\":\"https:\\\/\\\/www.organisator.ch\\\/#organization\"},\"potentialAction\":[{\"@type\":\"SearchAction\",\"target\":{\"@type\":\"EntryPoint\",\"urlTemplate\":\"https:\\\/\\\/www.organisator.ch\\\/?s={search_term_string}\"},\"query-input\":{\"@type\":\"PropertyValueSpecification\",\"valueRequired\":true,\"valueName\":\"search_term_string\"}}],\"inLanguage\":\"de\"},{\"@type\":\"Organization\",\"@id\":\"https:\\\/\\\/www.organisator.ch\\\/#organization\",\"name\":\"Organisator\",\"url\":\"https:\\\/\\\/www.organisator.ch\\\/\",\"logo\":{\"@type\":\"ImageObject\",\"inLanguage\":\"de\",\"@id\":\"https:\\\/\\\/www.organisator.ch\\\/#\\\/schema\\\/logo\\\/image\\\/\",\"url\":\"https:\\\/\\\/www.organisator.ch\\\/wp-content\\\/uploads\\\/2022\\\/01\\\/Logo_Organisator_Website.png\",\"contentUrl\":\"https:\\\/\\\/www.organisator.ch\\\/wp-content\\\/uploads\\\/2022\\\/01\\\/Logo_Organisator_Website.png\",\"width\":800,\"height\":77,\"caption\":\"Organisator\"},\"image\":{\"@id\":\"https:\\\/\\\/www.organisator.ch\\\/#\\\/schema\\\/logo\\\/image\\\/\"},\"sameAs\":[\"https:\\\/\\\/www.facebook.com\\\/OrganisatorFachmagazin\",\"https:\\\/\\\/www.linkedin.com\\\/showcase\\\/organisator-das-magazin-fr-kmu\",\"https:\\\/\\\/www.xing.com\\\/news\\\/pages\\\/organisator-ch-695\",\"https:\\\/\\\/www.youtube.com\\\/channel\\\/UCGP2Sq0iWaZwT3BdIAQFYpw\"]},{\"@type\":\"Person\",\"@id\":\"https:\\\/\\\/www.organisator.ch\\\/#\\\/schema\\\/person\\\/6f650f90b2842cd4c0cc334b4e36f67e\",\"name\":\"thomas.berner\",\"image\":{\"@type\":\"ImageObject\",\"inLanguage\":\"de\",\"@id\":\"https:\\\/\\\/secure.gravatar.com\\\/avatar\\\/ac5001d2a36cb6c6cd3e50789007ffca834b477b74a2144564522e944eabff61?s=96&d=mm&r=g\",\"url\":\"https:\\\/\\\/secure.gravatar.com\\\/avatar\\\/ac5001d2a36cb6c6cd3e50789007ffca834b477b74a2144564522e944eabff61?s=96&d=mm&r=g\",\"contentUrl\":\"https:\\\/\\\/secure.gravatar.com\\\/avatar\\\/ac5001d2a36cb6c6cd3e50789007ffca834b477b74a2144564522e944eabff61?s=96&d=mm&r=g\",\"caption\":\"thomas.berner\"},\"url\":\"https:\\\/\\\/www.organisator.ch\\\/de\\\/author\\\/thomas-berner\\\/\"}]}<\/script>\n<!-- \/ Yoast SEO plugin. -->","yoast_head_json":{"title":"IT-Dienstleister T&N regelt Nachfolge - Organisator","description":"Der IT-Dienstleister f\u00fcr Informatik und Telekommunikation T&N regelt die Nachfolge der Unternehmensgr\u00fcnder Brigitte und Hermann Graf.","robots":{"index":"index","follow":"follow","max-snippet":"max-snippet:-1","max-image-preview":"max-image-preview:large","max-video-preview":"max-video-preview:-1"},"canonical":"https:\/\/www.organisator.ch\/de\/management\/2025-06-10\/it-dienstleister-tn-regelt-nachfolge\/","og_locale":"de_DE","og_type":"article","og_title":"IT-Dienstleister T&N regelt Nachfolge","og_description":"Der IT-Dienstleister f\u00fcr Informatik und Telekommunikation T&N regelt die Nachfolge der Unternehmensgr\u00fcnder Brigitte und Hermann Graf.","og_url":"https:\/\/www.organisator.ch\/de\/management\/2025-06-10\/it-dienstleister-tn-regelt-nachfolge\/","og_site_name":"Organisator","article_publisher":"https:\/\/www.facebook.com\/OrganisatorFachmagazin","article_published_time":"2025-06-10T14:07:52+00:00","og_image":[{"width":680,"height":453,"url":"https:\/\/www.organisator.ch\/wp-content\/uploads\/2025\/06\/IT-Dienstleister-TN-regelt-Nachfolge_Organisator.jpg","type":"image\/jpeg"}],"author":"thomas.berner","twitter_card":"summary_large_image","twitter_title":"#IT-Dienstleister #T&N regelt Nachfolge","twitter_description":"Der #IT-Dienstleister f\u00fcr Informatik und Telekommunikation #T&N regelt die Nachfolge der Unternehmensgr\u00fcnder Brigitte und Hermann Graf.","twitter_image":"https:\/\/www.organisator.ch\/wp-content\/uploads\/2025\/06\/IT-Dienstleister-TN-regelt-Nachfolge_Organisator.jpg","schema":{"@context":"https:\/\/schema.org","@graph":[{"@type":"Article","@id":"https:\/\/www.organisator.ch\/management\/2025-06-10\/it-dienstleister-tn-regelt-nachfolge\/#article","isPartOf":{"@id":"https:\/\/www.organisator.ch\/management\/2025-06-10\/it-dienstleister-tn-regelt-nachfolge\/"},"author":{"name":"thomas.berner","@id":"https:\/\/www.organisator.ch\/#\/schema\/person\/6f650f90b2842cd4c0cc334b4e36f67e"},"headline":"IT-Dienstleister T&#038;N regelt Nachfolge","datePublished":"2025-06-10T14:07:52+00:00","mainEntityOfPage":{"@id":"https:\/\/www.organisator.ch\/management\/2025-06-10\/it-dienstleister-tn-regelt-nachfolge\/"},"wordCount":542,"publisher":{"@id":"https:\/\/www.organisator.ch\/#organization"},"image":{"@id":"https:\/\/www.organisator.ch\/management\/2025-06-10\/it-dienstleister-tn-regelt-nachfolge\/#primaryimage"},"thumbnailUrl":"https:\/\/www.organisator.ch\/wp-content\/uploads\/2025\/06\/IT-Dienstleister-TN-regelt-Nachfolge_Organisator.jpg","keywords":["Firmennachfolge","IT","Management und Unternehmensf\u00fchrung","Unternehmen"],"articleSection":["MANAGEMENT"],"inLanguage":"de"},{"@type":"WebPage","@id":"https:\/\/www.organisator.ch\/management\/2025-06-10\/it-dienstleister-tn-regelt-nachfolge\/","url":"https:\/\/www.organisator.ch\/management\/2025-06-10\/it-dienstleister-tn-regelt-nachfolge\/","name":"IT-Dienstleister T&N regelt Nachfolge - Organisator","isPartOf":{"@id":"https:\/\/www.organisator.ch\/#website"},"primaryImageOfPage":{"@id":"https:\/\/www.organisator.ch\/management\/2025-06-10\/it-dienstleister-tn-regelt-nachfolge\/#primaryimage"},"image":{"@id":"https:\/\/www.organisator.ch\/management\/2025-06-10\/it-dienstleister-tn-regelt-nachfolge\/#primaryimage"},"thumbnailUrl":"https:\/\/www.organisator.ch\/wp-content\/uploads\/2025\/06\/IT-Dienstleister-TN-regelt-Nachfolge_Organisator.jpg","datePublished":"2025-06-10T14:07:52+00:00","description":"Der IT-Dienstleister f\u00fcr Informatik und Telekommunikation T&N regelt die Nachfolge der Unternehmensgr\u00fcnder Brigitte und Hermann Graf.","breadcrumb":{"@id":"https:\/\/www.organisator.ch\/management\/2025-06-10\/it-dienstleister-tn-regelt-nachfolge\/#breadcrumb"},"inLanguage":"de","potentialAction":[{"@type":"ReadAction","target":["https:\/\/www.organisator.ch\/management\/2025-06-10\/it-dienstleister-tn-regelt-nachfolge\/"]}]},{"@type":"ImageObject","inLanguage":"de","@id":"https:\/\/www.organisator.ch\/management\/2025-06-10\/it-dienstleister-tn-regelt-nachfolge\/#primaryimage","url":"https:\/\/www.organisator.ch\/wp-content\/uploads\/2025\/06\/IT-Dienstleister-TN-regelt-Nachfolge_Organisator.jpg","contentUrl":"https:\/\/www.organisator.ch\/wp-content\/uploads\/2025\/06\/IT-Dienstleister-TN-regelt-Nachfolge_Organisator.jpg","width":680,"height":453,"caption":"Dirk Walla, CEO WTG (links), Hermann Graf, CEO T&amp;N (rechts) \/ Weiterer Text \u00fcber ots und www.presseportal.ch\/de\/nr\/100061850 \/ Die Verwendung dieses Bildes f\u00fcr redaktionelle Zwecke ist unter Beachtung aller mitgeteilten Nutzungsbedingungen zul\u00e4ssig und dann auch honorarfrei. Ver\u00f6ffentlichung ausschlie\u00dflich mit Bildrechte-Hinweis."},{"@type":"BreadcrumbList","@id":"https:\/\/www.organisator.ch\/management\/2025-06-10\/it-dienstleister-tn-regelt-nachfolge\/#breadcrumb","itemListElement":[{"@type":"ListItem","position":1,"name":"Home","item":"https:\/\/www.organisator.ch\/"},{"@type":"ListItem","position":2,"name":"IT-Dienstleister T&#038;N regelt Nachfolge"}]},{"@type":"WebSite","@id":"https:\/\/www.organisator.ch\/#website","url":"https:\/\/www.organisator.ch\/","name":"Organisator","description":"Kompetent. Praxisnah. Der ORGANISATOR bereitet in 10 Ausgaben pro Jahr die wesentlichen Themen f\u00fcr F\u00fchrungskr\u00e4fte von KMU auf.","publisher":{"@id":"https:\/\/www.organisator.ch\/#organization"},"potentialAction":[{"@type":"SearchAction","target":{"@type":"EntryPoint","urlTemplate":"https:\/\/www.organisator.ch\/?s={search_term_string}"},"query-input":{"@type":"PropertyValueSpecification","valueRequired":true,"valueName":"search_term_string"}}],"inLanguage":"de"},{"@type":"Organization","@id":"https:\/\/www.organisator.ch\/#organization","name":"Organisator","url":"https:\/\/www.organisator.ch\/","logo":{"@type":"ImageObject","inLanguage":"de","@id":"https:\/\/www.organisator.ch\/#\/schema\/logo\/image\/","url":"https:\/\/www.organisator.ch\/wp-content\/uploads\/2022\/01\/Logo_Organisator_Website.png","contentUrl":"https:\/\/www.organisator.ch\/wp-content\/uploads\/2022\/01\/Logo_Organisator_Website.png","width":800,"height":77,"caption":"Organisator"},"image":{"@id":"https:\/\/www.organisator.ch\/#\/schema\/logo\/image\/"},"sameAs":["https:\/\/www.facebook.com\/OrganisatorFachmagazin","https:\/\/www.linkedin.com\/showcase\/organisator-das-magazin-fr-kmu","https:\/\/www.xing.com\/news\/pages\/organisator-ch-695","https:\/\/www.youtube.com\/channel\/UCGP2Sq0iWaZwT3BdIAQFYpw"]},{"@type":"Person","@id":"https:\/\/www.organisator.ch\/#\/schema\/person\/6f650f90b2842cd4c0cc334b4e36f67e","name":"thomas.berner","image":{"@type":"ImageObject","inLanguage":"de","@id":"https:\/\/secure.gravatar.com\/avatar\/ac5001d2a36cb6c6cd3e50789007ffca834b477b74a2144564522e944eabff61?s=96&d=mm&r=g","url":"https:\/\/secure.gravatar.com\/avatar\/ac5001d2a36cb6c6cd3e50789007ffca834b477b74a2144564522e944eabff61?s=96&d=mm&r=g","contentUrl":"https:\/\/secure.gravatar.com\/avatar\/ac5001d2a36cb6c6cd3e50789007ffca834b477b74a2144564522e944eabff61?s=96&d=mm&r=g","caption":"thomas.berner"},"url":"https:\/\/www.organisator.ch\/de\/author\/thomas-berner\/"}]}},"_links":{"self":[{"href":"https:\/\/www.organisator.ch\/de\/wp-json\/wp\/v2\/posts\/38790","targetHints":{"allow":["GET"]}}],"collection":[{"href":"https:\/\/www.organisator.ch\/de\/wp-json\/wp\/v2\/posts"}],"about":[{"href":"https:\/\/www.organisator.ch\/de\/wp-json\/wp\/v2\/types\/post"}],"author":[{"embeddable":true,"href":"https:\/\/www.organisator.ch\/de\/wp-json\/wp\/v2\/users\/4"}],"replies":[{"embeddable":true,"href":"https:\/\/www.organisator.ch\/de\/wp-json\/wp\/v2\/comments?post=38790"}],"version-history":[{"count":4,"href":"https:\/\/www.organisator.ch\/de\/wp-json\/wp\/v2\/posts\/38790\/revisions"}],"predecessor-version":[{"id":38829,"href":"https:\/\/www.organisator.ch\/de\/wp-json\/wp\/v2\/posts\/38790\/revisions\/38829"}],"wp:featuredmedia":[{"embeddable":true,"href":"https:\/\/www.organisator.ch\/de\/wp-json\/wp\/v2\/media\/38791"}],"wp:attachment":[{"href":"https:\/\/www.organisator.ch\/de\/wp-json\/wp\/v2\/media?parent=38790"}],"wp:term":[{"taxonomy":"category","embeddable":true,"href":"https:\/\/www.organisator.ch\/de\/wp-json\/wp\/v2\/categories?post=38790"},{"taxonomy":"post_tag","embeddable":true,"href":"https:\/\/www.organisator.ch\/de\/wp-json\/wp\/v2\/tags?post=38790"}],"curies":[{"name":"wp","href":"https:\/\/api.w.org\/{rel}","templated":true}]}}