{"id":38793,"date":"2025-06-10T16:49:19","date_gmt":"2025-06-10T14:49:19","guid":{"rendered":"https:\/\/www.markt-kom.com\/?p=235843"},"modified":"2025-06-11T09:55:31","modified_gmt":"2025-06-11T07:55:31","slug":"neue-unternehmensstrategie-zense-begleitet-helsana","status":"publish","type":"post","link":"https:\/\/www.organisator.ch\/de\/marketing\/2025-06-10\/neue-unternehmensstrategie-zense-begleitet-helsana\/","title":{"rendered":"Neue Unternehmensstrategie: Zense begleitet Helsana"},"content":{"rendered":"<figure id=\"attachment_235844\" class=\"wp-caption alignnone\" style=\"width: 1280px;\" aria-describedby=\"caption-attachment-235844\"><img class=\"wp-image-235844 size-full\" src=\"https:\/\/www.markt-kom.com\/wp-content\/uploads\/2025\/06\/Zense_Bild.jpg\" sizes=\"(max-width: 1280px) 100vw, 1280px\" srcset=\"https:\/\/www.markt-kom.com\/wp-content\/uploads\/2025\/06\/Zense_Bild.jpg 1280w, https:\/\/www.markt-kom.com\/wp-content\/uploads\/2025\/06\/Zense_Bild-600x400.jpg 600w, https:\/\/www.markt-kom.com\/wp-content\/uploads\/2025\/06\/Zense_Bild-1024x682.jpg 1024w, https:\/\/www.markt-kom.com\/wp-content\/uploads\/2025\/06\/Zense_Bild-768x512.jpg 768w, https:\/\/www.markt-kom.com\/wp-content\/uploads\/2025\/06\/Zense_Bild-18x12.jpg 18w, https:\/\/www.markt-kom.com\/wp-content\/uploads\/2025\/06\/Zense_Bild-263x175.jpg 263w, https:\/\/www.markt-kom.com\/wp-content\/uploads\/2025\/06\/Zense_Bild-525x350.jpg 525w, https:\/\/www.markt-kom.com\/wp-content\/uploads\/2025\/06\/Zense_Bild-1000x666.jpg 1000w\" alt=\"\" width=\"1280\" height=\"853\" \/>\r\n<figcaption id=\"caption-attachment-235844\" class=\"wp-caption-text\">Helsana-CEO Roman Sonderegger beim Strategie-Launch . (Quelle: Helsana, LinkedIn)<\/figcaption>\r\n<\/figure>\r\n<p>In enger Zusammenarbeit mit Helsana strukturiert die Z\u00fcrcher Beratungs- und Kreativagentur Zense die komplexen Strategie-Inhalte, visualisiert sie und macht sie durch Storytelling greifbar. Das Ziel: Die Inhalte einfach auf den Punkt zu bringen und die rund 3400 Mitarbeitenden auch emotional auf die anstehende Strategiereise mitzunehmen.<\/p>\r\n<p>Ergebnis der Zusammenarbeit ist in einem ersten Schritt eine Strategiepr\u00e4sentation, ein pr\u00e4gnantes Key Visual, eine interaktive Intranetseite sowie begleitende<br \/>\r\nKommunikationsmittel wie Poster oder Screensaver. Der Strategie-Launch mit der Gesch\u00e4ftsleitungspr\u00e4sentation fand im Januar an einem grossen Mitarbeitenden-Anlass statt.<\/p>\r\n<p>Auch wenn die Strategie-Kommunikation andauert, l\u00e4sst sich bereits eine erste positive Zwischenbilanz ziehen: Die zentralen Botschaften sind angekommen und die Helsana- Mitarbeiten setzen das von Zense entwickelte Keyvisual selbst\u00e4ndig und gerne ein \u2013 in Pr\u00e4sentationen, Visualisierungen oder als Deko im B\u00fcro, so Marisa De Faveri Schweizer, Projektleiterin f\u00fcr das Strategieprojekt seitens der Helsana-Unternehmenskommunikation.<\/p>","protected":false},"excerpt":{"rendered":"<p>Die komplexen Inhalte der neuen Helsana-Strategie hat Zense in eine greifbare, emotionale Story \u00fcbersetzt und in einem zentralen Key Visual aufbereitet.<\/p>\n","protected":false},"author":8,"featured_media":0,"comment_status":"closed","ping_status":"closed","sticky":false,"template":"","format":"standard","meta":{"_acf_changed":false,"_yoast_wpseo_focuskw":"Zense","_yoast_wpseo_metadesc":"Die komplexen Inhalte der neuen Helsana-Strategie hat Zense in eine greifbare, emotionale Story \u00fcbersetzt und bildlich aufbereitet.","articlekey":"","footnotes":""},"categories":[29],"tags":[5256,4343,5378],"class_list":["post-38793","post","type-post","status-publish","format-standard","hentry","category-marketing","tag-helsana","tag-markom","tag-zense"],"acf":[],"yoast_head":"<!-- This site is optimized with the Yoast SEO plugin v27.5 - https:\/\/yoast.com\/product\/yoast-seo-wordpress\/ -->\n<title>Neue Unternehmensstrategie: Zense begleitet Helsana - Organisator<\/title>\n<meta name=\"description\" content=\"Die komplexen Inhalte der neuen Helsana-Strategie hat Zense in eine greifbare, emotionale Story \u00fcbersetzt und bildlich aufbereitet.\" \/>\n<meta name=\"robots\" content=\"index, follow, max-snippet:-1, max-image-preview:large, max-video-preview:-1\" \/>\n<link rel=\"canonical\" href=\"https:\/\/www.organisator.ch\/de\/marketing\/2025-06-10\/neue-unternehmensstrategie-zense-begleitet-helsana\/\" \/>\n<meta property=\"og:locale\" content=\"de_DE\" \/>\n<meta property=\"og:type\" content=\"article\" \/>\n<meta property=\"og:title\" content=\"Neue Unternehmensstrategie: Zense begleitet Helsana - Organisator\" \/>\n<meta property=\"og:description\" content=\"Die komplexen Inhalte der neuen Helsana-Strategie hat Zense in eine greifbare, emotionale Story \u00fcbersetzt und bildlich aufbereitet.\" \/>\n<meta property=\"og:url\" content=\"https:\/\/www.organisator.ch\/de\/marketing\/2025-06-10\/neue-unternehmensstrategie-zense-begleitet-helsana\/\" \/>\n<meta property=\"og:site_name\" content=\"Organisator\" \/>\n<meta property=\"article:publisher\" content=\"https:\/\/www.facebook.com\/OrganisatorFachmagazin\" \/>\n<meta property=\"article:published_time\" content=\"2025-06-10T14:49:19+00:00\" \/>\n<meta property=\"article:modified_time\" content=\"2025-06-11T07:55:31+00:00\" \/>\n<meta name=\"author\" content=\"galledia\" \/>\n<meta name=\"twitter:card\" content=\"summary_large_image\" \/>\n<meta name=\"twitter:creator\" content=\"@admin\" \/>\n<script type=\"application\/ld+json\" class=\"yoast-schema-graph\">{\"@context\":\"https:\\\/\\\/schema.org\",\"@graph\":[{\"@type\":\"Article\",\"@id\":\"https:\\\/\\\/www.organisator.ch\\\/marketing\\\/2025-06-10\\\/neue-unternehmensstrategie-zense-begleitet-helsana\\\/#article\",\"isPartOf\":{\"@id\":\"https:\\\/\\\/www.organisator.ch\\\/marketing\\\/2025-06-10\\\/neue-unternehmensstrategie-zense-begleitet-helsana\\\/\"},\"author\":{\"name\":\"galledia\",\"@id\":\"https:\\\/\\\/www.organisator.ch\\\/#\\\/schema\\\/person\\\/4e51799071cd2dd1232ac003643ef5f0\"},\"headline\":\"Neue Unternehmensstrategie: Zense begleitet Helsana\",\"datePublished\":\"2025-06-10T14:49:19+00:00\",\"dateModified\":\"2025-06-11T07:55:31+00:00\",\"mainEntityOfPage\":{\"@id\":\"https:\\\/\\\/www.organisator.ch\\\/marketing\\\/2025-06-10\\\/neue-unternehmensstrategie-zense-begleitet-helsana\\\/\"},\"wordCount\":156,\"publisher\":{\"@id\":\"https:\\\/\\\/www.organisator.ch\\\/#organization\"},\"image\":{\"@id\":\"https:\\\/\\\/www.organisator.ch\\\/marketing\\\/2025-06-10\\\/neue-unternehmensstrategie-zense-begleitet-helsana\\\/#primaryimage\"},\"thumbnailUrl\":\"https:\\\/\\\/www.markt-kom.com\\\/wp-content\\\/uploads\\\/2025\\\/06\\\/Zense_Bild.jpg\",\"keywords\":[\"Helsana\",\"MarKom\",\"Zense\"],\"articleSection\":[\"MARKETING\"],\"inLanguage\":\"de\"},{\"@type\":\"WebPage\",\"@id\":\"https:\\\/\\\/www.organisator.ch\\\/marketing\\\/2025-06-10\\\/neue-unternehmensstrategie-zense-begleitet-helsana\\\/\",\"url\":\"https:\\\/\\\/www.organisator.ch\\\/marketing\\\/2025-06-10\\\/neue-unternehmensstrategie-zense-begleitet-helsana\\\/\",\"name\":\"Neue Unternehmensstrategie: Zense begleitet Helsana - Organisator\",\"isPartOf\":{\"@id\":\"https:\\\/\\\/www.organisator.ch\\\/#website\"},\"primaryImageOfPage\":{\"@id\":\"https:\\\/\\\/www.organisator.ch\\\/marketing\\\/2025-06-10\\\/neue-unternehmensstrategie-zense-begleitet-helsana\\\/#primaryimage\"},\"image\":{\"@id\":\"https:\\\/\\\/www.organisator.ch\\\/marketing\\\/2025-06-10\\\/neue-unternehmensstrategie-zense-begleitet-helsana\\\/#primaryimage\"},\"thumbnailUrl\":\"https:\\\/\\\/www.markt-kom.com\\\/wp-content\\\/uploads\\\/2025\\\/06\\\/Zense_Bild.jpg\",\"datePublished\":\"2025-06-10T14:49:19+00:00\",\"dateModified\":\"2025-06-11T07:55:31+00:00\",\"description\":\"Die komplexen Inhalte der neuen Helsana-Strategie hat Zense in eine greifbare, emotionale Story \u00fcbersetzt und bildlich aufbereitet.\",\"breadcrumb\":{\"@id\":\"https:\\\/\\\/www.organisator.ch\\\/marketing\\\/2025-06-10\\\/neue-unternehmensstrategie-zense-begleitet-helsana\\\/#breadcrumb\"},\"inLanguage\":\"de\",\"potentialAction\":[{\"@type\":\"ReadAction\",\"target\":[\"https:\\\/\\\/www.organisator.ch\\\/marketing\\\/2025-06-10\\\/neue-unternehmensstrategie-zense-begleitet-helsana\\\/\"]}]},{\"@type\":\"ImageObject\",\"inLanguage\":\"de\",\"@id\":\"https:\\\/\\\/www.organisator.ch\\\/marketing\\\/2025-06-10\\\/neue-unternehmensstrategie-zense-begleitet-helsana\\\/#primaryimage\",\"url\":\"https:\\\/\\\/www.markt-kom.com\\\/wp-content\\\/uploads\\\/2025\\\/06\\\/Zense_Bild.jpg\",\"contentUrl\":\"https:\\\/\\\/www.markt-kom.com\\\/wp-content\\\/uploads\\\/2025\\\/06\\\/Zense_Bild.jpg\"},{\"@type\":\"BreadcrumbList\",\"@id\":\"https:\\\/\\\/www.organisator.ch\\\/marketing\\\/2025-06-10\\\/neue-unternehmensstrategie-zense-begleitet-helsana\\\/#breadcrumb\",\"itemListElement\":[{\"@type\":\"ListItem\",\"position\":1,\"name\":\"Home\",\"item\":\"https:\\\/\\\/www.organisator.ch\\\/\"},{\"@type\":\"ListItem\",\"position\":2,\"name\":\"Neue Unternehmensstrategie: Zense begleitet Helsana\"}]},{\"@type\":\"WebSite\",\"@id\":\"https:\\\/\\\/www.organisator.ch\\\/#website\",\"url\":\"https:\\\/\\\/www.organisator.ch\\\/\",\"name\":\"Organisator\",\"description\":\"Kompetent. Praxisnah. Der ORGANISATOR bereitet in 10 Ausgaben pro Jahr die wesentlichen Themen f\u00fcr F\u00fchrungskr\u00e4fte von KMU auf.\",\"publisher\":{\"@id\":\"https:\\\/\\\/www.organisator.ch\\\/#organization\"},\"potentialAction\":[{\"@type\":\"SearchAction\",\"target\":{\"@type\":\"EntryPoint\",\"urlTemplate\":\"https:\\\/\\\/www.organisator.ch\\\/?s={search_term_string}\"},\"query-input\":{\"@type\":\"PropertyValueSpecification\",\"valueRequired\":true,\"valueName\":\"search_term_string\"}}],\"inLanguage\":\"de\"},{\"@type\":\"Organization\",\"@id\":\"https:\\\/\\\/www.organisator.ch\\\/#organization\",\"name\":\"Organisator\",\"url\":\"https:\\\/\\\/www.organisator.ch\\\/\",\"logo\":{\"@type\":\"ImageObject\",\"inLanguage\":\"de\",\"@id\":\"https:\\\/\\\/www.organisator.ch\\\/#\\\/schema\\\/logo\\\/image\\\/\",\"url\":\"https:\\\/\\\/www.organisator.ch\\\/wp-content\\\/uploads\\\/2022\\\/01\\\/Logo_Organisator_Website.png\",\"contentUrl\":\"https:\\\/\\\/www.organisator.ch\\\/wp-content\\\/uploads\\\/2022\\\/01\\\/Logo_Organisator_Website.png\",\"width\":800,\"height\":77,\"caption\":\"Organisator\"},\"image\":{\"@id\":\"https:\\\/\\\/www.organisator.ch\\\/#\\\/schema\\\/logo\\\/image\\\/\"},\"sameAs\":[\"https:\\\/\\\/www.facebook.com\\\/OrganisatorFachmagazin\",\"https:\\\/\\\/www.linkedin.com\\\/showcase\\\/organisator-das-magazin-fr-kmu\",\"https:\\\/\\\/www.xing.com\\\/news\\\/pages\\\/organisator-ch-695\",\"https:\\\/\\\/www.youtube.com\\\/channel\\\/UCGP2Sq0iWaZwT3BdIAQFYpw\"]},{\"@type\":\"Person\",\"@id\":\"https:\\\/\\\/www.organisator.ch\\\/#\\\/schema\\\/person\\\/4e51799071cd2dd1232ac003643ef5f0\",\"name\":\"galledia\",\"image\":{\"@type\":\"ImageObject\",\"inLanguage\":\"de\",\"@id\":\"https:\\\/\\\/secure.gravatar.com\\\/avatar\\\/78a7f90c01fc2bfc875782a0d4922b37cde2cf184ce347b91316d23cd7f69a36?s=96&d=mm&r=g\",\"url\":\"https:\\\/\\\/secure.gravatar.com\\\/avatar\\\/78a7f90c01fc2bfc875782a0d4922b37cde2cf184ce347b91316d23cd7f69a36?s=96&d=mm&r=g\",\"contentUrl\":\"https:\\\/\\\/secure.gravatar.com\\\/avatar\\\/78a7f90c01fc2bfc875782a0d4922b37cde2cf184ce347b91316d23cd7f69a36?s=96&d=mm&r=g\",\"caption\":\"galledia\"},\"sameAs\":[\"https:\\\/\\\/x.com\\\/admin\"],\"url\":\"https:\\\/\\\/www.organisator.ch\\\/de\\\/author\\\/galledia\\\/\"}]}<\/script>\n<!-- \/ Yoast SEO plugin. -->","yoast_head_json":{"title":"Neue Unternehmensstrategie: Zense begleitet Helsana - Organisator","description":"Die komplexen Inhalte der neuen Helsana-Strategie hat Zense in eine greifbare, emotionale Story \u00fcbersetzt und bildlich aufbereitet.","robots":{"index":"index","follow":"follow","max-snippet":"max-snippet:-1","max-image-preview":"max-image-preview:large","max-video-preview":"max-video-preview:-1"},"canonical":"https:\/\/www.organisator.ch\/de\/marketing\/2025-06-10\/neue-unternehmensstrategie-zense-begleitet-helsana\/","og_locale":"de_DE","og_type":"article","og_title":"Neue Unternehmensstrategie: Zense begleitet Helsana - Organisator","og_description":"Die komplexen Inhalte der neuen Helsana-Strategie hat Zense in eine greifbare, emotionale Story \u00fcbersetzt und bildlich aufbereitet.","og_url":"https:\/\/www.organisator.ch\/de\/marketing\/2025-06-10\/neue-unternehmensstrategie-zense-begleitet-helsana\/","og_site_name":"Organisator","article_publisher":"https:\/\/www.facebook.com\/OrganisatorFachmagazin","article_published_time":"2025-06-10T14:49:19+00:00","article_modified_time":"2025-06-11T07:55:31+00:00","author":"galledia","twitter_card":"summary_large_image","twitter_creator":"@admin","schema":{"@context":"https:\/\/schema.org","@graph":[{"@type":"Article","@id":"https:\/\/www.organisator.ch\/marketing\/2025-06-10\/neue-unternehmensstrategie-zense-begleitet-helsana\/#article","isPartOf":{"@id":"https:\/\/www.organisator.ch\/marketing\/2025-06-10\/neue-unternehmensstrategie-zense-begleitet-helsana\/"},"author":{"name":"galledia","@id":"https:\/\/www.organisator.ch\/#\/schema\/person\/4e51799071cd2dd1232ac003643ef5f0"},"headline":"Neue Unternehmensstrategie: Zense begleitet Helsana","datePublished":"2025-06-10T14:49:19+00:00","dateModified":"2025-06-11T07:55:31+00:00","mainEntityOfPage":{"@id":"https:\/\/www.organisator.ch\/marketing\/2025-06-10\/neue-unternehmensstrategie-zense-begleitet-helsana\/"},"wordCount":156,"publisher":{"@id":"https:\/\/www.organisator.ch\/#organization"},"image":{"@id":"https:\/\/www.organisator.ch\/marketing\/2025-06-10\/neue-unternehmensstrategie-zense-begleitet-helsana\/#primaryimage"},"thumbnailUrl":"https:\/\/www.markt-kom.com\/wp-content\/uploads\/2025\/06\/Zense_Bild.jpg","keywords":["Helsana","MarKom","Zense"],"articleSection":["MARKETING"],"inLanguage":"de"},{"@type":"WebPage","@id":"https:\/\/www.organisator.ch\/marketing\/2025-06-10\/neue-unternehmensstrategie-zense-begleitet-helsana\/","url":"https:\/\/www.organisator.ch\/marketing\/2025-06-10\/neue-unternehmensstrategie-zense-begleitet-helsana\/","name":"Neue Unternehmensstrategie: Zense begleitet Helsana - Organisator","isPartOf":{"@id":"https:\/\/www.organisator.ch\/#website"},"primaryImageOfPage":{"@id":"https:\/\/www.organisator.ch\/marketing\/2025-06-10\/neue-unternehmensstrategie-zense-begleitet-helsana\/#primaryimage"},"image":{"@id":"https:\/\/www.organisator.ch\/marketing\/2025-06-10\/neue-unternehmensstrategie-zense-begleitet-helsana\/#primaryimage"},"thumbnailUrl":"https:\/\/www.markt-kom.com\/wp-content\/uploads\/2025\/06\/Zense_Bild.jpg","datePublished":"2025-06-10T14:49:19+00:00","dateModified":"2025-06-11T07:55:31+00:00","description":"Die komplexen Inhalte der neuen Helsana-Strategie hat Zense in eine greifbare, emotionale Story \u00fcbersetzt und bildlich aufbereitet.","breadcrumb":{"@id":"https:\/\/www.organisator.ch\/marketing\/2025-06-10\/neue-unternehmensstrategie-zense-begleitet-helsana\/#breadcrumb"},"inLanguage":"de","potentialAction":[{"@type":"ReadAction","target":["https:\/\/www.organisator.ch\/marketing\/2025-06-10\/neue-unternehmensstrategie-zense-begleitet-helsana\/"]}]},{"@type":"ImageObject","inLanguage":"de","@id":"https:\/\/www.organisator.ch\/marketing\/2025-06-10\/neue-unternehmensstrategie-zense-begleitet-helsana\/#primaryimage","url":"https:\/\/www.markt-kom.com\/wp-content\/uploads\/2025\/06\/Zense_Bild.jpg","contentUrl":"https:\/\/www.markt-kom.com\/wp-content\/uploads\/2025\/06\/Zense_Bild.jpg"},{"@type":"BreadcrumbList","@id":"https:\/\/www.organisator.ch\/marketing\/2025-06-10\/neue-unternehmensstrategie-zense-begleitet-helsana\/#breadcrumb","itemListElement":[{"@type":"ListItem","position":1,"name":"Home","item":"https:\/\/www.organisator.ch\/"},{"@type":"ListItem","position":2,"name":"Neue Unternehmensstrategie: Zense begleitet Helsana"}]},{"@type":"WebSite","@id":"https:\/\/www.organisator.ch\/#website","url":"https:\/\/www.organisator.ch\/","name":"Organisator","description":"Kompetent. Praxisnah. Der ORGANISATOR bereitet in 10 Ausgaben pro Jahr die wesentlichen Themen f\u00fcr F\u00fchrungskr\u00e4fte von KMU auf.","publisher":{"@id":"https:\/\/www.organisator.ch\/#organization"},"potentialAction":[{"@type":"SearchAction","target":{"@type":"EntryPoint","urlTemplate":"https:\/\/www.organisator.ch\/?s={search_term_string}"},"query-input":{"@type":"PropertyValueSpecification","valueRequired":true,"valueName":"search_term_string"}}],"inLanguage":"de"},{"@type":"Organization","@id":"https:\/\/www.organisator.ch\/#organization","name":"Organisator","url":"https:\/\/www.organisator.ch\/","logo":{"@type":"ImageObject","inLanguage":"de","@id":"https:\/\/www.organisator.ch\/#\/schema\/logo\/image\/","url":"https:\/\/www.organisator.ch\/wp-content\/uploads\/2022\/01\/Logo_Organisator_Website.png","contentUrl":"https:\/\/www.organisator.ch\/wp-content\/uploads\/2022\/01\/Logo_Organisator_Website.png","width":800,"height":77,"caption":"Organisator"},"image":{"@id":"https:\/\/www.organisator.ch\/#\/schema\/logo\/image\/"},"sameAs":["https:\/\/www.facebook.com\/OrganisatorFachmagazin","https:\/\/www.linkedin.com\/showcase\/organisator-das-magazin-fr-kmu","https:\/\/www.xing.com\/news\/pages\/organisator-ch-695","https:\/\/www.youtube.com\/channel\/UCGP2Sq0iWaZwT3BdIAQFYpw"]},{"@type":"Person","@id":"https:\/\/www.organisator.ch\/#\/schema\/person\/4e51799071cd2dd1232ac003643ef5f0","name":"galledia","image":{"@type":"ImageObject","inLanguage":"de","@id":"https:\/\/secure.gravatar.com\/avatar\/78a7f90c01fc2bfc875782a0d4922b37cde2cf184ce347b91316d23cd7f69a36?s=96&d=mm&r=g","url":"https:\/\/secure.gravatar.com\/avatar\/78a7f90c01fc2bfc875782a0d4922b37cde2cf184ce347b91316d23cd7f69a36?s=96&d=mm&r=g","contentUrl":"https:\/\/secure.gravatar.com\/avatar\/78a7f90c01fc2bfc875782a0d4922b37cde2cf184ce347b91316d23cd7f69a36?s=96&d=mm&r=g","caption":"galledia"},"sameAs":["https:\/\/x.com\/admin"],"url":"https:\/\/www.organisator.ch\/de\/author\/galledia\/"}]}},"_links":{"self":[{"href":"https:\/\/www.organisator.ch\/de\/wp-json\/wp\/v2\/posts\/38793","targetHints":{"allow":["GET"]}}],"collection":[{"href":"https:\/\/www.organisator.ch\/de\/wp-json\/wp\/v2\/posts"}],"about":[{"href":"https:\/\/www.organisator.ch\/de\/wp-json\/wp\/v2\/types\/post"}],"author":[{"embeddable":true,"href":"https:\/\/www.organisator.ch\/de\/wp-json\/wp\/v2\/users\/8"}],"replies":[{"embeddable":true,"href":"https:\/\/www.organisator.ch\/de\/wp-json\/wp\/v2\/comments?post=38793"}],"version-history":[{"count":4,"href":"https:\/\/www.organisator.ch\/de\/wp-json\/wp\/v2\/posts\/38793\/revisions"}],"predecessor-version":[{"id":38811,"href":"https:\/\/www.organisator.ch\/de\/wp-json\/wp\/v2\/posts\/38793\/revisions\/38811"}],"wp:attachment":[{"href":"https:\/\/www.organisator.ch\/de\/wp-json\/wp\/v2\/media?parent=38793"}],"wp:term":[{"taxonomy":"category","embeddable":true,"href":"https:\/\/www.organisator.ch\/de\/wp-json\/wp\/v2\/categories?post=38793"},{"taxonomy":"post_tag","embeddable":true,"href":"https:\/\/www.organisator.ch\/de\/wp-json\/wp\/v2\/tags?post=38793"}],"curies":[{"name":"wp","href":"https:\/\/api.w.org\/{rel}","templated":true}]}}